{"id":24261,"date":"2024-10-23T19:40:30","date_gmt":"2024-10-23T22:40:30","guid":{"rendered":"https:\/\/apuntesdesanluis.com\/?p=24261"},"modified":"2024-10-23T19:57:01","modified_gmt":"2024-10-23T22:57:01","slug":"joven-ocasiono-disturbios-en-la-maternidad-provincial-y-lo-tranquilizaron-en-la-comisaria","status":"publish","type":"post","link":"https:\/\/apuntesdesanluis.com\/index.php\/2024\/10\/23\/joven-ocasiono-disturbios-en-la-maternidad-provincial-y-lo-tranquilizaron-en-la-comisaria\/","title":{"rendered":"JOVEN OCASION\u00d3 DISTURBIOS EN LA MATERNIDAD PROVINCIAL Y LO TRANQUILIZARON EN LA COMISAR\u00cdA"},"content":{"rendered":"<h3>Este martes por la noche, efectivos de la secci\u00f3n m\u00f3vil del Comando Radioel\u00e9ctrico demoraron a un joven de 20 a\u00f1os de edad, tras un procedimiento realizado en la ciudad de San Luis.<\/h3>\n<h3>Los polic\u00edas recibieron una alerta desde el Centro de Atenci\u00f3n de Emergencias 911 debido a un disturbio en la Maternidad Provincial \u201cDra. Teresita Baigorria\u201d.<\/h3>\n<h3>Al llegar al lugar, los uniformados se entrevistaron con la efectivo que se encontraba a cargo de la guardia policial de la Maternidad, quien les coment\u00f3 que un sujeto se hab\u00eda hecho presente y tras una discusi\u00f3n con su pareja se alter\u00f3 y comenz\u00f3 a agredir verbalmente a personal m\u00e9dico y de enfermer\u00eda de la Maternidad.<\/h3>\n<p><img fetchpriority=\"high\" decoding=\"async\" class=\"wp-image-24263 aligncenter\" src=\"https:\/\/apuntesdesanluis.com\/wp-content\/uploads\/2024\/10\/Imagen-de-WhatsApp-2024-10-23-a-las-17.46.00_15b3011c-224x300.jpg\" alt=\"\" width=\"562\" height=\"753\" srcset=\"https:\/\/apuntesdesanluis.com\/wp-content\/uploads\/2024\/10\/Imagen-de-WhatsApp-2024-10-23-a-las-17.46.00_15b3011c-224x300.jpg 224w, https:\/\/apuntesdesanluis.com\/wp-content\/uploads\/2024\/10\/Imagen-de-WhatsApp-2024-10-23-a-las-17.46.00_15b3011c.jpg 576w\" sizes=\"(max-width: 562px) 100vw, 562px\" \/><\/p>\n<h3>Personal policial intent\u00f3 calmar la situaci\u00f3n, pero el sujeto no accedi\u00f3 al di\u00e1logo y continu\u00f3 insultando al personal del lugar.<\/h3>\n<h3>Por tal motivo, el joven fue demorado y trasladado a la Comisar\u00eda Seccional 7\u00b0.<\/h3>\n<p>&nbsp;<\/p>\n<p>&nbsp;<\/p>\n<p>&nbsp;<\/p>\n","protected":false},"excerpt":{"rendered":"<p>Este martes por la noche, efectivos de la secci\u00f3n m\u00f3vil del Comando Radioel\u00e9ctrico demoraron a&#8230;<\/p>\n","protected":false},"author":1,"featured_media":24262,"comment_status":"closed","ping_status":"closed","sticky":false,"template":"","format":"standard","meta":{"footnotes":""},"categories":[6],"tags":[],"class_list":["post-24261","post","type-post","status-publish","format-standard","has-post-thumbnail","hentry","category-ciudad-provincia"],"yoast_head":"<!-- This site is optimized with the Yoast SEO plugin v26.1.1 - https:\/\/yoast.com\/wordpress\/plugins\/seo\/ -->\n<title>JOVEN OCASION\u00d3 DISTURBIOS EN LA MATERNIDAD PROVINCIAL Y LO TRANQUILIZARON EN LA COMISAR\u00cdA - Apuntes de San Luis<\/title>\n<meta name=\"robots\" content=\"index, follow, max-snippet:-1, max-image-preview:large, max-video-preview:-1\" \/>\n<link rel=\"canonical\" href=\"https:\/\/apuntesdesanluis.com\/index.php\/2024\/10\/23\/joven-ocasiono-disturbios-en-la-maternidad-provincial-y-lo-tranquilizaron-en-la-comisaria\/\" \/>\n<meta property=\"og:locale\" content=\"es_ES\" \/>\n<meta property=\"og:type\" content=\"article\" \/>\n<meta property=\"og:title\" content=\"JOVEN OCASION\u00d3 DISTURBIOS EN LA MATERNIDAD PROVINCIAL Y LO TRANQUILIZARON EN LA COMISAR\u00cdA - Apuntes de San Luis\" \/>\n<meta property=\"og:description\" content=\"Este martes por la noche, efectivos de la secci\u00f3n m\u00f3vil del Comando Radioel\u00e9ctrico demoraron a...\" \/>\n<meta property=\"og:url\" content=\"https:\/\/apuntesdesanluis.com\/index.php\/2024\/10\/23\/joven-ocasiono-disturbios-en-la-maternidad-provincial-y-lo-tranquilizaron-en-la-comisaria\/\" \/>\n<meta property=\"og:site_name\" content=\"Apuntes de San Luis\" \/>\n<meta property=\"article:published_time\" content=\"2024-10-23T22:40:30+00:00\" \/>\n<meta property=\"article:modified_time\" content=\"2024-10-23T22:57:01+00:00\" \/>\n<meta property=\"og:image\" content=\"https:\/\/apuntesdesanluis.com\/wp-content\/uploads\/2024\/10\/MATERNIDAD-PROVINCIAL-TERESITA-BAIGORRIA.png\" \/>\n\t<meta property=\"og:image:width\" content=\"530\" \/>\n\t<meta property=\"og:image:height\" content=\"289\" \/>\n\t<meta property=\"og:image:type\" content=\"image\/png\" \/>\n<meta name=\"author\" content=\"apuntesdesanluis.com\" \/>\n<meta name=\"twitter:card\" content=\"summary_large_image\" \/>\n<meta name=\"twitter:label1\" content=\"Escrito por\" \/>\n\t<meta name=\"twitter:data1\" content=\"apuntesdesanluis.com\" \/>\n\t<meta name=\"twitter:label2\" content=\"Tiempo de lectura\" \/>\n\t<meta name=\"twitter:data2\" content=\"2 minutos\" \/>\n<script type=\"application\/ld+json\" class=\"yoast-schema-graph\">{\"@context\":\"https:\/\/schema.org\",\"@graph\":[{\"@type\":\"Article\",\"@id\":\"https:\/\/apuntesdesanluis.com\/index.php\/2024\/10\/23\/joven-ocasiono-disturbios-en-la-maternidad-provincial-y-lo-tranquilizaron-en-la-comisaria\/#article\",\"isPartOf\":{\"@id\":\"https:\/\/apuntesdesanluis.com\/index.php\/2024\/10\/23\/joven-ocasiono-disturbios-en-la-maternidad-provincial-y-lo-tranquilizaron-en-la-comisaria\/\"},\"author\":{\"name\":\"apuntesdesanluis.com\",\"@id\":\"https:\/\/apuntesdesanluis.com\/#\/schema\/person\/b55151d52296fcce64d1a72538a70b90\"},\"headline\":\"JOVEN OCASION\u00d3 DISTURBIOS EN LA MATERNIDAD PROVINCIAL Y LO TRANQUILIZARON EN LA COMISAR\u00cdA\",\"datePublished\":\"2024-10-23T22:40:30+00:00\",\"dateModified\":\"2024-10-23T22:57:01+00:00\",\"mainEntityOfPage\":{\"@id\":\"https:\/\/apuntesdesanluis.com\/index.php\/2024\/10\/23\/joven-ocasiono-disturbios-en-la-maternidad-provincial-y-lo-tranquilizaron-en-la-comisaria\/\"},\"wordCount\":173,\"publisher\":{\"@id\":\"https:\/\/apuntesdesanluis.com\/#\/schema\/person\/b55151d52296fcce64d1a72538a70b90\"},\"image\":{\"@id\":\"https:\/\/apuntesdesanluis.com\/index.php\/2024\/10\/23\/joven-ocasiono-disturbios-en-la-maternidad-provincial-y-lo-tranquilizaron-en-la-comisaria\/#primaryimage\"},\"thumbnailUrl\":\"https:\/\/apuntesdesanluis.com\/wp-content\/uploads\/2024\/10\/MATERNIDAD-PROVINCIAL-TERESITA-BAIGORRIA.png\",\"articleSection\":[\"Ciudad\/Provincia\"],\"inLanguage\":\"es-AR\"},{\"@type\":\"WebPage\",\"@id\":\"https:\/\/apuntesdesanluis.com\/index.php\/2024\/10\/23\/joven-ocasiono-disturbios-en-la-maternidad-provincial-y-lo-tranquilizaron-en-la-comisaria\/\",\"url\":\"https:\/\/apuntesdesanluis.com\/index.php\/2024\/10\/23\/joven-ocasiono-disturbios-en-la-maternidad-provincial-y-lo-tranquilizaron-en-la-comisaria\/\",\"name\":\"JOVEN OCASION\u00d3 DISTURBIOS EN LA MATERNIDAD PROVINCIAL Y LO TRANQUILIZARON EN LA COMISAR\u00cdA - Apuntes de San Luis\",\"isPartOf\":{\"@id\":\"https:\/\/apuntesdesanluis.com\/#website\"},\"primaryImageOfPage\":{\"@id\":\"https:\/\/apuntesdesanluis.com\/index.php\/2024\/10\/23\/joven-ocasiono-disturbios-en-la-maternidad-provincial-y-lo-tranquilizaron-en-la-comisaria\/#primaryimage\"},\"image\":{\"@id\":\"https:\/\/apuntesdesanluis.com\/index.php\/2024\/10\/23\/joven-ocasiono-disturbios-en-la-maternidad-provincial-y-lo-tranquilizaron-en-la-comisaria\/#primaryimage\"},\"thumbnailUrl\":\"https:\/\/apuntesdesanluis.com\/wp-content\/uploads\/2024\/10\/MATERNIDAD-PROVINCIAL-TERESITA-BAIGORRIA.png\",\"datePublished\":\"2024-10-23T22:40:30+00:00\",\"dateModified\":\"2024-10-23T22:57:01+00:00\",\"breadcrumb\":{\"@id\":\"https:\/\/apuntesdesanluis.com\/index.php\/2024\/10\/23\/joven-ocasiono-disturbios-en-la-maternidad-provincial-y-lo-tranquilizaron-en-la-comisaria\/#breadcrumb\"},\"inLanguage\":\"es-AR\",\"potentialAction\":[{\"@type\":\"ReadAction\",\"target\":[\"https:\/\/apuntesdesanluis.com\/index.php\/2024\/10\/23\/joven-ocasiono-disturbios-en-la-maternidad-provincial-y-lo-tranquilizaron-en-la-comisaria\/\"]}]},{\"@type\":\"ImageObject\",\"inLanguage\":\"es-AR\",\"@id\":\"https:\/\/apuntesdesanluis.com\/index.php\/2024\/10\/23\/joven-ocasiono-disturbios-en-la-maternidad-provincial-y-lo-tranquilizaron-en-la-comisaria\/#primaryimage\",\"url\":\"https:\/\/apuntesdesanluis.com\/wp-content\/uploads\/2024\/10\/MATERNIDAD-PROVINCIAL-TERESITA-BAIGORRIA.png\",\"contentUrl\":\"https:\/\/apuntesdesanluis.com\/wp-content\/uploads\/2024\/10\/MATERNIDAD-PROVINCIAL-TERESITA-BAIGORRIA.png\",\"width\":530,\"height\":289},{\"@type\":\"BreadcrumbList\",\"@id\":\"https:\/\/apuntesdesanluis.com\/index.php\/2024\/10\/23\/joven-ocasiono-disturbios-en-la-maternidad-provincial-y-lo-tranquilizaron-en-la-comisaria\/#breadcrumb\",\"itemListElement\":[{\"@type\":\"ListItem\",\"position\":1,\"name\":\"Inicio\",\"item\":\"https:\/\/apuntesdesanluis.com\/\"},{\"@type\":\"ListItem\",\"position\":2,\"name\":\"JOVEN OCASION\u00d3 DISTURBIOS EN LA MATERNIDAD PROVINCIAL Y LO TRANQUILIZARON EN LA COMISAR\u00cdA\"}]},{\"@type\":\"WebSite\",\"@id\":\"https:\/\/apuntesdesanluis.com\/#website\",\"url\":\"https:\/\/apuntesdesanluis.com\/\",\"name\":\"Apuntes de San Luis\",\"description\":\"\",\"publisher\":{\"@id\":\"https:\/\/apuntesdesanluis.com\/#\/schema\/person\/b55151d52296fcce64d1a72538a70b90\"},\"potentialAction\":[{\"@type\":\"SearchAction\",\"target\":{\"@type\":\"EntryPoint\",\"urlTemplate\":\"https:\/\/apuntesdesanluis.com\/?s={search_term_string}\"},\"query-input\":{\"@type\":\"PropertyValueSpecification\",\"valueRequired\":true,\"valueName\":\"search_term_string\"}}],\"inLanguage\":\"es-AR\"},{\"@type\":[\"Person\",\"Organization\"],\"@id\":\"https:\/\/apuntesdesanluis.com\/#\/schema\/person\/b55151d52296fcce64d1a72538a70b90\",\"name\":\"apuntesdesanluis.com\",\"image\":{\"@type\":\"ImageObject\",\"inLanguage\":\"es-AR\",\"@id\":\"https:\/\/apuntesdesanluis.com\/#\/schema\/person\/image\/\",\"url\":\"https:\/\/apuntesdesanluis.com\/wp-content\/uploads\/2023\/07\/cropped-apuntesdesanluis.png\",\"contentUrl\":\"https:\/\/apuntesdesanluis.com\/wp-content\/uploads\/2023\/07\/cropped-apuntesdesanluis.png\",\"width\":450,\"height\":112,\"caption\":\"apuntesdesanluis.com\"},\"logo\":{\"@id\":\"https:\/\/apuntesdesanluis.com\/#\/schema\/person\/image\/\"},\"sameAs\":[\"https:\/\/apuntesdesanluis.com\"],\"url\":\"https:\/\/apuntesdesanluis.com\/index.php\/author\/apuntesdesanluis-com\/\"}]}<\/script>\n<!-- \/ Yoast SEO plugin. -->","yoast_head_json":{"title":"JOVEN OCASION\u00d3 DISTURBIOS EN LA MATERNIDAD PROVINCIAL Y LO TRANQUILIZARON EN LA COMISAR\u00cdA - Apuntes de San Luis","robots":{"index":"index","follow":"follow","max-snippet":"max-snippet:-1","max-image-preview":"max-image-preview:large","max-video-preview":"max-video-preview:-1"},"canonical":"https:\/\/apuntesdesanluis.com\/index.php\/2024\/10\/23\/joven-ocasiono-disturbios-en-la-maternidad-provincial-y-lo-tranquilizaron-en-la-comisaria\/","og_locale":"es_ES","og_type":"article","og_title":"JOVEN OCASION\u00d3 DISTURBIOS EN LA MATERNIDAD PROVINCIAL Y LO TRANQUILIZARON EN LA COMISAR\u00cdA - Apuntes de San Luis","og_description":"Este martes por la noche, efectivos de la secci\u00f3n m\u00f3vil del Comando Radioel\u00e9ctrico demoraron a...","og_url":"https:\/\/apuntesdesanluis.com\/index.php\/2024\/10\/23\/joven-ocasiono-disturbios-en-la-maternidad-provincial-y-lo-tranquilizaron-en-la-comisaria\/","og_site_name":"Apuntes de San Luis","article_published_time":"2024-10-23T22:40:30+00:00","article_modified_time":"2024-10-23T22:57:01+00:00","og_image":[{"width":530,"height":289,"url":"https:\/\/apuntesdesanluis.com\/wp-content\/uploads\/2024\/10\/MATERNIDAD-PROVINCIAL-TERESITA-BAIGORRIA.png","type":"image\/png"}],"author":"apuntesdesanluis.com","twitter_card":"summary_large_image","twitter_misc":{"Escrito por":"apuntesdesanluis.com","Tiempo de lectura":"2 minutos"},"schema":{"@context":"https:\/\/schema.org","@graph":[{"@type":"Article","@id":"https:\/\/apuntesdesanluis.com\/index.php\/2024\/10\/23\/joven-ocasiono-disturbios-en-la-maternidad-provincial-y-lo-tranquilizaron-en-la-comisaria\/#article","isPartOf":{"@id":"https:\/\/apuntesdesanluis.com\/index.php\/2024\/10\/23\/joven-ocasiono-disturbios-en-la-maternidad-provincial-y-lo-tranquilizaron-en-la-comisaria\/"},"author":{"name":"apuntesdesanluis.com","@id":"https:\/\/apuntesdesanluis.com\/#\/schema\/person\/b55151d52296fcce64d1a72538a70b90"},"headline":"JOVEN OCASION\u00d3 DISTURBIOS EN LA MATERNIDAD PROVINCIAL Y LO TRANQUILIZARON EN LA COMISAR\u00cdA","datePublished":"2024-10-23T22:40:30+00:00","dateModified":"2024-10-23T22:57:01+00:00","mainEntityOfPage":{"@id":"https:\/\/apuntesdesanluis.com\/index.php\/2024\/10\/23\/joven-ocasiono-disturbios-en-la-maternidad-provincial-y-lo-tranquilizaron-en-la-comisaria\/"},"wordCount":173,"publisher":{"@id":"https:\/\/apuntesdesanluis.com\/#\/schema\/person\/b55151d52296fcce64d1a72538a70b90"},"image":{"@id":"https:\/\/apuntesdesanluis.com\/index.php\/2024\/10\/23\/joven-ocasiono-disturbios-en-la-maternidad-provincial-y-lo-tranquilizaron-en-la-comisaria\/#primaryimage"},"thumbnailUrl":"https:\/\/apuntesdesanluis.com\/wp-content\/uploads\/2024\/10\/MATERNIDAD-PROVINCIAL-TERESITA-BAIGORRIA.png","articleSection":["Ciudad\/Provincia"],"inLanguage":"es-AR"},{"@type":"WebPage","@id":"https:\/\/apuntesdesanluis.com\/index.php\/2024\/10\/23\/joven-ocasiono-disturbios-en-la-maternidad-provincial-y-lo-tranquilizaron-en-la-comisaria\/","url":"https:\/\/apuntesdesanluis.com\/index.php\/2024\/10\/23\/joven-ocasiono-disturbios-en-la-maternidad-provincial-y-lo-tranquilizaron-en-la-comisaria\/","name":"JOVEN OCASION\u00d3 DISTURBIOS EN LA MATERNIDAD PROVINCIAL Y LO TRANQUILIZARON EN LA COMISAR\u00cdA - Apuntes de San Luis","isPartOf":{"@id":"https:\/\/apuntesdesanluis.com\/#website"},"primaryImageOfPage":{"@id":"https:\/\/apuntesdesanluis.com\/index.php\/2024\/10\/23\/joven-ocasiono-disturbios-en-la-maternidad-provincial-y-lo-tranquilizaron-en-la-comisaria\/#primaryimage"},"image":{"@id":"https:\/\/apuntesdesanluis.com\/index.php\/2024\/10\/23\/joven-ocasiono-disturbios-en-la-maternidad-provincial-y-lo-tranquilizaron-en-la-comisaria\/#primaryimage"},"thumbnailUrl":"https:\/\/apuntesdesanluis.com\/wp-content\/uploads\/2024\/10\/MATERNIDAD-PROVINCIAL-TERESITA-BAIGORRIA.png","datePublished":"2024-10-23T22:40:30+00:00","dateModified":"2024-10-23T22:57:01+00:00","breadcrumb":{"@id":"https:\/\/apuntesdesanluis.com\/index.php\/2024\/10\/23\/joven-ocasiono-disturbios-en-la-maternidad-provincial-y-lo-tranquilizaron-en-la-comisaria\/#breadcrumb"},"inLanguage":"es-AR","potentialAction":[{"@type":"ReadAction","target":["https:\/\/apuntesdesanluis.com\/index.php\/2024\/10\/23\/joven-ocasiono-disturbios-en-la-maternidad-provincial-y-lo-tranquilizaron-en-la-comisaria\/"]}]},{"@type":"ImageObject","inLanguage":"es-AR","@id":"https:\/\/apuntesdesanluis.com\/index.php\/2024\/10\/23\/joven-ocasiono-disturbios-en-la-maternidad-provincial-y-lo-tranquilizaron-en-la-comisaria\/#primaryimage","url":"https:\/\/apuntesdesanluis.com\/wp-content\/uploads\/2024\/10\/MATERNIDAD-PROVINCIAL-TERESITA-BAIGORRIA.png","contentUrl":"https:\/\/apuntesdesanluis.com\/wp-content\/uploads\/2024\/10\/MATERNIDAD-PROVINCIAL-TERESITA-BAIGORRIA.png","width":530,"height":289},{"@type":"BreadcrumbList","@id":"https:\/\/apuntesdesanluis.com\/index.php\/2024\/10\/23\/joven-ocasiono-disturbios-en-la-maternidad-provincial-y-lo-tranquilizaron-en-la-comisaria\/#breadcrumb","itemListElement":[{"@type":"ListItem","position":1,"name":"Inicio","item":"https:\/\/apuntesdesanluis.com\/"},{"@type":"ListItem","position":2,"name":"JOVEN OCASION\u00d3 DISTURBIOS EN LA MATERNIDAD PROVINCIAL Y LO TRANQUILIZARON EN LA COMISAR\u00cdA"}]},{"@type":"WebSite","@id":"https:\/\/apuntesdesanluis.com\/#website","url":"https:\/\/apuntesdesanluis.com\/","name":"Apuntes de San Luis","description":"","publisher":{"@id":"https:\/\/apuntesdesanluis.com\/#\/schema\/person\/b55151d52296fcce64d1a72538a70b90"},"potentialAction":[{"@type":"SearchAction","target":{"@type":"EntryPoint","urlTemplate":"https:\/\/apuntesdesanluis.com\/?s={search_term_string}"},"query-input":{"@type":"PropertyValueSpecification","valueRequired":true,"valueName":"search_term_string"}}],"inLanguage":"es-AR"},{"@type":["Person","Organization"],"@id":"https:\/\/apuntesdesanluis.com\/#\/schema\/person\/b55151d52296fcce64d1a72538a70b90","name":"apuntesdesanluis.com","image":{"@type":"ImageObject","inLanguage":"es-AR","@id":"https:\/\/apuntesdesanluis.com\/#\/schema\/person\/image\/","url":"https:\/\/apuntesdesanluis.com\/wp-content\/uploads\/2023\/07\/cropped-apuntesdesanluis.png","contentUrl":"https:\/\/apuntesdesanluis.com\/wp-content\/uploads\/2023\/07\/cropped-apuntesdesanluis.png","width":450,"height":112,"caption":"apuntesdesanluis.com"},"logo":{"@id":"https:\/\/apuntesdesanluis.com\/#\/schema\/person\/image\/"},"sameAs":["https:\/\/apuntesdesanluis.com"],"url":"https:\/\/apuntesdesanluis.com\/index.php\/author\/apuntesdesanluis-com\/"}]}},"featured_image_urls":{"full":["https:\/\/apuntesdesanluis.com\/wp-content\/uploads\/2024\/10\/MATERNIDAD-PROVINCIAL-TERESITA-BAIGORRIA.png",530,289,false],"thumbnail":["https:\/\/apuntesdesanluis.com\/wp-content\/uploads\/2024\/10\/MATERNIDAD-PROVINCIAL-TERESITA-BAIGORRIA-150x150.png",150,150,true],"medium":["https:\/\/apuntesdesanluis.com\/wp-content\/uploads\/2024\/10\/MATERNIDAD-PROVINCIAL-TERESITA-BAIGORRIA-300x164.png",300,164,true],"medium_large":["https:\/\/apuntesdesanluis.com\/wp-content\/uploads\/2024\/10\/MATERNIDAD-PROVINCIAL-TERESITA-BAIGORRIA.png",530,289,false],"large":["https:\/\/apuntesdesanluis.com\/wp-content\/uploads\/2024\/10\/MATERNIDAD-PROVINCIAL-TERESITA-BAIGORRIA.png",530,289,false],"1536x1536":["https:\/\/apuntesdesanluis.com\/wp-content\/uploads\/2024\/10\/MATERNIDAD-PROVINCIAL-TERESITA-BAIGORRIA.png",530,289,false],"2048x2048":["https:\/\/apuntesdesanluis.com\/wp-content\/uploads\/2024\/10\/MATERNIDAD-PROVINCIAL-TERESITA-BAIGORRIA.png",530,289,false],"newsever-slider-full":["https:\/\/apuntesdesanluis.com\/wp-content\/uploads\/2024\/10\/MATERNIDAD-PROVINCIAL-TERESITA-BAIGORRIA.png",530,289,false],"newsever-featured":["https:\/\/apuntesdesanluis.com\/wp-content\/uploads\/2024\/10\/MATERNIDAD-PROVINCIAL-TERESITA-BAIGORRIA.png",530,289,false],"newsever-medium":["https:\/\/apuntesdesanluis.com\/wp-content\/uploads\/2024\/10\/MATERNIDAD-PROVINCIAL-TERESITA-BAIGORRIA.png",530,289,false]},"author_info":{"display_name":"apuntesdesanluis.com","author_link":"https:\/\/apuntesdesanluis.com\/index.php\/author\/apuntesdesanluis-com\/"},"category_info":"<a href=\"https:\/\/apuntesdesanluis.com\/index.php\/category\/ciudad-provincia\/\" rel=\"category tag\">Ciudad\/Provincia<\/a>","tag_info":"Ciudad\/Provincia","comment_count":"0","_links":{"self":[{"href":"https:\/\/apuntesdesanluis.com\/index.php\/wp-json\/wp\/v2\/posts\/24261","targetHints":{"allow":["GET"]}}],"collection":[{"href":"https:\/\/apuntesdesanluis.com\/index.php\/wp-json\/wp\/v2\/posts"}],"about":[{"href":"https:\/\/apuntesdesanluis.com\/index.php\/wp-json\/wp\/v2\/types\/post"}],"author":[{"embeddable":true,"href":"https:\/\/apuntesdesanluis.com\/index.php\/wp-json\/wp\/v2\/users\/1"}],"replies":[{"embeddable":true,"href":"https:\/\/apuntesdesanluis.com\/index.php\/wp-json\/wp\/v2\/comments?post=24261"}],"version-history":[{"count":1,"href":"https:\/\/apuntesdesanluis.com\/index.php\/wp-json\/wp\/v2\/posts\/24261\/revisions"}],"predecessor-version":[{"id":24264,"href":"https:\/\/apuntesdesanluis.com\/index.php\/wp-json\/wp\/v2\/posts\/24261\/revisions\/24264"}],"wp:featuredmedia":[{"embeddable":true,"href":"https:\/\/apuntesdesanluis.com\/index.php\/wp-json\/wp\/v2\/media\/24262"}],"wp:attachment":[{"href":"https:\/\/apuntesdesanluis.com\/index.php\/wp-json\/wp\/v2\/media?parent=24261"}],"wp:term":[{"taxonomy":"category","embeddable":true,"href":"https:\/\/apuntesdesanluis.com\/index.php\/wp-json\/wp\/v2\/categories?post=24261"},{"taxonomy":"post_tag","embeddable":true,"href":"https:\/\/apuntesdesanluis.com\/index.php\/wp-json\/wp\/v2\/tags?post=24261"}],"curies":[{"name":"wp","href":"https:\/\/api.w.org\/{rel}","templated":true}]}}