{"id":24275,"date":"2024-10-23T20:22:26","date_gmt":"2024-10-23T23:22:26","guid":{"rendered":"https:\/\/apuntesdesanluis.com\/?p=24275"},"modified":"2024-10-23T20:24:26","modified_gmt":"2024-10-23T23:24:26","slug":"se-volvio-loco-discutio-con-su-madre-rompio-el-tv-y-le-choco-el-auto","status":"publish","type":"post","link":"https:\/\/apuntesdesanluis.com\/index.php\/2024\/10\/23\/se-volvio-loco-discutio-con-su-madre-rompio-el-tv-y-le-choco-el-auto\/","title":{"rendered":"SE VOLVI\u00d3 LOCO, DISCUTI\u00d3 CON SU MADRE, ROMPI\u00d3 EL TV Y LE CHOC\u00d3 EL AUTO"},"content":{"rendered":"<h3>El violento episodio ocurri\u00f3 en Villa Mercedes y la violenta trifulca familiar oblig\u00f3 a la intervenci\u00f3n del Comando Radioel\u00e9ctrico de la Unidad Regional de Polic\u00eda.<\/h3>\n<h3>El pasado martes, durante un recorrido de prevenci\u00f3n, los efectivos recibieron una alerta del Centro de Operaciones Policiales por un problema familiar en una vivienda del barrio Los Acacios.<\/h3>\n<h3>Al llegar al lugar se entrevistaron con una mujer de 66 a\u00f1os de edad, quien les manifest\u00f3 que hab\u00eda sido agredida f\u00edsicamente por su hijo, de 28 a\u00f1os, tras una discusi\u00f3n en su domicilio. En ese momento, la mujer se encontraba acompa\u00f1ada por su otra hija.<\/h3>\n<h3>Adem\u00e1s, la mujer coment\u00f3 que el individuo hab\u00eda arrojado al piso un televisor que estaba en el living de la casa.<\/h3>\n<p><img fetchpriority=\"high\" decoding=\"async\" class=\"wp-image-24277 aligncenter\" src=\"https:\/\/apuntesdesanluis.com\/wp-content\/uploads\/2024\/10\/Imagen-de-WhatsApp-2024-10-23-a-las-17.46.47_3ecac164-300x196.jpg\" alt=\"\" width=\"699\" height=\"457\" srcset=\"https:\/\/apuntesdesanluis.com\/wp-content\/uploads\/2024\/10\/Imagen-de-WhatsApp-2024-10-23-a-las-17.46.47_3ecac164-300x196.jpg 300w, https:\/\/apuntesdesanluis.com\/wp-content\/uploads\/2024\/10\/Imagen-de-WhatsApp-2024-10-23-a-las-17.46.47_3ecac164.jpg 700w\" sizes=\"(max-width: 699px) 100vw, 699px\" \/><\/p>\n<h3>Posteriormente, el sujeto hab\u00eda abordado la camioneta Renault Duster de su madre que estaba estacionada en la calle y tras darle arranque la hizo impactar varias veces contra una pared que delimita el predio del Policl\u00ednico Regional. Seguidamente, el agresor se dio a la fuga.<\/h3>\n<h3>Mientras los uniformados dialogaban con la mujer sobre lo sucedido, el sujeto regres\u00f3 al domicilio, por lo que fue demorado y trasladado a la Comisar\u00eda Seccional 9\u00b0.<\/h3>\n<h3>No es de descartar que el joven tenga alg\u00fan problema de salud mental o haya estado afectado por el efecto de alguna sustancia.<\/h3>\n<p>&nbsp;<\/p>\n<p>&nbsp;<\/p>\n<p>&nbsp;<\/p>\n<p>&nbsp;<\/p>\n<p>&nbsp;<\/p>\n<p>&nbsp;<\/p>\n<p>&nbsp;<\/p>\n<p>&nbsp;<\/p>\n<p>&nbsp;<\/p>\n","protected":false},"excerpt":{"rendered":"<p>El violento episodio ocurri\u00f3 en Villa Mercedes y la violenta trifulca familiar oblig\u00f3 a la&#8230;<\/p>\n","protected":false},"author":1,"featured_media":24276,"comment_status":"closed","ping_status":"closed","sticky":false,"template":"","format":"standard","meta":{"footnotes":""},"categories":[6],"tags":[],"class_list":["post-24275","post","type-post","status-publish","format-standard","has-post-thumbnail","hentry","category-ciudad-provincia"],"yoast_head":"<!-- This site is optimized with the Yoast SEO plugin v26.1.1 - https:\/\/yoast.com\/wordpress\/plugins\/seo\/ -->\n<title>SE VOLVI\u00d3 LOCO, DISCUTI\u00d3 CON SU MADRE, ROMPI\u00d3 EL TV Y LE CHOC\u00d3 EL AUTO - Apuntes de San Luis<\/title>\n<meta name=\"robots\" content=\"index, follow, max-snippet:-1, max-image-preview:large, max-video-preview:-1\" \/>\n<link rel=\"canonical\" href=\"https:\/\/apuntesdesanluis.com\/index.php\/2024\/10\/23\/se-volvio-loco-discutio-con-su-madre-rompio-el-tv-y-le-choco-el-auto\/\" \/>\n<meta property=\"og:locale\" content=\"es_ES\" \/>\n<meta property=\"og:type\" content=\"article\" \/>\n<meta property=\"og:title\" content=\"SE VOLVI\u00d3 LOCO, DISCUTI\u00d3 CON SU MADRE, ROMPI\u00d3 EL TV Y LE CHOC\u00d3 EL AUTO - Apuntes de San Luis\" \/>\n<meta property=\"og:description\" content=\"El violento episodio ocurri\u00f3 en Villa Mercedes y la violenta trifulca familiar oblig\u00f3 a la...\" \/>\n<meta property=\"og:url\" content=\"https:\/\/apuntesdesanluis.com\/index.php\/2024\/10\/23\/se-volvio-loco-discutio-con-su-madre-rompio-el-tv-y-le-choco-el-auto\/\" \/>\n<meta property=\"og:site_name\" content=\"Apuntes de San Luis\" \/>\n<meta property=\"article:published_time\" content=\"2024-10-23T23:22:26+00:00\" \/>\n<meta property=\"article:modified_time\" content=\"2024-10-23T23:24:26+00:00\" \/>\n<meta property=\"og:image\" content=\"https:\/\/apuntesdesanluis.com\/wp-content\/uploads\/2024\/10\/Imagen-de-WhatsApp-2024-10-23-a-las-17.46.46_dab63d8a.jpg\" \/>\n\t<meta property=\"og:image:width\" content=\"700\" \/>\n\t<meta property=\"og:image:height\" content=\"405\" \/>\n\t<meta property=\"og:image:type\" content=\"image\/jpeg\" \/>\n<meta name=\"author\" content=\"apuntesdesanluis.com\" \/>\n<meta name=\"twitter:card\" content=\"summary_large_image\" \/>\n<meta name=\"twitter:label1\" content=\"Escrito por\" \/>\n\t<meta name=\"twitter:data1\" content=\"apuntesdesanluis.com\" \/>\n\t<meta name=\"twitter:label2\" content=\"Tiempo de lectura\" \/>\n\t<meta name=\"twitter:data2\" content=\"2 minutos\" \/>\n<script type=\"application\/ld+json\" class=\"yoast-schema-graph\">{\"@context\":\"https:\/\/schema.org\",\"@graph\":[{\"@type\":\"Article\",\"@id\":\"https:\/\/apuntesdesanluis.com\/index.php\/2024\/10\/23\/se-volvio-loco-discutio-con-su-madre-rompio-el-tv-y-le-choco-el-auto\/#article\",\"isPartOf\":{\"@id\":\"https:\/\/apuntesdesanluis.com\/index.php\/2024\/10\/23\/se-volvio-loco-discutio-con-su-madre-rompio-el-tv-y-le-choco-el-auto\/\"},\"author\":{\"name\":\"apuntesdesanluis.com\",\"@id\":\"https:\/\/apuntesdesanluis.com\/#\/schema\/person\/b55151d52296fcce64d1a72538a70b90\"},\"headline\":\"SE VOLVI\u00d3 LOCO, DISCUTI\u00d3 CON SU MADRE, ROMPI\u00d3 EL TV Y LE CHOC\u00d3 EL AUTO\",\"datePublished\":\"2024-10-23T23:22:26+00:00\",\"dateModified\":\"2024-10-23T23:24:26+00:00\",\"mainEntityOfPage\":{\"@id\":\"https:\/\/apuntesdesanluis.com\/index.php\/2024\/10\/23\/se-volvio-loco-discutio-con-su-madre-rompio-el-tv-y-le-choco-el-auto\/\"},\"wordCount\":253,\"publisher\":{\"@id\":\"https:\/\/apuntesdesanluis.com\/#\/schema\/person\/b55151d52296fcce64d1a72538a70b90\"},\"image\":{\"@id\":\"https:\/\/apuntesdesanluis.com\/index.php\/2024\/10\/23\/se-volvio-loco-discutio-con-su-madre-rompio-el-tv-y-le-choco-el-auto\/#primaryimage\"},\"thumbnailUrl\":\"https:\/\/apuntesdesanluis.com\/wp-content\/uploads\/2024\/10\/Imagen-de-WhatsApp-2024-10-23-a-las-17.46.46_dab63d8a.jpg\",\"articleSection\":[\"Ciudad\/Provincia\"],\"inLanguage\":\"es-AR\"},{\"@type\":\"WebPage\",\"@id\":\"https:\/\/apuntesdesanluis.com\/index.php\/2024\/10\/23\/se-volvio-loco-discutio-con-su-madre-rompio-el-tv-y-le-choco-el-auto\/\",\"url\":\"https:\/\/apuntesdesanluis.com\/index.php\/2024\/10\/23\/se-volvio-loco-discutio-con-su-madre-rompio-el-tv-y-le-choco-el-auto\/\",\"name\":\"SE VOLVI\u00d3 LOCO, DISCUTI\u00d3 CON SU MADRE, ROMPI\u00d3 EL TV Y LE CHOC\u00d3 EL AUTO - Apuntes de San Luis\",\"isPartOf\":{\"@id\":\"https:\/\/apuntesdesanluis.com\/#website\"},\"primaryImageOfPage\":{\"@id\":\"https:\/\/apuntesdesanluis.com\/index.php\/2024\/10\/23\/se-volvio-loco-discutio-con-su-madre-rompio-el-tv-y-le-choco-el-auto\/#primaryimage\"},\"image\":{\"@id\":\"https:\/\/apuntesdesanluis.com\/index.php\/2024\/10\/23\/se-volvio-loco-discutio-con-su-madre-rompio-el-tv-y-le-choco-el-auto\/#primaryimage\"},\"thumbnailUrl\":\"https:\/\/apuntesdesanluis.com\/wp-content\/uploads\/2024\/10\/Imagen-de-WhatsApp-2024-10-23-a-las-17.46.46_dab63d8a.jpg\",\"datePublished\":\"2024-10-23T23:22:26+00:00\",\"dateModified\":\"2024-10-23T23:24:26+00:00\",\"breadcrumb\":{\"@id\":\"https:\/\/apuntesdesanluis.com\/index.php\/2024\/10\/23\/se-volvio-loco-discutio-con-su-madre-rompio-el-tv-y-le-choco-el-auto\/#breadcrumb\"},\"inLanguage\":\"es-AR\",\"potentialAction\":[{\"@type\":\"ReadAction\",\"target\":[\"https:\/\/apuntesdesanluis.com\/index.php\/2024\/10\/23\/se-volvio-loco-discutio-con-su-madre-rompio-el-tv-y-le-choco-el-auto\/\"]}]},{\"@type\":\"ImageObject\",\"inLanguage\":\"es-AR\",\"@id\":\"https:\/\/apuntesdesanluis.com\/index.php\/2024\/10\/23\/se-volvio-loco-discutio-con-su-madre-rompio-el-tv-y-le-choco-el-auto\/#primaryimage\",\"url\":\"https:\/\/apuntesdesanluis.com\/wp-content\/uploads\/2024\/10\/Imagen-de-WhatsApp-2024-10-23-a-las-17.46.46_dab63d8a.jpg\",\"contentUrl\":\"https:\/\/apuntesdesanluis.com\/wp-content\/uploads\/2024\/10\/Imagen-de-WhatsApp-2024-10-23-a-las-17.46.46_dab63d8a.jpg\",\"width\":700,\"height\":405},{\"@type\":\"BreadcrumbList\",\"@id\":\"https:\/\/apuntesdesanluis.com\/index.php\/2024\/10\/23\/se-volvio-loco-discutio-con-su-madre-rompio-el-tv-y-le-choco-el-auto\/#breadcrumb\",\"itemListElement\":[{\"@type\":\"ListItem\",\"position\":1,\"name\":\"Inicio\",\"item\":\"https:\/\/apuntesdesanluis.com\/\"},{\"@type\":\"ListItem\",\"position\":2,\"name\":\"SE VOLVI\u00d3 LOCO, DISCUTI\u00d3 CON SU MADRE, ROMPI\u00d3 EL TV Y LE CHOC\u00d3 EL AUTO\"}]},{\"@type\":\"WebSite\",\"@id\":\"https:\/\/apuntesdesanluis.com\/#website\",\"url\":\"https:\/\/apuntesdesanluis.com\/\",\"name\":\"Apuntes de San Luis\",\"description\":\"\",\"publisher\":{\"@id\":\"https:\/\/apuntesdesanluis.com\/#\/schema\/person\/b55151d52296fcce64d1a72538a70b90\"},\"potentialAction\":[{\"@type\":\"SearchAction\",\"target\":{\"@type\":\"EntryPoint\",\"urlTemplate\":\"https:\/\/apuntesdesanluis.com\/?s={search_term_string}\"},\"query-input\":{\"@type\":\"PropertyValueSpecification\",\"valueRequired\":true,\"valueName\":\"search_term_string\"}}],\"inLanguage\":\"es-AR\"},{\"@type\":[\"Person\",\"Organization\"],\"@id\":\"https:\/\/apuntesdesanluis.com\/#\/schema\/person\/b55151d52296fcce64d1a72538a70b90\",\"name\":\"apuntesdesanluis.com\",\"image\":{\"@type\":\"ImageObject\",\"inLanguage\":\"es-AR\",\"@id\":\"https:\/\/apuntesdesanluis.com\/#\/schema\/person\/image\/\",\"url\":\"https:\/\/apuntesdesanluis.com\/wp-content\/uploads\/2023\/07\/cropped-apuntesdesanluis.png\",\"contentUrl\":\"https:\/\/apuntesdesanluis.com\/wp-content\/uploads\/2023\/07\/cropped-apuntesdesanluis.png\",\"width\":450,\"height\":112,\"caption\":\"apuntesdesanluis.com\"},\"logo\":{\"@id\":\"https:\/\/apuntesdesanluis.com\/#\/schema\/person\/image\/\"},\"sameAs\":[\"https:\/\/apuntesdesanluis.com\"],\"url\":\"https:\/\/apuntesdesanluis.com\/index.php\/author\/apuntesdesanluis-com\/\"}]}<\/script>\n<!-- \/ Yoast SEO plugin. -->","yoast_head_json":{"title":"SE VOLVI\u00d3 LOCO, DISCUTI\u00d3 CON SU MADRE, ROMPI\u00d3 EL TV Y LE CHOC\u00d3 EL AUTO - Apuntes de San Luis","robots":{"index":"index","follow":"follow","max-snippet":"max-snippet:-1","max-image-preview":"max-image-preview:large","max-video-preview":"max-video-preview:-1"},"canonical":"https:\/\/apuntesdesanluis.com\/index.php\/2024\/10\/23\/se-volvio-loco-discutio-con-su-madre-rompio-el-tv-y-le-choco-el-auto\/","og_locale":"es_ES","og_type":"article","og_title":"SE VOLVI\u00d3 LOCO, DISCUTI\u00d3 CON SU MADRE, ROMPI\u00d3 EL TV Y LE CHOC\u00d3 EL AUTO - Apuntes de San Luis","og_description":"El violento episodio ocurri\u00f3 en Villa Mercedes y la violenta trifulca familiar oblig\u00f3 a la...","og_url":"https:\/\/apuntesdesanluis.com\/index.php\/2024\/10\/23\/se-volvio-loco-discutio-con-su-madre-rompio-el-tv-y-le-choco-el-auto\/","og_site_name":"Apuntes de San Luis","article_published_time":"2024-10-23T23:22:26+00:00","article_modified_time":"2024-10-23T23:24:26+00:00","og_image":[{"width":700,"height":405,"url":"https:\/\/apuntesdesanluis.com\/wp-content\/uploads\/2024\/10\/Imagen-de-WhatsApp-2024-10-23-a-las-17.46.46_dab63d8a.jpg","type":"image\/jpeg"}],"author":"apuntesdesanluis.com","twitter_card":"summary_large_image","twitter_misc":{"Escrito por":"apuntesdesanluis.com","Tiempo de lectura":"2 minutos"},"schema":{"@context":"https:\/\/schema.org","@graph":[{"@type":"Article","@id":"https:\/\/apuntesdesanluis.com\/index.php\/2024\/10\/23\/se-volvio-loco-discutio-con-su-madre-rompio-el-tv-y-le-choco-el-auto\/#article","isPartOf":{"@id":"https:\/\/apuntesdesanluis.com\/index.php\/2024\/10\/23\/se-volvio-loco-discutio-con-su-madre-rompio-el-tv-y-le-choco-el-auto\/"},"author":{"name":"apuntesdesanluis.com","@id":"https:\/\/apuntesdesanluis.com\/#\/schema\/person\/b55151d52296fcce64d1a72538a70b90"},"headline":"SE VOLVI\u00d3 LOCO, DISCUTI\u00d3 CON SU MADRE, ROMPI\u00d3 EL TV Y LE CHOC\u00d3 EL AUTO","datePublished":"2024-10-23T23:22:26+00:00","dateModified":"2024-10-23T23:24:26+00:00","mainEntityOfPage":{"@id":"https:\/\/apuntesdesanluis.com\/index.php\/2024\/10\/23\/se-volvio-loco-discutio-con-su-madre-rompio-el-tv-y-le-choco-el-auto\/"},"wordCount":253,"publisher":{"@id":"https:\/\/apuntesdesanluis.com\/#\/schema\/person\/b55151d52296fcce64d1a72538a70b90"},"image":{"@id":"https:\/\/apuntesdesanluis.com\/index.php\/2024\/10\/23\/se-volvio-loco-discutio-con-su-madre-rompio-el-tv-y-le-choco-el-auto\/#primaryimage"},"thumbnailUrl":"https:\/\/apuntesdesanluis.com\/wp-content\/uploads\/2024\/10\/Imagen-de-WhatsApp-2024-10-23-a-las-17.46.46_dab63d8a.jpg","articleSection":["Ciudad\/Provincia"],"inLanguage":"es-AR"},{"@type":"WebPage","@id":"https:\/\/apuntesdesanluis.com\/index.php\/2024\/10\/23\/se-volvio-loco-discutio-con-su-madre-rompio-el-tv-y-le-choco-el-auto\/","url":"https:\/\/apuntesdesanluis.com\/index.php\/2024\/10\/23\/se-volvio-loco-discutio-con-su-madre-rompio-el-tv-y-le-choco-el-auto\/","name":"SE VOLVI\u00d3 LOCO, DISCUTI\u00d3 CON SU MADRE, ROMPI\u00d3 EL TV Y LE CHOC\u00d3 EL AUTO - Apuntes de San Luis","isPartOf":{"@id":"https:\/\/apuntesdesanluis.com\/#website"},"primaryImageOfPage":{"@id":"https:\/\/apuntesdesanluis.com\/index.php\/2024\/10\/23\/se-volvio-loco-discutio-con-su-madre-rompio-el-tv-y-le-choco-el-auto\/#primaryimage"},"image":{"@id":"https:\/\/apuntesdesanluis.com\/index.php\/2024\/10\/23\/se-volvio-loco-discutio-con-su-madre-rompio-el-tv-y-le-choco-el-auto\/#primaryimage"},"thumbnailUrl":"https:\/\/apuntesdesanluis.com\/wp-content\/uploads\/2024\/10\/Imagen-de-WhatsApp-2024-10-23-a-las-17.46.46_dab63d8a.jpg","datePublished":"2024-10-23T23:22:26+00:00","dateModified":"2024-10-23T23:24:26+00:00","breadcrumb":{"@id":"https:\/\/apuntesdesanluis.com\/index.php\/2024\/10\/23\/se-volvio-loco-discutio-con-su-madre-rompio-el-tv-y-le-choco-el-auto\/#breadcrumb"},"inLanguage":"es-AR","potentialAction":[{"@type":"ReadAction","target":["https:\/\/apuntesdesanluis.com\/index.php\/2024\/10\/23\/se-volvio-loco-discutio-con-su-madre-rompio-el-tv-y-le-choco-el-auto\/"]}]},{"@type":"ImageObject","inLanguage":"es-AR","@id":"https:\/\/apuntesdesanluis.com\/index.php\/2024\/10\/23\/se-volvio-loco-discutio-con-su-madre-rompio-el-tv-y-le-choco-el-auto\/#primaryimage","url":"https:\/\/apuntesdesanluis.com\/wp-content\/uploads\/2024\/10\/Imagen-de-WhatsApp-2024-10-23-a-las-17.46.46_dab63d8a.jpg","contentUrl":"https:\/\/apuntesdesanluis.com\/wp-content\/uploads\/2024\/10\/Imagen-de-WhatsApp-2024-10-23-a-las-17.46.46_dab63d8a.jpg","width":700,"height":405},{"@type":"BreadcrumbList","@id":"https:\/\/apuntesdesanluis.com\/index.php\/2024\/10\/23\/se-volvio-loco-discutio-con-su-madre-rompio-el-tv-y-le-choco-el-auto\/#breadcrumb","itemListElement":[{"@type":"ListItem","position":1,"name":"Inicio","item":"https:\/\/apuntesdesanluis.com\/"},{"@type":"ListItem","position":2,"name":"SE VOLVI\u00d3 LOCO, DISCUTI\u00d3 CON SU MADRE, ROMPI\u00d3 EL TV Y LE CHOC\u00d3 EL AUTO"}]},{"@type":"WebSite","@id":"https:\/\/apuntesdesanluis.com\/#website","url":"https:\/\/apuntesdesanluis.com\/","name":"Apuntes de San Luis","description":"","publisher":{"@id":"https:\/\/apuntesdesanluis.com\/#\/schema\/person\/b55151d52296fcce64d1a72538a70b90"},"potentialAction":[{"@type":"SearchAction","target":{"@type":"EntryPoint","urlTemplate":"https:\/\/apuntesdesanluis.com\/?s={search_term_string}"},"query-input":{"@type":"PropertyValueSpecification","valueRequired":true,"valueName":"search_term_string"}}],"inLanguage":"es-AR"},{"@type":["Person","Organization"],"@id":"https:\/\/apuntesdesanluis.com\/#\/schema\/person\/b55151d52296fcce64d1a72538a70b90","name":"apuntesdesanluis.com","image":{"@type":"ImageObject","inLanguage":"es-AR","@id":"https:\/\/apuntesdesanluis.com\/#\/schema\/person\/image\/","url":"https:\/\/apuntesdesanluis.com\/wp-content\/uploads\/2023\/07\/cropped-apuntesdesanluis.png","contentUrl":"https:\/\/apuntesdesanluis.com\/wp-content\/uploads\/2023\/07\/cropped-apuntesdesanluis.png","width":450,"height":112,"caption":"apuntesdesanluis.com"},"logo":{"@id":"https:\/\/apuntesdesanluis.com\/#\/schema\/person\/image\/"},"sameAs":["https:\/\/apuntesdesanluis.com"],"url":"https:\/\/apuntesdesanluis.com\/index.php\/author\/apuntesdesanluis-com\/"}]}},"featured_image_urls":{"full":["https:\/\/apuntesdesanluis.com\/wp-content\/uploads\/2024\/10\/Imagen-de-WhatsApp-2024-10-23-a-las-17.46.46_dab63d8a.jpg",700,405,false],"thumbnail":["https:\/\/apuntesdesanluis.com\/wp-content\/uploads\/2024\/10\/Imagen-de-WhatsApp-2024-10-23-a-las-17.46.46_dab63d8a-150x150.jpg",150,150,true],"medium":["https:\/\/apuntesdesanluis.com\/wp-content\/uploads\/2024\/10\/Imagen-de-WhatsApp-2024-10-23-a-las-17.46.46_dab63d8a-300x174.jpg",300,174,true],"medium_large":["https:\/\/apuntesdesanluis.com\/wp-content\/uploads\/2024\/10\/Imagen-de-WhatsApp-2024-10-23-a-las-17.46.46_dab63d8a.jpg",640,370,false],"large":["https:\/\/apuntesdesanluis.com\/wp-content\/uploads\/2024\/10\/Imagen-de-WhatsApp-2024-10-23-a-las-17.46.46_dab63d8a.jpg",640,370,false],"1536x1536":["https:\/\/apuntesdesanluis.com\/wp-content\/uploads\/2024\/10\/Imagen-de-WhatsApp-2024-10-23-a-las-17.46.46_dab63d8a.jpg",700,405,false],"2048x2048":["https:\/\/apuntesdesanluis.com\/wp-content\/uploads\/2024\/10\/Imagen-de-WhatsApp-2024-10-23-a-las-17.46.46_dab63d8a.jpg",700,405,false],"newsever-slider-full":["https:\/\/apuntesdesanluis.com\/wp-content\/uploads\/2024\/10\/Imagen-de-WhatsApp-2024-10-23-a-las-17.46.46_dab63d8a.jpg",700,405,false],"newsever-featured":["https:\/\/apuntesdesanluis.com\/wp-content\/uploads\/2024\/10\/Imagen-de-WhatsApp-2024-10-23-a-las-17.46.46_dab63d8a.jpg",700,405,false],"newsever-medium":["https:\/\/apuntesdesanluis.com\/wp-content\/uploads\/2024\/10\/Imagen-de-WhatsApp-2024-10-23-a-las-17.46.46_dab63d8a.jpg",700,405,false]},"author_info":{"display_name":"apuntesdesanluis.com","author_link":"https:\/\/apuntesdesanluis.com\/index.php\/author\/apuntesdesanluis-com\/"},"category_info":"<a href=\"https:\/\/apuntesdesanluis.com\/index.php\/category\/ciudad-provincia\/\" rel=\"category tag\">Ciudad\/Provincia<\/a>","tag_info":"Ciudad\/Provincia","comment_count":"0","_links":{"self":[{"href":"https:\/\/apuntesdesanluis.com\/index.php\/wp-json\/wp\/v2\/posts\/24275","targetHints":{"allow":["GET"]}}],"collection":[{"href":"https:\/\/apuntesdesanluis.com\/index.php\/wp-json\/wp\/v2\/posts"}],"about":[{"href":"https:\/\/apuntesdesanluis.com\/index.php\/wp-json\/wp\/v2\/types\/post"}],"author":[{"embeddable":true,"href":"https:\/\/apuntesdesanluis.com\/index.php\/wp-json\/wp\/v2\/users\/1"}],"replies":[{"embeddable":true,"href":"https:\/\/apuntesdesanluis.com\/index.php\/wp-json\/wp\/v2\/comments?post=24275"}],"version-history":[{"count":2,"href":"https:\/\/apuntesdesanluis.com\/index.php\/wp-json\/wp\/v2\/posts\/24275\/revisions"}],"predecessor-version":[{"id":24279,"href":"https:\/\/apuntesdesanluis.com\/index.php\/wp-json\/wp\/v2\/posts\/24275\/revisions\/24279"}],"wp:featuredmedia":[{"embeddable":true,"href":"https:\/\/apuntesdesanluis.com\/index.php\/wp-json\/wp\/v2\/media\/24276"}],"wp:attachment":[{"href":"https:\/\/apuntesdesanluis.com\/index.php\/wp-json\/wp\/v2\/media?parent=24275"}],"wp:term":[{"taxonomy":"category","embeddable":true,"href":"https:\/\/apuntesdesanluis.com\/index.php\/wp-json\/wp\/v2\/categories?post=24275"},{"taxonomy":"post_tag","embeddable":true,"href":"https:\/\/apuntesdesanluis.com\/index.php\/wp-json\/wp\/v2\/tags?post=24275"}],"curies":[{"name":"wp","href":"https:\/\/api.w.org\/{rel}","templated":true}]}}