{"id":24292,"date":"2024-10-23T21:27:11","date_gmt":"2024-10-24T00:27:11","guid":{"rendered":"https:\/\/apuntesdesanluis.com\/?p=24292"},"modified":"2024-10-23T21:27:11","modified_gmt":"2024-10-24T00:27:11","slug":"el-sector-de-manes-y-lousteau-rompio-el-bloque-de-la-ucr-en-diputados-y-armara-un-espacio-propio","status":"publish","type":"post","link":"https:\/\/apuntesdesanluis.com\/index.php\/2024\/10\/23\/el-sector-de-manes-y-lousteau-rompio-el-bloque-de-la-ucr-en-diputados-y-armara-un-espacio-propio\/","title":{"rendered":"EL SECTOR DE MANES Y LOUSTEAU ROMPI\u00d3 EL BLOQUE DE LA UCR EN DIPUTADOS Y ARMAR\u00c1 UN ESPACIO PROPIO"},"content":{"rendered":"<h3>La foto de <strong>Rodrigo de Loredo<\/strong> junto a un grupo de diputados radicales en la reuni\u00f3n que se realiz\u00f3 en la Casa Rosada fue decisiva para que, finalmente, el sector que responde a Facundo Manes y Mart\u00edn Lousteau rompan el bloque en la C\u00e1mara baja. La nueva bancada estar\u00e1 conformada por 12 integrantes y, por estas horas, se termina de definir el nombre y las autoridades.<\/h3>\n<h3>La bancada estar\u00e1 integrada por Manuel Aguirre (Corrientes), Marcela Antola (Entre R\u00edos), Fernando Carbajal (Formosa), Carla Carrizo (CABA), Mariela Coletta (CABA), Marcela Coli (La Pampa), Melina Giogio (Santa Fe), Pablo Juliano (PBA), Facundo Manes (PBA), Juan Carlos Polini (Chaco), Jorge Rizzotti (Jujuy) y Danya Tavela (PBA).<\/h3>\n<h3>La ruptura de la bancada era &#8211; hasta el martes al mediod\u00eda &#8211; un hecho. La permanencia de los cinco <strong>\u201cradicales con peluca\u201d<\/strong> era motivo de discordia por haber ayudado al Gobierno a sostener los vetos presidenciales a la Reforma Previsional y a la Ley de Financiamiento. El sector de Manes y Lousteau reclamaba la expulsi\u00f3n de los d\u00edscolos y, caso contrario, amenazaban con irse. \u201cNo sabemos qu\u00e9 pas\u00f3, pero a la reuni\u00f3n del bloque vinieron con otra propuesta. Cacarearon y no se fueron\u201d, relataron fuentes cercanas a las autoridades parlamentarias. Esa noche acordaron armar una mesa de di\u00e1logo para acercar posiciones y mantener la unidad.<\/h3>\n<h3>Este mi\u00e9rcoles a la ma\u00f1ana se realiz\u00f3 el primer encuentro de esa mesa de di\u00e1logo que fue un fracaso rotundo. Hubo gritos e insultos. De Loredo ten\u00eda planeado encabezar la reuni\u00f3n en su despacho pero, seg\u00fan trascendi\u00f3, Julio Cobos y Mario Barletta &#8211; los radicales ubicados en el medio de la disputa que pregonaban la unidad- prefirieron un lugar neutral. Finalmente Pamela Verasay y Karina Banfi fueron en su rol de autoridades del bloque al encuentro con el sector de Evoluci\u00f3n y el que responde a Manes.<\/h3>\n<h3><em> <img fetchpriority=\"high\" decoding=\"async\" class=\"wp-image-24294 aligncenter\" src=\"https:\/\/apuntesdesanluis.com\/wp-content\/uploads\/2024\/10\/foto-de-lna-discordia-300x168.png\" alt=\"\" width=\"687\" height=\"385\" srcset=\"https:\/\/apuntesdesanluis.com\/wp-content\/uploads\/2024\/10\/foto-de-lna-discordia-300x168.png 300w, https:\/\/apuntesdesanluis.com\/wp-content\/uploads\/2024\/10\/foto-de-lna-discordia.png 741w\" sizes=\"(max-width: 687px) 100vw, 687px\" \/><\/em><\/h3>\n<h4 style=\"text-align: center;\"><em>La foto de un grupo de radicales con funcionarios del Gobierno en la Casa Rosada que termin\u00f3 de sellar la ruptura del bloque.<\/em><\/h4>\n<h3>\u00a0\u201cDe Loredo no fue a la reuni\u00f3n para irse a la Rosada. Y ah\u00ed todos explotaron\u201d, aseguran en Evoluci\u00f3n. Del otro lado, los acusan de querer \u201cdilatar el liderazgo de Rodrigo\u201d y denunciaron: \u201cFueron a pedir cargos y a insistir con que echemos a los radicales con peluca\u201d. Para los radicales que apoyan al actual presidente del bloque hubo dos motivos por los cuales el martes no se dio la ruptura: \u201cEran menos de los que dec\u00edan y, adem\u00e1s, Manes y Lousteau no se ponen de acuerdo\u201d.<\/h3>\n<h3>\u00a0\u201cNo hay ninguna incomodidad ni falta de acuerdo\u201d, aclaran en Evoluci\u00f3n. \u201cAumenta la tensi\u00f3n de la discusi\u00f3n porque los que estamos bregando por la unidad vemos que del otro sector hay una provocaci\u00f3n innecesaria al ir a una reuni\u00f3n con los bloques oficialistas, casi a reconocer que se pasan al oficialismo\u201d, agregaron desde el espacio que lidera Lousteau.<\/h3>\n<h3>Por estas horas, la nueva bancada radical de 12 integrantes termina de definir su nombre y sus autoridades. Mientras tanto, destacan que el bloque contar\u00e1 con paridad de g\u00e9nero y representar\u00e1 a nueve provincias del pa\u00eds. \u201cHay diputados de cinco provincias que gobiernan Juntos por el Cambio\u201d, destacaron.<\/h3>\n<h3>Para los pr\u00f3ximos d\u00edas se abre una inc\u00f3gnita: \u00bfA cu\u00e1l de los dos sectores va a reconocer la mesa de conducci\u00f3n nacional como oficial? Gracias a su alianza con Gerardo Morales, Lousteau cuenta con los votos necesarios para imponer su voluntad en el Comit\u00e9. Sin embargo, ser\u00e1 una decisi\u00f3n y una votaci\u00f3n compleja que profundizar\u00e1 la interna que el partido centenario ya vive en todo el territorio argentino.<\/h3>\n<p>&nbsp;<\/p>\n<p>&nbsp;<\/p>\n<p>&nbsp;<\/p>\n<p>&nbsp;<\/p>\n<p>&nbsp;<\/p>\n<p>&nbsp;<\/p>\n<p>&nbsp;<\/p>\n<p>&nbsp;<\/p>\n<p>&nbsp;<\/p>\n","protected":false},"excerpt":{"rendered":"<p>La foto de Rodrigo de Loredo junto a un grupo de diputados radicales en la&#8230;<\/p>\n","protected":false},"author":1,"featured_media":24293,"comment_status":"closed","ping_status":"closed","sticky":false,"template":"","format":"standard","meta":{"footnotes":""},"categories":[5],"tags":[],"class_list":["post-24292","post","type-post","status-publish","format-standard","has-post-thumbnail","hentry","category-nacionales-internacionales"],"yoast_head":"<!-- This site is optimized with the Yoast SEO plugin v26.1.1 - https:\/\/yoast.com\/wordpress\/plugins\/seo\/ -->\n<title>EL SECTOR DE MANES Y LOUSTEAU ROMPI\u00d3 EL BLOQUE DE LA UCR EN DIPUTADOS Y ARMAR\u00c1 UN ESPACIO PROPIO - Apuntes de San Luis<\/title>\n<meta name=\"robots\" content=\"index, follow, max-snippet:-1, max-image-preview:large, max-video-preview:-1\" \/>\n<link rel=\"canonical\" href=\"https:\/\/apuntesdesanluis.com\/index.php\/2024\/10\/23\/el-sector-de-manes-y-lousteau-rompio-el-bloque-de-la-ucr-en-diputados-y-armara-un-espacio-propio\/\" \/>\n<meta property=\"og:locale\" content=\"es_ES\" \/>\n<meta property=\"og:type\" content=\"article\" \/>\n<meta property=\"og:title\" content=\"EL SECTOR DE MANES Y LOUSTEAU ROMPI\u00d3 EL BLOQUE DE LA UCR EN DIPUTADOS Y ARMAR\u00c1 UN ESPACIO PROPIO - Apuntes de San Luis\" \/>\n<meta property=\"og:description\" content=\"La foto de Rodrigo de Loredo junto a un grupo de diputados radicales en la...\" \/>\n<meta property=\"og:url\" content=\"https:\/\/apuntesdesanluis.com\/index.php\/2024\/10\/23\/el-sector-de-manes-y-lousteau-rompio-el-bloque-de-la-ucr-en-diputados-y-armara-un-espacio-propio\/\" \/>\n<meta property=\"og:site_name\" content=\"Apuntes de San Luis\" \/>\n<meta property=\"article:published_time\" content=\"2024-10-24T00:27:11+00:00\" \/>\n<meta property=\"og:image\" content=\"https:\/\/apuntesdesanluis.com\/wp-content\/uploads\/2024\/10\/lousteau-y-mannes.png\" \/>\n\t<meta property=\"og:image:width\" content=\"781\" \/>\n\t<meta property=\"og:image:height\" content=\"436\" \/>\n\t<meta property=\"og:image:type\" content=\"image\/png\" \/>\n<meta name=\"author\" content=\"apuntesdesanluis.com\" \/>\n<meta name=\"twitter:card\" content=\"summary_large_image\" \/>\n<meta name=\"twitter:label1\" content=\"Escrito por\" \/>\n\t<meta name=\"twitter:data1\" content=\"apuntesdesanluis.com\" \/>\n\t<meta name=\"twitter:label2\" content=\"Tiempo de lectura\" \/>\n\t<meta name=\"twitter:data2\" content=\"4 minutos\" \/>\n<script type=\"application\/ld+json\" class=\"yoast-schema-graph\">{\"@context\":\"https:\/\/schema.org\",\"@graph\":[{\"@type\":\"Article\",\"@id\":\"https:\/\/apuntesdesanluis.com\/index.php\/2024\/10\/23\/el-sector-de-manes-y-lousteau-rompio-el-bloque-de-la-ucr-en-diputados-y-armara-un-espacio-propio\/#article\",\"isPartOf\":{\"@id\":\"https:\/\/apuntesdesanluis.com\/index.php\/2024\/10\/23\/el-sector-de-manes-y-lousteau-rompio-el-bloque-de-la-ucr-en-diputados-y-armara-un-espacio-propio\/\"},\"author\":{\"name\":\"apuntesdesanluis.com\",\"@id\":\"https:\/\/apuntesdesanluis.com\/#\/schema\/person\/b55151d52296fcce64d1a72538a70b90\"},\"headline\":\"EL SECTOR DE MANES Y LOUSTEAU ROMPI\u00d3 EL BLOQUE DE LA UCR EN DIPUTADOS Y ARMAR\u00c1 UN ESPACIO PROPIO\",\"datePublished\":\"2024-10-24T00:27:11+00:00\",\"mainEntityOfPage\":{\"@id\":\"https:\/\/apuntesdesanluis.com\/index.php\/2024\/10\/23\/el-sector-de-manes-y-lousteau-rompio-el-bloque-de-la-ucr-en-diputados-y-armara-un-espacio-propio\/\"},\"wordCount\":649,\"publisher\":{\"@id\":\"https:\/\/apuntesdesanluis.com\/#\/schema\/person\/b55151d52296fcce64d1a72538a70b90\"},\"image\":{\"@id\":\"https:\/\/apuntesdesanluis.com\/index.php\/2024\/10\/23\/el-sector-de-manes-y-lousteau-rompio-el-bloque-de-la-ucr-en-diputados-y-armara-un-espacio-propio\/#primaryimage\"},\"thumbnailUrl\":\"https:\/\/apuntesdesanluis.com\/wp-content\/uploads\/2024\/10\/lousteau-y-mannes.png\",\"articleSection\":[\"Nacionales\/Internacionales\"],\"inLanguage\":\"es-AR\"},{\"@type\":\"WebPage\",\"@id\":\"https:\/\/apuntesdesanluis.com\/index.php\/2024\/10\/23\/el-sector-de-manes-y-lousteau-rompio-el-bloque-de-la-ucr-en-diputados-y-armara-un-espacio-propio\/\",\"url\":\"https:\/\/apuntesdesanluis.com\/index.php\/2024\/10\/23\/el-sector-de-manes-y-lousteau-rompio-el-bloque-de-la-ucr-en-diputados-y-armara-un-espacio-propio\/\",\"name\":\"EL SECTOR DE MANES Y LOUSTEAU ROMPI\u00d3 EL BLOQUE DE LA UCR EN DIPUTADOS Y ARMAR\u00c1 UN ESPACIO PROPIO - Apuntes de San Luis\",\"isPartOf\":{\"@id\":\"https:\/\/apuntesdesanluis.com\/#website\"},\"primaryImageOfPage\":{\"@id\":\"https:\/\/apuntesdesanluis.com\/index.php\/2024\/10\/23\/el-sector-de-manes-y-lousteau-rompio-el-bloque-de-la-ucr-en-diputados-y-armara-un-espacio-propio\/#primaryimage\"},\"image\":{\"@id\":\"https:\/\/apuntesdesanluis.com\/index.php\/2024\/10\/23\/el-sector-de-manes-y-lousteau-rompio-el-bloque-de-la-ucr-en-diputados-y-armara-un-espacio-propio\/#primaryimage\"},\"thumbnailUrl\":\"https:\/\/apuntesdesanluis.com\/wp-content\/uploads\/2024\/10\/lousteau-y-mannes.png\",\"datePublished\":\"2024-10-24T00:27:11+00:00\",\"breadcrumb\":{\"@id\":\"https:\/\/apuntesdesanluis.com\/index.php\/2024\/10\/23\/el-sector-de-manes-y-lousteau-rompio-el-bloque-de-la-ucr-en-diputados-y-armara-un-espacio-propio\/#breadcrumb\"},\"inLanguage\":\"es-AR\",\"potentialAction\":[{\"@type\":\"ReadAction\",\"target\":[\"https:\/\/apuntesdesanluis.com\/index.php\/2024\/10\/23\/el-sector-de-manes-y-lousteau-rompio-el-bloque-de-la-ucr-en-diputados-y-armara-un-espacio-propio\/\"]}]},{\"@type\":\"ImageObject\",\"inLanguage\":\"es-AR\",\"@id\":\"https:\/\/apuntesdesanluis.com\/index.php\/2024\/10\/23\/el-sector-de-manes-y-lousteau-rompio-el-bloque-de-la-ucr-en-diputados-y-armara-un-espacio-propio\/#primaryimage\",\"url\":\"https:\/\/apuntesdesanluis.com\/wp-content\/uploads\/2024\/10\/lousteau-y-mannes.png\",\"contentUrl\":\"https:\/\/apuntesdesanluis.com\/wp-content\/uploads\/2024\/10\/lousteau-y-mannes.png\",\"width\":781,\"height\":436},{\"@type\":\"BreadcrumbList\",\"@id\":\"https:\/\/apuntesdesanluis.com\/index.php\/2024\/10\/23\/el-sector-de-manes-y-lousteau-rompio-el-bloque-de-la-ucr-en-diputados-y-armara-un-espacio-propio\/#breadcrumb\",\"itemListElement\":[{\"@type\":\"ListItem\",\"position\":1,\"name\":\"Inicio\",\"item\":\"https:\/\/apuntesdesanluis.com\/\"},{\"@type\":\"ListItem\",\"position\":2,\"name\":\"EL SECTOR DE MANES Y LOUSTEAU ROMPI\u00d3 EL BLOQUE DE LA UCR EN DIPUTADOS Y ARMAR\u00c1 UN ESPACIO PROPIO\"}]},{\"@type\":\"WebSite\",\"@id\":\"https:\/\/apuntesdesanluis.com\/#website\",\"url\":\"https:\/\/apuntesdesanluis.com\/\",\"name\":\"Apuntes de San Luis\",\"description\":\"\",\"publisher\":{\"@id\":\"https:\/\/apuntesdesanluis.com\/#\/schema\/person\/b55151d52296fcce64d1a72538a70b90\"},\"potentialAction\":[{\"@type\":\"SearchAction\",\"target\":{\"@type\":\"EntryPoint\",\"urlTemplate\":\"https:\/\/apuntesdesanluis.com\/?s={search_term_string}\"},\"query-input\":{\"@type\":\"PropertyValueSpecification\",\"valueRequired\":true,\"valueName\":\"search_term_string\"}}],\"inLanguage\":\"es-AR\"},{\"@type\":[\"Person\",\"Organization\"],\"@id\":\"https:\/\/apuntesdesanluis.com\/#\/schema\/person\/b55151d52296fcce64d1a72538a70b90\",\"name\":\"apuntesdesanluis.com\",\"image\":{\"@type\":\"ImageObject\",\"inLanguage\":\"es-AR\",\"@id\":\"https:\/\/apuntesdesanluis.com\/#\/schema\/person\/image\/\",\"url\":\"https:\/\/apuntesdesanluis.com\/wp-content\/uploads\/2023\/07\/cropped-apuntesdesanluis.png\",\"contentUrl\":\"https:\/\/apuntesdesanluis.com\/wp-content\/uploads\/2023\/07\/cropped-apuntesdesanluis.png\",\"width\":450,\"height\":112,\"caption\":\"apuntesdesanluis.com\"},\"logo\":{\"@id\":\"https:\/\/apuntesdesanluis.com\/#\/schema\/person\/image\/\"},\"sameAs\":[\"https:\/\/apuntesdesanluis.com\"],\"url\":\"https:\/\/apuntesdesanluis.com\/index.php\/author\/apuntesdesanluis-com\/\"}]}<\/script>\n<!-- \/ Yoast SEO plugin. -->","yoast_head_json":{"title":"EL SECTOR DE MANES Y LOUSTEAU ROMPI\u00d3 EL BLOQUE DE LA UCR EN DIPUTADOS Y ARMAR\u00c1 UN ESPACIO PROPIO - Apuntes de San Luis","robots":{"index":"index","follow":"follow","max-snippet":"max-snippet:-1","max-image-preview":"max-image-preview:large","max-video-preview":"max-video-preview:-1"},"canonical":"https:\/\/apuntesdesanluis.com\/index.php\/2024\/10\/23\/el-sector-de-manes-y-lousteau-rompio-el-bloque-de-la-ucr-en-diputados-y-armara-un-espacio-propio\/","og_locale":"es_ES","og_type":"article","og_title":"EL SECTOR DE MANES Y LOUSTEAU ROMPI\u00d3 EL BLOQUE DE LA UCR EN DIPUTADOS Y ARMAR\u00c1 UN ESPACIO PROPIO - Apuntes de San Luis","og_description":"La foto de Rodrigo de Loredo junto a un grupo de diputados radicales en la...","og_url":"https:\/\/apuntesdesanluis.com\/index.php\/2024\/10\/23\/el-sector-de-manes-y-lousteau-rompio-el-bloque-de-la-ucr-en-diputados-y-armara-un-espacio-propio\/","og_site_name":"Apuntes de San Luis","article_published_time":"2024-10-24T00:27:11+00:00","og_image":[{"width":781,"height":436,"url":"https:\/\/apuntesdesanluis.com\/wp-content\/uploads\/2024\/10\/lousteau-y-mannes.png","type":"image\/png"}],"author":"apuntesdesanluis.com","twitter_card":"summary_large_image","twitter_misc":{"Escrito por":"apuntesdesanluis.com","Tiempo de lectura":"4 minutos"},"schema":{"@context":"https:\/\/schema.org","@graph":[{"@type":"Article","@id":"https:\/\/apuntesdesanluis.com\/index.php\/2024\/10\/23\/el-sector-de-manes-y-lousteau-rompio-el-bloque-de-la-ucr-en-diputados-y-armara-un-espacio-propio\/#article","isPartOf":{"@id":"https:\/\/apuntesdesanluis.com\/index.php\/2024\/10\/23\/el-sector-de-manes-y-lousteau-rompio-el-bloque-de-la-ucr-en-diputados-y-armara-un-espacio-propio\/"},"author":{"name":"apuntesdesanluis.com","@id":"https:\/\/apuntesdesanluis.com\/#\/schema\/person\/b55151d52296fcce64d1a72538a70b90"},"headline":"EL SECTOR DE MANES Y LOUSTEAU ROMPI\u00d3 EL BLOQUE DE LA UCR EN DIPUTADOS Y ARMAR\u00c1 UN ESPACIO PROPIO","datePublished":"2024-10-24T00:27:11+00:00","mainEntityOfPage":{"@id":"https:\/\/apuntesdesanluis.com\/index.php\/2024\/10\/23\/el-sector-de-manes-y-lousteau-rompio-el-bloque-de-la-ucr-en-diputados-y-armara-un-espacio-propio\/"},"wordCount":649,"publisher":{"@id":"https:\/\/apuntesdesanluis.com\/#\/schema\/person\/b55151d52296fcce64d1a72538a70b90"},"image":{"@id":"https:\/\/apuntesdesanluis.com\/index.php\/2024\/10\/23\/el-sector-de-manes-y-lousteau-rompio-el-bloque-de-la-ucr-en-diputados-y-armara-un-espacio-propio\/#primaryimage"},"thumbnailUrl":"https:\/\/apuntesdesanluis.com\/wp-content\/uploads\/2024\/10\/lousteau-y-mannes.png","articleSection":["Nacionales\/Internacionales"],"inLanguage":"es-AR"},{"@type":"WebPage","@id":"https:\/\/apuntesdesanluis.com\/index.php\/2024\/10\/23\/el-sector-de-manes-y-lousteau-rompio-el-bloque-de-la-ucr-en-diputados-y-armara-un-espacio-propio\/","url":"https:\/\/apuntesdesanluis.com\/index.php\/2024\/10\/23\/el-sector-de-manes-y-lousteau-rompio-el-bloque-de-la-ucr-en-diputados-y-armara-un-espacio-propio\/","name":"EL SECTOR DE MANES Y LOUSTEAU ROMPI\u00d3 EL BLOQUE DE LA UCR EN DIPUTADOS Y ARMAR\u00c1 UN ESPACIO PROPIO - Apuntes de San Luis","isPartOf":{"@id":"https:\/\/apuntesdesanluis.com\/#website"},"primaryImageOfPage":{"@id":"https:\/\/apuntesdesanluis.com\/index.php\/2024\/10\/23\/el-sector-de-manes-y-lousteau-rompio-el-bloque-de-la-ucr-en-diputados-y-armara-un-espacio-propio\/#primaryimage"},"image":{"@id":"https:\/\/apuntesdesanluis.com\/index.php\/2024\/10\/23\/el-sector-de-manes-y-lousteau-rompio-el-bloque-de-la-ucr-en-diputados-y-armara-un-espacio-propio\/#primaryimage"},"thumbnailUrl":"https:\/\/apuntesdesanluis.com\/wp-content\/uploads\/2024\/10\/lousteau-y-mannes.png","datePublished":"2024-10-24T00:27:11+00:00","breadcrumb":{"@id":"https:\/\/apuntesdesanluis.com\/index.php\/2024\/10\/23\/el-sector-de-manes-y-lousteau-rompio-el-bloque-de-la-ucr-en-diputados-y-armara-un-espacio-propio\/#breadcrumb"},"inLanguage":"es-AR","potentialAction":[{"@type":"ReadAction","target":["https:\/\/apuntesdesanluis.com\/index.php\/2024\/10\/23\/el-sector-de-manes-y-lousteau-rompio-el-bloque-de-la-ucr-en-diputados-y-armara-un-espacio-propio\/"]}]},{"@type":"ImageObject","inLanguage":"es-AR","@id":"https:\/\/apuntesdesanluis.com\/index.php\/2024\/10\/23\/el-sector-de-manes-y-lousteau-rompio-el-bloque-de-la-ucr-en-diputados-y-armara-un-espacio-propio\/#primaryimage","url":"https:\/\/apuntesdesanluis.com\/wp-content\/uploads\/2024\/10\/lousteau-y-mannes.png","contentUrl":"https:\/\/apuntesdesanluis.com\/wp-content\/uploads\/2024\/10\/lousteau-y-mannes.png","width":781,"height":436},{"@type":"BreadcrumbList","@id":"https:\/\/apuntesdesanluis.com\/index.php\/2024\/10\/23\/el-sector-de-manes-y-lousteau-rompio-el-bloque-de-la-ucr-en-diputados-y-armara-un-espacio-propio\/#breadcrumb","itemListElement":[{"@type":"ListItem","position":1,"name":"Inicio","item":"https:\/\/apuntesdesanluis.com\/"},{"@type":"ListItem","position":2,"name":"EL SECTOR DE MANES Y LOUSTEAU ROMPI\u00d3 EL BLOQUE DE LA UCR EN DIPUTADOS Y ARMAR\u00c1 UN ESPACIO PROPIO"}]},{"@type":"WebSite","@id":"https:\/\/apuntesdesanluis.com\/#website","url":"https:\/\/apuntesdesanluis.com\/","name":"Apuntes de San Luis","description":"","publisher":{"@id":"https:\/\/apuntesdesanluis.com\/#\/schema\/person\/b55151d52296fcce64d1a72538a70b90"},"potentialAction":[{"@type":"SearchAction","target":{"@type":"EntryPoint","urlTemplate":"https:\/\/apuntesdesanluis.com\/?s={search_term_string}"},"query-input":{"@type":"PropertyValueSpecification","valueRequired":true,"valueName":"search_term_string"}}],"inLanguage":"es-AR"},{"@type":["Person","Organization"],"@id":"https:\/\/apuntesdesanluis.com\/#\/schema\/person\/b55151d52296fcce64d1a72538a70b90","name":"apuntesdesanluis.com","image":{"@type":"ImageObject","inLanguage":"es-AR","@id":"https:\/\/apuntesdesanluis.com\/#\/schema\/person\/image\/","url":"https:\/\/apuntesdesanluis.com\/wp-content\/uploads\/2023\/07\/cropped-apuntesdesanluis.png","contentUrl":"https:\/\/apuntesdesanluis.com\/wp-content\/uploads\/2023\/07\/cropped-apuntesdesanluis.png","width":450,"height":112,"caption":"apuntesdesanluis.com"},"logo":{"@id":"https:\/\/apuntesdesanluis.com\/#\/schema\/person\/image\/"},"sameAs":["https:\/\/apuntesdesanluis.com"],"url":"https:\/\/apuntesdesanluis.com\/index.php\/author\/apuntesdesanluis-com\/"}]}},"featured_image_urls":{"full":["https:\/\/apuntesdesanluis.com\/wp-content\/uploads\/2024\/10\/lousteau-y-mannes.png",781,436,false],"thumbnail":["https:\/\/apuntesdesanluis.com\/wp-content\/uploads\/2024\/10\/lousteau-y-mannes-150x150.png",150,150,true],"medium":["https:\/\/apuntesdesanluis.com\/wp-content\/uploads\/2024\/10\/lousteau-y-mannes-300x167.png",300,167,true],"medium_large":["https:\/\/apuntesdesanluis.com\/wp-content\/uploads\/2024\/10\/lousteau-y-mannes-768x429.png",640,358,true],"large":["https:\/\/apuntesdesanluis.com\/wp-content\/uploads\/2024\/10\/lousteau-y-mannes.png",640,357,false],"1536x1536":["https:\/\/apuntesdesanluis.com\/wp-content\/uploads\/2024\/10\/lousteau-y-mannes.png",781,436,false],"2048x2048":["https:\/\/apuntesdesanluis.com\/wp-content\/uploads\/2024\/10\/lousteau-y-mannes.png",781,436,false],"newsever-slider-full":["https:\/\/apuntesdesanluis.com\/wp-content\/uploads\/2024\/10\/lousteau-y-mannes.png",781,436,false],"newsever-featured":["https:\/\/apuntesdesanluis.com\/wp-content\/uploads\/2024\/10\/lousteau-y-mannes.png",781,436,false],"newsever-medium":["https:\/\/apuntesdesanluis.com\/wp-content\/uploads\/2024\/10\/lousteau-y-mannes-720x436.png",720,436,true]},"author_info":{"display_name":"apuntesdesanluis.com","author_link":"https:\/\/apuntesdesanluis.com\/index.php\/author\/apuntesdesanluis-com\/"},"category_info":"<a href=\"https:\/\/apuntesdesanluis.com\/index.php\/category\/nacionales-internacionales\/\" rel=\"category tag\">Nacionales\/Internacionales<\/a>","tag_info":"Nacionales\/Internacionales","comment_count":"0","_links":{"self":[{"href":"https:\/\/apuntesdesanluis.com\/index.php\/wp-json\/wp\/v2\/posts\/24292","targetHints":{"allow":["GET"]}}],"collection":[{"href":"https:\/\/apuntesdesanluis.com\/index.php\/wp-json\/wp\/v2\/posts"}],"about":[{"href":"https:\/\/apuntesdesanluis.com\/index.php\/wp-json\/wp\/v2\/types\/post"}],"author":[{"embeddable":true,"href":"https:\/\/apuntesdesanluis.com\/index.php\/wp-json\/wp\/v2\/users\/1"}],"replies":[{"embeddable":true,"href":"https:\/\/apuntesdesanluis.com\/index.php\/wp-json\/wp\/v2\/comments?post=24292"}],"version-history":[{"count":1,"href":"https:\/\/apuntesdesanluis.com\/index.php\/wp-json\/wp\/v2\/posts\/24292\/revisions"}],"predecessor-version":[{"id":24295,"href":"https:\/\/apuntesdesanluis.com\/index.php\/wp-json\/wp\/v2\/posts\/24292\/revisions\/24295"}],"wp:featuredmedia":[{"embeddable":true,"href":"https:\/\/apuntesdesanluis.com\/index.php\/wp-json\/wp\/v2\/media\/24293"}],"wp:attachment":[{"href":"https:\/\/apuntesdesanluis.com\/index.php\/wp-json\/wp\/v2\/media?parent=24292"}],"wp:term":[{"taxonomy":"category","embeddable":true,"href":"https:\/\/apuntesdesanluis.com\/index.php\/wp-json\/wp\/v2\/categories?post=24292"},{"taxonomy":"post_tag","embeddable":true,"href":"https:\/\/apuntesdesanluis.com\/index.php\/wp-json\/wp\/v2\/tags?post=24292"}],"curies":[{"name":"wp","href":"https:\/\/api.w.org\/{rel}","templated":true}]}}