{"id":24296,"date":"2024-10-23T21:34:00","date_gmt":"2024-10-24T00:34:00","guid":{"rendered":"https:\/\/apuntesdesanluis.com\/?p=24296"},"modified":"2024-10-23T21:34:00","modified_gmt":"2024-10-24T00:34:00","slug":"el-gobierno-intimara-a-10-000-empleados-publicos-para-que-se-jubilen","status":"publish","type":"post","link":"https:\/\/apuntesdesanluis.com\/index.php\/2024\/10\/23\/el-gobierno-intimara-a-10-000-empleados-publicos-para-que-se-jubilen\/","title":{"rendered":"EL GOBIERNO INTIMAR\u00c1 A 10.000 EMPLEADOS P\u00daBLICOS PARA QUE SE JUBILEN"},"content":{"rendered":"<h3>El Gobierno sigue adelante con su plan de motosierra y recortes en el Estado. Ahora intimar\u00e1 al personal del sector p\u00fablico nacional, que re\u00fanan las condiciones, para que inicie los tr\u00e1mites administrativos necesarios para jubilarse.<\/h3>\n<h3>La medida se concret\u00f3 en la <strong>Resoluci\u00f3n 3\/2024<\/strong> publicada este mi\u00e9rcoles en el Bolet\u00edn Oficial. El Ministerio de Desregulaci\u00f3n y Transformaci\u00f3n del Estado a cargo de Federico Sturzenegger ser\u00e1 el encargado del proceso en cada organismo de la Administraci\u00f3n Nacional.<\/h3>\n<h3>Seg\u00fan indica la norma, el objetivo es \u201casegurar la eficiencia en la gesti\u00f3n de los recursos humanos\u201d en ese \u00e1mbito. El ministerio de Sturzenegger instruy\u00f3 a \u201clos titulares de las entidades comprendidas en los incisos a) y c) del art\u00edculo 8\u00b0 de la Ley de Administraci\u00f3n Financiera y de los Sistemas de Control del Sector P\u00fablico Nacional N\u00b0 24.156 y sus modificatorias\u201d, a llevar a cabo aquella diligencia \u201cen un plazo no mayor a 30 d\u00edas h\u00e1biles\u201d.<\/h3>\n<h3>La medida abarca, en espec\u00edfico, a los empleados de la \u201cAdministraci\u00f3n Nacional, conformada por la Administraci\u00f3n Central y los Organismos Descentralizados, comprendiendo en estos \u00faltimos a las Instituciones de Seguridad Social\u201d.<\/h3>\n<h3>Tambi\u00e9n est\u00e1n comprendidos quienes trabajan en \u201centes p\u00fablicos excluidos expresamente de la Administraci\u00f3n Nacional, que abarca a cualquier organizaci\u00f3n estatal no empresarial, con autarqu\u00eda financiera, personalidad jur\u00eddica y patrimonio propio, donde el Estado nacional tenga el control mayoritario del patrimonio o de la formaci\u00f3n de las decisiones, incluyendo aquellas entidades p\u00fablicas no estatales donde el Estado nacional tenga el control de las decisiones\u201d.<\/h3>\n<h3>En paralelo, la resoluci\u00f3n del Ministerio conducido por Federico Sturzenegger busca avanzar en la misma direcci\u00f3n en \u201clas empresas del Estado, las sociedades del Estado, las sociedades an\u00f3nimas con participaci\u00f3n estatal mayoritaria, las sociedades de econom\u00eda mixta y todas aquellas otras organizaciones empresariales donde el Estado nacional tenga participaci\u00f3n mayoritaria en el capital o en la formaci\u00f3n de las decisiones societarias\u201d.<\/h3>\n<h3><strong>QUI\u00c9NES QUEDAN EXCLUIDOS<\/strong><\/h3>\n<h3>Quedan excluidos, en este caso, los trabajadores de fondos fiduciarios integrados total o mayoritariamente con bienes y\/o fondos del Estado nacional.<\/h3>\n<h3>El art\u00edculo 2 aclara que, siempre y cuando \u201cejerzan el cargo\u201d, podr\u00e1n eximirse de lo dispuesto \u201clos titulares de las unidades organizativas incorporadas al Nomenclador de Funciones Ejecutivas del Convenio Colectivo de Trabajo Sectorial del Personal del Sistema Nacional de Empleo P\u00fablico (SINEP), hasta el cargo de Coordinador inclusive y a los titulares de cargos equivalentes en las estructuras org\u00e1nico funcionales vigentes, cualquiera fuera el r\u00e9gimen laboral y convencional aplicable al personal de cada Jurisdicci\u00f3n y Entidad\u201d.<\/h3>\n<h3>Por su parte, las autoridades de rango no inferior a Secretario o equivalente de las Jurisdicciones u organismos descentralizados y entidades mencionados en el art\u00edculo 1\u00b0 de la normativa, quedaron facultados \u201ca solicitar autorizaci\u00f3n excepcional al cumplimiento de lo all\u00ed establecido por el plazo prorrogable de seis meses, contados a partir del otorgamiento de la misma, para aquellos agentes de Planta Permanente cuya continuidad se requiera por razones de servicio debidamente fundadas en una necesidad estrat\u00e9gica para el normal funcionamiento del \u00e1rea\u201d.<\/h3>\n<p>&nbsp;<\/p>\n<p>&nbsp;<\/p>\n<p>&nbsp;<\/p>\n","protected":false},"excerpt":{"rendered":"<p>El Gobierno sigue adelante con su plan de motosierra y recortes en el Estado. Ahora&#8230;<\/p>\n","protected":false},"author":1,"featured_media":397,"comment_status":"closed","ping_status":"closed","sticky":false,"template":"","format":"standard","meta":{"footnotes":""},"categories":[5],"tags":[],"class_list":["post-24296","post","type-post","status-publish","format-standard","has-post-thumbnail","hentry","category-nacionales-internacionales"],"yoast_head":"<!-- This site is optimized with the Yoast SEO plugin v26.1.1 - https:\/\/yoast.com\/wordpress\/plugins\/seo\/ -->\n<title>EL GOBIERNO INTIMAR\u00c1 A 10.000 EMPLEADOS P\u00daBLICOS PARA QUE SE JUBILEN - Apuntes de San Luis<\/title>\n<meta name=\"robots\" content=\"index, follow, max-snippet:-1, max-image-preview:large, max-video-preview:-1\" \/>\n<link rel=\"canonical\" href=\"https:\/\/apuntesdesanluis.com\/index.php\/2024\/10\/23\/el-gobierno-intimara-a-10-000-empleados-publicos-para-que-se-jubilen\/\" \/>\n<meta property=\"og:locale\" content=\"es_ES\" \/>\n<meta property=\"og:type\" content=\"article\" \/>\n<meta property=\"og:title\" content=\"EL GOBIERNO INTIMAR\u00c1 A 10.000 EMPLEADOS P\u00daBLICOS PARA QUE SE JUBILEN - Apuntes de San Luis\" \/>\n<meta property=\"og:description\" content=\"El Gobierno sigue adelante con su plan de motosierra y recortes en el Estado. Ahora...\" \/>\n<meta property=\"og:url\" content=\"https:\/\/apuntesdesanluis.com\/index.php\/2024\/10\/23\/el-gobierno-intimara-a-10-000-empleados-publicos-para-que-se-jubilen\/\" \/>\n<meta property=\"og:site_name\" content=\"Apuntes de San Luis\" \/>\n<meta property=\"article:published_time\" content=\"2024-10-24T00:34:00+00:00\" \/>\n<meta property=\"og:image\" content=\"https:\/\/apuntesdesanluis.com\/wp-content\/uploads\/2023\/07\/anses-1024x576-1.png\" \/>\n\t<meta property=\"og:image:width\" content=\"535\" \/>\n\t<meta property=\"og:image:height\" content=\"329\" \/>\n\t<meta property=\"og:image:type\" content=\"image\/png\" \/>\n<meta name=\"author\" content=\"apuntesdesanluis.com\" \/>\n<meta name=\"twitter:card\" content=\"summary_large_image\" \/>\n<meta name=\"twitter:label1\" content=\"Escrito por\" \/>\n\t<meta name=\"twitter:data1\" content=\"apuntesdesanluis.com\" \/>\n\t<meta name=\"twitter:label2\" content=\"Tiempo de lectura\" \/>\n\t<meta name=\"twitter:data2\" content=\"3 minutos\" \/>\n<script type=\"application\/ld+json\" class=\"yoast-schema-graph\">{\"@context\":\"https:\/\/schema.org\",\"@graph\":[{\"@type\":\"Article\",\"@id\":\"https:\/\/apuntesdesanluis.com\/index.php\/2024\/10\/23\/el-gobierno-intimara-a-10-000-empleados-publicos-para-que-se-jubilen\/#article\",\"isPartOf\":{\"@id\":\"https:\/\/apuntesdesanluis.com\/index.php\/2024\/10\/23\/el-gobierno-intimara-a-10-000-empleados-publicos-para-que-se-jubilen\/\"},\"author\":{\"name\":\"apuntesdesanluis.com\",\"@id\":\"https:\/\/apuntesdesanluis.com\/#\/schema\/person\/b55151d52296fcce64d1a72538a70b90\"},\"headline\":\"EL GOBIERNO INTIMAR\u00c1 A 10.000 EMPLEADOS P\u00daBLICOS PARA QUE SE JUBILEN\",\"datePublished\":\"2024-10-24T00:34:00+00:00\",\"mainEntityOfPage\":{\"@id\":\"https:\/\/apuntesdesanluis.com\/index.php\/2024\/10\/23\/el-gobierno-intimara-a-10-000-empleados-publicos-para-que-se-jubilen\/\"},\"wordCount\":544,\"publisher\":{\"@id\":\"https:\/\/apuntesdesanluis.com\/#\/schema\/person\/b55151d52296fcce64d1a72538a70b90\"},\"image\":{\"@id\":\"https:\/\/apuntesdesanluis.com\/index.php\/2024\/10\/23\/el-gobierno-intimara-a-10-000-empleados-publicos-para-que-se-jubilen\/#primaryimage\"},\"thumbnailUrl\":\"https:\/\/apuntesdesanluis.com\/wp-content\/uploads\/2023\/07\/anses-1024x576-1.png\",\"articleSection\":[\"Nacionales\/Internacionales\"],\"inLanguage\":\"es-AR\"},{\"@type\":\"WebPage\",\"@id\":\"https:\/\/apuntesdesanluis.com\/index.php\/2024\/10\/23\/el-gobierno-intimara-a-10-000-empleados-publicos-para-que-se-jubilen\/\",\"url\":\"https:\/\/apuntesdesanluis.com\/index.php\/2024\/10\/23\/el-gobierno-intimara-a-10-000-empleados-publicos-para-que-se-jubilen\/\",\"name\":\"EL GOBIERNO INTIMAR\u00c1 A 10.000 EMPLEADOS P\u00daBLICOS PARA QUE SE JUBILEN - Apuntes de San Luis\",\"isPartOf\":{\"@id\":\"https:\/\/apuntesdesanluis.com\/#website\"},\"primaryImageOfPage\":{\"@id\":\"https:\/\/apuntesdesanluis.com\/index.php\/2024\/10\/23\/el-gobierno-intimara-a-10-000-empleados-publicos-para-que-se-jubilen\/#primaryimage\"},\"image\":{\"@id\":\"https:\/\/apuntesdesanluis.com\/index.php\/2024\/10\/23\/el-gobierno-intimara-a-10-000-empleados-publicos-para-que-se-jubilen\/#primaryimage\"},\"thumbnailUrl\":\"https:\/\/apuntesdesanluis.com\/wp-content\/uploads\/2023\/07\/anses-1024x576-1.png\",\"datePublished\":\"2024-10-24T00:34:00+00:00\",\"breadcrumb\":{\"@id\":\"https:\/\/apuntesdesanluis.com\/index.php\/2024\/10\/23\/el-gobierno-intimara-a-10-000-empleados-publicos-para-que-se-jubilen\/#breadcrumb\"},\"inLanguage\":\"es-AR\",\"potentialAction\":[{\"@type\":\"ReadAction\",\"target\":[\"https:\/\/apuntesdesanluis.com\/index.php\/2024\/10\/23\/el-gobierno-intimara-a-10-000-empleados-publicos-para-que-se-jubilen\/\"]}]},{\"@type\":\"ImageObject\",\"inLanguage\":\"es-AR\",\"@id\":\"https:\/\/apuntesdesanluis.com\/index.php\/2024\/10\/23\/el-gobierno-intimara-a-10-000-empleados-publicos-para-que-se-jubilen\/#primaryimage\",\"url\":\"https:\/\/apuntesdesanluis.com\/wp-content\/uploads\/2023\/07\/anses-1024x576-1.png\",\"contentUrl\":\"https:\/\/apuntesdesanluis.com\/wp-content\/uploads\/2023\/07\/anses-1024x576-1.png\",\"width\":535,\"height\":329},{\"@type\":\"BreadcrumbList\",\"@id\":\"https:\/\/apuntesdesanluis.com\/index.php\/2024\/10\/23\/el-gobierno-intimara-a-10-000-empleados-publicos-para-que-se-jubilen\/#breadcrumb\",\"itemListElement\":[{\"@type\":\"ListItem\",\"position\":1,\"name\":\"Inicio\",\"item\":\"https:\/\/apuntesdesanluis.com\/\"},{\"@type\":\"ListItem\",\"position\":2,\"name\":\"EL GOBIERNO INTIMAR\u00c1 A 10.000 EMPLEADOS P\u00daBLICOS PARA QUE SE JUBILEN\"}]},{\"@type\":\"WebSite\",\"@id\":\"https:\/\/apuntesdesanluis.com\/#website\",\"url\":\"https:\/\/apuntesdesanluis.com\/\",\"name\":\"Apuntes de San Luis\",\"description\":\"\",\"publisher\":{\"@id\":\"https:\/\/apuntesdesanluis.com\/#\/schema\/person\/b55151d52296fcce64d1a72538a70b90\"},\"potentialAction\":[{\"@type\":\"SearchAction\",\"target\":{\"@type\":\"EntryPoint\",\"urlTemplate\":\"https:\/\/apuntesdesanluis.com\/?s={search_term_string}\"},\"query-input\":{\"@type\":\"PropertyValueSpecification\",\"valueRequired\":true,\"valueName\":\"search_term_string\"}}],\"inLanguage\":\"es-AR\"},{\"@type\":[\"Person\",\"Organization\"],\"@id\":\"https:\/\/apuntesdesanluis.com\/#\/schema\/person\/b55151d52296fcce64d1a72538a70b90\",\"name\":\"apuntesdesanluis.com\",\"image\":{\"@type\":\"ImageObject\",\"inLanguage\":\"es-AR\",\"@id\":\"https:\/\/apuntesdesanluis.com\/#\/schema\/person\/image\/\",\"url\":\"https:\/\/apuntesdesanluis.com\/wp-content\/uploads\/2023\/07\/cropped-apuntesdesanluis.png\",\"contentUrl\":\"https:\/\/apuntesdesanluis.com\/wp-content\/uploads\/2023\/07\/cropped-apuntesdesanluis.png\",\"width\":450,\"height\":112,\"caption\":\"apuntesdesanluis.com\"},\"logo\":{\"@id\":\"https:\/\/apuntesdesanluis.com\/#\/schema\/person\/image\/\"},\"sameAs\":[\"https:\/\/apuntesdesanluis.com\"],\"url\":\"https:\/\/apuntesdesanluis.com\/index.php\/author\/apuntesdesanluis-com\/\"}]}<\/script>\n<!-- \/ Yoast SEO plugin. -->","yoast_head_json":{"title":"EL GOBIERNO INTIMAR\u00c1 A 10.000 EMPLEADOS P\u00daBLICOS PARA QUE SE JUBILEN - Apuntes de San Luis","robots":{"index":"index","follow":"follow","max-snippet":"max-snippet:-1","max-image-preview":"max-image-preview:large","max-video-preview":"max-video-preview:-1"},"canonical":"https:\/\/apuntesdesanluis.com\/index.php\/2024\/10\/23\/el-gobierno-intimara-a-10-000-empleados-publicos-para-que-se-jubilen\/","og_locale":"es_ES","og_type":"article","og_title":"EL GOBIERNO INTIMAR\u00c1 A 10.000 EMPLEADOS P\u00daBLICOS PARA QUE SE JUBILEN - Apuntes de San Luis","og_description":"El Gobierno sigue adelante con su plan de motosierra y recortes en el Estado. Ahora...","og_url":"https:\/\/apuntesdesanluis.com\/index.php\/2024\/10\/23\/el-gobierno-intimara-a-10-000-empleados-publicos-para-que-se-jubilen\/","og_site_name":"Apuntes de San Luis","article_published_time":"2024-10-24T00:34:00+00:00","og_image":[{"width":535,"height":329,"url":"https:\/\/apuntesdesanluis.com\/wp-content\/uploads\/2023\/07\/anses-1024x576-1.png","type":"image\/png"}],"author":"apuntesdesanluis.com","twitter_card":"summary_large_image","twitter_misc":{"Escrito por":"apuntesdesanluis.com","Tiempo de lectura":"3 minutos"},"schema":{"@context":"https:\/\/schema.org","@graph":[{"@type":"Article","@id":"https:\/\/apuntesdesanluis.com\/index.php\/2024\/10\/23\/el-gobierno-intimara-a-10-000-empleados-publicos-para-que-se-jubilen\/#article","isPartOf":{"@id":"https:\/\/apuntesdesanluis.com\/index.php\/2024\/10\/23\/el-gobierno-intimara-a-10-000-empleados-publicos-para-que-se-jubilen\/"},"author":{"name":"apuntesdesanluis.com","@id":"https:\/\/apuntesdesanluis.com\/#\/schema\/person\/b55151d52296fcce64d1a72538a70b90"},"headline":"EL GOBIERNO INTIMAR\u00c1 A 10.000 EMPLEADOS P\u00daBLICOS PARA QUE SE JUBILEN","datePublished":"2024-10-24T00:34:00+00:00","mainEntityOfPage":{"@id":"https:\/\/apuntesdesanluis.com\/index.php\/2024\/10\/23\/el-gobierno-intimara-a-10-000-empleados-publicos-para-que-se-jubilen\/"},"wordCount":544,"publisher":{"@id":"https:\/\/apuntesdesanluis.com\/#\/schema\/person\/b55151d52296fcce64d1a72538a70b90"},"image":{"@id":"https:\/\/apuntesdesanluis.com\/index.php\/2024\/10\/23\/el-gobierno-intimara-a-10-000-empleados-publicos-para-que-se-jubilen\/#primaryimage"},"thumbnailUrl":"https:\/\/apuntesdesanluis.com\/wp-content\/uploads\/2023\/07\/anses-1024x576-1.png","articleSection":["Nacionales\/Internacionales"],"inLanguage":"es-AR"},{"@type":"WebPage","@id":"https:\/\/apuntesdesanluis.com\/index.php\/2024\/10\/23\/el-gobierno-intimara-a-10-000-empleados-publicos-para-que-se-jubilen\/","url":"https:\/\/apuntesdesanluis.com\/index.php\/2024\/10\/23\/el-gobierno-intimara-a-10-000-empleados-publicos-para-que-se-jubilen\/","name":"EL GOBIERNO INTIMAR\u00c1 A 10.000 EMPLEADOS P\u00daBLICOS PARA QUE SE JUBILEN - Apuntes de San Luis","isPartOf":{"@id":"https:\/\/apuntesdesanluis.com\/#website"},"primaryImageOfPage":{"@id":"https:\/\/apuntesdesanluis.com\/index.php\/2024\/10\/23\/el-gobierno-intimara-a-10-000-empleados-publicos-para-que-se-jubilen\/#primaryimage"},"image":{"@id":"https:\/\/apuntesdesanluis.com\/index.php\/2024\/10\/23\/el-gobierno-intimara-a-10-000-empleados-publicos-para-que-se-jubilen\/#primaryimage"},"thumbnailUrl":"https:\/\/apuntesdesanluis.com\/wp-content\/uploads\/2023\/07\/anses-1024x576-1.png","datePublished":"2024-10-24T00:34:00+00:00","breadcrumb":{"@id":"https:\/\/apuntesdesanluis.com\/index.php\/2024\/10\/23\/el-gobierno-intimara-a-10-000-empleados-publicos-para-que-se-jubilen\/#breadcrumb"},"inLanguage":"es-AR","potentialAction":[{"@type":"ReadAction","target":["https:\/\/apuntesdesanluis.com\/index.php\/2024\/10\/23\/el-gobierno-intimara-a-10-000-empleados-publicos-para-que-se-jubilen\/"]}]},{"@type":"ImageObject","inLanguage":"es-AR","@id":"https:\/\/apuntesdesanluis.com\/index.php\/2024\/10\/23\/el-gobierno-intimara-a-10-000-empleados-publicos-para-que-se-jubilen\/#primaryimage","url":"https:\/\/apuntesdesanluis.com\/wp-content\/uploads\/2023\/07\/anses-1024x576-1.png","contentUrl":"https:\/\/apuntesdesanluis.com\/wp-content\/uploads\/2023\/07\/anses-1024x576-1.png","width":535,"height":329},{"@type":"BreadcrumbList","@id":"https:\/\/apuntesdesanluis.com\/index.php\/2024\/10\/23\/el-gobierno-intimara-a-10-000-empleados-publicos-para-que-se-jubilen\/#breadcrumb","itemListElement":[{"@type":"ListItem","position":1,"name":"Inicio","item":"https:\/\/apuntesdesanluis.com\/"},{"@type":"ListItem","position":2,"name":"EL GOBIERNO INTIMAR\u00c1 A 10.000 EMPLEADOS P\u00daBLICOS PARA QUE SE JUBILEN"}]},{"@type":"WebSite","@id":"https:\/\/apuntesdesanluis.com\/#website","url":"https:\/\/apuntesdesanluis.com\/","name":"Apuntes de San Luis","description":"","publisher":{"@id":"https:\/\/apuntesdesanluis.com\/#\/schema\/person\/b55151d52296fcce64d1a72538a70b90"},"potentialAction":[{"@type":"SearchAction","target":{"@type":"EntryPoint","urlTemplate":"https:\/\/apuntesdesanluis.com\/?s={search_term_string}"},"query-input":{"@type":"PropertyValueSpecification","valueRequired":true,"valueName":"search_term_string"}}],"inLanguage":"es-AR"},{"@type":["Person","Organization"],"@id":"https:\/\/apuntesdesanluis.com\/#\/schema\/person\/b55151d52296fcce64d1a72538a70b90","name":"apuntesdesanluis.com","image":{"@type":"ImageObject","inLanguage":"es-AR","@id":"https:\/\/apuntesdesanluis.com\/#\/schema\/person\/image\/","url":"https:\/\/apuntesdesanluis.com\/wp-content\/uploads\/2023\/07\/cropped-apuntesdesanluis.png","contentUrl":"https:\/\/apuntesdesanluis.com\/wp-content\/uploads\/2023\/07\/cropped-apuntesdesanluis.png","width":450,"height":112,"caption":"apuntesdesanluis.com"},"logo":{"@id":"https:\/\/apuntesdesanluis.com\/#\/schema\/person\/image\/"},"sameAs":["https:\/\/apuntesdesanluis.com"],"url":"https:\/\/apuntesdesanluis.com\/index.php\/author\/apuntesdesanluis-com\/"}]}},"featured_image_urls":{"full":["https:\/\/apuntesdesanluis.com\/wp-content\/uploads\/2023\/07\/anses-1024x576-1.png",535,329,false],"thumbnail":["https:\/\/apuntesdesanluis.com\/wp-content\/uploads\/2023\/07\/anses-1024x576-1-150x150.png",150,150,true],"medium":["https:\/\/apuntesdesanluis.com\/wp-content\/uploads\/2023\/07\/anses-1024x576-1-300x184.png",300,184,true],"medium_large":["https:\/\/apuntesdesanluis.com\/wp-content\/uploads\/2023\/07\/anses-1024x576-1.png",535,329,false],"large":["https:\/\/apuntesdesanluis.com\/wp-content\/uploads\/2023\/07\/anses-1024x576-1.png",535,329,false],"1536x1536":["https:\/\/apuntesdesanluis.com\/wp-content\/uploads\/2023\/07\/anses-1024x576-1.png",535,329,false],"2048x2048":["https:\/\/apuntesdesanluis.com\/wp-content\/uploads\/2023\/07\/anses-1024x576-1.png",535,329,false],"newsever-slider-full":["https:\/\/apuntesdesanluis.com\/wp-content\/uploads\/2023\/07\/anses-1024x576-1.png",535,329,false],"newsever-featured":["https:\/\/apuntesdesanluis.com\/wp-content\/uploads\/2023\/07\/anses-1024x576-1.png",535,329,false],"newsever-medium":["https:\/\/apuntesdesanluis.com\/wp-content\/uploads\/2023\/07\/anses-1024x576-1.png",535,329,false]},"author_info":{"display_name":"apuntesdesanluis.com","author_link":"https:\/\/apuntesdesanluis.com\/index.php\/author\/apuntesdesanluis-com\/"},"category_info":"<a href=\"https:\/\/apuntesdesanluis.com\/index.php\/category\/nacionales-internacionales\/\" rel=\"category tag\">Nacionales\/Internacionales<\/a>","tag_info":"Nacionales\/Internacionales","comment_count":"0","_links":{"self":[{"href":"https:\/\/apuntesdesanluis.com\/index.php\/wp-json\/wp\/v2\/posts\/24296","targetHints":{"allow":["GET"]}}],"collection":[{"href":"https:\/\/apuntesdesanluis.com\/index.php\/wp-json\/wp\/v2\/posts"}],"about":[{"href":"https:\/\/apuntesdesanluis.com\/index.php\/wp-json\/wp\/v2\/types\/post"}],"author":[{"embeddable":true,"href":"https:\/\/apuntesdesanluis.com\/index.php\/wp-json\/wp\/v2\/users\/1"}],"replies":[{"embeddable":true,"href":"https:\/\/apuntesdesanluis.com\/index.php\/wp-json\/wp\/v2\/comments?post=24296"}],"version-history":[{"count":1,"href":"https:\/\/apuntesdesanluis.com\/index.php\/wp-json\/wp\/v2\/posts\/24296\/revisions"}],"predecessor-version":[{"id":24297,"href":"https:\/\/apuntesdesanluis.com\/index.php\/wp-json\/wp\/v2\/posts\/24296\/revisions\/24297"}],"wp:featuredmedia":[{"embeddable":true,"href":"https:\/\/apuntesdesanluis.com\/index.php\/wp-json\/wp\/v2\/media\/397"}],"wp:attachment":[{"href":"https:\/\/apuntesdesanluis.com\/index.php\/wp-json\/wp\/v2\/media?parent=24296"}],"wp:term":[{"taxonomy":"category","embeddable":true,"href":"https:\/\/apuntesdesanluis.com\/index.php\/wp-json\/wp\/v2\/categories?post=24296"},{"taxonomy":"post_tag","embeddable":true,"href":"https:\/\/apuntesdesanluis.com\/index.php\/wp-json\/wp\/v2\/tags?post=24296"}],"curies":[{"name":"wp","href":"https:\/\/api.w.org\/{rel}","templated":true}]}}