{"id":24299,"date":"2024-10-24T15:27:13","date_gmt":"2024-10-24T18:27:13","guid":{"rendered":"https:\/\/apuntesdesanluis.com\/?p=24299"},"modified":"2024-10-24T15:27:13","modified_gmt":"2024-10-24T18:27:13","slug":"aplicaron-la-pena-natural-contra-el-padre-que-olvido-a-su-hijo-encerrado-en-el-auto-durante-horas-y-murio","status":"publish","type":"post","link":"https:\/\/apuntesdesanluis.com\/index.php\/2024\/10\/24\/aplicaron-la-pena-natural-contra-el-padre-que-olvido-a-su-hijo-encerrado-en-el-auto-durante-horas-y-murio\/","title":{"rendered":"APLICARON LA &#8220;PENA NATURAL&#8221; CONTRA EL PADRE QUE OLVID\u00d3 A SU HIJO ENCERRADO EN EL AUTO DURANTE HORAS Y MURI\u00d3"},"content":{"rendered":"<h3>Al padre que olvid\u00f3 a su hijo encerrado en el auto durante horas y muri\u00f3 d\u00edas despu\u00e9s en el hospital en marzo de este a\u00f1o en Neuqu\u00e9n se le aplic\u00f3 la pena natural, motivo por el cual no va a ir a la c\u00e1rcel.<\/h3>\n<h3>El hecho ocurri\u00f3 a mediados de marzo cuando trascendi\u00f3 la noticia de que un padre deb\u00eda llevar a su hijo de 3 a\u00f1os al jard\u00edn, pero se dirigi\u00f3 hasta su trabajo, se baj\u00f3 y olvid\u00f3 al ni\u00f1o dentro del auto durante horas.<\/h3>\n<h3>El menor -de nombre Genaro- muri\u00f3 nueve d\u00edas despu\u00e9s de haber ingresado a la cl\u00ednica San Lucas con da\u00f1o neurol\u00f3gico grave, producto del sofocamiento que le produjo el encierro.<\/h3>\n<h3>De la pesquisa se comprob\u00f3 que el chico permaneci\u00f3 dentro del auto durante seis horas, estacionado en la calle Chrestia al 500 de la capital neuquina, hasta que su madre lo encontr\u00f3 all\u00ed, desvanecido y con marcas en el cuerpo producidas por el propio ni\u00f1o con la idea de soltarse del asiento.<\/h3>\n<h3>Frente a esta situaci\u00f3n, se inici\u00f3 una investigaci\u00f3n en la que se concluy\u00f3 que &#8220;no hubo intencionalidad&#8221; de parte de los progenitores; y que se trat\u00f3 solo de &#8220;negligencia&#8221;.<\/h3>\n<h3>De este modo, en las \u00faltimas horas el Ministerio P\u00fablico Fiscal de la provincia confirm\u00f3 que al hombre se le aplic\u00f3 la pena natural, algo que se preve\u00eda tras la resoluci\u00f3n de la investigaci\u00f3n.<\/h3>\n<h3>\u201cLa base legal para esta resoluci\u00f3n fue el art\u00edculo 106 inciso 3 del C\u00f3digo Procesal Penal de Neuqu\u00e9n, que prev\u00e9 que un criterio de oportunidad &#8211; como lo es la pena natural &#8211; puede aplicarse cuando \u2018el imputado haya sufrido a consecuencia del hecho un da\u00f1o f\u00edsico o moral grave que torne innecesaria y desproporcionada la aplicaci\u00f3n de una pena\u2019\u201d, destaca el escrito del MPF.<\/h3>\n<h3>El fiscal del caso, Andr\u00e9s Azar, sostuvo en la resoluci\u00f3n firmada que \u201cno podemos dejar de reparar en que nos encontramos aqu\u00ed ante un suceso en el cual el acusado es el responsable de la muerte de su hijo aunque, claro est\u00e1, no es un dato menor que dicha muerte no fue querida ni buscada por el imputado, sino consecuencia de su negligente conducta\u201d.<\/h3>\n<h3>En el argumento se plante\u00f3 que por los testimonios de testigos del hecho y de personas del entorno familiar del padre y del ni\u00f1o, surgi\u00f3 \u201cque nos hallamos ante una actitud negligente de parte del padre\u2026\u201d.<\/h3>\n<h3>La autopsia del menor revel\u00f3 que \u201cla causa de la muerte fue asfixia por confinamiento\u201d y se destac\u00f3 que \u201cno se observaron lesiones de reciente o antigua data compatibles con maltrato f\u00edsico\u201d.<\/h3>\n<p>&nbsp;<\/p>\n<p>&nbsp;<\/p>\n<p>&nbsp;<\/p>\n<p>&nbsp;<\/p>\n<p>&nbsp;<\/p>\n","protected":false},"excerpt":{"rendered":"<p>Al padre que olvid\u00f3 a su hijo encerrado en el auto durante horas y muri\u00f3&#8230;<\/p>\n","protected":false},"author":1,"featured_media":24300,"comment_status":"closed","ping_status":"closed","sticky":false,"template":"","format":"standard","meta":{"footnotes":""},"categories":[5],"tags":[],"class_list":["post-24299","post","type-post","status-publish","format-standard","has-post-thumbnail","hentry","category-nacionales-internacionales"],"yoast_head":"<!-- This site is optimized with the Yoast SEO plugin v26.1.1 - https:\/\/yoast.com\/wordpress\/plugins\/seo\/ -->\n<title>APLICARON LA &quot;PENA NATURAL&quot; CONTRA EL PADRE QUE OLVID\u00d3 A SU HIJO ENCERRADO EN EL AUTO DURANTE HORAS Y MURI\u00d3 - Apuntes de San Luis<\/title>\n<meta name=\"robots\" content=\"index, follow, max-snippet:-1, max-image-preview:large, max-video-preview:-1\" \/>\n<link rel=\"canonical\" href=\"https:\/\/apuntesdesanluis.com\/index.php\/2024\/10\/24\/aplicaron-la-pena-natural-contra-el-padre-que-olvido-a-su-hijo-encerrado-en-el-auto-durante-horas-y-murio\/\" \/>\n<meta property=\"og:locale\" content=\"es_ES\" \/>\n<meta property=\"og:type\" content=\"article\" \/>\n<meta property=\"og:title\" content=\"APLICARON LA &quot;PENA NATURAL&quot; CONTRA EL PADRE QUE OLVID\u00d3 A SU HIJO ENCERRADO EN EL AUTO DURANTE HORAS Y MURI\u00d3 - Apuntes de San Luis\" \/>\n<meta property=\"og:description\" content=\"Al padre que olvid\u00f3 a su hijo encerrado en el auto durante horas y muri\u00f3...\" \/>\n<meta property=\"og:url\" content=\"https:\/\/apuntesdesanluis.com\/index.php\/2024\/10\/24\/aplicaron-la-pena-natural-contra-el-padre-que-olvido-a-su-hijo-encerrado-en-el-auto-durante-horas-y-murio\/\" \/>\n<meta property=\"og:site_name\" content=\"Apuntes de San Luis\" \/>\n<meta property=\"article:published_time\" content=\"2024-10-24T18:27:13+00:00\" \/>\n<meta property=\"og:image\" content=\"https:\/\/apuntesdesanluis.com\/wp-content\/uploads\/2024\/10\/360.webp\" \/>\n\t<meta property=\"og:image:width\" content=\"540\" \/>\n\t<meta property=\"og:image:height\" content=\"360\" \/>\n\t<meta property=\"og:image:type\" content=\"image\/webp\" \/>\n<meta name=\"author\" content=\"apuntesdesanluis.com\" \/>\n<meta name=\"twitter:card\" content=\"summary_large_image\" \/>\n<meta name=\"twitter:label1\" content=\"Escrito por\" \/>\n\t<meta name=\"twitter:data1\" content=\"apuntesdesanluis.com\" \/>\n\t<meta name=\"twitter:label2\" content=\"Tiempo de lectura\" \/>\n\t<meta name=\"twitter:data2\" content=\"3 minutos\" \/>\n<script type=\"application\/ld+json\" class=\"yoast-schema-graph\">{\"@context\":\"https:\/\/schema.org\",\"@graph\":[{\"@type\":\"Article\",\"@id\":\"https:\/\/apuntesdesanluis.com\/index.php\/2024\/10\/24\/aplicaron-la-pena-natural-contra-el-padre-que-olvido-a-su-hijo-encerrado-en-el-auto-durante-horas-y-murio\/#article\",\"isPartOf\":{\"@id\":\"https:\/\/apuntesdesanluis.com\/index.php\/2024\/10\/24\/aplicaron-la-pena-natural-contra-el-padre-que-olvido-a-su-hijo-encerrado-en-el-auto-durante-horas-y-murio\/\"},\"author\":{\"name\":\"apuntesdesanluis.com\",\"@id\":\"https:\/\/apuntesdesanluis.com\/#\/schema\/person\/b55151d52296fcce64d1a72538a70b90\"},\"headline\":\"APLICARON LA &#8220;PENA NATURAL&#8221; CONTRA EL PADRE QUE OLVID\u00d3 A SU HIJO ENCERRADO EN EL AUTO DURANTE HORAS Y MURI\u00d3\",\"datePublished\":\"2024-10-24T18:27:13+00:00\",\"mainEntityOfPage\":{\"@id\":\"https:\/\/apuntesdesanluis.com\/index.php\/2024\/10\/24\/aplicaron-la-pena-natural-contra-el-padre-que-olvido-a-su-hijo-encerrado-en-el-auto-durante-horas-y-murio\/\"},\"wordCount\":480,\"publisher\":{\"@id\":\"https:\/\/apuntesdesanluis.com\/#\/schema\/person\/b55151d52296fcce64d1a72538a70b90\"},\"image\":{\"@id\":\"https:\/\/apuntesdesanluis.com\/index.php\/2024\/10\/24\/aplicaron-la-pena-natural-contra-el-padre-que-olvido-a-su-hijo-encerrado-en-el-auto-durante-horas-y-murio\/#primaryimage\"},\"thumbnailUrl\":\"https:\/\/apuntesdesanluis.com\/wp-content\/uploads\/2024\/10\/360.webp\",\"articleSection\":[\"Nacionales\/Internacionales\"],\"inLanguage\":\"es-AR\"},{\"@type\":\"WebPage\",\"@id\":\"https:\/\/apuntesdesanluis.com\/index.php\/2024\/10\/24\/aplicaron-la-pena-natural-contra-el-padre-que-olvido-a-su-hijo-encerrado-en-el-auto-durante-horas-y-murio\/\",\"url\":\"https:\/\/apuntesdesanluis.com\/index.php\/2024\/10\/24\/aplicaron-la-pena-natural-contra-el-padre-que-olvido-a-su-hijo-encerrado-en-el-auto-durante-horas-y-murio\/\",\"name\":\"APLICARON LA \\\"PENA NATURAL\\\" CONTRA EL PADRE QUE OLVID\u00d3 A SU HIJO ENCERRADO EN EL AUTO DURANTE HORAS Y MURI\u00d3 - Apuntes de San Luis\",\"isPartOf\":{\"@id\":\"https:\/\/apuntesdesanluis.com\/#website\"},\"primaryImageOfPage\":{\"@id\":\"https:\/\/apuntesdesanluis.com\/index.php\/2024\/10\/24\/aplicaron-la-pena-natural-contra-el-padre-que-olvido-a-su-hijo-encerrado-en-el-auto-durante-horas-y-murio\/#primaryimage\"},\"image\":{\"@id\":\"https:\/\/apuntesdesanluis.com\/index.php\/2024\/10\/24\/aplicaron-la-pena-natural-contra-el-padre-que-olvido-a-su-hijo-encerrado-en-el-auto-durante-horas-y-murio\/#primaryimage\"},\"thumbnailUrl\":\"https:\/\/apuntesdesanluis.com\/wp-content\/uploads\/2024\/10\/360.webp\",\"datePublished\":\"2024-10-24T18:27:13+00:00\",\"breadcrumb\":{\"@id\":\"https:\/\/apuntesdesanluis.com\/index.php\/2024\/10\/24\/aplicaron-la-pena-natural-contra-el-padre-que-olvido-a-su-hijo-encerrado-en-el-auto-durante-horas-y-murio\/#breadcrumb\"},\"inLanguage\":\"es-AR\",\"potentialAction\":[{\"@type\":\"ReadAction\",\"target\":[\"https:\/\/apuntesdesanluis.com\/index.php\/2024\/10\/24\/aplicaron-la-pena-natural-contra-el-padre-que-olvido-a-su-hijo-encerrado-en-el-auto-durante-horas-y-murio\/\"]}]},{\"@type\":\"ImageObject\",\"inLanguage\":\"es-AR\",\"@id\":\"https:\/\/apuntesdesanluis.com\/index.php\/2024\/10\/24\/aplicaron-la-pena-natural-contra-el-padre-que-olvido-a-su-hijo-encerrado-en-el-auto-durante-horas-y-murio\/#primaryimage\",\"url\":\"https:\/\/apuntesdesanluis.com\/wp-content\/uploads\/2024\/10\/360.webp\",\"contentUrl\":\"https:\/\/apuntesdesanluis.com\/wp-content\/uploads\/2024\/10\/360.webp\",\"width\":540,\"height\":360},{\"@type\":\"BreadcrumbList\",\"@id\":\"https:\/\/apuntesdesanluis.com\/index.php\/2024\/10\/24\/aplicaron-la-pena-natural-contra-el-padre-que-olvido-a-su-hijo-encerrado-en-el-auto-durante-horas-y-murio\/#breadcrumb\",\"itemListElement\":[{\"@type\":\"ListItem\",\"position\":1,\"name\":\"Inicio\",\"item\":\"https:\/\/apuntesdesanluis.com\/\"},{\"@type\":\"ListItem\",\"position\":2,\"name\":\"APLICARON LA &#8220;PENA NATURAL&#8221; CONTRA EL PADRE QUE OLVID\u00d3 A SU HIJO ENCERRADO EN EL AUTO DURANTE HORAS Y MURI\u00d3\"}]},{\"@type\":\"WebSite\",\"@id\":\"https:\/\/apuntesdesanluis.com\/#website\",\"url\":\"https:\/\/apuntesdesanluis.com\/\",\"name\":\"Apuntes de San Luis\",\"description\":\"\",\"publisher\":{\"@id\":\"https:\/\/apuntesdesanluis.com\/#\/schema\/person\/b55151d52296fcce64d1a72538a70b90\"},\"potentialAction\":[{\"@type\":\"SearchAction\",\"target\":{\"@type\":\"EntryPoint\",\"urlTemplate\":\"https:\/\/apuntesdesanluis.com\/?s={search_term_string}\"},\"query-input\":{\"@type\":\"PropertyValueSpecification\",\"valueRequired\":true,\"valueName\":\"search_term_string\"}}],\"inLanguage\":\"es-AR\"},{\"@type\":[\"Person\",\"Organization\"],\"@id\":\"https:\/\/apuntesdesanluis.com\/#\/schema\/person\/b55151d52296fcce64d1a72538a70b90\",\"name\":\"apuntesdesanluis.com\",\"image\":{\"@type\":\"ImageObject\",\"inLanguage\":\"es-AR\",\"@id\":\"https:\/\/apuntesdesanluis.com\/#\/schema\/person\/image\/\",\"url\":\"https:\/\/apuntesdesanluis.com\/wp-content\/uploads\/2023\/07\/cropped-apuntesdesanluis.png\",\"contentUrl\":\"https:\/\/apuntesdesanluis.com\/wp-content\/uploads\/2023\/07\/cropped-apuntesdesanluis.png\",\"width\":450,\"height\":112,\"caption\":\"apuntesdesanluis.com\"},\"logo\":{\"@id\":\"https:\/\/apuntesdesanluis.com\/#\/schema\/person\/image\/\"},\"sameAs\":[\"https:\/\/apuntesdesanluis.com\"],\"url\":\"https:\/\/apuntesdesanluis.com\/index.php\/author\/apuntesdesanluis-com\/\"}]}<\/script>\n<!-- \/ Yoast SEO plugin. -->","yoast_head_json":{"title":"APLICARON LA \"PENA NATURAL\" CONTRA EL PADRE QUE OLVID\u00d3 A SU HIJO ENCERRADO EN EL AUTO DURANTE HORAS Y MURI\u00d3 - Apuntes de San Luis","robots":{"index":"index","follow":"follow","max-snippet":"max-snippet:-1","max-image-preview":"max-image-preview:large","max-video-preview":"max-video-preview:-1"},"canonical":"https:\/\/apuntesdesanluis.com\/index.php\/2024\/10\/24\/aplicaron-la-pena-natural-contra-el-padre-que-olvido-a-su-hijo-encerrado-en-el-auto-durante-horas-y-murio\/","og_locale":"es_ES","og_type":"article","og_title":"APLICARON LA \"PENA NATURAL\" CONTRA EL PADRE QUE OLVID\u00d3 A SU HIJO ENCERRADO EN EL AUTO DURANTE HORAS Y MURI\u00d3 - Apuntes de San Luis","og_description":"Al padre que olvid\u00f3 a su hijo encerrado en el auto durante horas y muri\u00f3...","og_url":"https:\/\/apuntesdesanluis.com\/index.php\/2024\/10\/24\/aplicaron-la-pena-natural-contra-el-padre-que-olvido-a-su-hijo-encerrado-en-el-auto-durante-horas-y-murio\/","og_site_name":"Apuntes de San Luis","article_published_time":"2024-10-24T18:27:13+00:00","og_image":[{"width":540,"height":360,"url":"https:\/\/apuntesdesanluis.com\/wp-content\/uploads\/2024\/10\/360.webp","type":"image\/webp"}],"author":"apuntesdesanluis.com","twitter_card":"summary_large_image","twitter_misc":{"Escrito por":"apuntesdesanluis.com","Tiempo de lectura":"3 minutos"},"schema":{"@context":"https:\/\/schema.org","@graph":[{"@type":"Article","@id":"https:\/\/apuntesdesanluis.com\/index.php\/2024\/10\/24\/aplicaron-la-pena-natural-contra-el-padre-que-olvido-a-su-hijo-encerrado-en-el-auto-durante-horas-y-murio\/#article","isPartOf":{"@id":"https:\/\/apuntesdesanluis.com\/index.php\/2024\/10\/24\/aplicaron-la-pena-natural-contra-el-padre-que-olvido-a-su-hijo-encerrado-en-el-auto-durante-horas-y-murio\/"},"author":{"name":"apuntesdesanluis.com","@id":"https:\/\/apuntesdesanluis.com\/#\/schema\/person\/b55151d52296fcce64d1a72538a70b90"},"headline":"APLICARON LA &#8220;PENA NATURAL&#8221; CONTRA EL PADRE QUE OLVID\u00d3 A SU HIJO ENCERRADO EN EL AUTO DURANTE HORAS Y MURI\u00d3","datePublished":"2024-10-24T18:27:13+00:00","mainEntityOfPage":{"@id":"https:\/\/apuntesdesanluis.com\/index.php\/2024\/10\/24\/aplicaron-la-pena-natural-contra-el-padre-que-olvido-a-su-hijo-encerrado-en-el-auto-durante-horas-y-murio\/"},"wordCount":480,"publisher":{"@id":"https:\/\/apuntesdesanluis.com\/#\/schema\/person\/b55151d52296fcce64d1a72538a70b90"},"image":{"@id":"https:\/\/apuntesdesanluis.com\/index.php\/2024\/10\/24\/aplicaron-la-pena-natural-contra-el-padre-que-olvido-a-su-hijo-encerrado-en-el-auto-durante-horas-y-murio\/#primaryimage"},"thumbnailUrl":"https:\/\/apuntesdesanluis.com\/wp-content\/uploads\/2024\/10\/360.webp","articleSection":["Nacionales\/Internacionales"],"inLanguage":"es-AR"},{"@type":"WebPage","@id":"https:\/\/apuntesdesanluis.com\/index.php\/2024\/10\/24\/aplicaron-la-pena-natural-contra-el-padre-que-olvido-a-su-hijo-encerrado-en-el-auto-durante-horas-y-murio\/","url":"https:\/\/apuntesdesanluis.com\/index.php\/2024\/10\/24\/aplicaron-la-pena-natural-contra-el-padre-que-olvido-a-su-hijo-encerrado-en-el-auto-durante-horas-y-murio\/","name":"APLICARON LA \"PENA NATURAL\" CONTRA EL PADRE QUE OLVID\u00d3 A SU HIJO ENCERRADO EN EL AUTO DURANTE HORAS Y MURI\u00d3 - Apuntes de San Luis","isPartOf":{"@id":"https:\/\/apuntesdesanluis.com\/#website"},"primaryImageOfPage":{"@id":"https:\/\/apuntesdesanluis.com\/index.php\/2024\/10\/24\/aplicaron-la-pena-natural-contra-el-padre-que-olvido-a-su-hijo-encerrado-en-el-auto-durante-horas-y-murio\/#primaryimage"},"image":{"@id":"https:\/\/apuntesdesanluis.com\/index.php\/2024\/10\/24\/aplicaron-la-pena-natural-contra-el-padre-que-olvido-a-su-hijo-encerrado-en-el-auto-durante-horas-y-murio\/#primaryimage"},"thumbnailUrl":"https:\/\/apuntesdesanluis.com\/wp-content\/uploads\/2024\/10\/360.webp","datePublished":"2024-10-24T18:27:13+00:00","breadcrumb":{"@id":"https:\/\/apuntesdesanluis.com\/index.php\/2024\/10\/24\/aplicaron-la-pena-natural-contra-el-padre-que-olvido-a-su-hijo-encerrado-en-el-auto-durante-horas-y-murio\/#breadcrumb"},"inLanguage":"es-AR","potentialAction":[{"@type":"ReadAction","target":["https:\/\/apuntesdesanluis.com\/index.php\/2024\/10\/24\/aplicaron-la-pena-natural-contra-el-padre-que-olvido-a-su-hijo-encerrado-en-el-auto-durante-horas-y-murio\/"]}]},{"@type":"ImageObject","inLanguage":"es-AR","@id":"https:\/\/apuntesdesanluis.com\/index.php\/2024\/10\/24\/aplicaron-la-pena-natural-contra-el-padre-que-olvido-a-su-hijo-encerrado-en-el-auto-durante-horas-y-murio\/#primaryimage","url":"https:\/\/apuntesdesanluis.com\/wp-content\/uploads\/2024\/10\/360.webp","contentUrl":"https:\/\/apuntesdesanluis.com\/wp-content\/uploads\/2024\/10\/360.webp","width":540,"height":360},{"@type":"BreadcrumbList","@id":"https:\/\/apuntesdesanluis.com\/index.php\/2024\/10\/24\/aplicaron-la-pena-natural-contra-el-padre-que-olvido-a-su-hijo-encerrado-en-el-auto-durante-horas-y-murio\/#breadcrumb","itemListElement":[{"@type":"ListItem","position":1,"name":"Inicio","item":"https:\/\/apuntesdesanluis.com\/"},{"@type":"ListItem","position":2,"name":"APLICARON LA &#8220;PENA NATURAL&#8221; CONTRA EL PADRE QUE OLVID\u00d3 A SU HIJO ENCERRADO EN EL AUTO DURANTE HORAS Y MURI\u00d3"}]},{"@type":"WebSite","@id":"https:\/\/apuntesdesanluis.com\/#website","url":"https:\/\/apuntesdesanluis.com\/","name":"Apuntes de San Luis","description":"","publisher":{"@id":"https:\/\/apuntesdesanluis.com\/#\/schema\/person\/b55151d52296fcce64d1a72538a70b90"},"potentialAction":[{"@type":"SearchAction","target":{"@type":"EntryPoint","urlTemplate":"https:\/\/apuntesdesanluis.com\/?s={search_term_string}"},"query-input":{"@type":"PropertyValueSpecification","valueRequired":true,"valueName":"search_term_string"}}],"inLanguage":"es-AR"},{"@type":["Person","Organization"],"@id":"https:\/\/apuntesdesanluis.com\/#\/schema\/person\/b55151d52296fcce64d1a72538a70b90","name":"apuntesdesanluis.com","image":{"@type":"ImageObject","inLanguage":"es-AR","@id":"https:\/\/apuntesdesanluis.com\/#\/schema\/person\/image\/","url":"https:\/\/apuntesdesanluis.com\/wp-content\/uploads\/2023\/07\/cropped-apuntesdesanluis.png","contentUrl":"https:\/\/apuntesdesanluis.com\/wp-content\/uploads\/2023\/07\/cropped-apuntesdesanluis.png","width":450,"height":112,"caption":"apuntesdesanluis.com"},"logo":{"@id":"https:\/\/apuntesdesanluis.com\/#\/schema\/person\/image\/"},"sameAs":["https:\/\/apuntesdesanluis.com"],"url":"https:\/\/apuntesdesanluis.com\/index.php\/author\/apuntesdesanluis-com\/"}]}},"featured_image_urls":{"full":["https:\/\/apuntesdesanluis.com\/wp-content\/uploads\/2024\/10\/360.webp",540,360,false],"thumbnail":["https:\/\/apuntesdesanluis.com\/wp-content\/uploads\/2024\/10\/360-150x150.webp",150,150,true],"medium":["https:\/\/apuntesdesanluis.com\/wp-content\/uploads\/2024\/10\/360-300x200.webp",300,200,true],"medium_large":["https:\/\/apuntesdesanluis.com\/wp-content\/uploads\/2024\/10\/360.webp",540,360,false],"large":["https:\/\/apuntesdesanluis.com\/wp-content\/uploads\/2024\/10\/360.webp",540,360,false],"1536x1536":["https:\/\/apuntesdesanluis.com\/wp-content\/uploads\/2024\/10\/360.webp",540,360,false],"2048x2048":["https:\/\/apuntesdesanluis.com\/wp-content\/uploads\/2024\/10\/360.webp",540,360,false],"newsever-slider-full":["https:\/\/apuntesdesanluis.com\/wp-content\/uploads\/2024\/10\/360.webp",540,360,false],"newsever-featured":["https:\/\/apuntesdesanluis.com\/wp-content\/uploads\/2024\/10\/360.webp",540,360,false],"newsever-medium":["https:\/\/apuntesdesanluis.com\/wp-content\/uploads\/2024\/10\/360.webp",540,360,false]},"author_info":{"display_name":"apuntesdesanluis.com","author_link":"https:\/\/apuntesdesanluis.com\/index.php\/author\/apuntesdesanluis-com\/"},"category_info":"<a href=\"https:\/\/apuntesdesanluis.com\/index.php\/category\/nacionales-internacionales\/\" rel=\"category tag\">Nacionales\/Internacionales<\/a>","tag_info":"Nacionales\/Internacionales","comment_count":"0","_links":{"self":[{"href":"https:\/\/apuntesdesanluis.com\/index.php\/wp-json\/wp\/v2\/posts\/24299","targetHints":{"allow":["GET"]}}],"collection":[{"href":"https:\/\/apuntesdesanluis.com\/index.php\/wp-json\/wp\/v2\/posts"}],"about":[{"href":"https:\/\/apuntesdesanluis.com\/index.php\/wp-json\/wp\/v2\/types\/post"}],"author":[{"embeddable":true,"href":"https:\/\/apuntesdesanluis.com\/index.php\/wp-json\/wp\/v2\/users\/1"}],"replies":[{"embeddable":true,"href":"https:\/\/apuntesdesanluis.com\/index.php\/wp-json\/wp\/v2\/comments?post=24299"}],"version-history":[{"count":1,"href":"https:\/\/apuntesdesanluis.com\/index.php\/wp-json\/wp\/v2\/posts\/24299\/revisions"}],"predecessor-version":[{"id":24301,"href":"https:\/\/apuntesdesanluis.com\/index.php\/wp-json\/wp\/v2\/posts\/24299\/revisions\/24301"}],"wp:featuredmedia":[{"embeddable":true,"href":"https:\/\/apuntesdesanluis.com\/index.php\/wp-json\/wp\/v2\/media\/24300"}],"wp:attachment":[{"href":"https:\/\/apuntesdesanluis.com\/index.php\/wp-json\/wp\/v2\/media?parent=24299"}],"wp:term":[{"taxonomy":"category","embeddable":true,"href":"https:\/\/apuntesdesanluis.com\/index.php\/wp-json\/wp\/v2\/categories?post=24299"},{"taxonomy":"post_tag","embeddable":true,"href":"https:\/\/apuntesdesanluis.com\/index.php\/wp-json\/wp\/v2\/tags?post=24299"}],"curies":[{"name":"wp","href":"https:\/\/api.w.org\/{rel}","templated":true}]}}