{"id":24302,"date":"2024-10-24T20:33:53","date_gmt":"2024-10-24T23:33:53","guid":{"rendered":"https:\/\/apuntesdesanluis.com\/?p=24302"},"modified":"2024-10-24T20:33:53","modified_gmt":"2024-10-24T23:33:53","slug":"la-punta-sera-sede-de-la-expo-innova-conciencia","status":"publish","type":"post","link":"https:\/\/apuntesdesanluis.com\/index.php\/2024\/10\/24\/la-punta-sera-sede-de-la-expo-innova-conciencia\/","title":{"rendered":"LA PUNTA SER\u00c1 SEDE DE LA \u2018EXPO INNOVA CONCIENCIA\u2019"},"content":{"rendered":"<h3>El pr\u00f3ximo 15 y 16 de noviembre, el Centro de Convenciones de la ciudad de <strong>La Punta<\/strong> ser\u00e1 sede de dos emocionantes jornadas de vinculaci\u00f3n entre empresas del sector tecnol\u00f3gico, institutos de investigaci\u00f3n a nivel nacional, investigadores, emprendedores y la comunidad en general, que tendr\u00e1 la posibilidad de conocer las investigaciones, desarrollos y productos tecnol\u00f3gicos de origen local. La \u2018Expo Innova ConCiencia\u2019 contar\u00e1 con disertaciones de destacados actores del sector tecnol\u00f3gico y ser\u00e1 la antesala de la premiaci\u00f3n a la \u2018Innovaci\u00f3n Sanluise\u00f1a\u2019.<\/h3>\n<h3>\u201cNos complace anunciar a la provincia de San Luis, a toda la comunidad, la \u2018Expo Innova ConCiencia\u2019, una exposici\u00f3n de tecnolog\u00eda, rob\u00f3tica, biotecnolog\u00eda y de vinculaci\u00f3n con las empresas del medio p\u00fablico y privado, con presencias de referentes nacionales, internacionales y todas nuestras empresas vinculadas\u201d, inform\u00f3 este jueves <strong>Alfonso Verg\u00e9s<\/strong>, ministro de Ciencia e Innovaci\u00f3n.<\/h3>\n<p><iframe title=\"Expo Innova ConCiencia\" width=\"640\" height=\"360\" src=\"https:\/\/www.youtube.com\/embed\/n6xb0CYc080?feature=oembed\" frameborder=\"0\" allow=\"accelerometer; autoplay; clipboard-write; encrypted-media; gyroscope; picture-in-picture; web-share\" referrerpolicy=\"strict-origin-when-cross-origin\" allowfullscreen><\/iframe><\/p>\n<h3>La iniciativa implica \u201cun esfuerzo enorme porque es la primer gran apuesta que tenemos en identificar a todas estas empresas que trabajan arduamente en estos temas y a las que vamos a poder agrupar para que desde el Estado, con todos los organismos vinculados como el Conicet, el INTA, el INTI puedan aplicar sus investigaciones y trabajar para hacer grande la provincia, para apostar a la Argentina. Desde San Luis estamos trabajando con esta ideolog\u00eda, en medio de una situaci\u00f3n compleja en la que la ciencia, la innovaci\u00f3n y la tecnolog\u00eda afrontan situaciones de mucha dificultad\u201d, se explay\u00f3 el ministro.<\/h3>\n<h3>La apertura del evento ser\u00e1 el viernes 15 de noviembre a las 14:00, con stands y tres disertaciones, el cierre est\u00e1 previsto para las 18:00. El s\u00e1bado 16 la expo abrir\u00e1 sus puertas a las 09:00 hasta las 16:00. En ambas jornadas pasar\u00e1n por el escenario para contar sus experiencias Mat\u00edas Centeno, Ra\u00fal Andr\u00e9s Gil, Mar\u00eda Guadalupe Garc\u00eda, Gabriel Tonetti, Guillermo Catuongo y Gino Tubaro. Tambi\u00e9n participar\u00e1n escuelas de La Punta.<\/h3>\n<h3><strong>Luis Quintas<\/strong>, rector de la Universidad de La Punta (ULP), acompa\u00f1\u00f3 a Verg\u00e9s en la conferencia y destac\u00f3 que se \u201cha puesto en marcha algo que en realidad no es f\u00e1cil de llevar a cabo y que son iniciativas que nosotros acompa\u00f1amos desde la Universidad de la Punta, ya que en la instituci\u00f3n est\u00e1 orientada a la tecnolog\u00eda. Agradecemos la generosidad de que se nos permita trabajar en forma conjunta\u201d.<\/h3>\n<h3>\u201cSi queremos mayor calidad de vida, las instituciones tienen que tener las caracter\u00edsticas que corresponden y en este sentido estamos trabajando. Poder participar y agregar nuestro apoyo a la gesti\u00f3n que est\u00e1 llevando a cabo Alfonso con esta exposici\u00f3n tiene un tinte especial porque los secretarios de Tecnolog\u00eda, los ministros de Tecnolog\u00eda, de Ciencia e Innovaci\u00f3n de las distintas jurisdicciones estamos tratando de poner en vidriera la articulaci\u00f3n p\u00fablico-privada. Segundo, revalorizar lo que significan los organismos de investigaci\u00f3n para la provincia de San Luis y para la Argentina\u201d, sum\u00f3.<\/h3>\n<p><img fetchpriority=\"high\" decoding=\"async\" class=\"wp-image-24305 aligncenter\" src=\"https:\/\/apuntesdesanluis.com\/wp-content\/uploads\/2024\/10\/EXPO-IINOVA-296x300.png\" alt=\"\" width=\"674\" height=\"683\" srcset=\"https:\/\/apuntesdesanluis.com\/wp-content\/uploads\/2024\/10\/EXPO-IINOVA-296x300.png 296w, https:\/\/apuntesdesanluis.com\/wp-content\/uploads\/2024\/10\/EXPO-IINOVA.png 684w\" sizes=\"(max-width: 674px) 100vw, 674px\" \/><\/p>\n<h3><strong>UN PREMIO A LA INNOVACI\u00d3N<\/strong><\/h3>\n<h3><strong>Marcos Lucero<\/strong>, secretario de Extensi\u00f3n y Vinculaci\u00f3n (ULP), fue el encargado de dar detalles del \u2018Premio a la Innovaci\u00f3n Sanluise\u00f1a\u2019, un certamen dirigido a j\u00f3venes cient\u00edficos que est\u00e9n en el nivel universitario y que presenten proyectos de productos o servicios que puedan ser transferidos al sector productivo provincial, uno de los ejes principales de la gesti\u00f3n del gobernador Poggi, para generar mayores fuentes de trabajo en el sector privado. Tiende a que el conocimiento, la ciencia, la tecnolog\u00eda y lo que se genera en las universidades pueda ser volcado al sector privado\u201d, explic\u00f3.<\/h3>\n<h3><img decoding=\"async\" class=\"wp-image-24304 aligncenter\" src=\"https:\/\/apuntesdesanluis.com\/wp-content\/uploads\/2024\/10\/MARCOS-LUCERO-300x200.jpeg\" alt=\"\" width=\"696\" height=\"464\" srcset=\"https:\/\/apuntesdesanluis.com\/wp-content\/uploads\/2024\/10\/MARCOS-LUCERO-300x200.jpeg 300w, https:\/\/apuntesdesanluis.com\/wp-content\/uploads\/2024\/10\/MARCOS-LUCERO-1024x683.jpeg 1024w, https:\/\/apuntesdesanluis.com\/wp-content\/uploads\/2024\/10\/MARCOS-LUCERO-768x512.jpeg 768w, https:\/\/apuntesdesanluis.com\/wp-content\/uploads\/2024\/10\/MARCOS-LUCERO-1536x1024.jpeg 1536w, https:\/\/apuntesdesanluis.com\/wp-content\/uploads\/2024\/10\/MARCOS-LUCERO.jpeg 2048w\" sizes=\"(max-width: 696px) 100vw, 696px\" \/><\/h3>\n<h3>Los interesados podr\u00e1n inscribirse solos o en grupos de hasta tres personas en tres categor\u00edas: \u201ctecnolog\u00edas aplicadas, que tiene que ver todo con rob\u00f3tica e impresi\u00f3n 3D. El desarrollo sustentable, con todos aquellos productos o servicios que protejan al medio ambiente y por \u00faltimo, la innovaci\u00f3n en educaci\u00f3n\u201d, precis\u00f3 Lucero.<\/h3>\n<h3>Para recibir informaci\u00f3n sobre bases y condiciones, los potenciales participantes pueden escribir a las direcciones de mail marcos@ulp.edu.ar o a <span style=\"color: #3366ff;\"><a style=\"color: #3366ff;\" href=\"mailto:cbcoronel@sanluis.gov.ar\">cbcoronel@sanluis.gov.ar<\/a> <\/span>. Las inscripciones estar\u00e1n abiertas hasta el 31 de octubre. En noviembre una comisi\u00f3n evaluadora los analizar\u00e1 \u201cy a mediados de diciembre se entregar\u00e1n los premios y las menciones correspondientes por parte del Ministerio de Ciencia e Innovaci\u00f3n y por parte de la ULP\u201d. Lucero aclar\u00f3 que no es necesario que el proyecto est\u00e9 en etapa de prototipo o alg\u00fan requerimiento extra, sino que est\u00e9 diagramado para poder ser replicado, puesto en escala y luego trasladado a modelos de producci\u00f3n.<\/h3>\n<p>&nbsp;<\/p>\n<p>&nbsp;<\/p>\n<p>&nbsp;<\/p>\n<p>&nbsp;<\/p>\n<p>&nbsp;<\/p>\n<p>&nbsp;<\/p>\n","protected":false},"excerpt":{"rendered":"<p>El pr\u00f3ximo 15 y 16 de noviembre, el Centro de Convenciones de la ciudad de&#8230;<\/p>\n","protected":false},"author":1,"featured_media":24303,"comment_status":"closed","ping_status":"closed","sticky":false,"template":"","format":"standard","meta":{"footnotes":""},"categories":[6],"tags":[],"class_list":["post-24302","post","type-post","status-publish","format-standard","has-post-thumbnail","hentry","category-ciudad-provincia"],"yoast_head":"<!-- This site is optimized with the Yoast SEO plugin v26.1.1 - https:\/\/yoast.com\/wordpress\/plugins\/seo\/ -->\n<title>LA PUNTA SER\u00c1 SEDE DE LA \u2018EXPO INNOVA CONCIENCIA\u2019 - Apuntes de San Luis<\/title>\n<meta name=\"robots\" content=\"index, follow, max-snippet:-1, max-image-preview:large, max-video-preview:-1\" \/>\n<link rel=\"canonical\" href=\"https:\/\/apuntesdesanluis.com\/index.php\/2024\/10\/24\/la-punta-sera-sede-de-la-expo-innova-conciencia\/\" \/>\n<meta property=\"og:locale\" content=\"es_ES\" \/>\n<meta property=\"og:type\" content=\"article\" \/>\n<meta property=\"og:title\" content=\"LA PUNTA SER\u00c1 SEDE DE LA \u2018EXPO INNOVA CONCIENCIA\u2019 - Apuntes de San Luis\" \/>\n<meta property=\"og:description\" content=\"El pr\u00f3ximo 15 y 16 de noviembre, el Centro de Convenciones de la ciudad de...\" \/>\n<meta property=\"og:url\" content=\"https:\/\/apuntesdesanluis.com\/index.php\/2024\/10\/24\/la-punta-sera-sede-de-la-expo-innova-conciencia\/\" \/>\n<meta property=\"og:site_name\" content=\"Apuntes de San Luis\" \/>\n<meta property=\"article:published_time\" content=\"2024-10-24T23:33:53+00:00\" \/>\n<meta property=\"og:image\" content=\"https:\/\/apuntesdesanluis.com\/wp-content\/uploads\/2024\/10\/ALFONSO-VERGES-CON-QUINTAS-Y-LUCERO.png\" \/>\n\t<meta property=\"og:image:width\" content=\"812\" \/>\n\t<meta property=\"og:image:height\" content=\"493\" \/>\n\t<meta property=\"og:image:type\" content=\"image\/png\" \/>\n<meta name=\"author\" content=\"apuntesdesanluis.com\" \/>\n<meta name=\"twitter:card\" content=\"summary_large_image\" \/>\n<meta name=\"twitter:label1\" content=\"Escrito por\" \/>\n\t<meta name=\"twitter:data1\" content=\"apuntesdesanluis.com\" \/>\n\t<meta name=\"twitter:label2\" content=\"Tiempo de lectura\" \/>\n\t<meta name=\"twitter:data2\" content=\"4 minutos\" \/>\n<script type=\"application\/ld+json\" class=\"yoast-schema-graph\">{\"@context\":\"https:\/\/schema.org\",\"@graph\":[{\"@type\":\"Article\",\"@id\":\"https:\/\/apuntesdesanluis.com\/index.php\/2024\/10\/24\/la-punta-sera-sede-de-la-expo-innova-conciencia\/#article\",\"isPartOf\":{\"@id\":\"https:\/\/apuntesdesanluis.com\/index.php\/2024\/10\/24\/la-punta-sera-sede-de-la-expo-innova-conciencia\/\"},\"author\":{\"name\":\"apuntesdesanluis.com\",\"@id\":\"https:\/\/apuntesdesanluis.com\/#\/schema\/person\/b55151d52296fcce64d1a72538a70b90\"},\"headline\":\"LA PUNTA SER\u00c1 SEDE DE LA \u2018EXPO INNOVA CONCIENCIA\u2019\",\"datePublished\":\"2024-10-24T23:33:53+00:00\",\"mainEntityOfPage\":{\"@id\":\"https:\/\/apuntesdesanluis.com\/index.php\/2024\/10\/24\/la-punta-sera-sede-de-la-expo-innova-conciencia\/\"},\"wordCount\":803,\"publisher\":{\"@id\":\"https:\/\/apuntesdesanluis.com\/#\/schema\/person\/b55151d52296fcce64d1a72538a70b90\"},\"image\":{\"@id\":\"https:\/\/apuntesdesanluis.com\/index.php\/2024\/10\/24\/la-punta-sera-sede-de-la-expo-innova-conciencia\/#primaryimage\"},\"thumbnailUrl\":\"https:\/\/apuntesdesanluis.com\/wp-content\/uploads\/2024\/10\/ALFONSO-VERGES-CON-QUINTAS-Y-LUCERO.png\",\"articleSection\":[\"Ciudad\/Provincia\"],\"inLanguage\":\"es-AR\"},{\"@type\":\"WebPage\",\"@id\":\"https:\/\/apuntesdesanluis.com\/index.php\/2024\/10\/24\/la-punta-sera-sede-de-la-expo-innova-conciencia\/\",\"url\":\"https:\/\/apuntesdesanluis.com\/index.php\/2024\/10\/24\/la-punta-sera-sede-de-la-expo-innova-conciencia\/\",\"name\":\"LA PUNTA SER\u00c1 SEDE DE LA \u2018EXPO INNOVA CONCIENCIA\u2019 - Apuntes de San Luis\",\"isPartOf\":{\"@id\":\"https:\/\/apuntesdesanluis.com\/#website\"},\"primaryImageOfPage\":{\"@id\":\"https:\/\/apuntesdesanluis.com\/index.php\/2024\/10\/24\/la-punta-sera-sede-de-la-expo-innova-conciencia\/#primaryimage\"},\"image\":{\"@id\":\"https:\/\/apuntesdesanluis.com\/index.php\/2024\/10\/24\/la-punta-sera-sede-de-la-expo-innova-conciencia\/#primaryimage\"},\"thumbnailUrl\":\"https:\/\/apuntesdesanluis.com\/wp-content\/uploads\/2024\/10\/ALFONSO-VERGES-CON-QUINTAS-Y-LUCERO.png\",\"datePublished\":\"2024-10-24T23:33:53+00:00\",\"breadcrumb\":{\"@id\":\"https:\/\/apuntesdesanluis.com\/index.php\/2024\/10\/24\/la-punta-sera-sede-de-la-expo-innova-conciencia\/#breadcrumb\"},\"inLanguage\":\"es-AR\",\"potentialAction\":[{\"@type\":\"ReadAction\",\"target\":[\"https:\/\/apuntesdesanluis.com\/index.php\/2024\/10\/24\/la-punta-sera-sede-de-la-expo-innova-conciencia\/\"]}]},{\"@type\":\"ImageObject\",\"inLanguage\":\"es-AR\",\"@id\":\"https:\/\/apuntesdesanluis.com\/index.php\/2024\/10\/24\/la-punta-sera-sede-de-la-expo-innova-conciencia\/#primaryimage\",\"url\":\"https:\/\/apuntesdesanluis.com\/wp-content\/uploads\/2024\/10\/ALFONSO-VERGES-CON-QUINTAS-Y-LUCERO.png\",\"contentUrl\":\"https:\/\/apuntesdesanluis.com\/wp-content\/uploads\/2024\/10\/ALFONSO-VERGES-CON-QUINTAS-Y-LUCERO.png\",\"width\":812,\"height\":493},{\"@type\":\"BreadcrumbList\",\"@id\":\"https:\/\/apuntesdesanluis.com\/index.php\/2024\/10\/24\/la-punta-sera-sede-de-la-expo-innova-conciencia\/#breadcrumb\",\"itemListElement\":[{\"@type\":\"ListItem\",\"position\":1,\"name\":\"Inicio\",\"item\":\"https:\/\/apuntesdesanluis.com\/\"},{\"@type\":\"ListItem\",\"position\":2,\"name\":\"LA PUNTA SER\u00c1 SEDE DE LA \u2018EXPO INNOVA CONCIENCIA\u2019\"}]},{\"@type\":\"WebSite\",\"@id\":\"https:\/\/apuntesdesanluis.com\/#website\",\"url\":\"https:\/\/apuntesdesanluis.com\/\",\"name\":\"Apuntes de San Luis\",\"description\":\"\",\"publisher\":{\"@id\":\"https:\/\/apuntesdesanluis.com\/#\/schema\/person\/b55151d52296fcce64d1a72538a70b90\"},\"potentialAction\":[{\"@type\":\"SearchAction\",\"target\":{\"@type\":\"EntryPoint\",\"urlTemplate\":\"https:\/\/apuntesdesanluis.com\/?s={search_term_string}\"},\"query-input\":{\"@type\":\"PropertyValueSpecification\",\"valueRequired\":true,\"valueName\":\"search_term_string\"}}],\"inLanguage\":\"es-AR\"},{\"@type\":[\"Person\",\"Organization\"],\"@id\":\"https:\/\/apuntesdesanluis.com\/#\/schema\/person\/b55151d52296fcce64d1a72538a70b90\",\"name\":\"apuntesdesanluis.com\",\"image\":{\"@type\":\"ImageObject\",\"inLanguage\":\"es-AR\",\"@id\":\"https:\/\/apuntesdesanluis.com\/#\/schema\/person\/image\/\",\"url\":\"https:\/\/apuntesdesanluis.com\/wp-content\/uploads\/2023\/07\/cropped-apuntesdesanluis.png\",\"contentUrl\":\"https:\/\/apuntesdesanluis.com\/wp-content\/uploads\/2023\/07\/cropped-apuntesdesanluis.png\",\"width\":450,\"height\":112,\"caption\":\"apuntesdesanluis.com\"},\"logo\":{\"@id\":\"https:\/\/apuntesdesanluis.com\/#\/schema\/person\/image\/\"},\"sameAs\":[\"https:\/\/apuntesdesanluis.com\"],\"url\":\"https:\/\/apuntesdesanluis.com\/index.php\/author\/apuntesdesanluis-com\/\"}]}<\/script>\n<!-- \/ Yoast SEO plugin. -->","yoast_head_json":{"title":"LA PUNTA SER\u00c1 SEDE DE LA \u2018EXPO INNOVA CONCIENCIA\u2019 - Apuntes de San Luis","robots":{"index":"index","follow":"follow","max-snippet":"max-snippet:-1","max-image-preview":"max-image-preview:large","max-video-preview":"max-video-preview:-1"},"canonical":"https:\/\/apuntesdesanluis.com\/index.php\/2024\/10\/24\/la-punta-sera-sede-de-la-expo-innova-conciencia\/","og_locale":"es_ES","og_type":"article","og_title":"LA PUNTA SER\u00c1 SEDE DE LA \u2018EXPO INNOVA CONCIENCIA\u2019 - Apuntes de San Luis","og_description":"El pr\u00f3ximo 15 y 16 de noviembre, el Centro de Convenciones de la ciudad de...","og_url":"https:\/\/apuntesdesanluis.com\/index.php\/2024\/10\/24\/la-punta-sera-sede-de-la-expo-innova-conciencia\/","og_site_name":"Apuntes de San Luis","article_published_time":"2024-10-24T23:33:53+00:00","og_image":[{"width":812,"height":493,"url":"https:\/\/apuntesdesanluis.com\/wp-content\/uploads\/2024\/10\/ALFONSO-VERGES-CON-QUINTAS-Y-LUCERO.png","type":"image\/png"}],"author":"apuntesdesanluis.com","twitter_card":"summary_large_image","twitter_misc":{"Escrito por":"apuntesdesanluis.com","Tiempo de lectura":"4 minutos"},"schema":{"@context":"https:\/\/schema.org","@graph":[{"@type":"Article","@id":"https:\/\/apuntesdesanluis.com\/index.php\/2024\/10\/24\/la-punta-sera-sede-de-la-expo-innova-conciencia\/#article","isPartOf":{"@id":"https:\/\/apuntesdesanluis.com\/index.php\/2024\/10\/24\/la-punta-sera-sede-de-la-expo-innova-conciencia\/"},"author":{"name":"apuntesdesanluis.com","@id":"https:\/\/apuntesdesanluis.com\/#\/schema\/person\/b55151d52296fcce64d1a72538a70b90"},"headline":"LA PUNTA SER\u00c1 SEDE DE LA \u2018EXPO INNOVA CONCIENCIA\u2019","datePublished":"2024-10-24T23:33:53+00:00","mainEntityOfPage":{"@id":"https:\/\/apuntesdesanluis.com\/index.php\/2024\/10\/24\/la-punta-sera-sede-de-la-expo-innova-conciencia\/"},"wordCount":803,"publisher":{"@id":"https:\/\/apuntesdesanluis.com\/#\/schema\/person\/b55151d52296fcce64d1a72538a70b90"},"image":{"@id":"https:\/\/apuntesdesanluis.com\/index.php\/2024\/10\/24\/la-punta-sera-sede-de-la-expo-innova-conciencia\/#primaryimage"},"thumbnailUrl":"https:\/\/apuntesdesanluis.com\/wp-content\/uploads\/2024\/10\/ALFONSO-VERGES-CON-QUINTAS-Y-LUCERO.png","articleSection":["Ciudad\/Provincia"],"inLanguage":"es-AR"},{"@type":"WebPage","@id":"https:\/\/apuntesdesanluis.com\/index.php\/2024\/10\/24\/la-punta-sera-sede-de-la-expo-innova-conciencia\/","url":"https:\/\/apuntesdesanluis.com\/index.php\/2024\/10\/24\/la-punta-sera-sede-de-la-expo-innova-conciencia\/","name":"LA PUNTA SER\u00c1 SEDE DE LA \u2018EXPO INNOVA CONCIENCIA\u2019 - Apuntes de San Luis","isPartOf":{"@id":"https:\/\/apuntesdesanluis.com\/#website"},"primaryImageOfPage":{"@id":"https:\/\/apuntesdesanluis.com\/index.php\/2024\/10\/24\/la-punta-sera-sede-de-la-expo-innova-conciencia\/#primaryimage"},"image":{"@id":"https:\/\/apuntesdesanluis.com\/index.php\/2024\/10\/24\/la-punta-sera-sede-de-la-expo-innova-conciencia\/#primaryimage"},"thumbnailUrl":"https:\/\/apuntesdesanluis.com\/wp-content\/uploads\/2024\/10\/ALFONSO-VERGES-CON-QUINTAS-Y-LUCERO.png","datePublished":"2024-10-24T23:33:53+00:00","breadcrumb":{"@id":"https:\/\/apuntesdesanluis.com\/index.php\/2024\/10\/24\/la-punta-sera-sede-de-la-expo-innova-conciencia\/#breadcrumb"},"inLanguage":"es-AR","potentialAction":[{"@type":"ReadAction","target":["https:\/\/apuntesdesanluis.com\/index.php\/2024\/10\/24\/la-punta-sera-sede-de-la-expo-innova-conciencia\/"]}]},{"@type":"ImageObject","inLanguage":"es-AR","@id":"https:\/\/apuntesdesanluis.com\/index.php\/2024\/10\/24\/la-punta-sera-sede-de-la-expo-innova-conciencia\/#primaryimage","url":"https:\/\/apuntesdesanluis.com\/wp-content\/uploads\/2024\/10\/ALFONSO-VERGES-CON-QUINTAS-Y-LUCERO.png","contentUrl":"https:\/\/apuntesdesanluis.com\/wp-content\/uploads\/2024\/10\/ALFONSO-VERGES-CON-QUINTAS-Y-LUCERO.png","width":812,"height":493},{"@type":"BreadcrumbList","@id":"https:\/\/apuntesdesanluis.com\/index.php\/2024\/10\/24\/la-punta-sera-sede-de-la-expo-innova-conciencia\/#breadcrumb","itemListElement":[{"@type":"ListItem","position":1,"name":"Inicio","item":"https:\/\/apuntesdesanluis.com\/"},{"@type":"ListItem","position":2,"name":"LA PUNTA SER\u00c1 SEDE DE LA \u2018EXPO INNOVA CONCIENCIA\u2019"}]},{"@type":"WebSite","@id":"https:\/\/apuntesdesanluis.com\/#website","url":"https:\/\/apuntesdesanluis.com\/","name":"Apuntes de San Luis","description":"","publisher":{"@id":"https:\/\/apuntesdesanluis.com\/#\/schema\/person\/b55151d52296fcce64d1a72538a70b90"},"potentialAction":[{"@type":"SearchAction","target":{"@type":"EntryPoint","urlTemplate":"https:\/\/apuntesdesanluis.com\/?s={search_term_string}"},"query-input":{"@type":"PropertyValueSpecification","valueRequired":true,"valueName":"search_term_string"}}],"inLanguage":"es-AR"},{"@type":["Person","Organization"],"@id":"https:\/\/apuntesdesanluis.com\/#\/schema\/person\/b55151d52296fcce64d1a72538a70b90","name":"apuntesdesanluis.com","image":{"@type":"ImageObject","inLanguage":"es-AR","@id":"https:\/\/apuntesdesanluis.com\/#\/schema\/person\/image\/","url":"https:\/\/apuntesdesanluis.com\/wp-content\/uploads\/2023\/07\/cropped-apuntesdesanluis.png","contentUrl":"https:\/\/apuntesdesanluis.com\/wp-content\/uploads\/2023\/07\/cropped-apuntesdesanluis.png","width":450,"height":112,"caption":"apuntesdesanluis.com"},"logo":{"@id":"https:\/\/apuntesdesanluis.com\/#\/schema\/person\/image\/"},"sameAs":["https:\/\/apuntesdesanluis.com"],"url":"https:\/\/apuntesdesanluis.com\/index.php\/author\/apuntesdesanluis-com\/"}]}},"featured_image_urls":{"full":["https:\/\/apuntesdesanluis.com\/wp-content\/uploads\/2024\/10\/ALFONSO-VERGES-CON-QUINTAS-Y-LUCERO.png",812,493,false],"thumbnail":["https:\/\/apuntesdesanluis.com\/wp-content\/uploads\/2024\/10\/ALFONSO-VERGES-CON-QUINTAS-Y-LUCERO-150x150.png",150,150,true],"medium":["https:\/\/apuntesdesanluis.com\/wp-content\/uploads\/2024\/10\/ALFONSO-VERGES-CON-QUINTAS-Y-LUCERO-300x182.png",300,182,true],"medium_large":["https:\/\/apuntesdesanluis.com\/wp-content\/uploads\/2024\/10\/ALFONSO-VERGES-CON-QUINTAS-Y-LUCERO-768x466.png",640,388,true],"large":["https:\/\/apuntesdesanluis.com\/wp-content\/uploads\/2024\/10\/ALFONSO-VERGES-CON-QUINTAS-Y-LUCERO.png",640,389,false],"1536x1536":["https:\/\/apuntesdesanluis.com\/wp-content\/uploads\/2024\/10\/ALFONSO-VERGES-CON-QUINTAS-Y-LUCERO.png",812,493,false],"2048x2048":["https:\/\/apuntesdesanluis.com\/wp-content\/uploads\/2024\/10\/ALFONSO-VERGES-CON-QUINTAS-Y-LUCERO.png",812,493,false],"newsever-slider-full":["https:\/\/apuntesdesanluis.com\/wp-content\/uploads\/2024\/10\/ALFONSO-VERGES-CON-QUINTAS-Y-LUCERO.png",812,493,false],"newsever-featured":["https:\/\/apuntesdesanluis.com\/wp-content\/uploads\/2024\/10\/ALFONSO-VERGES-CON-QUINTAS-Y-LUCERO.png",812,493,false],"newsever-medium":["https:\/\/apuntesdesanluis.com\/wp-content\/uploads\/2024\/10\/ALFONSO-VERGES-CON-QUINTAS-Y-LUCERO-720x475.png",720,475,true]},"author_info":{"display_name":"apuntesdesanluis.com","author_link":"https:\/\/apuntesdesanluis.com\/index.php\/author\/apuntesdesanluis-com\/"},"category_info":"<a href=\"https:\/\/apuntesdesanluis.com\/index.php\/category\/ciudad-provincia\/\" rel=\"category tag\">Ciudad\/Provincia<\/a>","tag_info":"Ciudad\/Provincia","comment_count":"0","_links":{"self":[{"href":"https:\/\/apuntesdesanluis.com\/index.php\/wp-json\/wp\/v2\/posts\/24302","targetHints":{"allow":["GET"]}}],"collection":[{"href":"https:\/\/apuntesdesanluis.com\/index.php\/wp-json\/wp\/v2\/posts"}],"about":[{"href":"https:\/\/apuntesdesanluis.com\/index.php\/wp-json\/wp\/v2\/types\/post"}],"author":[{"embeddable":true,"href":"https:\/\/apuntesdesanluis.com\/index.php\/wp-json\/wp\/v2\/users\/1"}],"replies":[{"embeddable":true,"href":"https:\/\/apuntesdesanluis.com\/index.php\/wp-json\/wp\/v2\/comments?post=24302"}],"version-history":[{"count":1,"href":"https:\/\/apuntesdesanluis.com\/index.php\/wp-json\/wp\/v2\/posts\/24302\/revisions"}],"predecessor-version":[{"id":24306,"href":"https:\/\/apuntesdesanluis.com\/index.php\/wp-json\/wp\/v2\/posts\/24302\/revisions\/24306"}],"wp:featuredmedia":[{"embeddable":true,"href":"https:\/\/apuntesdesanluis.com\/index.php\/wp-json\/wp\/v2\/media\/24303"}],"wp:attachment":[{"href":"https:\/\/apuntesdesanluis.com\/index.php\/wp-json\/wp\/v2\/media?parent=24302"}],"wp:term":[{"taxonomy":"category","embeddable":true,"href":"https:\/\/apuntesdesanluis.com\/index.php\/wp-json\/wp\/v2\/categories?post=24302"},{"taxonomy":"post_tag","embeddable":true,"href":"https:\/\/apuntesdesanluis.com\/index.php\/wp-json\/wp\/v2\/tags?post=24302"}],"curies":[{"name":"wp","href":"https:\/\/api.w.org\/{rel}","templated":true}]}}