{"id":24310,"date":"2024-10-24T20:59:13","date_gmt":"2024-10-24T23:59:13","guid":{"rendered":"https:\/\/apuntesdesanluis.com\/?p=24310"},"modified":"2024-10-24T20:59:13","modified_gmt":"2024-10-24T23:59:13","slug":"el-gobernador-claudio-poggi-se-reunio-con-el-presidente-milei","status":"publish","type":"post","link":"https:\/\/apuntesdesanluis.com\/index.php\/2024\/10\/24\/el-gobernador-claudio-poggi-se-reunio-con-el-presidente-milei\/","title":{"rendered":"EL GOBERNADOR CLAUDIO POGGI SE REUNI\u00d3 CON EL PRESIDENTE MILEI"},"content":{"rendered":"<h3>La actividad tuvo lugar en el sal\u00f3n \u2018Eva Per\u00f3n\u2019 de Casa Rosada y participaron, adem\u00e1s de Poggi, el gobernador de Entre R\u00edos, <strong>Rogelio Frigerio<\/strong>; el jefe de Gobierno de la ciudad de Buenos Aires, <strong>Jorge Macri<\/strong>; el gobernador de Chubut, <strong>Ignacio Torres<\/strong>; su par de San Juan, <strong>Marcelo Orrego<\/strong>, la secretar\u00eda General de la Presidencia, <strong>Karina Milei<\/strong> y el jefe de Gabinete, <strong>Guillermo Francos<\/strong>.<\/h3>\n<h3>El gobernador Claudio Poggi junto al resto de los mandatarios, dialog\u00f3 con el Presidente sobre la realidad nacional y la actualidad social y econ\u00f3mica de cada uno de los distritos.<\/h3>\n<h3>Durante el encuentro, Milei se mostr\u00f3 optimista en relaci\u00f3n al a\u00f1o 2025, proyectando una reactivaci\u00f3n econ\u00f3mica a nivel nacional, impactando positivamente en las econom\u00edas regionales.<\/h3>\n<h3><strong>DETALLES<\/strong><\/h3>\n<h3>El mandatario los recibi\u00f3 durante casi dos horas junto al jefe de Gabinete, Guillermo Francos; al vicejefe de Gabinete del Interior, Lisandro Catal\u00e1n y a la secretaria General de la Presidencia, Karina Milei, el team que se reuni\u00f3 con los mandatarios provinciales del Norte el pasado lunes.<\/h3>\n<h3>El Gobierno nacional explic\u00f3 ante los interlocutores lo hecho en materia econ\u00f3mica, el impacto de la Ley Bases y el RIGI, y anticipar los futuros pasos que adoptar\u00e1 la administraci\u00f3n. Para eso, empanadas mediante, el libertario insisti\u00f3 con la premisa de respetar el d\u00e9ficit cero, uno de sus caballitos de batalla desde la asunci\u00f3n.<\/h3>\n<h3>Por su parte, los gobernadores realizaron los reclamos correspondientes a sus jurisdicciones, que la Casa Rosada no viene cumpliendo, como una nueva ley de coparticipaci\u00f3n, obras p\u00fablicas y hasta las cajas jubilatorias que no fueron transferidas.<\/h3>\n<h3>&#8220;Se habl\u00f3 del rumbo de la econom\u00eda: inversiones, comercio, la baja del riesgo pa\u00eds y la relaci\u00f3n con China&#8221;, deslizaron fuentes cercanas a los gobernadores.<\/h3>\n<h3>&#8220;El Presidente explic\u00f3 el rumbo econ\u00f3mico y las medidas que tom\u00f3 el gobierno para bajar la inflaci\u00f3n y bajar el riesgo el pa\u00eds. Hubo coincidencias entre el Presidente y los cinco gobernadores con respecto a la oportunidad hist\u00f3rica de generar mayores inversiones y aumentar el comercio de las provincias y la Argentina con el mundo&#8221;, agregaron.<\/h3>\n<h3>Por \u00faltimo, hubo un compromiso de seguir trabajando de manera conjunta con el Presupuesto nacional y la necesidad de llegar a un consenso para que sea sancionado en el Congreso.<\/h3>\n<p>&nbsp;<\/p>\n<p>&nbsp;<\/p>\n<p>&nbsp;<\/p>\n<p>&nbsp;<\/p>\n","protected":false},"excerpt":{"rendered":"<p>La actividad tuvo lugar en el sal\u00f3n \u2018Eva Per\u00f3n\u2019 de Casa Rosada y participaron, adem\u00e1s&#8230;<\/p>\n","protected":false},"author":1,"featured_media":24311,"comment_status":"closed","ping_status":"closed","sticky":false,"template":"","format":"standard","meta":{"footnotes":""},"categories":[5],"tags":[],"class_list":["post-24310","post","type-post","status-publish","format-standard","has-post-thumbnail","hentry","category-nacionales-internacionales"],"yoast_head":"<!-- This site is optimized with the Yoast SEO plugin v26.1.1 - https:\/\/yoast.com\/wordpress\/plugins\/seo\/ -->\n<title>EL GOBERNADOR CLAUDIO POGGI SE REUNI\u00d3 CON EL PRESIDENTE MILEI - Apuntes de San Luis<\/title>\n<meta name=\"robots\" content=\"index, follow, max-snippet:-1, max-image-preview:large, max-video-preview:-1\" \/>\n<link rel=\"canonical\" href=\"https:\/\/apuntesdesanluis.com\/index.php\/2024\/10\/24\/el-gobernador-claudio-poggi-se-reunio-con-el-presidente-milei\/\" \/>\n<meta property=\"og:locale\" content=\"es_ES\" \/>\n<meta property=\"og:type\" content=\"article\" \/>\n<meta property=\"og:title\" content=\"EL GOBERNADOR CLAUDIO POGGI SE REUNI\u00d3 CON EL PRESIDENTE MILEI - Apuntes de San Luis\" \/>\n<meta property=\"og:description\" content=\"La actividad tuvo lugar en el sal\u00f3n \u2018Eva Per\u00f3n\u2019 de Casa Rosada y participaron, adem\u00e1s...\" \/>\n<meta property=\"og:url\" content=\"https:\/\/apuntesdesanluis.com\/index.php\/2024\/10\/24\/el-gobernador-claudio-poggi-se-reunio-con-el-presidente-milei\/\" \/>\n<meta property=\"og:site_name\" content=\"Apuntes de San Luis\" \/>\n<meta property=\"article:published_time\" content=\"2024-10-24T23:59:13+00:00\" \/>\n<meta property=\"og:image\" content=\"https:\/\/apuntesdesanluis.com\/wp-content\/uploads\/2024\/10\/MILEI-Y-POGGI.png\" \/>\n\t<meta property=\"og:image:width\" content=\"880\" \/>\n\t<meta property=\"og:image:height\" content=\"623\" \/>\n\t<meta property=\"og:image:type\" content=\"image\/png\" \/>\n<meta name=\"author\" content=\"apuntesdesanluis.com\" \/>\n<meta name=\"twitter:card\" content=\"summary_large_image\" \/>\n<meta name=\"twitter:label1\" content=\"Escrito por\" \/>\n\t<meta name=\"twitter:data1\" content=\"apuntesdesanluis.com\" \/>\n\t<meta name=\"twitter:label2\" content=\"Tiempo de lectura\" \/>\n\t<meta name=\"twitter:data2\" content=\"2 minutos\" \/>\n<script type=\"application\/ld+json\" class=\"yoast-schema-graph\">{\"@context\":\"https:\/\/schema.org\",\"@graph\":[{\"@type\":\"Article\",\"@id\":\"https:\/\/apuntesdesanluis.com\/index.php\/2024\/10\/24\/el-gobernador-claudio-poggi-se-reunio-con-el-presidente-milei\/#article\",\"isPartOf\":{\"@id\":\"https:\/\/apuntesdesanluis.com\/index.php\/2024\/10\/24\/el-gobernador-claudio-poggi-se-reunio-con-el-presidente-milei\/\"},\"author\":{\"name\":\"apuntesdesanluis.com\",\"@id\":\"https:\/\/apuntesdesanluis.com\/#\/schema\/person\/b55151d52296fcce64d1a72538a70b90\"},\"headline\":\"EL GOBERNADOR CLAUDIO POGGI SE REUNI\u00d3 CON EL PRESIDENTE MILEI\",\"datePublished\":\"2024-10-24T23:59:13+00:00\",\"mainEntityOfPage\":{\"@id\":\"https:\/\/apuntesdesanluis.com\/index.php\/2024\/10\/24\/el-gobernador-claudio-poggi-se-reunio-con-el-presidente-milei\/\"},\"wordCount\":406,\"publisher\":{\"@id\":\"https:\/\/apuntesdesanluis.com\/#\/schema\/person\/b55151d52296fcce64d1a72538a70b90\"},\"image\":{\"@id\":\"https:\/\/apuntesdesanluis.com\/index.php\/2024\/10\/24\/el-gobernador-claudio-poggi-se-reunio-con-el-presidente-milei\/#primaryimage\"},\"thumbnailUrl\":\"https:\/\/apuntesdesanluis.com\/wp-content\/uploads\/2024\/10\/MILEI-Y-POGGI.png\",\"articleSection\":[\"Nacionales\/Internacionales\"],\"inLanguage\":\"es-AR\"},{\"@type\":\"WebPage\",\"@id\":\"https:\/\/apuntesdesanluis.com\/index.php\/2024\/10\/24\/el-gobernador-claudio-poggi-se-reunio-con-el-presidente-milei\/\",\"url\":\"https:\/\/apuntesdesanluis.com\/index.php\/2024\/10\/24\/el-gobernador-claudio-poggi-se-reunio-con-el-presidente-milei\/\",\"name\":\"EL GOBERNADOR CLAUDIO POGGI SE REUNI\u00d3 CON EL PRESIDENTE MILEI - Apuntes de San Luis\",\"isPartOf\":{\"@id\":\"https:\/\/apuntesdesanluis.com\/#website\"},\"primaryImageOfPage\":{\"@id\":\"https:\/\/apuntesdesanluis.com\/index.php\/2024\/10\/24\/el-gobernador-claudio-poggi-se-reunio-con-el-presidente-milei\/#primaryimage\"},\"image\":{\"@id\":\"https:\/\/apuntesdesanluis.com\/index.php\/2024\/10\/24\/el-gobernador-claudio-poggi-se-reunio-con-el-presidente-milei\/#primaryimage\"},\"thumbnailUrl\":\"https:\/\/apuntesdesanluis.com\/wp-content\/uploads\/2024\/10\/MILEI-Y-POGGI.png\",\"datePublished\":\"2024-10-24T23:59:13+00:00\",\"breadcrumb\":{\"@id\":\"https:\/\/apuntesdesanluis.com\/index.php\/2024\/10\/24\/el-gobernador-claudio-poggi-se-reunio-con-el-presidente-milei\/#breadcrumb\"},\"inLanguage\":\"es-AR\",\"potentialAction\":[{\"@type\":\"ReadAction\",\"target\":[\"https:\/\/apuntesdesanluis.com\/index.php\/2024\/10\/24\/el-gobernador-claudio-poggi-se-reunio-con-el-presidente-milei\/\"]}]},{\"@type\":\"ImageObject\",\"inLanguage\":\"es-AR\",\"@id\":\"https:\/\/apuntesdesanluis.com\/index.php\/2024\/10\/24\/el-gobernador-claudio-poggi-se-reunio-con-el-presidente-milei\/#primaryimage\",\"url\":\"https:\/\/apuntesdesanluis.com\/wp-content\/uploads\/2024\/10\/MILEI-Y-POGGI.png\",\"contentUrl\":\"https:\/\/apuntesdesanluis.com\/wp-content\/uploads\/2024\/10\/MILEI-Y-POGGI.png\",\"width\":880,\"height\":623},{\"@type\":\"BreadcrumbList\",\"@id\":\"https:\/\/apuntesdesanluis.com\/index.php\/2024\/10\/24\/el-gobernador-claudio-poggi-se-reunio-con-el-presidente-milei\/#breadcrumb\",\"itemListElement\":[{\"@type\":\"ListItem\",\"position\":1,\"name\":\"Inicio\",\"item\":\"https:\/\/apuntesdesanluis.com\/\"},{\"@type\":\"ListItem\",\"position\":2,\"name\":\"EL GOBERNADOR CLAUDIO POGGI SE REUNI\u00d3 CON EL PRESIDENTE MILEI\"}]},{\"@type\":\"WebSite\",\"@id\":\"https:\/\/apuntesdesanluis.com\/#website\",\"url\":\"https:\/\/apuntesdesanluis.com\/\",\"name\":\"Apuntes de San Luis\",\"description\":\"\",\"publisher\":{\"@id\":\"https:\/\/apuntesdesanluis.com\/#\/schema\/person\/b55151d52296fcce64d1a72538a70b90\"},\"potentialAction\":[{\"@type\":\"SearchAction\",\"target\":{\"@type\":\"EntryPoint\",\"urlTemplate\":\"https:\/\/apuntesdesanluis.com\/?s={search_term_string}\"},\"query-input\":{\"@type\":\"PropertyValueSpecification\",\"valueRequired\":true,\"valueName\":\"search_term_string\"}}],\"inLanguage\":\"es-AR\"},{\"@type\":[\"Person\",\"Organization\"],\"@id\":\"https:\/\/apuntesdesanluis.com\/#\/schema\/person\/b55151d52296fcce64d1a72538a70b90\",\"name\":\"apuntesdesanluis.com\",\"image\":{\"@type\":\"ImageObject\",\"inLanguage\":\"es-AR\",\"@id\":\"https:\/\/apuntesdesanluis.com\/#\/schema\/person\/image\/\",\"url\":\"https:\/\/apuntesdesanluis.com\/wp-content\/uploads\/2023\/07\/cropped-apuntesdesanluis.png\",\"contentUrl\":\"https:\/\/apuntesdesanluis.com\/wp-content\/uploads\/2023\/07\/cropped-apuntesdesanluis.png\",\"width\":450,\"height\":112,\"caption\":\"apuntesdesanluis.com\"},\"logo\":{\"@id\":\"https:\/\/apuntesdesanluis.com\/#\/schema\/person\/image\/\"},\"sameAs\":[\"https:\/\/apuntesdesanluis.com\"],\"url\":\"https:\/\/apuntesdesanluis.com\/index.php\/author\/apuntesdesanluis-com\/\"}]}<\/script>\n<!-- \/ Yoast SEO plugin. -->","yoast_head_json":{"title":"EL GOBERNADOR CLAUDIO POGGI SE REUNI\u00d3 CON EL PRESIDENTE MILEI - Apuntes de San Luis","robots":{"index":"index","follow":"follow","max-snippet":"max-snippet:-1","max-image-preview":"max-image-preview:large","max-video-preview":"max-video-preview:-1"},"canonical":"https:\/\/apuntesdesanluis.com\/index.php\/2024\/10\/24\/el-gobernador-claudio-poggi-se-reunio-con-el-presidente-milei\/","og_locale":"es_ES","og_type":"article","og_title":"EL GOBERNADOR CLAUDIO POGGI SE REUNI\u00d3 CON EL PRESIDENTE MILEI - Apuntes de San Luis","og_description":"La actividad tuvo lugar en el sal\u00f3n \u2018Eva Per\u00f3n\u2019 de Casa Rosada y participaron, adem\u00e1s...","og_url":"https:\/\/apuntesdesanluis.com\/index.php\/2024\/10\/24\/el-gobernador-claudio-poggi-se-reunio-con-el-presidente-milei\/","og_site_name":"Apuntes de San Luis","article_published_time":"2024-10-24T23:59:13+00:00","og_image":[{"width":880,"height":623,"url":"https:\/\/apuntesdesanluis.com\/wp-content\/uploads\/2024\/10\/MILEI-Y-POGGI.png","type":"image\/png"}],"author":"apuntesdesanluis.com","twitter_card":"summary_large_image","twitter_misc":{"Escrito por":"apuntesdesanluis.com","Tiempo de lectura":"2 minutos"},"schema":{"@context":"https:\/\/schema.org","@graph":[{"@type":"Article","@id":"https:\/\/apuntesdesanluis.com\/index.php\/2024\/10\/24\/el-gobernador-claudio-poggi-se-reunio-con-el-presidente-milei\/#article","isPartOf":{"@id":"https:\/\/apuntesdesanluis.com\/index.php\/2024\/10\/24\/el-gobernador-claudio-poggi-se-reunio-con-el-presidente-milei\/"},"author":{"name":"apuntesdesanluis.com","@id":"https:\/\/apuntesdesanluis.com\/#\/schema\/person\/b55151d52296fcce64d1a72538a70b90"},"headline":"EL GOBERNADOR CLAUDIO POGGI SE REUNI\u00d3 CON EL PRESIDENTE MILEI","datePublished":"2024-10-24T23:59:13+00:00","mainEntityOfPage":{"@id":"https:\/\/apuntesdesanluis.com\/index.php\/2024\/10\/24\/el-gobernador-claudio-poggi-se-reunio-con-el-presidente-milei\/"},"wordCount":406,"publisher":{"@id":"https:\/\/apuntesdesanluis.com\/#\/schema\/person\/b55151d52296fcce64d1a72538a70b90"},"image":{"@id":"https:\/\/apuntesdesanluis.com\/index.php\/2024\/10\/24\/el-gobernador-claudio-poggi-se-reunio-con-el-presidente-milei\/#primaryimage"},"thumbnailUrl":"https:\/\/apuntesdesanluis.com\/wp-content\/uploads\/2024\/10\/MILEI-Y-POGGI.png","articleSection":["Nacionales\/Internacionales"],"inLanguage":"es-AR"},{"@type":"WebPage","@id":"https:\/\/apuntesdesanluis.com\/index.php\/2024\/10\/24\/el-gobernador-claudio-poggi-se-reunio-con-el-presidente-milei\/","url":"https:\/\/apuntesdesanluis.com\/index.php\/2024\/10\/24\/el-gobernador-claudio-poggi-se-reunio-con-el-presidente-milei\/","name":"EL GOBERNADOR CLAUDIO POGGI SE REUNI\u00d3 CON EL PRESIDENTE MILEI - Apuntes de San Luis","isPartOf":{"@id":"https:\/\/apuntesdesanluis.com\/#website"},"primaryImageOfPage":{"@id":"https:\/\/apuntesdesanluis.com\/index.php\/2024\/10\/24\/el-gobernador-claudio-poggi-se-reunio-con-el-presidente-milei\/#primaryimage"},"image":{"@id":"https:\/\/apuntesdesanluis.com\/index.php\/2024\/10\/24\/el-gobernador-claudio-poggi-se-reunio-con-el-presidente-milei\/#primaryimage"},"thumbnailUrl":"https:\/\/apuntesdesanluis.com\/wp-content\/uploads\/2024\/10\/MILEI-Y-POGGI.png","datePublished":"2024-10-24T23:59:13+00:00","breadcrumb":{"@id":"https:\/\/apuntesdesanluis.com\/index.php\/2024\/10\/24\/el-gobernador-claudio-poggi-se-reunio-con-el-presidente-milei\/#breadcrumb"},"inLanguage":"es-AR","potentialAction":[{"@type":"ReadAction","target":["https:\/\/apuntesdesanluis.com\/index.php\/2024\/10\/24\/el-gobernador-claudio-poggi-se-reunio-con-el-presidente-milei\/"]}]},{"@type":"ImageObject","inLanguage":"es-AR","@id":"https:\/\/apuntesdesanluis.com\/index.php\/2024\/10\/24\/el-gobernador-claudio-poggi-se-reunio-con-el-presidente-milei\/#primaryimage","url":"https:\/\/apuntesdesanluis.com\/wp-content\/uploads\/2024\/10\/MILEI-Y-POGGI.png","contentUrl":"https:\/\/apuntesdesanluis.com\/wp-content\/uploads\/2024\/10\/MILEI-Y-POGGI.png","width":880,"height":623},{"@type":"BreadcrumbList","@id":"https:\/\/apuntesdesanluis.com\/index.php\/2024\/10\/24\/el-gobernador-claudio-poggi-se-reunio-con-el-presidente-milei\/#breadcrumb","itemListElement":[{"@type":"ListItem","position":1,"name":"Inicio","item":"https:\/\/apuntesdesanluis.com\/"},{"@type":"ListItem","position":2,"name":"EL GOBERNADOR CLAUDIO POGGI SE REUNI\u00d3 CON EL PRESIDENTE MILEI"}]},{"@type":"WebSite","@id":"https:\/\/apuntesdesanluis.com\/#website","url":"https:\/\/apuntesdesanluis.com\/","name":"Apuntes de San Luis","description":"","publisher":{"@id":"https:\/\/apuntesdesanluis.com\/#\/schema\/person\/b55151d52296fcce64d1a72538a70b90"},"potentialAction":[{"@type":"SearchAction","target":{"@type":"EntryPoint","urlTemplate":"https:\/\/apuntesdesanluis.com\/?s={search_term_string}"},"query-input":{"@type":"PropertyValueSpecification","valueRequired":true,"valueName":"search_term_string"}}],"inLanguage":"es-AR"},{"@type":["Person","Organization"],"@id":"https:\/\/apuntesdesanluis.com\/#\/schema\/person\/b55151d52296fcce64d1a72538a70b90","name":"apuntesdesanluis.com","image":{"@type":"ImageObject","inLanguage":"es-AR","@id":"https:\/\/apuntesdesanluis.com\/#\/schema\/person\/image\/","url":"https:\/\/apuntesdesanluis.com\/wp-content\/uploads\/2023\/07\/cropped-apuntesdesanluis.png","contentUrl":"https:\/\/apuntesdesanluis.com\/wp-content\/uploads\/2023\/07\/cropped-apuntesdesanluis.png","width":450,"height":112,"caption":"apuntesdesanluis.com"},"logo":{"@id":"https:\/\/apuntesdesanluis.com\/#\/schema\/person\/image\/"},"sameAs":["https:\/\/apuntesdesanluis.com"],"url":"https:\/\/apuntesdesanluis.com\/index.php\/author\/apuntesdesanluis-com\/"}]}},"featured_image_urls":{"full":["https:\/\/apuntesdesanluis.com\/wp-content\/uploads\/2024\/10\/MILEI-Y-POGGI.png",880,623,false],"thumbnail":["https:\/\/apuntesdesanluis.com\/wp-content\/uploads\/2024\/10\/MILEI-Y-POGGI-150x150.png",150,150,true],"medium":["https:\/\/apuntesdesanluis.com\/wp-content\/uploads\/2024\/10\/MILEI-Y-POGGI-300x212.png",300,212,true],"medium_large":["https:\/\/apuntesdesanluis.com\/wp-content\/uploads\/2024\/10\/MILEI-Y-POGGI-768x544.png",640,453,true],"large":["https:\/\/apuntesdesanluis.com\/wp-content\/uploads\/2024\/10\/MILEI-Y-POGGI.png",640,453,false],"1536x1536":["https:\/\/apuntesdesanluis.com\/wp-content\/uploads\/2024\/10\/MILEI-Y-POGGI.png",880,623,false],"2048x2048":["https:\/\/apuntesdesanluis.com\/wp-content\/uploads\/2024\/10\/MILEI-Y-POGGI.png",880,623,false],"newsever-slider-full":["https:\/\/apuntesdesanluis.com\/wp-content\/uploads\/2024\/10\/MILEI-Y-POGGI.png",880,623,false],"newsever-featured":["https:\/\/apuntesdesanluis.com\/wp-content\/uploads\/2024\/10\/MILEI-Y-POGGI.png",880,623,false],"newsever-medium":["https:\/\/apuntesdesanluis.com\/wp-content\/uploads\/2024\/10\/MILEI-Y-POGGI-720x475.png",720,475,true]},"author_info":{"display_name":"apuntesdesanluis.com","author_link":"https:\/\/apuntesdesanluis.com\/index.php\/author\/apuntesdesanluis-com\/"},"category_info":"<a href=\"https:\/\/apuntesdesanluis.com\/index.php\/category\/nacionales-internacionales\/\" rel=\"category tag\">Nacionales\/Internacionales<\/a>","tag_info":"Nacionales\/Internacionales","comment_count":"0","_links":{"self":[{"href":"https:\/\/apuntesdesanluis.com\/index.php\/wp-json\/wp\/v2\/posts\/24310","targetHints":{"allow":["GET"]}}],"collection":[{"href":"https:\/\/apuntesdesanluis.com\/index.php\/wp-json\/wp\/v2\/posts"}],"about":[{"href":"https:\/\/apuntesdesanluis.com\/index.php\/wp-json\/wp\/v2\/types\/post"}],"author":[{"embeddable":true,"href":"https:\/\/apuntesdesanluis.com\/index.php\/wp-json\/wp\/v2\/users\/1"}],"replies":[{"embeddable":true,"href":"https:\/\/apuntesdesanluis.com\/index.php\/wp-json\/wp\/v2\/comments?post=24310"}],"version-history":[{"count":1,"href":"https:\/\/apuntesdesanluis.com\/index.php\/wp-json\/wp\/v2\/posts\/24310\/revisions"}],"predecessor-version":[{"id":24312,"href":"https:\/\/apuntesdesanluis.com\/index.php\/wp-json\/wp\/v2\/posts\/24310\/revisions\/24312"}],"wp:featuredmedia":[{"embeddable":true,"href":"https:\/\/apuntesdesanluis.com\/index.php\/wp-json\/wp\/v2\/media\/24311"}],"wp:attachment":[{"href":"https:\/\/apuntesdesanluis.com\/index.php\/wp-json\/wp\/v2\/media?parent=24310"}],"wp:term":[{"taxonomy":"category","embeddable":true,"href":"https:\/\/apuntesdesanluis.com\/index.php\/wp-json\/wp\/v2\/categories?post=24310"},{"taxonomy":"post_tag","embeddable":true,"href":"https:\/\/apuntesdesanluis.com\/index.php\/wp-json\/wp\/v2\/tags?post=24310"}],"curies":[{"name":"wp","href":"https:\/\/api.w.org\/{rel}","templated":true}]}}