{"id":24317,"date":"2024-10-24T21:42:26","date_gmt":"2024-10-25T00:42:26","guid":{"rendered":"https:\/\/apuntesdesanluis.com\/?p=24317"},"modified":"2024-10-24T21:44:26","modified_gmt":"2024-10-25T00:44:26","slug":"el-gobierno-acordo-la-garantia-salarial-con-los-empleados-universitarios-no-docentes","status":"publish","type":"post","link":"https:\/\/apuntesdesanluis.com\/index.php\/2024\/10\/24\/el-gobierno-acordo-la-garantia-salarial-con-los-empleados-universitarios-no-docentes\/","title":{"rendered":"EL GOBIERNO ACORD\u00d3 LA GARANT\u00cdA SALARIAL CON LOS EMPLEADOS UNIVERSITARIOS NO DOCENTES"},"content":{"rendered":"<h3>En un paso m\u00e1s hacia la resoluci\u00f3n del conflicto salarial entre el Gobierno y los universitarios, este jueves se firm\u00f3 en el Palacio Sarmiento el acuerdo por la garant\u00eda salarial correspondiente a los empleados no docentes. Del encuentro participaron los representantes gremiales y autoridades del Ministerio de Capital Humano.<\/h3>\n<h3>Desde la cartera que conduce Sandra Pettovello se inform\u00f3 que \u201cesta garant\u00eda se activar\u00e1 a partir de octubre para los trabajadores de las categor\u00edas seis y siete de los empleados universitarios no docentes, donde se estipula una suma de 100 mil pesos y 180 mil pesos, respectivamente\u201d. Eso se sumar\u00e1 al 6,8% otorgado a todos los empleados universitarios para este mes.<\/h3>\n<h3>Luego de sus presentaciones en la Comisi\u00f3n de Presupuesto y Hacienda de la C\u00e1mara de Diputados para debatir el cap\u00edtulo Educaci\u00f3n en el Presupuesto 2025, el secretario de Educaci\u00f3n, Carlos Torrendell, y el subsecretario de pol\u00edticas universitarias, Alejandro \u00c1lvarez, se reunieron con los integrantes de la Federaci\u00f3n Argentina del Trabajador de las Universidades Nacionales (FATUN) para firmar la activaci\u00f3n de la garant\u00eda salarial, en el marco de la paritaria del sector. Walter Merkins y Susana Marcos fueron los representantes gremiales en el encuentro.<\/h3>\n<h3>Los funcionarios afirmaron que desde el Gobierno se reconocen la realidad, las diferencias y la situaci\u00f3n econ\u00f3mica de los trabajadores. \u201cQueremos sostener la meta de la equiparaci\u00f3n con la inflaci\u00f3n en cuanto a los ingresos fiscales\u201d, asegur\u00f3 Torrendell.<\/h3>\n<h3>\u201cSiempre es positivo mantener el di\u00e1logo, como lo hemos hecho desde Capital Humano con todos los actores de la comunidad educativa. Siempre poder hablar y escucharnos trae, tarde o temprano, buenos resultados, lo que en definitiva ayuda a que tengamos una educaci\u00f3n mejor y los estudiantes no pierdan d\u00edas de clase, ya que cada hora de educaci\u00f3n menos es una sangr\u00eda para el futuro\u201d, agreg\u00f3 el secretario de Educaci\u00f3n.<\/h3>\n<h3>De esta manera, los no docentes obtuvieron esta suma adicional que se adiciona al 6,8% otorgado a todos los empleados universitarios, que constituye \u201cel mayor aumento otorgado a este mes dado a los trabajadores del Estado nacional\u201d, seg\u00fan se afirm\u00f3 desde Capital Humano, donde resaltaron que priorizan \u201cel salario y no las disputas pol\u00edticas\u201d.<\/h3>\n<h3>\u201cEsta medida permiti\u00f3 que el salario universitario llegue a niveles equivalentes al Sistema Nacional de Empleo P\u00fablico (SINEP), empleados administrativos y profesionales dentro de la Administraci\u00f3n P\u00fablica Nacional. A su vez, se activ\u00f3 la Garant\u00eda Salarial Docente para las categor\u00edas m\u00e1s bajas contempladas dentro de la escala docente\u201d, se agreg\u00f3 en un comunicado.<\/h3>\n<h3><img fetchpriority=\"high\" decoding=\"async\" class=\"wp-image-24318 aligncenter\" src=\"https:\/\/apuntesdesanluis.com\/wp-content\/uploads\/2024\/10\/6bea505d-e85e-46af-8ff4-aec54a2e9b57-222x300.jpg\" alt=\"\" width=\"648\" height=\"875\" srcset=\"https:\/\/apuntesdesanluis.com\/wp-content\/uploads\/2024\/10\/6bea505d-e85e-46af-8ff4-aec54a2e9b57-222x300.jpg 222w, https:\/\/apuntesdesanluis.com\/wp-content\/uploads\/2024\/10\/6bea505d-e85e-46af-8ff4-aec54a2e9b57.jpg 694w\" sizes=\"(max-width: 648px) 100vw, 648px\" \/><\/h3>\n<p><img decoding=\"async\" class=\"wp-image-24319 aligncenter\" src=\"https:\/\/apuntesdesanluis.com\/wp-content\/uploads\/2024\/10\/5b4694a2-f44b-4c19-8c50-25c193e4df27-224x300.jpg\" alt=\"\" width=\"657\" height=\"880\" srcset=\"https:\/\/apuntesdesanluis.com\/wp-content\/uploads\/2024\/10\/5b4694a2-f44b-4c19-8c50-25c193e4df27-224x300.jpg 224w, https:\/\/apuntesdesanluis.com\/wp-content\/uploads\/2024\/10\/5b4694a2-f44b-4c19-8c50-25c193e4df27.jpg 710w\" sizes=\"(max-width: 657px) 100vw, 657px\" \/><\/p>\n<p>&nbsp;<\/p>\n<p>&nbsp;<\/p>\n<p>&nbsp;<\/p>\n<p>&nbsp;<\/p>\n<p>&nbsp;<\/p>\n<p>&nbsp;<\/p>\n<p>&nbsp;<\/p>\n<p>&nbsp;<\/p>\n<h3><\/h3>\n","protected":false},"excerpt":{"rendered":"<p>En un paso m\u00e1s hacia la resoluci\u00f3n del conflicto salarial entre el Gobierno y los&#8230;<\/p>\n","protected":false},"author":1,"featured_media":24321,"comment_status":"closed","ping_status":"closed","sticky":false,"template":"","format":"standard","meta":{"footnotes":""},"categories":[5],"tags":[],"class_list":["post-24317","post","type-post","status-publish","format-standard","has-post-thumbnail","hentry","category-nacionales-internacionales"],"yoast_head":"<!-- This site is optimized with the Yoast SEO plugin v26.1.1 - https:\/\/yoast.com\/wordpress\/plugins\/seo\/ -->\n<title>EL GOBIERNO ACORD\u00d3 LA GARANT\u00cdA SALARIAL CON LOS EMPLEADOS UNIVERSITARIOS NO DOCENTES - Apuntes de San Luis<\/title>\n<meta name=\"robots\" content=\"index, follow, max-snippet:-1, max-image-preview:large, max-video-preview:-1\" \/>\n<link rel=\"canonical\" href=\"https:\/\/apuntesdesanluis.com\/index.php\/2024\/10\/24\/el-gobierno-acordo-la-garantia-salarial-con-los-empleados-universitarios-no-docentes\/\" \/>\n<meta property=\"og:locale\" content=\"es_ES\" \/>\n<meta property=\"og:type\" content=\"article\" \/>\n<meta property=\"og:title\" content=\"EL GOBIERNO ACORD\u00d3 LA GARANT\u00cdA SALARIAL CON LOS EMPLEADOS UNIVERSITARIOS NO DOCENTES - Apuntes de San Luis\" \/>\n<meta property=\"og:description\" content=\"En un paso m\u00e1s hacia la resoluci\u00f3n del conflicto salarial entre el Gobierno y los...\" \/>\n<meta property=\"og:url\" content=\"https:\/\/apuntesdesanluis.com\/index.php\/2024\/10\/24\/el-gobierno-acordo-la-garantia-salarial-con-los-empleados-universitarios-no-docentes\/\" \/>\n<meta property=\"og:site_name\" content=\"Apuntes de San Luis\" \/>\n<meta property=\"article:published_time\" content=\"2024-10-25T00:42:26+00:00\" \/>\n<meta property=\"article:modified_time\" content=\"2024-10-25T00:44:26+00:00\" \/>\n<meta property=\"og:image\" content=\"https:\/\/apuntesdesanluis.com\/wp-content\/uploads\/2024\/10\/nodocentes.png\" \/>\n\t<meta property=\"og:image:width\" content=\"960\" \/>\n\t<meta property=\"og:image:height\" content=\"619\" \/>\n\t<meta property=\"og:image:type\" content=\"image\/png\" \/>\n<meta name=\"author\" content=\"apuntesdesanluis.com\" \/>\n<meta name=\"twitter:card\" content=\"summary_large_image\" \/>\n<meta name=\"twitter:label1\" content=\"Escrito por\" \/>\n\t<meta name=\"twitter:data1\" content=\"apuntesdesanluis.com\" \/>\n\t<meta name=\"twitter:label2\" content=\"Tiempo de lectura\" \/>\n\t<meta name=\"twitter:data2\" content=\"3 minutos\" \/>\n<script type=\"application\/ld+json\" class=\"yoast-schema-graph\">{\"@context\":\"https:\/\/schema.org\",\"@graph\":[{\"@type\":\"Article\",\"@id\":\"https:\/\/apuntesdesanluis.com\/index.php\/2024\/10\/24\/el-gobierno-acordo-la-garantia-salarial-con-los-empleados-universitarios-no-docentes\/#article\",\"isPartOf\":{\"@id\":\"https:\/\/apuntesdesanluis.com\/index.php\/2024\/10\/24\/el-gobierno-acordo-la-garantia-salarial-con-los-empleados-universitarios-no-docentes\/\"},\"author\":{\"name\":\"apuntesdesanluis.com\",\"@id\":\"https:\/\/apuntesdesanluis.com\/#\/schema\/person\/b55151d52296fcce64d1a72538a70b90\"},\"headline\":\"EL GOBIERNO ACORD\u00d3 LA GARANT\u00cdA SALARIAL CON LOS EMPLEADOS UNIVERSITARIOS NO DOCENTES\",\"datePublished\":\"2024-10-25T00:42:26+00:00\",\"dateModified\":\"2024-10-25T00:44:26+00:00\",\"mainEntityOfPage\":{\"@id\":\"https:\/\/apuntesdesanluis.com\/index.php\/2024\/10\/24\/el-gobierno-acordo-la-garantia-salarial-con-los-empleados-universitarios-no-docentes\/\"},\"wordCount\":455,\"publisher\":{\"@id\":\"https:\/\/apuntesdesanluis.com\/#\/schema\/person\/b55151d52296fcce64d1a72538a70b90\"},\"image\":{\"@id\":\"https:\/\/apuntesdesanluis.com\/index.php\/2024\/10\/24\/el-gobierno-acordo-la-garantia-salarial-con-los-empleados-universitarios-no-docentes\/#primaryimage\"},\"thumbnailUrl\":\"https:\/\/apuntesdesanluis.com\/wp-content\/uploads\/2024\/10\/nodocentes.png\",\"articleSection\":[\"Nacionales\/Internacionales\"],\"inLanguage\":\"es-AR\"},{\"@type\":\"WebPage\",\"@id\":\"https:\/\/apuntesdesanluis.com\/index.php\/2024\/10\/24\/el-gobierno-acordo-la-garantia-salarial-con-los-empleados-universitarios-no-docentes\/\",\"url\":\"https:\/\/apuntesdesanluis.com\/index.php\/2024\/10\/24\/el-gobierno-acordo-la-garantia-salarial-con-los-empleados-universitarios-no-docentes\/\",\"name\":\"EL GOBIERNO ACORD\u00d3 LA GARANT\u00cdA SALARIAL CON LOS EMPLEADOS UNIVERSITARIOS NO DOCENTES - Apuntes de San Luis\",\"isPartOf\":{\"@id\":\"https:\/\/apuntesdesanluis.com\/#website\"},\"primaryImageOfPage\":{\"@id\":\"https:\/\/apuntesdesanluis.com\/index.php\/2024\/10\/24\/el-gobierno-acordo-la-garantia-salarial-con-los-empleados-universitarios-no-docentes\/#primaryimage\"},\"image\":{\"@id\":\"https:\/\/apuntesdesanluis.com\/index.php\/2024\/10\/24\/el-gobierno-acordo-la-garantia-salarial-con-los-empleados-universitarios-no-docentes\/#primaryimage\"},\"thumbnailUrl\":\"https:\/\/apuntesdesanluis.com\/wp-content\/uploads\/2024\/10\/nodocentes.png\",\"datePublished\":\"2024-10-25T00:42:26+00:00\",\"dateModified\":\"2024-10-25T00:44:26+00:00\",\"breadcrumb\":{\"@id\":\"https:\/\/apuntesdesanluis.com\/index.php\/2024\/10\/24\/el-gobierno-acordo-la-garantia-salarial-con-los-empleados-universitarios-no-docentes\/#breadcrumb\"},\"inLanguage\":\"es-AR\",\"potentialAction\":[{\"@type\":\"ReadAction\",\"target\":[\"https:\/\/apuntesdesanluis.com\/index.php\/2024\/10\/24\/el-gobierno-acordo-la-garantia-salarial-con-los-empleados-universitarios-no-docentes\/\"]}]},{\"@type\":\"ImageObject\",\"inLanguage\":\"es-AR\",\"@id\":\"https:\/\/apuntesdesanluis.com\/index.php\/2024\/10\/24\/el-gobierno-acordo-la-garantia-salarial-con-los-empleados-universitarios-no-docentes\/#primaryimage\",\"url\":\"https:\/\/apuntesdesanluis.com\/wp-content\/uploads\/2024\/10\/nodocentes.png\",\"contentUrl\":\"https:\/\/apuntesdesanluis.com\/wp-content\/uploads\/2024\/10\/nodocentes.png\",\"width\":960,\"height\":619},{\"@type\":\"BreadcrumbList\",\"@id\":\"https:\/\/apuntesdesanluis.com\/index.php\/2024\/10\/24\/el-gobierno-acordo-la-garantia-salarial-con-los-empleados-universitarios-no-docentes\/#breadcrumb\",\"itemListElement\":[{\"@type\":\"ListItem\",\"position\":1,\"name\":\"Inicio\",\"item\":\"https:\/\/apuntesdesanluis.com\/\"},{\"@type\":\"ListItem\",\"position\":2,\"name\":\"EL GOBIERNO ACORD\u00d3 LA GARANT\u00cdA SALARIAL CON LOS EMPLEADOS UNIVERSITARIOS NO DOCENTES\"}]},{\"@type\":\"WebSite\",\"@id\":\"https:\/\/apuntesdesanluis.com\/#website\",\"url\":\"https:\/\/apuntesdesanluis.com\/\",\"name\":\"Apuntes de San Luis\",\"description\":\"\",\"publisher\":{\"@id\":\"https:\/\/apuntesdesanluis.com\/#\/schema\/person\/b55151d52296fcce64d1a72538a70b90\"},\"potentialAction\":[{\"@type\":\"SearchAction\",\"target\":{\"@type\":\"EntryPoint\",\"urlTemplate\":\"https:\/\/apuntesdesanluis.com\/?s={search_term_string}\"},\"query-input\":{\"@type\":\"PropertyValueSpecification\",\"valueRequired\":true,\"valueName\":\"search_term_string\"}}],\"inLanguage\":\"es-AR\"},{\"@type\":[\"Person\",\"Organization\"],\"@id\":\"https:\/\/apuntesdesanluis.com\/#\/schema\/person\/b55151d52296fcce64d1a72538a70b90\",\"name\":\"apuntesdesanluis.com\",\"image\":{\"@type\":\"ImageObject\",\"inLanguage\":\"es-AR\",\"@id\":\"https:\/\/apuntesdesanluis.com\/#\/schema\/person\/image\/\",\"url\":\"https:\/\/apuntesdesanluis.com\/wp-content\/uploads\/2023\/07\/cropped-apuntesdesanluis.png\",\"contentUrl\":\"https:\/\/apuntesdesanluis.com\/wp-content\/uploads\/2023\/07\/cropped-apuntesdesanluis.png\",\"width\":450,\"height\":112,\"caption\":\"apuntesdesanluis.com\"},\"logo\":{\"@id\":\"https:\/\/apuntesdesanluis.com\/#\/schema\/person\/image\/\"},\"sameAs\":[\"https:\/\/apuntesdesanluis.com\"],\"url\":\"https:\/\/apuntesdesanluis.com\/index.php\/author\/apuntesdesanluis-com\/\"}]}<\/script>\n<!-- \/ Yoast SEO plugin. -->","yoast_head_json":{"title":"EL GOBIERNO ACORD\u00d3 LA GARANT\u00cdA SALARIAL CON LOS EMPLEADOS UNIVERSITARIOS NO DOCENTES - Apuntes de San Luis","robots":{"index":"index","follow":"follow","max-snippet":"max-snippet:-1","max-image-preview":"max-image-preview:large","max-video-preview":"max-video-preview:-1"},"canonical":"https:\/\/apuntesdesanluis.com\/index.php\/2024\/10\/24\/el-gobierno-acordo-la-garantia-salarial-con-los-empleados-universitarios-no-docentes\/","og_locale":"es_ES","og_type":"article","og_title":"EL GOBIERNO ACORD\u00d3 LA GARANT\u00cdA SALARIAL CON LOS EMPLEADOS UNIVERSITARIOS NO DOCENTES - Apuntes de San Luis","og_description":"En un paso m\u00e1s hacia la resoluci\u00f3n del conflicto salarial entre el Gobierno y los...","og_url":"https:\/\/apuntesdesanluis.com\/index.php\/2024\/10\/24\/el-gobierno-acordo-la-garantia-salarial-con-los-empleados-universitarios-no-docentes\/","og_site_name":"Apuntes de San Luis","article_published_time":"2024-10-25T00:42:26+00:00","article_modified_time":"2024-10-25T00:44:26+00:00","og_image":[{"width":960,"height":619,"url":"https:\/\/apuntesdesanluis.com\/wp-content\/uploads\/2024\/10\/nodocentes.png","type":"image\/png"}],"author":"apuntesdesanluis.com","twitter_card":"summary_large_image","twitter_misc":{"Escrito por":"apuntesdesanluis.com","Tiempo de lectura":"3 minutos"},"schema":{"@context":"https:\/\/schema.org","@graph":[{"@type":"Article","@id":"https:\/\/apuntesdesanluis.com\/index.php\/2024\/10\/24\/el-gobierno-acordo-la-garantia-salarial-con-los-empleados-universitarios-no-docentes\/#article","isPartOf":{"@id":"https:\/\/apuntesdesanluis.com\/index.php\/2024\/10\/24\/el-gobierno-acordo-la-garantia-salarial-con-los-empleados-universitarios-no-docentes\/"},"author":{"name":"apuntesdesanluis.com","@id":"https:\/\/apuntesdesanluis.com\/#\/schema\/person\/b55151d52296fcce64d1a72538a70b90"},"headline":"EL GOBIERNO ACORD\u00d3 LA GARANT\u00cdA SALARIAL CON LOS EMPLEADOS UNIVERSITARIOS NO DOCENTES","datePublished":"2024-10-25T00:42:26+00:00","dateModified":"2024-10-25T00:44:26+00:00","mainEntityOfPage":{"@id":"https:\/\/apuntesdesanluis.com\/index.php\/2024\/10\/24\/el-gobierno-acordo-la-garantia-salarial-con-los-empleados-universitarios-no-docentes\/"},"wordCount":455,"publisher":{"@id":"https:\/\/apuntesdesanluis.com\/#\/schema\/person\/b55151d52296fcce64d1a72538a70b90"},"image":{"@id":"https:\/\/apuntesdesanluis.com\/index.php\/2024\/10\/24\/el-gobierno-acordo-la-garantia-salarial-con-los-empleados-universitarios-no-docentes\/#primaryimage"},"thumbnailUrl":"https:\/\/apuntesdesanluis.com\/wp-content\/uploads\/2024\/10\/nodocentes.png","articleSection":["Nacionales\/Internacionales"],"inLanguage":"es-AR"},{"@type":"WebPage","@id":"https:\/\/apuntesdesanluis.com\/index.php\/2024\/10\/24\/el-gobierno-acordo-la-garantia-salarial-con-los-empleados-universitarios-no-docentes\/","url":"https:\/\/apuntesdesanluis.com\/index.php\/2024\/10\/24\/el-gobierno-acordo-la-garantia-salarial-con-los-empleados-universitarios-no-docentes\/","name":"EL GOBIERNO ACORD\u00d3 LA GARANT\u00cdA SALARIAL CON LOS EMPLEADOS UNIVERSITARIOS NO DOCENTES - Apuntes de San Luis","isPartOf":{"@id":"https:\/\/apuntesdesanluis.com\/#website"},"primaryImageOfPage":{"@id":"https:\/\/apuntesdesanluis.com\/index.php\/2024\/10\/24\/el-gobierno-acordo-la-garantia-salarial-con-los-empleados-universitarios-no-docentes\/#primaryimage"},"image":{"@id":"https:\/\/apuntesdesanluis.com\/index.php\/2024\/10\/24\/el-gobierno-acordo-la-garantia-salarial-con-los-empleados-universitarios-no-docentes\/#primaryimage"},"thumbnailUrl":"https:\/\/apuntesdesanluis.com\/wp-content\/uploads\/2024\/10\/nodocentes.png","datePublished":"2024-10-25T00:42:26+00:00","dateModified":"2024-10-25T00:44:26+00:00","breadcrumb":{"@id":"https:\/\/apuntesdesanluis.com\/index.php\/2024\/10\/24\/el-gobierno-acordo-la-garantia-salarial-con-los-empleados-universitarios-no-docentes\/#breadcrumb"},"inLanguage":"es-AR","potentialAction":[{"@type":"ReadAction","target":["https:\/\/apuntesdesanluis.com\/index.php\/2024\/10\/24\/el-gobierno-acordo-la-garantia-salarial-con-los-empleados-universitarios-no-docentes\/"]}]},{"@type":"ImageObject","inLanguage":"es-AR","@id":"https:\/\/apuntesdesanluis.com\/index.php\/2024\/10\/24\/el-gobierno-acordo-la-garantia-salarial-con-los-empleados-universitarios-no-docentes\/#primaryimage","url":"https:\/\/apuntesdesanluis.com\/wp-content\/uploads\/2024\/10\/nodocentes.png","contentUrl":"https:\/\/apuntesdesanluis.com\/wp-content\/uploads\/2024\/10\/nodocentes.png","width":960,"height":619},{"@type":"BreadcrumbList","@id":"https:\/\/apuntesdesanluis.com\/index.php\/2024\/10\/24\/el-gobierno-acordo-la-garantia-salarial-con-los-empleados-universitarios-no-docentes\/#breadcrumb","itemListElement":[{"@type":"ListItem","position":1,"name":"Inicio","item":"https:\/\/apuntesdesanluis.com\/"},{"@type":"ListItem","position":2,"name":"EL GOBIERNO ACORD\u00d3 LA GARANT\u00cdA SALARIAL CON LOS EMPLEADOS UNIVERSITARIOS NO DOCENTES"}]},{"@type":"WebSite","@id":"https:\/\/apuntesdesanluis.com\/#website","url":"https:\/\/apuntesdesanluis.com\/","name":"Apuntes de San Luis","description":"","publisher":{"@id":"https:\/\/apuntesdesanluis.com\/#\/schema\/person\/b55151d52296fcce64d1a72538a70b90"},"potentialAction":[{"@type":"SearchAction","target":{"@type":"EntryPoint","urlTemplate":"https:\/\/apuntesdesanluis.com\/?s={search_term_string}"},"query-input":{"@type":"PropertyValueSpecification","valueRequired":true,"valueName":"search_term_string"}}],"inLanguage":"es-AR"},{"@type":["Person","Organization"],"@id":"https:\/\/apuntesdesanluis.com\/#\/schema\/person\/b55151d52296fcce64d1a72538a70b90","name":"apuntesdesanluis.com","image":{"@type":"ImageObject","inLanguage":"es-AR","@id":"https:\/\/apuntesdesanluis.com\/#\/schema\/person\/image\/","url":"https:\/\/apuntesdesanluis.com\/wp-content\/uploads\/2023\/07\/cropped-apuntesdesanluis.png","contentUrl":"https:\/\/apuntesdesanluis.com\/wp-content\/uploads\/2023\/07\/cropped-apuntesdesanluis.png","width":450,"height":112,"caption":"apuntesdesanluis.com"},"logo":{"@id":"https:\/\/apuntesdesanluis.com\/#\/schema\/person\/image\/"},"sameAs":["https:\/\/apuntesdesanluis.com"],"url":"https:\/\/apuntesdesanluis.com\/index.php\/author\/apuntesdesanluis-com\/"}]}},"featured_image_urls":{"full":["https:\/\/apuntesdesanluis.com\/wp-content\/uploads\/2024\/10\/nodocentes.png",960,619,false],"thumbnail":["https:\/\/apuntesdesanluis.com\/wp-content\/uploads\/2024\/10\/nodocentes-150x150.png",150,150,true],"medium":["https:\/\/apuntesdesanluis.com\/wp-content\/uploads\/2024\/10\/nodocentes-300x193.png",300,193,true],"medium_large":["https:\/\/apuntesdesanluis.com\/wp-content\/uploads\/2024\/10\/nodocentes-768x495.png",640,413,true],"large":["https:\/\/apuntesdesanluis.com\/wp-content\/uploads\/2024\/10\/nodocentes.png",640,413,false],"1536x1536":["https:\/\/apuntesdesanluis.com\/wp-content\/uploads\/2024\/10\/nodocentes.png",960,619,false],"2048x2048":["https:\/\/apuntesdesanluis.com\/wp-content\/uploads\/2024\/10\/nodocentes.png",960,619,false],"newsever-slider-full":["https:\/\/apuntesdesanluis.com\/wp-content\/uploads\/2024\/10\/nodocentes.png",960,619,false],"newsever-featured":["https:\/\/apuntesdesanluis.com\/wp-content\/uploads\/2024\/10\/nodocentes.png",960,619,false],"newsever-medium":["https:\/\/apuntesdesanluis.com\/wp-content\/uploads\/2024\/10\/nodocentes-720x475.png",720,475,true]},"author_info":{"display_name":"apuntesdesanluis.com","author_link":"https:\/\/apuntesdesanluis.com\/index.php\/author\/apuntesdesanluis-com\/"},"category_info":"<a href=\"https:\/\/apuntesdesanluis.com\/index.php\/category\/nacionales-internacionales\/\" rel=\"category tag\">Nacionales\/Internacionales<\/a>","tag_info":"Nacionales\/Internacionales","comment_count":"0","_links":{"self":[{"href":"https:\/\/apuntesdesanluis.com\/index.php\/wp-json\/wp\/v2\/posts\/24317","targetHints":{"allow":["GET"]}}],"collection":[{"href":"https:\/\/apuntesdesanluis.com\/index.php\/wp-json\/wp\/v2\/posts"}],"about":[{"href":"https:\/\/apuntesdesanluis.com\/index.php\/wp-json\/wp\/v2\/types\/post"}],"author":[{"embeddable":true,"href":"https:\/\/apuntesdesanluis.com\/index.php\/wp-json\/wp\/v2\/users\/1"}],"replies":[{"embeddable":true,"href":"https:\/\/apuntesdesanluis.com\/index.php\/wp-json\/wp\/v2\/comments?post=24317"}],"version-history":[{"count":3,"href":"https:\/\/apuntesdesanluis.com\/index.php\/wp-json\/wp\/v2\/posts\/24317\/revisions"}],"predecessor-version":[{"id":24323,"href":"https:\/\/apuntesdesanluis.com\/index.php\/wp-json\/wp\/v2\/posts\/24317\/revisions\/24323"}],"wp:featuredmedia":[{"embeddable":true,"href":"https:\/\/apuntesdesanluis.com\/index.php\/wp-json\/wp\/v2\/media\/24321"}],"wp:attachment":[{"href":"https:\/\/apuntesdesanluis.com\/index.php\/wp-json\/wp\/v2\/media?parent=24317"}],"wp:term":[{"taxonomy":"category","embeddable":true,"href":"https:\/\/apuntesdesanluis.com\/index.php\/wp-json\/wp\/v2\/categories?post=24317"},{"taxonomy":"post_tag","embeddable":true,"href":"https:\/\/apuntesdesanluis.com\/index.php\/wp-json\/wp\/v2\/tags?post=24317"}],"curies":[{"name":"wp","href":"https:\/\/api.w.org\/{rel}","templated":true}]}}