{"id":24341,"date":"2024-10-24T21:35:58","date_gmt":"2024-10-25T00:35:58","guid":{"rendered":"https:\/\/apuntesdesanluis.com\/?p=24341"},"modified":"2024-10-25T08:38:41","modified_gmt":"2024-10-25T11:38:41","slug":"presentaron-en-villa-mercedes-8-nuevas-unidades-de-colectivos","status":"publish","type":"post","link":"https:\/\/apuntesdesanluis.com\/index.php\/2024\/10\/24\/presentaron-en-villa-mercedes-8-nuevas-unidades-de-colectivos\/","title":{"rendered":"PRESENTARON EN VILLA MERCEDES 8 NUEVAS UNIDADES DE COLECTIVOS"},"content":{"rendered":"<h3>Este jueves el intendente <strong>Maximiliano Frontera<\/strong> encabez\u00f3 la presentaci\u00f3n de 8 nuevas unidades 0 kil\u00f3metro que se incorporan al servicio de transporte urbano de pasajeros de &#8220;Sol Bus&#8221;.<\/h3>\n<h3><img fetchpriority=\"high\" decoding=\"async\" class=\"wp-image-24343 aligncenter\" src=\"https:\/\/apuntesdesanluis.com\/wp-content\/uploads\/2024\/10\/464478016_864920212494431_6402182683211190930_n-300x187.jpg\" alt=\"\" width=\"520\" height=\"324\" srcset=\"https:\/\/apuntesdesanluis.com\/wp-content\/uploads\/2024\/10\/464478016_864920212494431_6402182683211190930_n-300x187.jpg 300w, https:\/\/apuntesdesanluis.com\/wp-content\/uploads\/2024\/10\/464478016_864920212494431_6402182683211190930_n.jpg 593w\" sizes=\"(max-width: 520px) 100vw, 520px\" \/><\/h3>\n<h3>El acto fue frente a la explanada de la Muni y tambi\u00e9n estuvieron presentes Ra\u00fal Sosa, gerente General de la firma; V\u00edctor Cianchino, secretario de Transporte provincial; ex combatientes y veteranos de Malvinas; autoridades y legisladores locales y provinciales.<\/h3>\n<h3>El intendente destac\u00f3: &#8220;Apoyamos al sistema de transporte, sobre todo porque lo utilizan quienes m\u00e1s lo necesitan. Por eso sostenemos el Boleto Gratuito para estudiantes, docentes y jubilados&#8221;.<\/h3>\n<h3><img decoding=\"async\" class=\"alignnone  wp-image-24344 aligncenter\" src=\"https:\/\/apuntesdesanluis.com\/wp-content\/uploads\/2024\/10\/464436865_864920429161076_787531237426135929_n-300x183.jpg\" alt=\"\" width=\"523\" height=\"319\" srcset=\"https:\/\/apuntesdesanluis.com\/wp-content\/uploads\/2024\/10\/464436865_864920429161076_787531237426135929_n-300x183.jpg 300w, https:\/\/apuntesdesanluis.com\/wp-content\/uploads\/2024\/10\/464436865_864920429161076_787531237426135929_n.jpg 597w\" sizes=\"(max-width: 523px) 100vw, 523px\" \/><\/h3>\n<h3>Los nuevos equipos que se ponen en marcha son amigables con el medio ambiente, cuentan con aire acondicionado y equipamiento de \u00faltima tecnolog\u00eda para la comodidad de los vecinos y vecinas. Permitir\u00e1n optimizar la capacidad y las frecuencias de los distintos recorridos.<\/h3>\n<h3>Finalmente se realiz\u00f3 el corte de cinta y recorrido por el interior de los \u00f3mnibus.<\/h3>\n<p>&nbsp;<\/p>\n<p>&nbsp;<\/p>\n<p>&nbsp;<\/p>\n","protected":false},"excerpt":{"rendered":"<p>Este jueves el intendente Maximiliano Frontera encabez\u00f3 la presentaci\u00f3n de 8 nuevas unidades 0 kil\u00f3metro&#8230;<\/p>\n","protected":false},"author":1,"featured_media":24342,"comment_status":"closed","ping_status":"closed","sticky":false,"template":"","format":"standard","meta":{"footnotes":""},"categories":[6],"tags":[],"class_list":["post-24341","post","type-post","status-publish","format-standard","has-post-thumbnail","hentry","category-ciudad-provincia"],"yoast_head":"<!-- This site is optimized with the Yoast SEO plugin v26.1.1 - https:\/\/yoast.com\/wordpress\/plugins\/seo\/ -->\n<title>PRESENTARON EN VILLA MERCEDES 8 NUEVAS UNIDADES DE COLECTIVOS - Apuntes de San Luis<\/title>\n<meta name=\"robots\" content=\"index, follow, max-snippet:-1, max-image-preview:large, max-video-preview:-1\" \/>\n<link rel=\"canonical\" href=\"https:\/\/apuntesdesanluis.com\/index.php\/2024\/10\/24\/presentaron-en-villa-mercedes-8-nuevas-unidades-de-colectivos\/\" \/>\n<meta property=\"og:locale\" content=\"es_ES\" \/>\n<meta property=\"og:type\" content=\"article\" \/>\n<meta property=\"og:title\" content=\"PRESENTARON EN VILLA MERCEDES 8 NUEVAS UNIDADES DE COLECTIVOS - Apuntes de San Luis\" \/>\n<meta property=\"og:description\" content=\"Este jueves el intendente Maximiliano Frontera encabez\u00f3 la presentaci\u00f3n de 8 nuevas unidades 0 kil\u00f3metro...\" \/>\n<meta property=\"og:url\" content=\"https:\/\/apuntesdesanluis.com\/index.php\/2024\/10\/24\/presentaron-en-villa-mercedes-8-nuevas-unidades-de-colectivos\/\" \/>\n<meta property=\"og:site_name\" content=\"Apuntes de San Luis\" \/>\n<meta property=\"article:published_time\" content=\"2024-10-25T00:35:58+00:00\" \/>\n<meta property=\"article:modified_time\" content=\"2024-10-25T11:38:41+00:00\" \/>\n<meta property=\"og:image\" content=\"https:\/\/apuntesdesanluis.com\/wp-content\/uploads\/2024\/10\/464423487_864920549161064_1312624481782843998_n.jpg\" \/>\n\t<meta property=\"og:image:width\" content=\"588\" \/>\n\t<meta property=\"og:image:height\" content=\"359\" \/>\n\t<meta property=\"og:image:type\" content=\"image\/jpeg\" \/>\n<meta name=\"author\" content=\"apuntesdesanluis.com\" \/>\n<meta name=\"twitter:card\" content=\"summary_large_image\" \/>\n<meta name=\"twitter:label1\" content=\"Escrito por\" \/>\n\t<meta name=\"twitter:data1\" content=\"apuntesdesanluis.com\" \/>\n\t<meta name=\"twitter:label2\" content=\"Tiempo de lectura\" \/>\n\t<meta name=\"twitter:data2\" content=\"2 minutos\" \/>\n<script type=\"application\/ld+json\" class=\"yoast-schema-graph\">{\"@context\":\"https:\/\/schema.org\",\"@graph\":[{\"@type\":\"Article\",\"@id\":\"https:\/\/apuntesdesanluis.com\/index.php\/2024\/10\/24\/presentaron-en-villa-mercedes-8-nuevas-unidades-de-colectivos\/#article\",\"isPartOf\":{\"@id\":\"https:\/\/apuntesdesanluis.com\/index.php\/2024\/10\/24\/presentaron-en-villa-mercedes-8-nuevas-unidades-de-colectivos\/\"},\"author\":{\"name\":\"apuntesdesanluis.com\",\"@id\":\"https:\/\/apuntesdesanluis.com\/#\/schema\/person\/b55151d52296fcce64d1a72538a70b90\"},\"headline\":\"PRESENTARON EN VILLA MERCEDES 8 NUEVAS UNIDADES DE COLECTIVOS\",\"datePublished\":\"2024-10-25T00:35:58+00:00\",\"dateModified\":\"2024-10-25T11:38:41+00:00\",\"mainEntityOfPage\":{\"@id\":\"https:\/\/apuntesdesanluis.com\/index.php\/2024\/10\/24\/presentaron-en-villa-mercedes-8-nuevas-unidades-de-colectivos\/\"},\"wordCount\":169,\"publisher\":{\"@id\":\"https:\/\/apuntesdesanluis.com\/#\/schema\/person\/b55151d52296fcce64d1a72538a70b90\"},\"image\":{\"@id\":\"https:\/\/apuntesdesanluis.com\/index.php\/2024\/10\/24\/presentaron-en-villa-mercedes-8-nuevas-unidades-de-colectivos\/#primaryimage\"},\"thumbnailUrl\":\"https:\/\/apuntesdesanluis.com\/wp-content\/uploads\/2024\/10\/464423487_864920549161064_1312624481782843998_n.jpg\",\"articleSection\":[\"Ciudad\/Provincia\"],\"inLanguage\":\"es-AR\"},{\"@type\":\"WebPage\",\"@id\":\"https:\/\/apuntesdesanluis.com\/index.php\/2024\/10\/24\/presentaron-en-villa-mercedes-8-nuevas-unidades-de-colectivos\/\",\"url\":\"https:\/\/apuntesdesanluis.com\/index.php\/2024\/10\/24\/presentaron-en-villa-mercedes-8-nuevas-unidades-de-colectivos\/\",\"name\":\"PRESENTARON EN VILLA MERCEDES 8 NUEVAS UNIDADES DE COLECTIVOS - Apuntes de San Luis\",\"isPartOf\":{\"@id\":\"https:\/\/apuntesdesanluis.com\/#website\"},\"primaryImageOfPage\":{\"@id\":\"https:\/\/apuntesdesanluis.com\/index.php\/2024\/10\/24\/presentaron-en-villa-mercedes-8-nuevas-unidades-de-colectivos\/#primaryimage\"},\"image\":{\"@id\":\"https:\/\/apuntesdesanluis.com\/index.php\/2024\/10\/24\/presentaron-en-villa-mercedes-8-nuevas-unidades-de-colectivos\/#primaryimage\"},\"thumbnailUrl\":\"https:\/\/apuntesdesanluis.com\/wp-content\/uploads\/2024\/10\/464423487_864920549161064_1312624481782843998_n.jpg\",\"datePublished\":\"2024-10-25T00:35:58+00:00\",\"dateModified\":\"2024-10-25T11:38:41+00:00\",\"breadcrumb\":{\"@id\":\"https:\/\/apuntesdesanluis.com\/index.php\/2024\/10\/24\/presentaron-en-villa-mercedes-8-nuevas-unidades-de-colectivos\/#breadcrumb\"},\"inLanguage\":\"es-AR\",\"potentialAction\":[{\"@type\":\"ReadAction\",\"target\":[\"https:\/\/apuntesdesanluis.com\/index.php\/2024\/10\/24\/presentaron-en-villa-mercedes-8-nuevas-unidades-de-colectivos\/\"]}]},{\"@type\":\"ImageObject\",\"inLanguage\":\"es-AR\",\"@id\":\"https:\/\/apuntesdesanluis.com\/index.php\/2024\/10\/24\/presentaron-en-villa-mercedes-8-nuevas-unidades-de-colectivos\/#primaryimage\",\"url\":\"https:\/\/apuntesdesanluis.com\/wp-content\/uploads\/2024\/10\/464423487_864920549161064_1312624481782843998_n.jpg\",\"contentUrl\":\"https:\/\/apuntesdesanluis.com\/wp-content\/uploads\/2024\/10\/464423487_864920549161064_1312624481782843998_n.jpg\",\"width\":588,\"height\":359},{\"@type\":\"BreadcrumbList\",\"@id\":\"https:\/\/apuntesdesanluis.com\/index.php\/2024\/10\/24\/presentaron-en-villa-mercedes-8-nuevas-unidades-de-colectivos\/#breadcrumb\",\"itemListElement\":[{\"@type\":\"ListItem\",\"position\":1,\"name\":\"Inicio\",\"item\":\"https:\/\/apuntesdesanluis.com\/\"},{\"@type\":\"ListItem\",\"position\":2,\"name\":\"PRESENTARON EN VILLA MERCEDES 8 NUEVAS UNIDADES DE COLECTIVOS\"}]},{\"@type\":\"WebSite\",\"@id\":\"https:\/\/apuntesdesanluis.com\/#website\",\"url\":\"https:\/\/apuntesdesanluis.com\/\",\"name\":\"Apuntes de San Luis\",\"description\":\"\",\"publisher\":{\"@id\":\"https:\/\/apuntesdesanluis.com\/#\/schema\/person\/b55151d52296fcce64d1a72538a70b90\"},\"potentialAction\":[{\"@type\":\"SearchAction\",\"target\":{\"@type\":\"EntryPoint\",\"urlTemplate\":\"https:\/\/apuntesdesanluis.com\/?s={search_term_string}\"},\"query-input\":{\"@type\":\"PropertyValueSpecification\",\"valueRequired\":true,\"valueName\":\"search_term_string\"}}],\"inLanguage\":\"es-AR\"},{\"@type\":[\"Person\",\"Organization\"],\"@id\":\"https:\/\/apuntesdesanluis.com\/#\/schema\/person\/b55151d52296fcce64d1a72538a70b90\",\"name\":\"apuntesdesanluis.com\",\"image\":{\"@type\":\"ImageObject\",\"inLanguage\":\"es-AR\",\"@id\":\"https:\/\/apuntesdesanluis.com\/#\/schema\/person\/image\/\",\"url\":\"https:\/\/apuntesdesanluis.com\/wp-content\/uploads\/2023\/07\/cropped-apuntesdesanluis.png\",\"contentUrl\":\"https:\/\/apuntesdesanluis.com\/wp-content\/uploads\/2023\/07\/cropped-apuntesdesanluis.png\",\"width\":450,\"height\":112,\"caption\":\"apuntesdesanluis.com\"},\"logo\":{\"@id\":\"https:\/\/apuntesdesanluis.com\/#\/schema\/person\/image\/\"},\"sameAs\":[\"https:\/\/apuntesdesanluis.com\"],\"url\":\"https:\/\/apuntesdesanluis.com\/index.php\/author\/apuntesdesanluis-com\/\"}]}<\/script>\n<!-- \/ Yoast SEO plugin. -->","yoast_head_json":{"title":"PRESENTARON EN VILLA MERCEDES 8 NUEVAS UNIDADES DE COLECTIVOS - Apuntes de San Luis","robots":{"index":"index","follow":"follow","max-snippet":"max-snippet:-1","max-image-preview":"max-image-preview:large","max-video-preview":"max-video-preview:-1"},"canonical":"https:\/\/apuntesdesanluis.com\/index.php\/2024\/10\/24\/presentaron-en-villa-mercedes-8-nuevas-unidades-de-colectivos\/","og_locale":"es_ES","og_type":"article","og_title":"PRESENTARON EN VILLA MERCEDES 8 NUEVAS UNIDADES DE COLECTIVOS - Apuntes de San Luis","og_description":"Este jueves el intendente Maximiliano Frontera encabez\u00f3 la presentaci\u00f3n de 8 nuevas unidades 0 kil\u00f3metro...","og_url":"https:\/\/apuntesdesanluis.com\/index.php\/2024\/10\/24\/presentaron-en-villa-mercedes-8-nuevas-unidades-de-colectivos\/","og_site_name":"Apuntes de San Luis","article_published_time":"2024-10-25T00:35:58+00:00","article_modified_time":"2024-10-25T11:38:41+00:00","og_image":[{"width":588,"height":359,"url":"https:\/\/apuntesdesanluis.com\/wp-content\/uploads\/2024\/10\/464423487_864920549161064_1312624481782843998_n.jpg","type":"image\/jpeg"}],"author":"apuntesdesanluis.com","twitter_card":"summary_large_image","twitter_misc":{"Escrito por":"apuntesdesanluis.com","Tiempo de lectura":"2 minutos"},"schema":{"@context":"https:\/\/schema.org","@graph":[{"@type":"Article","@id":"https:\/\/apuntesdesanluis.com\/index.php\/2024\/10\/24\/presentaron-en-villa-mercedes-8-nuevas-unidades-de-colectivos\/#article","isPartOf":{"@id":"https:\/\/apuntesdesanluis.com\/index.php\/2024\/10\/24\/presentaron-en-villa-mercedes-8-nuevas-unidades-de-colectivos\/"},"author":{"name":"apuntesdesanluis.com","@id":"https:\/\/apuntesdesanluis.com\/#\/schema\/person\/b55151d52296fcce64d1a72538a70b90"},"headline":"PRESENTARON EN VILLA MERCEDES 8 NUEVAS UNIDADES DE COLECTIVOS","datePublished":"2024-10-25T00:35:58+00:00","dateModified":"2024-10-25T11:38:41+00:00","mainEntityOfPage":{"@id":"https:\/\/apuntesdesanluis.com\/index.php\/2024\/10\/24\/presentaron-en-villa-mercedes-8-nuevas-unidades-de-colectivos\/"},"wordCount":169,"publisher":{"@id":"https:\/\/apuntesdesanluis.com\/#\/schema\/person\/b55151d52296fcce64d1a72538a70b90"},"image":{"@id":"https:\/\/apuntesdesanluis.com\/index.php\/2024\/10\/24\/presentaron-en-villa-mercedes-8-nuevas-unidades-de-colectivos\/#primaryimage"},"thumbnailUrl":"https:\/\/apuntesdesanluis.com\/wp-content\/uploads\/2024\/10\/464423487_864920549161064_1312624481782843998_n.jpg","articleSection":["Ciudad\/Provincia"],"inLanguage":"es-AR"},{"@type":"WebPage","@id":"https:\/\/apuntesdesanluis.com\/index.php\/2024\/10\/24\/presentaron-en-villa-mercedes-8-nuevas-unidades-de-colectivos\/","url":"https:\/\/apuntesdesanluis.com\/index.php\/2024\/10\/24\/presentaron-en-villa-mercedes-8-nuevas-unidades-de-colectivos\/","name":"PRESENTARON EN VILLA MERCEDES 8 NUEVAS UNIDADES DE COLECTIVOS - Apuntes de San Luis","isPartOf":{"@id":"https:\/\/apuntesdesanluis.com\/#website"},"primaryImageOfPage":{"@id":"https:\/\/apuntesdesanluis.com\/index.php\/2024\/10\/24\/presentaron-en-villa-mercedes-8-nuevas-unidades-de-colectivos\/#primaryimage"},"image":{"@id":"https:\/\/apuntesdesanluis.com\/index.php\/2024\/10\/24\/presentaron-en-villa-mercedes-8-nuevas-unidades-de-colectivos\/#primaryimage"},"thumbnailUrl":"https:\/\/apuntesdesanluis.com\/wp-content\/uploads\/2024\/10\/464423487_864920549161064_1312624481782843998_n.jpg","datePublished":"2024-10-25T00:35:58+00:00","dateModified":"2024-10-25T11:38:41+00:00","breadcrumb":{"@id":"https:\/\/apuntesdesanluis.com\/index.php\/2024\/10\/24\/presentaron-en-villa-mercedes-8-nuevas-unidades-de-colectivos\/#breadcrumb"},"inLanguage":"es-AR","potentialAction":[{"@type":"ReadAction","target":["https:\/\/apuntesdesanluis.com\/index.php\/2024\/10\/24\/presentaron-en-villa-mercedes-8-nuevas-unidades-de-colectivos\/"]}]},{"@type":"ImageObject","inLanguage":"es-AR","@id":"https:\/\/apuntesdesanluis.com\/index.php\/2024\/10\/24\/presentaron-en-villa-mercedes-8-nuevas-unidades-de-colectivos\/#primaryimage","url":"https:\/\/apuntesdesanluis.com\/wp-content\/uploads\/2024\/10\/464423487_864920549161064_1312624481782843998_n.jpg","contentUrl":"https:\/\/apuntesdesanluis.com\/wp-content\/uploads\/2024\/10\/464423487_864920549161064_1312624481782843998_n.jpg","width":588,"height":359},{"@type":"BreadcrumbList","@id":"https:\/\/apuntesdesanluis.com\/index.php\/2024\/10\/24\/presentaron-en-villa-mercedes-8-nuevas-unidades-de-colectivos\/#breadcrumb","itemListElement":[{"@type":"ListItem","position":1,"name":"Inicio","item":"https:\/\/apuntesdesanluis.com\/"},{"@type":"ListItem","position":2,"name":"PRESENTARON EN VILLA MERCEDES 8 NUEVAS UNIDADES DE COLECTIVOS"}]},{"@type":"WebSite","@id":"https:\/\/apuntesdesanluis.com\/#website","url":"https:\/\/apuntesdesanluis.com\/","name":"Apuntes de San Luis","description":"","publisher":{"@id":"https:\/\/apuntesdesanluis.com\/#\/schema\/person\/b55151d52296fcce64d1a72538a70b90"},"potentialAction":[{"@type":"SearchAction","target":{"@type":"EntryPoint","urlTemplate":"https:\/\/apuntesdesanluis.com\/?s={search_term_string}"},"query-input":{"@type":"PropertyValueSpecification","valueRequired":true,"valueName":"search_term_string"}}],"inLanguage":"es-AR"},{"@type":["Person","Organization"],"@id":"https:\/\/apuntesdesanluis.com\/#\/schema\/person\/b55151d52296fcce64d1a72538a70b90","name":"apuntesdesanluis.com","image":{"@type":"ImageObject","inLanguage":"es-AR","@id":"https:\/\/apuntesdesanluis.com\/#\/schema\/person\/image\/","url":"https:\/\/apuntesdesanluis.com\/wp-content\/uploads\/2023\/07\/cropped-apuntesdesanluis.png","contentUrl":"https:\/\/apuntesdesanluis.com\/wp-content\/uploads\/2023\/07\/cropped-apuntesdesanluis.png","width":450,"height":112,"caption":"apuntesdesanluis.com"},"logo":{"@id":"https:\/\/apuntesdesanluis.com\/#\/schema\/person\/image\/"},"sameAs":["https:\/\/apuntesdesanluis.com"],"url":"https:\/\/apuntesdesanluis.com\/index.php\/author\/apuntesdesanluis-com\/"}]}},"featured_image_urls":{"full":["https:\/\/apuntesdesanluis.com\/wp-content\/uploads\/2024\/10\/464423487_864920549161064_1312624481782843998_n.jpg",588,359,false],"thumbnail":["https:\/\/apuntesdesanluis.com\/wp-content\/uploads\/2024\/10\/464423487_864920549161064_1312624481782843998_n-150x150.jpg",150,150,true],"medium":["https:\/\/apuntesdesanluis.com\/wp-content\/uploads\/2024\/10\/464423487_864920549161064_1312624481782843998_n-300x183.jpg",300,183,true],"medium_large":["https:\/\/apuntesdesanluis.com\/wp-content\/uploads\/2024\/10\/464423487_864920549161064_1312624481782843998_n.jpg",588,359,false],"large":["https:\/\/apuntesdesanluis.com\/wp-content\/uploads\/2024\/10\/464423487_864920549161064_1312624481782843998_n.jpg",588,359,false],"1536x1536":["https:\/\/apuntesdesanluis.com\/wp-content\/uploads\/2024\/10\/464423487_864920549161064_1312624481782843998_n.jpg",588,359,false],"2048x2048":["https:\/\/apuntesdesanluis.com\/wp-content\/uploads\/2024\/10\/464423487_864920549161064_1312624481782843998_n.jpg",588,359,false],"newsever-slider-full":["https:\/\/apuntesdesanluis.com\/wp-content\/uploads\/2024\/10\/464423487_864920549161064_1312624481782843998_n.jpg",588,359,false],"newsever-featured":["https:\/\/apuntesdesanluis.com\/wp-content\/uploads\/2024\/10\/464423487_864920549161064_1312624481782843998_n.jpg",588,359,false],"newsever-medium":["https:\/\/apuntesdesanluis.com\/wp-content\/uploads\/2024\/10\/464423487_864920549161064_1312624481782843998_n.jpg",588,359,false]},"author_info":{"display_name":"apuntesdesanluis.com","author_link":"https:\/\/apuntesdesanluis.com\/index.php\/author\/apuntesdesanluis-com\/"},"category_info":"<a href=\"https:\/\/apuntesdesanluis.com\/index.php\/category\/ciudad-provincia\/\" rel=\"category tag\">Ciudad\/Provincia<\/a>","tag_info":"Ciudad\/Provincia","comment_count":"0","_links":{"self":[{"href":"https:\/\/apuntesdesanluis.com\/index.php\/wp-json\/wp\/v2\/posts\/24341","targetHints":{"allow":["GET"]}}],"collection":[{"href":"https:\/\/apuntesdesanluis.com\/index.php\/wp-json\/wp\/v2\/posts"}],"about":[{"href":"https:\/\/apuntesdesanluis.com\/index.php\/wp-json\/wp\/v2\/types\/post"}],"author":[{"embeddable":true,"href":"https:\/\/apuntesdesanluis.com\/index.php\/wp-json\/wp\/v2\/users\/1"}],"replies":[{"embeddable":true,"href":"https:\/\/apuntesdesanluis.com\/index.php\/wp-json\/wp\/v2\/comments?post=24341"}],"version-history":[{"count":1,"href":"https:\/\/apuntesdesanluis.com\/index.php\/wp-json\/wp\/v2\/posts\/24341\/revisions"}],"predecessor-version":[{"id":24345,"href":"https:\/\/apuntesdesanluis.com\/index.php\/wp-json\/wp\/v2\/posts\/24341\/revisions\/24345"}],"wp:featuredmedia":[{"embeddable":true,"href":"https:\/\/apuntesdesanluis.com\/index.php\/wp-json\/wp\/v2\/media\/24342"}],"wp:attachment":[{"href":"https:\/\/apuntesdesanluis.com\/index.php\/wp-json\/wp\/v2\/media?parent=24341"}],"wp:term":[{"taxonomy":"category","embeddable":true,"href":"https:\/\/apuntesdesanluis.com\/index.php\/wp-json\/wp\/v2\/categories?post=24341"},{"taxonomy":"post_tag","embeddable":true,"href":"https:\/\/apuntesdesanluis.com\/index.php\/wp-json\/wp\/v2\/tags?post=24341"}],"curies":[{"name":"wp","href":"https:\/\/api.w.org\/{rel}","templated":true}]}}