{"id":24346,"date":"2024-10-25T19:30:15","date_gmt":"2024-10-25T22:30:15","guid":{"rendered":"https:\/\/apuntesdesanluis.com\/?p=24346"},"modified":"2024-10-25T19:30:15","modified_gmt":"2024-10-25T22:30:15","slug":"formularon-cargos-y-seguira-detenido-el-propietario-del-motel","status":"publish","type":"post","link":"https:\/\/apuntesdesanluis.com\/index.php\/2024\/10\/25\/formularon-cargos-y-seguira-detenido-el-propietario-del-motel\/","title":{"rendered":"FORMULARON CARGOS Y SEGUIR\u00c1 DETENIDO EL PROPIETARIO DEL MOTEL"},"content":{"rendered":"<h3>Seg\u00fan el relato formulado por el Ministerio P\u00fablico Fiscal, el hombre habr\u00eda incurrido en la conducta prevista en el Art. 239 del C\u00f3digo Penal Argentino al no respetar la clausura de un motel dictada por el Tribunal de Faltas Municipal.<\/h3>\n<h3>Este martes, se realiz\u00f3 una audiencia en donde formularon cargos provisorios\u00a0 a un hombre como autor del delito de \u201cDesobediencia a la autoridad\u201d, conforme lo previsto en los Arts. 239 y 45 del C\u00f3digo Penal Argentino.<\/h3>\n<h3>El hombre, de ocupaci\u00f3n comerciante, habr\u00eda incumplido lo dispuesto mediante una sentencia dictada por el Tribunal de Faltas Municipal que\u00a0 \u2013 con fecha 21\/9\/2021 \u2013 hab\u00eda dispuesto la clausura definitiva de un motel ubicado en la calle Taboada Mora, en Villa Mercedes.<\/h3>\n<h3>El Dr. Marcelo Palacio Fern\u00e1ndez \u2013 Fiscal Adjunto \u2013 relat\u00f3 en forma pormenorizada la cantidad de veces que la resoluci\u00f3n municipal fue ignorada, ya que el establecimiento sigui\u00f3 funcionando a pesar de contar con fajas de clausura. Precis\u00f3 que el imputado fue notificado personalmente en fecha 23\/9\/2021 respecto de la clausura definitiva.<\/h3>\n<h3>Precis\u00f3 que el pasado 17 de septiembre, cuando\u00a0 inspectores municipales labraron un acta, hab\u00eda personas en el local y que el mismo estaba en actividad.<\/h3>\n<h3>Asegur\u00f3 adem\u00e1s que como producto de un allanamiento realizado el 24 de octubre se secuestraron 24 planillas de control de ingresos, con actividad registrada entre el 10 y el 24 de octubre.<\/h3>\n<h3>\u00a0El Fiscal mencion\u00f3 la evidencia incorporada al legajo y pidi\u00f3 se formulen cargos en los t\u00e9rminos previstos en los Arts. 239 y 45 del C\u00f3digo Penal Argentino.<\/h3>\n<h3>En adhesi\u00f3n a lo expuesto por el Ministerio P\u00fablico Fiscal tambi\u00e9n se expresaron el Dr. Enrique Gargiulo, de la Fiscal\u00eda Municipal de Faltas y el Dr. Mauro Sabatini, Jefe del Programa de Asesor\u00eda Letrada del Municipio.<\/h3>\n<p><img fetchpriority=\"high\" decoding=\"async\" class=\"wp-image-24348 aligncenter\" src=\"https:\/\/apuntesdesanluis.com\/wp-content\/uploads\/2024\/10\/audiencia-fiscal-300x211.png\" alt=\"\" width=\"708\" height=\"498\" srcset=\"https:\/\/apuntesdesanluis.com\/wp-content\/uploads\/2024\/10\/audiencia-fiscal-300x211.png 300w, https:\/\/apuntesdesanluis.com\/wp-content\/uploads\/2024\/10\/audiencia-fiscal-768x539.png 768w, https:\/\/apuntesdesanluis.com\/wp-content\/uploads\/2024\/10\/audiencia-fiscal.png 822w\" sizes=\"(max-width: 708px) 100vw, 708px\" \/><\/p>\n<h3>En la audiencia tambi\u00e9n estuvieron presentes la Dra. Laura Marcolini, quien solicit\u00f3 participaci\u00f3n como Querellante \u2013 en representaci\u00f3n del hijo de la persona fallecida en el motel el pasado 14 de octubre \u2013\u00a0\u00a0 y el Dr. Tito Fern\u00e1ndez, en representaci\u00f3n de la Querella \u2013denunciante \u2013 .<\/h3>\n<h3>Por su parte, la Defensa del imputado \u2013 ejercida por los Dres. Bautista Rivadera y Federico Masini \u2013 no formul\u00f3 objeciones a la formulaci\u00f3n de cargos y solicit\u00f3 pr\u00f3rroga de la detenci\u00f3n, a fin de plantear su teor\u00eda del caso. Adem\u00e1s, el Dr. Rivadera solicit\u00f3 se realice una encuesta socioambiental en el domicilio del imputado con el objetivo de determinar su grupo conviviente, ingresos y medios de vida y titularidad del inmueble.<\/h3>\n<h3>Luego de escuchar a las partes, el Dr. Santiago Ortiz tuvo por formulados cargos provisorios en los t\u00e9rminos solicitados por el Fiscal Adjunto, concedi\u00f3 la pr\u00f3rroga de la detenci\u00f3n solicitada por la Defensa y fij\u00f3 una nueva audiencia para el pr\u00f3ximo 30 de octubre a las 9 horas cuando se resolver\u00e1 sobre la situaci\u00f3n procesal del imputado. Asimismo, orden\u00f3 se realice la encuesta solicitada por la Defensa.<\/h3>\n<p>&nbsp;<\/p>\n<p>&nbsp;<\/p>\n<p>&nbsp;<\/p>\n<p>&nbsp;<\/p>\n<p>&nbsp;<\/p>\n<p>&nbsp;<\/p>\n<p>&nbsp;<\/p>\n<p>&nbsp;<\/p>\n","protected":false},"excerpt":{"rendered":"<p>Seg\u00fan el relato formulado por el Ministerio P\u00fablico Fiscal, el hombre habr\u00eda incurrido en la&#8230;<\/p>\n","protected":false},"author":1,"featured_media":24347,"comment_status":"closed","ping_status":"closed","sticky":false,"template":"","format":"standard","meta":{"footnotes":""},"categories":[6],"tags":[],"class_list":["post-24346","post","type-post","status-publish","format-standard","has-post-thumbnail","hentry","category-ciudad-provincia"],"yoast_head":"<!-- This site is optimized with the Yoast SEO plugin v26.1.1 - https:\/\/yoast.com\/wordpress\/plugins\/seo\/ -->\n<title>FORMULARON CARGOS Y SEGUIR\u00c1 DETENIDO EL PROPIETARIO DEL MOTEL - Apuntes de San Luis<\/title>\n<meta name=\"robots\" content=\"index, follow, max-snippet:-1, max-image-preview:large, max-video-preview:-1\" \/>\n<link rel=\"canonical\" href=\"https:\/\/apuntesdesanluis.com\/index.php\/2024\/10\/25\/formularon-cargos-y-seguira-detenido-el-propietario-del-motel\/\" \/>\n<meta property=\"og:locale\" content=\"es_ES\" \/>\n<meta property=\"og:type\" content=\"article\" \/>\n<meta property=\"og:title\" content=\"FORMULARON CARGOS Y SEGUIR\u00c1 DETENIDO EL PROPIETARIO DEL MOTEL - Apuntes de San Luis\" \/>\n<meta property=\"og:description\" content=\"Seg\u00fan el relato formulado por el Ministerio P\u00fablico Fiscal, el hombre habr\u00eda incurrido en la...\" \/>\n<meta property=\"og:url\" content=\"https:\/\/apuntesdesanluis.com\/index.php\/2024\/10\/25\/formularon-cargos-y-seguira-detenido-el-propietario-del-motel\/\" \/>\n<meta property=\"og:site_name\" content=\"Apuntes de San Luis\" \/>\n<meta property=\"article:published_time\" content=\"2024-10-25T22:30:15+00:00\" \/>\n<meta property=\"og:image\" content=\"https:\/\/apuntesdesanluis.com\/wp-content\/uploads\/2024\/10\/audiencia-contra-tops.png\" \/>\n\t<meta property=\"og:image:width\" content=\"809\" \/>\n\t<meta property=\"og:image:height\" content=\"504\" \/>\n\t<meta property=\"og:image:type\" content=\"image\/png\" \/>\n<meta name=\"author\" content=\"apuntesdesanluis.com\" \/>\n<meta name=\"twitter:card\" content=\"summary_large_image\" \/>\n<meta name=\"twitter:label1\" content=\"Escrito por\" \/>\n\t<meta name=\"twitter:data1\" content=\"apuntesdesanluis.com\" \/>\n\t<meta name=\"twitter:label2\" content=\"Tiempo de lectura\" \/>\n\t<meta name=\"twitter:data2\" content=\"3 minutos\" \/>\n<script type=\"application\/ld+json\" class=\"yoast-schema-graph\">{\"@context\":\"https:\/\/schema.org\",\"@graph\":[{\"@type\":\"Article\",\"@id\":\"https:\/\/apuntesdesanluis.com\/index.php\/2024\/10\/25\/formularon-cargos-y-seguira-detenido-el-propietario-del-motel\/#article\",\"isPartOf\":{\"@id\":\"https:\/\/apuntesdesanluis.com\/index.php\/2024\/10\/25\/formularon-cargos-y-seguira-detenido-el-propietario-del-motel\/\"},\"author\":{\"name\":\"apuntesdesanluis.com\",\"@id\":\"https:\/\/apuntesdesanluis.com\/#\/schema\/person\/b55151d52296fcce64d1a72538a70b90\"},\"headline\":\"FORMULARON CARGOS Y SEGUIR\u00c1 DETENIDO EL PROPIETARIO DEL MOTEL\",\"datePublished\":\"2024-10-25T22:30:15+00:00\",\"mainEntityOfPage\":{\"@id\":\"https:\/\/apuntesdesanluis.com\/index.php\/2024\/10\/25\/formularon-cargos-y-seguira-detenido-el-propietario-del-motel\/\"},\"wordCount\":501,\"publisher\":{\"@id\":\"https:\/\/apuntesdesanluis.com\/#\/schema\/person\/b55151d52296fcce64d1a72538a70b90\"},\"image\":{\"@id\":\"https:\/\/apuntesdesanluis.com\/index.php\/2024\/10\/25\/formularon-cargos-y-seguira-detenido-el-propietario-del-motel\/#primaryimage\"},\"thumbnailUrl\":\"https:\/\/apuntesdesanluis.com\/wp-content\/uploads\/2024\/10\/audiencia-contra-tops.png\",\"articleSection\":[\"Ciudad\/Provincia\"],\"inLanguage\":\"es-AR\"},{\"@type\":\"WebPage\",\"@id\":\"https:\/\/apuntesdesanluis.com\/index.php\/2024\/10\/25\/formularon-cargos-y-seguira-detenido-el-propietario-del-motel\/\",\"url\":\"https:\/\/apuntesdesanluis.com\/index.php\/2024\/10\/25\/formularon-cargos-y-seguira-detenido-el-propietario-del-motel\/\",\"name\":\"FORMULARON CARGOS Y SEGUIR\u00c1 DETENIDO EL PROPIETARIO DEL MOTEL - Apuntes de San Luis\",\"isPartOf\":{\"@id\":\"https:\/\/apuntesdesanluis.com\/#website\"},\"primaryImageOfPage\":{\"@id\":\"https:\/\/apuntesdesanluis.com\/index.php\/2024\/10\/25\/formularon-cargos-y-seguira-detenido-el-propietario-del-motel\/#primaryimage\"},\"image\":{\"@id\":\"https:\/\/apuntesdesanluis.com\/index.php\/2024\/10\/25\/formularon-cargos-y-seguira-detenido-el-propietario-del-motel\/#primaryimage\"},\"thumbnailUrl\":\"https:\/\/apuntesdesanluis.com\/wp-content\/uploads\/2024\/10\/audiencia-contra-tops.png\",\"datePublished\":\"2024-10-25T22:30:15+00:00\",\"breadcrumb\":{\"@id\":\"https:\/\/apuntesdesanluis.com\/index.php\/2024\/10\/25\/formularon-cargos-y-seguira-detenido-el-propietario-del-motel\/#breadcrumb\"},\"inLanguage\":\"es-AR\",\"potentialAction\":[{\"@type\":\"ReadAction\",\"target\":[\"https:\/\/apuntesdesanluis.com\/index.php\/2024\/10\/25\/formularon-cargos-y-seguira-detenido-el-propietario-del-motel\/\"]}]},{\"@type\":\"ImageObject\",\"inLanguage\":\"es-AR\",\"@id\":\"https:\/\/apuntesdesanluis.com\/index.php\/2024\/10\/25\/formularon-cargos-y-seguira-detenido-el-propietario-del-motel\/#primaryimage\",\"url\":\"https:\/\/apuntesdesanluis.com\/wp-content\/uploads\/2024\/10\/audiencia-contra-tops.png\",\"contentUrl\":\"https:\/\/apuntesdesanluis.com\/wp-content\/uploads\/2024\/10\/audiencia-contra-tops.png\",\"width\":809,\"height\":504},{\"@type\":\"BreadcrumbList\",\"@id\":\"https:\/\/apuntesdesanluis.com\/index.php\/2024\/10\/25\/formularon-cargos-y-seguira-detenido-el-propietario-del-motel\/#breadcrumb\",\"itemListElement\":[{\"@type\":\"ListItem\",\"position\":1,\"name\":\"Inicio\",\"item\":\"https:\/\/apuntesdesanluis.com\/\"},{\"@type\":\"ListItem\",\"position\":2,\"name\":\"FORMULARON CARGOS Y SEGUIR\u00c1 DETENIDO EL PROPIETARIO DEL MOTEL\"}]},{\"@type\":\"WebSite\",\"@id\":\"https:\/\/apuntesdesanluis.com\/#website\",\"url\":\"https:\/\/apuntesdesanluis.com\/\",\"name\":\"Apuntes de San Luis\",\"description\":\"\",\"publisher\":{\"@id\":\"https:\/\/apuntesdesanluis.com\/#\/schema\/person\/b55151d52296fcce64d1a72538a70b90\"},\"potentialAction\":[{\"@type\":\"SearchAction\",\"target\":{\"@type\":\"EntryPoint\",\"urlTemplate\":\"https:\/\/apuntesdesanluis.com\/?s={search_term_string}\"},\"query-input\":{\"@type\":\"PropertyValueSpecification\",\"valueRequired\":true,\"valueName\":\"search_term_string\"}}],\"inLanguage\":\"es-AR\"},{\"@type\":[\"Person\",\"Organization\"],\"@id\":\"https:\/\/apuntesdesanluis.com\/#\/schema\/person\/b55151d52296fcce64d1a72538a70b90\",\"name\":\"apuntesdesanluis.com\",\"image\":{\"@type\":\"ImageObject\",\"inLanguage\":\"es-AR\",\"@id\":\"https:\/\/apuntesdesanluis.com\/#\/schema\/person\/image\/\",\"url\":\"https:\/\/apuntesdesanluis.com\/wp-content\/uploads\/2023\/07\/cropped-apuntesdesanluis.png\",\"contentUrl\":\"https:\/\/apuntesdesanluis.com\/wp-content\/uploads\/2023\/07\/cropped-apuntesdesanluis.png\",\"width\":450,\"height\":112,\"caption\":\"apuntesdesanluis.com\"},\"logo\":{\"@id\":\"https:\/\/apuntesdesanluis.com\/#\/schema\/person\/image\/\"},\"sameAs\":[\"https:\/\/apuntesdesanluis.com\"],\"url\":\"https:\/\/apuntesdesanluis.com\/index.php\/author\/apuntesdesanluis-com\/\"}]}<\/script>\n<!-- \/ Yoast SEO plugin. -->","yoast_head_json":{"title":"FORMULARON CARGOS Y SEGUIR\u00c1 DETENIDO EL PROPIETARIO DEL MOTEL - Apuntes de San Luis","robots":{"index":"index","follow":"follow","max-snippet":"max-snippet:-1","max-image-preview":"max-image-preview:large","max-video-preview":"max-video-preview:-1"},"canonical":"https:\/\/apuntesdesanluis.com\/index.php\/2024\/10\/25\/formularon-cargos-y-seguira-detenido-el-propietario-del-motel\/","og_locale":"es_ES","og_type":"article","og_title":"FORMULARON CARGOS Y SEGUIR\u00c1 DETENIDO EL PROPIETARIO DEL MOTEL - Apuntes de San Luis","og_description":"Seg\u00fan el relato formulado por el Ministerio P\u00fablico Fiscal, el hombre habr\u00eda incurrido en la...","og_url":"https:\/\/apuntesdesanluis.com\/index.php\/2024\/10\/25\/formularon-cargos-y-seguira-detenido-el-propietario-del-motel\/","og_site_name":"Apuntes de San Luis","article_published_time":"2024-10-25T22:30:15+00:00","og_image":[{"width":809,"height":504,"url":"https:\/\/apuntesdesanluis.com\/wp-content\/uploads\/2024\/10\/audiencia-contra-tops.png","type":"image\/png"}],"author":"apuntesdesanluis.com","twitter_card":"summary_large_image","twitter_misc":{"Escrito por":"apuntesdesanluis.com","Tiempo de lectura":"3 minutos"},"schema":{"@context":"https:\/\/schema.org","@graph":[{"@type":"Article","@id":"https:\/\/apuntesdesanluis.com\/index.php\/2024\/10\/25\/formularon-cargos-y-seguira-detenido-el-propietario-del-motel\/#article","isPartOf":{"@id":"https:\/\/apuntesdesanluis.com\/index.php\/2024\/10\/25\/formularon-cargos-y-seguira-detenido-el-propietario-del-motel\/"},"author":{"name":"apuntesdesanluis.com","@id":"https:\/\/apuntesdesanluis.com\/#\/schema\/person\/b55151d52296fcce64d1a72538a70b90"},"headline":"FORMULARON CARGOS Y SEGUIR\u00c1 DETENIDO EL PROPIETARIO DEL MOTEL","datePublished":"2024-10-25T22:30:15+00:00","mainEntityOfPage":{"@id":"https:\/\/apuntesdesanluis.com\/index.php\/2024\/10\/25\/formularon-cargos-y-seguira-detenido-el-propietario-del-motel\/"},"wordCount":501,"publisher":{"@id":"https:\/\/apuntesdesanluis.com\/#\/schema\/person\/b55151d52296fcce64d1a72538a70b90"},"image":{"@id":"https:\/\/apuntesdesanluis.com\/index.php\/2024\/10\/25\/formularon-cargos-y-seguira-detenido-el-propietario-del-motel\/#primaryimage"},"thumbnailUrl":"https:\/\/apuntesdesanluis.com\/wp-content\/uploads\/2024\/10\/audiencia-contra-tops.png","articleSection":["Ciudad\/Provincia"],"inLanguage":"es-AR"},{"@type":"WebPage","@id":"https:\/\/apuntesdesanluis.com\/index.php\/2024\/10\/25\/formularon-cargos-y-seguira-detenido-el-propietario-del-motel\/","url":"https:\/\/apuntesdesanluis.com\/index.php\/2024\/10\/25\/formularon-cargos-y-seguira-detenido-el-propietario-del-motel\/","name":"FORMULARON CARGOS Y SEGUIR\u00c1 DETENIDO EL PROPIETARIO DEL MOTEL - Apuntes de San Luis","isPartOf":{"@id":"https:\/\/apuntesdesanluis.com\/#website"},"primaryImageOfPage":{"@id":"https:\/\/apuntesdesanluis.com\/index.php\/2024\/10\/25\/formularon-cargos-y-seguira-detenido-el-propietario-del-motel\/#primaryimage"},"image":{"@id":"https:\/\/apuntesdesanluis.com\/index.php\/2024\/10\/25\/formularon-cargos-y-seguira-detenido-el-propietario-del-motel\/#primaryimage"},"thumbnailUrl":"https:\/\/apuntesdesanluis.com\/wp-content\/uploads\/2024\/10\/audiencia-contra-tops.png","datePublished":"2024-10-25T22:30:15+00:00","breadcrumb":{"@id":"https:\/\/apuntesdesanluis.com\/index.php\/2024\/10\/25\/formularon-cargos-y-seguira-detenido-el-propietario-del-motel\/#breadcrumb"},"inLanguage":"es-AR","potentialAction":[{"@type":"ReadAction","target":["https:\/\/apuntesdesanluis.com\/index.php\/2024\/10\/25\/formularon-cargos-y-seguira-detenido-el-propietario-del-motel\/"]}]},{"@type":"ImageObject","inLanguage":"es-AR","@id":"https:\/\/apuntesdesanluis.com\/index.php\/2024\/10\/25\/formularon-cargos-y-seguira-detenido-el-propietario-del-motel\/#primaryimage","url":"https:\/\/apuntesdesanluis.com\/wp-content\/uploads\/2024\/10\/audiencia-contra-tops.png","contentUrl":"https:\/\/apuntesdesanluis.com\/wp-content\/uploads\/2024\/10\/audiencia-contra-tops.png","width":809,"height":504},{"@type":"BreadcrumbList","@id":"https:\/\/apuntesdesanluis.com\/index.php\/2024\/10\/25\/formularon-cargos-y-seguira-detenido-el-propietario-del-motel\/#breadcrumb","itemListElement":[{"@type":"ListItem","position":1,"name":"Inicio","item":"https:\/\/apuntesdesanluis.com\/"},{"@type":"ListItem","position":2,"name":"FORMULARON CARGOS Y SEGUIR\u00c1 DETENIDO EL PROPIETARIO DEL MOTEL"}]},{"@type":"WebSite","@id":"https:\/\/apuntesdesanluis.com\/#website","url":"https:\/\/apuntesdesanluis.com\/","name":"Apuntes de San Luis","description":"","publisher":{"@id":"https:\/\/apuntesdesanluis.com\/#\/schema\/person\/b55151d52296fcce64d1a72538a70b90"},"potentialAction":[{"@type":"SearchAction","target":{"@type":"EntryPoint","urlTemplate":"https:\/\/apuntesdesanluis.com\/?s={search_term_string}"},"query-input":{"@type":"PropertyValueSpecification","valueRequired":true,"valueName":"search_term_string"}}],"inLanguage":"es-AR"},{"@type":["Person","Organization"],"@id":"https:\/\/apuntesdesanluis.com\/#\/schema\/person\/b55151d52296fcce64d1a72538a70b90","name":"apuntesdesanluis.com","image":{"@type":"ImageObject","inLanguage":"es-AR","@id":"https:\/\/apuntesdesanluis.com\/#\/schema\/person\/image\/","url":"https:\/\/apuntesdesanluis.com\/wp-content\/uploads\/2023\/07\/cropped-apuntesdesanluis.png","contentUrl":"https:\/\/apuntesdesanluis.com\/wp-content\/uploads\/2023\/07\/cropped-apuntesdesanluis.png","width":450,"height":112,"caption":"apuntesdesanluis.com"},"logo":{"@id":"https:\/\/apuntesdesanluis.com\/#\/schema\/person\/image\/"},"sameAs":["https:\/\/apuntesdesanluis.com"],"url":"https:\/\/apuntesdesanluis.com\/index.php\/author\/apuntesdesanluis-com\/"}]}},"featured_image_urls":{"full":["https:\/\/apuntesdesanluis.com\/wp-content\/uploads\/2024\/10\/audiencia-contra-tops.png",809,504,false],"thumbnail":["https:\/\/apuntesdesanluis.com\/wp-content\/uploads\/2024\/10\/audiencia-contra-tops-150x150.png",150,150,true],"medium":["https:\/\/apuntesdesanluis.com\/wp-content\/uploads\/2024\/10\/audiencia-contra-tops-300x187.png",300,187,true],"medium_large":["https:\/\/apuntesdesanluis.com\/wp-content\/uploads\/2024\/10\/audiencia-contra-tops-768x478.png",640,398,true],"large":["https:\/\/apuntesdesanluis.com\/wp-content\/uploads\/2024\/10\/audiencia-contra-tops.png",640,399,false],"1536x1536":["https:\/\/apuntesdesanluis.com\/wp-content\/uploads\/2024\/10\/audiencia-contra-tops.png",809,504,false],"2048x2048":["https:\/\/apuntesdesanluis.com\/wp-content\/uploads\/2024\/10\/audiencia-contra-tops.png",809,504,false],"newsever-slider-full":["https:\/\/apuntesdesanluis.com\/wp-content\/uploads\/2024\/10\/audiencia-contra-tops.png",809,504,false],"newsever-featured":["https:\/\/apuntesdesanluis.com\/wp-content\/uploads\/2024\/10\/audiencia-contra-tops.png",809,504,false],"newsever-medium":["https:\/\/apuntesdesanluis.com\/wp-content\/uploads\/2024\/10\/audiencia-contra-tops-720x475.png",720,475,true]},"author_info":{"display_name":"apuntesdesanluis.com","author_link":"https:\/\/apuntesdesanluis.com\/index.php\/author\/apuntesdesanluis-com\/"},"category_info":"<a href=\"https:\/\/apuntesdesanluis.com\/index.php\/category\/ciudad-provincia\/\" rel=\"category tag\">Ciudad\/Provincia<\/a>","tag_info":"Ciudad\/Provincia","comment_count":"0","_links":{"self":[{"href":"https:\/\/apuntesdesanluis.com\/index.php\/wp-json\/wp\/v2\/posts\/24346","targetHints":{"allow":["GET"]}}],"collection":[{"href":"https:\/\/apuntesdesanluis.com\/index.php\/wp-json\/wp\/v2\/posts"}],"about":[{"href":"https:\/\/apuntesdesanluis.com\/index.php\/wp-json\/wp\/v2\/types\/post"}],"author":[{"embeddable":true,"href":"https:\/\/apuntesdesanluis.com\/index.php\/wp-json\/wp\/v2\/users\/1"}],"replies":[{"embeddable":true,"href":"https:\/\/apuntesdesanluis.com\/index.php\/wp-json\/wp\/v2\/comments?post=24346"}],"version-history":[{"count":1,"href":"https:\/\/apuntesdesanluis.com\/index.php\/wp-json\/wp\/v2\/posts\/24346\/revisions"}],"predecessor-version":[{"id":24349,"href":"https:\/\/apuntesdesanluis.com\/index.php\/wp-json\/wp\/v2\/posts\/24346\/revisions\/24349"}],"wp:featuredmedia":[{"embeddable":true,"href":"https:\/\/apuntesdesanluis.com\/index.php\/wp-json\/wp\/v2\/media\/24347"}],"wp:attachment":[{"href":"https:\/\/apuntesdesanluis.com\/index.php\/wp-json\/wp\/v2\/media?parent=24346"}],"wp:term":[{"taxonomy":"category","embeddable":true,"href":"https:\/\/apuntesdesanluis.com\/index.php\/wp-json\/wp\/v2\/categories?post=24346"},{"taxonomy":"post_tag","embeddable":true,"href":"https:\/\/apuntesdesanluis.com\/index.php\/wp-json\/wp\/v2\/tags?post=24346"}],"curies":[{"name":"wp","href":"https:\/\/api.w.org\/{rel}","templated":true}]}}