{"id":24352,"date":"2024-10-25T20:18:28","date_gmt":"2024-10-25T23:18:28","guid":{"rendered":"https:\/\/apuntesdesanluis.com\/?p=24352"},"modified":"2024-10-25T20:18:28","modified_gmt":"2024-10-25T23:18:28","slug":"inauguraron-la-expo-seguridad-2024-y-lanzaron-plan-de-capacitaciones","status":"publish","type":"post","link":"https:\/\/apuntesdesanluis.com\/index.php\/2024\/10\/25\/inauguraron-la-expo-seguridad-2024-y-lanzaron-plan-de-capacitaciones\/","title":{"rendered":"INAUGURARON LA \u2018EXPO SEGURIDAD 2024\u2019 Y LANZARON PLAN DE CAPACITACIONES"},"content":{"rendered":"<h3>Como parte del Plan Anual de Entrenamiento para el Personal Policial de la Provincia de San Luis 2024, la ministro de Seguridad provincial, <strong>Nancy Sosa<\/strong>, junto a <strong>N\u00e9stor Majul<\/strong>, n\u00famero dos del ministerio de Seguridad de la Naci\u00f3n, lanzaron oficialmente este viernes la<strong> \u2018Expo Seguridad 2024\u2019<\/strong>, que constar\u00e1 de una serie de capacitaciones para las fuerzas de seguridad provincial que comenzaron este jueves y se extender\u00e1n hasta el 31 de octubre.<\/h3>\n<h3>\u201cEstamos agradecidos por poder seguir capacit\u00e1ndonos, conocer todas las \u00e1reas del ministerio de Seguridad y, sobre todo, celebrar este d\u00eda tan esperado, el 31 de octubre, que es el D\u00eda de la Polic\u00eda de la Provincia\u201d, destac\u00f3 la funcionaria provincial en sus palabras de apertura.<\/h3>\n<h3>El evento fue en el sal\u00f3n Malvinas Argentinas de Casa de Gobierno, que se vio colmado de agentes penitenciarios, de la Polic\u00eda provincial, del Instituto Superior de Seguridad P\u00fablica y de \u00e1reas como el 911 y grupos y direcciones Especiales, a quienes est\u00e1 dirigida la capacitaci\u00f3n.<\/h3>\n<h3>La misma, y otras referidas a diversos temas de prevenci\u00f3n, ser\u00e1n dictadas en simult\u00e1neo para las Unidades Regionales de Orden P\u00fablico 2, 3, 4, 5 y 6. Comenzaron este jueves y se retomar\u00e1n el lunes hasta el jueves pr\u00f3ximo.<\/h3>\n<p><img fetchpriority=\"high\" decoding=\"async\" class=\"wp-image-24354 aligncenter\" src=\"https:\/\/apuntesdesanluis.com\/wp-content\/uploads\/2024\/10\/expo-seguridad-300x183.png\" alt=\"\" width=\"621\" height=\"379\" srcset=\"https:\/\/apuntesdesanluis.com\/wp-content\/uploads\/2024\/10\/expo-seguridad-300x183.png 300w, https:\/\/apuntesdesanluis.com\/wp-content\/uploads\/2024\/10\/expo-seguridad.png 678w\" sizes=\"(max-width: 621px) 100vw, 621px\" \/><\/p>\n<h3>\u201cEstamos dando inicio a esta Expo en el marco del 166\u00ba aniversario de la Polic\u00eda de la Provincia. B\u00e1sicamente buscamos integrar todo lo que hemos desarrollado a lo largo del a\u00f1o para que ustedes tengan la visi\u00f3n completa de lo que tiene que ver con el ministerio de Seguridad, la articulaci\u00f3n entre sus direcciones, la direcci\u00f3n de Seguridad Vial, la direcci\u00f3n de Prevenci\u00f3n y Gesti\u00f3n de la Emergencia, la direcci\u00f3n de Preventores Ciudadanos, como as\u00ed tambi\u00e9n el Servicio Penitenciario, Polic\u00eda de la Provincia, Instituto Superior de Seguridad P\u00fablica, todo parte de las iniciativas legislativas que el Poder Ejecutivo ha enviado a nuestra legislatura y tambi\u00e9n articulado con el ministerio de Seguridad de la Naci\u00f3n\u201d, explic\u00f3 Sosa.<\/h3>\n<h3>A su turno, Majul coment\u00f3 que \u201cmi lugar en este Ministerio es justamente federalizar la pol\u00edtica de seguridad nacional, la articulaci\u00f3n federal con todas las provincias. San Luis fue una de las primeras provincias que se puso a disposici\u00f3n de todo aquello que pod\u00edamos realizar en conjunto, y recuerdo que apenas hab\u00edamos comenzado la gesti\u00f3n, creo que 20 d\u00edas de gesti\u00f3n, tuvimos con el Gobernador (Claudio Poggi) y con Nancy (Sosa) la primera reuni\u00f3n, cerquita de las Fiestas, por lo tanto San Luis siempre estuvo y siempre est\u00e1 permanentemente preguntando, teniendo en cuenta toda aquella pol\u00edtica de seguridad\u201d, celebr\u00f3.<\/h3>\n<h3><\/h3>\n<h3>En un repaso por las iniciativas impulsadas por la ministra de Seguridad nacional, Patricia Bullrich, Majul habl\u00f3 de temas como la reiterancia delictiva, la lucha contra el narcotr\u00e1fico, las mafias, el lavado de activos y la Ley de Leg\u00edtima Defensa, \u201cque viene a proteger a los polic\u00edas para que tengan much\u00edsima m\u00e1s libertad de intervenci\u00f3n en los hechos delictivos y despu\u00e9s no ser sancionados\u201d. En esa l\u00ednea, felicit\u00f3 el trabajo de Gallardo como legisladora en impulsar e incluso aprobar varias pol\u00edticas provinciales en consonancia.<\/h3>\n<h3>La \u2018Expo Seguridad 2024\u2019 pretende ser un espacio de capacitaci\u00f3n del personal policial y personal penitenciario con disertantes nacionales e internacionales, que expondr\u00e1 diferentes tem\u00e1ticas relacionadas al \u00e1mbito de la seguridad y, en simult\u00e1neo a las capacitaciones que se llevan adelante en la capital, habr\u00e1 capacitaciones destinadas a los mandos medios de la Polic\u00eda como subcomisarios, comisarios y comisarios inspectores que se llevar\u00e1n a cabo del 24 al 30 de octubre en Merlo y Villa Mercedes.<\/h3>\n<p>&nbsp;<\/p>\n<p>&nbsp;<\/p>\n<p>&nbsp;<\/p>\n","protected":false},"excerpt":{"rendered":"<p>Como parte del Plan Anual de Entrenamiento para el Personal Policial de la Provincia de&#8230;<\/p>\n","protected":false},"author":1,"featured_media":24353,"comment_status":"closed","ping_status":"closed","sticky":false,"template":"","format":"standard","meta":{"footnotes":""},"categories":[6],"tags":[],"class_list":["post-24352","post","type-post","status-publish","format-standard","has-post-thumbnail","hentry","category-ciudad-provincia"],"yoast_head":"<!-- This site is optimized with the Yoast SEO plugin v26.1.1 - https:\/\/yoast.com\/wordpress\/plugins\/seo\/ -->\n<title>INAUGURARON LA \u2018EXPO SEGURIDAD 2024\u2019 Y LANZARON PLAN DE CAPACITACIONES - Apuntes de San Luis<\/title>\n<meta name=\"robots\" content=\"index, follow, max-snippet:-1, max-image-preview:large, max-video-preview:-1\" \/>\n<link rel=\"canonical\" href=\"https:\/\/apuntesdesanluis.com\/index.php\/2024\/10\/25\/inauguraron-la-expo-seguridad-2024-y-lanzaron-plan-de-capacitaciones\/\" \/>\n<meta property=\"og:locale\" content=\"es_ES\" \/>\n<meta property=\"og:type\" content=\"article\" \/>\n<meta property=\"og:title\" content=\"INAUGURARON LA \u2018EXPO SEGURIDAD 2024\u2019 Y LANZARON PLAN DE CAPACITACIONES - Apuntes de San Luis\" \/>\n<meta property=\"og:description\" content=\"Como parte del Plan Anual de Entrenamiento para el Personal Policial de la Provincia de...\" \/>\n<meta property=\"og:url\" content=\"https:\/\/apuntesdesanluis.com\/index.php\/2024\/10\/25\/inauguraron-la-expo-seguridad-2024-y-lanzaron-plan-de-capacitaciones\/\" \/>\n<meta property=\"og:site_name\" content=\"Apuntes de San Luis\" \/>\n<meta property=\"article:published_time\" content=\"2024-10-25T23:18:28+00:00\" \/>\n<meta property=\"og:image\" content=\"https:\/\/apuntesdesanluis.com\/wp-content\/uploads\/2024\/10\/exposeguridad-sosa.png\" \/>\n\t<meta property=\"og:image:width\" content=\"672\" \/>\n\t<meta property=\"og:image:height\" content=\"415\" \/>\n\t<meta property=\"og:image:type\" content=\"image\/png\" \/>\n<meta name=\"author\" content=\"apuntesdesanluis.com\" \/>\n<meta name=\"twitter:card\" content=\"summary_large_image\" \/>\n<meta name=\"twitter:label1\" content=\"Escrito por\" \/>\n\t<meta name=\"twitter:data1\" content=\"apuntesdesanluis.com\" \/>\n\t<meta name=\"twitter:label2\" content=\"Tiempo de lectura\" \/>\n\t<meta name=\"twitter:data2\" content=\"4 minutos\" \/>\n<script type=\"application\/ld+json\" class=\"yoast-schema-graph\">{\"@context\":\"https:\/\/schema.org\",\"@graph\":[{\"@type\":\"Article\",\"@id\":\"https:\/\/apuntesdesanluis.com\/index.php\/2024\/10\/25\/inauguraron-la-expo-seguridad-2024-y-lanzaron-plan-de-capacitaciones\/#article\",\"isPartOf\":{\"@id\":\"https:\/\/apuntesdesanluis.com\/index.php\/2024\/10\/25\/inauguraron-la-expo-seguridad-2024-y-lanzaron-plan-de-capacitaciones\/\"},\"author\":{\"name\":\"apuntesdesanluis.com\",\"@id\":\"https:\/\/apuntesdesanluis.com\/#\/schema\/person\/b55151d52296fcce64d1a72538a70b90\"},\"headline\":\"INAUGURARON LA \u2018EXPO SEGURIDAD 2024\u2019 Y LANZARON PLAN DE CAPACITACIONES\",\"datePublished\":\"2024-10-25T23:18:28+00:00\",\"mainEntityOfPage\":{\"@id\":\"https:\/\/apuntesdesanluis.com\/index.php\/2024\/10\/25\/inauguraron-la-expo-seguridad-2024-y-lanzaron-plan-de-capacitaciones\/\"},\"wordCount\":630,\"publisher\":{\"@id\":\"https:\/\/apuntesdesanluis.com\/#\/schema\/person\/b55151d52296fcce64d1a72538a70b90\"},\"image\":{\"@id\":\"https:\/\/apuntesdesanluis.com\/index.php\/2024\/10\/25\/inauguraron-la-expo-seguridad-2024-y-lanzaron-plan-de-capacitaciones\/#primaryimage\"},\"thumbnailUrl\":\"https:\/\/apuntesdesanluis.com\/wp-content\/uploads\/2024\/10\/exposeguridad-sosa.png\",\"articleSection\":[\"Ciudad\/Provincia\"],\"inLanguage\":\"es-AR\"},{\"@type\":\"WebPage\",\"@id\":\"https:\/\/apuntesdesanluis.com\/index.php\/2024\/10\/25\/inauguraron-la-expo-seguridad-2024-y-lanzaron-plan-de-capacitaciones\/\",\"url\":\"https:\/\/apuntesdesanluis.com\/index.php\/2024\/10\/25\/inauguraron-la-expo-seguridad-2024-y-lanzaron-plan-de-capacitaciones\/\",\"name\":\"INAUGURARON LA \u2018EXPO SEGURIDAD 2024\u2019 Y LANZARON PLAN DE CAPACITACIONES - Apuntes de San Luis\",\"isPartOf\":{\"@id\":\"https:\/\/apuntesdesanluis.com\/#website\"},\"primaryImageOfPage\":{\"@id\":\"https:\/\/apuntesdesanluis.com\/index.php\/2024\/10\/25\/inauguraron-la-expo-seguridad-2024-y-lanzaron-plan-de-capacitaciones\/#primaryimage\"},\"image\":{\"@id\":\"https:\/\/apuntesdesanluis.com\/index.php\/2024\/10\/25\/inauguraron-la-expo-seguridad-2024-y-lanzaron-plan-de-capacitaciones\/#primaryimage\"},\"thumbnailUrl\":\"https:\/\/apuntesdesanluis.com\/wp-content\/uploads\/2024\/10\/exposeguridad-sosa.png\",\"datePublished\":\"2024-10-25T23:18:28+00:00\",\"breadcrumb\":{\"@id\":\"https:\/\/apuntesdesanluis.com\/index.php\/2024\/10\/25\/inauguraron-la-expo-seguridad-2024-y-lanzaron-plan-de-capacitaciones\/#breadcrumb\"},\"inLanguage\":\"es-AR\",\"potentialAction\":[{\"@type\":\"ReadAction\",\"target\":[\"https:\/\/apuntesdesanluis.com\/index.php\/2024\/10\/25\/inauguraron-la-expo-seguridad-2024-y-lanzaron-plan-de-capacitaciones\/\"]}]},{\"@type\":\"ImageObject\",\"inLanguage\":\"es-AR\",\"@id\":\"https:\/\/apuntesdesanluis.com\/index.php\/2024\/10\/25\/inauguraron-la-expo-seguridad-2024-y-lanzaron-plan-de-capacitaciones\/#primaryimage\",\"url\":\"https:\/\/apuntesdesanluis.com\/wp-content\/uploads\/2024\/10\/exposeguridad-sosa.png\",\"contentUrl\":\"https:\/\/apuntesdesanluis.com\/wp-content\/uploads\/2024\/10\/exposeguridad-sosa.png\",\"width\":672,\"height\":415},{\"@type\":\"BreadcrumbList\",\"@id\":\"https:\/\/apuntesdesanluis.com\/index.php\/2024\/10\/25\/inauguraron-la-expo-seguridad-2024-y-lanzaron-plan-de-capacitaciones\/#breadcrumb\",\"itemListElement\":[{\"@type\":\"ListItem\",\"position\":1,\"name\":\"Inicio\",\"item\":\"https:\/\/apuntesdesanluis.com\/\"},{\"@type\":\"ListItem\",\"position\":2,\"name\":\"INAUGURARON LA \u2018EXPO SEGURIDAD 2024\u2019 Y LANZARON PLAN DE CAPACITACIONES\"}]},{\"@type\":\"WebSite\",\"@id\":\"https:\/\/apuntesdesanluis.com\/#website\",\"url\":\"https:\/\/apuntesdesanluis.com\/\",\"name\":\"Apuntes de San Luis\",\"description\":\"\",\"publisher\":{\"@id\":\"https:\/\/apuntesdesanluis.com\/#\/schema\/person\/b55151d52296fcce64d1a72538a70b90\"},\"potentialAction\":[{\"@type\":\"SearchAction\",\"target\":{\"@type\":\"EntryPoint\",\"urlTemplate\":\"https:\/\/apuntesdesanluis.com\/?s={search_term_string}\"},\"query-input\":{\"@type\":\"PropertyValueSpecification\",\"valueRequired\":true,\"valueName\":\"search_term_string\"}}],\"inLanguage\":\"es-AR\"},{\"@type\":[\"Person\",\"Organization\"],\"@id\":\"https:\/\/apuntesdesanluis.com\/#\/schema\/person\/b55151d52296fcce64d1a72538a70b90\",\"name\":\"apuntesdesanluis.com\",\"image\":{\"@type\":\"ImageObject\",\"inLanguage\":\"es-AR\",\"@id\":\"https:\/\/apuntesdesanluis.com\/#\/schema\/person\/image\/\",\"url\":\"https:\/\/apuntesdesanluis.com\/wp-content\/uploads\/2023\/07\/cropped-apuntesdesanluis.png\",\"contentUrl\":\"https:\/\/apuntesdesanluis.com\/wp-content\/uploads\/2023\/07\/cropped-apuntesdesanluis.png\",\"width\":450,\"height\":112,\"caption\":\"apuntesdesanluis.com\"},\"logo\":{\"@id\":\"https:\/\/apuntesdesanluis.com\/#\/schema\/person\/image\/\"},\"sameAs\":[\"https:\/\/apuntesdesanluis.com\"],\"url\":\"https:\/\/apuntesdesanluis.com\/index.php\/author\/apuntesdesanluis-com\/\"}]}<\/script>\n<!-- \/ Yoast SEO plugin. -->","yoast_head_json":{"title":"INAUGURARON LA \u2018EXPO SEGURIDAD 2024\u2019 Y LANZARON PLAN DE CAPACITACIONES - Apuntes de San Luis","robots":{"index":"index","follow":"follow","max-snippet":"max-snippet:-1","max-image-preview":"max-image-preview:large","max-video-preview":"max-video-preview:-1"},"canonical":"https:\/\/apuntesdesanluis.com\/index.php\/2024\/10\/25\/inauguraron-la-expo-seguridad-2024-y-lanzaron-plan-de-capacitaciones\/","og_locale":"es_ES","og_type":"article","og_title":"INAUGURARON LA \u2018EXPO SEGURIDAD 2024\u2019 Y LANZARON PLAN DE CAPACITACIONES - Apuntes de San Luis","og_description":"Como parte del Plan Anual de Entrenamiento para el Personal Policial de la Provincia de...","og_url":"https:\/\/apuntesdesanluis.com\/index.php\/2024\/10\/25\/inauguraron-la-expo-seguridad-2024-y-lanzaron-plan-de-capacitaciones\/","og_site_name":"Apuntes de San Luis","article_published_time":"2024-10-25T23:18:28+00:00","og_image":[{"width":672,"height":415,"url":"https:\/\/apuntesdesanluis.com\/wp-content\/uploads\/2024\/10\/exposeguridad-sosa.png","type":"image\/png"}],"author":"apuntesdesanluis.com","twitter_card":"summary_large_image","twitter_misc":{"Escrito por":"apuntesdesanluis.com","Tiempo de lectura":"4 minutos"},"schema":{"@context":"https:\/\/schema.org","@graph":[{"@type":"Article","@id":"https:\/\/apuntesdesanluis.com\/index.php\/2024\/10\/25\/inauguraron-la-expo-seguridad-2024-y-lanzaron-plan-de-capacitaciones\/#article","isPartOf":{"@id":"https:\/\/apuntesdesanluis.com\/index.php\/2024\/10\/25\/inauguraron-la-expo-seguridad-2024-y-lanzaron-plan-de-capacitaciones\/"},"author":{"name":"apuntesdesanluis.com","@id":"https:\/\/apuntesdesanluis.com\/#\/schema\/person\/b55151d52296fcce64d1a72538a70b90"},"headline":"INAUGURARON LA \u2018EXPO SEGURIDAD 2024\u2019 Y LANZARON PLAN DE CAPACITACIONES","datePublished":"2024-10-25T23:18:28+00:00","mainEntityOfPage":{"@id":"https:\/\/apuntesdesanluis.com\/index.php\/2024\/10\/25\/inauguraron-la-expo-seguridad-2024-y-lanzaron-plan-de-capacitaciones\/"},"wordCount":630,"publisher":{"@id":"https:\/\/apuntesdesanluis.com\/#\/schema\/person\/b55151d52296fcce64d1a72538a70b90"},"image":{"@id":"https:\/\/apuntesdesanluis.com\/index.php\/2024\/10\/25\/inauguraron-la-expo-seguridad-2024-y-lanzaron-plan-de-capacitaciones\/#primaryimage"},"thumbnailUrl":"https:\/\/apuntesdesanluis.com\/wp-content\/uploads\/2024\/10\/exposeguridad-sosa.png","articleSection":["Ciudad\/Provincia"],"inLanguage":"es-AR"},{"@type":"WebPage","@id":"https:\/\/apuntesdesanluis.com\/index.php\/2024\/10\/25\/inauguraron-la-expo-seguridad-2024-y-lanzaron-plan-de-capacitaciones\/","url":"https:\/\/apuntesdesanluis.com\/index.php\/2024\/10\/25\/inauguraron-la-expo-seguridad-2024-y-lanzaron-plan-de-capacitaciones\/","name":"INAUGURARON LA \u2018EXPO SEGURIDAD 2024\u2019 Y LANZARON PLAN DE CAPACITACIONES - Apuntes de San Luis","isPartOf":{"@id":"https:\/\/apuntesdesanluis.com\/#website"},"primaryImageOfPage":{"@id":"https:\/\/apuntesdesanluis.com\/index.php\/2024\/10\/25\/inauguraron-la-expo-seguridad-2024-y-lanzaron-plan-de-capacitaciones\/#primaryimage"},"image":{"@id":"https:\/\/apuntesdesanluis.com\/index.php\/2024\/10\/25\/inauguraron-la-expo-seguridad-2024-y-lanzaron-plan-de-capacitaciones\/#primaryimage"},"thumbnailUrl":"https:\/\/apuntesdesanluis.com\/wp-content\/uploads\/2024\/10\/exposeguridad-sosa.png","datePublished":"2024-10-25T23:18:28+00:00","breadcrumb":{"@id":"https:\/\/apuntesdesanluis.com\/index.php\/2024\/10\/25\/inauguraron-la-expo-seguridad-2024-y-lanzaron-plan-de-capacitaciones\/#breadcrumb"},"inLanguage":"es-AR","potentialAction":[{"@type":"ReadAction","target":["https:\/\/apuntesdesanluis.com\/index.php\/2024\/10\/25\/inauguraron-la-expo-seguridad-2024-y-lanzaron-plan-de-capacitaciones\/"]}]},{"@type":"ImageObject","inLanguage":"es-AR","@id":"https:\/\/apuntesdesanluis.com\/index.php\/2024\/10\/25\/inauguraron-la-expo-seguridad-2024-y-lanzaron-plan-de-capacitaciones\/#primaryimage","url":"https:\/\/apuntesdesanluis.com\/wp-content\/uploads\/2024\/10\/exposeguridad-sosa.png","contentUrl":"https:\/\/apuntesdesanluis.com\/wp-content\/uploads\/2024\/10\/exposeguridad-sosa.png","width":672,"height":415},{"@type":"BreadcrumbList","@id":"https:\/\/apuntesdesanluis.com\/index.php\/2024\/10\/25\/inauguraron-la-expo-seguridad-2024-y-lanzaron-plan-de-capacitaciones\/#breadcrumb","itemListElement":[{"@type":"ListItem","position":1,"name":"Inicio","item":"https:\/\/apuntesdesanluis.com\/"},{"@type":"ListItem","position":2,"name":"INAUGURARON LA \u2018EXPO SEGURIDAD 2024\u2019 Y LANZARON PLAN DE CAPACITACIONES"}]},{"@type":"WebSite","@id":"https:\/\/apuntesdesanluis.com\/#website","url":"https:\/\/apuntesdesanluis.com\/","name":"Apuntes de San Luis","description":"","publisher":{"@id":"https:\/\/apuntesdesanluis.com\/#\/schema\/person\/b55151d52296fcce64d1a72538a70b90"},"potentialAction":[{"@type":"SearchAction","target":{"@type":"EntryPoint","urlTemplate":"https:\/\/apuntesdesanluis.com\/?s={search_term_string}"},"query-input":{"@type":"PropertyValueSpecification","valueRequired":true,"valueName":"search_term_string"}}],"inLanguage":"es-AR"},{"@type":["Person","Organization"],"@id":"https:\/\/apuntesdesanluis.com\/#\/schema\/person\/b55151d52296fcce64d1a72538a70b90","name":"apuntesdesanluis.com","image":{"@type":"ImageObject","inLanguage":"es-AR","@id":"https:\/\/apuntesdesanluis.com\/#\/schema\/person\/image\/","url":"https:\/\/apuntesdesanluis.com\/wp-content\/uploads\/2023\/07\/cropped-apuntesdesanluis.png","contentUrl":"https:\/\/apuntesdesanluis.com\/wp-content\/uploads\/2023\/07\/cropped-apuntesdesanluis.png","width":450,"height":112,"caption":"apuntesdesanluis.com"},"logo":{"@id":"https:\/\/apuntesdesanluis.com\/#\/schema\/person\/image\/"},"sameAs":["https:\/\/apuntesdesanluis.com"],"url":"https:\/\/apuntesdesanluis.com\/index.php\/author\/apuntesdesanluis-com\/"}]}},"featured_image_urls":{"full":["https:\/\/apuntesdesanluis.com\/wp-content\/uploads\/2024\/10\/exposeguridad-sosa.png",672,415,false],"thumbnail":["https:\/\/apuntesdesanluis.com\/wp-content\/uploads\/2024\/10\/exposeguridad-sosa-150x150.png",150,150,true],"medium":["https:\/\/apuntesdesanluis.com\/wp-content\/uploads\/2024\/10\/exposeguridad-sosa-300x185.png",300,185,true],"medium_large":["https:\/\/apuntesdesanluis.com\/wp-content\/uploads\/2024\/10\/exposeguridad-sosa.png",640,395,false],"large":["https:\/\/apuntesdesanluis.com\/wp-content\/uploads\/2024\/10\/exposeguridad-sosa.png",640,395,false],"1536x1536":["https:\/\/apuntesdesanluis.com\/wp-content\/uploads\/2024\/10\/exposeguridad-sosa.png",672,415,false],"2048x2048":["https:\/\/apuntesdesanluis.com\/wp-content\/uploads\/2024\/10\/exposeguridad-sosa.png",672,415,false],"newsever-slider-full":["https:\/\/apuntesdesanluis.com\/wp-content\/uploads\/2024\/10\/exposeguridad-sosa.png",672,415,false],"newsever-featured":["https:\/\/apuntesdesanluis.com\/wp-content\/uploads\/2024\/10\/exposeguridad-sosa.png",672,415,false],"newsever-medium":["https:\/\/apuntesdesanluis.com\/wp-content\/uploads\/2024\/10\/exposeguridad-sosa.png",672,415,false]},"author_info":{"display_name":"apuntesdesanluis.com","author_link":"https:\/\/apuntesdesanluis.com\/index.php\/author\/apuntesdesanluis-com\/"},"category_info":"<a href=\"https:\/\/apuntesdesanluis.com\/index.php\/category\/ciudad-provincia\/\" rel=\"category tag\">Ciudad\/Provincia<\/a>","tag_info":"Ciudad\/Provincia","comment_count":"0","_links":{"self":[{"href":"https:\/\/apuntesdesanluis.com\/index.php\/wp-json\/wp\/v2\/posts\/24352","targetHints":{"allow":["GET"]}}],"collection":[{"href":"https:\/\/apuntesdesanluis.com\/index.php\/wp-json\/wp\/v2\/posts"}],"about":[{"href":"https:\/\/apuntesdesanluis.com\/index.php\/wp-json\/wp\/v2\/types\/post"}],"author":[{"embeddable":true,"href":"https:\/\/apuntesdesanluis.com\/index.php\/wp-json\/wp\/v2\/users\/1"}],"replies":[{"embeddable":true,"href":"https:\/\/apuntesdesanluis.com\/index.php\/wp-json\/wp\/v2\/comments?post=24352"}],"version-history":[{"count":1,"href":"https:\/\/apuntesdesanluis.com\/index.php\/wp-json\/wp\/v2\/posts\/24352\/revisions"}],"predecessor-version":[{"id":24355,"href":"https:\/\/apuntesdesanluis.com\/index.php\/wp-json\/wp\/v2\/posts\/24352\/revisions\/24355"}],"wp:featuredmedia":[{"embeddable":true,"href":"https:\/\/apuntesdesanluis.com\/index.php\/wp-json\/wp\/v2\/media\/24353"}],"wp:attachment":[{"href":"https:\/\/apuntesdesanluis.com\/index.php\/wp-json\/wp\/v2\/media?parent=24352"}],"wp:term":[{"taxonomy":"category","embeddable":true,"href":"https:\/\/apuntesdesanluis.com\/index.php\/wp-json\/wp\/v2\/categories?post=24352"},{"taxonomy":"post_tag","embeddable":true,"href":"https:\/\/apuntesdesanluis.com\/index.php\/wp-json\/wp\/v2\/tags?post=24352"}],"curies":[{"name":"wp","href":"https:\/\/api.w.org\/{rel}","templated":true}]}}