{"id":24356,"date":"2024-10-25T20:33:43","date_gmt":"2024-10-25T23:33:43","guid":{"rendered":"https:\/\/apuntesdesanluis.com\/?p=24356"},"modified":"2024-10-25T20:33:43","modified_gmt":"2024-10-25T23:33:43","slug":"aseguran-haber-identificado-al-responsable-de-los-atentados-a-la-amia-y-la-embajada-de-israel","status":"publish","type":"post","link":"https:\/\/apuntesdesanluis.com\/index.php\/2024\/10\/25\/aseguran-haber-identificado-al-responsable-de-los-atentados-a-la-amia-y-la-embajada-de-israel\/","title":{"rendered":"ASEGURAN HABER IDENTIFICADO AL RESPONSABLE DE LOS ATENTADOS A LA AMIA Y LA EMBAJADA DE ISRAEL"},"content":{"rendered":"<h3>La ministra de Seguridad, <strong>Patricia Bullrich<\/strong>, revel\u00f3 hoy la identidad del jefe operativo del grupo terrorista <strong>Hezbollah<\/strong> en Am\u00e9rica Latina, al que identific\u00f3 como responsable de &#8220;los atentados a la Embajada de Israel y la AMIA&#8221;.<\/h3>\n<h3>&#8220;Ese ya no es m\u00e1s un nombre fantasma, se trata de <strong>Hussein Ahmad Karaki<\/strong>, conocido por sus alias \u00b4Abu Ali\u00b4, \u00b4Rami\u00b4 y \u00b4Saad Az Aldi\u00b4&#8221;, dijo Bullrich en conferencia de prensa.<\/h3>\n<h3>A su vez, se\u00f1al\u00f3 que el terrorista &#8220;es referente de la convergencia para reclutar a miembros del crimen o ex presidiarios en los atentados frustrados de Trapiche I y II en Brasil, en Colombia, Bolivia y Per\u00fa&#8221;.<\/h3>\n<h3>Seg\u00fan especific\u00f3 Bullrich, Ahmad Karaki hab\u00eda estado a la Argentina, Brasil y Paraguay entre 1990 y 1991. En ese lapso, reclut\u00f3 a Jos\u00e9 Suleiman, en San Pablo, para el contrabando de explosivos y volvi\u00f3 a ingresar con documento colombiano bajo el nombre de Alberto Le\u00f3n Na\u00edm.<\/h3>\n<p><img fetchpriority=\"high\" decoding=\"async\" class=\"wp-image-24358 aligncenter\" src=\"https:\/\/apuntesdesanluis.com\/wp-content\/uploads\/2024\/10\/pasaporte-300x197.png\" alt=\"\" width=\"716\" height=\"470\" srcset=\"https:\/\/apuntesdesanluis.com\/wp-content\/uploads\/2024\/10\/pasaporte-300x197.png 300w, https:\/\/apuntesdesanluis.com\/wp-content\/uploads\/2024\/10\/pasaporte-768x504.png 768w, https:\/\/apuntesdesanluis.com\/wp-content\/uploads\/2024\/10\/pasaporte.png 791w\" sizes=\"(max-width: 716px) 100vw, 716px\" \/><\/p>\n<h3>&#8220;Este se\u00f1or fue el que compr\u00f3 y prepar\u00f3 la camioneta que explot\u00f3 en la embajada de Israel. Hoy venimos a aportar el dato de la persona de Hezbollah, jefe en Latinoam\u00e9rica, que compr\u00f3 la autobomba a nombre de El\u00edas Ribeiro Dalush, con documento brasile\u00f1o falso (34.031 567) y que, unas horas antes del atentado, sali\u00f3 por el aeropuerto Jorge Newbery de la ciudad de Buenos Aires, rumbo a Foz de Iguaz\u00fa&#8221;, detall\u00f3 la titular de la cartera.<\/h3>\n<h3>En esa l\u00ednea, Bullrich sostuvo que, luego de los atentados a la embajada de Israel y la AMIA, Karaki &#8220;desapareci\u00f3 del radar y no fue detectado por los servicios de inteligencia occidentales por varios a\u00f1os&#8221;.<\/h3>\n<h3>Adem\u00e1s, precis\u00f3 que en Bolivia estuvieron cerca de hacer explotar un edificio con un coche bomba de las mismas caracter\u00edsticas del que se us\u00f3 en la AMIA.<\/h3>\n<h3>&#8220;En Per\u00fa, en marzo de 2024 y en noviembre de 2023, donde Argentina colabor\u00f3, hubo dos operaciones de la Polic\u00eda Federal de Brasil que se conocieron como Trapiche y Trapiche II&#8221;, dijo Bullrich.<\/h3>\n<h3>Y continu\u00f3: &#8220;La Operaci\u00f3n Trapiche desarticul\u00f3 una organizaci\u00f3n vinculada a Hezbollah que hab\u00eda reclutado ciudadanos brasile\u00f1os para perpetrar ataques a instalaciones de la comunidad jud\u00eda en Brasil. Hubo 22 detenidos. En la Operaci\u00f3n Trapiche II intentaron asesinar a un empresario y generaron una serie de ramificaciones para el lavado de activos, agencias de viajes y cambio&#8221;.<\/h3>\n<h3>Para finalizar, ministra del Gabinete del presidente Javier Milei destac\u00f3 el trabajo conjunto entre la SIDE y el Ministerio de Seguridad de la Naci\u00f3n.<\/h3>\n<h3>Tambi\u00e9n adelant\u00f3 que se enviar\u00e1 una carta a la Embajada de L\u00edbano solicitando colaboraci\u00f3n para esclarecer los atentados y prevenir nuevos ataques.<\/h3>\n<h3>Por otro lado, solicitar\u00e1n a la Procuraci\u00f3n de la Naci\u00f3n aque arbitre los medios para concretar su captura internacional mediante la emisi\u00f3n de una Circular Roja de Interpol y as\u00ed poder juzgarlo en ausencia. En la conferencia, Bullrich fue respaldada por Carlos Ferrer Picado, director nacional de Inteligencia Criminal del Ministerio de Seguridad, y el titular de la SIDE, Sergio Neiffert.<\/h3>\n<p>&nbsp;<\/p>\n<p>&nbsp;<\/p>\n<p>&nbsp;<\/p>\n","protected":false},"excerpt":{"rendered":"<p>La ministra de Seguridad, Patricia Bullrich, revel\u00f3 hoy la identidad del jefe operativo del grupo&#8230;<\/p>\n","protected":false},"author":1,"featured_media":24357,"comment_status":"closed","ping_status":"closed","sticky":false,"template":"","format":"standard","meta":{"footnotes":""},"categories":[5],"tags":[],"class_list":["post-24356","post","type-post","status-publish","format-standard","has-post-thumbnail","hentry","category-nacionales-internacionales"],"yoast_head":"<!-- This site is optimized with the Yoast SEO plugin v26.1.1 - https:\/\/yoast.com\/wordpress\/plugins\/seo\/ -->\n<title>ASEGURAN HABER IDENTIFICADO AL RESPONSABLE DE LOS ATENTADOS A LA AMIA Y LA EMBAJADA DE ISRAEL - Apuntes de San Luis<\/title>\n<meta name=\"robots\" content=\"index, follow, max-snippet:-1, max-image-preview:large, max-video-preview:-1\" \/>\n<link rel=\"canonical\" href=\"https:\/\/apuntesdesanluis.com\/index.php\/2024\/10\/25\/aseguran-haber-identificado-al-responsable-de-los-atentados-a-la-amia-y-la-embajada-de-israel\/\" \/>\n<meta property=\"og:locale\" content=\"es_ES\" \/>\n<meta property=\"og:type\" content=\"article\" \/>\n<meta property=\"og:title\" content=\"ASEGURAN HABER IDENTIFICADO AL RESPONSABLE DE LOS ATENTADOS A LA AMIA Y LA EMBAJADA DE ISRAEL - Apuntes de San Luis\" \/>\n<meta property=\"og:description\" content=\"La ministra de Seguridad, Patricia Bullrich, revel\u00f3 hoy la identidad del jefe operativo del grupo...\" \/>\n<meta property=\"og:url\" content=\"https:\/\/apuntesdesanluis.com\/index.php\/2024\/10\/25\/aseguran-haber-identificado-al-responsable-de-los-atentados-a-la-amia-y-la-embajada-de-israel\/\" \/>\n<meta property=\"og:site_name\" content=\"Apuntes de San Luis\" \/>\n<meta property=\"article:published_time\" content=\"2024-10-25T23:33:43+00:00\" \/>\n<meta property=\"og:image\" content=\"https:\/\/apuntesdesanluis.com\/wp-content\/uploads\/2024\/10\/bullrich.png\" \/>\n\t<meta property=\"og:image:width\" content=\"704\" \/>\n\t<meta property=\"og:image:height\" content=\"489\" \/>\n\t<meta property=\"og:image:type\" content=\"image\/png\" \/>\n<meta name=\"author\" content=\"apuntesdesanluis.com\" \/>\n<meta name=\"twitter:card\" content=\"summary_large_image\" \/>\n<meta name=\"twitter:label1\" content=\"Escrito por\" \/>\n\t<meta name=\"twitter:data1\" content=\"apuntesdesanluis.com\" \/>\n\t<meta name=\"twitter:label2\" content=\"Tiempo de lectura\" \/>\n\t<meta name=\"twitter:data2\" content=\"3 minutos\" \/>\n<script type=\"application\/ld+json\" class=\"yoast-schema-graph\">{\"@context\":\"https:\/\/schema.org\",\"@graph\":[{\"@type\":\"Article\",\"@id\":\"https:\/\/apuntesdesanluis.com\/index.php\/2024\/10\/25\/aseguran-haber-identificado-al-responsable-de-los-atentados-a-la-amia-y-la-embajada-de-israel\/#article\",\"isPartOf\":{\"@id\":\"https:\/\/apuntesdesanluis.com\/index.php\/2024\/10\/25\/aseguran-haber-identificado-al-responsable-de-los-atentados-a-la-amia-y-la-embajada-de-israel\/\"},\"author\":{\"name\":\"apuntesdesanluis.com\",\"@id\":\"https:\/\/apuntesdesanluis.com\/#\/schema\/person\/b55151d52296fcce64d1a72538a70b90\"},\"headline\":\"ASEGURAN HABER IDENTIFICADO AL RESPONSABLE DE LOS ATENTADOS A LA AMIA Y LA EMBAJADA DE ISRAEL\",\"datePublished\":\"2024-10-25T23:33:43+00:00\",\"mainEntityOfPage\":{\"@id\":\"https:\/\/apuntesdesanluis.com\/index.php\/2024\/10\/25\/aseguran-haber-identificado-al-responsable-de-los-atentados-a-la-amia-y-la-embajada-de-israel\/\"},\"wordCount\":527,\"publisher\":{\"@id\":\"https:\/\/apuntesdesanluis.com\/#\/schema\/person\/b55151d52296fcce64d1a72538a70b90\"},\"image\":{\"@id\":\"https:\/\/apuntesdesanluis.com\/index.php\/2024\/10\/25\/aseguran-haber-identificado-al-responsable-de-los-atentados-a-la-amia-y-la-embajada-de-israel\/#primaryimage\"},\"thumbnailUrl\":\"https:\/\/apuntesdesanluis.com\/wp-content\/uploads\/2024\/10\/bullrich.png\",\"articleSection\":[\"Nacionales\/Internacionales\"],\"inLanguage\":\"es-AR\"},{\"@type\":\"WebPage\",\"@id\":\"https:\/\/apuntesdesanluis.com\/index.php\/2024\/10\/25\/aseguran-haber-identificado-al-responsable-de-los-atentados-a-la-amia-y-la-embajada-de-israel\/\",\"url\":\"https:\/\/apuntesdesanluis.com\/index.php\/2024\/10\/25\/aseguran-haber-identificado-al-responsable-de-los-atentados-a-la-amia-y-la-embajada-de-israel\/\",\"name\":\"ASEGURAN HABER IDENTIFICADO AL RESPONSABLE DE LOS ATENTADOS A LA AMIA Y LA EMBAJADA DE ISRAEL - Apuntes de San Luis\",\"isPartOf\":{\"@id\":\"https:\/\/apuntesdesanluis.com\/#website\"},\"primaryImageOfPage\":{\"@id\":\"https:\/\/apuntesdesanluis.com\/index.php\/2024\/10\/25\/aseguran-haber-identificado-al-responsable-de-los-atentados-a-la-amia-y-la-embajada-de-israel\/#primaryimage\"},\"image\":{\"@id\":\"https:\/\/apuntesdesanluis.com\/index.php\/2024\/10\/25\/aseguran-haber-identificado-al-responsable-de-los-atentados-a-la-amia-y-la-embajada-de-israel\/#primaryimage\"},\"thumbnailUrl\":\"https:\/\/apuntesdesanluis.com\/wp-content\/uploads\/2024\/10\/bullrich.png\",\"datePublished\":\"2024-10-25T23:33:43+00:00\",\"breadcrumb\":{\"@id\":\"https:\/\/apuntesdesanluis.com\/index.php\/2024\/10\/25\/aseguran-haber-identificado-al-responsable-de-los-atentados-a-la-amia-y-la-embajada-de-israel\/#breadcrumb\"},\"inLanguage\":\"es-AR\",\"potentialAction\":[{\"@type\":\"ReadAction\",\"target\":[\"https:\/\/apuntesdesanluis.com\/index.php\/2024\/10\/25\/aseguran-haber-identificado-al-responsable-de-los-atentados-a-la-amia-y-la-embajada-de-israel\/\"]}]},{\"@type\":\"ImageObject\",\"inLanguage\":\"es-AR\",\"@id\":\"https:\/\/apuntesdesanluis.com\/index.php\/2024\/10\/25\/aseguran-haber-identificado-al-responsable-de-los-atentados-a-la-amia-y-la-embajada-de-israel\/#primaryimage\",\"url\":\"https:\/\/apuntesdesanluis.com\/wp-content\/uploads\/2024\/10\/bullrich.png\",\"contentUrl\":\"https:\/\/apuntesdesanluis.com\/wp-content\/uploads\/2024\/10\/bullrich.png\",\"width\":704,\"height\":489},{\"@type\":\"BreadcrumbList\",\"@id\":\"https:\/\/apuntesdesanluis.com\/index.php\/2024\/10\/25\/aseguran-haber-identificado-al-responsable-de-los-atentados-a-la-amia-y-la-embajada-de-israel\/#breadcrumb\",\"itemListElement\":[{\"@type\":\"ListItem\",\"position\":1,\"name\":\"Inicio\",\"item\":\"https:\/\/apuntesdesanluis.com\/\"},{\"@type\":\"ListItem\",\"position\":2,\"name\":\"ASEGURAN HABER IDENTIFICADO AL RESPONSABLE DE LOS ATENTADOS A LA AMIA Y LA EMBAJADA DE ISRAEL\"}]},{\"@type\":\"WebSite\",\"@id\":\"https:\/\/apuntesdesanluis.com\/#website\",\"url\":\"https:\/\/apuntesdesanluis.com\/\",\"name\":\"Apuntes de San Luis\",\"description\":\"\",\"publisher\":{\"@id\":\"https:\/\/apuntesdesanluis.com\/#\/schema\/person\/b55151d52296fcce64d1a72538a70b90\"},\"potentialAction\":[{\"@type\":\"SearchAction\",\"target\":{\"@type\":\"EntryPoint\",\"urlTemplate\":\"https:\/\/apuntesdesanluis.com\/?s={search_term_string}\"},\"query-input\":{\"@type\":\"PropertyValueSpecification\",\"valueRequired\":true,\"valueName\":\"search_term_string\"}}],\"inLanguage\":\"es-AR\"},{\"@type\":[\"Person\",\"Organization\"],\"@id\":\"https:\/\/apuntesdesanluis.com\/#\/schema\/person\/b55151d52296fcce64d1a72538a70b90\",\"name\":\"apuntesdesanluis.com\",\"image\":{\"@type\":\"ImageObject\",\"inLanguage\":\"es-AR\",\"@id\":\"https:\/\/apuntesdesanluis.com\/#\/schema\/person\/image\/\",\"url\":\"https:\/\/apuntesdesanluis.com\/wp-content\/uploads\/2023\/07\/cropped-apuntesdesanluis.png\",\"contentUrl\":\"https:\/\/apuntesdesanluis.com\/wp-content\/uploads\/2023\/07\/cropped-apuntesdesanluis.png\",\"width\":450,\"height\":112,\"caption\":\"apuntesdesanluis.com\"},\"logo\":{\"@id\":\"https:\/\/apuntesdesanluis.com\/#\/schema\/person\/image\/\"},\"sameAs\":[\"https:\/\/apuntesdesanluis.com\"],\"url\":\"https:\/\/apuntesdesanluis.com\/index.php\/author\/apuntesdesanluis-com\/\"}]}<\/script>\n<!-- \/ Yoast SEO plugin. -->","yoast_head_json":{"title":"ASEGURAN HABER IDENTIFICADO AL RESPONSABLE DE LOS ATENTADOS A LA AMIA Y LA EMBAJADA DE ISRAEL - Apuntes de San Luis","robots":{"index":"index","follow":"follow","max-snippet":"max-snippet:-1","max-image-preview":"max-image-preview:large","max-video-preview":"max-video-preview:-1"},"canonical":"https:\/\/apuntesdesanluis.com\/index.php\/2024\/10\/25\/aseguran-haber-identificado-al-responsable-de-los-atentados-a-la-amia-y-la-embajada-de-israel\/","og_locale":"es_ES","og_type":"article","og_title":"ASEGURAN HABER IDENTIFICADO AL RESPONSABLE DE LOS ATENTADOS A LA AMIA Y LA EMBAJADA DE ISRAEL - Apuntes de San Luis","og_description":"La ministra de Seguridad, Patricia Bullrich, revel\u00f3 hoy la identidad del jefe operativo del grupo...","og_url":"https:\/\/apuntesdesanluis.com\/index.php\/2024\/10\/25\/aseguran-haber-identificado-al-responsable-de-los-atentados-a-la-amia-y-la-embajada-de-israel\/","og_site_name":"Apuntes de San Luis","article_published_time":"2024-10-25T23:33:43+00:00","og_image":[{"width":704,"height":489,"url":"https:\/\/apuntesdesanluis.com\/wp-content\/uploads\/2024\/10\/bullrich.png","type":"image\/png"}],"author":"apuntesdesanluis.com","twitter_card":"summary_large_image","twitter_misc":{"Escrito por":"apuntesdesanluis.com","Tiempo de lectura":"3 minutos"},"schema":{"@context":"https:\/\/schema.org","@graph":[{"@type":"Article","@id":"https:\/\/apuntesdesanluis.com\/index.php\/2024\/10\/25\/aseguran-haber-identificado-al-responsable-de-los-atentados-a-la-amia-y-la-embajada-de-israel\/#article","isPartOf":{"@id":"https:\/\/apuntesdesanluis.com\/index.php\/2024\/10\/25\/aseguran-haber-identificado-al-responsable-de-los-atentados-a-la-amia-y-la-embajada-de-israel\/"},"author":{"name":"apuntesdesanluis.com","@id":"https:\/\/apuntesdesanluis.com\/#\/schema\/person\/b55151d52296fcce64d1a72538a70b90"},"headline":"ASEGURAN HABER IDENTIFICADO AL RESPONSABLE DE LOS ATENTADOS A LA AMIA Y LA EMBAJADA DE ISRAEL","datePublished":"2024-10-25T23:33:43+00:00","mainEntityOfPage":{"@id":"https:\/\/apuntesdesanluis.com\/index.php\/2024\/10\/25\/aseguran-haber-identificado-al-responsable-de-los-atentados-a-la-amia-y-la-embajada-de-israel\/"},"wordCount":527,"publisher":{"@id":"https:\/\/apuntesdesanluis.com\/#\/schema\/person\/b55151d52296fcce64d1a72538a70b90"},"image":{"@id":"https:\/\/apuntesdesanluis.com\/index.php\/2024\/10\/25\/aseguran-haber-identificado-al-responsable-de-los-atentados-a-la-amia-y-la-embajada-de-israel\/#primaryimage"},"thumbnailUrl":"https:\/\/apuntesdesanluis.com\/wp-content\/uploads\/2024\/10\/bullrich.png","articleSection":["Nacionales\/Internacionales"],"inLanguage":"es-AR"},{"@type":"WebPage","@id":"https:\/\/apuntesdesanluis.com\/index.php\/2024\/10\/25\/aseguran-haber-identificado-al-responsable-de-los-atentados-a-la-amia-y-la-embajada-de-israel\/","url":"https:\/\/apuntesdesanluis.com\/index.php\/2024\/10\/25\/aseguran-haber-identificado-al-responsable-de-los-atentados-a-la-amia-y-la-embajada-de-israel\/","name":"ASEGURAN HABER IDENTIFICADO AL RESPONSABLE DE LOS ATENTADOS A LA AMIA Y LA EMBAJADA DE ISRAEL - Apuntes de San Luis","isPartOf":{"@id":"https:\/\/apuntesdesanluis.com\/#website"},"primaryImageOfPage":{"@id":"https:\/\/apuntesdesanluis.com\/index.php\/2024\/10\/25\/aseguran-haber-identificado-al-responsable-de-los-atentados-a-la-amia-y-la-embajada-de-israel\/#primaryimage"},"image":{"@id":"https:\/\/apuntesdesanluis.com\/index.php\/2024\/10\/25\/aseguran-haber-identificado-al-responsable-de-los-atentados-a-la-amia-y-la-embajada-de-israel\/#primaryimage"},"thumbnailUrl":"https:\/\/apuntesdesanluis.com\/wp-content\/uploads\/2024\/10\/bullrich.png","datePublished":"2024-10-25T23:33:43+00:00","breadcrumb":{"@id":"https:\/\/apuntesdesanluis.com\/index.php\/2024\/10\/25\/aseguran-haber-identificado-al-responsable-de-los-atentados-a-la-amia-y-la-embajada-de-israel\/#breadcrumb"},"inLanguage":"es-AR","potentialAction":[{"@type":"ReadAction","target":["https:\/\/apuntesdesanluis.com\/index.php\/2024\/10\/25\/aseguran-haber-identificado-al-responsable-de-los-atentados-a-la-amia-y-la-embajada-de-israel\/"]}]},{"@type":"ImageObject","inLanguage":"es-AR","@id":"https:\/\/apuntesdesanluis.com\/index.php\/2024\/10\/25\/aseguran-haber-identificado-al-responsable-de-los-atentados-a-la-amia-y-la-embajada-de-israel\/#primaryimage","url":"https:\/\/apuntesdesanluis.com\/wp-content\/uploads\/2024\/10\/bullrich.png","contentUrl":"https:\/\/apuntesdesanluis.com\/wp-content\/uploads\/2024\/10\/bullrich.png","width":704,"height":489},{"@type":"BreadcrumbList","@id":"https:\/\/apuntesdesanluis.com\/index.php\/2024\/10\/25\/aseguran-haber-identificado-al-responsable-de-los-atentados-a-la-amia-y-la-embajada-de-israel\/#breadcrumb","itemListElement":[{"@type":"ListItem","position":1,"name":"Inicio","item":"https:\/\/apuntesdesanluis.com\/"},{"@type":"ListItem","position":2,"name":"ASEGURAN HABER IDENTIFICADO AL RESPONSABLE DE LOS ATENTADOS A LA AMIA Y LA EMBAJADA DE ISRAEL"}]},{"@type":"WebSite","@id":"https:\/\/apuntesdesanluis.com\/#website","url":"https:\/\/apuntesdesanluis.com\/","name":"Apuntes de San Luis","description":"","publisher":{"@id":"https:\/\/apuntesdesanluis.com\/#\/schema\/person\/b55151d52296fcce64d1a72538a70b90"},"potentialAction":[{"@type":"SearchAction","target":{"@type":"EntryPoint","urlTemplate":"https:\/\/apuntesdesanluis.com\/?s={search_term_string}"},"query-input":{"@type":"PropertyValueSpecification","valueRequired":true,"valueName":"search_term_string"}}],"inLanguage":"es-AR"},{"@type":["Person","Organization"],"@id":"https:\/\/apuntesdesanluis.com\/#\/schema\/person\/b55151d52296fcce64d1a72538a70b90","name":"apuntesdesanluis.com","image":{"@type":"ImageObject","inLanguage":"es-AR","@id":"https:\/\/apuntesdesanluis.com\/#\/schema\/person\/image\/","url":"https:\/\/apuntesdesanluis.com\/wp-content\/uploads\/2023\/07\/cropped-apuntesdesanluis.png","contentUrl":"https:\/\/apuntesdesanluis.com\/wp-content\/uploads\/2023\/07\/cropped-apuntesdesanluis.png","width":450,"height":112,"caption":"apuntesdesanluis.com"},"logo":{"@id":"https:\/\/apuntesdesanluis.com\/#\/schema\/person\/image\/"},"sameAs":["https:\/\/apuntesdesanluis.com"],"url":"https:\/\/apuntesdesanluis.com\/index.php\/author\/apuntesdesanluis-com\/"}]}},"featured_image_urls":{"full":["https:\/\/apuntesdesanluis.com\/wp-content\/uploads\/2024\/10\/bullrich.png",704,489,false],"thumbnail":["https:\/\/apuntesdesanluis.com\/wp-content\/uploads\/2024\/10\/bullrich-150x150.png",150,150,true],"medium":["https:\/\/apuntesdesanluis.com\/wp-content\/uploads\/2024\/10\/bullrich-300x208.png",300,208,true],"medium_large":["https:\/\/apuntesdesanluis.com\/wp-content\/uploads\/2024\/10\/bullrich.png",640,445,false],"large":["https:\/\/apuntesdesanluis.com\/wp-content\/uploads\/2024\/10\/bullrich.png",640,445,false],"1536x1536":["https:\/\/apuntesdesanluis.com\/wp-content\/uploads\/2024\/10\/bullrich.png",704,489,false],"2048x2048":["https:\/\/apuntesdesanluis.com\/wp-content\/uploads\/2024\/10\/bullrich.png",704,489,false],"newsever-slider-full":["https:\/\/apuntesdesanluis.com\/wp-content\/uploads\/2024\/10\/bullrich.png",704,489,false],"newsever-featured":["https:\/\/apuntesdesanluis.com\/wp-content\/uploads\/2024\/10\/bullrich.png",704,489,false],"newsever-medium":["https:\/\/apuntesdesanluis.com\/wp-content\/uploads\/2024\/10\/bullrich-704x475.png",704,475,true]},"author_info":{"display_name":"apuntesdesanluis.com","author_link":"https:\/\/apuntesdesanluis.com\/index.php\/author\/apuntesdesanluis-com\/"},"category_info":"<a href=\"https:\/\/apuntesdesanluis.com\/index.php\/category\/nacionales-internacionales\/\" rel=\"category tag\">Nacionales\/Internacionales<\/a>","tag_info":"Nacionales\/Internacionales","comment_count":"0","_links":{"self":[{"href":"https:\/\/apuntesdesanluis.com\/index.php\/wp-json\/wp\/v2\/posts\/24356","targetHints":{"allow":["GET"]}}],"collection":[{"href":"https:\/\/apuntesdesanluis.com\/index.php\/wp-json\/wp\/v2\/posts"}],"about":[{"href":"https:\/\/apuntesdesanluis.com\/index.php\/wp-json\/wp\/v2\/types\/post"}],"author":[{"embeddable":true,"href":"https:\/\/apuntesdesanluis.com\/index.php\/wp-json\/wp\/v2\/users\/1"}],"replies":[{"embeddable":true,"href":"https:\/\/apuntesdesanluis.com\/index.php\/wp-json\/wp\/v2\/comments?post=24356"}],"version-history":[{"count":1,"href":"https:\/\/apuntesdesanluis.com\/index.php\/wp-json\/wp\/v2\/posts\/24356\/revisions"}],"predecessor-version":[{"id":24359,"href":"https:\/\/apuntesdesanluis.com\/index.php\/wp-json\/wp\/v2\/posts\/24356\/revisions\/24359"}],"wp:featuredmedia":[{"embeddable":true,"href":"https:\/\/apuntesdesanluis.com\/index.php\/wp-json\/wp\/v2\/media\/24357"}],"wp:attachment":[{"href":"https:\/\/apuntesdesanluis.com\/index.php\/wp-json\/wp\/v2\/media?parent=24356"}],"wp:term":[{"taxonomy":"category","embeddable":true,"href":"https:\/\/apuntesdesanluis.com\/index.php\/wp-json\/wp\/v2\/categories?post=24356"},{"taxonomy":"post_tag","embeddable":true,"href":"https:\/\/apuntesdesanluis.com\/index.php\/wp-json\/wp\/v2\/tags?post=24356"}],"curies":[{"name":"wp","href":"https:\/\/api.w.org\/{rel}","templated":true}]}}