{"id":24364,"date":"2024-10-25T21:12:48","date_gmt":"2024-10-26T00:12:48","guid":{"rendered":"https:\/\/apuntesdesanluis.com\/?p=24364"},"modified":"2024-10-25T21:12:48","modified_gmt":"2024-10-26T00:12:48","slug":"la-102o-asamblea-ordinaria-del-consejo-federal-de-discapacidad-se-hara-en-merlo","status":"publish","type":"post","link":"https:\/\/apuntesdesanluis.com\/index.php\/2024\/10\/25\/la-102o-asamblea-ordinaria-del-consejo-federal-de-discapacidad-se-hara-en-merlo\/","title":{"rendered":"LA 102\u00ba ASAMBLEA ORDINARIA DEL CONSEJO FEDERAL DE DISCAPACIDAD SE HAR\u00c1 EN MERLO"},"content":{"rendered":"<h3>La decisi\u00f3n fue tomada en la reuni\u00f3n nacional del 23 y 24 de octubre que se realiz\u00f3 en la ciudad de Posadas en Misiones, a propuesta del secretario de Personas con Discapacidad, <strong>Luis Giraudo<\/strong>.<\/h3>\n<h3>La moci\u00f3n del funcionario para que la provincia sea sede de la <strong>102\u00b0 Asamblea del Consejo Federal de Discapacidad (CONFEDIS)<\/strong>, \u00a0fue aprobada por unanimidad. Se realizar\u00e1 en Villa de Merlo en diciembre. En cuanto a los pr\u00f3ximos temas de agenda, se propuso educaci\u00f3n y transporte, cuestiones que se definir\u00e1n en la pr\u00f3xima reuni\u00f3n del Comit\u00e9 Ejecutivo.<\/h3>\n<h3>Respecto al encuentro que inici\u00f3 el mi\u00e9rcoles, la tem\u00e1tica central se dividi\u00f3 en dos ejes: \u2018Vida independiente\u2019 y \u2018Capacidad jur\u00eddica\u2019. De ambos temas expusieron profesionales calificados. Luego, se dio comienzo a la lectura de los informes de cada una de las cinco regiones del pa\u00eds con el posterior espacio de intercambio entre las autoridades provinciales y los representantes de las ONG.<\/h3>\n<h3><img fetchpriority=\"high\" decoding=\"async\" class=\"wp-image-24366 aligncenter\" src=\"https:\/\/apuntesdesanluis.com\/wp-content\/uploads\/2024\/10\/asamblea-giraudo-300x184.png\" alt=\"\" width=\"698\" height=\"428\" srcset=\"https:\/\/apuntesdesanluis.com\/wp-content\/uploads\/2024\/10\/asamblea-giraudo-300x184.png 300w, https:\/\/apuntesdesanluis.com\/wp-content\/uploads\/2024\/10\/asamblea-giraudo.png 674w\" sizes=\"(max-width: 698px) 100vw, 698px\" \/><\/h3>\n<h3>La segunda jornada comenz\u00f3 el jueves a las 9:00 con la lectura del informe detallado por parte de la subdirectora ejecutiva de la Agencia Nacional de Discapacidad (ANDIS), Romina N\u00fa\u00f1ez, con los avances de cada una de las acciones que lleva adelante el organismo. Luego las diferentes comisiones conformadas por las provincias y los organismos no gubernamentales, brindaron sus informes de lo trabajado durante este a\u00f1o. De esta manera, se presentaron las comisiones de municipios; educaci\u00f3n; trabajo; salud; legislaci\u00f3n; deportes; cultura y recreaci\u00f3n; autonom\u00eda; independencia y toma de decisiones; g\u00e9nero; orientaci\u00f3n y acompa\u00f1amiento para personas con discapacidad en situaci\u00f3n de explotaci\u00f3n; violencia y abuso y criterios de valoraci\u00f3n de discapacidad.<\/h3>\n<h3>Giraudo tuvo una participaci\u00f3n activa, destacando la problem\u00e1tica del transporte, desde que las empresas no cumplen con la normativa que las obliga a contar con dos butacas reservadas para el traslado de personas con discapacidad. Propuso un pronunciamiento al respecto, para plantear el tema a la Agencia Nacional de Discapacidad. Su moci\u00f3n fue aprobada por la asamblea, que emiti\u00f3 un comunicado dirigido a la ANDIS, para que tome cartas en esta cuesti\u00f3n.<\/h3>\n<p>&nbsp;<\/p>\n<p>&nbsp;<\/p>\n<p>&nbsp;<\/p>\n<p>&nbsp;<\/p>\n<p>&nbsp;<\/p>\n<p>&nbsp;<\/p>\n","protected":false},"excerpt":{"rendered":"<p>La decisi\u00f3n fue tomada en la reuni\u00f3n nacional del 23 y 24 de octubre que&#8230;<\/p>\n","protected":false},"author":1,"featured_media":24365,"comment_status":"closed","ping_status":"closed","sticky":false,"template":"","format":"standard","meta":{"footnotes":""},"categories":[6],"tags":[],"class_list":["post-24364","post","type-post","status-publish","format-standard","has-post-thumbnail","hentry","category-ciudad-provincia"],"yoast_head":"<!-- This site is optimized with the Yoast SEO plugin v26.1.1 - https:\/\/yoast.com\/wordpress\/plugins\/seo\/ -->\n<title>LA 102\u00ba ASAMBLEA ORDINARIA DEL CONSEJO FEDERAL DE DISCAPACIDAD SE HAR\u00c1 EN MERLO - Apuntes de San Luis<\/title>\n<meta name=\"robots\" content=\"index, follow, max-snippet:-1, max-image-preview:large, max-video-preview:-1\" \/>\n<link rel=\"canonical\" href=\"https:\/\/apuntesdesanluis.com\/index.php\/2024\/10\/25\/la-102o-asamblea-ordinaria-del-consejo-federal-de-discapacidad-se-hara-en-merlo\/\" \/>\n<meta property=\"og:locale\" content=\"es_ES\" \/>\n<meta property=\"og:type\" content=\"article\" \/>\n<meta property=\"og:title\" content=\"LA 102\u00ba ASAMBLEA ORDINARIA DEL CONSEJO FEDERAL DE DISCAPACIDAD SE HAR\u00c1 EN MERLO - Apuntes de San Luis\" \/>\n<meta property=\"og:description\" content=\"La decisi\u00f3n fue tomada en la reuni\u00f3n nacional del 23 y 24 de octubre que...\" \/>\n<meta property=\"og:url\" content=\"https:\/\/apuntesdesanluis.com\/index.php\/2024\/10\/25\/la-102o-asamblea-ordinaria-del-consejo-federal-de-discapacidad-se-hara-en-merlo\/\" \/>\n<meta property=\"og:site_name\" content=\"Apuntes de San Luis\" \/>\n<meta property=\"article:published_time\" content=\"2024-10-26T00:12:48+00:00\" \/>\n<meta property=\"og:image\" content=\"https:\/\/apuntesdesanluis.com\/wp-content\/uploads\/2024\/10\/luis-giraudo-en-confedis.png\" \/>\n\t<meta property=\"og:image:width\" content=\"574\" \/>\n\t<meta property=\"og:image:height\" content=\"358\" \/>\n\t<meta property=\"og:image:type\" content=\"image\/png\" \/>\n<meta name=\"author\" content=\"apuntesdesanluis.com\" \/>\n<meta name=\"twitter:card\" content=\"summary_large_image\" \/>\n<meta name=\"twitter:label1\" content=\"Escrito por\" \/>\n\t<meta name=\"twitter:data1\" content=\"apuntesdesanluis.com\" \/>\n\t<meta name=\"twitter:label2\" content=\"Tiempo de lectura\" \/>\n\t<meta name=\"twitter:data2\" content=\"2 minutos\" \/>\n<script type=\"application\/ld+json\" class=\"yoast-schema-graph\">{\"@context\":\"https:\/\/schema.org\",\"@graph\":[{\"@type\":\"Article\",\"@id\":\"https:\/\/apuntesdesanluis.com\/index.php\/2024\/10\/25\/la-102o-asamblea-ordinaria-del-consejo-federal-de-discapacidad-se-hara-en-merlo\/#article\",\"isPartOf\":{\"@id\":\"https:\/\/apuntesdesanluis.com\/index.php\/2024\/10\/25\/la-102o-asamblea-ordinaria-del-consejo-federal-de-discapacidad-se-hara-en-merlo\/\"},\"author\":{\"name\":\"apuntesdesanluis.com\",\"@id\":\"https:\/\/apuntesdesanluis.com\/#\/schema\/person\/b55151d52296fcce64d1a72538a70b90\"},\"headline\":\"LA 102\u00ba ASAMBLEA ORDINARIA DEL CONSEJO FEDERAL DE DISCAPACIDAD SE HAR\u00c1 EN MERLO\",\"datePublished\":\"2024-10-26T00:12:48+00:00\",\"mainEntityOfPage\":{\"@id\":\"https:\/\/apuntesdesanluis.com\/index.php\/2024\/10\/25\/la-102o-asamblea-ordinaria-del-consejo-federal-de-discapacidad-se-hara-en-merlo\/\"},\"wordCount\":375,\"publisher\":{\"@id\":\"https:\/\/apuntesdesanluis.com\/#\/schema\/person\/b55151d52296fcce64d1a72538a70b90\"},\"image\":{\"@id\":\"https:\/\/apuntesdesanluis.com\/index.php\/2024\/10\/25\/la-102o-asamblea-ordinaria-del-consejo-federal-de-discapacidad-se-hara-en-merlo\/#primaryimage\"},\"thumbnailUrl\":\"https:\/\/apuntesdesanluis.com\/wp-content\/uploads\/2024\/10\/luis-giraudo-en-confedis.png\",\"articleSection\":[\"Ciudad\/Provincia\"],\"inLanguage\":\"es-AR\"},{\"@type\":\"WebPage\",\"@id\":\"https:\/\/apuntesdesanluis.com\/index.php\/2024\/10\/25\/la-102o-asamblea-ordinaria-del-consejo-federal-de-discapacidad-se-hara-en-merlo\/\",\"url\":\"https:\/\/apuntesdesanluis.com\/index.php\/2024\/10\/25\/la-102o-asamblea-ordinaria-del-consejo-federal-de-discapacidad-se-hara-en-merlo\/\",\"name\":\"LA 102\u00ba ASAMBLEA ORDINARIA DEL CONSEJO FEDERAL DE DISCAPACIDAD SE HAR\u00c1 EN MERLO - Apuntes de San Luis\",\"isPartOf\":{\"@id\":\"https:\/\/apuntesdesanluis.com\/#website\"},\"primaryImageOfPage\":{\"@id\":\"https:\/\/apuntesdesanluis.com\/index.php\/2024\/10\/25\/la-102o-asamblea-ordinaria-del-consejo-federal-de-discapacidad-se-hara-en-merlo\/#primaryimage\"},\"image\":{\"@id\":\"https:\/\/apuntesdesanluis.com\/index.php\/2024\/10\/25\/la-102o-asamblea-ordinaria-del-consejo-federal-de-discapacidad-se-hara-en-merlo\/#primaryimage\"},\"thumbnailUrl\":\"https:\/\/apuntesdesanluis.com\/wp-content\/uploads\/2024\/10\/luis-giraudo-en-confedis.png\",\"datePublished\":\"2024-10-26T00:12:48+00:00\",\"breadcrumb\":{\"@id\":\"https:\/\/apuntesdesanluis.com\/index.php\/2024\/10\/25\/la-102o-asamblea-ordinaria-del-consejo-federal-de-discapacidad-se-hara-en-merlo\/#breadcrumb\"},\"inLanguage\":\"es-AR\",\"potentialAction\":[{\"@type\":\"ReadAction\",\"target\":[\"https:\/\/apuntesdesanluis.com\/index.php\/2024\/10\/25\/la-102o-asamblea-ordinaria-del-consejo-federal-de-discapacidad-se-hara-en-merlo\/\"]}]},{\"@type\":\"ImageObject\",\"inLanguage\":\"es-AR\",\"@id\":\"https:\/\/apuntesdesanluis.com\/index.php\/2024\/10\/25\/la-102o-asamblea-ordinaria-del-consejo-federal-de-discapacidad-se-hara-en-merlo\/#primaryimage\",\"url\":\"https:\/\/apuntesdesanluis.com\/wp-content\/uploads\/2024\/10\/luis-giraudo-en-confedis.png\",\"contentUrl\":\"https:\/\/apuntesdesanluis.com\/wp-content\/uploads\/2024\/10\/luis-giraudo-en-confedis.png\",\"width\":574,\"height\":358},{\"@type\":\"BreadcrumbList\",\"@id\":\"https:\/\/apuntesdesanluis.com\/index.php\/2024\/10\/25\/la-102o-asamblea-ordinaria-del-consejo-federal-de-discapacidad-se-hara-en-merlo\/#breadcrumb\",\"itemListElement\":[{\"@type\":\"ListItem\",\"position\":1,\"name\":\"Inicio\",\"item\":\"https:\/\/apuntesdesanluis.com\/\"},{\"@type\":\"ListItem\",\"position\":2,\"name\":\"LA 102\u00ba ASAMBLEA ORDINARIA DEL CONSEJO FEDERAL DE DISCAPACIDAD SE HAR\u00c1 EN MERLO\"}]},{\"@type\":\"WebSite\",\"@id\":\"https:\/\/apuntesdesanluis.com\/#website\",\"url\":\"https:\/\/apuntesdesanluis.com\/\",\"name\":\"Apuntes de San Luis\",\"description\":\"\",\"publisher\":{\"@id\":\"https:\/\/apuntesdesanluis.com\/#\/schema\/person\/b55151d52296fcce64d1a72538a70b90\"},\"potentialAction\":[{\"@type\":\"SearchAction\",\"target\":{\"@type\":\"EntryPoint\",\"urlTemplate\":\"https:\/\/apuntesdesanluis.com\/?s={search_term_string}\"},\"query-input\":{\"@type\":\"PropertyValueSpecification\",\"valueRequired\":true,\"valueName\":\"search_term_string\"}}],\"inLanguage\":\"es-AR\"},{\"@type\":[\"Person\",\"Organization\"],\"@id\":\"https:\/\/apuntesdesanluis.com\/#\/schema\/person\/b55151d52296fcce64d1a72538a70b90\",\"name\":\"apuntesdesanluis.com\",\"image\":{\"@type\":\"ImageObject\",\"inLanguage\":\"es-AR\",\"@id\":\"https:\/\/apuntesdesanluis.com\/#\/schema\/person\/image\/\",\"url\":\"https:\/\/apuntesdesanluis.com\/wp-content\/uploads\/2023\/07\/cropped-apuntesdesanluis.png\",\"contentUrl\":\"https:\/\/apuntesdesanluis.com\/wp-content\/uploads\/2023\/07\/cropped-apuntesdesanluis.png\",\"width\":450,\"height\":112,\"caption\":\"apuntesdesanluis.com\"},\"logo\":{\"@id\":\"https:\/\/apuntesdesanluis.com\/#\/schema\/person\/image\/\"},\"sameAs\":[\"https:\/\/apuntesdesanluis.com\"],\"url\":\"https:\/\/apuntesdesanluis.com\/index.php\/author\/apuntesdesanluis-com\/\"}]}<\/script>\n<!-- \/ Yoast SEO plugin. -->","yoast_head_json":{"title":"LA 102\u00ba ASAMBLEA ORDINARIA DEL CONSEJO FEDERAL DE DISCAPACIDAD SE HAR\u00c1 EN MERLO - Apuntes de San Luis","robots":{"index":"index","follow":"follow","max-snippet":"max-snippet:-1","max-image-preview":"max-image-preview:large","max-video-preview":"max-video-preview:-1"},"canonical":"https:\/\/apuntesdesanluis.com\/index.php\/2024\/10\/25\/la-102o-asamblea-ordinaria-del-consejo-federal-de-discapacidad-se-hara-en-merlo\/","og_locale":"es_ES","og_type":"article","og_title":"LA 102\u00ba ASAMBLEA ORDINARIA DEL CONSEJO FEDERAL DE DISCAPACIDAD SE HAR\u00c1 EN MERLO - Apuntes de San Luis","og_description":"La decisi\u00f3n fue tomada en la reuni\u00f3n nacional del 23 y 24 de octubre que...","og_url":"https:\/\/apuntesdesanluis.com\/index.php\/2024\/10\/25\/la-102o-asamblea-ordinaria-del-consejo-federal-de-discapacidad-se-hara-en-merlo\/","og_site_name":"Apuntes de San Luis","article_published_time":"2024-10-26T00:12:48+00:00","og_image":[{"width":574,"height":358,"url":"https:\/\/apuntesdesanluis.com\/wp-content\/uploads\/2024\/10\/luis-giraudo-en-confedis.png","type":"image\/png"}],"author":"apuntesdesanluis.com","twitter_card":"summary_large_image","twitter_misc":{"Escrito por":"apuntesdesanluis.com","Tiempo de lectura":"2 minutos"},"schema":{"@context":"https:\/\/schema.org","@graph":[{"@type":"Article","@id":"https:\/\/apuntesdesanluis.com\/index.php\/2024\/10\/25\/la-102o-asamblea-ordinaria-del-consejo-federal-de-discapacidad-se-hara-en-merlo\/#article","isPartOf":{"@id":"https:\/\/apuntesdesanluis.com\/index.php\/2024\/10\/25\/la-102o-asamblea-ordinaria-del-consejo-federal-de-discapacidad-se-hara-en-merlo\/"},"author":{"name":"apuntesdesanluis.com","@id":"https:\/\/apuntesdesanluis.com\/#\/schema\/person\/b55151d52296fcce64d1a72538a70b90"},"headline":"LA 102\u00ba ASAMBLEA ORDINARIA DEL CONSEJO FEDERAL DE DISCAPACIDAD SE HAR\u00c1 EN MERLO","datePublished":"2024-10-26T00:12:48+00:00","mainEntityOfPage":{"@id":"https:\/\/apuntesdesanluis.com\/index.php\/2024\/10\/25\/la-102o-asamblea-ordinaria-del-consejo-federal-de-discapacidad-se-hara-en-merlo\/"},"wordCount":375,"publisher":{"@id":"https:\/\/apuntesdesanluis.com\/#\/schema\/person\/b55151d52296fcce64d1a72538a70b90"},"image":{"@id":"https:\/\/apuntesdesanluis.com\/index.php\/2024\/10\/25\/la-102o-asamblea-ordinaria-del-consejo-federal-de-discapacidad-se-hara-en-merlo\/#primaryimage"},"thumbnailUrl":"https:\/\/apuntesdesanluis.com\/wp-content\/uploads\/2024\/10\/luis-giraudo-en-confedis.png","articleSection":["Ciudad\/Provincia"],"inLanguage":"es-AR"},{"@type":"WebPage","@id":"https:\/\/apuntesdesanluis.com\/index.php\/2024\/10\/25\/la-102o-asamblea-ordinaria-del-consejo-federal-de-discapacidad-se-hara-en-merlo\/","url":"https:\/\/apuntesdesanluis.com\/index.php\/2024\/10\/25\/la-102o-asamblea-ordinaria-del-consejo-federal-de-discapacidad-se-hara-en-merlo\/","name":"LA 102\u00ba ASAMBLEA ORDINARIA DEL CONSEJO FEDERAL DE DISCAPACIDAD SE HAR\u00c1 EN MERLO - Apuntes de San Luis","isPartOf":{"@id":"https:\/\/apuntesdesanluis.com\/#website"},"primaryImageOfPage":{"@id":"https:\/\/apuntesdesanluis.com\/index.php\/2024\/10\/25\/la-102o-asamblea-ordinaria-del-consejo-federal-de-discapacidad-se-hara-en-merlo\/#primaryimage"},"image":{"@id":"https:\/\/apuntesdesanluis.com\/index.php\/2024\/10\/25\/la-102o-asamblea-ordinaria-del-consejo-federal-de-discapacidad-se-hara-en-merlo\/#primaryimage"},"thumbnailUrl":"https:\/\/apuntesdesanluis.com\/wp-content\/uploads\/2024\/10\/luis-giraudo-en-confedis.png","datePublished":"2024-10-26T00:12:48+00:00","breadcrumb":{"@id":"https:\/\/apuntesdesanluis.com\/index.php\/2024\/10\/25\/la-102o-asamblea-ordinaria-del-consejo-federal-de-discapacidad-se-hara-en-merlo\/#breadcrumb"},"inLanguage":"es-AR","potentialAction":[{"@type":"ReadAction","target":["https:\/\/apuntesdesanluis.com\/index.php\/2024\/10\/25\/la-102o-asamblea-ordinaria-del-consejo-federal-de-discapacidad-se-hara-en-merlo\/"]}]},{"@type":"ImageObject","inLanguage":"es-AR","@id":"https:\/\/apuntesdesanluis.com\/index.php\/2024\/10\/25\/la-102o-asamblea-ordinaria-del-consejo-federal-de-discapacidad-se-hara-en-merlo\/#primaryimage","url":"https:\/\/apuntesdesanluis.com\/wp-content\/uploads\/2024\/10\/luis-giraudo-en-confedis.png","contentUrl":"https:\/\/apuntesdesanluis.com\/wp-content\/uploads\/2024\/10\/luis-giraudo-en-confedis.png","width":574,"height":358},{"@type":"BreadcrumbList","@id":"https:\/\/apuntesdesanluis.com\/index.php\/2024\/10\/25\/la-102o-asamblea-ordinaria-del-consejo-federal-de-discapacidad-se-hara-en-merlo\/#breadcrumb","itemListElement":[{"@type":"ListItem","position":1,"name":"Inicio","item":"https:\/\/apuntesdesanluis.com\/"},{"@type":"ListItem","position":2,"name":"LA 102\u00ba ASAMBLEA ORDINARIA DEL CONSEJO FEDERAL DE DISCAPACIDAD SE HAR\u00c1 EN MERLO"}]},{"@type":"WebSite","@id":"https:\/\/apuntesdesanluis.com\/#website","url":"https:\/\/apuntesdesanluis.com\/","name":"Apuntes de San Luis","description":"","publisher":{"@id":"https:\/\/apuntesdesanluis.com\/#\/schema\/person\/b55151d52296fcce64d1a72538a70b90"},"potentialAction":[{"@type":"SearchAction","target":{"@type":"EntryPoint","urlTemplate":"https:\/\/apuntesdesanluis.com\/?s={search_term_string}"},"query-input":{"@type":"PropertyValueSpecification","valueRequired":true,"valueName":"search_term_string"}}],"inLanguage":"es-AR"},{"@type":["Person","Organization"],"@id":"https:\/\/apuntesdesanluis.com\/#\/schema\/person\/b55151d52296fcce64d1a72538a70b90","name":"apuntesdesanluis.com","image":{"@type":"ImageObject","inLanguage":"es-AR","@id":"https:\/\/apuntesdesanluis.com\/#\/schema\/person\/image\/","url":"https:\/\/apuntesdesanluis.com\/wp-content\/uploads\/2023\/07\/cropped-apuntesdesanluis.png","contentUrl":"https:\/\/apuntesdesanluis.com\/wp-content\/uploads\/2023\/07\/cropped-apuntesdesanluis.png","width":450,"height":112,"caption":"apuntesdesanluis.com"},"logo":{"@id":"https:\/\/apuntesdesanluis.com\/#\/schema\/person\/image\/"},"sameAs":["https:\/\/apuntesdesanluis.com"],"url":"https:\/\/apuntesdesanluis.com\/index.php\/author\/apuntesdesanluis-com\/"}]}},"featured_image_urls":{"full":["https:\/\/apuntesdesanluis.com\/wp-content\/uploads\/2024\/10\/luis-giraudo-en-confedis.png",574,358,false],"thumbnail":["https:\/\/apuntesdesanluis.com\/wp-content\/uploads\/2024\/10\/luis-giraudo-en-confedis-150x150.png",150,150,true],"medium":["https:\/\/apuntesdesanluis.com\/wp-content\/uploads\/2024\/10\/luis-giraudo-en-confedis-300x187.png",300,187,true],"medium_large":["https:\/\/apuntesdesanluis.com\/wp-content\/uploads\/2024\/10\/luis-giraudo-en-confedis.png",574,358,false],"large":["https:\/\/apuntesdesanluis.com\/wp-content\/uploads\/2024\/10\/luis-giraudo-en-confedis.png",574,358,false],"1536x1536":["https:\/\/apuntesdesanluis.com\/wp-content\/uploads\/2024\/10\/luis-giraudo-en-confedis.png",574,358,false],"2048x2048":["https:\/\/apuntesdesanluis.com\/wp-content\/uploads\/2024\/10\/luis-giraudo-en-confedis.png",574,358,false],"newsever-slider-full":["https:\/\/apuntesdesanluis.com\/wp-content\/uploads\/2024\/10\/luis-giraudo-en-confedis.png",574,358,false],"newsever-featured":["https:\/\/apuntesdesanluis.com\/wp-content\/uploads\/2024\/10\/luis-giraudo-en-confedis.png",574,358,false],"newsever-medium":["https:\/\/apuntesdesanluis.com\/wp-content\/uploads\/2024\/10\/luis-giraudo-en-confedis.png",574,358,false]},"author_info":{"display_name":"apuntesdesanluis.com","author_link":"https:\/\/apuntesdesanluis.com\/index.php\/author\/apuntesdesanluis-com\/"},"category_info":"<a href=\"https:\/\/apuntesdesanluis.com\/index.php\/category\/ciudad-provincia\/\" rel=\"category tag\">Ciudad\/Provincia<\/a>","tag_info":"Ciudad\/Provincia","comment_count":"0","_links":{"self":[{"href":"https:\/\/apuntesdesanluis.com\/index.php\/wp-json\/wp\/v2\/posts\/24364","targetHints":{"allow":["GET"]}}],"collection":[{"href":"https:\/\/apuntesdesanluis.com\/index.php\/wp-json\/wp\/v2\/posts"}],"about":[{"href":"https:\/\/apuntesdesanluis.com\/index.php\/wp-json\/wp\/v2\/types\/post"}],"author":[{"embeddable":true,"href":"https:\/\/apuntesdesanluis.com\/index.php\/wp-json\/wp\/v2\/users\/1"}],"replies":[{"embeddable":true,"href":"https:\/\/apuntesdesanluis.com\/index.php\/wp-json\/wp\/v2\/comments?post=24364"}],"version-history":[{"count":1,"href":"https:\/\/apuntesdesanluis.com\/index.php\/wp-json\/wp\/v2\/posts\/24364\/revisions"}],"predecessor-version":[{"id":24367,"href":"https:\/\/apuntesdesanluis.com\/index.php\/wp-json\/wp\/v2\/posts\/24364\/revisions\/24367"}],"wp:featuredmedia":[{"embeddable":true,"href":"https:\/\/apuntesdesanluis.com\/index.php\/wp-json\/wp\/v2\/media\/24365"}],"wp:attachment":[{"href":"https:\/\/apuntesdesanluis.com\/index.php\/wp-json\/wp\/v2\/media?parent=24364"}],"wp:term":[{"taxonomy":"category","embeddable":true,"href":"https:\/\/apuntesdesanluis.com\/index.php\/wp-json\/wp\/v2\/categories?post=24364"},{"taxonomy":"post_tag","embeddable":true,"href":"https:\/\/apuntesdesanluis.com\/index.php\/wp-json\/wp\/v2\/tags?post=24364"}],"curies":[{"name":"wp","href":"https:\/\/api.w.org\/{rel}","templated":true}]}}