{"id":24389,"date":"2024-10-27T11:38:43","date_gmt":"2024-10-27T14:38:43","guid":{"rendered":"https:\/\/apuntesdesanluis.com\/?p=24389"},"modified":"2024-10-27T11:38:43","modified_gmt":"2024-10-27T14:38:43","slug":"tiempo-de-internas-y-rupturas","status":"publish","type":"post","link":"https:\/\/apuntesdesanluis.com\/index.php\/2024\/10\/27\/tiempo-de-internas-y-rupturas\/","title":{"rendered":"TIEMPO DE INTERNAS Y RUPTURAS"},"content":{"rendered":"<p><strong>Por Hugo Haime *<\/strong><\/p>\n<h3>Mientras Milei retoma fuertemente la iniciativa pol\u00edtica, los partidos de oposici\u00f3n y no tanto convulsionan.<\/h3>\n<h3><img fetchpriority=\"high\" decoding=\"async\" class=\"wp-image-24390 aligncenter\" src=\"https:\/\/apuntesdesanluis.com\/wp-content\/uploads\/2024\/10\/HUGO-HAIME-300x212.png\" alt=\"\" width=\"621\" height=\"439\" srcset=\"https:\/\/apuntesdesanluis.com\/wp-content\/uploads\/2024\/10\/HUGO-HAIME-300x212.png 300w, https:\/\/apuntesdesanluis.com\/wp-content\/uploads\/2024\/10\/HUGO-HAIME.png 455w\" sizes=\"(max-width: 621px) 100vw, 621px\" \/><\/h3>\n<h3>El PRO no sabe si entregarse o poner condiciones para su rendici\u00f3n. En el radicalismo se rompi\u00f3 el bloque de diputados, confrontan los que quieren oponerse a Milei con los que quieren ser parte del oficialismo mientras un tercer sector es ni ni. En el peronismo, Cristina pidiendo pista para asumir la jefatura del partido gener\u00f3 un cimbronazo en lo interno y en lo externo.<\/h3>\n<h3>Al comienzo fue sorpresa pero aparecieron problemas: el operativo clamor no tuvo el eco esperado y sus reproches a Kicillof abrieron\u00a0 m\u00e1s interrogantes que certezas sobre las razones profundas de su decisi\u00f3n.<\/h3>\n<h3>Desde el 89 en adelante, cuando el peronismo fue gobierno no siempre coincidi\u00f3 la jefatura del Ejecutivo con la partidaria. La hubo en los casos de Menem, Duhalde y Alberto Fern\u00e1ndez. Cuando N\u00e9stor y Cristina Kirchner fueron gobierno ninguno de los dos asumi\u00f3 la presidencia del PJ. Luego N\u00e9stor lo hizo en 2008 pero Cristina nunca tuvo cargos en el PJ. Entonces la sorpresa sobre su postulaci\u00f3n cobra sentido. Cuando el peronismo perdi\u00f3 las elecciones en el 83 tuvo que replantearse su sentido y a partir del 85 comenz\u00f3 un proceso de renovaci\u00f3n partidaria que termin\u00f3 en el 88 con la interna partidaria m\u00e1s movilizadora de la historia y la emergencia de una nueva generaci\u00f3n de dirigentes.<\/h3>\n<h3>Ello suced\u00eda en una sociedad muy diferente a la de hoy. No estaba social y pol\u00edticamente\u00a0 balcanizada. Era claramente bipartidista, los partidos representaban sectores sociales, el trabajo segu\u00eda siendo el ordenador de la vida social y el sue\u00f1o de la movilidad social se potenciaba bajo la idea de que con la democracia todo era posible. Hoy casi nada de esto existe.<\/h3>\n<h3>El peronismo hoy es un significante sin significado, carente de propuesta de futuro.<\/h3>\n<h3>Tenemos una sociedad empobrecida que marcha a una latinoamericanizaci\u00f3n en donde va despareciendo la clase media. El trabajo dej\u00f3 de tener valor como\u00a0 vertebrador de la vida social y la democracia es tomada como una mera formalidad. Los partidos pol\u00edticos carecen de representatividad.<\/h3>\n<h3>El peronismo hoy es un significante sin significado carente de propuesta de futuro y como en los tiempos del 85\/88 se debe su renovaci\u00f3n.<\/h3>\n<h3>Ante la interna, el mundo peronista entr\u00f3 en ebullici\u00f3n, unos\u00a0 piensan que no hay posibilidades de futuro sin que Cristina asuma el liderazgo formal y real. En el otro extremo est\u00e1n quienes creen que su etapa est\u00e1 terminada, que su reaparici\u00f3n no sirve para generar un proceso de renovaci\u00f3n dirigencial y de ideas, y que su protagonismo potencia a Milei.<\/h3>\n<h3>Hay provincias en donde la interna es dura y los pedidos de disciplinamiento generan rebeld\u00edas.<\/h3>\n<h3>En el mile\u00edsmo las reacciones pasan del rechazo y tambi\u00e9n el temor a Cristina, a la alegr\u00eda de volver a una polarizaci\u00f3n que entienden los fortalece. El peronismo solo gobierna cinco provincias con centro en la de Buenos Aires. All\u00ed se dirimir\u00e1 en 2025 si Milei reafirma su liderazgo o entra en duda su futuro.<\/h3>\n<h3>Descontamos que el Presidente lograr\u00e1 como m\u00ednimo duplicar la cantidad de diputados nacionales que tiene actualmente, pero aunque venciera a nivel nacional, perder PBA generar\u00eda el fantasma de que no tendr\u00eda 2027.<\/h3>\n<h3>En sentido inverso, si Cristina, siendo jefa de partido, no lleva su ej\u00e9rcito a la victoria, muy probablemente su liderazgo entrar\u00eda en un declive irremediable. Surgen entonces preguntas claves. \u00bfCristina arrollar\u00e1 en la interna o le emerger\u00e1 una oposici\u00f3n no prevista? \u00bfLa interna ser\u00e1 masiva? \u00bfPodr\u00e1 sobrevivir el peronismo a otra derrota en 2025? \u00bfQu\u00e9 suceder\u00e1 si Milei pierde la madre de todas las batallas? La seguimos.<\/h3>\n<h3><\/h3>\n<h3>*<strong>Analista y consultor pol\u00edtico. <span style=\"color: #3366ff;\">(Publicado en Perfil)<\/span><\/strong><\/h3>\n<p>&nbsp;<\/p>\n<p>&nbsp;<\/p>\n<p>&nbsp;<\/p>\n","protected":false},"excerpt":{"rendered":"<p>Por Hugo Haime * Mientras Milei retoma fuertemente la iniciativa pol\u00edtica, los partidos de oposici\u00f3n&#8230;<\/p>\n","protected":false},"author":1,"featured_media":24391,"comment_status":"closed","ping_status":"closed","sticky":false,"template":"","format":"standard","meta":{"footnotes":""},"categories":[9],"tags":[],"class_list":["post-24389","post","type-post","status-publish","format-standard","has-post-thumbnail","hentry","category-opinion"],"yoast_head":"<!-- This site is optimized with the Yoast SEO plugin v26.1.1 - https:\/\/yoast.com\/wordpress\/plugins\/seo\/ -->\n<title>TIEMPO DE INTERNAS Y RUPTURAS - Apuntes de San Luis<\/title>\n<meta name=\"robots\" content=\"index, follow, max-snippet:-1, max-image-preview:large, max-video-preview:-1\" \/>\n<link rel=\"canonical\" href=\"https:\/\/apuntesdesanluis.com\/index.php\/2024\/10\/27\/tiempo-de-internas-y-rupturas\/\" \/>\n<meta property=\"og:locale\" content=\"es_ES\" \/>\n<meta property=\"og:type\" content=\"article\" \/>\n<meta property=\"og:title\" content=\"TIEMPO DE INTERNAS Y RUPTURAS - Apuntes de San Luis\" \/>\n<meta property=\"og:description\" content=\"Por Hugo Haime * Mientras Milei retoma fuertemente la iniciativa pol\u00edtica, los partidos de oposici\u00f3n...\" \/>\n<meta property=\"og:url\" content=\"https:\/\/apuntesdesanluis.com\/index.php\/2024\/10\/27\/tiempo-de-internas-y-rupturas\/\" \/>\n<meta property=\"og:site_name\" content=\"Apuntes de San Luis\" \/>\n<meta property=\"article:published_time\" content=\"2024-10-27T14:38:43+00:00\" \/>\n<meta property=\"og:image\" content=\"https:\/\/apuntesdesanluis.com\/wp-content\/uploads\/2024\/10\/CRISTINA-MILEI-MACRI.png\" \/>\n\t<meta property=\"og:image:width\" content=\"811\" \/>\n\t<meta property=\"og:image:height\" content=\"438\" \/>\n\t<meta property=\"og:image:type\" content=\"image\/png\" \/>\n<meta name=\"author\" content=\"apuntesdesanluis.com\" \/>\n<meta name=\"twitter:card\" content=\"summary_large_image\" \/>\n<meta name=\"twitter:label1\" content=\"Escrito por\" \/>\n\t<meta name=\"twitter:data1\" content=\"apuntesdesanluis.com\" \/>\n\t<meta name=\"twitter:label2\" content=\"Tiempo de lectura\" \/>\n\t<meta name=\"twitter:data2\" content=\"4 minutos\" \/>\n<script type=\"application\/ld+json\" class=\"yoast-schema-graph\">{\"@context\":\"https:\/\/schema.org\",\"@graph\":[{\"@type\":\"Article\",\"@id\":\"https:\/\/apuntesdesanluis.com\/index.php\/2024\/10\/27\/tiempo-de-internas-y-rupturas\/#article\",\"isPartOf\":{\"@id\":\"https:\/\/apuntesdesanluis.com\/index.php\/2024\/10\/27\/tiempo-de-internas-y-rupturas\/\"},\"author\":{\"name\":\"apuntesdesanluis.com\",\"@id\":\"https:\/\/apuntesdesanluis.com\/#\/schema\/person\/b55151d52296fcce64d1a72538a70b90\"},\"headline\":\"TIEMPO DE INTERNAS Y RUPTURAS\",\"datePublished\":\"2024-10-27T14:38:43+00:00\",\"mainEntityOfPage\":{\"@id\":\"https:\/\/apuntesdesanluis.com\/index.php\/2024\/10\/27\/tiempo-de-internas-y-rupturas\/\"},\"wordCount\":643,\"publisher\":{\"@id\":\"https:\/\/apuntesdesanluis.com\/#\/schema\/person\/b55151d52296fcce64d1a72538a70b90\"},\"image\":{\"@id\":\"https:\/\/apuntesdesanluis.com\/index.php\/2024\/10\/27\/tiempo-de-internas-y-rupturas\/#primaryimage\"},\"thumbnailUrl\":\"https:\/\/apuntesdesanluis.com\/wp-content\/uploads\/2024\/10\/CRISTINA-MILEI-MACRI.png\",\"articleSection\":[\"Opini\u00f3n\"],\"inLanguage\":\"es-AR\"},{\"@type\":\"WebPage\",\"@id\":\"https:\/\/apuntesdesanluis.com\/index.php\/2024\/10\/27\/tiempo-de-internas-y-rupturas\/\",\"url\":\"https:\/\/apuntesdesanluis.com\/index.php\/2024\/10\/27\/tiempo-de-internas-y-rupturas\/\",\"name\":\"TIEMPO DE INTERNAS Y RUPTURAS - Apuntes de San Luis\",\"isPartOf\":{\"@id\":\"https:\/\/apuntesdesanluis.com\/#website\"},\"primaryImageOfPage\":{\"@id\":\"https:\/\/apuntesdesanluis.com\/index.php\/2024\/10\/27\/tiempo-de-internas-y-rupturas\/#primaryimage\"},\"image\":{\"@id\":\"https:\/\/apuntesdesanluis.com\/index.php\/2024\/10\/27\/tiempo-de-internas-y-rupturas\/#primaryimage\"},\"thumbnailUrl\":\"https:\/\/apuntesdesanluis.com\/wp-content\/uploads\/2024\/10\/CRISTINA-MILEI-MACRI.png\",\"datePublished\":\"2024-10-27T14:38:43+00:00\",\"breadcrumb\":{\"@id\":\"https:\/\/apuntesdesanluis.com\/index.php\/2024\/10\/27\/tiempo-de-internas-y-rupturas\/#breadcrumb\"},\"inLanguage\":\"es-AR\",\"potentialAction\":[{\"@type\":\"ReadAction\",\"target\":[\"https:\/\/apuntesdesanluis.com\/index.php\/2024\/10\/27\/tiempo-de-internas-y-rupturas\/\"]}]},{\"@type\":\"ImageObject\",\"inLanguage\":\"es-AR\",\"@id\":\"https:\/\/apuntesdesanluis.com\/index.php\/2024\/10\/27\/tiempo-de-internas-y-rupturas\/#primaryimage\",\"url\":\"https:\/\/apuntesdesanluis.com\/wp-content\/uploads\/2024\/10\/CRISTINA-MILEI-MACRI.png\",\"contentUrl\":\"https:\/\/apuntesdesanluis.com\/wp-content\/uploads\/2024\/10\/CRISTINA-MILEI-MACRI.png\",\"width\":811,\"height\":438},{\"@type\":\"BreadcrumbList\",\"@id\":\"https:\/\/apuntesdesanluis.com\/index.php\/2024\/10\/27\/tiempo-de-internas-y-rupturas\/#breadcrumb\",\"itemListElement\":[{\"@type\":\"ListItem\",\"position\":1,\"name\":\"Inicio\",\"item\":\"https:\/\/apuntesdesanluis.com\/\"},{\"@type\":\"ListItem\",\"position\":2,\"name\":\"TIEMPO DE INTERNAS Y RUPTURAS\"}]},{\"@type\":\"WebSite\",\"@id\":\"https:\/\/apuntesdesanluis.com\/#website\",\"url\":\"https:\/\/apuntesdesanluis.com\/\",\"name\":\"Apuntes de San Luis\",\"description\":\"\",\"publisher\":{\"@id\":\"https:\/\/apuntesdesanluis.com\/#\/schema\/person\/b55151d52296fcce64d1a72538a70b90\"},\"potentialAction\":[{\"@type\":\"SearchAction\",\"target\":{\"@type\":\"EntryPoint\",\"urlTemplate\":\"https:\/\/apuntesdesanluis.com\/?s={search_term_string}\"},\"query-input\":{\"@type\":\"PropertyValueSpecification\",\"valueRequired\":true,\"valueName\":\"search_term_string\"}}],\"inLanguage\":\"es-AR\"},{\"@type\":[\"Person\",\"Organization\"],\"@id\":\"https:\/\/apuntesdesanluis.com\/#\/schema\/person\/b55151d52296fcce64d1a72538a70b90\",\"name\":\"apuntesdesanluis.com\",\"image\":{\"@type\":\"ImageObject\",\"inLanguage\":\"es-AR\",\"@id\":\"https:\/\/apuntesdesanluis.com\/#\/schema\/person\/image\/\",\"url\":\"https:\/\/apuntesdesanluis.com\/wp-content\/uploads\/2023\/07\/cropped-apuntesdesanluis.png\",\"contentUrl\":\"https:\/\/apuntesdesanluis.com\/wp-content\/uploads\/2023\/07\/cropped-apuntesdesanluis.png\",\"width\":450,\"height\":112,\"caption\":\"apuntesdesanluis.com\"},\"logo\":{\"@id\":\"https:\/\/apuntesdesanluis.com\/#\/schema\/person\/image\/\"},\"sameAs\":[\"https:\/\/apuntesdesanluis.com\"],\"url\":\"https:\/\/apuntesdesanluis.com\/index.php\/author\/apuntesdesanluis-com\/\"}]}<\/script>\n<!-- \/ Yoast SEO plugin. -->","yoast_head_json":{"title":"TIEMPO DE INTERNAS Y RUPTURAS - Apuntes de San Luis","robots":{"index":"index","follow":"follow","max-snippet":"max-snippet:-1","max-image-preview":"max-image-preview:large","max-video-preview":"max-video-preview:-1"},"canonical":"https:\/\/apuntesdesanluis.com\/index.php\/2024\/10\/27\/tiempo-de-internas-y-rupturas\/","og_locale":"es_ES","og_type":"article","og_title":"TIEMPO DE INTERNAS Y RUPTURAS - Apuntes de San Luis","og_description":"Por Hugo Haime * Mientras Milei retoma fuertemente la iniciativa pol\u00edtica, los partidos de oposici\u00f3n...","og_url":"https:\/\/apuntesdesanluis.com\/index.php\/2024\/10\/27\/tiempo-de-internas-y-rupturas\/","og_site_name":"Apuntes de San Luis","article_published_time":"2024-10-27T14:38:43+00:00","og_image":[{"width":811,"height":438,"url":"https:\/\/apuntesdesanluis.com\/wp-content\/uploads\/2024\/10\/CRISTINA-MILEI-MACRI.png","type":"image\/png"}],"author":"apuntesdesanluis.com","twitter_card":"summary_large_image","twitter_misc":{"Escrito por":"apuntesdesanluis.com","Tiempo de lectura":"4 minutos"},"schema":{"@context":"https:\/\/schema.org","@graph":[{"@type":"Article","@id":"https:\/\/apuntesdesanluis.com\/index.php\/2024\/10\/27\/tiempo-de-internas-y-rupturas\/#article","isPartOf":{"@id":"https:\/\/apuntesdesanluis.com\/index.php\/2024\/10\/27\/tiempo-de-internas-y-rupturas\/"},"author":{"name":"apuntesdesanluis.com","@id":"https:\/\/apuntesdesanluis.com\/#\/schema\/person\/b55151d52296fcce64d1a72538a70b90"},"headline":"TIEMPO DE INTERNAS Y RUPTURAS","datePublished":"2024-10-27T14:38:43+00:00","mainEntityOfPage":{"@id":"https:\/\/apuntesdesanluis.com\/index.php\/2024\/10\/27\/tiempo-de-internas-y-rupturas\/"},"wordCount":643,"publisher":{"@id":"https:\/\/apuntesdesanluis.com\/#\/schema\/person\/b55151d52296fcce64d1a72538a70b90"},"image":{"@id":"https:\/\/apuntesdesanluis.com\/index.php\/2024\/10\/27\/tiempo-de-internas-y-rupturas\/#primaryimage"},"thumbnailUrl":"https:\/\/apuntesdesanluis.com\/wp-content\/uploads\/2024\/10\/CRISTINA-MILEI-MACRI.png","articleSection":["Opini\u00f3n"],"inLanguage":"es-AR"},{"@type":"WebPage","@id":"https:\/\/apuntesdesanluis.com\/index.php\/2024\/10\/27\/tiempo-de-internas-y-rupturas\/","url":"https:\/\/apuntesdesanluis.com\/index.php\/2024\/10\/27\/tiempo-de-internas-y-rupturas\/","name":"TIEMPO DE INTERNAS Y RUPTURAS - Apuntes de San Luis","isPartOf":{"@id":"https:\/\/apuntesdesanluis.com\/#website"},"primaryImageOfPage":{"@id":"https:\/\/apuntesdesanluis.com\/index.php\/2024\/10\/27\/tiempo-de-internas-y-rupturas\/#primaryimage"},"image":{"@id":"https:\/\/apuntesdesanluis.com\/index.php\/2024\/10\/27\/tiempo-de-internas-y-rupturas\/#primaryimage"},"thumbnailUrl":"https:\/\/apuntesdesanluis.com\/wp-content\/uploads\/2024\/10\/CRISTINA-MILEI-MACRI.png","datePublished":"2024-10-27T14:38:43+00:00","breadcrumb":{"@id":"https:\/\/apuntesdesanluis.com\/index.php\/2024\/10\/27\/tiempo-de-internas-y-rupturas\/#breadcrumb"},"inLanguage":"es-AR","potentialAction":[{"@type":"ReadAction","target":["https:\/\/apuntesdesanluis.com\/index.php\/2024\/10\/27\/tiempo-de-internas-y-rupturas\/"]}]},{"@type":"ImageObject","inLanguage":"es-AR","@id":"https:\/\/apuntesdesanluis.com\/index.php\/2024\/10\/27\/tiempo-de-internas-y-rupturas\/#primaryimage","url":"https:\/\/apuntesdesanluis.com\/wp-content\/uploads\/2024\/10\/CRISTINA-MILEI-MACRI.png","contentUrl":"https:\/\/apuntesdesanluis.com\/wp-content\/uploads\/2024\/10\/CRISTINA-MILEI-MACRI.png","width":811,"height":438},{"@type":"BreadcrumbList","@id":"https:\/\/apuntesdesanluis.com\/index.php\/2024\/10\/27\/tiempo-de-internas-y-rupturas\/#breadcrumb","itemListElement":[{"@type":"ListItem","position":1,"name":"Inicio","item":"https:\/\/apuntesdesanluis.com\/"},{"@type":"ListItem","position":2,"name":"TIEMPO DE INTERNAS Y RUPTURAS"}]},{"@type":"WebSite","@id":"https:\/\/apuntesdesanluis.com\/#website","url":"https:\/\/apuntesdesanluis.com\/","name":"Apuntes de San Luis","description":"","publisher":{"@id":"https:\/\/apuntesdesanluis.com\/#\/schema\/person\/b55151d52296fcce64d1a72538a70b90"},"potentialAction":[{"@type":"SearchAction","target":{"@type":"EntryPoint","urlTemplate":"https:\/\/apuntesdesanluis.com\/?s={search_term_string}"},"query-input":{"@type":"PropertyValueSpecification","valueRequired":true,"valueName":"search_term_string"}}],"inLanguage":"es-AR"},{"@type":["Person","Organization"],"@id":"https:\/\/apuntesdesanluis.com\/#\/schema\/person\/b55151d52296fcce64d1a72538a70b90","name":"apuntesdesanluis.com","image":{"@type":"ImageObject","inLanguage":"es-AR","@id":"https:\/\/apuntesdesanluis.com\/#\/schema\/person\/image\/","url":"https:\/\/apuntesdesanluis.com\/wp-content\/uploads\/2023\/07\/cropped-apuntesdesanluis.png","contentUrl":"https:\/\/apuntesdesanluis.com\/wp-content\/uploads\/2023\/07\/cropped-apuntesdesanluis.png","width":450,"height":112,"caption":"apuntesdesanluis.com"},"logo":{"@id":"https:\/\/apuntesdesanluis.com\/#\/schema\/person\/image\/"},"sameAs":["https:\/\/apuntesdesanluis.com"],"url":"https:\/\/apuntesdesanluis.com\/index.php\/author\/apuntesdesanluis-com\/"}]}},"featured_image_urls":{"full":["https:\/\/apuntesdesanluis.com\/wp-content\/uploads\/2024\/10\/CRISTINA-MILEI-MACRI.png",811,438,false],"thumbnail":["https:\/\/apuntesdesanluis.com\/wp-content\/uploads\/2024\/10\/CRISTINA-MILEI-MACRI-150x150.png",150,150,true],"medium":["https:\/\/apuntesdesanluis.com\/wp-content\/uploads\/2024\/10\/CRISTINA-MILEI-MACRI-300x162.png",300,162,true],"medium_large":["https:\/\/apuntesdesanluis.com\/wp-content\/uploads\/2024\/10\/CRISTINA-MILEI-MACRI-768x415.png",640,346,true],"large":["https:\/\/apuntesdesanluis.com\/wp-content\/uploads\/2024\/10\/CRISTINA-MILEI-MACRI.png",640,346,false],"1536x1536":["https:\/\/apuntesdesanluis.com\/wp-content\/uploads\/2024\/10\/CRISTINA-MILEI-MACRI.png",811,438,false],"2048x2048":["https:\/\/apuntesdesanluis.com\/wp-content\/uploads\/2024\/10\/CRISTINA-MILEI-MACRI.png",811,438,false],"newsever-slider-full":["https:\/\/apuntesdesanluis.com\/wp-content\/uploads\/2024\/10\/CRISTINA-MILEI-MACRI.png",811,438,false],"newsever-featured":["https:\/\/apuntesdesanluis.com\/wp-content\/uploads\/2024\/10\/CRISTINA-MILEI-MACRI.png",811,438,false],"newsever-medium":["https:\/\/apuntesdesanluis.com\/wp-content\/uploads\/2024\/10\/CRISTINA-MILEI-MACRI-720x438.png",720,438,true]},"author_info":{"display_name":"apuntesdesanluis.com","author_link":"https:\/\/apuntesdesanluis.com\/index.php\/author\/apuntesdesanluis-com\/"},"category_info":"<a href=\"https:\/\/apuntesdesanluis.com\/index.php\/category\/opinion\/\" rel=\"category tag\">Opini\u00f3n<\/a>","tag_info":"Opini\u00f3n","comment_count":"0","_links":{"self":[{"href":"https:\/\/apuntesdesanluis.com\/index.php\/wp-json\/wp\/v2\/posts\/24389","targetHints":{"allow":["GET"]}}],"collection":[{"href":"https:\/\/apuntesdesanluis.com\/index.php\/wp-json\/wp\/v2\/posts"}],"about":[{"href":"https:\/\/apuntesdesanluis.com\/index.php\/wp-json\/wp\/v2\/types\/post"}],"author":[{"embeddable":true,"href":"https:\/\/apuntesdesanluis.com\/index.php\/wp-json\/wp\/v2\/users\/1"}],"replies":[{"embeddable":true,"href":"https:\/\/apuntesdesanluis.com\/index.php\/wp-json\/wp\/v2\/comments?post=24389"}],"version-history":[{"count":1,"href":"https:\/\/apuntesdesanluis.com\/index.php\/wp-json\/wp\/v2\/posts\/24389\/revisions"}],"predecessor-version":[{"id":24392,"href":"https:\/\/apuntesdesanluis.com\/index.php\/wp-json\/wp\/v2\/posts\/24389\/revisions\/24392"}],"wp:featuredmedia":[{"embeddable":true,"href":"https:\/\/apuntesdesanluis.com\/index.php\/wp-json\/wp\/v2\/media\/24391"}],"wp:attachment":[{"href":"https:\/\/apuntesdesanluis.com\/index.php\/wp-json\/wp\/v2\/media?parent=24389"}],"wp:term":[{"taxonomy":"category","embeddable":true,"href":"https:\/\/apuntesdesanluis.com\/index.php\/wp-json\/wp\/v2\/categories?post=24389"},{"taxonomy":"post_tag","embeddable":true,"href":"https:\/\/apuntesdesanluis.com\/index.php\/wp-json\/wp\/v2\/tags?post=24389"}],"curies":[{"name":"wp","href":"https:\/\/api.w.org\/{rel}","templated":true}]}}