{"id":24427,"date":"2024-10-28T10:30:15","date_gmt":"2024-10-28T13:30:15","guid":{"rendered":"https:\/\/apuntesdesanluis.com\/?p=24427"},"modified":"2024-10-28T11:11:34","modified_gmt":"2024-10-28T14:11:34","slug":"el-concejo-tratara-declaracion-de-repudio-a-diputados-nacionales","status":"publish","type":"post","link":"https:\/\/apuntesdesanluis.com\/index.php\/2024\/10\/28\/el-concejo-tratara-declaracion-de-repudio-a-diputados-nacionales\/","title":{"rendered":"EL CONCEJO TRATAR\u00c1 DECLARACI\u00d3N DE REPUDIO A DIPUTADOS NACIONALES"},"content":{"rendered":"<h3>El concejal <strong>Roberto Mones Ruiz<\/strong> (FUJ) present\u00f3 un proyecto de declaraci\u00f3n proponiendo repudiar \u201cenf\u00e1ticamente\u201d la actitud adoptada por los Diputados Nacionales <strong>Karina Bachey, Alberto Arancibia Rodr\u00edguez <\/strong>y <strong>Carlos Gonz\u00e1lez D\u2019Alessandro<\/strong>, por su voto en favor del veto a la Ley de Financiamiento Universitario.<\/h3>\n<h3>Por otro lado, agrega \u201cun profundo rechazo a la elaboraci\u00f3n de listas negras con datos de profesores universitarios que, seg\u00fan las palabras del Diputado Nacional Gonzalez D\u2019alessandro, \u00b4imponen ideolog\u00eda zurda\u00b4 y critican al actual gobierno de Javier Milei, lo que significa una estigmatizaci\u00f3n de docentes y\/o alumnos\u201d.<\/h3>\n<h3>La iniciativa ingres\u00f3 en el orden del d\u00eda de la sesi\u00f3n de ma\u00f1ana y ser\u00e1 tratada sobre tablas, lo cual seguramente generar\u00e1 un \u00e1spero debate entre las bancadas del oficialismo y la oposici\u00f3n.<\/h3>\n<h3>Hace diez d\u00edas el Concejo Deliberante de la ciudad Capital tambi\u00e9n aprob\u00f3 una declaraci\u00f3n de repudio similar, con la particularidad de que el cuerpo legislativo es presidido por <b>Agustina Arancibia<\/b><strong> Rodr\u00edguez<\/strong>, hija del diputado dem\u00f3crata <strong>Alberto Arancibia Rodr\u00edguez<\/strong>, quien siempre vota en apoyo a los libertarios.<\/h3>\n<h3><a href=\"https:\/\/apuntesdesanluis.com\/wp-content\/uploads\/2024\/10\/Proyecto-repudio-a-KARINA-BACHEY-GONZALEZ-DALESANDRO-Y-ARANCIBIA-RODRIGUEZ.pdf\" target=\"_blank\" rel=\"noopener\"><span style=\"color: #3366ff;\"><strong>PROYECTO DE REPUDIO<\/strong><\/span><\/a><\/h3>\n<h3>Por otro lado, el cuerpo tambi\u00e9n tratar\u00e1 el despacho de la Comisi\u00f3n de Interpretaci\u00f3n y Asuntos Legales, en conjunto con otras comisiones, para dictaminar en torno del <strong>pedido del presidente de Quickfood y del Sindicato de Empleados de la Carne<\/strong>, solicitando dejar sin efecto los plazos establecidos por la Ordenanza 693\/2015 para el traslado del frigor\u00edfico, cuya fecha opera en noviembre de 2025.<\/h3>\n<h3>(Ver: <a href=\"https:\/\/apuntesdesanluis.com\/index.php\/2024\/10\/23\/el-sindicato-de-la-carne-apoya-pedido-de-quickfood-para-continuar-en-el-mismo-lugar\/\" target=\"_blank\" rel=\"noopener\"><span style=\"color: #3366ff;\">EL SINDICATO DE LA CARNE APOYA PEDIDO DE QUICKFOOD PARA CONTINUAR EN EL MISMO LUGAR<\/span><\/a>)<\/h3>\n<h3><\/h3>\n<p>&nbsp;<\/p>\n<p>&nbsp;<\/p>\n<p>&nbsp;<\/p>\n<p>&nbsp;<\/p>\n<p>&nbsp;<\/p>\n","protected":false},"excerpt":{"rendered":"<p>El concejal Roberto Mones Ruiz (FUJ) present\u00f3 un proyecto de declaraci\u00f3n proponiendo repudiar \u201cenf\u00e1ticamente\u201d la&#8230;<\/p>\n","protected":false},"author":1,"featured_media":17701,"comment_status":"closed","ping_status":"closed","sticky":false,"template":"","format":"standard","meta":{"footnotes":""},"categories":[6],"tags":[],"class_list":["post-24427","post","type-post","status-publish","format-standard","has-post-thumbnail","hentry","category-ciudad-provincia"],"yoast_head":"<!-- This site is optimized with the Yoast SEO plugin v26.1.1 - https:\/\/yoast.com\/wordpress\/plugins\/seo\/ -->\n<title>EL CONCEJO TRATAR\u00c1 DECLARACI\u00d3N DE REPUDIO A DIPUTADOS NACIONALES - Apuntes de San Luis<\/title>\n<meta name=\"robots\" content=\"index, follow, max-snippet:-1, max-image-preview:large, max-video-preview:-1\" \/>\n<link rel=\"canonical\" href=\"https:\/\/apuntesdesanluis.com\/index.php\/2024\/10\/28\/el-concejo-tratara-declaracion-de-repudio-a-diputados-nacionales\/\" \/>\n<meta property=\"og:locale\" content=\"es_ES\" \/>\n<meta property=\"og:type\" content=\"article\" \/>\n<meta property=\"og:title\" content=\"EL CONCEJO TRATAR\u00c1 DECLARACI\u00d3N DE REPUDIO A DIPUTADOS NACIONALES - Apuntes de San Luis\" \/>\n<meta property=\"og:description\" content=\"El concejal Roberto Mones Ruiz (FUJ) present\u00f3 un proyecto de declaraci\u00f3n proponiendo repudiar \u201cenf\u00e1ticamente\u201d la...\" \/>\n<meta property=\"og:url\" content=\"https:\/\/apuntesdesanluis.com\/index.php\/2024\/10\/28\/el-concejo-tratara-declaracion-de-repudio-a-diputados-nacionales\/\" \/>\n<meta property=\"og:site_name\" content=\"Apuntes de San Luis\" \/>\n<meta property=\"article:published_time\" content=\"2024-10-28T13:30:15+00:00\" \/>\n<meta property=\"article:modified_time\" content=\"2024-10-28T14:11:34+00:00\" \/>\n<meta property=\"og:image\" content=\"https:\/\/apuntesdesanluis.com\/wp-content\/uploads\/2024\/06\/concejal-roberto-mones-ruiz.png\" \/>\n\t<meta property=\"og:image:width\" content=\"725\" \/>\n\t<meta property=\"og:image:height\" content=\"420\" \/>\n\t<meta property=\"og:image:type\" content=\"image\/png\" \/>\n<meta name=\"author\" content=\"apuntesdesanluis.com\" \/>\n<meta name=\"twitter:card\" content=\"summary_large_image\" \/>\n<meta name=\"twitter:label1\" content=\"Escrito por\" \/>\n\t<meta name=\"twitter:data1\" content=\"apuntesdesanluis.com\" \/>\n\t<meta name=\"twitter:label2\" content=\"Tiempo de lectura\" \/>\n\t<meta name=\"twitter:data2\" content=\"2 minutos\" \/>\n<script type=\"application\/ld+json\" class=\"yoast-schema-graph\">{\"@context\":\"https:\/\/schema.org\",\"@graph\":[{\"@type\":\"Article\",\"@id\":\"https:\/\/apuntesdesanluis.com\/index.php\/2024\/10\/28\/el-concejo-tratara-declaracion-de-repudio-a-diputados-nacionales\/#article\",\"isPartOf\":{\"@id\":\"https:\/\/apuntesdesanluis.com\/index.php\/2024\/10\/28\/el-concejo-tratara-declaracion-de-repudio-a-diputados-nacionales\/\"},\"author\":{\"name\":\"apuntesdesanluis.com\",\"@id\":\"https:\/\/apuntesdesanluis.com\/#\/schema\/person\/b55151d52296fcce64d1a72538a70b90\"},\"headline\":\"EL CONCEJO TRATAR\u00c1 DECLARACI\u00d3N DE REPUDIO A DIPUTADOS NACIONALES\",\"datePublished\":\"2024-10-28T13:30:15+00:00\",\"dateModified\":\"2024-10-28T14:11:34+00:00\",\"mainEntityOfPage\":{\"@id\":\"https:\/\/apuntesdesanluis.com\/index.php\/2024\/10\/28\/el-concejo-tratara-declaracion-de-repudio-a-diputados-nacionales\/\"},\"wordCount\":289,\"publisher\":{\"@id\":\"https:\/\/apuntesdesanluis.com\/#\/schema\/person\/b55151d52296fcce64d1a72538a70b90\"},\"image\":{\"@id\":\"https:\/\/apuntesdesanluis.com\/index.php\/2024\/10\/28\/el-concejo-tratara-declaracion-de-repudio-a-diputados-nacionales\/#primaryimage\"},\"thumbnailUrl\":\"https:\/\/apuntesdesanluis.com\/wp-content\/uploads\/2024\/06\/concejal-roberto-mones-ruiz.png\",\"articleSection\":[\"Ciudad\/Provincia\"],\"inLanguage\":\"es-AR\"},{\"@type\":\"WebPage\",\"@id\":\"https:\/\/apuntesdesanluis.com\/index.php\/2024\/10\/28\/el-concejo-tratara-declaracion-de-repudio-a-diputados-nacionales\/\",\"url\":\"https:\/\/apuntesdesanluis.com\/index.php\/2024\/10\/28\/el-concejo-tratara-declaracion-de-repudio-a-diputados-nacionales\/\",\"name\":\"EL CONCEJO TRATAR\u00c1 DECLARACI\u00d3N DE REPUDIO A DIPUTADOS NACIONALES - Apuntes de San Luis\",\"isPartOf\":{\"@id\":\"https:\/\/apuntesdesanluis.com\/#website\"},\"primaryImageOfPage\":{\"@id\":\"https:\/\/apuntesdesanluis.com\/index.php\/2024\/10\/28\/el-concejo-tratara-declaracion-de-repudio-a-diputados-nacionales\/#primaryimage\"},\"image\":{\"@id\":\"https:\/\/apuntesdesanluis.com\/index.php\/2024\/10\/28\/el-concejo-tratara-declaracion-de-repudio-a-diputados-nacionales\/#primaryimage\"},\"thumbnailUrl\":\"https:\/\/apuntesdesanluis.com\/wp-content\/uploads\/2024\/06\/concejal-roberto-mones-ruiz.png\",\"datePublished\":\"2024-10-28T13:30:15+00:00\",\"dateModified\":\"2024-10-28T14:11:34+00:00\",\"breadcrumb\":{\"@id\":\"https:\/\/apuntesdesanluis.com\/index.php\/2024\/10\/28\/el-concejo-tratara-declaracion-de-repudio-a-diputados-nacionales\/#breadcrumb\"},\"inLanguage\":\"es-AR\",\"potentialAction\":[{\"@type\":\"ReadAction\",\"target\":[\"https:\/\/apuntesdesanluis.com\/index.php\/2024\/10\/28\/el-concejo-tratara-declaracion-de-repudio-a-diputados-nacionales\/\"]}]},{\"@type\":\"ImageObject\",\"inLanguage\":\"es-AR\",\"@id\":\"https:\/\/apuntesdesanluis.com\/index.php\/2024\/10\/28\/el-concejo-tratara-declaracion-de-repudio-a-diputados-nacionales\/#primaryimage\",\"url\":\"https:\/\/apuntesdesanluis.com\/wp-content\/uploads\/2024\/06\/concejal-roberto-mones-ruiz.png\",\"contentUrl\":\"https:\/\/apuntesdesanluis.com\/wp-content\/uploads\/2024\/06\/concejal-roberto-mones-ruiz.png\",\"width\":725,\"height\":420},{\"@type\":\"BreadcrumbList\",\"@id\":\"https:\/\/apuntesdesanluis.com\/index.php\/2024\/10\/28\/el-concejo-tratara-declaracion-de-repudio-a-diputados-nacionales\/#breadcrumb\",\"itemListElement\":[{\"@type\":\"ListItem\",\"position\":1,\"name\":\"Inicio\",\"item\":\"https:\/\/apuntesdesanluis.com\/\"},{\"@type\":\"ListItem\",\"position\":2,\"name\":\"EL CONCEJO TRATAR\u00c1 DECLARACI\u00d3N DE REPUDIO A DIPUTADOS NACIONALES\"}]},{\"@type\":\"WebSite\",\"@id\":\"https:\/\/apuntesdesanluis.com\/#website\",\"url\":\"https:\/\/apuntesdesanluis.com\/\",\"name\":\"Apuntes de San Luis\",\"description\":\"\",\"publisher\":{\"@id\":\"https:\/\/apuntesdesanluis.com\/#\/schema\/person\/b55151d52296fcce64d1a72538a70b90\"},\"potentialAction\":[{\"@type\":\"SearchAction\",\"target\":{\"@type\":\"EntryPoint\",\"urlTemplate\":\"https:\/\/apuntesdesanluis.com\/?s={search_term_string}\"},\"query-input\":{\"@type\":\"PropertyValueSpecification\",\"valueRequired\":true,\"valueName\":\"search_term_string\"}}],\"inLanguage\":\"es-AR\"},{\"@type\":[\"Person\",\"Organization\"],\"@id\":\"https:\/\/apuntesdesanluis.com\/#\/schema\/person\/b55151d52296fcce64d1a72538a70b90\",\"name\":\"apuntesdesanluis.com\",\"image\":{\"@type\":\"ImageObject\",\"inLanguage\":\"es-AR\",\"@id\":\"https:\/\/apuntesdesanluis.com\/#\/schema\/person\/image\/\",\"url\":\"https:\/\/apuntesdesanluis.com\/wp-content\/uploads\/2023\/07\/cropped-apuntesdesanluis.png\",\"contentUrl\":\"https:\/\/apuntesdesanluis.com\/wp-content\/uploads\/2023\/07\/cropped-apuntesdesanluis.png\",\"width\":450,\"height\":112,\"caption\":\"apuntesdesanluis.com\"},\"logo\":{\"@id\":\"https:\/\/apuntesdesanluis.com\/#\/schema\/person\/image\/\"},\"sameAs\":[\"https:\/\/apuntesdesanluis.com\"],\"url\":\"https:\/\/apuntesdesanluis.com\/index.php\/author\/apuntesdesanluis-com\/\"}]}<\/script>\n<!-- \/ Yoast SEO plugin. -->","yoast_head_json":{"title":"EL CONCEJO TRATAR\u00c1 DECLARACI\u00d3N DE REPUDIO A DIPUTADOS NACIONALES - Apuntes de San Luis","robots":{"index":"index","follow":"follow","max-snippet":"max-snippet:-1","max-image-preview":"max-image-preview:large","max-video-preview":"max-video-preview:-1"},"canonical":"https:\/\/apuntesdesanluis.com\/index.php\/2024\/10\/28\/el-concejo-tratara-declaracion-de-repudio-a-diputados-nacionales\/","og_locale":"es_ES","og_type":"article","og_title":"EL CONCEJO TRATAR\u00c1 DECLARACI\u00d3N DE REPUDIO A DIPUTADOS NACIONALES - Apuntes de San Luis","og_description":"El concejal Roberto Mones Ruiz (FUJ) present\u00f3 un proyecto de declaraci\u00f3n proponiendo repudiar \u201cenf\u00e1ticamente\u201d la...","og_url":"https:\/\/apuntesdesanluis.com\/index.php\/2024\/10\/28\/el-concejo-tratara-declaracion-de-repudio-a-diputados-nacionales\/","og_site_name":"Apuntes de San Luis","article_published_time":"2024-10-28T13:30:15+00:00","article_modified_time":"2024-10-28T14:11:34+00:00","og_image":[{"width":725,"height":420,"url":"https:\/\/apuntesdesanluis.com\/wp-content\/uploads\/2024\/06\/concejal-roberto-mones-ruiz.png","type":"image\/png"}],"author":"apuntesdesanluis.com","twitter_card":"summary_large_image","twitter_misc":{"Escrito por":"apuntesdesanluis.com","Tiempo de lectura":"2 minutos"},"schema":{"@context":"https:\/\/schema.org","@graph":[{"@type":"Article","@id":"https:\/\/apuntesdesanluis.com\/index.php\/2024\/10\/28\/el-concejo-tratara-declaracion-de-repudio-a-diputados-nacionales\/#article","isPartOf":{"@id":"https:\/\/apuntesdesanluis.com\/index.php\/2024\/10\/28\/el-concejo-tratara-declaracion-de-repudio-a-diputados-nacionales\/"},"author":{"name":"apuntesdesanluis.com","@id":"https:\/\/apuntesdesanluis.com\/#\/schema\/person\/b55151d52296fcce64d1a72538a70b90"},"headline":"EL CONCEJO TRATAR\u00c1 DECLARACI\u00d3N DE REPUDIO A DIPUTADOS NACIONALES","datePublished":"2024-10-28T13:30:15+00:00","dateModified":"2024-10-28T14:11:34+00:00","mainEntityOfPage":{"@id":"https:\/\/apuntesdesanluis.com\/index.php\/2024\/10\/28\/el-concejo-tratara-declaracion-de-repudio-a-diputados-nacionales\/"},"wordCount":289,"publisher":{"@id":"https:\/\/apuntesdesanluis.com\/#\/schema\/person\/b55151d52296fcce64d1a72538a70b90"},"image":{"@id":"https:\/\/apuntesdesanluis.com\/index.php\/2024\/10\/28\/el-concejo-tratara-declaracion-de-repudio-a-diputados-nacionales\/#primaryimage"},"thumbnailUrl":"https:\/\/apuntesdesanluis.com\/wp-content\/uploads\/2024\/06\/concejal-roberto-mones-ruiz.png","articleSection":["Ciudad\/Provincia"],"inLanguage":"es-AR"},{"@type":"WebPage","@id":"https:\/\/apuntesdesanluis.com\/index.php\/2024\/10\/28\/el-concejo-tratara-declaracion-de-repudio-a-diputados-nacionales\/","url":"https:\/\/apuntesdesanluis.com\/index.php\/2024\/10\/28\/el-concejo-tratara-declaracion-de-repudio-a-diputados-nacionales\/","name":"EL CONCEJO TRATAR\u00c1 DECLARACI\u00d3N DE REPUDIO A DIPUTADOS NACIONALES - Apuntes de San Luis","isPartOf":{"@id":"https:\/\/apuntesdesanluis.com\/#website"},"primaryImageOfPage":{"@id":"https:\/\/apuntesdesanluis.com\/index.php\/2024\/10\/28\/el-concejo-tratara-declaracion-de-repudio-a-diputados-nacionales\/#primaryimage"},"image":{"@id":"https:\/\/apuntesdesanluis.com\/index.php\/2024\/10\/28\/el-concejo-tratara-declaracion-de-repudio-a-diputados-nacionales\/#primaryimage"},"thumbnailUrl":"https:\/\/apuntesdesanluis.com\/wp-content\/uploads\/2024\/06\/concejal-roberto-mones-ruiz.png","datePublished":"2024-10-28T13:30:15+00:00","dateModified":"2024-10-28T14:11:34+00:00","breadcrumb":{"@id":"https:\/\/apuntesdesanluis.com\/index.php\/2024\/10\/28\/el-concejo-tratara-declaracion-de-repudio-a-diputados-nacionales\/#breadcrumb"},"inLanguage":"es-AR","potentialAction":[{"@type":"ReadAction","target":["https:\/\/apuntesdesanluis.com\/index.php\/2024\/10\/28\/el-concejo-tratara-declaracion-de-repudio-a-diputados-nacionales\/"]}]},{"@type":"ImageObject","inLanguage":"es-AR","@id":"https:\/\/apuntesdesanluis.com\/index.php\/2024\/10\/28\/el-concejo-tratara-declaracion-de-repudio-a-diputados-nacionales\/#primaryimage","url":"https:\/\/apuntesdesanluis.com\/wp-content\/uploads\/2024\/06\/concejal-roberto-mones-ruiz.png","contentUrl":"https:\/\/apuntesdesanluis.com\/wp-content\/uploads\/2024\/06\/concejal-roberto-mones-ruiz.png","width":725,"height":420},{"@type":"BreadcrumbList","@id":"https:\/\/apuntesdesanluis.com\/index.php\/2024\/10\/28\/el-concejo-tratara-declaracion-de-repudio-a-diputados-nacionales\/#breadcrumb","itemListElement":[{"@type":"ListItem","position":1,"name":"Inicio","item":"https:\/\/apuntesdesanluis.com\/"},{"@type":"ListItem","position":2,"name":"EL CONCEJO TRATAR\u00c1 DECLARACI\u00d3N DE REPUDIO A DIPUTADOS NACIONALES"}]},{"@type":"WebSite","@id":"https:\/\/apuntesdesanluis.com\/#website","url":"https:\/\/apuntesdesanluis.com\/","name":"Apuntes de San Luis","description":"","publisher":{"@id":"https:\/\/apuntesdesanluis.com\/#\/schema\/person\/b55151d52296fcce64d1a72538a70b90"},"potentialAction":[{"@type":"SearchAction","target":{"@type":"EntryPoint","urlTemplate":"https:\/\/apuntesdesanluis.com\/?s={search_term_string}"},"query-input":{"@type":"PropertyValueSpecification","valueRequired":true,"valueName":"search_term_string"}}],"inLanguage":"es-AR"},{"@type":["Person","Organization"],"@id":"https:\/\/apuntesdesanluis.com\/#\/schema\/person\/b55151d52296fcce64d1a72538a70b90","name":"apuntesdesanluis.com","image":{"@type":"ImageObject","inLanguage":"es-AR","@id":"https:\/\/apuntesdesanluis.com\/#\/schema\/person\/image\/","url":"https:\/\/apuntesdesanluis.com\/wp-content\/uploads\/2023\/07\/cropped-apuntesdesanluis.png","contentUrl":"https:\/\/apuntesdesanluis.com\/wp-content\/uploads\/2023\/07\/cropped-apuntesdesanluis.png","width":450,"height":112,"caption":"apuntesdesanluis.com"},"logo":{"@id":"https:\/\/apuntesdesanluis.com\/#\/schema\/person\/image\/"},"sameAs":["https:\/\/apuntesdesanluis.com"],"url":"https:\/\/apuntesdesanluis.com\/index.php\/author\/apuntesdesanluis-com\/"}]}},"featured_image_urls":{"full":["https:\/\/apuntesdesanluis.com\/wp-content\/uploads\/2024\/06\/concejal-roberto-mones-ruiz.png",725,420,false],"thumbnail":["https:\/\/apuntesdesanluis.com\/wp-content\/uploads\/2024\/06\/concejal-roberto-mones-ruiz-150x150.png",150,150,true],"medium":["https:\/\/apuntesdesanluis.com\/wp-content\/uploads\/2024\/06\/concejal-roberto-mones-ruiz-300x174.png",300,174,true],"medium_large":["https:\/\/apuntesdesanluis.com\/wp-content\/uploads\/2024\/06\/concejal-roberto-mones-ruiz.png",640,371,false],"large":["https:\/\/apuntesdesanluis.com\/wp-content\/uploads\/2024\/06\/concejal-roberto-mones-ruiz.png",640,371,false],"1536x1536":["https:\/\/apuntesdesanluis.com\/wp-content\/uploads\/2024\/06\/concejal-roberto-mones-ruiz.png",725,420,false],"2048x2048":["https:\/\/apuntesdesanluis.com\/wp-content\/uploads\/2024\/06\/concejal-roberto-mones-ruiz.png",725,420,false],"newsever-slider-full":["https:\/\/apuntesdesanluis.com\/wp-content\/uploads\/2024\/06\/concejal-roberto-mones-ruiz.png",725,420,false],"newsever-featured":["https:\/\/apuntesdesanluis.com\/wp-content\/uploads\/2024\/06\/concejal-roberto-mones-ruiz.png",725,420,false],"newsever-medium":["https:\/\/apuntesdesanluis.com\/wp-content\/uploads\/2024\/06\/concejal-roberto-mones-ruiz-720x420.png",720,420,true]},"author_info":{"display_name":"apuntesdesanluis.com","author_link":"https:\/\/apuntesdesanluis.com\/index.php\/author\/apuntesdesanluis-com\/"},"category_info":"<a href=\"https:\/\/apuntesdesanluis.com\/index.php\/category\/ciudad-provincia\/\" rel=\"category tag\">Ciudad\/Provincia<\/a>","tag_info":"Ciudad\/Provincia","comment_count":"0","_links":{"self":[{"href":"https:\/\/apuntesdesanluis.com\/index.php\/wp-json\/wp\/v2\/posts\/24427","targetHints":{"allow":["GET"]}}],"collection":[{"href":"https:\/\/apuntesdesanluis.com\/index.php\/wp-json\/wp\/v2\/posts"}],"about":[{"href":"https:\/\/apuntesdesanluis.com\/index.php\/wp-json\/wp\/v2\/types\/post"}],"author":[{"embeddable":true,"href":"https:\/\/apuntesdesanluis.com\/index.php\/wp-json\/wp\/v2\/users\/1"}],"replies":[{"embeddable":true,"href":"https:\/\/apuntesdesanluis.com\/index.php\/wp-json\/wp\/v2\/comments?post=24427"}],"version-history":[{"count":9,"href":"https:\/\/apuntesdesanluis.com\/index.php\/wp-json\/wp\/v2\/posts\/24427\/revisions"}],"predecessor-version":[{"id":24436,"href":"https:\/\/apuntesdesanluis.com\/index.php\/wp-json\/wp\/v2\/posts\/24427\/revisions\/24436"}],"wp:featuredmedia":[{"embeddable":true,"href":"https:\/\/apuntesdesanluis.com\/index.php\/wp-json\/wp\/v2\/media\/17701"}],"wp:attachment":[{"href":"https:\/\/apuntesdesanluis.com\/index.php\/wp-json\/wp\/v2\/media?parent=24427"}],"wp:term":[{"taxonomy":"category","embeddable":true,"href":"https:\/\/apuntesdesanluis.com\/index.php\/wp-json\/wp\/v2\/categories?post=24427"},{"taxonomy":"post_tag","embeddable":true,"href":"https:\/\/apuntesdesanluis.com\/index.php\/wp-json\/wp\/v2\/tags?post=24427"}],"curies":[{"name":"wp","href":"https:\/\/api.w.org\/{rel}","templated":true}]}}