{"id":24442,"date":"2024-10-27T23:22:36","date_gmt":"2024-10-28T02:22:36","guid":{"rendered":"https:\/\/apuntesdesanluis.com\/?p=24442"},"modified":"2024-10-28T12:24:40","modified_gmt":"2024-10-28T15:24:40","slug":"yamandu-orsi-y-alvaro-delgado-disputaran-la-presidencia-de-uruguay-en-segunda-vuelta","status":"publish","type":"post","link":"https:\/\/apuntesdesanluis.com\/index.php\/2024\/10\/27\/yamandu-orsi-y-alvaro-delgado-disputaran-la-presidencia-de-uruguay-en-segunda-vuelta\/","title":{"rendered":"YAMAND\u00da ORSI Y \u00c1LVARO DELGADO DISPUTAR\u00c1N LA PRESIDENCIA DE URUGUAY EN SEGUNDA VUELTA"},"content":{"rendered":"<h3>Ambos ir\u00e1n al balotaje el pr\u00f3ximo 24 de noviembre. Mientras uno es candidato por la izquierda del ex presidente Jos\u00e9 Mujica, el otro representa al actual gobierno de centroderecha.<\/h3>\n<h3>El candidato a presidente por la coalici\u00f3n de izquierda Frente Amplio, <strong>Yamand\u00fa Orsi<\/strong>, gan\u00f3 la primera vuelta electoral en Uruguay con 43,7% de los votos, mientras que <strong>\u00c1lvaro Delgado<\/strong>, por el Partido Nacional, le sigui\u00f3 con 26,9% por el gobernante Partido Nacional, seg\u00fan los resultados parciales de la Corte Electoral, y los expertos consideran incierto el resultado de la segunda vuelta entre ambos.<\/h3>\n<h3>Pese a que Orsi y Delgado representan a los dos grandes bloques que dividen a los votantes uruguayos, en t\u00e9rminos de pol\u00edticas p\u00fablicas esta es \u201cuna confrontaci\u00f3n entre dos proyectos que tienen m\u00e1s en com\u00fan que diferencias\u201d, indic\u00f3 a BBC Mundo el polit\u00f3logo Adolfo Garc\u00e9, profesor de la Facultad de ciencias sociales de la Universidad de la Rep\u00fablica, en Montevideo.<\/h3>\n<h3>\u201cSi muchas democracias del mundo se caracterizan por una competencia pol\u00edtica polarizada y contrastes ideol\u00f3gicos notables, con izquierdas muy de izquierda y derechas muy de derecha, la elecci\u00f3n en Uruguay entre Orsi y Delgado es un balotaje entre dos propuestas muy centristas\u201d, se\u00f1al\u00f3 el experto.<\/h3>\n<h3>Orsi tiene 57 a\u00f1os y Delgado 55. Los dos tienen ascendencia italiana y canaria por lado paterno o materno, mientras que ambos descubrieron su gusto por la pol\u00edtica a la salida de la dictadura militar uruguaya (1973-1985), pero completaron estudios terciarios para trabajar en otras profesiones.<\/h3>\n<h3>Orsi se gradu\u00f3 como docente de Historia, actividad que ejerci\u00f3 en liceos p\u00fablicos secundarios del interior de Uruguay hasta 2005, cuando asumi\u00f3 como secretario general de la Intendencia de Canelones, el departamento uruguayo m\u00e1s poblado despu\u00e9s de Montevideo. Desde 2015 hasta marzo de este a\u00f1o (con una reelecci\u00f3n en 2019) fue intendente del mismo departamento, que limita con la capital y en el cual pas\u00f3 los primeros cinco a\u00f1os de su vida en una zona rural, antes de que sus padres se mudaran a la ciudad de Canelones para trabajar y vivir en un almac\u00e9n.<\/h3>\n<h3>Delgado, por su parte, se gradu\u00f3 de veterinario siguiendo su pasi\u00f3n por la vida rural, hizo un posgrado en gerencia agroindustrial y trabaj\u00f3 como productor rural y certificador de campos y frigor\u00edficos. M\u00e1s tarde, el hoy candidato oficialista tambi\u00e9n se volc\u00f3 a la pol\u00edtica profesional, fue inspector gubernamental de Trabajo, diputado (2005-2015), senador (2015-2020) y secretario de la presidencia del actual mandatario Luis Lacalle Pou hasta el pasado diciembre.<\/h3>\n<h3>En cuanto a las propuestas de gobierno de ambos, tambi\u00e9n tienen semejanzas, ya que, los dos\u00a0 se\u00f1alan como prioridad el combate a la pobreza infantil que afecta al 20% de los ni\u00f1os menores de 6 a\u00f1os, el doble que entre la poblaci\u00f3n general con acciones como la universalizaci\u00f3n de la ense\u00f1anza inicial o el aumento de las escuelas p\u00fablicas de tiempo completo.<\/h3>\n<h3>Ninguno plantea un giro radical para Uruguay, sino m\u00e1s bien cambios graduales que salvaguarden su tradicional estabilidad. Orsi logr\u00f3 altos \u00edndices de aprobaci\u00f3n como intendente de Canelones, mientras Delgado fue elogiado por su desempe\u00f1o durante la pandemia de Covid.<\/h3>\n<h3>Seg\u00fan indic\u00f3 BBC, la llave de la elecci\u00f3n en Uruguay la tendr\u00e1n quienes votaron a otros candidatos que quedaron fuera del duelo final. El tercero m\u00e1s votado, con 16,1%, fue Andr\u00e9s Ojeda, candidato del Partido Colorado, una fuerza pol\u00edtica tradicional que integr\u00f3 el gobierno de Lacalle Pou, por lo cual es probable que la mayor\u00eda de sus votantes opten ahora por Delgado, al igual que los del Partido Independiente (1,7%) y Cabildo Abierto (2,4%) que tambi\u00e9n participaron de la \u201ccoalici\u00f3n multicolor\u201d gobernante.<\/h3>\n<h3>El Frente Amplio, que gobern\u00f3 Uruguay desde 2005 hasta 2020, sum\u00f3 en las \u00faltimas tres elecciones presidenciales varios puntos porcentuales entre la primera y segunda vuelta, por lo que se anticipa un final parejo. Tambi\u00e9n podr\u00eda ser clave lo que hagan quienes el domingo votaron en blanco (2,6%) o a Identidad Soberana, un partido nuevo cr\u00edtico de lo que define como \u201ccasta pol\u00edtica\u201d uruguaya que obtuvo 2,8% de los sufragios.<\/h3>\n<h3>Orsi hizo de la \u201chonestidad\u201d un eslogan de su campa\u00f1a tras varios esc\u00e1ndalos en el gobierno de Lacalle Pou que provocaron renuncias de ministros, mientras Delgado desafi\u00f3 a su rival a llamar \u201cdictadura\u201d al gobierno de Venezuela, algo que el izquierdista finalmente hizo en la campa\u00f1a.<\/h3>\n<h3>A diferencia de lo que ocurri\u00f3 antes de la primera vuelta, para el balotaje habr\u00e1 un debate obligatorio entre los dos candidatos que puede afectar la inclinaci\u00f3n de los votantes y quiz\u00e1s a priori favorezca a Delgado por su experiencia de parlamentario y solvencia en temas de gobierno nacional, dijo Garc\u00e9.<\/h3>\n<p>&nbsp;<\/p>\n<p>&nbsp;<\/p>\n<p>&nbsp;<\/p>\n","protected":false},"excerpt":{"rendered":"<p>Ambos ir\u00e1n al balotaje el pr\u00f3ximo 24 de noviembre. Mientras uno es candidato por la&#8230;<\/p>\n","protected":false},"author":1,"featured_media":24443,"comment_status":"closed","ping_status":"closed","sticky":false,"template":"","format":"standard","meta":{"footnotes":""},"categories":[5],"tags":[],"class_list":["post-24442","post","type-post","status-publish","format-standard","has-post-thumbnail","hentry","category-nacionales-internacionales"],"yoast_head":"<!-- This site is optimized with the Yoast SEO plugin v26.1.1 - https:\/\/yoast.com\/wordpress\/plugins\/seo\/ -->\n<title>YAMAND\u00da ORSI Y \u00c1LVARO DELGADO DISPUTAR\u00c1N LA PRESIDENCIA DE URUGUAY EN SEGUNDA VUELTA - Apuntes de San Luis<\/title>\n<meta name=\"robots\" content=\"index, follow, max-snippet:-1, max-image-preview:large, max-video-preview:-1\" \/>\n<link rel=\"canonical\" href=\"https:\/\/apuntesdesanluis.com\/index.php\/2024\/10\/27\/yamandu-orsi-y-alvaro-delgado-disputaran-la-presidencia-de-uruguay-en-segunda-vuelta\/\" \/>\n<meta property=\"og:locale\" content=\"es_ES\" \/>\n<meta property=\"og:type\" content=\"article\" \/>\n<meta property=\"og:title\" content=\"YAMAND\u00da ORSI Y \u00c1LVARO DELGADO DISPUTAR\u00c1N LA PRESIDENCIA DE URUGUAY EN SEGUNDA VUELTA - Apuntes de San Luis\" \/>\n<meta property=\"og:description\" content=\"Ambos ir\u00e1n al balotaje el pr\u00f3ximo 24 de noviembre. Mientras uno es candidato por la...\" \/>\n<meta property=\"og:url\" content=\"https:\/\/apuntesdesanluis.com\/index.php\/2024\/10\/27\/yamandu-orsi-y-alvaro-delgado-disputaran-la-presidencia-de-uruguay-en-segunda-vuelta\/\" \/>\n<meta property=\"og:site_name\" content=\"Apuntes de San Luis\" \/>\n<meta property=\"article:published_time\" content=\"2024-10-28T02:22:36+00:00\" \/>\n<meta property=\"article:modified_time\" content=\"2024-10-28T15:24:40+00:00\" \/>\n<meta property=\"og:image\" content=\"https:\/\/apuntesdesanluis.com\/wp-content\/uploads\/2024\/10\/yamandru-orsi-y-alvaro-delgado.png\" \/>\n\t<meta property=\"og:image:width\" content=\"843\" \/>\n\t<meta property=\"og:image:height\" content=\"495\" \/>\n\t<meta property=\"og:image:type\" content=\"image\/png\" \/>\n<meta name=\"author\" content=\"apuntesdesanluis.com\" \/>\n<meta name=\"twitter:card\" content=\"summary_large_image\" \/>\n<meta name=\"twitter:label1\" content=\"Escrito por\" \/>\n\t<meta name=\"twitter:data1\" content=\"apuntesdesanluis.com\" \/>\n\t<meta name=\"twitter:label2\" content=\"Tiempo de lectura\" \/>\n\t<meta name=\"twitter:data2\" content=\"4 minutos\" \/>\n<script type=\"application\/ld+json\" class=\"yoast-schema-graph\">{\"@context\":\"https:\/\/schema.org\",\"@graph\":[{\"@type\":\"Article\",\"@id\":\"https:\/\/apuntesdesanluis.com\/index.php\/2024\/10\/27\/yamandu-orsi-y-alvaro-delgado-disputaran-la-presidencia-de-uruguay-en-segunda-vuelta\/#article\",\"isPartOf\":{\"@id\":\"https:\/\/apuntesdesanluis.com\/index.php\/2024\/10\/27\/yamandu-orsi-y-alvaro-delgado-disputaran-la-presidencia-de-uruguay-en-segunda-vuelta\/\"},\"author\":{\"name\":\"apuntesdesanluis.com\",\"@id\":\"https:\/\/apuntesdesanluis.com\/#\/schema\/person\/b55151d52296fcce64d1a72538a70b90\"},\"headline\":\"YAMAND\u00da ORSI Y \u00c1LVARO DELGADO DISPUTAR\u00c1N LA PRESIDENCIA DE URUGUAY EN SEGUNDA VUELTA\",\"datePublished\":\"2024-10-28T02:22:36+00:00\",\"dateModified\":\"2024-10-28T15:24:40+00:00\",\"mainEntityOfPage\":{\"@id\":\"https:\/\/apuntesdesanluis.com\/index.php\/2024\/10\/27\/yamandu-orsi-y-alvaro-delgado-disputaran-la-presidencia-de-uruguay-en-segunda-vuelta\/\"},\"wordCount\":816,\"publisher\":{\"@id\":\"https:\/\/apuntesdesanluis.com\/#\/schema\/person\/b55151d52296fcce64d1a72538a70b90\"},\"image\":{\"@id\":\"https:\/\/apuntesdesanluis.com\/index.php\/2024\/10\/27\/yamandu-orsi-y-alvaro-delgado-disputaran-la-presidencia-de-uruguay-en-segunda-vuelta\/#primaryimage\"},\"thumbnailUrl\":\"https:\/\/apuntesdesanluis.com\/wp-content\/uploads\/2024\/10\/yamandru-orsi-y-alvaro-delgado.png\",\"articleSection\":[\"Nacionales\/Internacionales\"],\"inLanguage\":\"es-AR\"},{\"@type\":\"WebPage\",\"@id\":\"https:\/\/apuntesdesanluis.com\/index.php\/2024\/10\/27\/yamandu-orsi-y-alvaro-delgado-disputaran-la-presidencia-de-uruguay-en-segunda-vuelta\/\",\"url\":\"https:\/\/apuntesdesanluis.com\/index.php\/2024\/10\/27\/yamandu-orsi-y-alvaro-delgado-disputaran-la-presidencia-de-uruguay-en-segunda-vuelta\/\",\"name\":\"YAMAND\u00da ORSI Y \u00c1LVARO DELGADO DISPUTAR\u00c1N LA PRESIDENCIA DE URUGUAY EN SEGUNDA VUELTA - Apuntes de San Luis\",\"isPartOf\":{\"@id\":\"https:\/\/apuntesdesanluis.com\/#website\"},\"primaryImageOfPage\":{\"@id\":\"https:\/\/apuntesdesanluis.com\/index.php\/2024\/10\/27\/yamandu-orsi-y-alvaro-delgado-disputaran-la-presidencia-de-uruguay-en-segunda-vuelta\/#primaryimage\"},\"image\":{\"@id\":\"https:\/\/apuntesdesanluis.com\/index.php\/2024\/10\/27\/yamandu-orsi-y-alvaro-delgado-disputaran-la-presidencia-de-uruguay-en-segunda-vuelta\/#primaryimage\"},\"thumbnailUrl\":\"https:\/\/apuntesdesanluis.com\/wp-content\/uploads\/2024\/10\/yamandru-orsi-y-alvaro-delgado.png\",\"datePublished\":\"2024-10-28T02:22:36+00:00\",\"dateModified\":\"2024-10-28T15:24:40+00:00\",\"breadcrumb\":{\"@id\":\"https:\/\/apuntesdesanluis.com\/index.php\/2024\/10\/27\/yamandu-orsi-y-alvaro-delgado-disputaran-la-presidencia-de-uruguay-en-segunda-vuelta\/#breadcrumb\"},\"inLanguage\":\"es-AR\",\"potentialAction\":[{\"@type\":\"ReadAction\",\"target\":[\"https:\/\/apuntesdesanluis.com\/index.php\/2024\/10\/27\/yamandu-orsi-y-alvaro-delgado-disputaran-la-presidencia-de-uruguay-en-segunda-vuelta\/\"]}]},{\"@type\":\"ImageObject\",\"inLanguage\":\"es-AR\",\"@id\":\"https:\/\/apuntesdesanluis.com\/index.php\/2024\/10\/27\/yamandu-orsi-y-alvaro-delgado-disputaran-la-presidencia-de-uruguay-en-segunda-vuelta\/#primaryimage\",\"url\":\"https:\/\/apuntesdesanluis.com\/wp-content\/uploads\/2024\/10\/yamandru-orsi-y-alvaro-delgado.png\",\"contentUrl\":\"https:\/\/apuntesdesanluis.com\/wp-content\/uploads\/2024\/10\/yamandru-orsi-y-alvaro-delgado.png\",\"width\":843,\"height\":495},{\"@type\":\"BreadcrumbList\",\"@id\":\"https:\/\/apuntesdesanluis.com\/index.php\/2024\/10\/27\/yamandu-orsi-y-alvaro-delgado-disputaran-la-presidencia-de-uruguay-en-segunda-vuelta\/#breadcrumb\",\"itemListElement\":[{\"@type\":\"ListItem\",\"position\":1,\"name\":\"Inicio\",\"item\":\"https:\/\/apuntesdesanluis.com\/\"},{\"@type\":\"ListItem\",\"position\":2,\"name\":\"YAMAND\u00da ORSI Y \u00c1LVARO DELGADO DISPUTAR\u00c1N LA PRESIDENCIA DE URUGUAY EN SEGUNDA VUELTA\"}]},{\"@type\":\"WebSite\",\"@id\":\"https:\/\/apuntesdesanluis.com\/#website\",\"url\":\"https:\/\/apuntesdesanluis.com\/\",\"name\":\"Apuntes de San Luis\",\"description\":\"\",\"publisher\":{\"@id\":\"https:\/\/apuntesdesanluis.com\/#\/schema\/person\/b55151d52296fcce64d1a72538a70b90\"},\"potentialAction\":[{\"@type\":\"SearchAction\",\"target\":{\"@type\":\"EntryPoint\",\"urlTemplate\":\"https:\/\/apuntesdesanluis.com\/?s={search_term_string}\"},\"query-input\":{\"@type\":\"PropertyValueSpecification\",\"valueRequired\":true,\"valueName\":\"search_term_string\"}}],\"inLanguage\":\"es-AR\"},{\"@type\":[\"Person\",\"Organization\"],\"@id\":\"https:\/\/apuntesdesanluis.com\/#\/schema\/person\/b55151d52296fcce64d1a72538a70b90\",\"name\":\"apuntesdesanluis.com\",\"image\":{\"@type\":\"ImageObject\",\"inLanguage\":\"es-AR\",\"@id\":\"https:\/\/apuntesdesanluis.com\/#\/schema\/person\/image\/\",\"url\":\"https:\/\/apuntesdesanluis.com\/wp-content\/uploads\/2023\/07\/cropped-apuntesdesanluis.png\",\"contentUrl\":\"https:\/\/apuntesdesanluis.com\/wp-content\/uploads\/2023\/07\/cropped-apuntesdesanluis.png\",\"width\":450,\"height\":112,\"caption\":\"apuntesdesanluis.com\"},\"logo\":{\"@id\":\"https:\/\/apuntesdesanluis.com\/#\/schema\/person\/image\/\"},\"sameAs\":[\"https:\/\/apuntesdesanluis.com\"],\"url\":\"https:\/\/apuntesdesanluis.com\/index.php\/author\/apuntesdesanluis-com\/\"}]}<\/script>\n<!-- \/ Yoast SEO plugin. -->","yoast_head_json":{"title":"YAMAND\u00da ORSI Y \u00c1LVARO DELGADO DISPUTAR\u00c1N LA PRESIDENCIA DE URUGUAY EN SEGUNDA VUELTA - Apuntes de San Luis","robots":{"index":"index","follow":"follow","max-snippet":"max-snippet:-1","max-image-preview":"max-image-preview:large","max-video-preview":"max-video-preview:-1"},"canonical":"https:\/\/apuntesdesanluis.com\/index.php\/2024\/10\/27\/yamandu-orsi-y-alvaro-delgado-disputaran-la-presidencia-de-uruguay-en-segunda-vuelta\/","og_locale":"es_ES","og_type":"article","og_title":"YAMAND\u00da ORSI Y \u00c1LVARO DELGADO DISPUTAR\u00c1N LA PRESIDENCIA DE URUGUAY EN SEGUNDA VUELTA - Apuntes de San Luis","og_description":"Ambos ir\u00e1n al balotaje el pr\u00f3ximo 24 de noviembre. Mientras uno es candidato por la...","og_url":"https:\/\/apuntesdesanluis.com\/index.php\/2024\/10\/27\/yamandu-orsi-y-alvaro-delgado-disputaran-la-presidencia-de-uruguay-en-segunda-vuelta\/","og_site_name":"Apuntes de San Luis","article_published_time":"2024-10-28T02:22:36+00:00","article_modified_time":"2024-10-28T15:24:40+00:00","og_image":[{"width":843,"height":495,"url":"https:\/\/apuntesdesanluis.com\/wp-content\/uploads\/2024\/10\/yamandru-orsi-y-alvaro-delgado.png","type":"image\/png"}],"author":"apuntesdesanluis.com","twitter_card":"summary_large_image","twitter_misc":{"Escrito por":"apuntesdesanluis.com","Tiempo de lectura":"4 minutos"},"schema":{"@context":"https:\/\/schema.org","@graph":[{"@type":"Article","@id":"https:\/\/apuntesdesanluis.com\/index.php\/2024\/10\/27\/yamandu-orsi-y-alvaro-delgado-disputaran-la-presidencia-de-uruguay-en-segunda-vuelta\/#article","isPartOf":{"@id":"https:\/\/apuntesdesanluis.com\/index.php\/2024\/10\/27\/yamandu-orsi-y-alvaro-delgado-disputaran-la-presidencia-de-uruguay-en-segunda-vuelta\/"},"author":{"name":"apuntesdesanluis.com","@id":"https:\/\/apuntesdesanluis.com\/#\/schema\/person\/b55151d52296fcce64d1a72538a70b90"},"headline":"YAMAND\u00da ORSI Y \u00c1LVARO DELGADO DISPUTAR\u00c1N LA PRESIDENCIA DE URUGUAY EN SEGUNDA VUELTA","datePublished":"2024-10-28T02:22:36+00:00","dateModified":"2024-10-28T15:24:40+00:00","mainEntityOfPage":{"@id":"https:\/\/apuntesdesanluis.com\/index.php\/2024\/10\/27\/yamandu-orsi-y-alvaro-delgado-disputaran-la-presidencia-de-uruguay-en-segunda-vuelta\/"},"wordCount":816,"publisher":{"@id":"https:\/\/apuntesdesanluis.com\/#\/schema\/person\/b55151d52296fcce64d1a72538a70b90"},"image":{"@id":"https:\/\/apuntesdesanluis.com\/index.php\/2024\/10\/27\/yamandu-orsi-y-alvaro-delgado-disputaran-la-presidencia-de-uruguay-en-segunda-vuelta\/#primaryimage"},"thumbnailUrl":"https:\/\/apuntesdesanluis.com\/wp-content\/uploads\/2024\/10\/yamandru-orsi-y-alvaro-delgado.png","articleSection":["Nacionales\/Internacionales"],"inLanguage":"es-AR"},{"@type":"WebPage","@id":"https:\/\/apuntesdesanluis.com\/index.php\/2024\/10\/27\/yamandu-orsi-y-alvaro-delgado-disputaran-la-presidencia-de-uruguay-en-segunda-vuelta\/","url":"https:\/\/apuntesdesanluis.com\/index.php\/2024\/10\/27\/yamandu-orsi-y-alvaro-delgado-disputaran-la-presidencia-de-uruguay-en-segunda-vuelta\/","name":"YAMAND\u00da ORSI Y \u00c1LVARO DELGADO DISPUTAR\u00c1N LA PRESIDENCIA DE URUGUAY EN SEGUNDA VUELTA - Apuntes de San Luis","isPartOf":{"@id":"https:\/\/apuntesdesanluis.com\/#website"},"primaryImageOfPage":{"@id":"https:\/\/apuntesdesanluis.com\/index.php\/2024\/10\/27\/yamandu-orsi-y-alvaro-delgado-disputaran-la-presidencia-de-uruguay-en-segunda-vuelta\/#primaryimage"},"image":{"@id":"https:\/\/apuntesdesanluis.com\/index.php\/2024\/10\/27\/yamandu-orsi-y-alvaro-delgado-disputaran-la-presidencia-de-uruguay-en-segunda-vuelta\/#primaryimage"},"thumbnailUrl":"https:\/\/apuntesdesanluis.com\/wp-content\/uploads\/2024\/10\/yamandru-orsi-y-alvaro-delgado.png","datePublished":"2024-10-28T02:22:36+00:00","dateModified":"2024-10-28T15:24:40+00:00","breadcrumb":{"@id":"https:\/\/apuntesdesanluis.com\/index.php\/2024\/10\/27\/yamandu-orsi-y-alvaro-delgado-disputaran-la-presidencia-de-uruguay-en-segunda-vuelta\/#breadcrumb"},"inLanguage":"es-AR","potentialAction":[{"@type":"ReadAction","target":["https:\/\/apuntesdesanluis.com\/index.php\/2024\/10\/27\/yamandu-orsi-y-alvaro-delgado-disputaran-la-presidencia-de-uruguay-en-segunda-vuelta\/"]}]},{"@type":"ImageObject","inLanguage":"es-AR","@id":"https:\/\/apuntesdesanluis.com\/index.php\/2024\/10\/27\/yamandu-orsi-y-alvaro-delgado-disputaran-la-presidencia-de-uruguay-en-segunda-vuelta\/#primaryimage","url":"https:\/\/apuntesdesanluis.com\/wp-content\/uploads\/2024\/10\/yamandru-orsi-y-alvaro-delgado.png","contentUrl":"https:\/\/apuntesdesanluis.com\/wp-content\/uploads\/2024\/10\/yamandru-orsi-y-alvaro-delgado.png","width":843,"height":495},{"@type":"BreadcrumbList","@id":"https:\/\/apuntesdesanluis.com\/index.php\/2024\/10\/27\/yamandu-orsi-y-alvaro-delgado-disputaran-la-presidencia-de-uruguay-en-segunda-vuelta\/#breadcrumb","itemListElement":[{"@type":"ListItem","position":1,"name":"Inicio","item":"https:\/\/apuntesdesanluis.com\/"},{"@type":"ListItem","position":2,"name":"YAMAND\u00da ORSI Y \u00c1LVARO DELGADO DISPUTAR\u00c1N LA PRESIDENCIA DE URUGUAY EN SEGUNDA VUELTA"}]},{"@type":"WebSite","@id":"https:\/\/apuntesdesanluis.com\/#website","url":"https:\/\/apuntesdesanluis.com\/","name":"Apuntes de San Luis","description":"","publisher":{"@id":"https:\/\/apuntesdesanluis.com\/#\/schema\/person\/b55151d52296fcce64d1a72538a70b90"},"potentialAction":[{"@type":"SearchAction","target":{"@type":"EntryPoint","urlTemplate":"https:\/\/apuntesdesanluis.com\/?s={search_term_string}"},"query-input":{"@type":"PropertyValueSpecification","valueRequired":true,"valueName":"search_term_string"}}],"inLanguage":"es-AR"},{"@type":["Person","Organization"],"@id":"https:\/\/apuntesdesanluis.com\/#\/schema\/person\/b55151d52296fcce64d1a72538a70b90","name":"apuntesdesanluis.com","image":{"@type":"ImageObject","inLanguage":"es-AR","@id":"https:\/\/apuntesdesanluis.com\/#\/schema\/person\/image\/","url":"https:\/\/apuntesdesanluis.com\/wp-content\/uploads\/2023\/07\/cropped-apuntesdesanluis.png","contentUrl":"https:\/\/apuntesdesanluis.com\/wp-content\/uploads\/2023\/07\/cropped-apuntesdesanluis.png","width":450,"height":112,"caption":"apuntesdesanluis.com"},"logo":{"@id":"https:\/\/apuntesdesanluis.com\/#\/schema\/person\/image\/"},"sameAs":["https:\/\/apuntesdesanluis.com"],"url":"https:\/\/apuntesdesanluis.com\/index.php\/author\/apuntesdesanluis-com\/"}]}},"featured_image_urls":{"full":["https:\/\/apuntesdesanluis.com\/wp-content\/uploads\/2024\/10\/yamandru-orsi-y-alvaro-delgado.png",843,495,false],"thumbnail":["https:\/\/apuntesdesanluis.com\/wp-content\/uploads\/2024\/10\/yamandru-orsi-y-alvaro-delgado-150x150.png",150,150,true],"medium":["https:\/\/apuntesdesanluis.com\/wp-content\/uploads\/2024\/10\/yamandru-orsi-y-alvaro-delgado-300x176.png",300,176,true],"medium_large":["https:\/\/apuntesdesanluis.com\/wp-content\/uploads\/2024\/10\/yamandru-orsi-y-alvaro-delgado-768x451.png",640,376,true],"large":["https:\/\/apuntesdesanluis.com\/wp-content\/uploads\/2024\/10\/yamandru-orsi-y-alvaro-delgado.png",640,376,false],"1536x1536":["https:\/\/apuntesdesanluis.com\/wp-content\/uploads\/2024\/10\/yamandru-orsi-y-alvaro-delgado.png",843,495,false],"2048x2048":["https:\/\/apuntesdesanluis.com\/wp-content\/uploads\/2024\/10\/yamandru-orsi-y-alvaro-delgado.png",843,495,false],"newsever-slider-full":["https:\/\/apuntesdesanluis.com\/wp-content\/uploads\/2024\/10\/yamandru-orsi-y-alvaro-delgado.png",843,495,false],"newsever-featured":["https:\/\/apuntesdesanluis.com\/wp-content\/uploads\/2024\/10\/yamandru-orsi-y-alvaro-delgado.png",843,495,false],"newsever-medium":["https:\/\/apuntesdesanluis.com\/wp-content\/uploads\/2024\/10\/yamandru-orsi-y-alvaro-delgado-720x475.png",720,475,true]},"author_info":{"display_name":"apuntesdesanluis.com","author_link":"https:\/\/apuntesdesanluis.com\/index.php\/author\/apuntesdesanluis-com\/"},"category_info":"<a href=\"https:\/\/apuntesdesanluis.com\/index.php\/category\/nacionales-internacionales\/\" rel=\"category tag\">Nacionales\/Internacionales<\/a>","tag_info":"Nacionales\/Internacionales","comment_count":"0","_links":{"self":[{"href":"https:\/\/apuntesdesanluis.com\/index.php\/wp-json\/wp\/v2\/posts\/24442","targetHints":{"allow":["GET"]}}],"collection":[{"href":"https:\/\/apuntesdesanluis.com\/index.php\/wp-json\/wp\/v2\/posts"}],"about":[{"href":"https:\/\/apuntesdesanluis.com\/index.php\/wp-json\/wp\/v2\/types\/post"}],"author":[{"embeddable":true,"href":"https:\/\/apuntesdesanluis.com\/index.php\/wp-json\/wp\/v2\/users\/1"}],"replies":[{"embeddable":true,"href":"https:\/\/apuntesdesanluis.com\/index.php\/wp-json\/wp\/v2\/comments?post=24442"}],"version-history":[{"count":1,"href":"https:\/\/apuntesdesanluis.com\/index.php\/wp-json\/wp\/v2\/posts\/24442\/revisions"}],"predecessor-version":[{"id":24444,"href":"https:\/\/apuntesdesanluis.com\/index.php\/wp-json\/wp\/v2\/posts\/24442\/revisions\/24444"}],"wp:featuredmedia":[{"embeddable":true,"href":"https:\/\/apuntesdesanluis.com\/index.php\/wp-json\/wp\/v2\/media\/24443"}],"wp:attachment":[{"href":"https:\/\/apuntesdesanluis.com\/index.php\/wp-json\/wp\/v2\/media?parent=24442"}],"wp:term":[{"taxonomy":"category","embeddable":true,"href":"https:\/\/apuntesdesanluis.com\/index.php\/wp-json\/wp\/v2\/categories?post=24442"},{"taxonomy":"post_tag","embeddable":true,"href":"https:\/\/apuntesdesanluis.com\/index.php\/wp-json\/wp\/v2\/tags?post=24442"}],"curies":[{"name":"wp","href":"https:\/\/api.w.org\/{rel}","templated":true}]}}