{"id":24460,"date":"2024-10-28T09:38:29","date_gmt":"2024-10-28T12:38:29","guid":{"rendered":"https:\/\/apuntesdesanluis.com\/?p=24460"},"modified":"2024-10-28T19:39:04","modified_gmt":"2024-10-28T22:39:04","slug":"tres-heridos-al-chocar-una-moto-y-una-bicicleta-en-juana-koslay","status":"publish","type":"post","link":"https:\/\/apuntesdesanluis.com\/index.php\/2024\/10\/28\/tres-heridos-al-chocar-una-moto-y-una-bicicleta-en-juana-koslay\/","title":{"rendered":"TRES HERIDOS AL CHOCAR UNA MOTO Y UNA BICICLETA EN JUANA KOSLAY"},"content":{"rendered":"<h3>El accidente se produjo este domingo alrededor de las 20:00, en la avenida Teniente Juan Domingo Per\u00f3n (Camino de la Aguada), a la altura de las escalinatas que conducen al barrio Gobernador Vicente Dupuy, en la ciudad de Juana Koslay.<\/h3>\n<h3>En ese sitio, una bicicleta Siambretta de paseo en la que iba una mujer de 57 a\u00f1os de edad y una moto Guerrero Queen conducida por un joven de 23 a\u00f1os que iba junto a una joven de 22 a\u00f1os de edad colisionaron entre s\u00ed por razones que se tratan de establecer. Ambos rodados circulaban en la misma direcci\u00f3n, de este a oeste.<\/h3>\n<p><img fetchpriority=\"high\" decoding=\"async\" class=\"wp-image-24462 aligncenter\" src=\"https:\/\/apuntesdesanluis.com\/wp-content\/uploads\/2024\/10\/Imagen-de-WhatsApp-2024-10-28-a-las-10.37.52_dade59b7-300x191.jpg\" alt=\"\" width=\"713\" height=\"454\" srcset=\"https:\/\/apuntesdesanluis.com\/wp-content\/uploads\/2024\/10\/Imagen-de-WhatsApp-2024-10-28-a-las-10.37.52_dade59b7-300x191.jpg 300w, https:\/\/apuntesdesanluis.com\/wp-content\/uploads\/2024\/10\/Imagen-de-WhatsApp-2024-10-28-a-las-10.37.52_dade59b7.jpg 554w\" sizes=\"(max-width: 713px) 100vw, 713px\" \/><\/p>\n<h3>Debido a los golpes, la mujer de 57 a\u00f1os fue trasladada en ambulancia al Hospital de Juana Koslay, y luego fue derivada al Hospital Central \u201cDr. Ram\u00f3n Carrillo\u201d, desde donde se inform\u00f3 que ten\u00eda fractura de clav\u00edcula.<\/h3>\n<h3>Mientras que los j\u00f3venes de 23 y 22 a\u00f1os que circulaban en la moto fueron trasladados al Hospital Central \u201cDr. Ram\u00f3n Carrillo\u201d, ya que presentaban fracturas en la mand\u00edbula.<\/h3>\n<p>&nbsp;<\/p>\n<p>&nbsp;<\/p>\n<p>&nbsp;<\/p>\n","protected":false},"excerpt":{"rendered":"<p>El accidente se produjo este domingo alrededor de las 20:00, en la avenida Teniente Juan&#8230;<\/p>\n","protected":false},"author":1,"featured_media":24461,"comment_status":"closed","ping_status":"closed","sticky":false,"template":"","format":"standard","meta":{"footnotes":""},"categories":[6],"tags":[],"class_list":["post-24460","post","type-post","status-publish","format-standard","has-post-thumbnail","hentry","category-ciudad-provincia"],"yoast_head":"<!-- This site is optimized with the Yoast SEO plugin v26.1.1 - https:\/\/yoast.com\/wordpress\/plugins\/seo\/ -->\n<title>TRES HERIDOS AL CHOCAR UNA MOTO Y UNA BICICLETA EN JUANA KOSLAY - Apuntes de San Luis<\/title>\n<meta name=\"robots\" content=\"index, follow, max-snippet:-1, max-image-preview:large, max-video-preview:-1\" \/>\n<link rel=\"canonical\" href=\"https:\/\/apuntesdesanluis.com\/index.php\/2024\/10\/28\/tres-heridos-al-chocar-una-moto-y-una-bicicleta-en-juana-koslay\/\" \/>\n<meta property=\"og:locale\" content=\"es_ES\" \/>\n<meta property=\"og:type\" content=\"article\" \/>\n<meta property=\"og:title\" content=\"TRES HERIDOS AL CHOCAR UNA MOTO Y UNA BICICLETA EN JUANA KOSLAY - Apuntes de San Luis\" \/>\n<meta property=\"og:description\" content=\"El accidente se produjo este domingo alrededor de las 20:00, en la avenida Teniente Juan...\" \/>\n<meta property=\"og:url\" content=\"https:\/\/apuntesdesanluis.com\/index.php\/2024\/10\/28\/tres-heridos-al-chocar-una-moto-y-una-bicicleta-en-juana-koslay\/\" \/>\n<meta property=\"og:site_name\" content=\"Apuntes de San Luis\" \/>\n<meta property=\"article:published_time\" content=\"2024-10-28T12:38:29+00:00\" \/>\n<meta property=\"article:modified_time\" content=\"2024-10-28T22:39:04+00:00\" \/>\n<meta property=\"og:image\" content=\"https:\/\/apuntesdesanluis.com\/wp-content\/uploads\/2024\/10\/Imagen-de-WhatsApp-2024-10-28-a-las-10.37.51_f1309d45.jpg\" \/>\n\t<meta property=\"og:image:width\" content=\"465\" \/>\n\t<meta property=\"og:image:height\" content=\"288\" \/>\n\t<meta property=\"og:image:type\" content=\"image\/jpeg\" \/>\n<meta name=\"author\" content=\"apuntesdesanluis.com\" \/>\n<meta name=\"twitter:card\" content=\"summary_large_image\" \/>\n<meta name=\"twitter:label1\" content=\"Escrito por\" \/>\n\t<meta name=\"twitter:data1\" content=\"apuntesdesanluis.com\" \/>\n\t<meta name=\"twitter:label2\" content=\"Tiempo de lectura\" \/>\n\t<meta name=\"twitter:data2\" content=\"2 minutos\" \/>\n<script type=\"application\/ld+json\" class=\"yoast-schema-graph\">{\"@context\":\"https:\/\/schema.org\",\"@graph\":[{\"@type\":\"Article\",\"@id\":\"https:\/\/apuntesdesanluis.com\/index.php\/2024\/10\/28\/tres-heridos-al-chocar-una-moto-y-una-bicicleta-en-juana-koslay\/#article\",\"isPartOf\":{\"@id\":\"https:\/\/apuntesdesanluis.com\/index.php\/2024\/10\/28\/tres-heridos-al-chocar-una-moto-y-una-bicicleta-en-juana-koslay\/\"},\"author\":{\"name\":\"apuntesdesanluis.com\",\"@id\":\"https:\/\/apuntesdesanluis.com\/#\/schema\/person\/b55151d52296fcce64d1a72538a70b90\"},\"headline\":\"TRES HERIDOS AL CHOCAR UNA MOTO Y UNA BICICLETA EN JUANA KOSLAY\",\"datePublished\":\"2024-10-28T12:38:29+00:00\",\"dateModified\":\"2024-10-28T22:39:04+00:00\",\"mainEntityOfPage\":{\"@id\":\"https:\/\/apuntesdesanluis.com\/index.php\/2024\/10\/28\/tres-heridos-al-chocar-una-moto-y-una-bicicleta-en-juana-koslay\/\"},\"wordCount\":190,\"publisher\":{\"@id\":\"https:\/\/apuntesdesanluis.com\/#\/schema\/person\/b55151d52296fcce64d1a72538a70b90\"},\"image\":{\"@id\":\"https:\/\/apuntesdesanluis.com\/index.php\/2024\/10\/28\/tres-heridos-al-chocar-una-moto-y-una-bicicleta-en-juana-koslay\/#primaryimage\"},\"thumbnailUrl\":\"https:\/\/apuntesdesanluis.com\/wp-content\/uploads\/2024\/10\/Imagen-de-WhatsApp-2024-10-28-a-las-10.37.51_f1309d45.jpg\",\"articleSection\":[\"Ciudad\/Provincia\"],\"inLanguage\":\"es-AR\"},{\"@type\":\"WebPage\",\"@id\":\"https:\/\/apuntesdesanluis.com\/index.php\/2024\/10\/28\/tres-heridos-al-chocar-una-moto-y-una-bicicleta-en-juana-koslay\/\",\"url\":\"https:\/\/apuntesdesanluis.com\/index.php\/2024\/10\/28\/tres-heridos-al-chocar-una-moto-y-una-bicicleta-en-juana-koslay\/\",\"name\":\"TRES HERIDOS AL CHOCAR UNA MOTO Y UNA BICICLETA EN JUANA KOSLAY - Apuntes de San Luis\",\"isPartOf\":{\"@id\":\"https:\/\/apuntesdesanluis.com\/#website\"},\"primaryImageOfPage\":{\"@id\":\"https:\/\/apuntesdesanluis.com\/index.php\/2024\/10\/28\/tres-heridos-al-chocar-una-moto-y-una-bicicleta-en-juana-koslay\/#primaryimage\"},\"image\":{\"@id\":\"https:\/\/apuntesdesanluis.com\/index.php\/2024\/10\/28\/tres-heridos-al-chocar-una-moto-y-una-bicicleta-en-juana-koslay\/#primaryimage\"},\"thumbnailUrl\":\"https:\/\/apuntesdesanluis.com\/wp-content\/uploads\/2024\/10\/Imagen-de-WhatsApp-2024-10-28-a-las-10.37.51_f1309d45.jpg\",\"datePublished\":\"2024-10-28T12:38:29+00:00\",\"dateModified\":\"2024-10-28T22:39:04+00:00\",\"breadcrumb\":{\"@id\":\"https:\/\/apuntesdesanluis.com\/index.php\/2024\/10\/28\/tres-heridos-al-chocar-una-moto-y-una-bicicleta-en-juana-koslay\/#breadcrumb\"},\"inLanguage\":\"es-AR\",\"potentialAction\":[{\"@type\":\"ReadAction\",\"target\":[\"https:\/\/apuntesdesanluis.com\/index.php\/2024\/10\/28\/tres-heridos-al-chocar-una-moto-y-una-bicicleta-en-juana-koslay\/\"]}]},{\"@type\":\"ImageObject\",\"inLanguage\":\"es-AR\",\"@id\":\"https:\/\/apuntesdesanluis.com\/index.php\/2024\/10\/28\/tres-heridos-al-chocar-una-moto-y-una-bicicleta-en-juana-koslay\/#primaryimage\",\"url\":\"https:\/\/apuntesdesanluis.com\/wp-content\/uploads\/2024\/10\/Imagen-de-WhatsApp-2024-10-28-a-las-10.37.51_f1309d45.jpg\",\"contentUrl\":\"https:\/\/apuntesdesanluis.com\/wp-content\/uploads\/2024\/10\/Imagen-de-WhatsApp-2024-10-28-a-las-10.37.51_f1309d45.jpg\",\"width\":465,\"height\":288},{\"@type\":\"BreadcrumbList\",\"@id\":\"https:\/\/apuntesdesanluis.com\/index.php\/2024\/10\/28\/tres-heridos-al-chocar-una-moto-y-una-bicicleta-en-juana-koslay\/#breadcrumb\",\"itemListElement\":[{\"@type\":\"ListItem\",\"position\":1,\"name\":\"Inicio\",\"item\":\"https:\/\/apuntesdesanluis.com\/\"},{\"@type\":\"ListItem\",\"position\":2,\"name\":\"TRES HERIDOS AL CHOCAR UNA MOTO Y UNA BICICLETA EN JUANA KOSLAY\"}]},{\"@type\":\"WebSite\",\"@id\":\"https:\/\/apuntesdesanluis.com\/#website\",\"url\":\"https:\/\/apuntesdesanluis.com\/\",\"name\":\"Apuntes de San Luis\",\"description\":\"\",\"publisher\":{\"@id\":\"https:\/\/apuntesdesanluis.com\/#\/schema\/person\/b55151d52296fcce64d1a72538a70b90\"},\"potentialAction\":[{\"@type\":\"SearchAction\",\"target\":{\"@type\":\"EntryPoint\",\"urlTemplate\":\"https:\/\/apuntesdesanluis.com\/?s={search_term_string}\"},\"query-input\":{\"@type\":\"PropertyValueSpecification\",\"valueRequired\":true,\"valueName\":\"search_term_string\"}}],\"inLanguage\":\"es-AR\"},{\"@type\":[\"Person\",\"Organization\"],\"@id\":\"https:\/\/apuntesdesanluis.com\/#\/schema\/person\/b55151d52296fcce64d1a72538a70b90\",\"name\":\"apuntesdesanluis.com\",\"image\":{\"@type\":\"ImageObject\",\"inLanguage\":\"es-AR\",\"@id\":\"https:\/\/apuntesdesanluis.com\/#\/schema\/person\/image\/\",\"url\":\"https:\/\/apuntesdesanluis.com\/wp-content\/uploads\/2023\/07\/cropped-apuntesdesanluis.png\",\"contentUrl\":\"https:\/\/apuntesdesanluis.com\/wp-content\/uploads\/2023\/07\/cropped-apuntesdesanluis.png\",\"width\":450,\"height\":112,\"caption\":\"apuntesdesanluis.com\"},\"logo\":{\"@id\":\"https:\/\/apuntesdesanluis.com\/#\/schema\/person\/image\/\"},\"sameAs\":[\"https:\/\/apuntesdesanluis.com\"],\"url\":\"https:\/\/apuntesdesanluis.com\/index.php\/author\/apuntesdesanluis-com\/\"}]}<\/script>\n<!-- \/ Yoast SEO plugin. -->","yoast_head_json":{"title":"TRES HERIDOS AL CHOCAR UNA MOTO Y UNA BICICLETA EN JUANA KOSLAY - Apuntes de San Luis","robots":{"index":"index","follow":"follow","max-snippet":"max-snippet:-1","max-image-preview":"max-image-preview:large","max-video-preview":"max-video-preview:-1"},"canonical":"https:\/\/apuntesdesanluis.com\/index.php\/2024\/10\/28\/tres-heridos-al-chocar-una-moto-y-una-bicicleta-en-juana-koslay\/","og_locale":"es_ES","og_type":"article","og_title":"TRES HERIDOS AL CHOCAR UNA MOTO Y UNA BICICLETA EN JUANA KOSLAY - Apuntes de San Luis","og_description":"El accidente se produjo este domingo alrededor de las 20:00, en la avenida Teniente Juan...","og_url":"https:\/\/apuntesdesanluis.com\/index.php\/2024\/10\/28\/tres-heridos-al-chocar-una-moto-y-una-bicicleta-en-juana-koslay\/","og_site_name":"Apuntes de San Luis","article_published_time":"2024-10-28T12:38:29+00:00","article_modified_time":"2024-10-28T22:39:04+00:00","og_image":[{"width":465,"height":288,"url":"https:\/\/apuntesdesanluis.com\/wp-content\/uploads\/2024\/10\/Imagen-de-WhatsApp-2024-10-28-a-las-10.37.51_f1309d45.jpg","type":"image\/jpeg"}],"author":"apuntesdesanluis.com","twitter_card":"summary_large_image","twitter_misc":{"Escrito por":"apuntesdesanluis.com","Tiempo de lectura":"2 minutos"},"schema":{"@context":"https:\/\/schema.org","@graph":[{"@type":"Article","@id":"https:\/\/apuntesdesanluis.com\/index.php\/2024\/10\/28\/tres-heridos-al-chocar-una-moto-y-una-bicicleta-en-juana-koslay\/#article","isPartOf":{"@id":"https:\/\/apuntesdesanluis.com\/index.php\/2024\/10\/28\/tres-heridos-al-chocar-una-moto-y-una-bicicleta-en-juana-koslay\/"},"author":{"name":"apuntesdesanluis.com","@id":"https:\/\/apuntesdesanluis.com\/#\/schema\/person\/b55151d52296fcce64d1a72538a70b90"},"headline":"TRES HERIDOS AL CHOCAR UNA MOTO Y UNA BICICLETA EN JUANA KOSLAY","datePublished":"2024-10-28T12:38:29+00:00","dateModified":"2024-10-28T22:39:04+00:00","mainEntityOfPage":{"@id":"https:\/\/apuntesdesanluis.com\/index.php\/2024\/10\/28\/tres-heridos-al-chocar-una-moto-y-una-bicicleta-en-juana-koslay\/"},"wordCount":190,"publisher":{"@id":"https:\/\/apuntesdesanluis.com\/#\/schema\/person\/b55151d52296fcce64d1a72538a70b90"},"image":{"@id":"https:\/\/apuntesdesanluis.com\/index.php\/2024\/10\/28\/tres-heridos-al-chocar-una-moto-y-una-bicicleta-en-juana-koslay\/#primaryimage"},"thumbnailUrl":"https:\/\/apuntesdesanluis.com\/wp-content\/uploads\/2024\/10\/Imagen-de-WhatsApp-2024-10-28-a-las-10.37.51_f1309d45.jpg","articleSection":["Ciudad\/Provincia"],"inLanguage":"es-AR"},{"@type":"WebPage","@id":"https:\/\/apuntesdesanluis.com\/index.php\/2024\/10\/28\/tres-heridos-al-chocar-una-moto-y-una-bicicleta-en-juana-koslay\/","url":"https:\/\/apuntesdesanluis.com\/index.php\/2024\/10\/28\/tres-heridos-al-chocar-una-moto-y-una-bicicleta-en-juana-koslay\/","name":"TRES HERIDOS AL CHOCAR UNA MOTO Y UNA BICICLETA EN JUANA KOSLAY - Apuntes de San Luis","isPartOf":{"@id":"https:\/\/apuntesdesanluis.com\/#website"},"primaryImageOfPage":{"@id":"https:\/\/apuntesdesanluis.com\/index.php\/2024\/10\/28\/tres-heridos-al-chocar-una-moto-y-una-bicicleta-en-juana-koslay\/#primaryimage"},"image":{"@id":"https:\/\/apuntesdesanluis.com\/index.php\/2024\/10\/28\/tres-heridos-al-chocar-una-moto-y-una-bicicleta-en-juana-koslay\/#primaryimage"},"thumbnailUrl":"https:\/\/apuntesdesanluis.com\/wp-content\/uploads\/2024\/10\/Imagen-de-WhatsApp-2024-10-28-a-las-10.37.51_f1309d45.jpg","datePublished":"2024-10-28T12:38:29+00:00","dateModified":"2024-10-28T22:39:04+00:00","breadcrumb":{"@id":"https:\/\/apuntesdesanluis.com\/index.php\/2024\/10\/28\/tres-heridos-al-chocar-una-moto-y-una-bicicleta-en-juana-koslay\/#breadcrumb"},"inLanguage":"es-AR","potentialAction":[{"@type":"ReadAction","target":["https:\/\/apuntesdesanluis.com\/index.php\/2024\/10\/28\/tres-heridos-al-chocar-una-moto-y-una-bicicleta-en-juana-koslay\/"]}]},{"@type":"ImageObject","inLanguage":"es-AR","@id":"https:\/\/apuntesdesanluis.com\/index.php\/2024\/10\/28\/tres-heridos-al-chocar-una-moto-y-una-bicicleta-en-juana-koslay\/#primaryimage","url":"https:\/\/apuntesdesanluis.com\/wp-content\/uploads\/2024\/10\/Imagen-de-WhatsApp-2024-10-28-a-las-10.37.51_f1309d45.jpg","contentUrl":"https:\/\/apuntesdesanluis.com\/wp-content\/uploads\/2024\/10\/Imagen-de-WhatsApp-2024-10-28-a-las-10.37.51_f1309d45.jpg","width":465,"height":288},{"@type":"BreadcrumbList","@id":"https:\/\/apuntesdesanluis.com\/index.php\/2024\/10\/28\/tres-heridos-al-chocar-una-moto-y-una-bicicleta-en-juana-koslay\/#breadcrumb","itemListElement":[{"@type":"ListItem","position":1,"name":"Inicio","item":"https:\/\/apuntesdesanluis.com\/"},{"@type":"ListItem","position":2,"name":"TRES HERIDOS AL CHOCAR UNA MOTO Y UNA BICICLETA EN JUANA KOSLAY"}]},{"@type":"WebSite","@id":"https:\/\/apuntesdesanluis.com\/#website","url":"https:\/\/apuntesdesanluis.com\/","name":"Apuntes de San Luis","description":"","publisher":{"@id":"https:\/\/apuntesdesanluis.com\/#\/schema\/person\/b55151d52296fcce64d1a72538a70b90"},"potentialAction":[{"@type":"SearchAction","target":{"@type":"EntryPoint","urlTemplate":"https:\/\/apuntesdesanluis.com\/?s={search_term_string}"},"query-input":{"@type":"PropertyValueSpecification","valueRequired":true,"valueName":"search_term_string"}}],"inLanguage":"es-AR"},{"@type":["Person","Organization"],"@id":"https:\/\/apuntesdesanluis.com\/#\/schema\/person\/b55151d52296fcce64d1a72538a70b90","name":"apuntesdesanluis.com","image":{"@type":"ImageObject","inLanguage":"es-AR","@id":"https:\/\/apuntesdesanluis.com\/#\/schema\/person\/image\/","url":"https:\/\/apuntesdesanluis.com\/wp-content\/uploads\/2023\/07\/cropped-apuntesdesanluis.png","contentUrl":"https:\/\/apuntesdesanluis.com\/wp-content\/uploads\/2023\/07\/cropped-apuntesdesanluis.png","width":450,"height":112,"caption":"apuntesdesanluis.com"},"logo":{"@id":"https:\/\/apuntesdesanluis.com\/#\/schema\/person\/image\/"},"sameAs":["https:\/\/apuntesdesanluis.com"],"url":"https:\/\/apuntesdesanluis.com\/index.php\/author\/apuntesdesanluis-com\/"}]}},"featured_image_urls":{"full":["https:\/\/apuntesdesanluis.com\/wp-content\/uploads\/2024\/10\/Imagen-de-WhatsApp-2024-10-28-a-las-10.37.51_f1309d45.jpg",465,288,false],"thumbnail":["https:\/\/apuntesdesanluis.com\/wp-content\/uploads\/2024\/10\/Imagen-de-WhatsApp-2024-10-28-a-las-10.37.51_f1309d45-150x150.jpg",150,150,true],"medium":["https:\/\/apuntesdesanluis.com\/wp-content\/uploads\/2024\/10\/Imagen-de-WhatsApp-2024-10-28-a-las-10.37.51_f1309d45-300x186.jpg",300,186,true],"medium_large":["https:\/\/apuntesdesanluis.com\/wp-content\/uploads\/2024\/10\/Imagen-de-WhatsApp-2024-10-28-a-las-10.37.51_f1309d45.jpg",465,288,false],"large":["https:\/\/apuntesdesanluis.com\/wp-content\/uploads\/2024\/10\/Imagen-de-WhatsApp-2024-10-28-a-las-10.37.51_f1309d45.jpg",465,288,false],"1536x1536":["https:\/\/apuntesdesanluis.com\/wp-content\/uploads\/2024\/10\/Imagen-de-WhatsApp-2024-10-28-a-las-10.37.51_f1309d45.jpg",465,288,false],"2048x2048":["https:\/\/apuntesdesanluis.com\/wp-content\/uploads\/2024\/10\/Imagen-de-WhatsApp-2024-10-28-a-las-10.37.51_f1309d45.jpg",465,288,false],"newsever-slider-full":["https:\/\/apuntesdesanluis.com\/wp-content\/uploads\/2024\/10\/Imagen-de-WhatsApp-2024-10-28-a-las-10.37.51_f1309d45.jpg",465,288,false],"newsever-featured":["https:\/\/apuntesdesanluis.com\/wp-content\/uploads\/2024\/10\/Imagen-de-WhatsApp-2024-10-28-a-las-10.37.51_f1309d45.jpg",465,288,false],"newsever-medium":["https:\/\/apuntesdesanluis.com\/wp-content\/uploads\/2024\/10\/Imagen-de-WhatsApp-2024-10-28-a-las-10.37.51_f1309d45.jpg",465,288,false]},"author_info":{"display_name":"apuntesdesanluis.com","author_link":"https:\/\/apuntesdesanluis.com\/index.php\/author\/apuntesdesanluis-com\/"},"category_info":"<a href=\"https:\/\/apuntesdesanluis.com\/index.php\/category\/ciudad-provincia\/\" rel=\"category tag\">Ciudad\/Provincia<\/a>","tag_info":"Ciudad\/Provincia","comment_count":"0","_links":{"self":[{"href":"https:\/\/apuntesdesanluis.com\/index.php\/wp-json\/wp\/v2\/posts\/24460","targetHints":{"allow":["GET"]}}],"collection":[{"href":"https:\/\/apuntesdesanluis.com\/index.php\/wp-json\/wp\/v2\/posts"}],"about":[{"href":"https:\/\/apuntesdesanluis.com\/index.php\/wp-json\/wp\/v2\/types\/post"}],"author":[{"embeddable":true,"href":"https:\/\/apuntesdesanluis.com\/index.php\/wp-json\/wp\/v2\/users\/1"}],"replies":[{"embeddable":true,"href":"https:\/\/apuntesdesanluis.com\/index.php\/wp-json\/wp\/v2\/comments?post=24460"}],"version-history":[{"count":1,"href":"https:\/\/apuntesdesanluis.com\/index.php\/wp-json\/wp\/v2\/posts\/24460\/revisions"}],"predecessor-version":[{"id":24463,"href":"https:\/\/apuntesdesanluis.com\/index.php\/wp-json\/wp\/v2\/posts\/24460\/revisions\/24463"}],"wp:featuredmedia":[{"embeddable":true,"href":"https:\/\/apuntesdesanluis.com\/index.php\/wp-json\/wp\/v2\/media\/24461"}],"wp:attachment":[{"href":"https:\/\/apuntesdesanluis.com\/index.php\/wp-json\/wp\/v2\/media?parent=24460"}],"wp:term":[{"taxonomy":"category","embeddable":true,"href":"https:\/\/apuntesdesanluis.com\/index.php\/wp-json\/wp\/v2\/categories?post=24460"},{"taxonomy":"post_tag","embeddable":true,"href":"https:\/\/apuntesdesanluis.com\/index.php\/wp-json\/wp\/v2\/tags?post=24460"}],"curies":[{"name":"wp","href":"https:\/\/api.w.org\/{rel}","templated":true}]}}