{"id":24464,"date":"2024-10-28T19:53:15","date_gmt":"2024-10-28T22:53:15","guid":{"rendered":"https:\/\/apuntesdesanluis.com\/?p=24464"},"modified":"2024-10-28T19:53:15","modified_gmt":"2024-10-28T22:53:15","slug":"sedronar-y-provincia-firmaron-convenio-para-fortalecer-abordaje-de-las-adicciones","status":"publish","type":"post","link":"https:\/\/apuntesdesanluis.com\/index.php\/2024\/10\/28\/sedronar-y-provincia-firmaron-convenio-para-fortalecer-abordaje-de-las-adicciones\/","title":{"rendered":"SEDRONAR Y PROVINCIA FIRMARON CONVENIO PARA FORTALECER ABORDAJE DE LAS ADICCIONES"},"content":{"rendered":"<h3>El acuerdo fue rubricado por el gobernador <strong>Claudio Poggi<\/strong> y el secretario de Pol\u00edticas Integrales sobre Drogas de la Naci\u00f3n Argentina (Sedronar), <strong>Roberto Moro<\/strong>. \u201cCuando el problema existe tenemos que asistir y ayudar a recuperar. Y previo a eso todos podemos ser preventores, todo el Gobierno est\u00e1 alineado en la prevenci\u00f3n\u201d, afirm\u00f3 Poggi.<\/h3>\n<h3>El acuerdo prev\u00e9 desarrollar acciones conjuntas en la prevenci\u00f3n y asistencia de adicciones. La r\u00fabrica coincidi\u00f3 con la celebraci\u00f3n de los primeros cinco meses de funcionamiento del Centro de Prevenci\u00f3n y Asistencia de las Adicciones (CPAA).<\/h3>\n<h3>El convenio busca coordinar esfuerzos para brindar cuidados, prevenci\u00f3n y contenci\u00f3n en materia de consumo problem\u00e1tico de sustancias psicoactivas a quienes atraviesan esta enfermedad, as\u00ed como herramientas de integraci\u00f3n laboral y capacitaci\u00f3n en oficios.<\/h3>\n<h3>El acto se realiz\u00f3 este lunes en el CPAA, en la avenida Lafinur casi Jun\u00edn. Participaron personal de dicho centro, pacientes, familiares y autoridades de los poderes Legislativo y Ejecutivo, entre ellas, la ministra de Salud, Teresa Nigra, y el director Provincial de Prevenci\u00f3n y Asistencia de Adicciones, Dar\u00edo Pantano.<\/h3>\n<h3>Antes del cierre, se vivi\u00f3 el momento m\u00e1s emotivo, en el que pacientes del CPAA recibieron, entre aplausos, felicitaciones y c\u00e1lidos abrazos, su certificado del alta, tras haber realizado el tratamiento por alguna adicci\u00f3n.<\/h3>\n<h3>El Gobernador consider\u00f3 esta firma como un paso importante en el combate integral de la droga como problema social. Dijo, adem\u00e1s, que es parte de un trabajo interministerial, que incluye otras decisiones, tales como el arribo de Gendarmer\u00eda Nacional y la realizaci\u00f3n de ex\u00e1menes toxicol\u00f3gicos a funcionarios p\u00fablicos.<\/h3>\n<p><iframe title=\"Claudio Poggi en Centro de Prevenci\u00f3n y Asistencia a las Adicciones CPAA\" width=\"640\" height=\"360\" src=\"https:\/\/www.youtube.com\/embed\/k2de2Xkc83Y?feature=oembed\" frameborder=\"0\" allow=\"accelerometer; autoplay; clipboard-write; encrypted-media; gyroscope; picture-in-picture; web-share\" referrerpolicy=\"strict-origin-when-cross-origin\" allowfullscreen><\/iframe><\/p>\n<h3>\u201cPara nosotros es un orgullo estar en San Luis, donde hay un Gobierno provincial que ha tomado la decisi\u00f3n de afrontar este problema, de trabajarlo con seriedad desde el ministerio de Salud, de Seguridad. El CPAA es un espacio que dignifica a los trabajadores de este lugar y a las personas que est\u00e1n con esta enfermedad, con el consumo que tienen. Yo siempre me pregunto cuando llego a un espacio terap\u00e9utico si yo enviar\u00eda a mi hijo a ese lugar. Yo s\u00ed enviar\u00eda a mi hijo a este espacio porque es un hermoso \u00e1mbito que tiene todo lo que deber\u00eda para atender a las personas que hoy est\u00e1n en consumo\u201d, afirm\u00f3 Moro.<\/h3>\n<h3>Sum\u00f3 que trabajar\u00e1n con el ministerio de Educaci\u00f3n para llevar adelante programas preventivos, educativos, en el deporte. De cara a 2025, quieren fortalecer las acciones con municipios y las organizaciones de la sociedad civil.<\/h3>\n<h3>Antes de dar un breve discurso, el Primer Mandatario le cedi\u00f3 la palabra a Pantano, quien se mostr\u00f3 visiblemente emocionado. \u201cHoy se conmemoran cinco meses del CPAA. Y me emociono porque realmente ha sido mucho trabajo. El Gobernador fue muy clarito. Dijo, \u2018yo te doy este espacio, pero hay que trabajarlo\u2019. Y nosotros aceptamos la apuesta. La sociedad ha respondido como lo esper\u00e1bamos. Hemos triplicado la demanda, estamos ofreciendo tratamiento a toda la provincia y realmente la gente viene a buscarnos, no hay que ir a buscarla, viene ac\u00e1 porque entiende que le damos la atenci\u00f3n que se merece\u201d, expres\u00f3 el director del CPAA, quien agradeci\u00f3 y destac\u00f3 la vocaci\u00f3n de servicio de los trabajadores para abordar una enfermedad de la que nadie est\u00e1 exento, que se puede presentar entre amigos, familiares, compa\u00f1eros.<\/h3>\n<p>&nbsp;<\/p>\n<p>&nbsp;<\/p>\n<p>&nbsp;<\/p>\n","protected":false},"excerpt":{"rendered":"<p>El acuerdo fue rubricado por el gobernador Claudio Poggi y el secretario de Pol\u00edticas Integrales&#8230;<\/p>\n","protected":false},"author":1,"featured_media":24465,"comment_status":"closed","ping_status":"closed","sticky":false,"template":"","format":"standard","meta":{"footnotes":""},"categories":[6],"tags":[],"class_list":["post-24464","post","type-post","status-publish","format-standard","has-post-thumbnail","hentry","category-ciudad-provincia"],"yoast_head":"<!-- This site is optimized with the Yoast SEO plugin v26.1.1 - https:\/\/yoast.com\/wordpress\/plugins\/seo\/ -->\n<title>SEDRONAR Y PROVINCIA FIRMARON CONVENIO PARA FORTALECER ABORDAJE DE LAS ADICCIONES - Apuntes de San Luis<\/title>\n<meta name=\"robots\" content=\"index, follow, max-snippet:-1, max-image-preview:large, max-video-preview:-1\" \/>\n<link rel=\"canonical\" href=\"https:\/\/apuntesdesanluis.com\/index.php\/2024\/10\/28\/sedronar-y-provincia-firmaron-convenio-para-fortalecer-abordaje-de-las-adicciones\/\" \/>\n<meta property=\"og:locale\" content=\"es_ES\" \/>\n<meta property=\"og:type\" content=\"article\" \/>\n<meta property=\"og:title\" content=\"SEDRONAR Y PROVINCIA FIRMARON CONVENIO PARA FORTALECER ABORDAJE DE LAS ADICCIONES - Apuntes de San Luis\" \/>\n<meta property=\"og:description\" content=\"El acuerdo fue rubricado por el gobernador Claudio Poggi y el secretario de Pol\u00edticas Integrales...\" \/>\n<meta property=\"og:url\" content=\"https:\/\/apuntesdesanluis.com\/index.php\/2024\/10\/28\/sedronar-y-provincia-firmaron-convenio-para-fortalecer-abordaje-de-las-adicciones\/\" \/>\n<meta property=\"og:site_name\" content=\"Apuntes de San Luis\" \/>\n<meta property=\"article:published_time\" content=\"2024-10-28T22:53:15+00:00\" \/>\n<meta property=\"og:image\" content=\"https:\/\/apuntesdesanluis.com\/wp-content\/uploads\/2024\/10\/acuerdo-sedronar.png\" \/>\n\t<meta property=\"og:image:width\" content=\"658\" \/>\n\t<meta property=\"og:image:height\" content=\"392\" \/>\n\t<meta property=\"og:image:type\" content=\"image\/png\" \/>\n<meta name=\"author\" content=\"apuntesdesanluis.com\" \/>\n<meta name=\"twitter:card\" content=\"summary_large_image\" \/>\n<meta name=\"twitter:label1\" content=\"Escrito por\" \/>\n\t<meta name=\"twitter:data1\" content=\"apuntesdesanluis.com\" \/>\n\t<meta name=\"twitter:label2\" content=\"Tiempo de lectura\" \/>\n\t<meta name=\"twitter:data2\" content=\"3 minutos\" \/>\n<script type=\"application\/ld+json\" class=\"yoast-schema-graph\">{\"@context\":\"https:\/\/schema.org\",\"@graph\":[{\"@type\":\"Article\",\"@id\":\"https:\/\/apuntesdesanluis.com\/index.php\/2024\/10\/28\/sedronar-y-provincia-firmaron-convenio-para-fortalecer-abordaje-de-las-adicciones\/#article\",\"isPartOf\":{\"@id\":\"https:\/\/apuntesdesanluis.com\/index.php\/2024\/10\/28\/sedronar-y-provincia-firmaron-convenio-para-fortalecer-abordaje-de-las-adicciones\/\"},\"author\":{\"name\":\"apuntesdesanluis.com\",\"@id\":\"https:\/\/apuntesdesanluis.com\/#\/schema\/person\/b55151d52296fcce64d1a72538a70b90\"},\"headline\":\"SEDRONAR Y PROVINCIA FIRMARON CONVENIO PARA FORTALECER ABORDAJE DE LAS ADICCIONES\",\"datePublished\":\"2024-10-28T22:53:15+00:00\",\"mainEntityOfPage\":{\"@id\":\"https:\/\/apuntesdesanluis.com\/index.php\/2024\/10\/28\/sedronar-y-provincia-firmaron-convenio-para-fortalecer-abordaje-de-las-adicciones\/\"},\"wordCount\":593,\"publisher\":{\"@id\":\"https:\/\/apuntesdesanluis.com\/#\/schema\/person\/b55151d52296fcce64d1a72538a70b90\"},\"image\":{\"@id\":\"https:\/\/apuntesdesanluis.com\/index.php\/2024\/10\/28\/sedronar-y-provincia-firmaron-convenio-para-fortalecer-abordaje-de-las-adicciones\/#primaryimage\"},\"thumbnailUrl\":\"https:\/\/apuntesdesanluis.com\/wp-content\/uploads\/2024\/10\/acuerdo-sedronar.png\",\"articleSection\":[\"Ciudad\/Provincia\"],\"inLanguage\":\"es-AR\"},{\"@type\":\"WebPage\",\"@id\":\"https:\/\/apuntesdesanluis.com\/index.php\/2024\/10\/28\/sedronar-y-provincia-firmaron-convenio-para-fortalecer-abordaje-de-las-adicciones\/\",\"url\":\"https:\/\/apuntesdesanluis.com\/index.php\/2024\/10\/28\/sedronar-y-provincia-firmaron-convenio-para-fortalecer-abordaje-de-las-adicciones\/\",\"name\":\"SEDRONAR Y PROVINCIA FIRMARON CONVENIO PARA FORTALECER ABORDAJE DE LAS ADICCIONES - Apuntes de San Luis\",\"isPartOf\":{\"@id\":\"https:\/\/apuntesdesanluis.com\/#website\"},\"primaryImageOfPage\":{\"@id\":\"https:\/\/apuntesdesanluis.com\/index.php\/2024\/10\/28\/sedronar-y-provincia-firmaron-convenio-para-fortalecer-abordaje-de-las-adicciones\/#primaryimage\"},\"image\":{\"@id\":\"https:\/\/apuntesdesanluis.com\/index.php\/2024\/10\/28\/sedronar-y-provincia-firmaron-convenio-para-fortalecer-abordaje-de-las-adicciones\/#primaryimage\"},\"thumbnailUrl\":\"https:\/\/apuntesdesanluis.com\/wp-content\/uploads\/2024\/10\/acuerdo-sedronar.png\",\"datePublished\":\"2024-10-28T22:53:15+00:00\",\"breadcrumb\":{\"@id\":\"https:\/\/apuntesdesanluis.com\/index.php\/2024\/10\/28\/sedronar-y-provincia-firmaron-convenio-para-fortalecer-abordaje-de-las-adicciones\/#breadcrumb\"},\"inLanguage\":\"es-AR\",\"potentialAction\":[{\"@type\":\"ReadAction\",\"target\":[\"https:\/\/apuntesdesanluis.com\/index.php\/2024\/10\/28\/sedronar-y-provincia-firmaron-convenio-para-fortalecer-abordaje-de-las-adicciones\/\"]}]},{\"@type\":\"ImageObject\",\"inLanguage\":\"es-AR\",\"@id\":\"https:\/\/apuntesdesanluis.com\/index.php\/2024\/10\/28\/sedronar-y-provincia-firmaron-convenio-para-fortalecer-abordaje-de-las-adicciones\/#primaryimage\",\"url\":\"https:\/\/apuntesdesanluis.com\/wp-content\/uploads\/2024\/10\/acuerdo-sedronar.png\",\"contentUrl\":\"https:\/\/apuntesdesanluis.com\/wp-content\/uploads\/2024\/10\/acuerdo-sedronar.png\",\"width\":658,\"height\":392},{\"@type\":\"BreadcrumbList\",\"@id\":\"https:\/\/apuntesdesanluis.com\/index.php\/2024\/10\/28\/sedronar-y-provincia-firmaron-convenio-para-fortalecer-abordaje-de-las-adicciones\/#breadcrumb\",\"itemListElement\":[{\"@type\":\"ListItem\",\"position\":1,\"name\":\"Inicio\",\"item\":\"https:\/\/apuntesdesanluis.com\/\"},{\"@type\":\"ListItem\",\"position\":2,\"name\":\"SEDRONAR Y PROVINCIA FIRMARON CONVENIO PARA FORTALECER ABORDAJE DE LAS ADICCIONES\"}]},{\"@type\":\"WebSite\",\"@id\":\"https:\/\/apuntesdesanluis.com\/#website\",\"url\":\"https:\/\/apuntesdesanluis.com\/\",\"name\":\"Apuntes de San Luis\",\"description\":\"\",\"publisher\":{\"@id\":\"https:\/\/apuntesdesanluis.com\/#\/schema\/person\/b55151d52296fcce64d1a72538a70b90\"},\"potentialAction\":[{\"@type\":\"SearchAction\",\"target\":{\"@type\":\"EntryPoint\",\"urlTemplate\":\"https:\/\/apuntesdesanluis.com\/?s={search_term_string}\"},\"query-input\":{\"@type\":\"PropertyValueSpecification\",\"valueRequired\":true,\"valueName\":\"search_term_string\"}}],\"inLanguage\":\"es-AR\"},{\"@type\":[\"Person\",\"Organization\"],\"@id\":\"https:\/\/apuntesdesanluis.com\/#\/schema\/person\/b55151d52296fcce64d1a72538a70b90\",\"name\":\"apuntesdesanluis.com\",\"image\":{\"@type\":\"ImageObject\",\"inLanguage\":\"es-AR\",\"@id\":\"https:\/\/apuntesdesanluis.com\/#\/schema\/person\/image\/\",\"url\":\"https:\/\/apuntesdesanluis.com\/wp-content\/uploads\/2023\/07\/cropped-apuntesdesanluis.png\",\"contentUrl\":\"https:\/\/apuntesdesanluis.com\/wp-content\/uploads\/2023\/07\/cropped-apuntesdesanluis.png\",\"width\":450,\"height\":112,\"caption\":\"apuntesdesanluis.com\"},\"logo\":{\"@id\":\"https:\/\/apuntesdesanluis.com\/#\/schema\/person\/image\/\"},\"sameAs\":[\"https:\/\/apuntesdesanluis.com\"],\"url\":\"https:\/\/apuntesdesanluis.com\/index.php\/author\/apuntesdesanluis-com\/\"}]}<\/script>\n<!-- \/ Yoast SEO plugin. -->","yoast_head_json":{"title":"SEDRONAR Y PROVINCIA FIRMARON CONVENIO PARA FORTALECER ABORDAJE DE LAS ADICCIONES - Apuntes de San Luis","robots":{"index":"index","follow":"follow","max-snippet":"max-snippet:-1","max-image-preview":"max-image-preview:large","max-video-preview":"max-video-preview:-1"},"canonical":"https:\/\/apuntesdesanluis.com\/index.php\/2024\/10\/28\/sedronar-y-provincia-firmaron-convenio-para-fortalecer-abordaje-de-las-adicciones\/","og_locale":"es_ES","og_type":"article","og_title":"SEDRONAR Y PROVINCIA FIRMARON CONVENIO PARA FORTALECER ABORDAJE DE LAS ADICCIONES - Apuntes de San Luis","og_description":"El acuerdo fue rubricado por el gobernador Claudio Poggi y el secretario de Pol\u00edticas Integrales...","og_url":"https:\/\/apuntesdesanluis.com\/index.php\/2024\/10\/28\/sedronar-y-provincia-firmaron-convenio-para-fortalecer-abordaje-de-las-adicciones\/","og_site_name":"Apuntes de San Luis","article_published_time":"2024-10-28T22:53:15+00:00","og_image":[{"width":658,"height":392,"url":"https:\/\/apuntesdesanluis.com\/wp-content\/uploads\/2024\/10\/acuerdo-sedronar.png","type":"image\/png"}],"author":"apuntesdesanluis.com","twitter_card":"summary_large_image","twitter_misc":{"Escrito por":"apuntesdesanluis.com","Tiempo de lectura":"3 minutos"},"schema":{"@context":"https:\/\/schema.org","@graph":[{"@type":"Article","@id":"https:\/\/apuntesdesanluis.com\/index.php\/2024\/10\/28\/sedronar-y-provincia-firmaron-convenio-para-fortalecer-abordaje-de-las-adicciones\/#article","isPartOf":{"@id":"https:\/\/apuntesdesanluis.com\/index.php\/2024\/10\/28\/sedronar-y-provincia-firmaron-convenio-para-fortalecer-abordaje-de-las-adicciones\/"},"author":{"name":"apuntesdesanluis.com","@id":"https:\/\/apuntesdesanluis.com\/#\/schema\/person\/b55151d52296fcce64d1a72538a70b90"},"headline":"SEDRONAR Y PROVINCIA FIRMARON CONVENIO PARA FORTALECER ABORDAJE DE LAS ADICCIONES","datePublished":"2024-10-28T22:53:15+00:00","mainEntityOfPage":{"@id":"https:\/\/apuntesdesanluis.com\/index.php\/2024\/10\/28\/sedronar-y-provincia-firmaron-convenio-para-fortalecer-abordaje-de-las-adicciones\/"},"wordCount":593,"publisher":{"@id":"https:\/\/apuntesdesanluis.com\/#\/schema\/person\/b55151d52296fcce64d1a72538a70b90"},"image":{"@id":"https:\/\/apuntesdesanluis.com\/index.php\/2024\/10\/28\/sedronar-y-provincia-firmaron-convenio-para-fortalecer-abordaje-de-las-adicciones\/#primaryimage"},"thumbnailUrl":"https:\/\/apuntesdesanluis.com\/wp-content\/uploads\/2024\/10\/acuerdo-sedronar.png","articleSection":["Ciudad\/Provincia"],"inLanguage":"es-AR"},{"@type":"WebPage","@id":"https:\/\/apuntesdesanluis.com\/index.php\/2024\/10\/28\/sedronar-y-provincia-firmaron-convenio-para-fortalecer-abordaje-de-las-adicciones\/","url":"https:\/\/apuntesdesanluis.com\/index.php\/2024\/10\/28\/sedronar-y-provincia-firmaron-convenio-para-fortalecer-abordaje-de-las-adicciones\/","name":"SEDRONAR Y PROVINCIA FIRMARON CONVENIO PARA FORTALECER ABORDAJE DE LAS ADICCIONES - Apuntes de San Luis","isPartOf":{"@id":"https:\/\/apuntesdesanluis.com\/#website"},"primaryImageOfPage":{"@id":"https:\/\/apuntesdesanluis.com\/index.php\/2024\/10\/28\/sedronar-y-provincia-firmaron-convenio-para-fortalecer-abordaje-de-las-adicciones\/#primaryimage"},"image":{"@id":"https:\/\/apuntesdesanluis.com\/index.php\/2024\/10\/28\/sedronar-y-provincia-firmaron-convenio-para-fortalecer-abordaje-de-las-adicciones\/#primaryimage"},"thumbnailUrl":"https:\/\/apuntesdesanluis.com\/wp-content\/uploads\/2024\/10\/acuerdo-sedronar.png","datePublished":"2024-10-28T22:53:15+00:00","breadcrumb":{"@id":"https:\/\/apuntesdesanluis.com\/index.php\/2024\/10\/28\/sedronar-y-provincia-firmaron-convenio-para-fortalecer-abordaje-de-las-adicciones\/#breadcrumb"},"inLanguage":"es-AR","potentialAction":[{"@type":"ReadAction","target":["https:\/\/apuntesdesanluis.com\/index.php\/2024\/10\/28\/sedronar-y-provincia-firmaron-convenio-para-fortalecer-abordaje-de-las-adicciones\/"]}]},{"@type":"ImageObject","inLanguage":"es-AR","@id":"https:\/\/apuntesdesanluis.com\/index.php\/2024\/10\/28\/sedronar-y-provincia-firmaron-convenio-para-fortalecer-abordaje-de-las-adicciones\/#primaryimage","url":"https:\/\/apuntesdesanluis.com\/wp-content\/uploads\/2024\/10\/acuerdo-sedronar.png","contentUrl":"https:\/\/apuntesdesanluis.com\/wp-content\/uploads\/2024\/10\/acuerdo-sedronar.png","width":658,"height":392},{"@type":"BreadcrumbList","@id":"https:\/\/apuntesdesanluis.com\/index.php\/2024\/10\/28\/sedronar-y-provincia-firmaron-convenio-para-fortalecer-abordaje-de-las-adicciones\/#breadcrumb","itemListElement":[{"@type":"ListItem","position":1,"name":"Inicio","item":"https:\/\/apuntesdesanluis.com\/"},{"@type":"ListItem","position":2,"name":"SEDRONAR Y PROVINCIA FIRMARON CONVENIO PARA FORTALECER ABORDAJE DE LAS ADICCIONES"}]},{"@type":"WebSite","@id":"https:\/\/apuntesdesanluis.com\/#website","url":"https:\/\/apuntesdesanluis.com\/","name":"Apuntes de San Luis","description":"","publisher":{"@id":"https:\/\/apuntesdesanluis.com\/#\/schema\/person\/b55151d52296fcce64d1a72538a70b90"},"potentialAction":[{"@type":"SearchAction","target":{"@type":"EntryPoint","urlTemplate":"https:\/\/apuntesdesanluis.com\/?s={search_term_string}"},"query-input":{"@type":"PropertyValueSpecification","valueRequired":true,"valueName":"search_term_string"}}],"inLanguage":"es-AR"},{"@type":["Person","Organization"],"@id":"https:\/\/apuntesdesanluis.com\/#\/schema\/person\/b55151d52296fcce64d1a72538a70b90","name":"apuntesdesanluis.com","image":{"@type":"ImageObject","inLanguage":"es-AR","@id":"https:\/\/apuntesdesanluis.com\/#\/schema\/person\/image\/","url":"https:\/\/apuntesdesanluis.com\/wp-content\/uploads\/2023\/07\/cropped-apuntesdesanluis.png","contentUrl":"https:\/\/apuntesdesanluis.com\/wp-content\/uploads\/2023\/07\/cropped-apuntesdesanluis.png","width":450,"height":112,"caption":"apuntesdesanluis.com"},"logo":{"@id":"https:\/\/apuntesdesanluis.com\/#\/schema\/person\/image\/"},"sameAs":["https:\/\/apuntesdesanluis.com"],"url":"https:\/\/apuntesdesanluis.com\/index.php\/author\/apuntesdesanluis-com\/"}]}},"featured_image_urls":{"full":["https:\/\/apuntesdesanluis.com\/wp-content\/uploads\/2024\/10\/acuerdo-sedronar.png",658,392,false],"thumbnail":["https:\/\/apuntesdesanluis.com\/wp-content\/uploads\/2024\/10\/acuerdo-sedronar-150x150.png",150,150,true],"medium":["https:\/\/apuntesdesanluis.com\/wp-content\/uploads\/2024\/10\/acuerdo-sedronar-300x179.png",300,179,true],"medium_large":["https:\/\/apuntesdesanluis.com\/wp-content\/uploads\/2024\/10\/acuerdo-sedronar.png",640,381,false],"large":["https:\/\/apuntesdesanluis.com\/wp-content\/uploads\/2024\/10\/acuerdo-sedronar.png",640,381,false],"1536x1536":["https:\/\/apuntesdesanluis.com\/wp-content\/uploads\/2024\/10\/acuerdo-sedronar.png",658,392,false],"2048x2048":["https:\/\/apuntesdesanluis.com\/wp-content\/uploads\/2024\/10\/acuerdo-sedronar.png",658,392,false],"newsever-slider-full":["https:\/\/apuntesdesanluis.com\/wp-content\/uploads\/2024\/10\/acuerdo-sedronar.png",658,392,false],"newsever-featured":["https:\/\/apuntesdesanluis.com\/wp-content\/uploads\/2024\/10\/acuerdo-sedronar.png",658,392,false],"newsever-medium":["https:\/\/apuntesdesanluis.com\/wp-content\/uploads\/2024\/10\/acuerdo-sedronar.png",658,392,false]},"author_info":{"display_name":"apuntesdesanluis.com","author_link":"https:\/\/apuntesdesanluis.com\/index.php\/author\/apuntesdesanluis-com\/"},"category_info":"<a href=\"https:\/\/apuntesdesanluis.com\/index.php\/category\/ciudad-provincia\/\" rel=\"category tag\">Ciudad\/Provincia<\/a>","tag_info":"Ciudad\/Provincia","comment_count":"0","_links":{"self":[{"href":"https:\/\/apuntesdesanluis.com\/index.php\/wp-json\/wp\/v2\/posts\/24464","targetHints":{"allow":["GET"]}}],"collection":[{"href":"https:\/\/apuntesdesanluis.com\/index.php\/wp-json\/wp\/v2\/posts"}],"about":[{"href":"https:\/\/apuntesdesanluis.com\/index.php\/wp-json\/wp\/v2\/types\/post"}],"author":[{"embeddable":true,"href":"https:\/\/apuntesdesanluis.com\/index.php\/wp-json\/wp\/v2\/users\/1"}],"replies":[{"embeddable":true,"href":"https:\/\/apuntesdesanluis.com\/index.php\/wp-json\/wp\/v2\/comments?post=24464"}],"version-history":[{"count":1,"href":"https:\/\/apuntesdesanluis.com\/index.php\/wp-json\/wp\/v2\/posts\/24464\/revisions"}],"predecessor-version":[{"id":24466,"href":"https:\/\/apuntesdesanluis.com\/index.php\/wp-json\/wp\/v2\/posts\/24464\/revisions\/24466"}],"wp:featuredmedia":[{"embeddable":true,"href":"https:\/\/apuntesdesanluis.com\/index.php\/wp-json\/wp\/v2\/media\/24465"}],"wp:attachment":[{"href":"https:\/\/apuntesdesanluis.com\/index.php\/wp-json\/wp\/v2\/media?parent=24464"}],"wp:term":[{"taxonomy":"category","embeddable":true,"href":"https:\/\/apuntesdesanluis.com\/index.php\/wp-json\/wp\/v2\/categories?post=24464"},{"taxonomy":"post_tag","embeddable":true,"href":"https:\/\/apuntesdesanluis.com\/index.php\/wp-json\/wp\/v2\/tags?post=24464"}],"curies":[{"name":"wp","href":"https:\/\/api.w.org\/{rel}","templated":true}]}}