{"id":24476,"date":"2024-10-28T20:44:05","date_gmt":"2024-10-28T23:44:05","guid":{"rendered":"https:\/\/apuntesdesanluis.com\/?p=24476"},"modified":"2024-10-28T20:44:05","modified_gmt":"2024-10-28T23:44:05","slug":"bartolome-abdala-villarruel-esta-comprometida-con-el-ideario-de-nuestro-espacio-politico","status":"publish","type":"post","link":"https:\/\/apuntesdesanluis.com\/index.php\/2024\/10\/28\/bartolome-abdala-villarruel-esta-comprometida-con-el-ideario-de-nuestro-espacio-politico\/","title":{"rendered":"BARTOLOM\u00c9 ABDALA: &#8220;VILLARRUEL EST\u00c1 COMPROMETIDA CON EL IDEARIO DE NUESTRO ESPACIO POL\u00cdTICO&#8221;"},"content":{"rendered":"<h3>El presidente provisional del Senado, <strong>Bartolom\u00e9 Abdala<\/strong>, dio un fuerte respaldo a Victoria Villarruel en la interna con Javier Milei. El senador, quien le sigue a la vicepresidenta en la l\u00ednea sucesoria presidencial, asegur\u00f3 que \u201cest\u00e1 comprometida con el ideario de nuestro espacio pol\u00edtico\u201d y que adem\u00e1s \u201ces una de las pol\u00edticas m\u00e1s inteligentes que hoy tiene la Argentina\u201d.<\/h3>\n<h3>En una entrevista con La Voz, Abdala habl\u00f3 de la posibilidad de cambios al Presupuesto 2025, admiti\u00f3 que el pliego de Ariel Lijo para la Corte Suprema \u201cest\u00e1 m\u00e1s demorado de lo que nos hubiera parecido l\u00f3gico\u201d, y alent\u00f3 una confluencia electoral con el PRO seg\u00fan convenga en cada distrito. \u201cLas ideas originales que ten\u00eda Mauricio Macri hoy est\u00e1n encarnadas en Milei\u201d, afirm\u00f3.<\/h3>\n<h3><strong>\u00bfC\u00f3mo est\u00e1 avanzando la negociaci\u00f3n por el Presupuesto?<\/strong><\/h3>\n<h3>Estamos viendo c\u00f3mo se est\u00e1 llevando adelante en Diputados. Nosotros quisi\u00e9ramos que el proyecto se trate y apruebe antes del 30 de noviembre para que el presidente no tenga que llamar a extraordinarias. Si no es as\u00ed, se llamar\u00e1 a extraordinarias. Estamos redoblando los esfuerzos. Hemos tenido muchas reuniones con distintos bloques, con diputados y senadores. Queremos que los senadores vayan conociendo el proyecto para que cuando llegue al Senado no lo empecemos a ver de nuevo de cero, sino que una vez que tenga media sanci\u00f3n de Diputados podamos discutirlo en no m\u00e1s de una reuni\u00f3n de comisi\u00f3n.<\/h3>\n<h3><strong>Desde la oposici\u00f3n reclaman m\u00e1s fondos para jubilaciones y universidades, entre otros. \u00bfQu\u00e9 margen de negociaci\u00f3n tienen?<\/strong><\/h3>\n<h3>El Presupuesto tiene 75 art\u00edculos. El primero habla del equilibrio fiscal y ese no estamos dispuestos a modificarlo ni aceptamos ning\u00fan tipo de prerrogativa. Muchos lo han entendido, otros dicen que no hizo falta que el Presupuesto diga que nos tenemos que encorsetar si ya logramos super\u00e1vit fiscal sin Presupuesto, como estamos ahora, con el prorrogado. Estamos convencidos de que este tiene que ser el primer Presupuesto de much\u00edsimos donde se mantenga el equilibrio fiscal. En los dem\u00e1s art\u00edculos s\u00ed se est\u00e1 discutiendo y s\u00ed se escucha, y es posible que haya modificaciones. Hemos tenido sugerencias del PRO, la UCR, partidos provinciales, la Coalici\u00f3n C\u00edvica y Uni\u00f3n por la Patria. Mientras no se toque el d\u00e9ficit cero, si quieren darle m\u00e1s plata a alg\u00fan sector que a otro, eso es conversable para nosotros.<\/h3>\n<h3><strong>\u00bfY qu\u00e9 partidas est\u00e1n dispuestos a revisar para cumplir con los pedidos sin alterar el d\u00e9ficit cero?<\/strong><\/h3>\n<h3>Nosotros tenemos nuestro proyecto y nuestro objetivo es que nos lo aprueben todo como est\u00e1. Hay solicitudes sobre los gastos tributarios, asignaciones especiales, fondos fiduciarios. Estamos dialogando con mucha seriedad y datos. Con el tema universitario nos gustar\u00eda tener las auditor\u00edas realizadas con 100% de efectividad, y en funci\u00f3n de eso estamos dispuestos a conversarlo. Pero todo lo que nosotros concedemos, despu\u00e9s tenemos que saber si tenemos las manos en el recinto.<\/h3>\n<h3><strong>Se especula con que el Gobierno no quiere el Presupuesto y prefiere seguir con pr\u00f3rroga para gozar del manejo discrecional de fondos, \u00bfes as\u00ed?<\/strong><\/h3>\n<h3>No es la intenci\u00f3n del Gobierno. El Gobierno mand\u00f3 un Presupuesto en tiempo y forma, con premisas importantes. Estamos dispuestos a encorsetarnos m\u00e1s si as\u00ed nos piden. Lo que dice el presidente es que haya equilibrio fiscal, y si hay excedente, no los gastamos. Algunos legisladores nos plantean que entonces haya un art\u00edculo que diga que ese excedente no se va a usar. Es parte de la conversaci\u00f3n. Pero nuestro inter\u00e9s es tener el Presupuesto. De ninguna manera no queremos tener Presupuesto, porque representa, en primer lugar, una herramienta de control para el Congreso, y en segundo lugar, una imagen de seriedad y fortaleza ante el mundo.<\/h3>\n<h3><strong>\u00bfPor qu\u00e9 no avanza el pliego de Ariel Lijo?<\/strong><\/h3>\n<h3>No he hablado con (Guadalupe) Tagliaferri (presidenta de la Comisi\u00f3n de Acuerdos). Est\u00e1 demorado, m\u00e1s de lo que nos hubiera parecido l\u00f3gico.<\/h3>\n<h3><strong>\u00bfQu\u00e9 votos les faltan?<\/strong><\/h3>\n<h3>No he estado trabajando en el tema. El presidente del bloque (Ezequiel Atauche) es quien tiene la responsabilidad de sacar adelante los pliegos.<\/h3>\n<h3><strong>\u00bfPero creen que van a tener el n\u00famero?<\/strong><\/h3>\n<h3>Nuestro convencimiento y responsabilidad es seguir trabajando en lo que pidi\u00f3 el Ejecutivo. Tiempo hay. Solo falta el dictamen. Hay que ver si tenemos las manos.<\/h3>\n<p><img fetchpriority=\"high\" decoding=\"async\" class=\"wp-image-24478 aligncenter\" src=\"https:\/\/apuntesdesanluis.com\/wp-content\/uploads\/2024\/10\/BARTOLO-Y-VILLARRUEL-300x188.png\" alt=\"\" width=\"724\" height=\"454\" srcset=\"https:\/\/apuntesdesanluis.com\/wp-content\/uploads\/2024\/10\/BARTOLO-Y-VILLARRUEL-300x188.png 300w, https:\/\/apuntesdesanluis.com\/wp-content\/uploads\/2024\/10\/BARTOLO-Y-VILLARRUEL.png 566w\" sizes=\"(max-width: 724px) 100vw, 724px\" \/><\/p>\n<h3><strong>Usted trabaja codo a codo con Villarruel, \u00bfc\u00f3mo la ve?<\/strong><\/h3>\n<h3>Villarruel es una de las pol\u00edticas m\u00e1s inteligentes que hoy tiene la Argentina. Est\u00e1 bien parada, ha generado una voz de confianza en el Senado, est\u00e1 comprometida con el ideario de nuestro espacio pol\u00edtico y est\u00e1 trabajando para la f\u00f3rmula por la que fue votada. Es una gran defensora de los proyectos que manda el Ejecutivo, defiende el cambio que vot\u00f3 el pueblo y est\u00e1 convencida de que el camino es el equilibrio fiscal, recuperar valores, jerarquizar las fuerzas militares y policiales.<\/h3>\n<h3><strong>Pero tiene diferencias con Milei&#8230;<\/strong><\/h3>\n<h3>Ella conoc\u00eda desde antes a Javier, sab\u00edan que pensaban distinto, pero de ninguna manera esas diferencias van a generar la ruptura del espacio. Victoria no va a ser \u201cChacho\u201d \u00c1lvarez ni (Julio) Cobos. Acompa\u00f1a firme las ideas de la f\u00f3rmula presidencial, con miradas diferentes, pero eso de ninguna manera pone en duda su vocaci\u00f3n patri\u00f3tica.<\/h3>\n<h3><strong>La Libertad Avanza tiene solo 6 de los 72 senadores, \u00bfc\u00f3mo trabajan para juntar los votos?<\/strong><\/h3>\n<h3>Intentamos persuadir a los senadores para que nos acompa\u00f1en, y cuando no nos acompa\u00f1an, aceptamos que voten en contra. En algunos casos los proyectos vuelven a Diputados, y en otros, Javier ha tenido que utilizar la herramienta legal del veto.<\/h3>\n<h3><strong>\u00bfNo paga costos con los vetos?<\/strong><\/h3>\n<h3>Nosotros quisi\u00e9ramos que el presidente no tenga que vetar nada, que se comprenda la situaci\u00f3n en la que se recibi\u00f3 el pa\u00eds, pero tampoco podemos dejar que se pongan creativos o generosos con lo ajeno. Cuando eso sucede, lamentablemente el presidente tiene que actuar y usar el veto. Si no se hubiera sancionado la ley de universidades, en poco tiempo m\u00e1s hubiera habido un entendimiento por el tema salarial, que con los gremios se ven\u00eda hablando. Con la ley, todos se retiraron de la mesa de conversaci\u00f3n: nadie quer\u00eda ganar menos de lo que se daba por ley.<\/h3>\n<h3><strong>\u00bfPuede haber el a\u00f1o pr\u00f3ximo una confluencia electoral con el PRO?<\/strong><\/h3>\n<h3>Con el PRO nos enfrentamos en la elecci\u00f3n del 22 de octubre, y en la del 19 de noviembre nos acompa\u00f1aron abiertamente. Eso genera un \u00e1nimo que puede hacer que vayamos juntos a las pr\u00f3ximas elecciones. Yo fui el fundador del PRO en San Luis, tuve desavenencias pol\u00edticas important\u00edsimas con la \u00faltima conducci\u00f3n, tanto con (Patricia) Bullrich como con (Eduardo) Macchiavelli, que era de la l\u00ednea de Horacio Rodr\u00edguez Larreta. Sobre todo por c\u00f3mo el PRO se maneja en el interior del pa\u00eds, donde no tiene fuerza. Es un partido que ha descuidado mucho a los dirigentes del interior. Me sent\u00ed descuidado, me apart\u00e9, pero mi coherencia intelectual me dice que las ideas originales que ten\u00eda Mauricio Macri hoy est\u00e1n encarnadas en Javier Milei. Desde ese punto de vista, con el PRO hay muchas similitudes en la plataforma. Si habr\u00e1 un acuerdo electoral o no, creo que debe resolverse con mucha inteligencia, m\u00e1s cerca de la fecha ver qu\u00e9 es lo que m\u00e1s le conviene a este programa de gobierno. Donde se pueda ir juntos, iremos juntos, y donde haya que ir separados, iremos separados.<\/h3>\n<p>&nbsp;<\/p>\n<p>&nbsp;<\/p>\n<p>&nbsp;<\/p>\n<p>&nbsp;<\/p>\n<p>&nbsp;<\/p>\n<p>&nbsp;<\/p>\n","protected":false},"excerpt":{"rendered":"<p>El presidente provisional del Senado, Bartolom\u00e9 Abdala, dio un fuerte respaldo a Victoria Villarruel en&#8230;<\/p>\n","protected":false},"author":1,"featured_media":24477,"comment_status":"closed","ping_status":"closed","sticky":false,"template":"","format":"standard","meta":{"footnotes":""},"categories":[5],"tags":[],"class_list":["post-24476","post","type-post","status-publish","format-standard","has-post-thumbnail","hentry","category-nacionales-internacionales"],"yoast_head":"<!-- This site is optimized with the Yoast SEO plugin v26.1.1 - https:\/\/yoast.com\/wordpress\/plugins\/seo\/ -->\n<title>BARTOLOM\u00c9 ABDALA: &quot;VILLARRUEL EST\u00c1 COMPROMETIDA CON EL IDEARIO DE NUESTRO ESPACIO POL\u00cdTICO&quot; - Apuntes de San Luis<\/title>\n<meta name=\"robots\" content=\"index, follow, max-snippet:-1, max-image-preview:large, max-video-preview:-1\" \/>\n<link rel=\"canonical\" href=\"https:\/\/apuntesdesanluis.com\/index.php\/2024\/10\/28\/bartolome-abdala-villarruel-esta-comprometida-con-el-ideario-de-nuestro-espacio-politico\/\" \/>\n<meta property=\"og:locale\" content=\"es_ES\" \/>\n<meta property=\"og:type\" content=\"article\" \/>\n<meta property=\"og:title\" content=\"BARTOLOM\u00c9 ABDALA: &quot;VILLARRUEL EST\u00c1 COMPROMETIDA CON EL IDEARIO DE NUESTRO ESPACIO POL\u00cdTICO&quot; - Apuntes de San Luis\" \/>\n<meta property=\"og:description\" content=\"El presidente provisional del Senado, Bartolom\u00e9 Abdala, dio un fuerte respaldo a Victoria Villarruel en...\" \/>\n<meta property=\"og:url\" content=\"https:\/\/apuntesdesanluis.com\/index.php\/2024\/10\/28\/bartolome-abdala-villarruel-esta-comprometida-con-el-ideario-de-nuestro-espacio-politico\/\" \/>\n<meta property=\"og:site_name\" content=\"Apuntes de San Luis\" \/>\n<meta property=\"article:published_time\" content=\"2024-10-28T23:44:05+00:00\" \/>\n<meta property=\"og:image\" content=\"https:\/\/apuntesdesanluis.com\/wp-content\/uploads\/2024\/10\/BARTOLO.png\" \/>\n\t<meta property=\"og:image:width\" content=\"790\" \/>\n\t<meta property=\"og:image:height\" content=\"495\" \/>\n\t<meta property=\"og:image:type\" content=\"image\/png\" \/>\n<meta name=\"author\" content=\"apuntesdesanluis.com\" \/>\n<meta name=\"twitter:card\" content=\"summary_large_image\" \/>\n<meta name=\"twitter:label1\" content=\"Escrito por\" \/>\n\t<meta name=\"twitter:data1\" content=\"apuntesdesanluis.com\" \/>\n\t<meta name=\"twitter:label2\" content=\"Tiempo de lectura\" \/>\n\t<meta name=\"twitter:data2\" content=\"6 minutos\" \/>\n<script type=\"application\/ld+json\" class=\"yoast-schema-graph\">{\"@context\":\"https:\/\/schema.org\",\"@graph\":[{\"@type\":\"Article\",\"@id\":\"https:\/\/apuntesdesanluis.com\/index.php\/2024\/10\/28\/bartolome-abdala-villarruel-esta-comprometida-con-el-ideario-de-nuestro-espacio-politico\/#article\",\"isPartOf\":{\"@id\":\"https:\/\/apuntesdesanluis.com\/index.php\/2024\/10\/28\/bartolome-abdala-villarruel-esta-comprometida-con-el-ideario-de-nuestro-espacio-politico\/\"},\"author\":{\"name\":\"apuntesdesanluis.com\",\"@id\":\"https:\/\/apuntesdesanluis.com\/#\/schema\/person\/b55151d52296fcce64d1a72538a70b90\"},\"headline\":\"BARTOLOM\u00c9 ABDALA: &#8220;VILLARRUEL EST\u00c1 COMPROMETIDA CON EL IDEARIO DE NUESTRO ESPACIO POL\u00cdTICO&#8221;\",\"datePublished\":\"2024-10-28T23:44:05+00:00\",\"mainEntityOfPage\":{\"@id\":\"https:\/\/apuntesdesanluis.com\/index.php\/2024\/10\/28\/bartolome-abdala-villarruel-esta-comprometida-con-el-ideario-de-nuestro-espacio-politico\/\"},\"wordCount\":1296,\"publisher\":{\"@id\":\"https:\/\/apuntesdesanluis.com\/#\/schema\/person\/b55151d52296fcce64d1a72538a70b90\"},\"image\":{\"@id\":\"https:\/\/apuntesdesanluis.com\/index.php\/2024\/10\/28\/bartolome-abdala-villarruel-esta-comprometida-con-el-ideario-de-nuestro-espacio-politico\/#primaryimage\"},\"thumbnailUrl\":\"https:\/\/apuntesdesanluis.com\/wp-content\/uploads\/2024\/10\/BARTOLO.png\",\"articleSection\":[\"Nacionales\/Internacionales\"],\"inLanguage\":\"es-AR\"},{\"@type\":\"WebPage\",\"@id\":\"https:\/\/apuntesdesanluis.com\/index.php\/2024\/10\/28\/bartolome-abdala-villarruel-esta-comprometida-con-el-ideario-de-nuestro-espacio-politico\/\",\"url\":\"https:\/\/apuntesdesanluis.com\/index.php\/2024\/10\/28\/bartolome-abdala-villarruel-esta-comprometida-con-el-ideario-de-nuestro-espacio-politico\/\",\"name\":\"BARTOLOM\u00c9 ABDALA: \\\"VILLARRUEL EST\u00c1 COMPROMETIDA CON EL IDEARIO DE NUESTRO ESPACIO POL\u00cdTICO\\\" - Apuntes de San Luis\",\"isPartOf\":{\"@id\":\"https:\/\/apuntesdesanluis.com\/#website\"},\"primaryImageOfPage\":{\"@id\":\"https:\/\/apuntesdesanluis.com\/index.php\/2024\/10\/28\/bartolome-abdala-villarruel-esta-comprometida-con-el-ideario-de-nuestro-espacio-politico\/#primaryimage\"},\"image\":{\"@id\":\"https:\/\/apuntesdesanluis.com\/index.php\/2024\/10\/28\/bartolome-abdala-villarruel-esta-comprometida-con-el-ideario-de-nuestro-espacio-politico\/#primaryimage\"},\"thumbnailUrl\":\"https:\/\/apuntesdesanluis.com\/wp-content\/uploads\/2024\/10\/BARTOLO.png\",\"datePublished\":\"2024-10-28T23:44:05+00:00\",\"breadcrumb\":{\"@id\":\"https:\/\/apuntesdesanluis.com\/index.php\/2024\/10\/28\/bartolome-abdala-villarruel-esta-comprometida-con-el-ideario-de-nuestro-espacio-politico\/#breadcrumb\"},\"inLanguage\":\"es-AR\",\"potentialAction\":[{\"@type\":\"ReadAction\",\"target\":[\"https:\/\/apuntesdesanluis.com\/index.php\/2024\/10\/28\/bartolome-abdala-villarruel-esta-comprometida-con-el-ideario-de-nuestro-espacio-politico\/\"]}]},{\"@type\":\"ImageObject\",\"inLanguage\":\"es-AR\",\"@id\":\"https:\/\/apuntesdesanluis.com\/index.php\/2024\/10\/28\/bartolome-abdala-villarruel-esta-comprometida-con-el-ideario-de-nuestro-espacio-politico\/#primaryimage\",\"url\":\"https:\/\/apuntesdesanluis.com\/wp-content\/uploads\/2024\/10\/BARTOLO.png\",\"contentUrl\":\"https:\/\/apuntesdesanluis.com\/wp-content\/uploads\/2024\/10\/BARTOLO.png\",\"width\":790,\"height\":495},{\"@type\":\"BreadcrumbList\",\"@id\":\"https:\/\/apuntesdesanluis.com\/index.php\/2024\/10\/28\/bartolome-abdala-villarruel-esta-comprometida-con-el-ideario-de-nuestro-espacio-politico\/#breadcrumb\",\"itemListElement\":[{\"@type\":\"ListItem\",\"position\":1,\"name\":\"Inicio\",\"item\":\"https:\/\/apuntesdesanluis.com\/\"},{\"@type\":\"ListItem\",\"position\":2,\"name\":\"BARTOLOM\u00c9 ABDALA: &#8220;VILLARRUEL EST\u00c1 COMPROMETIDA CON EL IDEARIO DE NUESTRO ESPACIO POL\u00cdTICO&#8221;\"}]},{\"@type\":\"WebSite\",\"@id\":\"https:\/\/apuntesdesanluis.com\/#website\",\"url\":\"https:\/\/apuntesdesanluis.com\/\",\"name\":\"Apuntes de San Luis\",\"description\":\"\",\"publisher\":{\"@id\":\"https:\/\/apuntesdesanluis.com\/#\/schema\/person\/b55151d52296fcce64d1a72538a70b90\"},\"potentialAction\":[{\"@type\":\"SearchAction\",\"target\":{\"@type\":\"EntryPoint\",\"urlTemplate\":\"https:\/\/apuntesdesanluis.com\/?s={search_term_string}\"},\"query-input\":{\"@type\":\"PropertyValueSpecification\",\"valueRequired\":true,\"valueName\":\"search_term_string\"}}],\"inLanguage\":\"es-AR\"},{\"@type\":[\"Person\",\"Organization\"],\"@id\":\"https:\/\/apuntesdesanluis.com\/#\/schema\/person\/b55151d52296fcce64d1a72538a70b90\",\"name\":\"apuntesdesanluis.com\",\"image\":{\"@type\":\"ImageObject\",\"inLanguage\":\"es-AR\",\"@id\":\"https:\/\/apuntesdesanluis.com\/#\/schema\/person\/image\/\",\"url\":\"https:\/\/apuntesdesanluis.com\/wp-content\/uploads\/2023\/07\/cropped-apuntesdesanluis.png\",\"contentUrl\":\"https:\/\/apuntesdesanluis.com\/wp-content\/uploads\/2023\/07\/cropped-apuntesdesanluis.png\",\"width\":450,\"height\":112,\"caption\":\"apuntesdesanluis.com\"},\"logo\":{\"@id\":\"https:\/\/apuntesdesanluis.com\/#\/schema\/person\/image\/\"},\"sameAs\":[\"https:\/\/apuntesdesanluis.com\"],\"url\":\"https:\/\/apuntesdesanluis.com\/index.php\/author\/apuntesdesanluis-com\/\"}]}<\/script>\n<!-- \/ Yoast SEO plugin. -->","yoast_head_json":{"title":"BARTOLOM\u00c9 ABDALA: \"VILLARRUEL EST\u00c1 COMPROMETIDA CON EL IDEARIO DE NUESTRO ESPACIO POL\u00cdTICO\" - Apuntes de San Luis","robots":{"index":"index","follow":"follow","max-snippet":"max-snippet:-1","max-image-preview":"max-image-preview:large","max-video-preview":"max-video-preview:-1"},"canonical":"https:\/\/apuntesdesanluis.com\/index.php\/2024\/10\/28\/bartolome-abdala-villarruel-esta-comprometida-con-el-ideario-de-nuestro-espacio-politico\/","og_locale":"es_ES","og_type":"article","og_title":"BARTOLOM\u00c9 ABDALA: \"VILLARRUEL EST\u00c1 COMPROMETIDA CON EL IDEARIO DE NUESTRO ESPACIO POL\u00cdTICO\" - Apuntes de San Luis","og_description":"El presidente provisional del Senado, Bartolom\u00e9 Abdala, dio un fuerte respaldo a Victoria Villarruel en...","og_url":"https:\/\/apuntesdesanluis.com\/index.php\/2024\/10\/28\/bartolome-abdala-villarruel-esta-comprometida-con-el-ideario-de-nuestro-espacio-politico\/","og_site_name":"Apuntes de San Luis","article_published_time":"2024-10-28T23:44:05+00:00","og_image":[{"width":790,"height":495,"url":"https:\/\/apuntesdesanluis.com\/wp-content\/uploads\/2024\/10\/BARTOLO.png","type":"image\/png"}],"author":"apuntesdesanluis.com","twitter_card":"summary_large_image","twitter_misc":{"Escrito por":"apuntesdesanluis.com","Tiempo de lectura":"6 minutos"},"schema":{"@context":"https:\/\/schema.org","@graph":[{"@type":"Article","@id":"https:\/\/apuntesdesanluis.com\/index.php\/2024\/10\/28\/bartolome-abdala-villarruel-esta-comprometida-con-el-ideario-de-nuestro-espacio-politico\/#article","isPartOf":{"@id":"https:\/\/apuntesdesanluis.com\/index.php\/2024\/10\/28\/bartolome-abdala-villarruel-esta-comprometida-con-el-ideario-de-nuestro-espacio-politico\/"},"author":{"name":"apuntesdesanluis.com","@id":"https:\/\/apuntesdesanluis.com\/#\/schema\/person\/b55151d52296fcce64d1a72538a70b90"},"headline":"BARTOLOM\u00c9 ABDALA: &#8220;VILLARRUEL EST\u00c1 COMPROMETIDA CON EL IDEARIO DE NUESTRO ESPACIO POL\u00cdTICO&#8221;","datePublished":"2024-10-28T23:44:05+00:00","mainEntityOfPage":{"@id":"https:\/\/apuntesdesanluis.com\/index.php\/2024\/10\/28\/bartolome-abdala-villarruel-esta-comprometida-con-el-ideario-de-nuestro-espacio-politico\/"},"wordCount":1296,"publisher":{"@id":"https:\/\/apuntesdesanluis.com\/#\/schema\/person\/b55151d52296fcce64d1a72538a70b90"},"image":{"@id":"https:\/\/apuntesdesanluis.com\/index.php\/2024\/10\/28\/bartolome-abdala-villarruel-esta-comprometida-con-el-ideario-de-nuestro-espacio-politico\/#primaryimage"},"thumbnailUrl":"https:\/\/apuntesdesanluis.com\/wp-content\/uploads\/2024\/10\/BARTOLO.png","articleSection":["Nacionales\/Internacionales"],"inLanguage":"es-AR"},{"@type":"WebPage","@id":"https:\/\/apuntesdesanluis.com\/index.php\/2024\/10\/28\/bartolome-abdala-villarruel-esta-comprometida-con-el-ideario-de-nuestro-espacio-politico\/","url":"https:\/\/apuntesdesanluis.com\/index.php\/2024\/10\/28\/bartolome-abdala-villarruel-esta-comprometida-con-el-ideario-de-nuestro-espacio-politico\/","name":"BARTOLOM\u00c9 ABDALA: \"VILLARRUEL EST\u00c1 COMPROMETIDA CON EL IDEARIO DE NUESTRO ESPACIO POL\u00cdTICO\" - Apuntes de San Luis","isPartOf":{"@id":"https:\/\/apuntesdesanluis.com\/#website"},"primaryImageOfPage":{"@id":"https:\/\/apuntesdesanluis.com\/index.php\/2024\/10\/28\/bartolome-abdala-villarruel-esta-comprometida-con-el-ideario-de-nuestro-espacio-politico\/#primaryimage"},"image":{"@id":"https:\/\/apuntesdesanluis.com\/index.php\/2024\/10\/28\/bartolome-abdala-villarruel-esta-comprometida-con-el-ideario-de-nuestro-espacio-politico\/#primaryimage"},"thumbnailUrl":"https:\/\/apuntesdesanluis.com\/wp-content\/uploads\/2024\/10\/BARTOLO.png","datePublished":"2024-10-28T23:44:05+00:00","breadcrumb":{"@id":"https:\/\/apuntesdesanluis.com\/index.php\/2024\/10\/28\/bartolome-abdala-villarruel-esta-comprometida-con-el-ideario-de-nuestro-espacio-politico\/#breadcrumb"},"inLanguage":"es-AR","potentialAction":[{"@type":"ReadAction","target":["https:\/\/apuntesdesanluis.com\/index.php\/2024\/10\/28\/bartolome-abdala-villarruel-esta-comprometida-con-el-ideario-de-nuestro-espacio-politico\/"]}]},{"@type":"ImageObject","inLanguage":"es-AR","@id":"https:\/\/apuntesdesanluis.com\/index.php\/2024\/10\/28\/bartolome-abdala-villarruel-esta-comprometida-con-el-ideario-de-nuestro-espacio-politico\/#primaryimage","url":"https:\/\/apuntesdesanluis.com\/wp-content\/uploads\/2024\/10\/BARTOLO.png","contentUrl":"https:\/\/apuntesdesanluis.com\/wp-content\/uploads\/2024\/10\/BARTOLO.png","width":790,"height":495},{"@type":"BreadcrumbList","@id":"https:\/\/apuntesdesanluis.com\/index.php\/2024\/10\/28\/bartolome-abdala-villarruel-esta-comprometida-con-el-ideario-de-nuestro-espacio-politico\/#breadcrumb","itemListElement":[{"@type":"ListItem","position":1,"name":"Inicio","item":"https:\/\/apuntesdesanluis.com\/"},{"@type":"ListItem","position":2,"name":"BARTOLOM\u00c9 ABDALA: &#8220;VILLARRUEL EST\u00c1 COMPROMETIDA CON EL IDEARIO DE NUESTRO ESPACIO POL\u00cdTICO&#8221;"}]},{"@type":"WebSite","@id":"https:\/\/apuntesdesanluis.com\/#website","url":"https:\/\/apuntesdesanluis.com\/","name":"Apuntes de San Luis","description":"","publisher":{"@id":"https:\/\/apuntesdesanluis.com\/#\/schema\/person\/b55151d52296fcce64d1a72538a70b90"},"potentialAction":[{"@type":"SearchAction","target":{"@type":"EntryPoint","urlTemplate":"https:\/\/apuntesdesanluis.com\/?s={search_term_string}"},"query-input":{"@type":"PropertyValueSpecification","valueRequired":true,"valueName":"search_term_string"}}],"inLanguage":"es-AR"},{"@type":["Person","Organization"],"@id":"https:\/\/apuntesdesanluis.com\/#\/schema\/person\/b55151d52296fcce64d1a72538a70b90","name":"apuntesdesanluis.com","image":{"@type":"ImageObject","inLanguage":"es-AR","@id":"https:\/\/apuntesdesanluis.com\/#\/schema\/person\/image\/","url":"https:\/\/apuntesdesanluis.com\/wp-content\/uploads\/2023\/07\/cropped-apuntesdesanluis.png","contentUrl":"https:\/\/apuntesdesanluis.com\/wp-content\/uploads\/2023\/07\/cropped-apuntesdesanluis.png","width":450,"height":112,"caption":"apuntesdesanluis.com"},"logo":{"@id":"https:\/\/apuntesdesanluis.com\/#\/schema\/person\/image\/"},"sameAs":["https:\/\/apuntesdesanluis.com"],"url":"https:\/\/apuntesdesanluis.com\/index.php\/author\/apuntesdesanluis-com\/"}]}},"featured_image_urls":{"full":["https:\/\/apuntesdesanluis.com\/wp-content\/uploads\/2024\/10\/BARTOLO.png",790,495,false],"thumbnail":["https:\/\/apuntesdesanluis.com\/wp-content\/uploads\/2024\/10\/BARTOLO-150x150.png",150,150,true],"medium":["https:\/\/apuntesdesanluis.com\/wp-content\/uploads\/2024\/10\/BARTOLO-300x188.png",300,188,true],"medium_large":["https:\/\/apuntesdesanluis.com\/wp-content\/uploads\/2024\/10\/BARTOLO-768x481.png",640,401,true],"large":["https:\/\/apuntesdesanluis.com\/wp-content\/uploads\/2024\/10\/BARTOLO.png",640,401,false],"1536x1536":["https:\/\/apuntesdesanluis.com\/wp-content\/uploads\/2024\/10\/BARTOLO.png",790,495,false],"2048x2048":["https:\/\/apuntesdesanluis.com\/wp-content\/uploads\/2024\/10\/BARTOLO.png",790,495,false],"newsever-slider-full":["https:\/\/apuntesdesanluis.com\/wp-content\/uploads\/2024\/10\/BARTOLO.png",790,495,false],"newsever-featured":["https:\/\/apuntesdesanluis.com\/wp-content\/uploads\/2024\/10\/BARTOLO.png",790,495,false],"newsever-medium":["https:\/\/apuntesdesanluis.com\/wp-content\/uploads\/2024\/10\/BARTOLO-720x475.png",720,475,true]},"author_info":{"display_name":"apuntesdesanluis.com","author_link":"https:\/\/apuntesdesanluis.com\/index.php\/author\/apuntesdesanluis-com\/"},"category_info":"<a href=\"https:\/\/apuntesdesanluis.com\/index.php\/category\/nacionales-internacionales\/\" rel=\"category tag\">Nacionales\/Internacionales<\/a>","tag_info":"Nacionales\/Internacionales","comment_count":"0","_links":{"self":[{"href":"https:\/\/apuntesdesanluis.com\/index.php\/wp-json\/wp\/v2\/posts\/24476","targetHints":{"allow":["GET"]}}],"collection":[{"href":"https:\/\/apuntesdesanluis.com\/index.php\/wp-json\/wp\/v2\/posts"}],"about":[{"href":"https:\/\/apuntesdesanluis.com\/index.php\/wp-json\/wp\/v2\/types\/post"}],"author":[{"embeddable":true,"href":"https:\/\/apuntesdesanluis.com\/index.php\/wp-json\/wp\/v2\/users\/1"}],"replies":[{"embeddable":true,"href":"https:\/\/apuntesdesanluis.com\/index.php\/wp-json\/wp\/v2\/comments?post=24476"}],"version-history":[{"count":1,"href":"https:\/\/apuntesdesanluis.com\/index.php\/wp-json\/wp\/v2\/posts\/24476\/revisions"}],"predecessor-version":[{"id":24479,"href":"https:\/\/apuntesdesanluis.com\/index.php\/wp-json\/wp\/v2\/posts\/24476\/revisions\/24479"}],"wp:featuredmedia":[{"embeddable":true,"href":"https:\/\/apuntesdesanluis.com\/index.php\/wp-json\/wp\/v2\/media\/24477"}],"wp:attachment":[{"href":"https:\/\/apuntesdesanluis.com\/index.php\/wp-json\/wp\/v2\/media?parent=24476"}],"wp:term":[{"taxonomy":"category","embeddable":true,"href":"https:\/\/apuntesdesanluis.com\/index.php\/wp-json\/wp\/v2\/categories?post=24476"},{"taxonomy":"post_tag","embeddable":true,"href":"https:\/\/apuntesdesanluis.com\/index.php\/wp-json\/wp\/v2\/tags?post=24476"}],"curies":[{"name":"wp","href":"https:\/\/api.w.org\/{rel}","templated":true}]}}