{"id":2448,"date":"2023-08-31T14:30:57","date_gmt":"2023-08-31T17:30:57","guid":{"rendered":"https:\/\/apuntesdesanluis.com\/?p=2448"},"modified":"2023-08-31T14:36:24","modified_gmt":"2023-08-31T17:36:24","slug":"un-foco-de-incendio-se-mantiene-activo-en-la-zona-de-mina-clavero","status":"publish","type":"post","link":"https:\/\/apuntesdesanluis.com\/index.php\/2023\/08\/31\/un-foco-de-incendio-se-mantiene-activo-en-la-zona-de-mina-clavero\/","title":{"rendered":"UN FOCO DE INCENDIO SE MANTIENE ACTIVO EN LA ZONA DE MINA CLAVERO"},"content":{"rendered":"<h3>El fuego se origin\u00f3 en la Estancia Taruca Pampa y las autoridades ya desplegaron el personal de bomberos y del Equipo T\u00e1ctico de Acci\u00f3n ante Cat\u00e1strofes para tratar de contener.<\/h3>\n<h3>Luego de varios d\u00edas de tareas de combate, los brigadistas lograron contener todos los incendios forestales que durante la semana se hab\u00edan registrado en distintos puntos serranos de C\u00f3rdoba, en tanto el \u00fanico foco activo de este jueves se ubica en Estancia Taruca Pampa, que se inici\u00f3 en la noche del mi\u00e9rcoles en esa jurisdicci\u00f3n de las altas cumbres de Mina Clavero, inform\u00f3 una fuente oficial.<\/h3>\n<h3>El secretario de Gesti\u00f3n de Riesgo Clim\u00e1tico, Cat\u00e1strofes y Protecci\u00f3n Civil, Claudio Vignetta, manifest\u00f3 a los medios locales que el pasado mi\u00e9rcoles se registraron incendios forestales en la zona de El Brete, en el departamento norte\u00f1o de Cruz del Eje, que pudo ser contenido y se trabaja para que \u201cno haya reinicios\u201d.<\/h3>\n<h3>El pasado mi\u00e9rcoles tambi\u00e9n se origin\u00f3 un foco de incendio en Estancia Taruca Pampa, en traslasierra, y que desde las primeras horas de la ma\u00f1ana de este jueves se despliega el personal de bomberos y del Equipo T\u00e1ctico de Acci\u00f3n ante Cat\u00e1strofes (ETAC) para tratar de contener.<\/h3>\n<h3>Al respecto dijo que en la noche del pasado mi\u00e9rcoles no se pudo llegar a la cabeza del incendio debido a que se trata de un \u201clugar de muy dif\u00edcil acceso\u201d, y se espera que durante la jornada de este jueves puedan hacerlo.<\/h3>\n<h3>\u201cHoy seguimos con alerta extremo, por lo que sugerimos extremar todas las medidas de seguridad para evitar los incendios\u201d, pidi\u00f3 el funcionario al alertar que podr\u00edan registrarse fuertes vientos en la provincia.<\/h3>\n<h3>En las \u00faltimas horas de la tarde del mi\u00e9rcoles se pudo contener, y mantener en guardia de cenizas, el incendio que estaba activo desde el pasado lunes en las sierras de Loma Alta, en jurisdicci\u00f3n de Potrero de Garay, en el Valle de Calamuchita.<\/h3>\n","protected":false},"excerpt":{"rendered":"<p>El fuego se origin\u00f3 en la Estancia Taruca Pampa y las autoridades ya desplegaron el&#8230;<\/p>\n","protected":false},"author":1,"featured_media":2449,"comment_status":"closed","ping_status":"closed","sticky":false,"template":"","format":"standard","meta":{"footnotes":""},"categories":[5],"tags":[],"class_list":["post-2448","post","type-post","status-publish","format-standard","has-post-thumbnail","hentry","category-nacionales-internacionales"],"yoast_head":"<!-- This site is optimized with the Yoast SEO plugin v26.1.1 - https:\/\/yoast.com\/wordpress\/plugins\/seo\/ -->\n<title>UN FOCO DE INCENDIO SE MANTIENE ACTIVO EN LA ZONA DE MINA CLAVERO - Apuntes de San Luis<\/title>\n<meta name=\"robots\" content=\"index, follow, max-snippet:-1, max-image-preview:large, max-video-preview:-1\" \/>\n<link rel=\"canonical\" href=\"https:\/\/apuntesdesanluis.com\/index.php\/2023\/08\/31\/un-foco-de-incendio-se-mantiene-activo-en-la-zona-de-mina-clavero\/\" \/>\n<meta property=\"og:locale\" content=\"es_ES\" \/>\n<meta property=\"og:type\" content=\"article\" \/>\n<meta property=\"og:title\" content=\"UN FOCO DE INCENDIO SE MANTIENE ACTIVO EN LA ZONA DE MINA CLAVERO - Apuntes de San Luis\" \/>\n<meta property=\"og:description\" content=\"El fuego se origin\u00f3 en la Estancia Taruca Pampa y las autoridades ya desplegaron el...\" \/>\n<meta property=\"og:url\" content=\"https:\/\/apuntesdesanluis.com\/index.php\/2023\/08\/31\/un-foco-de-incendio-se-mantiene-activo-en-la-zona-de-mina-clavero\/\" \/>\n<meta property=\"og:site_name\" content=\"Apuntes de San Luis\" \/>\n<meta property=\"article:published_time\" content=\"2023-08-31T17:30:57+00:00\" \/>\n<meta property=\"article:modified_time\" content=\"2023-08-31T17:36:24+00:00\" \/>\n<meta property=\"og:image\" content=\"https:\/\/apuntesdesanluis.com\/wp-content\/uploads\/2023\/08\/INCENDIO-MINA-CLAVERO.png\" \/>\n\t<meta property=\"og:image:width\" content=\"600\" \/>\n\t<meta property=\"og:image:height\" content=\"378\" \/>\n\t<meta property=\"og:image:type\" content=\"image\/png\" \/>\n<meta name=\"author\" content=\"apuntesdesanluis.com\" \/>\n<meta name=\"twitter:card\" content=\"summary_large_image\" \/>\n<meta name=\"twitter:label1\" content=\"Escrito por\" \/>\n\t<meta name=\"twitter:data1\" content=\"apuntesdesanluis.com\" \/>\n\t<meta name=\"twitter:label2\" content=\"Tiempo de lectura\" \/>\n\t<meta name=\"twitter:data2\" content=\"2 minutos\" \/>\n<script type=\"application\/ld+json\" class=\"yoast-schema-graph\">{\"@context\":\"https:\/\/schema.org\",\"@graph\":[{\"@type\":\"Article\",\"@id\":\"https:\/\/apuntesdesanluis.com\/index.php\/2023\/08\/31\/un-foco-de-incendio-se-mantiene-activo-en-la-zona-de-mina-clavero\/#article\",\"isPartOf\":{\"@id\":\"https:\/\/apuntesdesanluis.com\/index.php\/2023\/08\/31\/un-foco-de-incendio-se-mantiene-activo-en-la-zona-de-mina-clavero\/\"},\"author\":{\"name\":\"apuntesdesanluis.com\",\"@id\":\"https:\/\/apuntesdesanluis.com\/#\/schema\/person\/b55151d52296fcce64d1a72538a70b90\"},\"headline\":\"UN FOCO DE INCENDIO SE MANTIENE ACTIVO EN LA ZONA DE MINA CLAVERO\",\"datePublished\":\"2023-08-31T17:30:57+00:00\",\"dateModified\":\"2023-08-31T17:36:24+00:00\",\"mainEntityOfPage\":{\"@id\":\"https:\/\/apuntesdesanluis.com\/index.php\/2023\/08\/31\/un-foco-de-incendio-se-mantiene-activo-en-la-zona-de-mina-clavero\/\"},\"wordCount\":352,\"publisher\":{\"@id\":\"https:\/\/apuntesdesanluis.com\/#\/schema\/person\/b55151d52296fcce64d1a72538a70b90\"},\"image\":{\"@id\":\"https:\/\/apuntesdesanluis.com\/index.php\/2023\/08\/31\/un-foco-de-incendio-se-mantiene-activo-en-la-zona-de-mina-clavero\/#primaryimage\"},\"thumbnailUrl\":\"https:\/\/apuntesdesanluis.com\/wp-content\/uploads\/2023\/08\/INCENDIO-MINA-CLAVERO.png\",\"articleSection\":[\"Nacionales\/Internacionales\"],\"inLanguage\":\"es-AR\"},{\"@type\":\"WebPage\",\"@id\":\"https:\/\/apuntesdesanluis.com\/index.php\/2023\/08\/31\/un-foco-de-incendio-se-mantiene-activo-en-la-zona-de-mina-clavero\/\",\"url\":\"https:\/\/apuntesdesanluis.com\/index.php\/2023\/08\/31\/un-foco-de-incendio-se-mantiene-activo-en-la-zona-de-mina-clavero\/\",\"name\":\"UN FOCO DE INCENDIO SE MANTIENE ACTIVO EN LA ZONA DE MINA CLAVERO - Apuntes de San Luis\",\"isPartOf\":{\"@id\":\"https:\/\/apuntesdesanluis.com\/#website\"},\"primaryImageOfPage\":{\"@id\":\"https:\/\/apuntesdesanluis.com\/index.php\/2023\/08\/31\/un-foco-de-incendio-se-mantiene-activo-en-la-zona-de-mina-clavero\/#primaryimage\"},\"image\":{\"@id\":\"https:\/\/apuntesdesanluis.com\/index.php\/2023\/08\/31\/un-foco-de-incendio-se-mantiene-activo-en-la-zona-de-mina-clavero\/#primaryimage\"},\"thumbnailUrl\":\"https:\/\/apuntesdesanluis.com\/wp-content\/uploads\/2023\/08\/INCENDIO-MINA-CLAVERO.png\",\"datePublished\":\"2023-08-31T17:30:57+00:00\",\"dateModified\":\"2023-08-31T17:36:24+00:00\",\"breadcrumb\":{\"@id\":\"https:\/\/apuntesdesanluis.com\/index.php\/2023\/08\/31\/un-foco-de-incendio-se-mantiene-activo-en-la-zona-de-mina-clavero\/#breadcrumb\"},\"inLanguage\":\"es-AR\",\"potentialAction\":[{\"@type\":\"ReadAction\",\"target\":[\"https:\/\/apuntesdesanluis.com\/index.php\/2023\/08\/31\/un-foco-de-incendio-se-mantiene-activo-en-la-zona-de-mina-clavero\/\"]}]},{\"@type\":\"ImageObject\",\"inLanguage\":\"es-AR\",\"@id\":\"https:\/\/apuntesdesanluis.com\/index.php\/2023\/08\/31\/un-foco-de-incendio-se-mantiene-activo-en-la-zona-de-mina-clavero\/#primaryimage\",\"url\":\"https:\/\/apuntesdesanluis.com\/wp-content\/uploads\/2023\/08\/INCENDIO-MINA-CLAVERO.png\",\"contentUrl\":\"https:\/\/apuntesdesanluis.com\/wp-content\/uploads\/2023\/08\/INCENDIO-MINA-CLAVERO.png\",\"width\":600,\"height\":378},{\"@type\":\"BreadcrumbList\",\"@id\":\"https:\/\/apuntesdesanluis.com\/index.php\/2023\/08\/31\/un-foco-de-incendio-se-mantiene-activo-en-la-zona-de-mina-clavero\/#breadcrumb\",\"itemListElement\":[{\"@type\":\"ListItem\",\"position\":1,\"name\":\"Inicio\",\"item\":\"https:\/\/apuntesdesanluis.com\/\"},{\"@type\":\"ListItem\",\"position\":2,\"name\":\"UN FOCO DE INCENDIO SE MANTIENE ACTIVO EN LA ZONA DE MINA CLAVERO\"}]},{\"@type\":\"WebSite\",\"@id\":\"https:\/\/apuntesdesanluis.com\/#website\",\"url\":\"https:\/\/apuntesdesanluis.com\/\",\"name\":\"Apuntes de San Luis\",\"description\":\"\",\"publisher\":{\"@id\":\"https:\/\/apuntesdesanluis.com\/#\/schema\/person\/b55151d52296fcce64d1a72538a70b90\"},\"potentialAction\":[{\"@type\":\"SearchAction\",\"target\":{\"@type\":\"EntryPoint\",\"urlTemplate\":\"https:\/\/apuntesdesanluis.com\/?s={search_term_string}\"},\"query-input\":{\"@type\":\"PropertyValueSpecification\",\"valueRequired\":true,\"valueName\":\"search_term_string\"}}],\"inLanguage\":\"es-AR\"},{\"@type\":[\"Person\",\"Organization\"],\"@id\":\"https:\/\/apuntesdesanluis.com\/#\/schema\/person\/b55151d52296fcce64d1a72538a70b90\",\"name\":\"apuntesdesanluis.com\",\"image\":{\"@type\":\"ImageObject\",\"inLanguage\":\"es-AR\",\"@id\":\"https:\/\/apuntesdesanluis.com\/#\/schema\/person\/image\/\",\"url\":\"https:\/\/apuntesdesanluis.com\/wp-content\/uploads\/2023\/07\/cropped-apuntesdesanluis.png\",\"contentUrl\":\"https:\/\/apuntesdesanluis.com\/wp-content\/uploads\/2023\/07\/cropped-apuntesdesanluis.png\",\"width\":450,\"height\":112,\"caption\":\"apuntesdesanluis.com\"},\"logo\":{\"@id\":\"https:\/\/apuntesdesanluis.com\/#\/schema\/person\/image\/\"},\"sameAs\":[\"https:\/\/apuntesdesanluis.com\"],\"url\":\"https:\/\/apuntesdesanluis.com\/index.php\/author\/apuntesdesanluis-com\/\"}]}<\/script>\n<!-- \/ Yoast SEO plugin. -->","yoast_head_json":{"title":"UN FOCO DE INCENDIO SE MANTIENE ACTIVO EN LA ZONA DE MINA CLAVERO - Apuntes de San Luis","robots":{"index":"index","follow":"follow","max-snippet":"max-snippet:-1","max-image-preview":"max-image-preview:large","max-video-preview":"max-video-preview:-1"},"canonical":"https:\/\/apuntesdesanluis.com\/index.php\/2023\/08\/31\/un-foco-de-incendio-se-mantiene-activo-en-la-zona-de-mina-clavero\/","og_locale":"es_ES","og_type":"article","og_title":"UN FOCO DE INCENDIO SE MANTIENE ACTIVO EN LA ZONA DE MINA CLAVERO - Apuntes de San Luis","og_description":"El fuego se origin\u00f3 en la Estancia Taruca Pampa y las autoridades ya desplegaron el...","og_url":"https:\/\/apuntesdesanluis.com\/index.php\/2023\/08\/31\/un-foco-de-incendio-se-mantiene-activo-en-la-zona-de-mina-clavero\/","og_site_name":"Apuntes de San Luis","article_published_time":"2023-08-31T17:30:57+00:00","article_modified_time":"2023-08-31T17:36:24+00:00","og_image":[{"width":600,"height":378,"url":"https:\/\/apuntesdesanluis.com\/wp-content\/uploads\/2023\/08\/INCENDIO-MINA-CLAVERO.png","type":"image\/png"}],"author":"apuntesdesanluis.com","twitter_card":"summary_large_image","twitter_misc":{"Escrito por":"apuntesdesanluis.com","Tiempo de lectura":"2 minutos"},"schema":{"@context":"https:\/\/schema.org","@graph":[{"@type":"Article","@id":"https:\/\/apuntesdesanluis.com\/index.php\/2023\/08\/31\/un-foco-de-incendio-se-mantiene-activo-en-la-zona-de-mina-clavero\/#article","isPartOf":{"@id":"https:\/\/apuntesdesanluis.com\/index.php\/2023\/08\/31\/un-foco-de-incendio-se-mantiene-activo-en-la-zona-de-mina-clavero\/"},"author":{"name":"apuntesdesanluis.com","@id":"https:\/\/apuntesdesanluis.com\/#\/schema\/person\/b55151d52296fcce64d1a72538a70b90"},"headline":"UN FOCO DE INCENDIO SE MANTIENE ACTIVO EN LA ZONA DE MINA CLAVERO","datePublished":"2023-08-31T17:30:57+00:00","dateModified":"2023-08-31T17:36:24+00:00","mainEntityOfPage":{"@id":"https:\/\/apuntesdesanluis.com\/index.php\/2023\/08\/31\/un-foco-de-incendio-se-mantiene-activo-en-la-zona-de-mina-clavero\/"},"wordCount":352,"publisher":{"@id":"https:\/\/apuntesdesanluis.com\/#\/schema\/person\/b55151d52296fcce64d1a72538a70b90"},"image":{"@id":"https:\/\/apuntesdesanluis.com\/index.php\/2023\/08\/31\/un-foco-de-incendio-se-mantiene-activo-en-la-zona-de-mina-clavero\/#primaryimage"},"thumbnailUrl":"https:\/\/apuntesdesanluis.com\/wp-content\/uploads\/2023\/08\/INCENDIO-MINA-CLAVERO.png","articleSection":["Nacionales\/Internacionales"],"inLanguage":"es-AR"},{"@type":"WebPage","@id":"https:\/\/apuntesdesanluis.com\/index.php\/2023\/08\/31\/un-foco-de-incendio-se-mantiene-activo-en-la-zona-de-mina-clavero\/","url":"https:\/\/apuntesdesanluis.com\/index.php\/2023\/08\/31\/un-foco-de-incendio-se-mantiene-activo-en-la-zona-de-mina-clavero\/","name":"UN FOCO DE INCENDIO SE MANTIENE ACTIVO EN LA ZONA DE MINA CLAVERO - Apuntes de San Luis","isPartOf":{"@id":"https:\/\/apuntesdesanluis.com\/#website"},"primaryImageOfPage":{"@id":"https:\/\/apuntesdesanluis.com\/index.php\/2023\/08\/31\/un-foco-de-incendio-se-mantiene-activo-en-la-zona-de-mina-clavero\/#primaryimage"},"image":{"@id":"https:\/\/apuntesdesanluis.com\/index.php\/2023\/08\/31\/un-foco-de-incendio-se-mantiene-activo-en-la-zona-de-mina-clavero\/#primaryimage"},"thumbnailUrl":"https:\/\/apuntesdesanluis.com\/wp-content\/uploads\/2023\/08\/INCENDIO-MINA-CLAVERO.png","datePublished":"2023-08-31T17:30:57+00:00","dateModified":"2023-08-31T17:36:24+00:00","breadcrumb":{"@id":"https:\/\/apuntesdesanluis.com\/index.php\/2023\/08\/31\/un-foco-de-incendio-se-mantiene-activo-en-la-zona-de-mina-clavero\/#breadcrumb"},"inLanguage":"es-AR","potentialAction":[{"@type":"ReadAction","target":["https:\/\/apuntesdesanluis.com\/index.php\/2023\/08\/31\/un-foco-de-incendio-se-mantiene-activo-en-la-zona-de-mina-clavero\/"]}]},{"@type":"ImageObject","inLanguage":"es-AR","@id":"https:\/\/apuntesdesanluis.com\/index.php\/2023\/08\/31\/un-foco-de-incendio-se-mantiene-activo-en-la-zona-de-mina-clavero\/#primaryimage","url":"https:\/\/apuntesdesanluis.com\/wp-content\/uploads\/2023\/08\/INCENDIO-MINA-CLAVERO.png","contentUrl":"https:\/\/apuntesdesanluis.com\/wp-content\/uploads\/2023\/08\/INCENDIO-MINA-CLAVERO.png","width":600,"height":378},{"@type":"BreadcrumbList","@id":"https:\/\/apuntesdesanluis.com\/index.php\/2023\/08\/31\/un-foco-de-incendio-se-mantiene-activo-en-la-zona-de-mina-clavero\/#breadcrumb","itemListElement":[{"@type":"ListItem","position":1,"name":"Inicio","item":"https:\/\/apuntesdesanluis.com\/"},{"@type":"ListItem","position":2,"name":"UN FOCO DE INCENDIO SE MANTIENE ACTIVO EN LA ZONA DE MINA CLAVERO"}]},{"@type":"WebSite","@id":"https:\/\/apuntesdesanluis.com\/#website","url":"https:\/\/apuntesdesanluis.com\/","name":"Apuntes de San Luis","description":"","publisher":{"@id":"https:\/\/apuntesdesanluis.com\/#\/schema\/person\/b55151d52296fcce64d1a72538a70b90"},"potentialAction":[{"@type":"SearchAction","target":{"@type":"EntryPoint","urlTemplate":"https:\/\/apuntesdesanluis.com\/?s={search_term_string}"},"query-input":{"@type":"PropertyValueSpecification","valueRequired":true,"valueName":"search_term_string"}}],"inLanguage":"es-AR"},{"@type":["Person","Organization"],"@id":"https:\/\/apuntesdesanluis.com\/#\/schema\/person\/b55151d52296fcce64d1a72538a70b90","name":"apuntesdesanluis.com","image":{"@type":"ImageObject","inLanguage":"es-AR","@id":"https:\/\/apuntesdesanluis.com\/#\/schema\/person\/image\/","url":"https:\/\/apuntesdesanluis.com\/wp-content\/uploads\/2023\/07\/cropped-apuntesdesanluis.png","contentUrl":"https:\/\/apuntesdesanluis.com\/wp-content\/uploads\/2023\/07\/cropped-apuntesdesanluis.png","width":450,"height":112,"caption":"apuntesdesanluis.com"},"logo":{"@id":"https:\/\/apuntesdesanluis.com\/#\/schema\/person\/image\/"},"sameAs":["https:\/\/apuntesdesanluis.com"],"url":"https:\/\/apuntesdesanluis.com\/index.php\/author\/apuntesdesanluis-com\/"}]}},"featured_image_urls":{"full":["https:\/\/apuntesdesanluis.com\/wp-content\/uploads\/2023\/08\/INCENDIO-MINA-CLAVERO.png",600,378,false],"thumbnail":["https:\/\/apuntesdesanluis.com\/wp-content\/uploads\/2023\/08\/INCENDIO-MINA-CLAVERO-150x150.png",150,150,true],"medium":["https:\/\/apuntesdesanluis.com\/wp-content\/uploads\/2023\/08\/INCENDIO-MINA-CLAVERO-300x189.png",300,189,true],"medium_large":["https:\/\/apuntesdesanluis.com\/wp-content\/uploads\/2023\/08\/INCENDIO-MINA-CLAVERO.png",600,378,false],"large":["https:\/\/apuntesdesanluis.com\/wp-content\/uploads\/2023\/08\/INCENDIO-MINA-CLAVERO.png",600,378,false],"1536x1536":["https:\/\/apuntesdesanluis.com\/wp-content\/uploads\/2023\/08\/INCENDIO-MINA-CLAVERO.png",600,378,false],"2048x2048":["https:\/\/apuntesdesanluis.com\/wp-content\/uploads\/2023\/08\/INCENDIO-MINA-CLAVERO.png",600,378,false],"newsever-slider-full":["https:\/\/apuntesdesanluis.com\/wp-content\/uploads\/2023\/08\/INCENDIO-MINA-CLAVERO.png",600,378,false],"newsever-featured":["https:\/\/apuntesdesanluis.com\/wp-content\/uploads\/2023\/08\/INCENDIO-MINA-CLAVERO.png",600,378,false],"newsever-medium":["https:\/\/apuntesdesanluis.com\/wp-content\/uploads\/2023\/08\/INCENDIO-MINA-CLAVERO.png",600,378,false]},"author_info":{"display_name":"apuntesdesanluis.com","author_link":"https:\/\/apuntesdesanluis.com\/index.php\/author\/apuntesdesanluis-com\/"},"category_info":"<a href=\"https:\/\/apuntesdesanluis.com\/index.php\/category\/nacionales-internacionales\/\" rel=\"category tag\">Nacionales\/Internacionales<\/a>","tag_info":"Nacionales\/Internacionales","comment_count":"0","_links":{"self":[{"href":"https:\/\/apuntesdesanluis.com\/index.php\/wp-json\/wp\/v2\/posts\/2448","targetHints":{"allow":["GET"]}}],"collection":[{"href":"https:\/\/apuntesdesanluis.com\/index.php\/wp-json\/wp\/v2\/posts"}],"about":[{"href":"https:\/\/apuntesdesanluis.com\/index.php\/wp-json\/wp\/v2\/types\/post"}],"author":[{"embeddable":true,"href":"https:\/\/apuntesdesanluis.com\/index.php\/wp-json\/wp\/v2\/users\/1"}],"replies":[{"embeddable":true,"href":"https:\/\/apuntesdesanluis.com\/index.php\/wp-json\/wp\/v2\/comments?post=2448"}],"version-history":[{"count":1,"href":"https:\/\/apuntesdesanluis.com\/index.php\/wp-json\/wp\/v2\/posts\/2448\/revisions"}],"predecessor-version":[{"id":2450,"href":"https:\/\/apuntesdesanluis.com\/index.php\/wp-json\/wp\/v2\/posts\/2448\/revisions\/2450"}],"wp:featuredmedia":[{"embeddable":true,"href":"https:\/\/apuntesdesanluis.com\/index.php\/wp-json\/wp\/v2\/media\/2449"}],"wp:attachment":[{"href":"https:\/\/apuntesdesanluis.com\/index.php\/wp-json\/wp\/v2\/media?parent=2448"}],"wp:term":[{"taxonomy":"category","embeddable":true,"href":"https:\/\/apuntesdesanluis.com\/index.php\/wp-json\/wp\/v2\/categories?post=2448"},{"taxonomy":"post_tag","embeddable":true,"href":"https:\/\/apuntesdesanluis.com\/index.php\/wp-json\/wp\/v2\/tags?post=2448"}],"curies":[{"name":"wp","href":"https:\/\/api.w.org\/{rel}","templated":true}]}}