{"id":24480,"date":"2024-10-28T22:10:08","date_gmt":"2024-10-29T01:10:08","guid":{"rendered":"https:\/\/apuntesdesanluis.com\/?p=24480"},"modified":"2024-10-28T22:13:01","modified_gmt":"2024-10-29T01:13:01","slug":"cargos-por-lesiones-graves-al-joven-acusado-de-agredir-a-otro-a-la-salida-de-un-boliche","status":"publish","type":"post","link":"https:\/\/apuntesdesanluis.com\/index.php\/2024\/10\/28\/cargos-por-lesiones-graves-al-joven-acusado-de-agredir-a-otro-a-la-salida-de-un-boliche\/","title":{"rendered":"CARGOS POR \u201cLESIONES GRAVES\u201d AL JOVEN ACUSADO DE AGREDIR A OTRO A LA SALIDA DE UN BOLICHE"},"content":{"rendered":"<h3>El Ministerio P\u00fablico Fiscal (MPF) investiga el hecho ocurrido el pasado domingo 27 de octubre a las 5:42 hs aproximadamente\u00a0 en el lugar llamado <strong>Espacio Mitre<\/strong>, donde se produjo una pelea entre dos grupos de personas y donde un joven menor fue herido con una botella en la cabeza. Producto del golpe, sufri\u00f3 un traumatismo de cr\u00e1neo grave con hemorragia y actualmente se encuentra con pron\u00f3stico reservado.<\/h3>\n<h3>El \u00a0joven de 19 a\u00f1os fue imputado por el delito de lesiones graves y continuar\u00e1 detenido atento el pedido de pr\u00f3rroga de la Defensa.<\/h3>\n<h3>Seg\u00fan el relato Fiscal, el primer conflicto sucedi\u00f3 cuando el personal de seguridad del local sac\u00f3 a un grupo de personas del lugar, en dicho grupo se encontraba el imputado, luego, seg\u00fan lo visualizado en las c\u00e1maras de seguridad, se observ\u00f3 al grupo trasladarse hacia el frente del boliche, donde buscaron botellas.<\/h3>\n<p><img fetchpriority=\"high\" decoding=\"async\" class=\"wp-image-24423 aligncenter\" src=\"https:\/\/apuntesdesanluis.com\/wp-content\/uploads\/2024\/10\/Espacio-Mitre-300x140.jpg\" alt=\"\" width=\"630\" height=\"294\" srcset=\"https:\/\/apuntesdesanluis.com\/wp-content\/uploads\/2024\/10\/Espacio-Mitre-300x140.jpg 300w, https:\/\/apuntesdesanluis.com\/wp-content\/uploads\/2024\/10\/Espacio-Mitre.jpg 578w\" sizes=\"(max-width: 630px) 100vw, 630px\" \/><\/p>\n<h3>Seguidamente, relat\u00f3 Fiscal\u00eda, se los observ\u00f3 volver al ingreso de Espacio Mitre donde se produjo un tumulto y a posterior la llegada del Sempro, todo coincidente con lo relatado por los testigos. Asimismo la Fiscal mencion\u00f3 las evidencias que vinculan al imputado con el hecho, testigos y la inspecci\u00f3n realizada en el lugar en donde se encontraron manchas hem\u00e1ticas en la vereda, en el hall de ingreso se hall\u00f3 una botella con sangre, del lugar se extrajeron muestras, explic\u00f3.<\/h3>\n<h3>La Fiscal formul\u00f3 cargos por el delito de lesiones graves en calidad de autor y mencion\u00f3 la posible participaci\u00f3n de otro sindicado quien habr\u00eda agredido a otra persona, y manifest\u00f3 que la investigaci\u00f3n continuar\u00e1.<\/h3>\n<h3>La representante del Ministerio P\u00fablico de la Defensa (MPD) no formul\u00f3 objeciones en esta oportunidad pero si expres\u00f3 que existieron algunas inconsistencias y solicit\u00f3\u00a0 la pr\u00f3rroga de detenci\u00f3n a los fines de realizar la investigaci\u00f3n que haga a la defensa del imputado.<\/h3>\n<h3>La Juez de Garant\u00eda N\u00ba 3, Dra. Mirta Ucelay admiti\u00f3 la formulaci\u00f3n de cargos y concedi\u00f3 la pr\u00f3rroga de detenci\u00f3n hasta el jueves 31 de octubre. De esta manera,\u00a0 dio inicio a la etapa de investigaci\u00f3n penal preparatoria.<\/h3>\n<h3>En representaci\u00f3n del MPF intervinieron las Dras. Daniela Torres -Fiscal de Instrucci\u00f3n-, y la Dra. Julieta Moyano -Fiscal Adjunta-, en representaci\u00f3n del MPD la Dra. Cecilia Mithiaux -Defensora Oficial en lo Penal-. Como Secretaria del Juzgado, la Dra. Natalia Pereyra Cardini.<\/h3>\n<p>&nbsp;<\/p>\n<p>&nbsp;<\/p>\n<p>&nbsp;<\/p>\n","protected":false},"excerpt":{"rendered":"<p>El Ministerio P\u00fablico Fiscal (MPF) investiga el hecho ocurrido el pasado domingo 27 de octubre&#8230;<\/p>\n","protected":false},"author":1,"featured_media":24481,"comment_status":"closed","ping_status":"closed","sticky":false,"template":"","format":"standard","meta":{"footnotes":""},"categories":[6],"tags":[],"class_list":["post-24480","post","type-post","status-publish","format-standard","has-post-thumbnail","hentry","category-ciudad-provincia"],"yoast_head":"<!-- This site is optimized with the Yoast SEO plugin v26.1.1 - https:\/\/yoast.com\/wordpress\/plugins\/seo\/ -->\n<title>CARGOS POR \u201cLESIONES GRAVES\u201d AL JOVEN ACUSADO DE AGREDIR A OTRO A LA SALIDA DE UN BOLICHE - Apuntes de San Luis<\/title>\n<meta name=\"robots\" content=\"index, follow, max-snippet:-1, max-image-preview:large, max-video-preview:-1\" \/>\n<link rel=\"canonical\" href=\"https:\/\/apuntesdesanluis.com\/index.php\/2024\/10\/28\/cargos-por-lesiones-graves-al-joven-acusado-de-agredir-a-otro-a-la-salida-de-un-boliche\/\" \/>\n<meta property=\"og:locale\" content=\"es_ES\" \/>\n<meta property=\"og:type\" content=\"article\" \/>\n<meta property=\"og:title\" content=\"CARGOS POR \u201cLESIONES GRAVES\u201d AL JOVEN ACUSADO DE AGREDIR A OTRO A LA SALIDA DE UN BOLICHE - Apuntes de San Luis\" \/>\n<meta property=\"og:description\" content=\"El Ministerio P\u00fablico Fiscal (MPF) investiga el hecho ocurrido el pasado domingo 27 de octubre...\" \/>\n<meta property=\"og:url\" content=\"https:\/\/apuntesdesanluis.com\/index.php\/2024\/10\/28\/cargos-por-lesiones-graves-al-joven-acusado-de-agredir-a-otro-a-la-salida-de-un-boliche\/\" \/>\n<meta property=\"og:site_name\" content=\"Apuntes de San Luis\" \/>\n<meta property=\"article:published_time\" content=\"2024-10-29T01:10:08+00:00\" \/>\n<meta property=\"article:modified_time\" content=\"2024-10-29T01:13:01+00:00\" \/>\n<meta property=\"og:image\" content=\"https:\/\/apuntesdesanluis.com\/wp-content\/uploads\/2024\/10\/AUDIENCIA-X-AGRESION-A-MENOR.png\" \/>\n\t<meta property=\"og:image:width\" content=\"651\" \/>\n\t<meta property=\"og:image:height\" content=\"415\" \/>\n\t<meta property=\"og:image:type\" content=\"image\/png\" \/>\n<meta name=\"author\" content=\"apuntesdesanluis.com\" \/>\n<meta name=\"twitter:card\" content=\"summary_large_image\" \/>\n<meta name=\"twitter:label1\" content=\"Escrito por\" \/>\n\t<meta name=\"twitter:data1\" content=\"apuntesdesanluis.com\" \/>\n\t<meta name=\"twitter:label2\" content=\"Tiempo de lectura\" \/>\n\t<meta name=\"twitter:data2\" content=\"3 minutos\" \/>\n<script type=\"application\/ld+json\" class=\"yoast-schema-graph\">{\"@context\":\"https:\/\/schema.org\",\"@graph\":[{\"@type\":\"Article\",\"@id\":\"https:\/\/apuntesdesanluis.com\/index.php\/2024\/10\/28\/cargos-por-lesiones-graves-al-joven-acusado-de-agredir-a-otro-a-la-salida-de-un-boliche\/#article\",\"isPartOf\":{\"@id\":\"https:\/\/apuntesdesanluis.com\/index.php\/2024\/10\/28\/cargos-por-lesiones-graves-al-joven-acusado-de-agredir-a-otro-a-la-salida-de-un-boliche\/\"},\"author\":{\"name\":\"apuntesdesanluis.com\",\"@id\":\"https:\/\/apuntesdesanluis.com\/#\/schema\/person\/b55151d52296fcce64d1a72538a70b90\"},\"headline\":\"CARGOS POR \u201cLESIONES GRAVES\u201d AL JOVEN ACUSADO DE AGREDIR A OTRO A LA SALIDA DE UN BOLICHE\",\"datePublished\":\"2024-10-29T01:10:08+00:00\",\"dateModified\":\"2024-10-29T01:13:01+00:00\",\"mainEntityOfPage\":{\"@id\":\"https:\/\/apuntesdesanluis.com\/index.php\/2024\/10\/28\/cargos-por-lesiones-graves-al-joven-acusado-de-agredir-a-otro-a-la-salida-de-un-boliche\/\"},\"wordCount\":418,\"publisher\":{\"@id\":\"https:\/\/apuntesdesanluis.com\/#\/schema\/person\/b55151d52296fcce64d1a72538a70b90\"},\"image\":{\"@id\":\"https:\/\/apuntesdesanluis.com\/index.php\/2024\/10\/28\/cargos-por-lesiones-graves-al-joven-acusado-de-agredir-a-otro-a-la-salida-de-un-boliche\/#primaryimage\"},\"thumbnailUrl\":\"https:\/\/apuntesdesanluis.com\/wp-content\/uploads\/2024\/10\/AUDIENCIA-X-AGRESION-A-MENOR.png\",\"articleSection\":[\"Ciudad\/Provincia\"],\"inLanguage\":\"es-AR\"},{\"@type\":\"WebPage\",\"@id\":\"https:\/\/apuntesdesanluis.com\/index.php\/2024\/10\/28\/cargos-por-lesiones-graves-al-joven-acusado-de-agredir-a-otro-a-la-salida-de-un-boliche\/\",\"url\":\"https:\/\/apuntesdesanluis.com\/index.php\/2024\/10\/28\/cargos-por-lesiones-graves-al-joven-acusado-de-agredir-a-otro-a-la-salida-de-un-boliche\/\",\"name\":\"CARGOS POR \u201cLESIONES GRAVES\u201d AL JOVEN ACUSADO DE AGREDIR A OTRO A LA SALIDA DE UN BOLICHE - Apuntes de San Luis\",\"isPartOf\":{\"@id\":\"https:\/\/apuntesdesanluis.com\/#website\"},\"primaryImageOfPage\":{\"@id\":\"https:\/\/apuntesdesanluis.com\/index.php\/2024\/10\/28\/cargos-por-lesiones-graves-al-joven-acusado-de-agredir-a-otro-a-la-salida-de-un-boliche\/#primaryimage\"},\"image\":{\"@id\":\"https:\/\/apuntesdesanluis.com\/index.php\/2024\/10\/28\/cargos-por-lesiones-graves-al-joven-acusado-de-agredir-a-otro-a-la-salida-de-un-boliche\/#primaryimage\"},\"thumbnailUrl\":\"https:\/\/apuntesdesanluis.com\/wp-content\/uploads\/2024\/10\/AUDIENCIA-X-AGRESION-A-MENOR.png\",\"datePublished\":\"2024-10-29T01:10:08+00:00\",\"dateModified\":\"2024-10-29T01:13:01+00:00\",\"breadcrumb\":{\"@id\":\"https:\/\/apuntesdesanluis.com\/index.php\/2024\/10\/28\/cargos-por-lesiones-graves-al-joven-acusado-de-agredir-a-otro-a-la-salida-de-un-boliche\/#breadcrumb\"},\"inLanguage\":\"es-AR\",\"potentialAction\":[{\"@type\":\"ReadAction\",\"target\":[\"https:\/\/apuntesdesanluis.com\/index.php\/2024\/10\/28\/cargos-por-lesiones-graves-al-joven-acusado-de-agredir-a-otro-a-la-salida-de-un-boliche\/\"]}]},{\"@type\":\"ImageObject\",\"inLanguage\":\"es-AR\",\"@id\":\"https:\/\/apuntesdesanluis.com\/index.php\/2024\/10\/28\/cargos-por-lesiones-graves-al-joven-acusado-de-agredir-a-otro-a-la-salida-de-un-boliche\/#primaryimage\",\"url\":\"https:\/\/apuntesdesanluis.com\/wp-content\/uploads\/2024\/10\/AUDIENCIA-X-AGRESION-A-MENOR.png\",\"contentUrl\":\"https:\/\/apuntesdesanluis.com\/wp-content\/uploads\/2024\/10\/AUDIENCIA-X-AGRESION-A-MENOR.png\",\"width\":651,\"height\":415},{\"@type\":\"BreadcrumbList\",\"@id\":\"https:\/\/apuntesdesanluis.com\/index.php\/2024\/10\/28\/cargos-por-lesiones-graves-al-joven-acusado-de-agredir-a-otro-a-la-salida-de-un-boliche\/#breadcrumb\",\"itemListElement\":[{\"@type\":\"ListItem\",\"position\":1,\"name\":\"Inicio\",\"item\":\"https:\/\/apuntesdesanluis.com\/\"},{\"@type\":\"ListItem\",\"position\":2,\"name\":\"CARGOS POR \u201cLESIONES GRAVES\u201d AL JOVEN ACUSADO DE AGREDIR A OTRO A LA SALIDA DE UN BOLICHE\"}]},{\"@type\":\"WebSite\",\"@id\":\"https:\/\/apuntesdesanluis.com\/#website\",\"url\":\"https:\/\/apuntesdesanluis.com\/\",\"name\":\"Apuntes de San Luis\",\"description\":\"\",\"publisher\":{\"@id\":\"https:\/\/apuntesdesanluis.com\/#\/schema\/person\/b55151d52296fcce64d1a72538a70b90\"},\"potentialAction\":[{\"@type\":\"SearchAction\",\"target\":{\"@type\":\"EntryPoint\",\"urlTemplate\":\"https:\/\/apuntesdesanluis.com\/?s={search_term_string}\"},\"query-input\":{\"@type\":\"PropertyValueSpecification\",\"valueRequired\":true,\"valueName\":\"search_term_string\"}}],\"inLanguage\":\"es-AR\"},{\"@type\":[\"Person\",\"Organization\"],\"@id\":\"https:\/\/apuntesdesanluis.com\/#\/schema\/person\/b55151d52296fcce64d1a72538a70b90\",\"name\":\"apuntesdesanluis.com\",\"image\":{\"@type\":\"ImageObject\",\"inLanguage\":\"es-AR\",\"@id\":\"https:\/\/apuntesdesanluis.com\/#\/schema\/person\/image\/\",\"url\":\"https:\/\/apuntesdesanluis.com\/wp-content\/uploads\/2023\/07\/cropped-apuntesdesanluis.png\",\"contentUrl\":\"https:\/\/apuntesdesanluis.com\/wp-content\/uploads\/2023\/07\/cropped-apuntesdesanluis.png\",\"width\":450,\"height\":112,\"caption\":\"apuntesdesanluis.com\"},\"logo\":{\"@id\":\"https:\/\/apuntesdesanluis.com\/#\/schema\/person\/image\/\"},\"sameAs\":[\"https:\/\/apuntesdesanluis.com\"],\"url\":\"https:\/\/apuntesdesanluis.com\/index.php\/author\/apuntesdesanluis-com\/\"}]}<\/script>\n<!-- \/ Yoast SEO plugin. -->","yoast_head_json":{"title":"CARGOS POR \u201cLESIONES GRAVES\u201d AL JOVEN ACUSADO DE AGREDIR A OTRO A LA SALIDA DE UN BOLICHE - Apuntes de San Luis","robots":{"index":"index","follow":"follow","max-snippet":"max-snippet:-1","max-image-preview":"max-image-preview:large","max-video-preview":"max-video-preview:-1"},"canonical":"https:\/\/apuntesdesanluis.com\/index.php\/2024\/10\/28\/cargos-por-lesiones-graves-al-joven-acusado-de-agredir-a-otro-a-la-salida-de-un-boliche\/","og_locale":"es_ES","og_type":"article","og_title":"CARGOS POR \u201cLESIONES GRAVES\u201d AL JOVEN ACUSADO DE AGREDIR A OTRO A LA SALIDA DE UN BOLICHE - Apuntes de San Luis","og_description":"El Ministerio P\u00fablico Fiscal (MPF) investiga el hecho ocurrido el pasado domingo 27 de octubre...","og_url":"https:\/\/apuntesdesanluis.com\/index.php\/2024\/10\/28\/cargos-por-lesiones-graves-al-joven-acusado-de-agredir-a-otro-a-la-salida-de-un-boliche\/","og_site_name":"Apuntes de San Luis","article_published_time":"2024-10-29T01:10:08+00:00","article_modified_time":"2024-10-29T01:13:01+00:00","og_image":[{"width":651,"height":415,"url":"https:\/\/apuntesdesanluis.com\/wp-content\/uploads\/2024\/10\/AUDIENCIA-X-AGRESION-A-MENOR.png","type":"image\/png"}],"author":"apuntesdesanluis.com","twitter_card":"summary_large_image","twitter_misc":{"Escrito por":"apuntesdesanluis.com","Tiempo de lectura":"3 minutos"},"schema":{"@context":"https:\/\/schema.org","@graph":[{"@type":"Article","@id":"https:\/\/apuntesdesanluis.com\/index.php\/2024\/10\/28\/cargos-por-lesiones-graves-al-joven-acusado-de-agredir-a-otro-a-la-salida-de-un-boliche\/#article","isPartOf":{"@id":"https:\/\/apuntesdesanluis.com\/index.php\/2024\/10\/28\/cargos-por-lesiones-graves-al-joven-acusado-de-agredir-a-otro-a-la-salida-de-un-boliche\/"},"author":{"name":"apuntesdesanluis.com","@id":"https:\/\/apuntesdesanluis.com\/#\/schema\/person\/b55151d52296fcce64d1a72538a70b90"},"headline":"CARGOS POR \u201cLESIONES GRAVES\u201d AL JOVEN ACUSADO DE AGREDIR A OTRO A LA SALIDA DE UN BOLICHE","datePublished":"2024-10-29T01:10:08+00:00","dateModified":"2024-10-29T01:13:01+00:00","mainEntityOfPage":{"@id":"https:\/\/apuntesdesanluis.com\/index.php\/2024\/10\/28\/cargos-por-lesiones-graves-al-joven-acusado-de-agredir-a-otro-a-la-salida-de-un-boliche\/"},"wordCount":418,"publisher":{"@id":"https:\/\/apuntesdesanluis.com\/#\/schema\/person\/b55151d52296fcce64d1a72538a70b90"},"image":{"@id":"https:\/\/apuntesdesanluis.com\/index.php\/2024\/10\/28\/cargos-por-lesiones-graves-al-joven-acusado-de-agredir-a-otro-a-la-salida-de-un-boliche\/#primaryimage"},"thumbnailUrl":"https:\/\/apuntesdesanluis.com\/wp-content\/uploads\/2024\/10\/AUDIENCIA-X-AGRESION-A-MENOR.png","articleSection":["Ciudad\/Provincia"],"inLanguage":"es-AR"},{"@type":"WebPage","@id":"https:\/\/apuntesdesanluis.com\/index.php\/2024\/10\/28\/cargos-por-lesiones-graves-al-joven-acusado-de-agredir-a-otro-a-la-salida-de-un-boliche\/","url":"https:\/\/apuntesdesanluis.com\/index.php\/2024\/10\/28\/cargos-por-lesiones-graves-al-joven-acusado-de-agredir-a-otro-a-la-salida-de-un-boliche\/","name":"CARGOS POR \u201cLESIONES GRAVES\u201d AL JOVEN ACUSADO DE AGREDIR A OTRO A LA SALIDA DE UN BOLICHE - Apuntes de San Luis","isPartOf":{"@id":"https:\/\/apuntesdesanluis.com\/#website"},"primaryImageOfPage":{"@id":"https:\/\/apuntesdesanluis.com\/index.php\/2024\/10\/28\/cargos-por-lesiones-graves-al-joven-acusado-de-agredir-a-otro-a-la-salida-de-un-boliche\/#primaryimage"},"image":{"@id":"https:\/\/apuntesdesanluis.com\/index.php\/2024\/10\/28\/cargos-por-lesiones-graves-al-joven-acusado-de-agredir-a-otro-a-la-salida-de-un-boliche\/#primaryimage"},"thumbnailUrl":"https:\/\/apuntesdesanluis.com\/wp-content\/uploads\/2024\/10\/AUDIENCIA-X-AGRESION-A-MENOR.png","datePublished":"2024-10-29T01:10:08+00:00","dateModified":"2024-10-29T01:13:01+00:00","breadcrumb":{"@id":"https:\/\/apuntesdesanluis.com\/index.php\/2024\/10\/28\/cargos-por-lesiones-graves-al-joven-acusado-de-agredir-a-otro-a-la-salida-de-un-boliche\/#breadcrumb"},"inLanguage":"es-AR","potentialAction":[{"@type":"ReadAction","target":["https:\/\/apuntesdesanluis.com\/index.php\/2024\/10\/28\/cargos-por-lesiones-graves-al-joven-acusado-de-agredir-a-otro-a-la-salida-de-un-boliche\/"]}]},{"@type":"ImageObject","inLanguage":"es-AR","@id":"https:\/\/apuntesdesanluis.com\/index.php\/2024\/10\/28\/cargos-por-lesiones-graves-al-joven-acusado-de-agredir-a-otro-a-la-salida-de-un-boliche\/#primaryimage","url":"https:\/\/apuntesdesanluis.com\/wp-content\/uploads\/2024\/10\/AUDIENCIA-X-AGRESION-A-MENOR.png","contentUrl":"https:\/\/apuntesdesanluis.com\/wp-content\/uploads\/2024\/10\/AUDIENCIA-X-AGRESION-A-MENOR.png","width":651,"height":415},{"@type":"BreadcrumbList","@id":"https:\/\/apuntesdesanluis.com\/index.php\/2024\/10\/28\/cargos-por-lesiones-graves-al-joven-acusado-de-agredir-a-otro-a-la-salida-de-un-boliche\/#breadcrumb","itemListElement":[{"@type":"ListItem","position":1,"name":"Inicio","item":"https:\/\/apuntesdesanluis.com\/"},{"@type":"ListItem","position":2,"name":"CARGOS POR \u201cLESIONES GRAVES\u201d AL JOVEN ACUSADO DE AGREDIR A OTRO A LA SALIDA DE UN BOLICHE"}]},{"@type":"WebSite","@id":"https:\/\/apuntesdesanluis.com\/#website","url":"https:\/\/apuntesdesanluis.com\/","name":"Apuntes de San Luis","description":"","publisher":{"@id":"https:\/\/apuntesdesanluis.com\/#\/schema\/person\/b55151d52296fcce64d1a72538a70b90"},"potentialAction":[{"@type":"SearchAction","target":{"@type":"EntryPoint","urlTemplate":"https:\/\/apuntesdesanluis.com\/?s={search_term_string}"},"query-input":{"@type":"PropertyValueSpecification","valueRequired":true,"valueName":"search_term_string"}}],"inLanguage":"es-AR"},{"@type":["Person","Organization"],"@id":"https:\/\/apuntesdesanluis.com\/#\/schema\/person\/b55151d52296fcce64d1a72538a70b90","name":"apuntesdesanluis.com","image":{"@type":"ImageObject","inLanguage":"es-AR","@id":"https:\/\/apuntesdesanluis.com\/#\/schema\/person\/image\/","url":"https:\/\/apuntesdesanluis.com\/wp-content\/uploads\/2023\/07\/cropped-apuntesdesanluis.png","contentUrl":"https:\/\/apuntesdesanluis.com\/wp-content\/uploads\/2023\/07\/cropped-apuntesdesanluis.png","width":450,"height":112,"caption":"apuntesdesanluis.com"},"logo":{"@id":"https:\/\/apuntesdesanluis.com\/#\/schema\/person\/image\/"},"sameAs":["https:\/\/apuntesdesanluis.com"],"url":"https:\/\/apuntesdesanluis.com\/index.php\/author\/apuntesdesanluis-com\/"}]}},"featured_image_urls":{"full":["https:\/\/apuntesdesanluis.com\/wp-content\/uploads\/2024\/10\/AUDIENCIA-X-AGRESION-A-MENOR.png",651,415,false],"thumbnail":["https:\/\/apuntesdesanluis.com\/wp-content\/uploads\/2024\/10\/AUDIENCIA-X-AGRESION-A-MENOR-150x150.png",150,150,true],"medium":["https:\/\/apuntesdesanluis.com\/wp-content\/uploads\/2024\/10\/AUDIENCIA-X-AGRESION-A-MENOR-300x191.png",300,191,true],"medium_large":["https:\/\/apuntesdesanluis.com\/wp-content\/uploads\/2024\/10\/AUDIENCIA-X-AGRESION-A-MENOR.png",640,408,false],"large":["https:\/\/apuntesdesanluis.com\/wp-content\/uploads\/2024\/10\/AUDIENCIA-X-AGRESION-A-MENOR.png",640,408,false],"1536x1536":["https:\/\/apuntesdesanluis.com\/wp-content\/uploads\/2024\/10\/AUDIENCIA-X-AGRESION-A-MENOR.png",651,415,false],"2048x2048":["https:\/\/apuntesdesanluis.com\/wp-content\/uploads\/2024\/10\/AUDIENCIA-X-AGRESION-A-MENOR.png",651,415,false],"newsever-slider-full":["https:\/\/apuntesdesanluis.com\/wp-content\/uploads\/2024\/10\/AUDIENCIA-X-AGRESION-A-MENOR.png",651,415,false],"newsever-featured":["https:\/\/apuntesdesanluis.com\/wp-content\/uploads\/2024\/10\/AUDIENCIA-X-AGRESION-A-MENOR.png",651,415,false],"newsever-medium":["https:\/\/apuntesdesanluis.com\/wp-content\/uploads\/2024\/10\/AUDIENCIA-X-AGRESION-A-MENOR.png",651,415,false]},"author_info":{"display_name":"apuntesdesanluis.com","author_link":"https:\/\/apuntesdesanluis.com\/index.php\/author\/apuntesdesanluis-com\/"},"category_info":"<a href=\"https:\/\/apuntesdesanluis.com\/index.php\/category\/ciudad-provincia\/\" rel=\"category tag\">Ciudad\/Provincia<\/a>","tag_info":"Ciudad\/Provincia","comment_count":"0","_links":{"self":[{"href":"https:\/\/apuntesdesanluis.com\/index.php\/wp-json\/wp\/v2\/posts\/24480","targetHints":{"allow":["GET"]}}],"collection":[{"href":"https:\/\/apuntesdesanluis.com\/index.php\/wp-json\/wp\/v2\/posts"}],"about":[{"href":"https:\/\/apuntesdesanluis.com\/index.php\/wp-json\/wp\/v2\/types\/post"}],"author":[{"embeddable":true,"href":"https:\/\/apuntesdesanluis.com\/index.php\/wp-json\/wp\/v2\/users\/1"}],"replies":[{"embeddable":true,"href":"https:\/\/apuntesdesanluis.com\/index.php\/wp-json\/wp\/v2\/comments?post=24480"}],"version-history":[{"count":3,"href":"https:\/\/apuntesdesanluis.com\/index.php\/wp-json\/wp\/v2\/posts\/24480\/revisions"}],"predecessor-version":[{"id":24484,"href":"https:\/\/apuntesdesanluis.com\/index.php\/wp-json\/wp\/v2\/posts\/24480\/revisions\/24484"}],"wp:featuredmedia":[{"embeddable":true,"href":"https:\/\/apuntesdesanluis.com\/index.php\/wp-json\/wp\/v2\/media\/24481"}],"wp:attachment":[{"href":"https:\/\/apuntesdesanluis.com\/index.php\/wp-json\/wp\/v2\/media?parent=24480"}],"wp:term":[{"taxonomy":"category","embeddable":true,"href":"https:\/\/apuntesdesanluis.com\/index.php\/wp-json\/wp\/v2\/categories?post=24480"},{"taxonomy":"post_tag","embeddable":true,"href":"https:\/\/apuntesdesanluis.com\/index.php\/wp-json\/wp\/v2\/tags?post=24480"}],"curies":[{"name":"wp","href":"https:\/\/api.w.org\/{rel}","templated":true}]}}