{"id":24503,"date":"2024-10-29T22:22:29","date_gmt":"2024-10-30T01:22:29","guid":{"rendered":"https:\/\/apuntesdesanluis.com\/?p=24503"},"modified":"2024-10-29T22:22:29","modified_gmt":"2024-10-30T01:22:29","slug":"el-dueno-del-tops-reconocio-su-culpabilidad-y-le-dieron-un-ano-de-prision-en-suspenso","status":"publish","type":"post","link":"https:\/\/apuntesdesanluis.com\/index.php\/2024\/10\/29\/el-dueno-del-tops-reconocio-su-culpabilidad-y-le-dieron-un-ano-de-prision-en-suspenso\/","title":{"rendered":"EL DUE\u00d1O DEL TOP\u00b4S RECONOCI\u00d3 SU CULPABILIDAD Y LE DIERON UN A\u00d1O DE PRISI\u00d3N EN SUSPENSO"},"content":{"rendered":"<h3>Fue declarado autor penalmente responsable del delito previsto en el Art. 239 del C\u00f3digo Penal Argentino, por \u201cdesobediencia a la autoridad\u201d.<\/h3>\n<h3><strong>Walter Colombo<\/strong>, propietario del motel Top\u00b4s que fue clausurado quiniesientas veces, la \u00faltima en 2021 en forma definitiva, pero que siempre rompi\u00f3 las fajas y sigui\u00f3 laburando como si nada, qued\u00f3 en la cuerda floja.<\/h3>\n<h3>El hombre reconoci\u00f3 su responsabilidad por no haber cumplido una orden del Tribunal de Faltas Municipal \u2013 que hab\u00eda dispuesto la clausura definitiva del motel que administraba \u2013 y fue condenado en la ma\u00f1ana de hoy a sufrir la pena de un a\u00f1o de prisi\u00f3n en suspenso.<\/h3>\n<h3>Tras surgir la posibilidad de concluir la causa mediante un juicio abreviado, en la ma\u00f1ana de este martes se desarroll\u00f3 una nueva audiencia en el Juzgado de Garant\u00edas N\u00ba 4, de la Segunda Circunscripci\u00f3n Judicial.<\/h3>\n<h3>En esta oportunidad, la Defensa \u2013 ejercida conjuntamente por el Dr. Bautista Rivadera y Federico Masini \u2013 y el Ministerio P\u00fablico Fiscal \u2013 representado por el Dr. Jos\u00e9 Olgu\u00edn, Fiscal de Instrucci\u00f3n N\u00ba 3 \u2013 expuso el alcance del acuerdo arribado, en los t\u00e9rminos previstos en el Art. 234 del C\u00f3digo de Procedimiento Penal de la Provincia.<\/h3>\n<h3>El mismo consisti\u00f3 en el reconocimiento de la responsabilidad en el hecho por parte del imputado y la imposici\u00f3n de una pena de un a\u00f1o de prisi\u00f3n en suspenso, la m\u00e1xima prevista en el C\u00f3digo Penal Argentino para este delito. Asimismo, el Fiscal explic\u00f3 que los bienes secuestrados en marco de la investigaci\u00f3n ser\u00edan puestos a disposici\u00f3n de la Justicia de Faltas Municipal.<\/h3>\n<h3>Asimismo, el Dr. Olgu\u00edn detall\u00f3 que el acuerdo arribado permite la soluci\u00f3n del conflicto, en relaci\u00f3n al delito de desobediencia a la autoridad, mientras que continuar\u00e1 el tr\u00e1mite administrativo por la clausura del establecimiento en la justicia de faltas municipal.<\/h3>\n<h3>El Dr. <strong>Enrique Gargiulo<\/strong>, Fiscal Municipal de Faltas de Villa Mercedes, no formul\u00f3 objeciones a lo expuesto y destac\u00f3 la intervenci\u00f3n de la justicia ordinaria en la resoluci\u00f3n del conflicto.<\/h3>\n<h3>Por su parte, el Dr. <strong>Tito Fern\u00e1ndez<\/strong> (hermano de la jueza municipal) -en representaci\u00f3n de la Querella, denunciante \u2013 solicit\u00f3 que el imputado sea inhabilitado para ejercer actividad comercial por el mismo tiempo de la pena. Cabe mencionar que, seg\u00fan lo previsto en el C\u00f3digo de Procedimiento Penal, s\u00f3lo es necesario el acuerdo conjunto del Fiscal, el imputado y su Defensor.<\/h3>\n<h3>Luego de escuchar a las partes y al imputado \u2013 quien se reconoci\u00f3 responsable del delito investigado y acept\u00f3 la pena en los t\u00e9rminos propuestos en el acuerdo, el <strong>Dr. Santiago Ortiz<\/strong> \u2013\u00a0 Juez de Garant\u00edas N\u00ba 4 \u2013 declar\u00f3 la admisibilidad del juicio abreviado, homolog\u00f3 el acuerdo presentado por las partes y declar\u00f3 a <strong>Walter Gustavo <\/strong>Colombo autor del delito de desobediencia a la autoridad ( Art. 239 del C\u00f3digo Penal Argentino ) Y lo conden\u00f3 a sufrir la pena de un a\u00f1o de prisi\u00f3n en suspenso. Asimismo, dispuso su inmediata libertad.<\/h3>\n<h3>Tambi\u00e9n estuvieron presentes en la audiencia el Dr. Marcelo Palacio Fern\u00e1ndez y la Dra. Andrea Court, Fiscales Adjuntos. Intervino como secretaria la Dra. Daniela L\u00f3pez Mart\u00edn.<\/h3>\n<p>&nbsp;<\/p>\n<p>&nbsp;<\/p>\n<p>&nbsp;<\/p>\n<p>&nbsp;<\/p>\n<p>&nbsp;<\/p>\n<p>&nbsp;<\/p>\n","protected":false},"excerpt":{"rendered":"<p>Fue declarado autor penalmente responsable del delito previsto en el Art. 239 del C\u00f3digo Penal&#8230;<\/p>\n","protected":false},"author":1,"featured_media":24504,"comment_status":"closed","ping_status":"closed","sticky":false,"template":"","format":"standard","meta":{"footnotes":""},"categories":[6],"tags":[],"class_list":["post-24503","post","type-post","status-publish","format-standard","has-post-thumbnail","hentry","category-ciudad-provincia"],"yoast_head":"<!-- This site is optimized with the Yoast SEO plugin v26.1.1 - https:\/\/yoast.com\/wordpress\/plugins\/seo\/ -->\n<title>EL DUE\u00d1O DEL TOP\u00b4S RECONOCI\u00d3 SU CULPABILIDAD Y LE DIERON UN A\u00d1O DE PRISI\u00d3N EN SUSPENSO - Apuntes de San Luis<\/title>\n<meta name=\"robots\" content=\"index, follow, max-snippet:-1, max-image-preview:large, max-video-preview:-1\" \/>\n<link rel=\"canonical\" href=\"https:\/\/apuntesdesanluis.com\/index.php\/2024\/10\/29\/el-dueno-del-tops-reconocio-su-culpabilidad-y-le-dieron-un-ano-de-prision-en-suspenso\/\" \/>\n<meta property=\"og:locale\" content=\"es_ES\" \/>\n<meta property=\"og:type\" content=\"article\" \/>\n<meta property=\"og:title\" content=\"EL DUE\u00d1O DEL TOP\u00b4S RECONOCI\u00d3 SU CULPABILIDAD Y LE DIERON UN A\u00d1O DE PRISI\u00d3N EN SUSPENSO - Apuntes de San Luis\" \/>\n<meta property=\"og:description\" content=\"Fue declarado autor penalmente responsable del delito previsto en el Art. 239 del C\u00f3digo Penal...\" \/>\n<meta property=\"og:url\" content=\"https:\/\/apuntesdesanluis.com\/index.php\/2024\/10\/29\/el-dueno-del-tops-reconocio-su-culpabilidad-y-le-dieron-un-ano-de-prision-en-suspenso\/\" \/>\n<meta property=\"og:site_name\" content=\"Apuntes de San Luis\" \/>\n<meta property=\"article:published_time\" content=\"2024-10-30T01:22:29+00:00\" \/>\n<meta property=\"og:image\" content=\"https:\/\/apuntesdesanluis.com\/wp-content\/uploads\/2024\/10\/abreviado-tops.png\" \/>\n\t<meta property=\"og:image:width\" content=\"819\" \/>\n\t<meta property=\"og:image:height\" content=\"463\" \/>\n\t<meta property=\"og:image:type\" content=\"image\/png\" \/>\n<meta name=\"author\" content=\"apuntesdesanluis.com\" \/>\n<meta name=\"twitter:card\" content=\"summary_large_image\" \/>\n<meta name=\"twitter:label1\" content=\"Escrito por\" \/>\n\t<meta name=\"twitter:data1\" content=\"apuntesdesanluis.com\" \/>\n\t<meta name=\"twitter:label2\" content=\"Tiempo de lectura\" \/>\n\t<meta name=\"twitter:data2\" content=\"3 minutos\" \/>\n<script type=\"application\/ld+json\" class=\"yoast-schema-graph\">{\"@context\":\"https:\/\/schema.org\",\"@graph\":[{\"@type\":\"Article\",\"@id\":\"https:\/\/apuntesdesanluis.com\/index.php\/2024\/10\/29\/el-dueno-del-tops-reconocio-su-culpabilidad-y-le-dieron-un-ano-de-prision-en-suspenso\/#article\",\"isPartOf\":{\"@id\":\"https:\/\/apuntesdesanluis.com\/index.php\/2024\/10\/29\/el-dueno-del-tops-reconocio-su-culpabilidad-y-le-dieron-un-ano-de-prision-en-suspenso\/\"},\"author\":{\"name\":\"apuntesdesanluis.com\",\"@id\":\"https:\/\/apuntesdesanluis.com\/#\/schema\/person\/b55151d52296fcce64d1a72538a70b90\"},\"headline\":\"EL DUE\u00d1O DEL TOP\u00b4S RECONOCI\u00d3 SU CULPABILIDAD Y LE DIERON UN A\u00d1O DE PRISI\u00d3N EN SUSPENSO\",\"datePublished\":\"2024-10-30T01:22:29+00:00\",\"mainEntityOfPage\":{\"@id\":\"https:\/\/apuntesdesanluis.com\/index.php\/2024\/10\/29\/el-dueno-del-tops-reconocio-su-culpabilidad-y-le-dieron-un-ano-de-prision-en-suspenso\/\"},\"wordCount\":557,\"publisher\":{\"@id\":\"https:\/\/apuntesdesanluis.com\/#\/schema\/person\/b55151d52296fcce64d1a72538a70b90\"},\"image\":{\"@id\":\"https:\/\/apuntesdesanluis.com\/index.php\/2024\/10\/29\/el-dueno-del-tops-reconocio-su-culpabilidad-y-le-dieron-un-ano-de-prision-en-suspenso\/#primaryimage\"},\"thumbnailUrl\":\"https:\/\/apuntesdesanluis.com\/wp-content\/uploads\/2024\/10\/abreviado-tops.png\",\"articleSection\":[\"Ciudad\/Provincia\"],\"inLanguage\":\"es-AR\"},{\"@type\":\"WebPage\",\"@id\":\"https:\/\/apuntesdesanluis.com\/index.php\/2024\/10\/29\/el-dueno-del-tops-reconocio-su-culpabilidad-y-le-dieron-un-ano-de-prision-en-suspenso\/\",\"url\":\"https:\/\/apuntesdesanluis.com\/index.php\/2024\/10\/29\/el-dueno-del-tops-reconocio-su-culpabilidad-y-le-dieron-un-ano-de-prision-en-suspenso\/\",\"name\":\"EL DUE\u00d1O DEL TOP\u00b4S RECONOCI\u00d3 SU CULPABILIDAD Y LE DIERON UN A\u00d1O DE PRISI\u00d3N EN SUSPENSO - Apuntes de San Luis\",\"isPartOf\":{\"@id\":\"https:\/\/apuntesdesanluis.com\/#website\"},\"primaryImageOfPage\":{\"@id\":\"https:\/\/apuntesdesanluis.com\/index.php\/2024\/10\/29\/el-dueno-del-tops-reconocio-su-culpabilidad-y-le-dieron-un-ano-de-prision-en-suspenso\/#primaryimage\"},\"image\":{\"@id\":\"https:\/\/apuntesdesanluis.com\/index.php\/2024\/10\/29\/el-dueno-del-tops-reconocio-su-culpabilidad-y-le-dieron-un-ano-de-prision-en-suspenso\/#primaryimage\"},\"thumbnailUrl\":\"https:\/\/apuntesdesanluis.com\/wp-content\/uploads\/2024\/10\/abreviado-tops.png\",\"datePublished\":\"2024-10-30T01:22:29+00:00\",\"breadcrumb\":{\"@id\":\"https:\/\/apuntesdesanluis.com\/index.php\/2024\/10\/29\/el-dueno-del-tops-reconocio-su-culpabilidad-y-le-dieron-un-ano-de-prision-en-suspenso\/#breadcrumb\"},\"inLanguage\":\"es-AR\",\"potentialAction\":[{\"@type\":\"ReadAction\",\"target\":[\"https:\/\/apuntesdesanluis.com\/index.php\/2024\/10\/29\/el-dueno-del-tops-reconocio-su-culpabilidad-y-le-dieron-un-ano-de-prision-en-suspenso\/\"]}]},{\"@type\":\"ImageObject\",\"inLanguage\":\"es-AR\",\"@id\":\"https:\/\/apuntesdesanluis.com\/index.php\/2024\/10\/29\/el-dueno-del-tops-reconocio-su-culpabilidad-y-le-dieron-un-ano-de-prision-en-suspenso\/#primaryimage\",\"url\":\"https:\/\/apuntesdesanluis.com\/wp-content\/uploads\/2024\/10\/abreviado-tops.png\",\"contentUrl\":\"https:\/\/apuntesdesanluis.com\/wp-content\/uploads\/2024\/10\/abreviado-tops.png\",\"width\":819,\"height\":463},{\"@type\":\"BreadcrumbList\",\"@id\":\"https:\/\/apuntesdesanluis.com\/index.php\/2024\/10\/29\/el-dueno-del-tops-reconocio-su-culpabilidad-y-le-dieron-un-ano-de-prision-en-suspenso\/#breadcrumb\",\"itemListElement\":[{\"@type\":\"ListItem\",\"position\":1,\"name\":\"Inicio\",\"item\":\"https:\/\/apuntesdesanluis.com\/\"},{\"@type\":\"ListItem\",\"position\":2,\"name\":\"EL DUE\u00d1O DEL TOP\u00b4S RECONOCI\u00d3 SU CULPABILIDAD Y LE DIERON UN A\u00d1O DE PRISI\u00d3N EN SUSPENSO\"}]},{\"@type\":\"WebSite\",\"@id\":\"https:\/\/apuntesdesanluis.com\/#website\",\"url\":\"https:\/\/apuntesdesanluis.com\/\",\"name\":\"Apuntes de San Luis\",\"description\":\"\",\"publisher\":{\"@id\":\"https:\/\/apuntesdesanluis.com\/#\/schema\/person\/b55151d52296fcce64d1a72538a70b90\"},\"potentialAction\":[{\"@type\":\"SearchAction\",\"target\":{\"@type\":\"EntryPoint\",\"urlTemplate\":\"https:\/\/apuntesdesanluis.com\/?s={search_term_string}\"},\"query-input\":{\"@type\":\"PropertyValueSpecification\",\"valueRequired\":true,\"valueName\":\"search_term_string\"}}],\"inLanguage\":\"es-AR\"},{\"@type\":[\"Person\",\"Organization\"],\"@id\":\"https:\/\/apuntesdesanluis.com\/#\/schema\/person\/b55151d52296fcce64d1a72538a70b90\",\"name\":\"apuntesdesanluis.com\",\"image\":{\"@type\":\"ImageObject\",\"inLanguage\":\"es-AR\",\"@id\":\"https:\/\/apuntesdesanluis.com\/#\/schema\/person\/image\/\",\"url\":\"https:\/\/apuntesdesanluis.com\/wp-content\/uploads\/2023\/07\/cropped-apuntesdesanluis.png\",\"contentUrl\":\"https:\/\/apuntesdesanluis.com\/wp-content\/uploads\/2023\/07\/cropped-apuntesdesanluis.png\",\"width\":450,\"height\":112,\"caption\":\"apuntesdesanluis.com\"},\"logo\":{\"@id\":\"https:\/\/apuntesdesanluis.com\/#\/schema\/person\/image\/\"},\"sameAs\":[\"https:\/\/apuntesdesanluis.com\"],\"url\":\"https:\/\/apuntesdesanluis.com\/index.php\/author\/apuntesdesanluis-com\/\"}]}<\/script>\n<!-- \/ Yoast SEO plugin. -->","yoast_head_json":{"title":"EL DUE\u00d1O DEL TOP\u00b4S RECONOCI\u00d3 SU CULPABILIDAD Y LE DIERON UN A\u00d1O DE PRISI\u00d3N EN SUSPENSO - Apuntes de San Luis","robots":{"index":"index","follow":"follow","max-snippet":"max-snippet:-1","max-image-preview":"max-image-preview:large","max-video-preview":"max-video-preview:-1"},"canonical":"https:\/\/apuntesdesanluis.com\/index.php\/2024\/10\/29\/el-dueno-del-tops-reconocio-su-culpabilidad-y-le-dieron-un-ano-de-prision-en-suspenso\/","og_locale":"es_ES","og_type":"article","og_title":"EL DUE\u00d1O DEL TOP\u00b4S RECONOCI\u00d3 SU CULPABILIDAD Y LE DIERON UN A\u00d1O DE PRISI\u00d3N EN SUSPENSO - Apuntes de San Luis","og_description":"Fue declarado autor penalmente responsable del delito previsto en el Art. 239 del C\u00f3digo Penal...","og_url":"https:\/\/apuntesdesanluis.com\/index.php\/2024\/10\/29\/el-dueno-del-tops-reconocio-su-culpabilidad-y-le-dieron-un-ano-de-prision-en-suspenso\/","og_site_name":"Apuntes de San Luis","article_published_time":"2024-10-30T01:22:29+00:00","og_image":[{"width":819,"height":463,"url":"https:\/\/apuntesdesanluis.com\/wp-content\/uploads\/2024\/10\/abreviado-tops.png","type":"image\/png"}],"author":"apuntesdesanluis.com","twitter_card":"summary_large_image","twitter_misc":{"Escrito por":"apuntesdesanluis.com","Tiempo de lectura":"3 minutos"},"schema":{"@context":"https:\/\/schema.org","@graph":[{"@type":"Article","@id":"https:\/\/apuntesdesanluis.com\/index.php\/2024\/10\/29\/el-dueno-del-tops-reconocio-su-culpabilidad-y-le-dieron-un-ano-de-prision-en-suspenso\/#article","isPartOf":{"@id":"https:\/\/apuntesdesanluis.com\/index.php\/2024\/10\/29\/el-dueno-del-tops-reconocio-su-culpabilidad-y-le-dieron-un-ano-de-prision-en-suspenso\/"},"author":{"name":"apuntesdesanluis.com","@id":"https:\/\/apuntesdesanluis.com\/#\/schema\/person\/b55151d52296fcce64d1a72538a70b90"},"headline":"EL DUE\u00d1O DEL TOP\u00b4S RECONOCI\u00d3 SU CULPABILIDAD Y LE DIERON UN A\u00d1O DE PRISI\u00d3N EN SUSPENSO","datePublished":"2024-10-30T01:22:29+00:00","mainEntityOfPage":{"@id":"https:\/\/apuntesdesanluis.com\/index.php\/2024\/10\/29\/el-dueno-del-tops-reconocio-su-culpabilidad-y-le-dieron-un-ano-de-prision-en-suspenso\/"},"wordCount":557,"publisher":{"@id":"https:\/\/apuntesdesanluis.com\/#\/schema\/person\/b55151d52296fcce64d1a72538a70b90"},"image":{"@id":"https:\/\/apuntesdesanluis.com\/index.php\/2024\/10\/29\/el-dueno-del-tops-reconocio-su-culpabilidad-y-le-dieron-un-ano-de-prision-en-suspenso\/#primaryimage"},"thumbnailUrl":"https:\/\/apuntesdesanluis.com\/wp-content\/uploads\/2024\/10\/abreviado-tops.png","articleSection":["Ciudad\/Provincia"],"inLanguage":"es-AR"},{"@type":"WebPage","@id":"https:\/\/apuntesdesanluis.com\/index.php\/2024\/10\/29\/el-dueno-del-tops-reconocio-su-culpabilidad-y-le-dieron-un-ano-de-prision-en-suspenso\/","url":"https:\/\/apuntesdesanluis.com\/index.php\/2024\/10\/29\/el-dueno-del-tops-reconocio-su-culpabilidad-y-le-dieron-un-ano-de-prision-en-suspenso\/","name":"EL DUE\u00d1O DEL TOP\u00b4S RECONOCI\u00d3 SU CULPABILIDAD Y LE DIERON UN A\u00d1O DE PRISI\u00d3N EN SUSPENSO - Apuntes de San Luis","isPartOf":{"@id":"https:\/\/apuntesdesanluis.com\/#website"},"primaryImageOfPage":{"@id":"https:\/\/apuntesdesanluis.com\/index.php\/2024\/10\/29\/el-dueno-del-tops-reconocio-su-culpabilidad-y-le-dieron-un-ano-de-prision-en-suspenso\/#primaryimage"},"image":{"@id":"https:\/\/apuntesdesanluis.com\/index.php\/2024\/10\/29\/el-dueno-del-tops-reconocio-su-culpabilidad-y-le-dieron-un-ano-de-prision-en-suspenso\/#primaryimage"},"thumbnailUrl":"https:\/\/apuntesdesanluis.com\/wp-content\/uploads\/2024\/10\/abreviado-tops.png","datePublished":"2024-10-30T01:22:29+00:00","breadcrumb":{"@id":"https:\/\/apuntesdesanluis.com\/index.php\/2024\/10\/29\/el-dueno-del-tops-reconocio-su-culpabilidad-y-le-dieron-un-ano-de-prision-en-suspenso\/#breadcrumb"},"inLanguage":"es-AR","potentialAction":[{"@type":"ReadAction","target":["https:\/\/apuntesdesanluis.com\/index.php\/2024\/10\/29\/el-dueno-del-tops-reconocio-su-culpabilidad-y-le-dieron-un-ano-de-prision-en-suspenso\/"]}]},{"@type":"ImageObject","inLanguage":"es-AR","@id":"https:\/\/apuntesdesanluis.com\/index.php\/2024\/10\/29\/el-dueno-del-tops-reconocio-su-culpabilidad-y-le-dieron-un-ano-de-prision-en-suspenso\/#primaryimage","url":"https:\/\/apuntesdesanluis.com\/wp-content\/uploads\/2024\/10\/abreviado-tops.png","contentUrl":"https:\/\/apuntesdesanluis.com\/wp-content\/uploads\/2024\/10\/abreviado-tops.png","width":819,"height":463},{"@type":"BreadcrumbList","@id":"https:\/\/apuntesdesanluis.com\/index.php\/2024\/10\/29\/el-dueno-del-tops-reconocio-su-culpabilidad-y-le-dieron-un-ano-de-prision-en-suspenso\/#breadcrumb","itemListElement":[{"@type":"ListItem","position":1,"name":"Inicio","item":"https:\/\/apuntesdesanluis.com\/"},{"@type":"ListItem","position":2,"name":"EL DUE\u00d1O DEL TOP\u00b4S RECONOCI\u00d3 SU CULPABILIDAD Y LE DIERON UN A\u00d1O DE PRISI\u00d3N EN SUSPENSO"}]},{"@type":"WebSite","@id":"https:\/\/apuntesdesanluis.com\/#website","url":"https:\/\/apuntesdesanluis.com\/","name":"Apuntes de San Luis","description":"","publisher":{"@id":"https:\/\/apuntesdesanluis.com\/#\/schema\/person\/b55151d52296fcce64d1a72538a70b90"},"potentialAction":[{"@type":"SearchAction","target":{"@type":"EntryPoint","urlTemplate":"https:\/\/apuntesdesanluis.com\/?s={search_term_string}"},"query-input":{"@type":"PropertyValueSpecification","valueRequired":true,"valueName":"search_term_string"}}],"inLanguage":"es-AR"},{"@type":["Person","Organization"],"@id":"https:\/\/apuntesdesanluis.com\/#\/schema\/person\/b55151d52296fcce64d1a72538a70b90","name":"apuntesdesanluis.com","image":{"@type":"ImageObject","inLanguage":"es-AR","@id":"https:\/\/apuntesdesanluis.com\/#\/schema\/person\/image\/","url":"https:\/\/apuntesdesanluis.com\/wp-content\/uploads\/2023\/07\/cropped-apuntesdesanluis.png","contentUrl":"https:\/\/apuntesdesanluis.com\/wp-content\/uploads\/2023\/07\/cropped-apuntesdesanluis.png","width":450,"height":112,"caption":"apuntesdesanluis.com"},"logo":{"@id":"https:\/\/apuntesdesanluis.com\/#\/schema\/person\/image\/"},"sameAs":["https:\/\/apuntesdesanluis.com"],"url":"https:\/\/apuntesdesanluis.com\/index.php\/author\/apuntesdesanluis-com\/"}]}},"featured_image_urls":{"full":["https:\/\/apuntesdesanluis.com\/wp-content\/uploads\/2024\/10\/abreviado-tops.png",819,463,false],"thumbnail":["https:\/\/apuntesdesanluis.com\/wp-content\/uploads\/2024\/10\/abreviado-tops-150x150.png",150,150,true],"medium":["https:\/\/apuntesdesanluis.com\/wp-content\/uploads\/2024\/10\/abreviado-tops-300x170.png",300,170,true],"medium_large":["https:\/\/apuntesdesanluis.com\/wp-content\/uploads\/2024\/10\/abreviado-tops-768x434.png",640,362,true],"large":["https:\/\/apuntesdesanluis.com\/wp-content\/uploads\/2024\/10\/abreviado-tops.png",640,362,false],"1536x1536":["https:\/\/apuntesdesanluis.com\/wp-content\/uploads\/2024\/10\/abreviado-tops.png",819,463,false],"2048x2048":["https:\/\/apuntesdesanluis.com\/wp-content\/uploads\/2024\/10\/abreviado-tops.png",819,463,false],"newsever-slider-full":["https:\/\/apuntesdesanluis.com\/wp-content\/uploads\/2024\/10\/abreviado-tops.png",819,463,false],"newsever-featured":["https:\/\/apuntesdesanluis.com\/wp-content\/uploads\/2024\/10\/abreviado-tops.png",819,463,false],"newsever-medium":["https:\/\/apuntesdesanluis.com\/wp-content\/uploads\/2024\/10\/abreviado-tops-720x463.png",720,463,true]},"author_info":{"display_name":"apuntesdesanluis.com","author_link":"https:\/\/apuntesdesanluis.com\/index.php\/author\/apuntesdesanluis-com\/"},"category_info":"<a href=\"https:\/\/apuntesdesanluis.com\/index.php\/category\/ciudad-provincia\/\" rel=\"category tag\">Ciudad\/Provincia<\/a>","tag_info":"Ciudad\/Provincia","comment_count":"0","_links":{"self":[{"href":"https:\/\/apuntesdesanluis.com\/index.php\/wp-json\/wp\/v2\/posts\/24503","targetHints":{"allow":["GET"]}}],"collection":[{"href":"https:\/\/apuntesdesanluis.com\/index.php\/wp-json\/wp\/v2\/posts"}],"about":[{"href":"https:\/\/apuntesdesanluis.com\/index.php\/wp-json\/wp\/v2\/types\/post"}],"author":[{"embeddable":true,"href":"https:\/\/apuntesdesanluis.com\/index.php\/wp-json\/wp\/v2\/users\/1"}],"replies":[{"embeddable":true,"href":"https:\/\/apuntesdesanluis.com\/index.php\/wp-json\/wp\/v2\/comments?post=24503"}],"version-history":[{"count":1,"href":"https:\/\/apuntesdesanluis.com\/index.php\/wp-json\/wp\/v2\/posts\/24503\/revisions"}],"predecessor-version":[{"id":24505,"href":"https:\/\/apuntesdesanluis.com\/index.php\/wp-json\/wp\/v2\/posts\/24503\/revisions\/24505"}],"wp:featuredmedia":[{"embeddable":true,"href":"https:\/\/apuntesdesanluis.com\/index.php\/wp-json\/wp\/v2\/media\/24504"}],"wp:attachment":[{"href":"https:\/\/apuntesdesanluis.com\/index.php\/wp-json\/wp\/v2\/media?parent=24503"}],"wp:term":[{"taxonomy":"category","embeddable":true,"href":"https:\/\/apuntesdesanluis.com\/index.php\/wp-json\/wp\/v2\/categories?post=24503"},{"taxonomy":"post_tag","embeddable":true,"href":"https:\/\/apuntesdesanluis.com\/index.php\/wp-json\/wp\/v2\/tags?post=24503"}],"curies":[{"name":"wp","href":"https:\/\/api.w.org\/{rel}","templated":true}]}}