{"id":2451,"date":"2023-08-31T14:34:15","date_gmt":"2023-08-31T17:34:15","guid":{"rendered":"https:\/\/apuntesdesanluis.com\/?p=2451"},"modified":"2023-08-31T12:37:35","modified_gmt":"2023-08-31T15:37:35","slug":"congelan-tarifas-de-colectivos-y-trenes-hasta-despues-de-las-elecciones-e-invitan-a-las-provincias-a-adherir","status":"publish","type":"post","link":"https:\/\/apuntesdesanluis.com\/index.php\/2023\/08\/31\/congelan-tarifas-de-colectivos-y-trenes-hasta-despues-de-las-elecciones-e-invitan-a-las-provincias-a-adherir\/","title":{"rendered":"CONGELAN TARIFAS DE COLECTIVOS Y TRENES HASTA DESPU\u00c9S DE LAS ELECCIONES E INVITAN A LAS PROVINCIAS A ADHERIR"},"content":{"rendered":"<h3>El Gobierno dispuso un congelamiento de las tarifas del transporte p\u00fablico automotor y ferroviario de jurisdicci\u00f3n nacional que estuvieran vigentes al 1\u00ba de agosto de 2023, hasta tanto &#8220;se formule una revisi\u00f3n integral del sistema&#8221;, despu\u00e9s de las elecciones generales del 22 de octubre. Paralelamente, invita a CABA y provincias a que adhieran, lo que seguramente va a generar una gran pol\u00e9mica, como ocurri\u00f3 antes con la suma fija que otorg\u00f3 el gobierno nacional a los empleados p\u00fablicos.<\/h3>\n<h3>Asimismo, la resoluci\u00f3n suspendi\u00f3 el mecanismo de actualizaci\u00f3n tarifaria establecido en una Resoluci\u00f3n de diciembre de 2022, como as\u00ed tambi\u00e9n las facultades conferidas a la Operadora Ferroviaria Sociedad del Estado. La decisi\u00f3n se formaliz\u00f3 por medio de la Resoluci\u00f3n 501\/2023 del Ministerio de Transporte, publicada este jueves en el Bolet\u00edn Oficial.<\/h3>\n<h3>Los boletos de colectivos y trenes iban a aumentar desde ma\u00f1ana en funci\u00f3n de la inflaci\u00f3n, pero como se hab\u00eda anticipado, el Poder Ejecutivo decidi\u00f3 suspenderlo: as\u00ed, adopt\u00f3 la misma medida que hab\u00eda dispuesto en otros sectores, como los combustibles y las prepagas.<\/h3>\n<h3>Para el Gobierno, la estabilizaci\u00f3n de los cuadros tarifarios &#8220;deber\u00e1 mantenerse hasta tanto se formule una revisi\u00f3n integral del sistema y se avance en la creaci\u00f3n de las condiciones de sostenibilidad requeridas para el mismo sin desmedro de la capacidad salarial de los usuarios&#8221;.<\/h3>\n<h3>En busca de ese objetivo, Transporte deber\u00e1 crear mesas de trabajo con las c\u00e1maras empresarias representativas del sector &#8220;como \u00e1mbito institucional destinado a realizar un seguimiento de los costos de operaci\u00f3n&#8221;, de acuerdo con el texto oficial.<\/h3>\n<h3>El objetivo de estas mesas es considerar el impacto que tiene cada parte de la estructura de costos en la tarifa del transporte, independientemente del IPC por el cual se actualiza. Por ejemplo, se analizar\u00e1 el impacto que tiene el congelamiento de determinados precios, como el combustible, en la tarifa.<\/h3>\n<h3>La cartera conducida por Diego Giuliano tambi\u00e9n tendr\u00e1 que revisar la normativa relacionada con la redeterminaci\u00f3n de los costos y las tarifas de los servicios, seg\u00fan lo dispuesto.<\/h3>\n<h3>El Gobierno invit\u00f3 a las provincias, a la Ciudad Aut\u00f3noma de Buenos Aires y a los municipios a adherir al congelamiento tarifario.<\/h3>\n","protected":false},"excerpt":{"rendered":"<p>El Gobierno dispuso un congelamiento de las tarifas del transporte p\u00fablico automotor y ferroviario de&#8230;<\/p>\n","protected":false},"author":1,"featured_media":2452,"comment_status":"closed","ping_status":"closed","sticky":false,"template":"","format":"standard","meta":{"footnotes":""},"categories":[5],"tags":[],"class_list":["post-2451","post","type-post","status-publish","format-standard","has-post-thumbnail","hentry","category-nacionales-internacionales"],"yoast_head":"<!-- This site is optimized with the Yoast SEO plugin v26.1.1 - https:\/\/yoast.com\/wordpress\/plugins\/seo\/ -->\n<title>CONGELAN TARIFAS DE COLECTIVOS Y TRENES HASTA DESPU\u00c9S DE LAS ELECCIONES E INVITAN A LAS PROVINCIAS A ADHERIR - Apuntes de San Luis<\/title>\n<meta name=\"robots\" content=\"index, follow, max-snippet:-1, max-image-preview:large, max-video-preview:-1\" \/>\n<link rel=\"canonical\" href=\"https:\/\/apuntesdesanluis.com\/index.php\/2023\/08\/31\/congelan-tarifas-de-colectivos-y-trenes-hasta-despues-de-las-elecciones-e-invitan-a-las-provincias-a-adherir\/\" \/>\n<meta property=\"og:locale\" content=\"es_ES\" \/>\n<meta property=\"og:type\" content=\"article\" \/>\n<meta property=\"og:title\" content=\"CONGELAN TARIFAS DE COLECTIVOS Y TRENES HASTA DESPU\u00c9S DE LAS ELECCIONES E INVITAN A LAS PROVINCIAS A ADHERIR - Apuntes de San Luis\" \/>\n<meta property=\"og:description\" content=\"El Gobierno dispuso un congelamiento de las tarifas del transporte p\u00fablico automotor y ferroviario de...\" \/>\n<meta property=\"og:url\" content=\"https:\/\/apuntesdesanluis.com\/index.php\/2023\/08\/31\/congelan-tarifas-de-colectivos-y-trenes-hasta-despues-de-las-elecciones-e-invitan-a-las-provincias-a-adherir\/\" \/>\n<meta property=\"og:site_name\" content=\"Apuntes de San Luis\" \/>\n<meta property=\"article:published_time\" content=\"2023-08-31T17:34:15+00:00\" \/>\n<meta property=\"og:image\" content=\"https:\/\/apuntesdesanluis.com\/wp-content\/uploads\/2023\/08\/colectivos.png\" \/>\n\t<meta property=\"og:image:width\" content=\"583\" \/>\n\t<meta property=\"og:image:height\" content=\"378\" \/>\n\t<meta property=\"og:image:type\" content=\"image\/png\" \/>\n<meta name=\"author\" content=\"apuntesdesanluis.com\" \/>\n<meta name=\"twitter:card\" content=\"summary_large_image\" \/>\n<meta name=\"twitter:label1\" content=\"Escrito por\" \/>\n\t<meta name=\"twitter:data1\" content=\"apuntesdesanluis.com\" \/>\n\t<meta name=\"twitter:label2\" content=\"Tiempo de lectura\" \/>\n\t<meta name=\"twitter:data2\" content=\"2 minutos\" \/>\n<script type=\"application\/ld+json\" class=\"yoast-schema-graph\">{\"@context\":\"https:\/\/schema.org\",\"@graph\":[{\"@type\":\"Article\",\"@id\":\"https:\/\/apuntesdesanluis.com\/index.php\/2023\/08\/31\/congelan-tarifas-de-colectivos-y-trenes-hasta-despues-de-las-elecciones-e-invitan-a-las-provincias-a-adherir\/#article\",\"isPartOf\":{\"@id\":\"https:\/\/apuntesdesanluis.com\/index.php\/2023\/08\/31\/congelan-tarifas-de-colectivos-y-trenes-hasta-despues-de-las-elecciones-e-invitan-a-las-provincias-a-adherir\/\"},\"author\":{\"name\":\"apuntesdesanluis.com\",\"@id\":\"https:\/\/apuntesdesanluis.com\/#\/schema\/person\/b55151d52296fcce64d1a72538a70b90\"},\"headline\":\"CONGELAN TARIFAS DE COLECTIVOS Y TRENES HASTA DESPU\u00c9S DE LAS ELECCIONES E INVITAN A LAS PROVINCIAS A ADHERIR\",\"datePublished\":\"2023-08-31T17:34:15+00:00\",\"mainEntityOfPage\":{\"@id\":\"https:\/\/apuntesdesanluis.com\/index.php\/2023\/08\/31\/congelan-tarifas-de-colectivos-y-trenes-hasta-despues-de-las-elecciones-e-invitan-a-las-provincias-a-adherir\/\"},\"wordCount\":394,\"publisher\":{\"@id\":\"https:\/\/apuntesdesanluis.com\/#\/schema\/person\/b55151d52296fcce64d1a72538a70b90\"},\"image\":{\"@id\":\"https:\/\/apuntesdesanluis.com\/index.php\/2023\/08\/31\/congelan-tarifas-de-colectivos-y-trenes-hasta-despues-de-las-elecciones-e-invitan-a-las-provincias-a-adherir\/#primaryimage\"},\"thumbnailUrl\":\"https:\/\/apuntesdesanluis.com\/wp-content\/uploads\/2023\/08\/colectivos.png\",\"articleSection\":[\"Nacionales\/Internacionales\"],\"inLanguage\":\"es-AR\"},{\"@type\":\"WebPage\",\"@id\":\"https:\/\/apuntesdesanluis.com\/index.php\/2023\/08\/31\/congelan-tarifas-de-colectivos-y-trenes-hasta-despues-de-las-elecciones-e-invitan-a-las-provincias-a-adherir\/\",\"url\":\"https:\/\/apuntesdesanluis.com\/index.php\/2023\/08\/31\/congelan-tarifas-de-colectivos-y-trenes-hasta-despues-de-las-elecciones-e-invitan-a-las-provincias-a-adherir\/\",\"name\":\"CONGELAN TARIFAS DE COLECTIVOS Y TRENES HASTA DESPU\u00c9S DE LAS ELECCIONES E INVITAN A LAS PROVINCIAS A ADHERIR - Apuntes de San Luis\",\"isPartOf\":{\"@id\":\"https:\/\/apuntesdesanluis.com\/#website\"},\"primaryImageOfPage\":{\"@id\":\"https:\/\/apuntesdesanluis.com\/index.php\/2023\/08\/31\/congelan-tarifas-de-colectivos-y-trenes-hasta-despues-de-las-elecciones-e-invitan-a-las-provincias-a-adherir\/#primaryimage\"},\"image\":{\"@id\":\"https:\/\/apuntesdesanluis.com\/index.php\/2023\/08\/31\/congelan-tarifas-de-colectivos-y-trenes-hasta-despues-de-las-elecciones-e-invitan-a-las-provincias-a-adherir\/#primaryimage\"},\"thumbnailUrl\":\"https:\/\/apuntesdesanluis.com\/wp-content\/uploads\/2023\/08\/colectivos.png\",\"datePublished\":\"2023-08-31T17:34:15+00:00\",\"breadcrumb\":{\"@id\":\"https:\/\/apuntesdesanluis.com\/index.php\/2023\/08\/31\/congelan-tarifas-de-colectivos-y-trenes-hasta-despues-de-las-elecciones-e-invitan-a-las-provincias-a-adherir\/#breadcrumb\"},\"inLanguage\":\"es-AR\",\"potentialAction\":[{\"@type\":\"ReadAction\",\"target\":[\"https:\/\/apuntesdesanluis.com\/index.php\/2023\/08\/31\/congelan-tarifas-de-colectivos-y-trenes-hasta-despues-de-las-elecciones-e-invitan-a-las-provincias-a-adherir\/\"]}]},{\"@type\":\"ImageObject\",\"inLanguage\":\"es-AR\",\"@id\":\"https:\/\/apuntesdesanluis.com\/index.php\/2023\/08\/31\/congelan-tarifas-de-colectivos-y-trenes-hasta-despues-de-las-elecciones-e-invitan-a-las-provincias-a-adherir\/#primaryimage\",\"url\":\"https:\/\/apuntesdesanluis.com\/wp-content\/uploads\/2023\/08\/colectivos.png\",\"contentUrl\":\"https:\/\/apuntesdesanluis.com\/wp-content\/uploads\/2023\/08\/colectivos.png\",\"width\":583,\"height\":378},{\"@type\":\"BreadcrumbList\",\"@id\":\"https:\/\/apuntesdesanluis.com\/index.php\/2023\/08\/31\/congelan-tarifas-de-colectivos-y-trenes-hasta-despues-de-las-elecciones-e-invitan-a-las-provincias-a-adherir\/#breadcrumb\",\"itemListElement\":[{\"@type\":\"ListItem\",\"position\":1,\"name\":\"Inicio\",\"item\":\"https:\/\/apuntesdesanluis.com\/\"},{\"@type\":\"ListItem\",\"position\":2,\"name\":\"CONGELAN TARIFAS DE COLECTIVOS Y TRENES HASTA DESPU\u00c9S DE LAS ELECCIONES E INVITAN A LAS PROVINCIAS A ADHERIR\"}]},{\"@type\":\"WebSite\",\"@id\":\"https:\/\/apuntesdesanluis.com\/#website\",\"url\":\"https:\/\/apuntesdesanluis.com\/\",\"name\":\"Apuntes de San Luis\",\"description\":\"\",\"publisher\":{\"@id\":\"https:\/\/apuntesdesanluis.com\/#\/schema\/person\/b55151d52296fcce64d1a72538a70b90\"},\"potentialAction\":[{\"@type\":\"SearchAction\",\"target\":{\"@type\":\"EntryPoint\",\"urlTemplate\":\"https:\/\/apuntesdesanluis.com\/?s={search_term_string}\"},\"query-input\":{\"@type\":\"PropertyValueSpecification\",\"valueRequired\":true,\"valueName\":\"search_term_string\"}}],\"inLanguage\":\"es-AR\"},{\"@type\":[\"Person\",\"Organization\"],\"@id\":\"https:\/\/apuntesdesanluis.com\/#\/schema\/person\/b55151d52296fcce64d1a72538a70b90\",\"name\":\"apuntesdesanluis.com\",\"image\":{\"@type\":\"ImageObject\",\"inLanguage\":\"es-AR\",\"@id\":\"https:\/\/apuntesdesanluis.com\/#\/schema\/person\/image\/\",\"url\":\"https:\/\/apuntesdesanluis.com\/wp-content\/uploads\/2023\/07\/cropped-apuntesdesanluis.png\",\"contentUrl\":\"https:\/\/apuntesdesanluis.com\/wp-content\/uploads\/2023\/07\/cropped-apuntesdesanluis.png\",\"width\":450,\"height\":112,\"caption\":\"apuntesdesanluis.com\"},\"logo\":{\"@id\":\"https:\/\/apuntesdesanluis.com\/#\/schema\/person\/image\/\"},\"sameAs\":[\"https:\/\/apuntesdesanluis.com\"],\"url\":\"https:\/\/apuntesdesanluis.com\/index.php\/author\/apuntesdesanluis-com\/\"}]}<\/script>\n<!-- \/ Yoast SEO plugin. -->","yoast_head_json":{"title":"CONGELAN TARIFAS DE COLECTIVOS Y TRENES HASTA DESPU\u00c9S DE LAS ELECCIONES E INVITAN A LAS PROVINCIAS A ADHERIR - Apuntes de San Luis","robots":{"index":"index","follow":"follow","max-snippet":"max-snippet:-1","max-image-preview":"max-image-preview:large","max-video-preview":"max-video-preview:-1"},"canonical":"https:\/\/apuntesdesanluis.com\/index.php\/2023\/08\/31\/congelan-tarifas-de-colectivos-y-trenes-hasta-despues-de-las-elecciones-e-invitan-a-las-provincias-a-adherir\/","og_locale":"es_ES","og_type":"article","og_title":"CONGELAN TARIFAS DE COLECTIVOS Y TRENES HASTA DESPU\u00c9S DE LAS ELECCIONES E INVITAN A LAS PROVINCIAS A ADHERIR - Apuntes de San Luis","og_description":"El Gobierno dispuso un congelamiento de las tarifas del transporte p\u00fablico automotor y ferroviario de...","og_url":"https:\/\/apuntesdesanluis.com\/index.php\/2023\/08\/31\/congelan-tarifas-de-colectivos-y-trenes-hasta-despues-de-las-elecciones-e-invitan-a-las-provincias-a-adherir\/","og_site_name":"Apuntes de San Luis","article_published_time":"2023-08-31T17:34:15+00:00","og_image":[{"width":583,"height":378,"url":"https:\/\/apuntesdesanluis.com\/wp-content\/uploads\/2023\/08\/colectivos.png","type":"image\/png"}],"author":"apuntesdesanluis.com","twitter_card":"summary_large_image","twitter_misc":{"Escrito por":"apuntesdesanluis.com","Tiempo de lectura":"2 minutos"},"schema":{"@context":"https:\/\/schema.org","@graph":[{"@type":"Article","@id":"https:\/\/apuntesdesanluis.com\/index.php\/2023\/08\/31\/congelan-tarifas-de-colectivos-y-trenes-hasta-despues-de-las-elecciones-e-invitan-a-las-provincias-a-adherir\/#article","isPartOf":{"@id":"https:\/\/apuntesdesanluis.com\/index.php\/2023\/08\/31\/congelan-tarifas-de-colectivos-y-trenes-hasta-despues-de-las-elecciones-e-invitan-a-las-provincias-a-adherir\/"},"author":{"name":"apuntesdesanluis.com","@id":"https:\/\/apuntesdesanluis.com\/#\/schema\/person\/b55151d52296fcce64d1a72538a70b90"},"headline":"CONGELAN TARIFAS DE COLECTIVOS Y TRENES HASTA DESPU\u00c9S DE LAS ELECCIONES E INVITAN A LAS PROVINCIAS A ADHERIR","datePublished":"2023-08-31T17:34:15+00:00","mainEntityOfPage":{"@id":"https:\/\/apuntesdesanluis.com\/index.php\/2023\/08\/31\/congelan-tarifas-de-colectivos-y-trenes-hasta-despues-de-las-elecciones-e-invitan-a-las-provincias-a-adherir\/"},"wordCount":394,"publisher":{"@id":"https:\/\/apuntesdesanluis.com\/#\/schema\/person\/b55151d52296fcce64d1a72538a70b90"},"image":{"@id":"https:\/\/apuntesdesanluis.com\/index.php\/2023\/08\/31\/congelan-tarifas-de-colectivos-y-trenes-hasta-despues-de-las-elecciones-e-invitan-a-las-provincias-a-adherir\/#primaryimage"},"thumbnailUrl":"https:\/\/apuntesdesanluis.com\/wp-content\/uploads\/2023\/08\/colectivos.png","articleSection":["Nacionales\/Internacionales"],"inLanguage":"es-AR"},{"@type":"WebPage","@id":"https:\/\/apuntesdesanluis.com\/index.php\/2023\/08\/31\/congelan-tarifas-de-colectivos-y-trenes-hasta-despues-de-las-elecciones-e-invitan-a-las-provincias-a-adherir\/","url":"https:\/\/apuntesdesanluis.com\/index.php\/2023\/08\/31\/congelan-tarifas-de-colectivos-y-trenes-hasta-despues-de-las-elecciones-e-invitan-a-las-provincias-a-adherir\/","name":"CONGELAN TARIFAS DE COLECTIVOS Y TRENES HASTA DESPU\u00c9S DE LAS ELECCIONES E INVITAN A LAS PROVINCIAS A ADHERIR - Apuntes de San Luis","isPartOf":{"@id":"https:\/\/apuntesdesanluis.com\/#website"},"primaryImageOfPage":{"@id":"https:\/\/apuntesdesanluis.com\/index.php\/2023\/08\/31\/congelan-tarifas-de-colectivos-y-trenes-hasta-despues-de-las-elecciones-e-invitan-a-las-provincias-a-adherir\/#primaryimage"},"image":{"@id":"https:\/\/apuntesdesanluis.com\/index.php\/2023\/08\/31\/congelan-tarifas-de-colectivos-y-trenes-hasta-despues-de-las-elecciones-e-invitan-a-las-provincias-a-adherir\/#primaryimage"},"thumbnailUrl":"https:\/\/apuntesdesanluis.com\/wp-content\/uploads\/2023\/08\/colectivos.png","datePublished":"2023-08-31T17:34:15+00:00","breadcrumb":{"@id":"https:\/\/apuntesdesanluis.com\/index.php\/2023\/08\/31\/congelan-tarifas-de-colectivos-y-trenes-hasta-despues-de-las-elecciones-e-invitan-a-las-provincias-a-adherir\/#breadcrumb"},"inLanguage":"es-AR","potentialAction":[{"@type":"ReadAction","target":["https:\/\/apuntesdesanluis.com\/index.php\/2023\/08\/31\/congelan-tarifas-de-colectivos-y-trenes-hasta-despues-de-las-elecciones-e-invitan-a-las-provincias-a-adherir\/"]}]},{"@type":"ImageObject","inLanguage":"es-AR","@id":"https:\/\/apuntesdesanluis.com\/index.php\/2023\/08\/31\/congelan-tarifas-de-colectivos-y-trenes-hasta-despues-de-las-elecciones-e-invitan-a-las-provincias-a-adherir\/#primaryimage","url":"https:\/\/apuntesdesanluis.com\/wp-content\/uploads\/2023\/08\/colectivos.png","contentUrl":"https:\/\/apuntesdesanluis.com\/wp-content\/uploads\/2023\/08\/colectivos.png","width":583,"height":378},{"@type":"BreadcrumbList","@id":"https:\/\/apuntesdesanluis.com\/index.php\/2023\/08\/31\/congelan-tarifas-de-colectivos-y-trenes-hasta-despues-de-las-elecciones-e-invitan-a-las-provincias-a-adherir\/#breadcrumb","itemListElement":[{"@type":"ListItem","position":1,"name":"Inicio","item":"https:\/\/apuntesdesanluis.com\/"},{"@type":"ListItem","position":2,"name":"CONGELAN TARIFAS DE COLECTIVOS Y TRENES HASTA DESPU\u00c9S DE LAS ELECCIONES E INVITAN A LAS PROVINCIAS A ADHERIR"}]},{"@type":"WebSite","@id":"https:\/\/apuntesdesanluis.com\/#website","url":"https:\/\/apuntesdesanluis.com\/","name":"Apuntes de San Luis","description":"","publisher":{"@id":"https:\/\/apuntesdesanluis.com\/#\/schema\/person\/b55151d52296fcce64d1a72538a70b90"},"potentialAction":[{"@type":"SearchAction","target":{"@type":"EntryPoint","urlTemplate":"https:\/\/apuntesdesanluis.com\/?s={search_term_string}"},"query-input":{"@type":"PropertyValueSpecification","valueRequired":true,"valueName":"search_term_string"}}],"inLanguage":"es-AR"},{"@type":["Person","Organization"],"@id":"https:\/\/apuntesdesanluis.com\/#\/schema\/person\/b55151d52296fcce64d1a72538a70b90","name":"apuntesdesanluis.com","image":{"@type":"ImageObject","inLanguage":"es-AR","@id":"https:\/\/apuntesdesanluis.com\/#\/schema\/person\/image\/","url":"https:\/\/apuntesdesanluis.com\/wp-content\/uploads\/2023\/07\/cropped-apuntesdesanluis.png","contentUrl":"https:\/\/apuntesdesanluis.com\/wp-content\/uploads\/2023\/07\/cropped-apuntesdesanluis.png","width":450,"height":112,"caption":"apuntesdesanluis.com"},"logo":{"@id":"https:\/\/apuntesdesanluis.com\/#\/schema\/person\/image\/"},"sameAs":["https:\/\/apuntesdesanluis.com"],"url":"https:\/\/apuntesdesanluis.com\/index.php\/author\/apuntesdesanluis-com\/"}]}},"featured_image_urls":{"full":["https:\/\/apuntesdesanluis.com\/wp-content\/uploads\/2023\/08\/colectivos.png",583,378,false],"thumbnail":["https:\/\/apuntesdesanluis.com\/wp-content\/uploads\/2023\/08\/colectivos-150x150.png",150,150,true],"medium":["https:\/\/apuntesdesanluis.com\/wp-content\/uploads\/2023\/08\/colectivos-300x195.png",300,195,true],"medium_large":["https:\/\/apuntesdesanluis.com\/wp-content\/uploads\/2023\/08\/colectivos.png",583,378,false],"large":["https:\/\/apuntesdesanluis.com\/wp-content\/uploads\/2023\/08\/colectivos.png",583,378,false],"1536x1536":["https:\/\/apuntesdesanluis.com\/wp-content\/uploads\/2023\/08\/colectivos.png",583,378,false],"2048x2048":["https:\/\/apuntesdesanluis.com\/wp-content\/uploads\/2023\/08\/colectivos.png",583,378,false],"newsever-slider-full":["https:\/\/apuntesdesanluis.com\/wp-content\/uploads\/2023\/08\/colectivos.png",583,378,false],"newsever-featured":["https:\/\/apuntesdesanluis.com\/wp-content\/uploads\/2023\/08\/colectivos.png",583,378,false],"newsever-medium":["https:\/\/apuntesdesanluis.com\/wp-content\/uploads\/2023\/08\/colectivos.png",583,378,false]},"author_info":{"display_name":"apuntesdesanluis.com","author_link":"https:\/\/apuntesdesanluis.com\/index.php\/author\/apuntesdesanluis-com\/"},"category_info":"<a href=\"https:\/\/apuntesdesanluis.com\/index.php\/category\/nacionales-internacionales\/\" rel=\"category tag\">Nacionales\/Internacionales<\/a>","tag_info":"Nacionales\/Internacionales","comment_count":"0","_links":{"self":[{"href":"https:\/\/apuntesdesanluis.com\/index.php\/wp-json\/wp\/v2\/posts\/2451","targetHints":{"allow":["GET"]}}],"collection":[{"href":"https:\/\/apuntesdesanluis.com\/index.php\/wp-json\/wp\/v2\/posts"}],"about":[{"href":"https:\/\/apuntesdesanluis.com\/index.php\/wp-json\/wp\/v2\/types\/post"}],"author":[{"embeddable":true,"href":"https:\/\/apuntesdesanluis.com\/index.php\/wp-json\/wp\/v2\/users\/1"}],"replies":[{"embeddable":true,"href":"https:\/\/apuntesdesanluis.com\/index.php\/wp-json\/wp\/v2\/comments?post=2451"}],"version-history":[{"count":1,"href":"https:\/\/apuntesdesanluis.com\/index.php\/wp-json\/wp\/v2\/posts\/2451\/revisions"}],"predecessor-version":[{"id":2453,"href":"https:\/\/apuntesdesanluis.com\/index.php\/wp-json\/wp\/v2\/posts\/2451\/revisions\/2453"}],"wp:featuredmedia":[{"embeddable":true,"href":"https:\/\/apuntesdesanluis.com\/index.php\/wp-json\/wp\/v2\/media\/2452"}],"wp:attachment":[{"href":"https:\/\/apuntesdesanluis.com\/index.php\/wp-json\/wp\/v2\/media?parent=2451"}],"wp:term":[{"taxonomy":"category","embeddable":true,"href":"https:\/\/apuntesdesanluis.com\/index.php\/wp-json\/wp\/v2\/categories?post=2451"},{"taxonomy":"post_tag","embeddable":true,"href":"https:\/\/apuntesdesanluis.com\/index.php\/wp-json\/wp\/v2\/tags?post=2451"}],"curies":[{"name":"wp","href":"https:\/\/api.w.org\/{rel}","templated":true}]}}