{"id":24516,"date":"2024-10-30T00:30:11","date_gmt":"2024-10-30T03:30:11","guid":{"rendered":"https:\/\/apuntesdesanluis.com\/?p=24516"},"modified":"2024-10-30T00:33:50","modified_gmt":"2024-10-30T03:33:50","slug":"judiciales-se-reunieron-con-la-comision-de-presupuesto-del-senado","status":"publish","type":"post","link":"https:\/\/apuntesdesanluis.com\/index.php\/2024\/10\/30\/judiciales-se-reunieron-con-la-comision-de-presupuesto-del-senado\/","title":{"rendered":"JUDICIALES SE REUNIERON CON LA COMISI\u00d3N DE PRESUPUESTO DEL SENADO"},"content":{"rendered":"<h3>Representantes del <strong>Sindicato Judiciales Puntanos<\/strong> mantuvieron un encuentro este lunes con la <strong>Comisi\u00f3n de Presupuesto del Senado<\/strong> de la provincia de San Luis para explicar y debatir argumentos a favor del Proyecto de Ley de Fortalecimiento de la Autonom\u00eda del Poder Judicial de la Provincia de San Luis.<\/h3>\n<h3>\u201cEste encuentro fue una excelente oportunidad para exponer la importancia de esta iniciativa que, de ser aprobada, no solo beneficiar\u00e1 a los y las\u00a0 trabajadoras judiciales, sino tambi\u00e9n a todos los ciudadanos que dependen de un servicio de justicia eficiente y equitativo\u201d, indic\u00f3 el secretario General del SiJuPu, <strong>Luciano Cardarelli<\/strong>.<\/h3>\n<h3>Agreg\u00f3 que este proyecto cobra a\u00fan m\u00e1s relevancia en el contexto actual, \u201cconsiderando que en el Presupuesto General de Gastos y C\u00e1lculo de Recursos de la Administraci\u00f3n Provincial 2025 de la provincia, el Poder Judicial ha recibido un recorte inconstitucional del 25% de su presupuesto, siendo el \u00fanico rubro del Estado que no solo ha sido recortado, sino que tampoco fue actualizado bajo el mismo criterio y porcentaje que otros rubros en el cuadro de clasificaci\u00f3n por finalidad y funci\u00f3n, el cual se comparti\u00f3 en la reuni\u00f3n\u201d.<\/h3>\n<h3><img fetchpriority=\"high\" decoding=\"async\" class=\"wp-image-24517 aligncenter\" src=\"https:\/\/apuntesdesanluis.com\/wp-content\/uploads\/2024\/10\/Imagen-de-WhatsApp-2024-10-29-a-las-19.58.23_d0dfecaa-300x209.jpg\" alt=\"\" width=\"764\" height=\"532\" srcset=\"https:\/\/apuntesdesanluis.com\/wp-content\/uploads\/2024\/10\/Imagen-de-WhatsApp-2024-10-29-a-las-19.58.23_d0dfecaa-300x209.jpg 300w, https:\/\/apuntesdesanluis.com\/wp-content\/uploads\/2024\/10\/Imagen-de-WhatsApp-2024-10-29-a-las-19.58.23_d0dfecaa-768x534.jpg 768w, https:\/\/apuntesdesanluis.com\/wp-content\/uploads\/2024\/10\/Imagen-de-WhatsApp-2024-10-29-a-las-19.58.23_d0dfecaa.jpg 1009w\" sizes=\"(max-width: 764px) 100vw, 764px\" \/><\/h3>\n<h4 style=\"text-align: center;\"><em>De 15 \u00edtems, 14 tienen subas de entre 140% y hasta 407%, mientras la justicia registra apenas 61,5% &#8230;<\/em><\/h4>\n<p>&nbsp;<\/p>\n<h3>El dirigente afirm\u00f3 adem\u00e1s que durante el a\u00f1o 2024, el presupuesto en curso no ha recibido la actualizaci\u00f3n de partidas correspondiente, \u201clo que compromete a\u00fan m\u00e1s la operatividad y la capacidad de respuesta del sistema judicial\u201d.<\/h3>\n<h3>Cardarelli sostuvo que este proyecto de ley tiene como objetivo \u201cdotar al Poder Judicial de la autonom\u00eda, independencia y autarqu\u00eda econ\u00f3mica que necesita para cumplir con su misi\u00f3n de forma efectiva y sin interferencias. En nuestra presentaci\u00f3n, destacamos c\u00f3mo la autonom\u00eda judicial no es un capricho, sino una herramienta fundamental para garantizar que cada ciudadano acceda a una justicia imparcial y digna. Con un Poder Judicial fortalecido, se mejorar\u00eda el funcionamiento de los juzgados, la capacidad de resolver causas de manera m\u00e1s \u00e1gil y eficiente, brindando asi un mejor servicio a la comunidad\u201d.<\/h3>\n<h3>Finalmente consign\u00f3 que este es un paso m\u00e1s en el compromiso del SiJuPu de \u201cluchar por un sistema judicial verdaderamente aut\u00f3nomo y al servicio del pueblo. Seguimos convencidos de que una justicia independiente es una justicia en beneficio de todos y todas\u201d.<\/h3>\n<p>&nbsp;<\/p>\n<p>&nbsp;<\/p>\n<p>&nbsp;<\/p>\n<p>&nbsp;<\/p>\n<p>&nbsp;<\/p>\n<p>&nbsp;<\/p>\n<p>&nbsp;<\/p>\n","protected":false},"excerpt":{"rendered":"<p>Representantes del Sindicato Judiciales Puntanos mantuvieron un encuentro este lunes con la Comisi\u00f3n de Presupuesto&#8230;<\/p>\n","protected":false},"author":1,"featured_media":24518,"comment_status":"closed","ping_status":"closed","sticky":false,"template":"","format":"standard","meta":{"footnotes":""},"categories":[6],"tags":[],"class_list":["post-24516","post","type-post","status-publish","format-standard","has-post-thumbnail","hentry","category-ciudad-provincia"],"yoast_head":"<!-- This site is optimized with the Yoast SEO plugin v26.1.1 - https:\/\/yoast.com\/wordpress\/plugins\/seo\/ -->\n<title>JUDICIALES SE REUNIERON CON LA COMISI\u00d3N DE PRESUPUESTO DEL SENADO - Apuntes de San Luis<\/title>\n<meta name=\"robots\" content=\"index, follow, max-snippet:-1, max-image-preview:large, max-video-preview:-1\" \/>\n<link rel=\"canonical\" href=\"https:\/\/apuntesdesanluis.com\/index.php\/2024\/10\/30\/judiciales-se-reunieron-con-la-comision-de-presupuesto-del-senado\/\" \/>\n<meta property=\"og:locale\" content=\"es_ES\" \/>\n<meta property=\"og:type\" content=\"article\" \/>\n<meta property=\"og:title\" content=\"JUDICIALES SE REUNIERON CON LA COMISI\u00d3N DE PRESUPUESTO DEL SENADO - Apuntes de San Luis\" \/>\n<meta property=\"og:description\" content=\"Representantes del Sindicato Judiciales Puntanos mantuvieron un encuentro este lunes con la Comisi\u00f3n de Presupuesto...\" \/>\n<meta property=\"og:url\" content=\"https:\/\/apuntesdesanluis.com\/index.php\/2024\/10\/30\/judiciales-se-reunieron-con-la-comision-de-presupuesto-del-senado\/\" \/>\n<meta property=\"og:site_name\" content=\"Apuntes de San Luis\" \/>\n<meta property=\"article:published_time\" content=\"2024-10-30T03:30:11+00:00\" \/>\n<meta property=\"article:modified_time\" content=\"2024-10-30T03:33:50+00:00\" \/>\n<meta property=\"og:image\" content=\"https:\/\/apuntesdesanluis.com\/wp-content\/uploads\/2024\/10\/cardarelli-con-senadores.png\" \/>\n\t<meta property=\"og:image:width\" content=\"700\" \/>\n\t<meta property=\"og:image:height\" content=\"405\" \/>\n\t<meta property=\"og:image:type\" content=\"image\/png\" \/>\n<meta name=\"author\" content=\"apuntesdesanluis.com\" \/>\n<meta name=\"twitter:card\" content=\"summary_large_image\" \/>\n<meta name=\"twitter:label1\" content=\"Escrito por\" \/>\n\t<meta name=\"twitter:data1\" content=\"apuntesdesanluis.com\" \/>\n\t<meta name=\"twitter:label2\" content=\"Tiempo de lectura\" \/>\n\t<meta name=\"twitter:data2\" content=\"3 minutos\" \/>\n<script type=\"application\/ld+json\" class=\"yoast-schema-graph\">{\"@context\":\"https:\/\/schema.org\",\"@graph\":[{\"@type\":\"Article\",\"@id\":\"https:\/\/apuntesdesanluis.com\/index.php\/2024\/10\/30\/judiciales-se-reunieron-con-la-comision-de-presupuesto-del-senado\/#article\",\"isPartOf\":{\"@id\":\"https:\/\/apuntesdesanluis.com\/index.php\/2024\/10\/30\/judiciales-se-reunieron-con-la-comision-de-presupuesto-del-senado\/\"},\"author\":{\"name\":\"apuntesdesanluis.com\",\"@id\":\"https:\/\/apuntesdesanluis.com\/#\/schema\/person\/b55151d52296fcce64d1a72538a70b90\"},\"headline\":\"JUDICIALES SE REUNIERON CON LA COMISI\u00d3N DE PRESUPUESTO DEL SENADO\",\"datePublished\":\"2024-10-30T03:30:11+00:00\",\"dateModified\":\"2024-10-30T03:33:50+00:00\",\"mainEntityOfPage\":{\"@id\":\"https:\/\/apuntesdesanluis.com\/index.php\/2024\/10\/30\/judiciales-se-reunieron-con-la-comision-de-presupuesto-del-senado\/\"},\"wordCount\":411,\"publisher\":{\"@id\":\"https:\/\/apuntesdesanluis.com\/#\/schema\/person\/b55151d52296fcce64d1a72538a70b90\"},\"image\":{\"@id\":\"https:\/\/apuntesdesanluis.com\/index.php\/2024\/10\/30\/judiciales-se-reunieron-con-la-comision-de-presupuesto-del-senado\/#primaryimage\"},\"thumbnailUrl\":\"https:\/\/apuntesdesanluis.com\/wp-content\/uploads\/2024\/10\/cardarelli-con-senadores.png\",\"articleSection\":[\"Ciudad\/Provincia\"],\"inLanguage\":\"es-AR\"},{\"@type\":\"WebPage\",\"@id\":\"https:\/\/apuntesdesanluis.com\/index.php\/2024\/10\/30\/judiciales-se-reunieron-con-la-comision-de-presupuesto-del-senado\/\",\"url\":\"https:\/\/apuntesdesanluis.com\/index.php\/2024\/10\/30\/judiciales-se-reunieron-con-la-comision-de-presupuesto-del-senado\/\",\"name\":\"JUDICIALES SE REUNIERON CON LA COMISI\u00d3N DE PRESUPUESTO DEL SENADO - Apuntes de San Luis\",\"isPartOf\":{\"@id\":\"https:\/\/apuntesdesanluis.com\/#website\"},\"primaryImageOfPage\":{\"@id\":\"https:\/\/apuntesdesanluis.com\/index.php\/2024\/10\/30\/judiciales-se-reunieron-con-la-comision-de-presupuesto-del-senado\/#primaryimage\"},\"image\":{\"@id\":\"https:\/\/apuntesdesanluis.com\/index.php\/2024\/10\/30\/judiciales-se-reunieron-con-la-comision-de-presupuesto-del-senado\/#primaryimage\"},\"thumbnailUrl\":\"https:\/\/apuntesdesanluis.com\/wp-content\/uploads\/2024\/10\/cardarelli-con-senadores.png\",\"datePublished\":\"2024-10-30T03:30:11+00:00\",\"dateModified\":\"2024-10-30T03:33:50+00:00\",\"breadcrumb\":{\"@id\":\"https:\/\/apuntesdesanluis.com\/index.php\/2024\/10\/30\/judiciales-se-reunieron-con-la-comision-de-presupuesto-del-senado\/#breadcrumb\"},\"inLanguage\":\"es-AR\",\"potentialAction\":[{\"@type\":\"ReadAction\",\"target\":[\"https:\/\/apuntesdesanluis.com\/index.php\/2024\/10\/30\/judiciales-se-reunieron-con-la-comision-de-presupuesto-del-senado\/\"]}]},{\"@type\":\"ImageObject\",\"inLanguage\":\"es-AR\",\"@id\":\"https:\/\/apuntesdesanluis.com\/index.php\/2024\/10\/30\/judiciales-se-reunieron-con-la-comision-de-presupuesto-del-senado\/#primaryimage\",\"url\":\"https:\/\/apuntesdesanluis.com\/wp-content\/uploads\/2024\/10\/cardarelli-con-senadores.png\",\"contentUrl\":\"https:\/\/apuntesdesanluis.com\/wp-content\/uploads\/2024\/10\/cardarelli-con-senadores.png\",\"width\":700,\"height\":405},{\"@type\":\"BreadcrumbList\",\"@id\":\"https:\/\/apuntesdesanluis.com\/index.php\/2024\/10\/30\/judiciales-se-reunieron-con-la-comision-de-presupuesto-del-senado\/#breadcrumb\",\"itemListElement\":[{\"@type\":\"ListItem\",\"position\":1,\"name\":\"Inicio\",\"item\":\"https:\/\/apuntesdesanluis.com\/\"},{\"@type\":\"ListItem\",\"position\":2,\"name\":\"JUDICIALES SE REUNIERON CON LA COMISI\u00d3N DE PRESUPUESTO DEL SENADO\"}]},{\"@type\":\"WebSite\",\"@id\":\"https:\/\/apuntesdesanluis.com\/#website\",\"url\":\"https:\/\/apuntesdesanluis.com\/\",\"name\":\"Apuntes de San Luis\",\"description\":\"\",\"publisher\":{\"@id\":\"https:\/\/apuntesdesanluis.com\/#\/schema\/person\/b55151d52296fcce64d1a72538a70b90\"},\"potentialAction\":[{\"@type\":\"SearchAction\",\"target\":{\"@type\":\"EntryPoint\",\"urlTemplate\":\"https:\/\/apuntesdesanluis.com\/?s={search_term_string}\"},\"query-input\":{\"@type\":\"PropertyValueSpecification\",\"valueRequired\":true,\"valueName\":\"search_term_string\"}}],\"inLanguage\":\"es-AR\"},{\"@type\":[\"Person\",\"Organization\"],\"@id\":\"https:\/\/apuntesdesanluis.com\/#\/schema\/person\/b55151d52296fcce64d1a72538a70b90\",\"name\":\"apuntesdesanluis.com\",\"image\":{\"@type\":\"ImageObject\",\"inLanguage\":\"es-AR\",\"@id\":\"https:\/\/apuntesdesanluis.com\/#\/schema\/person\/image\/\",\"url\":\"https:\/\/apuntesdesanluis.com\/wp-content\/uploads\/2023\/07\/cropped-apuntesdesanluis.png\",\"contentUrl\":\"https:\/\/apuntesdesanluis.com\/wp-content\/uploads\/2023\/07\/cropped-apuntesdesanluis.png\",\"width\":450,\"height\":112,\"caption\":\"apuntesdesanluis.com\"},\"logo\":{\"@id\":\"https:\/\/apuntesdesanluis.com\/#\/schema\/person\/image\/\"},\"sameAs\":[\"https:\/\/apuntesdesanluis.com\"],\"url\":\"https:\/\/apuntesdesanluis.com\/index.php\/author\/apuntesdesanluis-com\/\"}]}<\/script>\n<!-- \/ Yoast SEO plugin. -->","yoast_head_json":{"title":"JUDICIALES SE REUNIERON CON LA COMISI\u00d3N DE PRESUPUESTO DEL SENADO - Apuntes de San Luis","robots":{"index":"index","follow":"follow","max-snippet":"max-snippet:-1","max-image-preview":"max-image-preview:large","max-video-preview":"max-video-preview:-1"},"canonical":"https:\/\/apuntesdesanluis.com\/index.php\/2024\/10\/30\/judiciales-se-reunieron-con-la-comision-de-presupuesto-del-senado\/","og_locale":"es_ES","og_type":"article","og_title":"JUDICIALES SE REUNIERON CON LA COMISI\u00d3N DE PRESUPUESTO DEL SENADO - Apuntes de San Luis","og_description":"Representantes del Sindicato Judiciales Puntanos mantuvieron un encuentro este lunes con la Comisi\u00f3n de Presupuesto...","og_url":"https:\/\/apuntesdesanluis.com\/index.php\/2024\/10\/30\/judiciales-se-reunieron-con-la-comision-de-presupuesto-del-senado\/","og_site_name":"Apuntes de San Luis","article_published_time":"2024-10-30T03:30:11+00:00","article_modified_time":"2024-10-30T03:33:50+00:00","og_image":[{"width":700,"height":405,"url":"https:\/\/apuntesdesanluis.com\/wp-content\/uploads\/2024\/10\/cardarelli-con-senadores.png","type":"image\/png"}],"author":"apuntesdesanluis.com","twitter_card":"summary_large_image","twitter_misc":{"Escrito por":"apuntesdesanluis.com","Tiempo de lectura":"3 minutos"},"schema":{"@context":"https:\/\/schema.org","@graph":[{"@type":"Article","@id":"https:\/\/apuntesdesanluis.com\/index.php\/2024\/10\/30\/judiciales-se-reunieron-con-la-comision-de-presupuesto-del-senado\/#article","isPartOf":{"@id":"https:\/\/apuntesdesanluis.com\/index.php\/2024\/10\/30\/judiciales-se-reunieron-con-la-comision-de-presupuesto-del-senado\/"},"author":{"name":"apuntesdesanluis.com","@id":"https:\/\/apuntesdesanluis.com\/#\/schema\/person\/b55151d52296fcce64d1a72538a70b90"},"headline":"JUDICIALES SE REUNIERON CON LA COMISI\u00d3N DE PRESUPUESTO DEL SENADO","datePublished":"2024-10-30T03:30:11+00:00","dateModified":"2024-10-30T03:33:50+00:00","mainEntityOfPage":{"@id":"https:\/\/apuntesdesanluis.com\/index.php\/2024\/10\/30\/judiciales-se-reunieron-con-la-comision-de-presupuesto-del-senado\/"},"wordCount":411,"publisher":{"@id":"https:\/\/apuntesdesanluis.com\/#\/schema\/person\/b55151d52296fcce64d1a72538a70b90"},"image":{"@id":"https:\/\/apuntesdesanluis.com\/index.php\/2024\/10\/30\/judiciales-se-reunieron-con-la-comision-de-presupuesto-del-senado\/#primaryimage"},"thumbnailUrl":"https:\/\/apuntesdesanluis.com\/wp-content\/uploads\/2024\/10\/cardarelli-con-senadores.png","articleSection":["Ciudad\/Provincia"],"inLanguage":"es-AR"},{"@type":"WebPage","@id":"https:\/\/apuntesdesanluis.com\/index.php\/2024\/10\/30\/judiciales-se-reunieron-con-la-comision-de-presupuesto-del-senado\/","url":"https:\/\/apuntesdesanluis.com\/index.php\/2024\/10\/30\/judiciales-se-reunieron-con-la-comision-de-presupuesto-del-senado\/","name":"JUDICIALES SE REUNIERON CON LA COMISI\u00d3N DE PRESUPUESTO DEL SENADO - Apuntes de San Luis","isPartOf":{"@id":"https:\/\/apuntesdesanluis.com\/#website"},"primaryImageOfPage":{"@id":"https:\/\/apuntesdesanluis.com\/index.php\/2024\/10\/30\/judiciales-se-reunieron-con-la-comision-de-presupuesto-del-senado\/#primaryimage"},"image":{"@id":"https:\/\/apuntesdesanluis.com\/index.php\/2024\/10\/30\/judiciales-se-reunieron-con-la-comision-de-presupuesto-del-senado\/#primaryimage"},"thumbnailUrl":"https:\/\/apuntesdesanluis.com\/wp-content\/uploads\/2024\/10\/cardarelli-con-senadores.png","datePublished":"2024-10-30T03:30:11+00:00","dateModified":"2024-10-30T03:33:50+00:00","breadcrumb":{"@id":"https:\/\/apuntesdesanluis.com\/index.php\/2024\/10\/30\/judiciales-se-reunieron-con-la-comision-de-presupuesto-del-senado\/#breadcrumb"},"inLanguage":"es-AR","potentialAction":[{"@type":"ReadAction","target":["https:\/\/apuntesdesanluis.com\/index.php\/2024\/10\/30\/judiciales-se-reunieron-con-la-comision-de-presupuesto-del-senado\/"]}]},{"@type":"ImageObject","inLanguage":"es-AR","@id":"https:\/\/apuntesdesanluis.com\/index.php\/2024\/10\/30\/judiciales-se-reunieron-con-la-comision-de-presupuesto-del-senado\/#primaryimage","url":"https:\/\/apuntesdesanluis.com\/wp-content\/uploads\/2024\/10\/cardarelli-con-senadores.png","contentUrl":"https:\/\/apuntesdesanluis.com\/wp-content\/uploads\/2024\/10\/cardarelli-con-senadores.png","width":700,"height":405},{"@type":"BreadcrumbList","@id":"https:\/\/apuntesdesanluis.com\/index.php\/2024\/10\/30\/judiciales-se-reunieron-con-la-comision-de-presupuesto-del-senado\/#breadcrumb","itemListElement":[{"@type":"ListItem","position":1,"name":"Inicio","item":"https:\/\/apuntesdesanluis.com\/"},{"@type":"ListItem","position":2,"name":"JUDICIALES SE REUNIERON CON LA COMISI\u00d3N DE PRESUPUESTO DEL SENADO"}]},{"@type":"WebSite","@id":"https:\/\/apuntesdesanluis.com\/#website","url":"https:\/\/apuntesdesanluis.com\/","name":"Apuntes de San Luis","description":"","publisher":{"@id":"https:\/\/apuntesdesanluis.com\/#\/schema\/person\/b55151d52296fcce64d1a72538a70b90"},"potentialAction":[{"@type":"SearchAction","target":{"@type":"EntryPoint","urlTemplate":"https:\/\/apuntesdesanluis.com\/?s={search_term_string}"},"query-input":{"@type":"PropertyValueSpecification","valueRequired":true,"valueName":"search_term_string"}}],"inLanguage":"es-AR"},{"@type":["Person","Organization"],"@id":"https:\/\/apuntesdesanluis.com\/#\/schema\/person\/b55151d52296fcce64d1a72538a70b90","name":"apuntesdesanluis.com","image":{"@type":"ImageObject","inLanguage":"es-AR","@id":"https:\/\/apuntesdesanluis.com\/#\/schema\/person\/image\/","url":"https:\/\/apuntesdesanluis.com\/wp-content\/uploads\/2023\/07\/cropped-apuntesdesanluis.png","contentUrl":"https:\/\/apuntesdesanluis.com\/wp-content\/uploads\/2023\/07\/cropped-apuntesdesanluis.png","width":450,"height":112,"caption":"apuntesdesanluis.com"},"logo":{"@id":"https:\/\/apuntesdesanluis.com\/#\/schema\/person\/image\/"},"sameAs":["https:\/\/apuntesdesanluis.com"],"url":"https:\/\/apuntesdesanluis.com\/index.php\/author\/apuntesdesanluis-com\/"}]}},"featured_image_urls":{"full":["https:\/\/apuntesdesanluis.com\/wp-content\/uploads\/2024\/10\/cardarelli-con-senadores.png",700,405,false],"thumbnail":["https:\/\/apuntesdesanluis.com\/wp-content\/uploads\/2024\/10\/cardarelli-con-senadores-150x150.png",150,150,true],"medium":["https:\/\/apuntesdesanluis.com\/wp-content\/uploads\/2024\/10\/cardarelli-con-senadores-300x174.png",300,174,true],"medium_large":["https:\/\/apuntesdesanluis.com\/wp-content\/uploads\/2024\/10\/cardarelli-con-senadores.png",640,370,false],"large":["https:\/\/apuntesdesanluis.com\/wp-content\/uploads\/2024\/10\/cardarelli-con-senadores.png",640,370,false],"1536x1536":["https:\/\/apuntesdesanluis.com\/wp-content\/uploads\/2024\/10\/cardarelli-con-senadores.png",700,405,false],"2048x2048":["https:\/\/apuntesdesanluis.com\/wp-content\/uploads\/2024\/10\/cardarelli-con-senadores.png",700,405,false],"newsever-slider-full":["https:\/\/apuntesdesanluis.com\/wp-content\/uploads\/2024\/10\/cardarelli-con-senadores.png",700,405,false],"newsever-featured":["https:\/\/apuntesdesanluis.com\/wp-content\/uploads\/2024\/10\/cardarelli-con-senadores.png",700,405,false],"newsever-medium":["https:\/\/apuntesdesanluis.com\/wp-content\/uploads\/2024\/10\/cardarelli-con-senadores.png",700,405,false]},"author_info":{"display_name":"apuntesdesanluis.com","author_link":"https:\/\/apuntesdesanluis.com\/index.php\/author\/apuntesdesanluis-com\/"},"category_info":"<a href=\"https:\/\/apuntesdesanluis.com\/index.php\/category\/ciudad-provincia\/\" rel=\"category tag\">Ciudad\/Provincia<\/a>","tag_info":"Ciudad\/Provincia","comment_count":"0","_links":{"self":[{"href":"https:\/\/apuntesdesanluis.com\/index.php\/wp-json\/wp\/v2\/posts\/24516","targetHints":{"allow":["GET"]}}],"collection":[{"href":"https:\/\/apuntesdesanluis.com\/index.php\/wp-json\/wp\/v2\/posts"}],"about":[{"href":"https:\/\/apuntesdesanluis.com\/index.php\/wp-json\/wp\/v2\/types\/post"}],"author":[{"embeddable":true,"href":"https:\/\/apuntesdesanluis.com\/index.php\/wp-json\/wp\/v2\/users\/1"}],"replies":[{"embeddable":true,"href":"https:\/\/apuntesdesanluis.com\/index.php\/wp-json\/wp\/v2\/comments?post=24516"}],"version-history":[{"count":6,"href":"https:\/\/apuntesdesanluis.com\/index.php\/wp-json\/wp\/v2\/posts\/24516\/revisions"}],"predecessor-version":[{"id":24524,"href":"https:\/\/apuntesdesanluis.com\/index.php\/wp-json\/wp\/v2\/posts\/24516\/revisions\/24524"}],"wp:featuredmedia":[{"embeddable":true,"href":"https:\/\/apuntesdesanluis.com\/index.php\/wp-json\/wp\/v2\/media\/24518"}],"wp:attachment":[{"href":"https:\/\/apuntesdesanluis.com\/index.php\/wp-json\/wp\/v2\/media?parent=24516"}],"wp:term":[{"taxonomy":"category","embeddable":true,"href":"https:\/\/apuntesdesanluis.com\/index.php\/wp-json\/wp\/v2\/categories?post=24516"},{"taxonomy":"post_tag","embeddable":true,"href":"https:\/\/apuntesdesanluis.com\/index.php\/wp-json\/wp\/v2\/tags?post=24516"}],"curies":[{"name":"wp","href":"https:\/\/api.w.org\/{rel}","templated":true}]}}