{"id":24535,"date":"2024-10-30T01:20:40","date_gmt":"2024-10-30T04:20:40","guid":{"rendered":"https:\/\/apuntesdesanluis.com\/?p=24535"},"modified":"2024-10-30T01:20:40","modified_gmt":"2024-10-30T04:20:40","slug":"el-transporte-urbano-e-interurbano-en-san-luis-operara-con-normalidad","status":"publish","type":"post","link":"https:\/\/apuntesdesanluis.com\/index.php\/2024\/10\/30\/el-transporte-urbano-e-interurbano-en-san-luis-operara-con-normalidad\/","title":{"rendered":"EL TRANSPORTE URBANO E INTERURBANO EN SAN LUIS OPERAR\u00c1 CON NORMALIDAD"},"content":{"rendered":"<h3>El Gobierno de la Provincia asegur\u00f3 que el servicio de transporte funcionar\u00e1 con normalidad este mi\u00e9rcoles 30 y ma\u00f1ana jueves 31, a pesar del paro general convocado por la CGT y el paro de la UTA en el AMBA.<\/h3>\n<h3>En medio de la jornada de protestas programada para este mi\u00e9rcoles 30 de octubre, que anticipa una complicada movilidad en las principales ciudades del pa\u00eds afectando, colectivos, trenes, camiones, aviones y puertos, el Gobierno provincial reafirm\u00f3 su compromiso de mantener operativo el sistema de transporte p\u00fablico.<\/h3>\n<h3>Desde Terrazas recordaron que tras la eliminaci\u00f3n de subsidios por parte del Gobierno nacional para el interior provincial, la Provincia destina m\u00e1s 900 millones de pesos mensuales para sostener este sistema y preservar las fuentes laborales de los trabajadores que dependen del mismo.<\/h3>\n<h3>Este esfuerzo incluye no solo el servicio interurbano, sino tambi\u00e9n los servicios urbanos de San Luis, Villa Mercedes y Merlo, as\u00ed como el Boleto Estudiantil Gratuito para estos municipios. Adem\u00e1s, subsidia a los distintos operadores del plan de Transporte Para Todos (TPT), que garantiza la conexi\u00f3n de parajes y pueblos rurales con las ciudades.<\/h3>\n<p>&nbsp;<\/p>\n<p>&nbsp;<\/p>\n<p>&nbsp;<\/p>\n<p>&nbsp;<\/p>\n<p>&nbsp;<\/p>\n<p>&nbsp;<\/p>\n","protected":false},"excerpt":{"rendered":"<p>El Gobierno de la Provincia asegur\u00f3 que el servicio de transporte funcionar\u00e1 con normalidad este&#8230;<\/p>\n","protected":false},"author":1,"featured_media":2991,"comment_status":"closed","ping_status":"closed","sticky":false,"template":"","format":"standard","meta":{"footnotes":""},"categories":[6],"tags":[],"class_list":["post-24535","post","type-post","status-publish","format-standard","has-post-thumbnail","hentry","category-ciudad-provincia"],"yoast_head":"<!-- This site is optimized with the Yoast SEO plugin v26.1.1 - https:\/\/yoast.com\/wordpress\/plugins\/seo\/ -->\n<title>EL TRANSPORTE URBANO E INTERURBANO EN SAN LUIS OPERAR\u00c1 CON NORMALIDAD - Apuntes de San Luis<\/title>\n<meta name=\"robots\" content=\"index, follow, max-snippet:-1, max-image-preview:large, max-video-preview:-1\" \/>\n<link rel=\"canonical\" href=\"https:\/\/apuntesdesanluis.com\/index.php\/2024\/10\/30\/el-transporte-urbano-e-interurbano-en-san-luis-operara-con-normalidad\/\" \/>\n<meta property=\"og:locale\" content=\"es_ES\" \/>\n<meta property=\"og:type\" content=\"article\" \/>\n<meta property=\"og:title\" content=\"EL TRANSPORTE URBANO E INTERURBANO EN SAN LUIS OPERAR\u00c1 CON NORMALIDAD - Apuntes de San Luis\" \/>\n<meta property=\"og:description\" content=\"El Gobierno de la Provincia asegur\u00f3 que el servicio de transporte funcionar\u00e1 con normalidad este...\" \/>\n<meta property=\"og:url\" content=\"https:\/\/apuntesdesanluis.com\/index.php\/2024\/10\/30\/el-transporte-urbano-e-interurbano-en-san-luis-operara-con-normalidad\/\" \/>\n<meta property=\"og:site_name\" content=\"Apuntes de San Luis\" \/>\n<meta property=\"article:published_time\" content=\"2024-10-30T04:20:40+00:00\" \/>\n<meta property=\"og:image\" content=\"https:\/\/apuntesdesanluis.com\/wp-content\/uploads\/2023\/09\/COLECTIVOS.png\" \/>\n\t<meta property=\"og:image:width\" content=\"940\" \/>\n\t<meta property=\"og:image:height\" content=\"594\" \/>\n\t<meta property=\"og:image:type\" content=\"image\/png\" \/>\n<meta name=\"author\" content=\"apuntesdesanluis.com\" \/>\n<meta name=\"twitter:card\" content=\"summary_large_image\" \/>\n<meta name=\"twitter:label1\" content=\"Escrito por\" \/>\n\t<meta name=\"twitter:data1\" content=\"apuntesdesanluis.com\" \/>\n\t<meta name=\"twitter:label2\" content=\"Tiempo de lectura\" \/>\n\t<meta name=\"twitter:data2\" content=\"2 minutos\" \/>\n<script type=\"application\/ld+json\" class=\"yoast-schema-graph\">{\"@context\":\"https:\/\/schema.org\",\"@graph\":[{\"@type\":\"Article\",\"@id\":\"https:\/\/apuntesdesanluis.com\/index.php\/2024\/10\/30\/el-transporte-urbano-e-interurbano-en-san-luis-operara-con-normalidad\/#article\",\"isPartOf\":{\"@id\":\"https:\/\/apuntesdesanluis.com\/index.php\/2024\/10\/30\/el-transporte-urbano-e-interurbano-en-san-luis-operara-con-normalidad\/\"},\"author\":{\"name\":\"apuntesdesanluis.com\",\"@id\":\"https:\/\/apuntesdesanluis.com\/#\/schema\/person\/b55151d52296fcce64d1a72538a70b90\"},\"headline\":\"EL TRANSPORTE URBANO E INTERURBANO EN SAN LUIS OPERAR\u00c1 CON NORMALIDAD\",\"datePublished\":\"2024-10-30T04:20:40+00:00\",\"mainEntityOfPage\":{\"@id\":\"https:\/\/apuntesdesanluis.com\/index.php\/2024\/10\/30\/el-transporte-urbano-e-interurbano-en-san-luis-operara-con-normalidad\/\"},\"wordCount\":205,\"publisher\":{\"@id\":\"https:\/\/apuntesdesanluis.com\/#\/schema\/person\/b55151d52296fcce64d1a72538a70b90\"},\"image\":{\"@id\":\"https:\/\/apuntesdesanluis.com\/index.php\/2024\/10\/30\/el-transporte-urbano-e-interurbano-en-san-luis-operara-con-normalidad\/#primaryimage\"},\"thumbnailUrl\":\"https:\/\/apuntesdesanluis.com\/wp-content\/uploads\/2023\/09\/COLECTIVOS.png\",\"articleSection\":[\"Ciudad\/Provincia\"],\"inLanguage\":\"es-AR\"},{\"@type\":\"WebPage\",\"@id\":\"https:\/\/apuntesdesanluis.com\/index.php\/2024\/10\/30\/el-transporte-urbano-e-interurbano-en-san-luis-operara-con-normalidad\/\",\"url\":\"https:\/\/apuntesdesanluis.com\/index.php\/2024\/10\/30\/el-transporte-urbano-e-interurbano-en-san-luis-operara-con-normalidad\/\",\"name\":\"EL TRANSPORTE URBANO E INTERURBANO EN SAN LUIS OPERAR\u00c1 CON NORMALIDAD - Apuntes de San Luis\",\"isPartOf\":{\"@id\":\"https:\/\/apuntesdesanluis.com\/#website\"},\"primaryImageOfPage\":{\"@id\":\"https:\/\/apuntesdesanluis.com\/index.php\/2024\/10\/30\/el-transporte-urbano-e-interurbano-en-san-luis-operara-con-normalidad\/#primaryimage\"},\"image\":{\"@id\":\"https:\/\/apuntesdesanluis.com\/index.php\/2024\/10\/30\/el-transporte-urbano-e-interurbano-en-san-luis-operara-con-normalidad\/#primaryimage\"},\"thumbnailUrl\":\"https:\/\/apuntesdesanluis.com\/wp-content\/uploads\/2023\/09\/COLECTIVOS.png\",\"datePublished\":\"2024-10-30T04:20:40+00:00\",\"breadcrumb\":{\"@id\":\"https:\/\/apuntesdesanluis.com\/index.php\/2024\/10\/30\/el-transporte-urbano-e-interurbano-en-san-luis-operara-con-normalidad\/#breadcrumb\"},\"inLanguage\":\"es-AR\",\"potentialAction\":[{\"@type\":\"ReadAction\",\"target\":[\"https:\/\/apuntesdesanluis.com\/index.php\/2024\/10\/30\/el-transporte-urbano-e-interurbano-en-san-luis-operara-con-normalidad\/\"]}]},{\"@type\":\"ImageObject\",\"inLanguage\":\"es-AR\",\"@id\":\"https:\/\/apuntesdesanluis.com\/index.php\/2024\/10\/30\/el-transporte-urbano-e-interurbano-en-san-luis-operara-con-normalidad\/#primaryimage\",\"url\":\"https:\/\/apuntesdesanluis.com\/wp-content\/uploads\/2023\/09\/COLECTIVOS.png\",\"contentUrl\":\"https:\/\/apuntesdesanluis.com\/wp-content\/uploads\/2023\/09\/COLECTIVOS.png\",\"width\":940,\"height\":594},{\"@type\":\"BreadcrumbList\",\"@id\":\"https:\/\/apuntesdesanluis.com\/index.php\/2024\/10\/30\/el-transporte-urbano-e-interurbano-en-san-luis-operara-con-normalidad\/#breadcrumb\",\"itemListElement\":[{\"@type\":\"ListItem\",\"position\":1,\"name\":\"Inicio\",\"item\":\"https:\/\/apuntesdesanluis.com\/\"},{\"@type\":\"ListItem\",\"position\":2,\"name\":\"EL TRANSPORTE URBANO E INTERURBANO EN SAN LUIS OPERAR\u00c1 CON NORMALIDAD\"}]},{\"@type\":\"WebSite\",\"@id\":\"https:\/\/apuntesdesanluis.com\/#website\",\"url\":\"https:\/\/apuntesdesanluis.com\/\",\"name\":\"Apuntes de San Luis\",\"description\":\"\",\"publisher\":{\"@id\":\"https:\/\/apuntesdesanluis.com\/#\/schema\/person\/b55151d52296fcce64d1a72538a70b90\"},\"potentialAction\":[{\"@type\":\"SearchAction\",\"target\":{\"@type\":\"EntryPoint\",\"urlTemplate\":\"https:\/\/apuntesdesanluis.com\/?s={search_term_string}\"},\"query-input\":{\"@type\":\"PropertyValueSpecification\",\"valueRequired\":true,\"valueName\":\"search_term_string\"}}],\"inLanguage\":\"es-AR\"},{\"@type\":[\"Person\",\"Organization\"],\"@id\":\"https:\/\/apuntesdesanluis.com\/#\/schema\/person\/b55151d52296fcce64d1a72538a70b90\",\"name\":\"apuntesdesanluis.com\",\"image\":{\"@type\":\"ImageObject\",\"inLanguage\":\"es-AR\",\"@id\":\"https:\/\/apuntesdesanluis.com\/#\/schema\/person\/image\/\",\"url\":\"https:\/\/apuntesdesanluis.com\/wp-content\/uploads\/2023\/07\/cropped-apuntesdesanluis.png\",\"contentUrl\":\"https:\/\/apuntesdesanluis.com\/wp-content\/uploads\/2023\/07\/cropped-apuntesdesanluis.png\",\"width\":450,\"height\":112,\"caption\":\"apuntesdesanluis.com\"},\"logo\":{\"@id\":\"https:\/\/apuntesdesanluis.com\/#\/schema\/person\/image\/\"},\"sameAs\":[\"https:\/\/apuntesdesanluis.com\"],\"url\":\"https:\/\/apuntesdesanluis.com\/index.php\/author\/apuntesdesanluis-com\/\"}]}<\/script>\n<!-- \/ Yoast SEO plugin. -->","yoast_head_json":{"title":"EL TRANSPORTE URBANO E INTERURBANO EN SAN LUIS OPERAR\u00c1 CON NORMALIDAD - Apuntes de San Luis","robots":{"index":"index","follow":"follow","max-snippet":"max-snippet:-1","max-image-preview":"max-image-preview:large","max-video-preview":"max-video-preview:-1"},"canonical":"https:\/\/apuntesdesanluis.com\/index.php\/2024\/10\/30\/el-transporte-urbano-e-interurbano-en-san-luis-operara-con-normalidad\/","og_locale":"es_ES","og_type":"article","og_title":"EL TRANSPORTE URBANO E INTERURBANO EN SAN LUIS OPERAR\u00c1 CON NORMALIDAD - Apuntes de San Luis","og_description":"El Gobierno de la Provincia asegur\u00f3 que el servicio de transporte funcionar\u00e1 con normalidad este...","og_url":"https:\/\/apuntesdesanluis.com\/index.php\/2024\/10\/30\/el-transporte-urbano-e-interurbano-en-san-luis-operara-con-normalidad\/","og_site_name":"Apuntes de San Luis","article_published_time":"2024-10-30T04:20:40+00:00","og_image":[{"width":940,"height":594,"url":"https:\/\/apuntesdesanluis.com\/wp-content\/uploads\/2023\/09\/COLECTIVOS.png","type":"image\/png"}],"author":"apuntesdesanluis.com","twitter_card":"summary_large_image","twitter_misc":{"Escrito por":"apuntesdesanluis.com","Tiempo de lectura":"2 minutos"},"schema":{"@context":"https:\/\/schema.org","@graph":[{"@type":"Article","@id":"https:\/\/apuntesdesanluis.com\/index.php\/2024\/10\/30\/el-transporte-urbano-e-interurbano-en-san-luis-operara-con-normalidad\/#article","isPartOf":{"@id":"https:\/\/apuntesdesanluis.com\/index.php\/2024\/10\/30\/el-transporte-urbano-e-interurbano-en-san-luis-operara-con-normalidad\/"},"author":{"name":"apuntesdesanluis.com","@id":"https:\/\/apuntesdesanluis.com\/#\/schema\/person\/b55151d52296fcce64d1a72538a70b90"},"headline":"EL TRANSPORTE URBANO E INTERURBANO EN SAN LUIS OPERAR\u00c1 CON NORMALIDAD","datePublished":"2024-10-30T04:20:40+00:00","mainEntityOfPage":{"@id":"https:\/\/apuntesdesanluis.com\/index.php\/2024\/10\/30\/el-transporte-urbano-e-interurbano-en-san-luis-operara-con-normalidad\/"},"wordCount":205,"publisher":{"@id":"https:\/\/apuntesdesanluis.com\/#\/schema\/person\/b55151d52296fcce64d1a72538a70b90"},"image":{"@id":"https:\/\/apuntesdesanluis.com\/index.php\/2024\/10\/30\/el-transporte-urbano-e-interurbano-en-san-luis-operara-con-normalidad\/#primaryimage"},"thumbnailUrl":"https:\/\/apuntesdesanluis.com\/wp-content\/uploads\/2023\/09\/COLECTIVOS.png","articleSection":["Ciudad\/Provincia"],"inLanguage":"es-AR"},{"@type":"WebPage","@id":"https:\/\/apuntesdesanluis.com\/index.php\/2024\/10\/30\/el-transporte-urbano-e-interurbano-en-san-luis-operara-con-normalidad\/","url":"https:\/\/apuntesdesanluis.com\/index.php\/2024\/10\/30\/el-transporte-urbano-e-interurbano-en-san-luis-operara-con-normalidad\/","name":"EL TRANSPORTE URBANO E INTERURBANO EN SAN LUIS OPERAR\u00c1 CON NORMALIDAD - Apuntes de San Luis","isPartOf":{"@id":"https:\/\/apuntesdesanluis.com\/#website"},"primaryImageOfPage":{"@id":"https:\/\/apuntesdesanluis.com\/index.php\/2024\/10\/30\/el-transporte-urbano-e-interurbano-en-san-luis-operara-con-normalidad\/#primaryimage"},"image":{"@id":"https:\/\/apuntesdesanluis.com\/index.php\/2024\/10\/30\/el-transporte-urbano-e-interurbano-en-san-luis-operara-con-normalidad\/#primaryimage"},"thumbnailUrl":"https:\/\/apuntesdesanluis.com\/wp-content\/uploads\/2023\/09\/COLECTIVOS.png","datePublished":"2024-10-30T04:20:40+00:00","breadcrumb":{"@id":"https:\/\/apuntesdesanluis.com\/index.php\/2024\/10\/30\/el-transporte-urbano-e-interurbano-en-san-luis-operara-con-normalidad\/#breadcrumb"},"inLanguage":"es-AR","potentialAction":[{"@type":"ReadAction","target":["https:\/\/apuntesdesanluis.com\/index.php\/2024\/10\/30\/el-transporte-urbano-e-interurbano-en-san-luis-operara-con-normalidad\/"]}]},{"@type":"ImageObject","inLanguage":"es-AR","@id":"https:\/\/apuntesdesanluis.com\/index.php\/2024\/10\/30\/el-transporte-urbano-e-interurbano-en-san-luis-operara-con-normalidad\/#primaryimage","url":"https:\/\/apuntesdesanluis.com\/wp-content\/uploads\/2023\/09\/COLECTIVOS.png","contentUrl":"https:\/\/apuntesdesanluis.com\/wp-content\/uploads\/2023\/09\/COLECTIVOS.png","width":940,"height":594},{"@type":"BreadcrumbList","@id":"https:\/\/apuntesdesanluis.com\/index.php\/2024\/10\/30\/el-transporte-urbano-e-interurbano-en-san-luis-operara-con-normalidad\/#breadcrumb","itemListElement":[{"@type":"ListItem","position":1,"name":"Inicio","item":"https:\/\/apuntesdesanluis.com\/"},{"@type":"ListItem","position":2,"name":"EL TRANSPORTE URBANO E INTERURBANO EN SAN LUIS OPERAR\u00c1 CON NORMALIDAD"}]},{"@type":"WebSite","@id":"https:\/\/apuntesdesanluis.com\/#website","url":"https:\/\/apuntesdesanluis.com\/","name":"Apuntes de San Luis","description":"","publisher":{"@id":"https:\/\/apuntesdesanluis.com\/#\/schema\/person\/b55151d52296fcce64d1a72538a70b90"},"potentialAction":[{"@type":"SearchAction","target":{"@type":"EntryPoint","urlTemplate":"https:\/\/apuntesdesanluis.com\/?s={search_term_string}"},"query-input":{"@type":"PropertyValueSpecification","valueRequired":true,"valueName":"search_term_string"}}],"inLanguage":"es-AR"},{"@type":["Person","Organization"],"@id":"https:\/\/apuntesdesanluis.com\/#\/schema\/person\/b55151d52296fcce64d1a72538a70b90","name":"apuntesdesanluis.com","image":{"@type":"ImageObject","inLanguage":"es-AR","@id":"https:\/\/apuntesdesanluis.com\/#\/schema\/person\/image\/","url":"https:\/\/apuntesdesanluis.com\/wp-content\/uploads\/2023\/07\/cropped-apuntesdesanluis.png","contentUrl":"https:\/\/apuntesdesanluis.com\/wp-content\/uploads\/2023\/07\/cropped-apuntesdesanluis.png","width":450,"height":112,"caption":"apuntesdesanluis.com"},"logo":{"@id":"https:\/\/apuntesdesanluis.com\/#\/schema\/person\/image\/"},"sameAs":["https:\/\/apuntesdesanluis.com"],"url":"https:\/\/apuntesdesanluis.com\/index.php\/author\/apuntesdesanluis-com\/"}]}},"featured_image_urls":{"full":["https:\/\/apuntesdesanluis.com\/wp-content\/uploads\/2023\/09\/COLECTIVOS.png",940,594,false],"thumbnail":["https:\/\/apuntesdesanluis.com\/wp-content\/uploads\/2023\/09\/COLECTIVOS-150x150.png",150,150,true],"medium":["https:\/\/apuntesdesanluis.com\/wp-content\/uploads\/2023\/09\/COLECTIVOS-300x190.png",300,190,true],"medium_large":["https:\/\/apuntesdesanluis.com\/wp-content\/uploads\/2023\/09\/COLECTIVOS-768x485.png",640,404,true],"large":["https:\/\/apuntesdesanluis.com\/wp-content\/uploads\/2023\/09\/COLECTIVOS.png",640,404,false],"1536x1536":["https:\/\/apuntesdesanluis.com\/wp-content\/uploads\/2023\/09\/COLECTIVOS.png",940,594,false],"2048x2048":["https:\/\/apuntesdesanluis.com\/wp-content\/uploads\/2023\/09\/COLECTIVOS.png",940,594,false],"newsever-slider-full":["https:\/\/apuntesdesanluis.com\/wp-content\/uploads\/2023\/09\/COLECTIVOS.png",940,594,false],"newsever-featured":["https:\/\/apuntesdesanluis.com\/wp-content\/uploads\/2023\/09\/COLECTIVOS.png",940,594,false],"newsever-medium":["https:\/\/apuntesdesanluis.com\/wp-content\/uploads\/2023\/09\/COLECTIVOS-720x475.png",720,475,true]},"author_info":{"display_name":"apuntesdesanluis.com","author_link":"https:\/\/apuntesdesanluis.com\/index.php\/author\/apuntesdesanluis-com\/"},"category_info":"<a href=\"https:\/\/apuntesdesanluis.com\/index.php\/category\/ciudad-provincia\/\" rel=\"category tag\">Ciudad\/Provincia<\/a>","tag_info":"Ciudad\/Provincia","comment_count":"0","_links":{"self":[{"href":"https:\/\/apuntesdesanluis.com\/index.php\/wp-json\/wp\/v2\/posts\/24535","targetHints":{"allow":["GET"]}}],"collection":[{"href":"https:\/\/apuntesdesanluis.com\/index.php\/wp-json\/wp\/v2\/posts"}],"about":[{"href":"https:\/\/apuntesdesanluis.com\/index.php\/wp-json\/wp\/v2\/types\/post"}],"author":[{"embeddable":true,"href":"https:\/\/apuntesdesanluis.com\/index.php\/wp-json\/wp\/v2\/users\/1"}],"replies":[{"embeddable":true,"href":"https:\/\/apuntesdesanluis.com\/index.php\/wp-json\/wp\/v2\/comments?post=24535"}],"version-history":[{"count":1,"href":"https:\/\/apuntesdesanluis.com\/index.php\/wp-json\/wp\/v2\/posts\/24535\/revisions"}],"predecessor-version":[{"id":24536,"href":"https:\/\/apuntesdesanluis.com\/index.php\/wp-json\/wp\/v2\/posts\/24535\/revisions\/24536"}],"wp:featuredmedia":[{"embeddable":true,"href":"https:\/\/apuntesdesanluis.com\/index.php\/wp-json\/wp\/v2\/media\/2991"}],"wp:attachment":[{"href":"https:\/\/apuntesdesanluis.com\/index.php\/wp-json\/wp\/v2\/media?parent=24535"}],"wp:term":[{"taxonomy":"category","embeddable":true,"href":"https:\/\/apuntesdesanluis.com\/index.php\/wp-json\/wp\/v2\/categories?post=24535"},{"taxonomy":"post_tag","embeddable":true,"href":"https:\/\/apuntesdesanluis.com\/index.php\/wp-json\/wp\/v2\/tags?post=24535"}],"curies":[{"name":"wp","href":"https:\/\/api.w.org\/{rel}","templated":true}]}}