{"id":24545,"date":"2024-10-30T01:46:19","date_gmt":"2024-10-30T04:46:19","guid":{"rendered":"https:\/\/apuntesdesanluis.com\/?p=24545"},"modified":"2024-10-30T01:46:19","modified_gmt":"2024-10-30T04:46:19","slug":"comenzo-el-paro-de-24-horas-del-transporte-sin-la-adhesion-de-los-colectivos-y-con-piquetes","status":"publish","type":"post","link":"https:\/\/apuntesdesanluis.com\/index.php\/2024\/10\/30\/comenzo-el-paro-de-24-horas-del-transporte-sin-la-adhesion-de-los-colectivos-y-con-piquetes\/","title":{"rendered":"COMENZ\u00d3 EL PARO DE 24 HORAS DEL TRANSPORTE, SIN LA ADHESI\u00d3N DE LOS COLECTIVOS Y CON PIQUETES"},"content":{"rendered":"<h3>Los sindicatos del transporte realizar\u00e1n este mi\u00e9rcoles un paro de 24 horas para el que lograron la adhesi\u00f3n de gremios en conflicto como estatales, docentes y universitarios, en una protesta contra el gobierno de Javier Milei que no apoy\u00f3 oficialmente la CGT y s\u00ed las organizaciones piqueteras.<\/h3>\n<h3>La medida de fuerza, impulsada por la Mesa Nacional del Transporte, afectar\u00e1 los servicios de trenes, aviones, subtes, camiones y barcos, aunque no los colectivos ya que el gremio que agrupa a los choferes, la Uni\u00f3n Tranviarios Automotor (UTA), no se sumar\u00e1 al paro de hoy y anunci\u00f3 uno propio de 24 horas para este jueves. Sin embargo, esta tarde retomar\u00e1 las negociaciones salariales con los empresarios en la Secretar\u00eda de Trabajo para intentar un acuerdo que permita levantar la protesta.<\/h3>\n<h3>La participaci\u00f3n de los movimientos sociales, a trav\u00e9s de la Uni\u00f3n de Trabajadores de la Econom\u00eda Popular (UTEP), podr\u00eda generar tensi\u00f3n con las fuerzas de seguridad: realizar\u00e1n 500 cortes de calles con asambleas y ollas populares en todo el pa\u00eds, en desaf\u00edo al protocolo antipiquetes del Gobierno. En la Ciudad de Buenos Aires, el epicentro de las protestas piqueteras ser\u00e1 una olla popular que se instalar\u00e1 en la Plaza Constituci\u00f3n, donde prev\u00e9n movilizar unas 5.000 personas.<\/h3>\n<h3>Las luces de alerta se prendieron en la Casa Rosada luego de que un sector duro de los piqueteros, el Polo Obrero, se sum\u00f3 a la jornada de protesta de los sindicatos del transporte y su l\u00edder, Eduardo Belliboni, advirti\u00f3: \u201cVamos a hacer piquetes en cada distrito y a hacer bloqueos donde haya que hacer bloqueos para que se cumpla esa medida; vamos con todo\u201d.<\/h3>\n<h3>La respuesta del Ministerio de Seguridad de la Naci\u00f3n, que dirige Patricia Bullrich, fue dr\u00e1stica: \u201cVamos a garantizar que no haya ninguna unidad productiva que quiera trabajar y no pueda hacerlo por un bloqueo\u201d, dijeron a Infobae en esa cartera. Agregaron que se actuar\u00e1 para que los colectivos puedan funcionar con normalidad y recordaron que la l\u00ednea 134 est\u00e1 habilitada para recibir las denuncias de quienes quieran trabajar y sufran aprietes sindicales para que adhieran al paro.<\/h3>\n<h3>\u201cVa a ser una gran jornada nacional de protesta, mucho m\u00e1s que un paro de transporte\u201d, sostuvo Juan Brey, uno de los m\u00e1ximos impulsores de la medida de fuerza, que anticip\u00f3 que \u201cno va a haber trenes, subtes, aviones y barcos y, adem\u00e1s, se sumar\u00e1n otros sindicatos que tambi\u00e9n est\u00e1n atravesados por las decisiones de este Gobierno\u201d.<\/h3>\n<h3>\u201cLos trabajadores entienden que peleamos no s\u00f3lo por cuestiones sectoriales sino por la educaci\u00f3n, la salud, los jubilados y todo lo que este gobierno est\u00e1 destruyendo -dijo-. Siempre vamos a luchar por los derechos de los laburantes. Alguien tiene que ponerse al frente de resistencia ante tanto avasallamiento. Esto transciende al transporte, es una cuesti\u00f3n de defendernos como pueblo\u201d.<\/h3>\n<h3>La Asociaci\u00f3n de Trabajadores del Estado (ATE) es uno de los sindicatos que se sum\u00f3 al paro del transporte a trav\u00e9s de una huelga de 36 horas en el sector p\u00fablico que comenz\u00f3 en el mediod\u00eda de este martes con una movilizaci\u00f3n hacia el Ministerio de Desregulaci\u00f3n y Transformaci\u00f3n del Estado, encabezado por Federico Sturzenegger, en la avenida Roque S\u00e1enz Pe\u00f1a 788.<\/h3>\n<h3>Rodolfo Aguiar, titular de ATE, habl\u00f3 desde un escenario instalado en la calle: \u201cLa medida de fuerza tiene pleno consenso en los trabajadores y cada vez m\u00e1s legitimidad de cara a la sociedad -dijo-. Se va a cumplir un a\u00f1o de la gesti\u00f3n Milei y ya est\u00e1 claro qui\u00e9nes ganaron y qui\u00e9nes perdieron por las pol\u00edticas instrumentadas en estos 11 meses. Las empresas mayores que cotizan en la Bolsa de Comercio quintuplicaron sus ganancias mientras que los salarios, las jubilaciones, los ingresos de la clase media y sectores populares se derrumbaron, est\u00e1n por el piso\u201d.<\/h3>\n<h3>El dirigente estatal asegur\u00f3 que \u201cesta semana en la Argentina hay un virtual paro general\u201d y puntualiz\u00f3 que \u201clas protestas incluso trascienden a los sindicatos que las convocamos y las impulsamos: la conflictividad va a ir en ascenso y diciembre ser\u00e1 un mes muy caliente\u201d.<\/h3>\n<h3>Llam\u00f3 la atenci\u00f3n el silencio de la CGT ante el paro dispuesto por la Mesa Nacional del Transporte, aunque es cierto que el sector dialoguista de la central obrera, mayoritario, lleg\u00f3 a un acuerdo con el Gobierno y negocia tanto la reglamentaci\u00f3n del art\u00edculo anti-bloqueos de la Ley Bases como la integraci\u00f3n de una mesa de di\u00e1logo tripartita junto con los empresarios del Grupo de los 6.<\/h3>\n<h3>En cambio, un grupo de sindicatos de la CGT, alineados con el moyanismo y el kirchnerismo, expres\u00f3 su respaldo a la huelga de este jueves a trav\u00e9s de un comunicado de prensa, firmado, entre otros, por la UOM, la Asociaci\u00f3n Bancaria, SMATA, gr\u00e1ficos, canillitas y caucho. \u201cNos encontramos enfrentando una amenaza real: el modelo econ\u00f3mico que propone Javier Milei busca desmantelar el rol del Estado y priorizar un libre mercado descontrolado. Esta visi\u00f3n pone en peligro los derechos que conquistamos con esfuerzo y sacrificio a lo largo de d\u00e9cadas de lucha\u201d, se\u00f1alaron.<\/h3>\n<h3>Tambi\u00e9n se plegaron al paro del transporte las dos fracciones de la Central de Trabajadores de la Argentina (CTA), que lideran Hugo Yasky y Hugo Godoy; sindicatos docentes como CTERA, Ademys, SUTEBA, UDOCBA y la Federaci\u00f3n de Educadores Bonaerenses (FEB) y del sector universitario como Conadu, Conadu Hist\u00f3rica, la Federaci\u00f3n de Docentes de las Universidades (FEDUN) y la Federaci\u00f3n Argentina del Trabajador de Universidades Nacionales (FATUN).<\/h3>\n<h3>En cambio, los gremios que agrupan al personal de la AFIP y la Aduana no cumplir\u00e1n el paro porque el Gobierno dict\u00f3 la conciliaci\u00f3n obligatoria en el conflicto generado por la disoluci\u00f3n del organismo encargado de la fiscalizaci\u00f3n del r\u00e9gimen impositivo, aduanero y de la seguridad social.<\/h3>\n<p>&nbsp;<\/p>\n<p>&nbsp;<\/p>\n<p>&nbsp;<\/p>\n<p>&nbsp;<\/p>\n<p>&nbsp;<\/p>\n<p>&nbsp;<\/p>\n","protected":false},"excerpt":{"rendered":"<p>Los sindicatos del transporte realizar\u00e1n este mi\u00e9rcoles un paro de 24 horas para el que&#8230;<\/p>\n","protected":false},"author":1,"featured_media":24546,"comment_status":"closed","ping_status":"closed","sticky":false,"template":"","format":"standard","meta":{"footnotes":""},"categories":[5],"tags":[],"class_list":["post-24545","post","type-post","status-publish","format-standard","has-post-thumbnail","hentry","category-nacionales-internacionales"],"yoast_head":"<!-- This site is optimized with the Yoast SEO plugin v26.1.1 - https:\/\/yoast.com\/wordpress\/plugins\/seo\/ -->\n<title>COMENZ\u00d3 EL PARO DE 24 HORAS DEL TRANSPORTE, SIN LA ADHESI\u00d3N DE LOS COLECTIVOS Y CON PIQUETES - Apuntes de San Luis<\/title>\n<meta name=\"robots\" content=\"index, follow, max-snippet:-1, max-image-preview:large, max-video-preview:-1\" \/>\n<link rel=\"canonical\" href=\"https:\/\/apuntesdesanluis.com\/index.php\/2024\/10\/30\/comenzo-el-paro-de-24-horas-del-transporte-sin-la-adhesion-de-los-colectivos-y-con-piquetes\/\" \/>\n<meta property=\"og:locale\" content=\"es_ES\" \/>\n<meta property=\"og:type\" content=\"article\" \/>\n<meta property=\"og:title\" content=\"COMENZ\u00d3 EL PARO DE 24 HORAS DEL TRANSPORTE, SIN LA ADHESI\u00d3N DE LOS COLECTIVOS Y CON PIQUETES - Apuntes de San Luis\" \/>\n<meta property=\"og:description\" content=\"Los sindicatos del transporte realizar\u00e1n este mi\u00e9rcoles un paro de 24 horas para el que...\" \/>\n<meta property=\"og:url\" content=\"https:\/\/apuntesdesanluis.com\/index.php\/2024\/10\/30\/comenzo-el-paro-de-24-horas-del-transporte-sin-la-adhesion-de-los-colectivos-y-con-piquetes\/\" \/>\n<meta property=\"og:site_name\" content=\"Apuntes de San Luis\" \/>\n<meta property=\"article:published_time\" content=\"2024-10-30T04:46:19+00:00\" \/>\n<meta property=\"og:image\" content=\"https:\/\/apuntesdesanluis.com\/wp-content\/uploads\/2024\/10\/paro.png\" \/>\n\t<meta property=\"og:image:width\" content=\"811\" \/>\n\t<meta property=\"og:image:height\" content=\"460\" \/>\n\t<meta property=\"og:image:type\" content=\"image\/png\" \/>\n<meta name=\"author\" content=\"apuntesdesanluis.com\" \/>\n<meta name=\"twitter:card\" content=\"summary_large_image\" \/>\n<meta name=\"twitter:label1\" content=\"Escrito por\" \/>\n\t<meta name=\"twitter:data1\" content=\"apuntesdesanluis.com\" \/>\n\t<meta name=\"twitter:label2\" content=\"Tiempo de lectura\" \/>\n\t<meta name=\"twitter:data2\" content=\"5 minutos\" \/>\n<script type=\"application\/ld+json\" class=\"yoast-schema-graph\">{\"@context\":\"https:\/\/schema.org\",\"@graph\":[{\"@type\":\"Article\",\"@id\":\"https:\/\/apuntesdesanluis.com\/index.php\/2024\/10\/30\/comenzo-el-paro-de-24-horas-del-transporte-sin-la-adhesion-de-los-colectivos-y-con-piquetes\/#article\",\"isPartOf\":{\"@id\":\"https:\/\/apuntesdesanluis.com\/index.php\/2024\/10\/30\/comenzo-el-paro-de-24-horas-del-transporte-sin-la-adhesion-de-los-colectivos-y-con-piquetes\/\"},\"author\":{\"name\":\"apuntesdesanluis.com\",\"@id\":\"https:\/\/apuntesdesanluis.com\/#\/schema\/person\/b55151d52296fcce64d1a72538a70b90\"},\"headline\":\"COMENZ\u00d3 EL PARO DE 24 HORAS DEL TRANSPORTE, SIN LA ADHESI\u00d3N DE LOS COLECTIVOS Y CON PIQUETES\",\"datePublished\":\"2024-10-30T04:46:19+00:00\",\"mainEntityOfPage\":{\"@id\":\"https:\/\/apuntesdesanluis.com\/index.php\/2024\/10\/30\/comenzo-el-paro-de-24-horas-del-transporte-sin-la-adhesion-de-los-colectivos-y-con-piquetes\/\"},\"wordCount\":1017,\"publisher\":{\"@id\":\"https:\/\/apuntesdesanluis.com\/#\/schema\/person\/b55151d52296fcce64d1a72538a70b90\"},\"image\":{\"@id\":\"https:\/\/apuntesdesanluis.com\/index.php\/2024\/10\/30\/comenzo-el-paro-de-24-horas-del-transporte-sin-la-adhesion-de-los-colectivos-y-con-piquetes\/#primaryimage\"},\"thumbnailUrl\":\"https:\/\/apuntesdesanluis.com\/wp-content\/uploads\/2024\/10\/paro.png\",\"articleSection\":[\"Nacionales\/Internacionales\"],\"inLanguage\":\"es-AR\"},{\"@type\":\"WebPage\",\"@id\":\"https:\/\/apuntesdesanluis.com\/index.php\/2024\/10\/30\/comenzo-el-paro-de-24-horas-del-transporte-sin-la-adhesion-de-los-colectivos-y-con-piquetes\/\",\"url\":\"https:\/\/apuntesdesanluis.com\/index.php\/2024\/10\/30\/comenzo-el-paro-de-24-horas-del-transporte-sin-la-adhesion-de-los-colectivos-y-con-piquetes\/\",\"name\":\"COMENZ\u00d3 EL PARO DE 24 HORAS DEL TRANSPORTE, SIN LA ADHESI\u00d3N DE LOS COLECTIVOS Y CON PIQUETES - Apuntes de San Luis\",\"isPartOf\":{\"@id\":\"https:\/\/apuntesdesanluis.com\/#website\"},\"primaryImageOfPage\":{\"@id\":\"https:\/\/apuntesdesanluis.com\/index.php\/2024\/10\/30\/comenzo-el-paro-de-24-horas-del-transporte-sin-la-adhesion-de-los-colectivos-y-con-piquetes\/#primaryimage\"},\"image\":{\"@id\":\"https:\/\/apuntesdesanluis.com\/index.php\/2024\/10\/30\/comenzo-el-paro-de-24-horas-del-transporte-sin-la-adhesion-de-los-colectivos-y-con-piquetes\/#primaryimage\"},\"thumbnailUrl\":\"https:\/\/apuntesdesanluis.com\/wp-content\/uploads\/2024\/10\/paro.png\",\"datePublished\":\"2024-10-30T04:46:19+00:00\",\"breadcrumb\":{\"@id\":\"https:\/\/apuntesdesanluis.com\/index.php\/2024\/10\/30\/comenzo-el-paro-de-24-horas-del-transporte-sin-la-adhesion-de-los-colectivos-y-con-piquetes\/#breadcrumb\"},\"inLanguage\":\"es-AR\",\"potentialAction\":[{\"@type\":\"ReadAction\",\"target\":[\"https:\/\/apuntesdesanluis.com\/index.php\/2024\/10\/30\/comenzo-el-paro-de-24-horas-del-transporte-sin-la-adhesion-de-los-colectivos-y-con-piquetes\/\"]}]},{\"@type\":\"ImageObject\",\"inLanguage\":\"es-AR\",\"@id\":\"https:\/\/apuntesdesanluis.com\/index.php\/2024\/10\/30\/comenzo-el-paro-de-24-horas-del-transporte-sin-la-adhesion-de-los-colectivos-y-con-piquetes\/#primaryimage\",\"url\":\"https:\/\/apuntesdesanluis.com\/wp-content\/uploads\/2024\/10\/paro.png\",\"contentUrl\":\"https:\/\/apuntesdesanluis.com\/wp-content\/uploads\/2024\/10\/paro.png\",\"width\":811,\"height\":460},{\"@type\":\"BreadcrumbList\",\"@id\":\"https:\/\/apuntesdesanluis.com\/index.php\/2024\/10\/30\/comenzo-el-paro-de-24-horas-del-transporte-sin-la-adhesion-de-los-colectivos-y-con-piquetes\/#breadcrumb\",\"itemListElement\":[{\"@type\":\"ListItem\",\"position\":1,\"name\":\"Inicio\",\"item\":\"https:\/\/apuntesdesanluis.com\/\"},{\"@type\":\"ListItem\",\"position\":2,\"name\":\"COMENZ\u00d3 EL PARO DE 24 HORAS DEL TRANSPORTE, SIN LA ADHESI\u00d3N DE LOS COLECTIVOS Y CON PIQUETES\"}]},{\"@type\":\"WebSite\",\"@id\":\"https:\/\/apuntesdesanluis.com\/#website\",\"url\":\"https:\/\/apuntesdesanluis.com\/\",\"name\":\"Apuntes de San Luis\",\"description\":\"\",\"publisher\":{\"@id\":\"https:\/\/apuntesdesanluis.com\/#\/schema\/person\/b55151d52296fcce64d1a72538a70b90\"},\"potentialAction\":[{\"@type\":\"SearchAction\",\"target\":{\"@type\":\"EntryPoint\",\"urlTemplate\":\"https:\/\/apuntesdesanluis.com\/?s={search_term_string}\"},\"query-input\":{\"@type\":\"PropertyValueSpecification\",\"valueRequired\":true,\"valueName\":\"search_term_string\"}}],\"inLanguage\":\"es-AR\"},{\"@type\":[\"Person\",\"Organization\"],\"@id\":\"https:\/\/apuntesdesanluis.com\/#\/schema\/person\/b55151d52296fcce64d1a72538a70b90\",\"name\":\"apuntesdesanluis.com\",\"image\":{\"@type\":\"ImageObject\",\"inLanguage\":\"es-AR\",\"@id\":\"https:\/\/apuntesdesanluis.com\/#\/schema\/person\/image\/\",\"url\":\"https:\/\/apuntesdesanluis.com\/wp-content\/uploads\/2023\/07\/cropped-apuntesdesanluis.png\",\"contentUrl\":\"https:\/\/apuntesdesanluis.com\/wp-content\/uploads\/2023\/07\/cropped-apuntesdesanluis.png\",\"width\":450,\"height\":112,\"caption\":\"apuntesdesanluis.com\"},\"logo\":{\"@id\":\"https:\/\/apuntesdesanluis.com\/#\/schema\/person\/image\/\"},\"sameAs\":[\"https:\/\/apuntesdesanluis.com\"],\"url\":\"https:\/\/apuntesdesanluis.com\/index.php\/author\/apuntesdesanluis-com\/\"}]}<\/script>\n<!-- \/ Yoast SEO plugin. -->","yoast_head_json":{"title":"COMENZ\u00d3 EL PARO DE 24 HORAS DEL TRANSPORTE, SIN LA ADHESI\u00d3N DE LOS COLECTIVOS Y CON PIQUETES - Apuntes de San Luis","robots":{"index":"index","follow":"follow","max-snippet":"max-snippet:-1","max-image-preview":"max-image-preview:large","max-video-preview":"max-video-preview:-1"},"canonical":"https:\/\/apuntesdesanluis.com\/index.php\/2024\/10\/30\/comenzo-el-paro-de-24-horas-del-transporte-sin-la-adhesion-de-los-colectivos-y-con-piquetes\/","og_locale":"es_ES","og_type":"article","og_title":"COMENZ\u00d3 EL PARO DE 24 HORAS DEL TRANSPORTE, SIN LA ADHESI\u00d3N DE LOS COLECTIVOS Y CON PIQUETES - Apuntes de San Luis","og_description":"Los sindicatos del transporte realizar\u00e1n este mi\u00e9rcoles un paro de 24 horas para el que...","og_url":"https:\/\/apuntesdesanluis.com\/index.php\/2024\/10\/30\/comenzo-el-paro-de-24-horas-del-transporte-sin-la-adhesion-de-los-colectivos-y-con-piquetes\/","og_site_name":"Apuntes de San Luis","article_published_time":"2024-10-30T04:46:19+00:00","og_image":[{"width":811,"height":460,"url":"https:\/\/apuntesdesanluis.com\/wp-content\/uploads\/2024\/10\/paro.png","type":"image\/png"}],"author":"apuntesdesanluis.com","twitter_card":"summary_large_image","twitter_misc":{"Escrito por":"apuntesdesanluis.com","Tiempo de lectura":"5 minutos"},"schema":{"@context":"https:\/\/schema.org","@graph":[{"@type":"Article","@id":"https:\/\/apuntesdesanluis.com\/index.php\/2024\/10\/30\/comenzo-el-paro-de-24-horas-del-transporte-sin-la-adhesion-de-los-colectivos-y-con-piquetes\/#article","isPartOf":{"@id":"https:\/\/apuntesdesanluis.com\/index.php\/2024\/10\/30\/comenzo-el-paro-de-24-horas-del-transporte-sin-la-adhesion-de-los-colectivos-y-con-piquetes\/"},"author":{"name":"apuntesdesanluis.com","@id":"https:\/\/apuntesdesanluis.com\/#\/schema\/person\/b55151d52296fcce64d1a72538a70b90"},"headline":"COMENZ\u00d3 EL PARO DE 24 HORAS DEL TRANSPORTE, SIN LA ADHESI\u00d3N DE LOS COLECTIVOS Y CON PIQUETES","datePublished":"2024-10-30T04:46:19+00:00","mainEntityOfPage":{"@id":"https:\/\/apuntesdesanluis.com\/index.php\/2024\/10\/30\/comenzo-el-paro-de-24-horas-del-transporte-sin-la-adhesion-de-los-colectivos-y-con-piquetes\/"},"wordCount":1017,"publisher":{"@id":"https:\/\/apuntesdesanluis.com\/#\/schema\/person\/b55151d52296fcce64d1a72538a70b90"},"image":{"@id":"https:\/\/apuntesdesanluis.com\/index.php\/2024\/10\/30\/comenzo-el-paro-de-24-horas-del-transporte-sin-la-adhesion-de-los-colectivos-y-con-piquetes\/#primaryimage"},"thumbnailUrl":"https:\/\/apuntesdesanluis.com\/wp-content\/uploads\/2024\/10\/paro.png","articleSection":["Nacionales\/Internacionales"],"inLanguage":"es-AR"},{"@type":"WebPage","@id":"https:\/\/apuntesdesanluis.com\/index.php\/2024\/10\/30\/comenzo-el-paro-de-24-horas-del-transporte-sin-la-adhesion-de-los-colectivos-y-con-piquetes\/","url":"https:\/\/apuntesdesanluis.com\/index.php\/2024\/10\/30\/comenzo-el-paro-de-24-horas-del-transporte-sin-la-adhesion-de-los-colectivos-y-con-piquetes\/","name":"COMENZ\u00d3 EL PARO DE 24 HORAS DEL TRANSPORTE, SIN LA ADHESI\u00d3N DE LOS COLECTIVOS Y CON PIQUETES - Apuntes de San Luis","isPartOf":{"@id":"https:\/\/apuntesdesanluis.com\/#website"},"primaryImageOfPage":{"@id":"https:\/\/apuntesdesanluis.com\/index.php\/2024\/10\/30\/comenzo-el-paro-de-24-horas-del-transporte-sin-la-adhesion-de-los-colectivos-y-con-piquetes\/#primaryimage"},"image":{"@id":"https:\/\/apuntesdesanluis.com\/index.php\/2024\/10\/30\/comenzo-el-paro-de-24-horas-del-transporte-sin-la-adhesion-de-los-colectivos-y-con-piquetes\/#primaryimage"},"thumbnailUrl":"https:\/\/apuntesdesanluis.com\/wp-content\/uploads\/2024\/10\/paro.png","datePublished":"2024-10-30T04:46:19+00:00","breadcrumb":{"@id":"https:\/\/apuntesdesanluis.com\/index.php\/2024\/10\/30\/comenzo-el-paro-de-24-horas-del-transporte-sin-la-adhesion-de-los-colectivos-y-con-piquetes\/#breadcrumb"},"inLanguage":"es-AR","potentialAction":[{"@type":"ReadAction","target":["https:\/\/apuntesdesanluis.com\/index.php\/2024\/10\/30\/comenzo-el-paro-de-24-horas-del-transporte-sin-la-adhesion-de-los-colectivos-y-con-piquetes\/"]}]},{"@type":"ImageObject","inLanguage":"es-AR","@id":"https:\/\/apuntesdesanluis.com\/index.php\/2024\/10\/30\/comenzo-el-paro-de-24-horas-del-transporte-sin-la-adhesion-de-los-colectivos-y-con-piquetes\/#primaryimage","url":"https:\/\/apuntesdesanluis.com\/wp-content\/uploads\/2024\/10\/paro.png","contentUrl":"https:\/\/apuntesdesanluis.com\/wp-content\/uploads\/2024\/10\/paro.png","width":811,"height":460},{"@type":"BreadcrumbList","@id":"https:\/\/apuntesdesanluis.com\/index.php\/2024\/10\/30\/comenzo-el-paro-de-24-horas-del-transporte-sin-la-adhesion-de-los-colectivos-y-con-piquetes\/#breadcrumb","itemListElement":[{"@type":"ListItem","position":1,"name":"Inicio","item":"https:\/\/apuntesdesanluis.com\/"},{"@type":"ListItem","position":2,"name":"COMENZ\u00d3 EL PARO DE 24 HORAS DEL TRANSPORTE, SIN LA ADHESI\u00d3N DE LOS COLECTIVOS Y CON PIQUETES"}]},{"@type":"WebSite","@id":"https:\/\/apuntesdesanluis.com\/#website","url":"https:\/\/apuntesdesanluis.com\/","name":"Apuntes de San Luis","description":"","publisher":{"@id":"https:\/\/apuntesdesanluis.com\/#\/schema\/person\/b55151d52296fcce64d1a72538a70b90"},"potentialAction":[{"@type":"SearchAction","target":{"@type":"EntryPoint","urlTemplate":"https:\/\/apuntesdesanluis.com\/?s={search_term_string}"},"query-input":{"@type":"PropertyValueSpecification","valueRequired":true,"valueName":"search_term_string"}}],"inLanguage":"es-AR"},{"@type":["Person","Organization"],"@id":"https:\/\/apuntesdesanluis.com\/#\/schema\/person\/b55151d52296fcce64d1a72538a70b90","name":"apuntesdesanluis.com","image":{"@type":"ImageObject","inLanguage":"es-AR","@id":"https:\/\/apuntesdesanluis.com\/#\/schema\/person\/image\/","url":"https:\/\/apuntesdesanluis.com\/wp-content\/uploads\/2023\/07\/cropped-apuntesdesanluis.png","contentUrl":"https:\/\/apuntesdesanluis.com\/wp-content\/uploads\/2023\/07\/cropped-apuntesdesanluis.png","width":450,"height":112,"caption":"apuntesdesanluis.com"},"logo":{"@id":"https:\/\/apuntesdesanluis.com\/#\/schema\/person\/image\/"},"sameAs":["https:\/\/apuntesdesanluis.com"],"url":"https:\/\/apuntesdesanluis.com\/index.php\/author\/apuntesdesanluis-com\/"}]}},"featured_image_urls":{"full":["https:\/\/apuntesdesanluis.com\/wp-content\/uploads\/2024\/10\/paro.png",811,460,false],"thumbnail":["https:\/\/apuntesdesanluis.com\/wp-content\/uploads\/2024\/10\/paro-150x150.png",150,150,true],"medium":["https:\/\/apuntesdesanluis.com\/wp-content\/uploads\/2024\/10\/paro-300x170.png",300,170,true],"medium_large":["https:\/\/apuntesdesanluis.com\/wp-content\/uploads\/2024\/10\/paro-768x436.png",640,363,true],"large":["https:\/\/apuntesdesanluis.com\/wp-content\/uploads\/2024\/10\/paro.png",640,363,false],"1536x1536":["https:\/\/apuntesdesanluis.com\/wp-content\/uploads\/2024\/10\/paro.png",811,460,false],"2048x2048":["https:\/\/apuntesdesanluis.com\/wp-content\/uploads\/2024\/10\/paro.png",811,460,false],"newsever-slider-full":["https:\/\/apuntesdesanluis.com\/wp-content\/uploads\/2024\/10\/paro.png",811,460,false],"newsever-featured":["https:\/\/apuntesdesanluis.com\/wp-content\/uploads\/2024\/10\/paro.png",811,460,false],"newsever-medium":["https:\/\/apuntesdesanluis.com\/wp-content\/uploads\/2024\/10\/paro-720x460.png",720,460,true]},"author_info":{"display_name":"apuntesdesanluis.com","author_link":"https:\/\/apuntesdesanluis.com\/index.php\/author\/apuntesdesanluis-com\/"},"category_info":"<a href=\"https:\/\/apuntesdesanluis.com\/index.php\/category\/nacionales-internacionales\/\" rel=\"category tag\">Nacionales\/Internacionales<\/a>","tag_info":"Nacionales\/Internacionales","comment_count":"0","_links":{"self":[{"href":"https:\/\/apuntesdesanluis.com\/index.php\/wp-json\/wp\/v2\/posts\/24545","targetHints":{"allow":["GET"]}}],"collection":[{"href":"https:\/\/apuntesdesanluis.com\/index.php\/wp-json\/wp\/v2\/posts"}],"about":[{"href":"https:\/\/apuntesdesanluis.com\/index.php\/wp-json\/wp\/v2\/types\/post"}],"author":[{"embeddable":true,"href":"https:\/\/apuntesdesanluis.com\/index.php\/wp-json\/wp\/v2\/users\/1"}],"replies":[{"embeddable":true,"href":"https:\/\/apuntesdesanluis.com\/index.php\/wp-json\/wp\/v2\/comments?post=24545"}],"version-history":[{"count":1,"href":"https:\/\/apuntesdesanluis.com\/index.php\/wp-json\/wp\/v2\/posts\/24545\/revisions"}],"predecessor-version":[{"id":24547,"href":"https:\/\/apuntesdesanluis.com\/index.php\/wp-json\/wp\/v2\/posts\/24545\/revisions\/24547"}],"wp:featuredmedia":[{"embeddable":true,"href":"https:\/\/apuntesdesanluis.com\/index.php\/wp-json\/wp\/v2\/media\/24546"}],"wp:attachment":[{"href":"https:\/\/apuntesdesanluis.com\/index.php\/wp-json\/wp\/v2\/media?parent=24545"}],"wp:term":[{"taxonomy":"category","embeddable":true,"href":"https:\/\/apuntesdesanluis.com\/index.php\/wp-json\/wp\/v2\/categories?post=24545"},{"taxonomy":"post_tag","embeddable":true,"href":"https:\/\/apuntesdesanluis.com\/index.php\/wp-json\/wp\/v2\/tags?post=24545"}],"curies":[{"name":"wp","href":"https:\/\/api.w.org\/{rel}","templated":true}]}}