{"id":24555,"date":"2024-10-30T09:16:42","date_gmt":"2024-10-30T12:16:42","guid":{"rendered":"https:\/\/apuntesdesanluis.com\/?p=24555"},"modified":"2024-10-30T11:46:01","modified_gmt":"2024-10-30T14:46:01","slug":"el-viernes-van-al-paro-los-trabajadores-de-obras-sanitarias","status":"publish","type":"post","link":"https:\/\/apuntesdesanluis.com\/index.php\/2024\/10\/30\/el-viernes-van-al-paro-los-trabajadores-de-obras-sanitarias\/","title":{"rendered":"EL VIERNES VAN AL PARO LOS TRABAJADORES DE OBRAS SANITARIAS"},"content":{"rendered":"<h3>La medida se resolvi\u00f3 producto de la falta de acuerdo en torno a un reajuste por mala liquidaci\u00f3n de haberes.<\/h3>\n<h3>El Secretario General del Sindicato de Trabajadores de Obras Sanitarias, <strong>Jos\u00e9 Ucelay<\/strong>, indic\u00f3 que \u201csi bien algunas liquidaciones se han corregido, subsisten otros reclamos que no se han respondido, entre ellos el pago del retroactivo por la incorrecta liquidaci\u00f3n de haberes durante m\u00e1s de tres a\u00f1os\u201d.<\/h3>\n<h3>Por esa raz\u00f3n, el gremio convoc\u00f3 a asambleas en distintas dependencias para mantener informados a los afiliados, luego del fracaso de las negociaciones en la Direcci\u00f3n de Relaciones Laborales, inform\u00f3 el secretario Gremial <strong>Jorge Villegas<\/strong>.<\/h3>\n<h3><img fetchpriority=\"high\" decoding=\"async\" class=\"wp-image-24557 aligncenter\" src=\"https:\/\/apuntesdesanluis.com\/wp-content\/uploads\/2024\/10\/asamblea-en-osm-300x190.jpg\" alt=\"\" width=\"650\" height=\"412\" srcset=\"https:\/\/apuntesdesanluis.com\/wp-content\/uploads\/2024\/10\/asamblea-en-osm-300x190.jpg 300w, https:\/\/apuntesdesanluis.com\/wp-content\/uploads\/2024\/10\/asamblea-en-osm.jpg 710w\" sizes=\"(max-width: 650px) 100vw, 650px\" \/><\/h3>\n<h3>Consultado al Secretario Adjunto <strong>Roberto Mu\u00f1oz<\/strong> a cu\u00e1nto asciende la suma adeudada, seg\u00fan los c\u00e1lculos efectuados por el sindicato, sostuvo que rondan entre $1.200.000 y $1.700.000, seg\u00fan si es personal de Servicio o Administrativo.<\/h3>\n<h3>\u201cNosotros estamos abiertos al di\u00e1logo, los compa\u00f1eros est\u00e1n dispuestos a escuchar alguna propuesta de pago acorde a lo reclamado, pero la empresa hizo una propuesta muy inferior al monto adeudado\u201d, afirm\u00f3.<\/h3>\n<h3>\u201cLos reclamos comenzaron en el mes de abril, los d\u00edas 10 y 18 de septiembre realizamos reuniones en la empresa y no llegamos a un acuerdo. Luego mantuvimos dos reuniones en Relaciones Laborales y el pasado jueves 24 de octubre en Relaciones Laborales se decidi\u00f3 realizar la medida de fuerza este 1 de noviembre por 24 hs\u201d, ampli\u00f3.<\/h3>\n<h3>Finalmente, Ucelay indic\u00f3: \u201cLa pr\u00f3xima semana efectuaremos nuevas asambleas y haremos un \u00faltimo intento para tratar de llegar a un acuerdo. De fracasar, no nos quedar\u00e1 otra que afrontar la v\u00eda judicial\u201d, se lament\u00f3.<\/h3>\n<p>&nbsp;<\/p>\n<p><img decoding=\"async\" class=\"wp-image-24566 aligncenter\" src=\"https:\/\/apuntesdesanluis.com\/wp-content\/uploads\/2024\/10\/acta-1-191x300.png\" alt=\"\" width=\"529\" height=\"830\" srcset=\"https:\/\/apuntesdesanluis.com\/wp-content\/uploads\/2024\/10\/acta-1-191x300.png 191w, https:\/\/apuntesdesanluis.com\/wp-content\/uploads\/2024\/10\/acta-1.png 548w\" sizes=\"(max-width: 529px) 100vw, 529px\" \/><\/p>\n<p><img decoding=\"async\" class=\"wp-image-24569 aligncenter\" src=\"https:\/\/apuntesdesanluis.com\/wp-content\/uploads\/2024\/10\/acta-2-nueva-220x300.png\" alt=\"\" width=\"514\" height=\"701\" srcset=\"https:\/\/apuntesdesanluis.com\/wp-content\/uploads\/2024\/10\/acta-2-nueva-220x300.png 220w, https:\/\/apuntesdesanluis.com\/wp-content\/uploads\/2024\/10\/acta-2-nueva.png 577w\" sizes=\"(max-width: 514px) 100vw, 514px\" \/><\/p>\n<h3><\/h3>\n<p>&nbsp;<\/p>\n<p>&nbsp;<\/p>\n<p>&nbsp;<\/p>\n<p>&nbsp;<\/p>\n<p>&nbsp;<\/p>\n<p>&nbsp;<\/p>\n<p>&nbsp;<\/p>\n<p>&nbsp;<\/p>\n<p>&nbsp;<\/p>\n<p>&nbsp;<\/p>\n","protected":false},"excerpt":{"rendered":"<p>La medida se resolvi\u00f3 producto de la falta de acuerdo en torno a un reajuste&#8230;<\/p>\n","protected":false},"author":1,"featured_media":24556,"comment_status":"closed","ping_status":"closed","sticky":false,"template":"","format":"standard","meta":{"footnotes":""},"categories":[6],"tags":[],"class_list":["post-24555","post","type-post","status-publish","format-standard","has-post-thumbnail","hentry","category-ciudad-provincia"],"yoast_head":"<!-- This site is optimized with the Yoast SEO plugin v26.1.1 - https:\/\/yoast.com\/wordpress\/plugins\/seo\/ -->\n<title>EL VIERNES VAN AL PARO LOS TRABAJADORES DE OBRAS SANITARIAS - Apuntes de San Luis<\/title>\n<meta name=\"robots\" content=\"index, follow, max-snippet:-1, max-image-preview:large, max-video-preview:-1\" \/>\n<link rel=\"canonical\" href=\"https:\/\/apuntesdesanluis.com\/index.php\/2024\/10\/30\/el-viernes-van-al-paro-los-trabajadores-de-obras-sanitarias\/\" \/>\n<meta property=\"og:locale\" content=\"es_ES\" \/>\n<meta property=\"og:type\" content=\"article\" \/>\n<meta property=\"og:title\" content=\"EL VIERNES VAN AL PARO LOS TRABAJADORES DE OBRAS SANITARIAS - Apuntes de San Luis\" \/>\n<meta property=\"og:description\" content=\"La medida se resolvi\u00f3 producto de la falta de acuerdo en torno a un reajuste...\" \/>\n<meta property=\"og:url\" content=\"https:\/\/apuntesdesanluis.com\/index.php\/2024\/10\/30\/el-viernes-van-al-paro-los-trabajadores-de-obras-sanitarias\/\" \/>\n<meta property=\"og:site_name\" content=\"Apuntes de San Luis\" \/>\n<meta property=\"article:published_time\" content=\"2024-10-30T12:16:42+00:00\" \/>\n<meta property=\"article:modified_time\" content=\"2024-10-30T14:46:01+00:00\" \/>\n<meta property=\"og:image\" content=\"https:\/\/apuntesdesanluis.com\/wp-content\/uploads\/2024\/10\/asamblea-OSM.jpg\" \/>\n\t<meta property=\"og:image:width\" content=\"695\" \/>\n\t<meta property=\"og:image:height\" content=\"449\" \/>\n\t<meta property=\"og:image:type\" content=\"image\/jpeg\" \/>\n<meta name=\"author\" content=\"apuntesdesanluis.com\" \/>\n<meta name=\"twitter:card\" content=\"summary_large_image\" \/>\n<meta name=\"twitter:label1\" content=\"Escrito por\" \/>\n\t<meta name=\"twitter:data1\" content=\"apuntesdesanluis.com\" \/>\n\t<meta name=\"twitter:label2\" content=\"Tiempo de lectura\" \/>\n\t<meta name=\"twitter:data2\" content=\"2 minutos\" \/>\n<script type=\"application\/ld+json\" class=\"yoast-schema-graph\">{\"@context\":\"https:\/\/schema.org\",\"@graph\":[{\"@type\":\"Article\",\"@id\":\"https:\/\/apuntesdesanluis.com\/index.php\/2024\/10\/30\/el-viernes-van-al-paro-los-trabajadores-de-obras-sanitarias\/#article\",\"isPartOf\":{\"@id\":\"https:\/\/apuntesdesanluis.com\/index.php\/2024\/10\/30\/el-viernes-van-al-paro-los-trabajadores-de-obras-sanitarias\/\"},\"author\":{\"name\":\"apuntesdesanluis.com\",\"@id\":\"https:\/\/apuntesdesanluis.com\/#\/schema\/person\/b55151d52296fcce64d1a72538a70b90\"},\"headline\":\"EL VIERNES VAN AL PARO LOS TRABAJADORES DE OBRAS SANITARIAS\",\"datePublished\":\"2024-10-30T12:16:42+00:00\",\"dateModified\":\"2024-10-30T14:46:01+00:00\",\"mainEntityOfPage\":{\"@id\":\"https:\/\/apuntesdesanluis.com\/index.php\/2024\/10\/30\/el-viernes-van-al-paro-los-trabajadores-de-obras-sanitarias\/\"},\"wordCount\":289,\"publisher\":{\"@id\":\"https:\/\/apuntesdesanluis.com\/#\/schema\/person\/b55151d52296fcce64d1a72538a70b90\"},\"image\":{\"@id\":\"https:\/\/apuntesdesanluis.com\/index.php\/2024\/10\/30\/el-viernes-van-al-paro-los-trabajadores-de-obras-sanitarias\/#primaryimage\"},\"thumbnailUrl\":\"https:\/\/apuntesdesanluis.com\/wp-content\/uploads\/2024\/10\/asamblea-OSM.jpg\",\"articleSection\":[\"Ciudad\/Provincia\"],\"inLanguage\":\"es-AR\"},{\"@type\":\"WebPage\",\"@id\":\"https:\/\/apuntesdesanluis.com\/index.php\/2024\/10\/30\/el-viernes-van-al-paro-los-trabajadores-de-obras-sanitarias\/\",\"url\":\"https:\/\/apuntesdesanluis.com\/index.php\/2024\/10\/30\/el-viernes-van-al-paro-los-trabajadores-de-obras-sanitarias\/\",\"name\":\"EL VIERNES VAN AL PARO LOS TRABAJADORES DE OBRAS SANITARIAS - Apuntes de San Luis\",\"isPartOf\":{\"@id\":\"https:\/\/apuntesdesanluis.com\/#website\"},\"primaryImageOfPage\":{\"@id\":\"https:\/\/apuntesdesanluis.com\/index.php\/2024\/10\/30\/el-viernes-van-al-paro-los-trabajadores-de-obras-sanitarias\/#primaryimage\"},\"image\":{\"@id\":\"https:\/\/apuntesdesanluis.com\/index.php\/2024\/10\/30\/el-viernes-van-al-paro-los-trabajadores-de-obras-sanitarias\/#primaryimage\"},\"thumbnailUrl\":\"https:\/\/apuntesdesanluis.com\/wp-content\/uploads\/2024\/10\/asamblea-OSM.jpg\",\"datePublished\":\"2024-10-30T12:16:42+00:00\",\"dateModified\":\"2024-10-30T14:46:01+00:00\",\"breadcrumb\":{\"@id\":\"https:\/\/apuntesdesanluis.com\/index.php\/2024\/10\/30\/el-viernes-van-al-paro-los-trabajadores-de-obras-sanitarias\/#breadcrumb\"},\"inLanguage\":\"es-AR\",\"potentialAction\":[{\"@type\":\"ReadAction\",\"target\":[\"https:\/\/apuntesdesanluis.com\/index.php\/2024\/10\/30\/el-viernes-van-al-paro-los-trabajadores-de-obras-sanitarias\/\"]}]},{\"@type\":\"ImageObject\",\"inLanguage\":\"es-AR\",\"@id\":\"https:\/\/apuntesdesanluis.com\/index.php\/2024\/10\/30\/el-viernes-van-al-paro-los-trabajadores-de-obras-sanitarias\/#primaryimage\",\"url\":\"https:\/\/apuntesdesanluis.com\/wp-content\/uploads\/2024\/10\/asamblea-OSM.jpg\",\"contentUrl\":\"https:\/\/apuntesdesanluis.com\/wp-content\/uploads\/2024\/10\/asamblea-OSM.jpg\",\"width\":695,\"height\":449},{\"@type\":\"BreadcrumbList\",\"@id\":\"https:\/\/apuntesdesanluis.com\/index.php\/2024\/10\/30\/el-viernes-van-al-paro-los-trabajadores-de-obras-sanitarias\/#breadcrumb\",\"itemListElement\":[{\"@type\":\"ListItem\",\"position\":1,\"name\":\"Inicio\",\"item\":\"https:\/\/apuntesdesanluis.com\/\"},{\"@type\":\"ListItem\",\"position\":2,\"name\":\"EL VIERNES VAN AL PARO LOS TRABAJADORES DE OBRAS SANITARIAS\"}]},{\"@type\":\"WebSite\",\"@id\":\"https:\/\/apuntesdesanluis.com\/#website\",\"url\":\"https:\/\/apuntesdesanluis.com\/\",\"name\":\"Apuntes de San Luis\",\"description\":\"\",\"publisher\":{\"@id\":\"https:\/\/apuntesdesanluis.com\/#\/schema\/person\/b55151d52296fcce64d1a72538a70b90\"},\"potentialAction\":[{\"@type\":\"SearchAction\",\"target\":{\"@type\":\"EntryPoint\",\"urlTemplate\":\"https:\/\/apuntesdesanluis.com\/?s={search_term_string}\"},\"query-input\":{\"@type\":\"PropertyValueSpecification\",\"valueRequired\":true,\"valueName\":\"search_term_string\"}}],\"inLanguage\":\"es-AR\"},{\"@type\":[\"Person\",\"Organization\"],\"@id\":\"https:\/\/apuntesdesanluis.com\/#\/schema\/person\/b55151d52296fcce64d1a72538a70b90\",\"name\":\"apuntesdesanluis.com\",\"image\":{\"@type\":\"ImageObject\",\"inLanguage\":\"es-AR\",\"@id\":\"https:\/\/apuntesdesanluis.com\/#\/schema\/person\/image\/\",\"url\":\"https:\/\/apuntesdesanluis.com\/wp-content\/uploads\/2023\/07\/cropped-apuntesdesanluis.png\",\"contentUrl\":\"https:\/\/apuntesdesanluis.com\/wp-content\/uploads\/2023\/07\/cropped-apuntesdesanluis.png\",\"width\":450,\"height\":112,\"caption\":\"apuntesdesanluis.com\"},\"logo\":{\"@id\":\"https:\/\/apuntesdesanluis.com\/#\/schema\/person\/image\/\"},\"sameAs\":[\"https:\/\/apuntesdesanluis.com\"],\"url\":\"https:\/\/apuntesdesanluis.com\/index.php\/author\/apuntesdesanluis-com\/\"}]}<\/script>\n<!-- \/ Yoast SEO plugin. -->","yoast_head_json":{"title":"EL VIERNES VAN AL PARO LOS TRABAJADORES DE OBRAS SANITARIAS - Apuntes de San Luis","robots":{"index":"index","follow":"follow","max-snippet":"max-snippet:-1","max-image-preview":"max-image-preview:large","max-video-preview":"max-video-preview:-1"},"canonical":"https:\/\/apuntesdesanluis.com\/index.php\/2024\/10\/30\/el-viernes-van-al-paro-los-trabajadores-de-obras-sanitarias\/","og_locale":"es_ES","og_type":"article","og_title":"EL VIERNES VAN AL PARO LOS TRABAJADORES DE OBRAS SANITARIAS - Apuntes de San Luis","og_description":"La medida se resolvi\u00f3 producto de la falta de acuerdo en torno a un reajuste...","og_url":"https:\/\/apuntesdesanluis.com\/index.php\/2024\/10\/30\/el-viernes-van-al-paro-los-trabajadores-de-obras-sanitarias\/","og_site_name":"Apuntes de San Luis","article_published_time":"2024-10-30T12:16:42+00:00","article_modified_time":"2024-10-30T14:46:01+00:00","og_image":[{"width":695,"height":449,"url":"https:\/\/apuntesdesanluis.com\/wp-content\/uploads\/2024\/10\/asamblea-OSM.jpg","type":"image\/jpeg"}],"author":"apuntesdesanluis.com","twitter_card":"summary_large_image","twitter_misc":{"Escrito por":"apuntesdesanluis.com","Tiempo de lectura":"2 minutos"},"schema":{"@context":"https:\/\/schema.org","@graph":[{"@type":"Article","@id":"https:\/\/apuntesdesanluis.com\/index.php\/2024\/10\/30\/el-viernes-van-al-paro-los-trabajadores-de-obras-sanitarias\/#article","isPartOf":{"@id":"https:\/\/apuntesdesanluis.com\/index.php\/2024\/10\/30\/el-viernes-van-al-paro-los-trabajadores-de-obras-sanitarias\/"},"author":{"name":"apuntesdesanluis.com","@id":"https:\/\/apuntesdesanluis.com\/#\/schema\/person\/b55151d52296fcce64d1a72538a70b90"},"headline":"EL VIERNES VAN AL PARO LOS TRABAJADORES DE OBRAS SANITARIAS","datePublished":"2024-10-30T12:16:42+00:00","dateModified":"2024-10-30T14:46:01+00:00","mainEntityOfPage":{"@id":"https:\/\/apuntesdesanluis.com\/index.php\/2024\/10\/30\/el-viernes-van-al-paro-los-trabajadores-de-obras-sanitarias\/"},"wordCount":289,"publisher":{"@id":"https:\/\/apuntesdesanluis.com\/#\/schema\/person\/b55151d52296fcce64d1a72538a70b90"},"image":{"@id":"https:\/\/apuntesdesanluis.com\/index.php\/2024\/10\/30\/el-viernes-van-al-paro-los-trabajadores-de-obras-sanitarias\/#primaryimage"},"thumbnailUrl":"https:\/\/apuntesdesanluis.com\/wp-content\/uploads\/2024\/10\/asamblea-OSM.jpg","articleSection":["Ciudad\/Provincia"],"inLanguage":"es-AR"},{"@type":"WebPage","@id":"https:\/\/apuntesdesanluis.com\/index.php\/2024\/10\/30\/el-viernes-van-al-paro-los-trabajadores-de-obras-sanitarias\/","url":"https:\/\/apuntesdesanluis.com\/index.php\/2024\/10\/30\/el-viernes-van-al-paro-los-trabajadores-de-obras-sanitarias\/","name":"EL VIERNES VAN AL PARO LOS TRABAJADORES DE OBRAS SANITARIAS - Apuntes de San Luis","isPartOf":{"@id":"https:\/\/apuntesdesanluis.com\/#website"},"primaryImageOfPage":{"@id":"https:\/\/apuntesdesanluis.com\/index.php\/2024\/10\/30\/el-viernes-van-al-paro-los-trabajadores-de-obras-sanitarias\/#primaryimage"},"image":{"@id":"https:\/\/apuntesdesanluis.com\/index.php\/2024\/10\/30\/el-viernes-van-al-paro-los-trabajadores-de-obras-sanitarias\/#primaryimage"},"thumbnailUrl":"https:\/\/apuntesdesanluis.com\/wp-content\/uploads\/2024\/10\/asamblea-OSM.jpg","datePublished":"2024-10-30T12:16:42+00:00","dateModified":"2024-10-30T14:46:01+00:00","breadcrumb":{"@id":"https:\/\/apuntesdesanluis.com\/index.php\/2024\/10\/30\/el-viernes-van-al-paro-los-trabajadores-de-obras-sanitarias\/#breadcrumb"},"inLanguage":"es-AR","potentialAction":[{"@type":"ReadAction","target":["https:\/\/apuntesdesanluis.com\/index.php\/2024\/10\/30\/el-viernes-van-al-paro-los-trabajadores-de-obras-sanitarias\/"]}]},{"@type":"ImageObject","inLanguage":"es-AR","@id":"https:\/\/apuntesdesanluis.com\/index.php\/2024\/10\/30\/el-viernes-van-al-paro-los-trabajadores-de-obras-sanitarias\/#primaryimage","url":"https:\/\/apuntesdesanluis.com\/wp-content\/uploads\/2024\/10\/asamblea-OSM.jpg","contentUrl":"https:\/\/apuntesdesanluis.com\/wp-content\/uploads\/2024\/10\/asamblea-OSM.jpg","width":695,"height":449},{"@type":"BreadcrumbList","@id":"https:\/\/apuntesdesanluis.com\/index.php\/2024\/10\/30\/el-viernes-van-al-paro-los-trabajadores-de-obras-sanitarias\/#breadcrumb","itemListElement":[{"@type":"ListItem","position":1,"name":"Inicio","item":"https:\/\/apuntesdesanluis.com\/"},{"@type":"ListItem","position":2,"name":"EL VIERNES VAN AL PARO LOS TRABAJADORES DE OBRAS SANITARIAS"}]},{"@type":"WebSite","@id":"https:\/\/apuntesdesanluis.com\/#website","url":"https:\/\/apuntesdesanluis.com\/","name":"Apuntes de San Luis","description":"","publisher":{"@id":"https:\/\/apuntesdesanluis.com\/#\/schema\/person\/b55151d52296fcce64d1a72538a70b90"},"potentialAction":[{"@type":"SearchAction","target":{"@type":"EntryPoint","urlTemplate":"https:\/\/apuntesdesanluis.com\/?s={search_term_string}"},"query-input":{"@type":"PropertyValueSpecification","valueRequired":true,"valueName":"search_term_string"}}],"inLanguage":"es-AR"},{"@type":["Person","Organization"],"@id":"https:\/\/apuntesdesanluis.com\/#\/schema\/person\/b55151d52296fcce64d1a72538a70b90","name":"apuntesdesanluis.com","image":{"@type":"ImageObject","inLanguage":"es-AR","@id":"https:\/\/apuntesdesanluis.com\/#\/schema\/person\/image\/","url":"https:\/\/apuntesdesanluis.com\/wp-content\/uploads\/2023\/07\/cropped-apuntesdesanluis.png","contentUrl":"https:\/\/apuntesdesanluis.com\/wp-content\/uploads\/2023\/07\/cropped-apuntesdesanluis.png","width":450,"height":112,"caption":"apuntesdesanluis.com"},"logo":{"@id":"https:\/\/apuntesdesanluis.com\/#\/schema\/person\/image\/"},"sameAs":["https:\/\/apuntesdesanluis.com"],"url":"https:\/\/apuntesdesanluis.com\/index.php\/author\/apuntesdesanluis-com\/"}]}},"featured_image_urls":{"full":["https:\/\/apuntesdesanluis.com\/wp-content\/uploads\/2024\/10\/asamblea-OSM.jpg",695,449,false],"thumbnail":["https:\/\/apuntesdesanluis.com\/wp-content\/uploads\/2024\/10\/asamblea-OSM-150x150.jpg",150,150,true],"medium":["https:\/\/apuntesdesanluis.com\/wp-content\/uploads\/2024\/10\/asamblea-OSM-300x194.jpg",300,194,true],"medium_large":["https:\/\/apuntesdesanluis.com\/wp-content\/uploads\/2024\/10\/asamblea-OSM.jpg",640,413,false],"large":["https:\/\/apuntesdesanluis.com\/wp-content\/uploads\/2024\/10\/asamblea-OSM.jpg",640,413,false],"1536x1536":["https:\/\/apuntesdesanluis.com\/wp-content\/uploads\/2024\/10\/asamblea-OSM.jpg",695,449,false],"2048x2048":["https:\/\/apuntesdesanluis.com\/wp-content\/uploads\/2024\/10\/asamblea-OSM.jpg",695,449,false],"newsever-slider-full":["https:\/\/apuntesdesanluis.com\/wp-content\/uploads\/2024\/10\/asamblea-OSM.jpg",695,449,false],"newsever-featured":["https:\/\/apuntesdesanluis.com\/wp-content\/uploads\/2024\/10\/asamblea-OSM.jpg",695,449,false],"newsever-medium":["https:\/\/apuntesdesanluis.com\/wp-content\/uploads\/2024\/10\/asamblea-OSM.jpg",695,449,false]},"author_info":{"display_name":"apuntesdesanluis.com","author_link":"https:\/\/apuntesdesanluis.com\/index.php\/author\/apuntesdesanluis-com\/"},"category_info":"<a href=\"https:\/\/apuntesdesanluis.com\/index.php\/category\/ciudad-provincia\/\" rel=\"category tag\">Ciudad\/Provincia<\/a>","tag_info":"Ciudad\/Provincia","comment_count":"0","_links":{"self":[{"href":"https:\/\/apuntesdesanluis.com\/index.php\/wp-json\/wp\/v2\/posts\/24555","targetHints":{"allow":["GET"]}}],"collection":[{"href":"https:\/\/apuntesdesanluis.com\/index.php\/wp-json\/wp\/v2\/posts"}],"about":[{"href":"https:\/\/apuntesdesanluis.com\/index.php\/wp-json\/wp\/v2\/types\/post"}],"author":[{"embeddable":true,"href":"https:\/\/apuntesdesanluis.com\/index.php\/wp-json\/wp\/v2\/users\/1"}],"replies":[{"embeddable":true,"href":"https:\/\/apuntesdesanluis.com\/index.php\/wp-json\/wp\/v2\/comments?post=24555"}],"version-history":[{"count":7,"href":"https:\/\/apuntesdesanluis.com\/index.php\/wp-json\/wp\/v2\/posts\/24555\/revisions"}],"predecessor-version":[{"id":24572,"href":"https:\/\/apuntesdesanluis.com\/index.php\/wp-json\/wp\/v2\/posts\/24555\/revisions\/24572"}],"wp:featuredmedia":[{"embeddable":true,"href":"https:\/\/apuntesdesanluis.com\/index.php\/wp-json\/wp\/v2\/media\/24556"}],"wp:attachment":[{"href":"https:\/\/apuntesdesanluis.com\/index.php\/wp-json\/wp\/v2\/media?parent=24555"}],"wp:term":[{"taxonomy":"category","embeddable":true,"href":"https:\/\/apuntesdesanluis.com\/index.php\/wp-json\/wp\/v2\/categories?post=24555"},{"taxonomy":"post_tag","embeddable":true,"href":"https:\/\/apuntesdesanluis.com\/index.php\/wp-json\/wp\/v2\/tags?post=24555"}],"curies":[{"name":"wp","href":"https:\/\/api.w.org\/{rel}","templated":true}]}}