{"id":24596,"date":"2024-10-30T21:20:05","date_gmt":"2024-10-31T00:20:05","guid":{"rendered":"https:\/\/apuntesdesanluis.com\/?p=24596"},"modified":"2024-10-30T21:27:59","modified_gmt":"2024-10-31T00:27:59","slug":"detienen-a-un-violento-que-cortajeo-a-su-ex-mujer-en-la-espalda-y-rostro","status":"publish","type":"post","link":"https:\/\/apuntesdesanluis.com\/index.php\/2024\/10\/30\/detienen-a-un-violento-que-cortajeo-a-su-ex-mujer-en-la-espalda-y-rostro\/","title":{"rendered":"DETIENEN A UN VIOLENTO QUE CORTAJE\u00d3 A SU EX MUJER EN LA ESPALDA Y ROSTRO"},"content":{"rendered":"<h3>Este mi\u00e9rcoles formularon cargos a un hombre por el delito de lesiones graves doblemente calificadas por relaci\u00f3n de pareja y violencia de g\u00e9nero. El imputado continuar\u00e1 detenido atento la pr\u00f3rroga de detenci\u00f3n solicitada por la Defensa.<\/h3>\n<h3>La audiencia de formulaci\u00f3n de cargos se desarroll\u00f3 en el Juzgado de Garant\u00eda N\u00ba 3 de la Segunda Circunscripci\u00f3n Judicial.<\/h3>\n<h3>La representante del Ministerio P\u00fablico Fiscal (MPF) formul\u00f3 los cargos a un hombre por un hecho ocurrido el 28 de octubre pasado. El imputado le caus\u00f3 lesiones corto punzantes con un cuchillo a su ex pareja (mam\u00e1 de sus hijos) provoc\u00e1ndole heridas en la espalda y rostro que le causaron un desprendimiento de retina, por el cual tuvo que ser intervenida quir\u00fargicamente.<\/h3>\n<h3>La Fiscal\u00eda mencion\u00f3 todas las evidencias incorporadas, la denuncia, la inspecci\u00f3n realizada en la vivienda, entrevistas, elementos secuestrados, los antecedentes de hostigamiento, las presentaciones anteriores en el fuero de familia, etc.<\/h3>\n<h3>La Defensora (MPD) expres\u00f3 que teniendo en cuenta lo manifestado por el MPF su defendido iba a hacer uso del Derecho Constitucional de la pr\u00f3rroga de detenci\u00f3n por cinco d\u00edas a los fines de elaborar su teor\u00eda del caso.<\/h3>\n<h3>Luego de la exposici\u00f3n de las partes, la Dra. <strong>Mirta Ucelay<\/strong> \u2013Juez de Garant\u00edas N\u00ba 3- formul\u00f3 cargos de manera provisoria y concedi\u00f3 la pr\u00f3rroga de detenci\u00f3n.<\/h3>\n<h3>En representaci\u00f3n del MPF intervino la Dra. Daniela Torres y del MPD la Dra. Noelia Paez.<\/h3>\n<p>&nbsp;<\/p>\n<p>&nbsp;<\/p>\n<p>&nbsp;<\/p>\n<p>&nbsp;<\/p>\n<p>&nbsp;<\/p>\n<p>&nbsp;<\/p>\n<h3><\/h3>\n<p>&nbsp;<\/p>\n<p>&nbsp;<\/p>\n","protected":false},"excerpt":{"rendered":"<p>Este mi\u00e9rcoles formularon cargos a un hombre por el delito de lesiones graves doblemente calificadas&#8230;<\/p>\n","protected":false},"author":1,"featured_media":24597,"comment_status":"closed","ping_status":"closed","sticky":false,"template":"","format":"standard","meta":{"footnotes":""},"categories":[6],"tags":[],"class_list":["post-24596","post","type-post","status-publish","format-standard","has-post-thumbnail","hentry","category-ciudad-provincia"],"yoast_head":"<!-- This site is optimized with the Yoast SEO plugin v26.1.1 - https:\/\/yoast.com\/wordpress\/plugins\/seo\/ -->\n<title>DETIENEN A UN VIOLENTO QUE CORTAJE\u00d3 A SU EX MUJER EN LA ESPALDA Y ROSTRO - Apuntes de San Luis<\/title>\n<meta name=\"robots\" content=\"index, follow, max-snippet:-1, max-image-preview:large, max-video-preview:-1\" \/>\n<link rel=\"canonical\" href=\"https:\/\/apuntesdesanluis.com\/index.php\/2024\/10\/30\/detienen-a-un-violento-que-cortajeo-a-su-ex-mujer-en-la-espalda-y-rostro\/\" \/>\n<meta property=\"og:locale\" content=\"es_ES\" \/>\n<meta property=\"og:type\" content=\"article\" \/>\n<meta property=\"og:title\" content=\"DETIENEN A UN VIOLENTO QUE CORTAJE\u00d3 A SU EX MUJER EN LA ESPALDA Y ROSTRO - Apuntes de San Luis\" \/>\n<meta property=\"og:description\" content=\"Este mi\u00e9rcoles formularon cargos a un hombre por el delito de lesiones graves doblemente calificadas...\" \/>\n<meta property=\"og:url\" content=\"https:\/\/apuntesdesanluis.com\/index.php\/2024\/10\/30\/detienen-a-un-violento-que-cortajeo-a-su-ex-mujer-en-la-espalda-y-rostro\/\" \/>\n<meta property=\"og:site_name\" content=\"Apuntes de San Luis\" \/>\n<meta property=\"article:published_time\" content=\"2024-10-31T00:20:05+00:00\" \/>\n<meta property=\"article:modified_time\" content=\"2024-10-31T00:27:59+00:00\" \/>\n<meta property=\"og:image\" content=\"https:\/\/apuntesdesanluis.com\/wp-content\/uploads\/2024\/10\/jueza-ucelay-1.png\" \/>\n\t<meta property=\"og:image:width\" content=\"690\" \/>\n\t<meta property=\"og:image:height\" content=\"442\" \/>\n\t<meta property=\"og:image:type\" content=\"image\/png\" \/>\n<meta name=\"author\" content=\"apuntesdesanluis.com\" \/>\n<meta name=\"twitter:card\" content=\"summary_large_image\" \/>\n<meta name=\"twitter:label1\" content=\"Escrito por\" \/>\n\t<meta name=\"twitter:data1\" content=\"apuntesdesanluis.com\" \/>\n\t<meta name=\"twitter:label2\" content=\"Tiempo de lectura\" \/>\n\t<meta name=\"twitter:data2\" content=\"2 minutos\" \/>\n<script type=\"application\/ld+json\" class=\"yoast-schema-graph\">{\"@context\":\"https:\/\/schema.org\",\"@graph\":[{\"@type\":\"Article\",\"@id\":\"https:\/\/apuntesdesanluis.com\/index.php\/2024\/10\/30\/detienen-a-un-violento-que-cortajeo-a-su-ex-mujer-en-la-espalda-y-rostro\/#article\",\"isPartOf\":{\"@id\":\"https:\/\/apuntesdesanluis.com\/index.php\/2024\/10\/30\/detienen-a-un-violento-que-cortajeo-a-su-ex-mujer-en-la-espalda-y-rostro\/\"},\"author\":{\"name\":\"apuntesdesanluis.com\",\"@id\":\"https:\/\/apuntesdesanluis.com\/#\/schema\/person\/b55151d52296fcce64d1a72538a70b90\"},\"headline\":\"DETIENEN A UN VIOLENTO QUE CORTAJE\u00d3 A SU EX MUJER EN LA ESPALDA Y ROSTRO\",\"datePublished\":\"2024-10-31T00:20:05+00:00\",\"dateModified\":\"2024-10-31T00:27:59+00:00\",\"mainEntityOfPage\":{\"@id\":\"https:\/\/apuntesdesanluis.com\/index.php\/2024\/10\/30\/detienen-a-un-violento-que-cortajeo-a-su-ex-mujer-en-la-espalda-y-rostro\/\"},\"wordCount\":274,\"publisher\":{\"@id\":\"https:\/\/apuntesdesanluis.com\/#\/schema\/person\/b55151d52296fcce64d1a72538a70b90\"},\"image\":{\"@id\":\"https:\/\/apuntesdesanluis.com\/index.php\/2024\/10\/30\/detienen-a-un-violento-que-cortajeo-a-su-ex-mujer-en-la-espalda-y-rostro\/#primaryimage\"},\"thumbnailUrl\":\"https:\/\/apuntesdesanluis.com\/wp-content\/uploads\/2024\/10\/jueza-ucelay-1.png\",\"articleSection\":[\"Ciudad\/Provincia\"],\"inLanguage\":\"es-AR\"},{\"@type\":\"WebPage\",\"@id\":\"https:\/\/apuntesdesanluis.com\/index.php\/2024\/10\/30\/detienen-a-un-violento-que-cortajeo-a-su-ex-mujer-en-la-espalda-y-rostro\/\",\"url\":\"https:\/\/apuntesdesanluis.com\/index.php\/2024\/10\/30\/detienen-a-un-violento-que-cortajeo-a-su-ex-mujer-en-la-espalda-y-rostro\/\",\"name\":\"DETIENEN A UN VIOLENTO QUE CORTAJE\u00d3 A SU EX MUJER EN LA ESPALDA Y ROSTRO - Apuntes de San Luis\",\"isPartOf\":{\"@id\":\"https:\/\/apuntesdesanluis.com\/#website\"},\"primaryImageOfPage\":{\"@id\":\"https:\/\/apuntesdesanluis.com\/index.php\/2024\/10\/30\/detienen-a-un-violento-que-cortajeo-a-su-ex-mujer-en-la-espalda-y-rostro\/#primaryimage\"},\"image\":{\"@id\":\"https:\/\/apuntesdesanluis.com\/index.php\/2024\/10\/30\/detienen-a-un-violento-que-cortajeo-a-su-ex-mujer-en-la-espalda-y-rostro\/#primaryimage\"},\"thumbnailUrl\":\"https:\/\/apuntesdesanluis.com\/wp-content\/uploads\/2024\/10\/jueza-ucelay-1.png\",\"datePublished\":\"2024-10-31T00:20:05+00:00\",\"dateModified\":\"2024-10-31T00:27:59+00:00\",\"breadcrumb\":{\"@id\":\"https:\/\/apuntesdesanluis.com\/index.php\/2024\/10\/30\/detienen-a-un-violento-que-cortajeo-a-su-ex-mujer-en-la-espalda-y-rostro\/#breadcrumb\"},\"inLanguage\":\"es-AR\",\"potentialAction\":[{\"@type\":\"ReadAction\",\"target\":[\"https:\/\/apuntesdesanluis.com\/index.php\/2024\/10\/30\/detienen-a-un-violento-que-cortajeo-a-su-ex-mujer-en-la-espalda-y-rostro\/\"]}]},{\"@type\":\"ImageObject\",\"inLanguage\":\"es-AR\",\"@id\":\"https:\/\/apuntesdesanluis.com\/index.php\/2024\/10\/30\/detienen-a-un-violento-que-cortajeo-a-su-ex-mujer-en-la-espalda-y-rostro\/#primaryimage\",\"url\":\"https:\/\/apuntesdesanluis.com\/wp-content\/uploads\/2024\/10\/jueza-ucelay-1.png\",\"contentUrl\":\"https:\/\/apuntesdesanluis.com\/wp-content\/uploads\/2024\/10\/jueza-ucelay-1.png\",\"width\":690,\"height\":442},{\"@type\":\"BreadcrumbList\",\"@id\":\"https:\/\/apuntesdesanluis.com\/index.php\/2024\/10\/30\/detienen-a-un-violento-que-cortajeo-a-su-ex-mujer-en-la-espalda-y-rostro\/#breadcrumb\",\"itemListElement\":[{\"@type\":\"ListItem\",\"position\":1,\"name\":\"Inicio\",\"item\":\"https:\/\/apuntesdesanluis.com\/\"},{\"@type\":\"ListItem\",\"position\":2,\"name\":\"DETIENEN A UN VIOLENTO QUE CORTAJE\u00d3 A SU EX MUJER EN LA ESPALDA Y ROSTRO\"}]},{\"@type\":\"WebSite\",\"@id\":\"https:\/\/apuntesdesanluis.com\/#website\",\"url\":\"https:\/\/apuntesdesanluis.com\/\",\"name\":\"Apuntes de San Luis\",\"description\":\"\",\"publisher\":{\"@id\":\"https:\/\/apuntesdesanluis.com\/#\/schema\/person\/b55151d52296fcce64d1a72538a70b90\"},\"potentialAction\":[{\"@type\":\"SearchAction\",\"target\":{\"@type\":\"EntryPoint\",\"urlTemplate\":\"https:\/\/apuntesdesanluis.com\/?s={search_term_string}\"},\"query-input\":{\"@type\":\"PropertyValueSpecification\",\"valueRequired\":true,\"valueName\":\"search_term_string\"}}],\"inLanguage\":\"es-AR\"},{\"@type\":[\"Person\",\"Organization\"],\"@id\":\"https:\/\/apuntesdesanluis.com\/#\/schema\/person\/b55151d52296fcce64d1a72538a70b90\",\"name\":\"apuntesdesanluis.com\",\"image\":{\"@type\":\"ImageObject\",\"inLanguage\":\"es-AR\",\"@id\":\"https:\/\/apuntesdesanluis.com\/#\/schema\/person\/image\/\",\"url\":\"https:\/\/apuntesdesanluis.com\/wp-content\/uploads\/2023\/07\/cropped-apuntesdesanluis.png\",\"contentUrl\":\"https:\/\/apuntesdesanluis.com\/wp-content\/uploads\/2023\/07\/cropped-apuntesdesanluis.png\",\"width\":450,\"height\":112,\"caption\":\"apuntesdesanluis.com\"},\"logo\":{\"@id\":\"https:\/\/apuntesdesanluis.com\/#\/schema\/person\/image\/\"},\"sameAs\":[\"https:\/\/apuntesdesanluis.com\"],\"url\":\"https:\/\/apuntesdesanluis.com\/index.php\/author\/apuntesdesanluis-com\/\"}]}<\/script>\n<!-- \/ Yoast SEO plugin. -->","yoast_head_json":{"title":"DETIENEN A UN VIOLENTO QUE CORTAJE\u00d3 A SU EX MUJER EN LA ESPALDA Y ROSTRO - Apuntes de San Luis","robots":{"index":"index","follow":"follow","max-snippet":"max-snippet:-1","max-image-preview":"max-image-preview:large","max-video-preview":"max-video-preview:-1"},"canonical":"https:\/\/apuntesdesanluis.com\/index.php\/2024\/10\/30\/detienen-a-un-violento-que-cortajeo-a-su-ex-mujer-en-la-espalda-y-rostro\/","og_locale":"es_ES","og_type":"article","og_title":"DETIENEN A UN VIOLENTO QUE CORTAJE\u00d3 A SU EX MUJER EN LA ESPALDA Y ROSTRO - Apuntes de San Luis","og_description":"Este mi\u00e9rcoles formularon cargos a un hombre por el delito de lesiones graves doblemente calificadas...","og_url":"https:\/\/apuntesdesanluis.com\/index.php\/2024\/10\/30\/detienen-a-un-violento-que-cortajeo-a-su-ex-mujer-en-la-espalda-y-rostro\/","og_site_name":"Apuntes de San Luis","article_published_time":"2024-10-31T00:20:05+00:00","article_modified_time":"2024-10-31T00:27:59+00:00","og_image":[{"width":690,"height":442,"url":"https:\/\/apuntesdesanluis.com\/wp-content\/uploads\/2024\/10\/jueza-ucelay-1.png","type":"image\/png"}],"author":"apuntesdesanluis.com","twitter_card":"summary_large_image","twitter_misc":{"Escrito por":"apuntesdesanluis.com","Tiempo de lectura":"2 minutos"},"schema":{"@context":"https:\/\/schema.org","@graph":[{"@type":"Article","@id":"https:\/\/apuntesdesanluis.com\/index.php\/2024\/10\/30\/detienen-a-un-violento-que-cortajeo-a-su-ex-mujer-en-la-espalda-y-rostro\/#article","isPartOf":{"@id":"https:\/\/apuntesdesanluis.com\/index.php\/2024\/10\/30\/detienen-a-un-violento-que-cortajeo-a-su-ex-mujer-en-la-espalda-y-rostro\/"},"author":{"name":"apuntesdesanluis.com","@id":"https:\/\/apuntesdesanluis.com\/#\/schema\/person\/b55151d52296fcce64d1a72538a70b90"},"headline":"DETIENEN A UN VIOLENTO QUE CORTAJE\u00d3 A SU EX MUJER EN LA ESPALDA Y ROSTRO","datePublished":"2024-10-31T00:20:05+00:00","dateModified":"2024-10-31T00:27:59+00:00","mainEntityOfPage":{"@id":"https:\/\/apuntesdesanluis.com\/index.php\/2024\/10\/30\/detienen-a-un-violento-que-cortajeo-a-su-ex-mujer-en-la-espalda-y-rostro\/"},"wordCount":274,"publisher":{"@id":"https:\/\/apuntesdesanluis.com\/#\/schema\/person\/b55151d52296fcce64d1a72538a70b90"},"image":{"@id":"https:\/\/apuntesdesanluis.com\/index.php\/2024\/10\/30\/detienen-a-un-violento-que-cortajeo-a-su-ex-mujer-en-la-espalda-y-rostro\/#primaryimage"},"thumbnailUrl":"https:\/\/apuntesdesanluis.com\/wp-content\/uploads\/2024\/10\/jueza-ucelay-1.png","articleSection":["Ciudad\/Provincia"],"inLanguage":"es-AR"},{"@type":"WebPage","@id":"https:\/\/apuntesdesanluis.com\/index.php\/2024\/10\/30\/detienen-a-un-violento-que-cortajeo-a-su-ex-mujer-en-la-espalda-y-rostro\/","url":"https:\/\/apuntesdesanluis.com\/index.php\/2024\/10\/30\/detienen-a-un-violento-que-cortajeo-a-su-ex-mujer-en-la-espalda-y-rostro\/","name":"DETIENEN A UN VIOLENTO QUE CORTAJE\u00d3 A SU EX MUJER EN LA ESPALDA Y ROSTRO - Apuntes de San Luis","isPartOf":{"@id":"https:\/\/apuntesdesanluis.com\/#website"},"primaryImageOfPage":{"@id":"https:\/\/apuntesdesanluis.com\/index.php\/2024\/10\/30\/detienen-a-un-violento-que-cortajeo-a-su-ex-mujer-en-la-espalda-y-rostro\/#primaryimage"},"image":{"@id":"https:\/\/apuntesdesanluis.com\/index.php\/2024\/10\/30\/detienen-a-un-violento-que-cortajeo-a-su-ex-mujer-en-la-espalda-y-rostro\/#primaryimage"},"thumbnailUrl":"https:\/\/apuntesdesanluis.com\/wp-content\/uploads\/2024\/10\/jueza-ucelay-1.png","datePublished":"2024-10-31T00:20:05+00:00","dateModified":"2024-10-31T00:27:59+00:00","breadcrumb":{"@id":"https:\/\/apuntesdesanluis.com\/index.php\/2024\/10\/30\/detienen-a-un-violento-que-cortajeo-a-su-ex-mujer-en-la-espalda-y-rostro\/#breadcrumb"},"inLanguage":"es-AR","potentialAction":[{"@type":"ReadAction","target":["https:\/\/apuntesdesanluis.com\/index.php\/2024\/10\/30\/detienen-a-un-violento-que-cortajeo-a-su-ex-mujer-en-la-espalda-y-rostro\/"]}]},{"@type":"ImageObject","inLanguage":"es-AR","@id":"https:\/\/apuntesdesanluis.com\/index.php\/2024\/10\/30\/detienen-a-un-violento-que-cortajeo-a-su-ex-mujer-en-la-espalda-y-rostro\/#primaryimage","url":"https:\/\/apuntesdesanluis.com\/wp-content\/uploads\/2024\/10\/jueza-ucelay-1.png","contentUrl":"https:\/\/apuntesdesanluis.com\/wp-content\/uploads\/2024\/10\/jueza-ucelay-1.png","width":690,"height":442},{"@type":"BreadcrumbList","@id":"https:\/\/apuntesdesanluis.com\/index.php\/2024\/10\/30\/detienen-a-un-violento-que-cortajeo-a-su-ex-mujer-en-la-espalda-y-rostro\/#breadcrumb","itemListElement":[{"@type":"ListItem","position":1,"name":"Inicio","item":"https:\/\/apuntesdesanluis.com\/"},{"@type":"ListItem","position":2,"name":"DETIENEN A UN VIOLENTO QUE CORTAJE\u00d3 A SU EX MUJER EN LA ESPALDA Y ROSTRO"}]},{"@type":"WebSite","@id":"https:\/\/apuntesdesanluis.com\/#website","url":"https:\/\/apuntesdesanluis.com\/","name":"Apuntes de San Luis","description":"","publisher":{"@id":"https:\/\/apuntesdesanluis.com\/#\/schema\/person\/b55151d52296fcce64d1a72538a70b90"},"potentialAction":[{"@type":"SearchAction","target":{"@type":"EntryPoint","urlTemplate":"https:\/\/apuntesdesanluis.com\/?s={search_term_string}"},"query-input":{"@type":"PropertyValueSpecification","valueRequired":true,"valueName":"search_term_string"}}],"inLanguage":"es-AR"},{"@type":["Person","Organization"],"@id":"https:\/\/apuntesdesanluis.com\/#\/schema\/person\/b55151d52296fcce64d1a72538a70b90","name":"apuntesdesanluis.com","image":{"@type":"ImageObject","inLanguage":"es-AR","@id":"https:\/\/apuntesdesanluis.com\/#\/schema\/person\/image\/","url":"https:\/\/apuntesdesanluis.com\/wp-content\/uploads\/2023\/07\/cropped-apuntesdesanluis.png","contentUrl":"https:\/\/apuntesdesanluis.com\/wp-content\/uploads\/2023\/07\/cropped-apuntesdesanluis.png","width":450,"height":112,"caption":"apuntesdesanluis.com"},"logo":{"@id":"https:\/\/apuntesdesanluis.com\/#\/schema\/person\/image\/"},"sameAs":["https:\/\/apuntesdesanluis.com"],"url":"https:\/\/apuntesdesanluis.com\/index.php\/author\/apuntesdesanluis-com\/"}]}},"featured_image_urls":{"full":["https:\/\/apuntesdesanluis.com\/wp-content\/uploads\/2024\/10\/jueza-ucelay-1.png",690,442,false],"thumbnail":["https:\/\/apuntesdesanluis.com\/wp-content\/uploads\/2024\/10\/jueza-ucelay-1-150x150.png",150,150,true],"medium":["https:\/\/apuntesdesanluis.com\/wp-content\/uploads\/2024\/10\/jueza-ucelay-1-300x192.png",300,192,true],"medium_large":["https:\/\/apuntesdesanluis.com\/wp-content\/uploads\/2024\/10\/jueza-ucelay-1.png",640,410,false],"large":["https:\/\/apuntesdesanluis.com\/wp-content\/uploads\/2024\/10\/jueza-ucelay-1.png",640,410,false],"1536x1536":["https:\/\/apuntesdesanluis.com\/wp-content\/uploads\/2024\/10\/jueza-ucelay-1.png",690,442,false],"2048x2048":["https:\/\/apuntesdesanluis.com\/wp-content\/uploads\/2024\/10\/jueza-ucelay-1.png",690,442,false],"newsever-slider-full":["https:\/\/apuntesdesanluis.com\/wp-content\/uploads\/2024\/10\/jueza-ucelay-1.png",690,442,false],"newsever-featured":["https:\/\/apuntesdesanluis.com\/wp-content\/uploads\/2024\/10\/jueza-ucelay-1.png",690,442,false],"newsever-medium":["https:\/\/apuntesdesanluis.com\/wp-content\/uploads\/2024\/10\/jueza-ucelay-1.png",690,442,false]},"author_info":{"display_name":"apuntesdesanluis.com","author_link":"https:\/\/apuntesdesanluis.com\/index.php\/author\/apuntesdesanluis-com\/"},"category_info":"<a href=\"https:\/\/apuntesdesanluis.com\/index.php\/category\/ciudad-provincia\/\" rel=\"category tag\">Ciudad\/Provincia<\/a>","tag_info":"Ciudad\/Provincia","comment_count":"0","_links":{"self":[{"href":"https:\/\/apuntesdesanluis.com\/index.php\/wp-json\/wp\/v2\/posts\/24596","targetHints":{"allow":["GET"]}}],"collection":[{"href":"https:\/\/apuntesdesanluis.com\/index.php\/wp-json\/wp\/v2\/posts"}],"about":[{"href":"https:\/\/apuntesdesanluis.com\/index.php\/wp-json\/wp\/v2\/types\/post"}],"author":[{"embeddable":true,"href":"https:\/\/apuntesdesanluis.com\/index.php\/wp-json\/wp\/v2\/users\/1"}],"replies":[{"embeddable":true,"href":"https:\/\/apuntesdesanluis.com\/index.php\/wp-json\/wp\/v2\/comments?post=24596"}],"version-history":[{"count":2,"href":"https:\/\/apuntesdesanluis.com\/index.php\/wp-json\/wp\/v2\/posts\/24596\/revisions"}],"predecessor-version":[{"id":24599,"href":"https:\/\/apuntesdesanluis.com\/index.php\/wp-json\/wp\/v2\/posts\/24596\/revisions\/24599"}],"wp:featuredmedia":[{"embeddable":true,"href":"https:\/\/apuntesdesanluis.com\/index.php\/wp-json\/wp\/v2\/media\/24597"}],"wp:attachment":[{"href":"https:\/\/apuntesdesanluis.com\/index.php\/wp-json\/wp\/v2\/media?parent=24596"}],"wp:term":[{"taxonomy":"category","embeddable":true,"href":"https:\/\/apuntesdesanluis.com\/index.php\/wp-json\/wp\/v2\/categories?post=24596"},{"taxonomy":"post_tag","embeddable":true,"href":"https:\/\/apuntesdesanluis.com\/index.php\/wp-json\/wp\/v2\/tags?post=24596"}],"curies":[{"name":"wp","href":"https:\/\/api.w.org\/{rel}","templated":true}]}}