{"id":24600,"date":"2024-10-30T21:36:54","date_gmt":"2024-10-31T00:36:54","guid":{"rendered":"https:\/\/apuntesdesanluis.com\/?p=24600"},"modified":"2024-10-30T21:45:40","modified_gmt":"2024-10-31T00:45:40","slug":"milei-acuso-a-alfonsin-de-golpista-y-se-enojo-hasta-de-loredo","status":"publish","type":"post","link":"https:\/\/apuntesdesanluis.com\/index.php\/2024\/10\/30\/milei-acuso-a-alfonsin-de-golpista-y-se-enojo-hasta-de-loredo\/","title":{"rendered":"MILEI ACUS\u00d3 A ALFONS\u00cdN DE GOLPISTA Y SE ENOJ\u00d3 HASTA DE LOREDO"},"content":{"rendered":"<h3>En un discurso de 80 minutos en la Fundaci\u00f3n Mediterr\u00e1nea, el presidente le peg\u00f3 a <strong>Clar\u00edn, Villarruel y Gago<\/strong> y neg\u00f3 la existencia de los Reyes Magos.<\/h3>\n<h3>El presidente <strong>Javier Milei<\/strong> habl\u00f3 en C\u00f3rdoba ante la <strong>Fundaci\u00f3n Mediterr\u00e1nea<\/strong> y dijo que al ex presidente radical Alfons\u00edn &#8220;lo muestran como el padre de la democracia, siendo que fue partidario de un Golpe de Estado&#8221;. Lo dijo el mismo d\u00eda que se cumplen 41 a\u00f1os de las elecciones que determinaron la recuperaci\u00f3n democr\u00e1tica, cuando fue electo presidente el lider radical ya fallecido.<\/h3>\n<h3>&#8220;Evidentemente, pesificarle la deuda a Clar\u00edn hizo mostrarlo como un h\u00e9roe&#8221;, dijo el libertario, que de este modo volvi\u00f3 a atacar al Grupo luego de sacudirle a TN durante toda la semana.<\/h3>\n<p><iframe title=\"Milei acus\u00f3 a Alfons\u00edn de golpista\" width=\"640\" height=\"360\" src=\"https:\/\/www.youtube.com\/embed\/4Zy8BOpCo6I?feature=oembed\" frameborder=\"0\" allow=\"accelerometer; autoplay; clipboard-write; encrypted-media; gyroscope; picture-in-picture; web-share\" referrerpolicy=\"strict-origin-when-cross-origin\" allowfullscreen><\/iframe><\/p>\n<h3>&#8220;Repudio la afirmaci\u00f3n que acaba de realizar el presidente @JMilei sobre Ra\u00fal Alfons\u00edn reci\u00e9n en Fundaci\u00f3n Mediterr\u00e1nea. M\u00e1s a\u00fan en una fecha tan cara a todos los argentinos. Absolutamente disparatado&#8221;, dijo De Loredo, jefe de la bancada de la UCR m\u00e1s af\u00edn al gobierno. El tuit lo escribi\u00f3 despu\u00e9s de escuchar a Milei desde una de las butacas del auditorio.<\/h3>\n<h3>En su racconto hist\u00f3rico, Milei tambi\u00e9n cuestion\u00f3 a Victoria Villarruel sin mencionarla, cuando carg\u00f3 fuertemente contra Isabel Per\u00f3n, homenajeada recientemente por la vicepresidenta.<\/h3>\n<h3>&#8220;Ten\u00edamos un money overhang, que era el doble del que hab\u00eda en la previa del Rodrigazo, all\u00e1 en 1975, durante el gobierno de Mar\u00eda Estela Mart\u00ednez de Per\u00f3n, espantoso gobierno que implic\u00f3 no solo la Triple A y el decreto de aniquilamiento y algunas aberraciones adicionales, sino que &#8211; en el medio &#8211; sextuplic\u00f3 la tasa de inflaci\u00f3n y multiplic\u00f3 por 5 la cantidad de pobres&#8221;, se\u00f1al\u00f3 Milei.<\/h3>\n<h3>Cuando se refiri\u00f3 a la inflaci\u00f3n, sostuvo que &#8220;hay un conjunto de economistas que cree que es multicausal&#8221;. &#8220;Bueno, yo &#8211; desde que madur\u00e9 y crec\u00ed &#8211; nunca cre\u00ed esa cosa, lo cre\u00ed cuando era muy chico, pero uno despu\u00e9s se da cuenta que los Reyes Magos son los padres, qu\u00e9 s\u00e9 yo&#8221;, se burl\u00f3.<\/h3>\n<h3>En otro tramo del discurso volvi\u00f3 a pegarle a Fernando Gago, el nuevo DT de Boca. &#8220;Aviso que dej\u00e9 de ser de Boca, cuando cierto personaje volvi\u00f3 y cuando apareci\u00f3 un cinco, que ten\u00eda menos marca que La Salada, eso hizo que yo dejara de ser de Boca&#8221;, confes\u00f3.<\/h3>\n<p>&nbsp;<\/p>\n<p>&nbsp;<\/p>\n<p>&nbsp;<\/p>\n<p>&nbsp;<\/p>\n<p>&nbsp;<\/p>\n<p>&nbsp;<\/p>\n","protected":false},"excerpt":{"rendered":"<p>En un discurso de 80 minutos en la Fundaci\u00f3n Mediterr\u00e1nea, el presidente le peg\u00f3 a&#8230;<\/p>\n","protected":false},"author":1,"featured_media":24601,"comment_status":"closed","ping_status":"closed","sticky":false,"template":"","format":"standard","meta":{"footnotes":""},"categories":[5],"tags":[],"class_list":["post-24600","post","type-post","status-publish","format-standard","has-post-thumbnail","hentry","category-nacionales-internacionales"],"yoast_head":"<!-- This site is optimized with the Yoast SEO plugin v26.1.1 - https:\/\/yoast.com\/wordpress\/plugins\/seo\/ -->\n<title>MILEI ACUS\u00d3 A ALFONS\u00cdN DE GOLPISTA Y SE ENOJ\u00d3 HASTA DE LOREDO - Apuntes de San Luis<\/title>\n<meta name=\"robots\" content=\"index, follow, max-snippet:-1, max-image-preview:large, max-video-preview:-1\" \/>\n<link rel=\"canonical\" href=\"https:\/\/apuntesdesanluis.com\/index.php\/2024\/10\/30\/milei-acuso-a-alfonsin-de-golpista-y-se-enojo-hasta-de-loredo\/\" \/>\n<meta property=\"og:locale\" content=\"es_ES\" \/>\n<meta property=\"og:type\" content=\"article\" \/>\n<meta property=\"og:title\" content=\"MILEI ACUS\u00d3 A ALFONS\u00cdN DE GOLPISTA Y SE ENOJ\u00d3 HASTA DE LOREDO - Apuntes de San Luis\" \/>\n<meta property=\"og:description\" content=\"En un discurso de 80 minutos en la Fundaci\u00f3n Mediterr\u00e1nea, el presidente le peg\u00f3 a...\" \/>\n<meta property=\"og:url\" content=\"https:\/\/apuntesdesanluis.com\/index.php\/2024\/10\/30\/milei-acuso-a-alfonsin-de-golpista-y-se-enojo-hasta-de-loredo\/\" \/>\n<meta property=\"og:site_name\" content=\"Apuntes de San Luis\" \/>\n<meta property=\"article:published_time\" content=\"2024-10-31T00:36:54+00:00\" \/>\n<meta property=\"article:modified_time\" content=\"2024-10-31T00:45:40+00:00\" \/>\n<meta property=\"og:image\" content=\"https:\/\/apuntesdesanluis.com\/wp-content\/uploads\/2024\/10\/milei-alfonsin.png\" \/>\n\t<meta property=\"og:image:width\" content=\"785\" \/>\n\t<meta property=\"og:image:height\" content=\"489\" \/>\n\t<meta property=\"og:image:type\" content=\"image\/png\" \/>\n<meta name=\"author\" content=\"apuntesdesanluis.com\" \/>\n<meta name=\"twitter:card\" content=\"summary_large_image\" \/>\n<meta name=\"twitter:label1\" content=\"Escrito por\" \/>\n\t<meta name=\"twitter:data1\" content=\"apuntesdesanluis.com\" \/>\n\t<meta name=\"twitter:label2\" content=\"Tiempo de lectura\" \/>\n\t<meta name=\"twitter:data2\" content=\"2 minutos\" \/>\n<script type=\"application\/ld+json\" class=\"yoast-schema-graph\">{\"@context\":\"https:\/\/schema.org\",\"@graph\":[{\"@type\":\"Article\",\"@id\":\"https:\/\/apuntesdesanluis.com\/index.php\/2024\/10\/30\/milei-acuso-a-alfonsin-de-golpista-y-se-enojo-hasta-de-loredo\/#article\",\"isPartOf\":{\"@id\":\"https:\/\/apuntesdesanluis.com\/index.php\/2024\/10\/30\/milei-acuso-a-alfonsin-de-golpista-y-se-enojo-hasta-de-loredo\/\"},\"author\":{\"name\":\"apuntesdesanluis.com\",\"@id\":\"https:\/\/apuntesdesanluis.com\/#\/schema\/person\/b55151d52296fcce64d1a72538a70b90\"},\"headline\":\"MILEI ACUS\u00d3 A ALFONS\u00cdN DE GOLPISTA Y SE ENOJ\u00d3 HASTA DE LOREDO\",\"datePublished\":\"2024-10-31T00:36:54+00:00\",\"dateModified\":\"2024-10-31T00:45:40+00:00\",\"mainEntityOfPage\":{\"@id\":\"https:\/\/apuntesdesanluis.com\/index.php\/2024\/10\/30\/milei-acuso-a-alfonsin-de-golpista-y-se-enojo-hasta-de-loredo\/\"},\"wordCount\":437,\"publisher\":{\"@id\":\"https:\/\/apuntesdesanluis.com\/#\/schema\/person\/b55151d52296fcce64d1a72538a70b90\"},\"image\":{\"@id\":\"https:\/\/apuntesdesanluis.com\/index.php\/2024\/10\/30\/milei-acuso-a-alfonsin-de-golpista-y-se-enojo-hasta-de-loredo\/#primaryimage\"},\"thumbnailUrl\":\"https:\/\/apuntesdesanluis.com\/wp-content\/uploads\/2024\/10\/milei-alfonsin.png\",\"articleSection\":[\"Nacionales\/Internacionales\"],\"inLanguage\":\"es-AR\"},{\"@type\":\"WebPage\",\"@id\":\"https:\/\/apuntesdesanluis.com\/index.php\/2024\/10\/30\/milei-acuso-a-alfonsin-de-golpista-y-se-enojo-hasta-de-loredo\/\",\"url\":\"https:\/\/apuntesdesanluis.com\/index.php\/2024\/10\/30\/milei-acuso-a-alfonsin-de-golpista-y-se-enojo-hasta-de-loredo\/\",\"name\":\"MILEI ACUS\u00d3 A ALFONS\u00cdN DE GOLPISTA Y SE ENOJ\u00d3 HASTA DE LOREDO - Apuntes de San Luis\",\"isPartOf\":{\"@id\":\"https:\/\/apuntesdesanluis.com\/#website\"},\"primaryImageOfPage\":{\"@id\":\"https:\/\/apuntesdesanluis.com\/index.php\/2024\/10\/30\/milei-acuso-a-alfonsin-de-golpista-y-se-enojo-hasta-de-loredo\/#primaryimage\"},\"image\":{\"@id\":\"https:\/\/apuntesdesanluis.com\/index.php\/2024\/10\/30\/milei-acuso-a-alfonsin-de-golpista-y-se-enojo-hasta-de-loredo\/#primaryimage\"},\"thumbnailUrl\":\"https:\/\/apuntesdesanluis.com\/wp-content\/uploads\/2024\/10\/milei-alfonsin.png\",\"datePublished\":\"2024-10-31T00:36:54+00:00\",\"dateModified\":\"2024-10-31T00:45:40+00:00\",\"breadcrumb\":{\"@id\":\"https:\/\/apuntesdesanluis.com\/index.php\/2024\/10\/30\/milei-acuso-a-alfonsin-de-golpista-y-se-enojo-hasta-de-loredo\/#breadcrumb\"},\"inLanguage\":\"es-AR\",\"potentialAction\":[{\"@type\":\"ReadAction\",\"target\":[\"https:\/\/apuntesdesanluis.com\/index.php\/2024\/10\/30\/milei-acuso-a-alfonsin-de-golpista-y-se-enojo-hasta-de-loredo\/\"]}]},{\"@type\":\"ImageObject\",\"inLanguage\":\"es-AR\",\"@id\":\"https:\/\/apuntesdesanluis.com\/index.php\/2024\/10\/30\/milei-acuso-a-alfonsin-de-golpista-y-se-enojo-hasta-de-loredo\/#primaryimage\",\"url\":\"https:\/\/apuntesdesanluis.com\/wp-content\/uploads\/2024\/10\/milei-alfonsin.png\",\"contentUrl\":\"https:\/\/apuntesdesanluis.com\/wp-content\/uploads\/2024\/10\/milei-alfonsin.png\",\"width\":785,\"height\":489},{\"@type\":\"BreadcrumbList\",\"@id\":\"https:\/\/apuntesdesanluis.com\/index.php\/2024\/10\/30\/milei-acuso-a-alfonsin-de-golpista-y-se-enojo-hasta-de-loredo\/#breadcrumb\",\"itemListElement\":[{\"@type\":\"ListItem\",\"position\":1,\"name\":\"Inicio\",\"item\":\"https:\/\/apuntesdesanluis.com\/\"},{\"@type\":\"ListItem\",\"position\":2,\"name\":\"MILEI ACUS\u00d3 A ALFONS\u00cdN DE GOLPISTA Y SE ENOJ\u00d3 HASTA DE LOREDO\"}]},{\"@type\":\"WebSite\",\"@id\":\"https:\/\/apuntesdesanluis.com\/#website\",\"url\":\"https:\/\/apuntesdesanluis.com\/\",\"name\":\"Apuntes de San Luis\",\"description\":\"\",\"publisher\":{\"@id\":\"https:\/\/apuntesdesanluis.com\/#\/schema\/person\/b55151d52296fcce64d1a72538a70b90\"},\"potentialAction\":[{\"@type\":\"SearchAction\",\"target\":{\"@type\":\"EntryPoint\",\"urlTemplate\":\"https:\/\/apuntesdesanluis.com\/?s={search_term_string}\"},\"query-input\":{\"@type\":\"PropertyValueSpecification\",\"valueRequired\":true,\"valueName\":\"search_term_string\"}}],\"inLanguage\":\"es-AR\"},{\"@type\":[\"Person\",\"Organization\"],\"@id\":\"https:\/\/apuntesdesanluis.com\/#\/schema\/person\/b55151d52296fcce64d1a72538a70b90\",\"name\":\"apuntesdesanluis.com\",\"image\":{\"@type\":\"ImageObject\",\"inLanguage\":\"es-AR\",\"@id\":\"https:\/\/apuntesdesanluis.com\/#\/schema\/person\/image\/\",\"url\":\"https:\/\/apuntesdesanluis.com\/wp-content\/uploads\/2023\/07\/cropped-apuntesdesanluis.png\",\"contentUrl\":\"https:\/\/apuntesdesanluis.com\/wp-content\/uploads\/2023\/07\/cropped-apuntesdesanluis.png\",\"width\":450,\"height\":112,\"caption\":\"apuntesdesanluis.com\"},\"logo\":{\"@id\":\"https:\/\/apuntesdesanluis.com\/#\/schema\/person\/image\/\"},\"sameAs\":[\"https:\/\/apuntesdesanluis.com\"],\"url\":\"https:\/\/apuntesdesanluis.com\/index.php\/author\/apuntesdesanluis-com\/\"}]}<\/script>\n<!-- \/ Yoast SEO plugin. -->","yoast_head_json":{"title":"MILEI ACUS\u00d3 A ALFONS\u00cdN DE GOLPISTA Y SE ENOJ\u00d3 HASTA DE LOREDO - Apuntes de San Luis","robots":{"index":"index","follow":"follow","max-snippet":"max-snippet:-1","max-image-preview":"max-image-preview:large","max-video-preview":"max-video-preview:-1"},"canonical":"https:\/\/apuntesdesanluis.com\/index.php\/2024\/10\/30\/milei-acuso-a-alfonsin-de-golpista-y-se-enojo-hasta-de-loredo\/","og_locale":"es_ES","og_type":"article","og_title":"MILEI ACUS\u00d3 A ALFONS\u00cdN DE GOLPISTA Y SE ENOJ\u00d3 HASTA DE LOREDO - Apuntes de San Luis","og_description":"En un discurso de 80 minutos en la Fundaci\u00f3n Mediterr\u00e1nea, el presidente le peg\u00f3 a...","og_url":"https:\/\/apuntesdesanluis.com\/index.php\/2024\/10\/30\/milei-acuso-a-alfonsin-de-golpista-y-se-enojo-hasta-de-loredo\/","og_site_name":"Apuntes de San Luis","article_published_time":"2024-10-31T00:36:54+00:00","article_modified_time":"2024-10-31T00:45:40+00:00","og_image":[{"width":785,"height":489,"url":"https:\/\/apuntesdesanluis.com\/wp-content\/uploads\/2024\/10\/milei-alfonsin.png","type":"image\/png"}],"author":"apuntesdesanluis.com","twitter_card":"summary_large_image","twitter_misc":{"Escrito por":"apuntesdesanluis.com","Tiempo de lectura":"2 minutos"},"schema":{"@context":"https:\/\/schema.org","@graph":[{"@type":"Article","@id":"https:\/\/apuntesdesanluis.com\/index.php\/2024\/10\/30\/milei-acuso-a-alfonsin-de-golpista-y-se-enojo-hasta-de-loredo\/#article","isPartOf":{"@id":"https:\/\/apuntesdesanluis.com\/index.php\/2024\/10\/30\/milei-acuso-a-alfonsin-de-golpista-y-se-enojo-hasta-de-loredo\/"},"author":{"name":"apuntesdesanluis.com","@id":"https:\/\/apuntesdesanluis.com\/#\/schema\/person\/b55151d52296fcce64d1a72538a70b90"},"headline":"MILEI ACUS\u00d3 A ALFONS\u00cdN DE GOLPISTA Y SE ENOJ\u00d3 HASTA DE LOREDO","datePublished":"2024-10-31T00:36:54+00:00","dateModified":"2024-10-31T00:45:40+00:00","mainEntityOfPage":{"@id":"https:\/\/apuntesdesanluis.com\/index.php\/2024\/10\/30\/milei-acuso-a-alfonsin-de-golpista-y-se-enojo-hasta-de-loredo\/"},"wordCount":437,"publisher":{"@id":"https:\/\/apuntesdesanluis.com\/#\/schema\/person\/b55151d52296fcce64d1a72538a70b90"},"image":{"@id":"https:\/\/apuntesdesanluis.com\/index.php\/2024\/10\/30\/milei-acuso-a-alfonsin-de-golpista-y-se-enojo-hasta-de-loredo\/#primaryimage"},"thumbnailUrl":"https:\/\/apuntesdesanluis.com\/wp-content\/uploads\/2024\/10\/milei-alfonsin.png","articleSection":["Nacionales\/Internacionales"],"inLanguage":"es-AR"},{"@type":"WebPage","@id":"https:\/\/apuntesdesanluis.com\/index.php\/2024\/10\/30\/milei-acuso-a-alfonsin-de-golpista-y-se-enojo-hasta-de-loredo\/","url":"https:\/\/apuntesdesanluis.com\/index.php\/2024\/10\/30\/milei-acuso-a-alfonsin-de-golpista-y-se-enojo-hasta-de-loredo\/","name":"MILEI ACUS\u00d3 A ALFONS\u00cdN DE GOLPISTA Y SE ENOJ\u00d3 HASTA DE LOREDO - Apuntes de San Luis","isPartOf":{"@id":"https:\/\/apuntesdesanluis.com\/#website"},"primaryImageOfPage":{"@id":"https:\/\/apuntesdesanluis.com\/index.php\/2024\/10\/30\/milei-acuso-a-alfonsin-de-golpista-y-se-enojo-hasta-de-loredo\/#primaryimage"},"image":{"@id":"https:\/\/apuntesdesanluis.com\/index.php\/2024\/10\/30\/milei-acuso-a-alfonsin-de-golpista-y-se-enojo-hasta-de-loredo\/#primaryimage"},"thumbnailUrl":"https:\/\/apuntesdesanluis.com\/wp-content\/uploads\/2024\/10\/milei-alfonsin.png","datePublished":"2024-10-31T00:36:54+00:00","dateModified":"2024-10-31T00:45:40+00:00","breadcrumb":{"@id":"https:\/\/apuntesdesanluis.com\/index.php\/2024\/10\/30\/milei-acuso-a-alfonsin-de-golpista-y-se-enojo-hasta-de-loredo\/#breadcrumb"},"inLanguage":"es-AR","potentialAction":[{"@type":"ReadAction","target":["https:\/\/apuntesdesanluis.com\/index.php\/2024\/10\/30\/milei-acuso-a-alfonsin-de-golpista-y-se-enojo-hasta-de-loredo\/"]}]},{"@type":"ImageObject","inLanguage":"es-AR","@id":"https:\/\/apuntesdesanluis.com\/index.php\/2024\/10\/30\/milei-acuso-a-alfonsin-de-golpista-y-se-enojo-hasta-de-loredo\/#primaryimage","url":"https:\/\/apuntesdesanluis.com\/wp-content\/uploads\/2024\/10\/milei-alfonsin.png","contentUrl":"https:\/\/apuntesdesanluis.com\/wp-content\/uploads\/2024\/10\/milei-alfonsin.png","width":785,"height":489},{"@type":"BreadcrumbList","@id":"https:\/\/apuntesdesanluis.com\/index.php\/2024\/10\/30\/milei-acuso-a-alfonsin-de-golpista-y-se-enojo-hasta-de-loredo\/#breadcrumb","itemListElement":[{"@type":"ListItem","position":1,"name":"Inicio","item":"https:\/\/apuntesdesanluis.com\/"},{"@type":"ListItem","position":2,"name":"MILEI ACUS\u00d3 A ALFONS\u00cdN DE GOLPISTA Y SE ENOJ\u00d3 HASTA DE LOREDO"}]},{"@type":"WebSite","@id":"https:\/\/apuntesdesanluis.com\/#website","url":"https:\/\/apuntesdesanluis.com\/","name":"Apuntes de San Luis","description":"","publisher":{"@id":"https:\/\/apuntesdesanluis.com\/#\/schema\/person\/b55151d52296fcce64d1a72538a70b90"},"potentialAction":[{"@type":"SearchAction","target":{"@type":"EntryPoint","urlTemplate":"https:\/\/apuntesdesanluis.com\/?s={search_term_string}"},"query-input":{"@type":"PropertyValueSpecification","valueRequired":true,"valueName":"search_term_string"}}],"inLanguage":"es-AR"},{"@type":["Person","Organization"],"@id":"https:\/\/apuntesdesanluis.com\/#\/schema\/person\/b55151d52296fcce64d1a72538a70b90","name":"apuntesdesanluis.com","image":{"@type":"ImageObject","inLanguage":"es-AR","@id":"https:\/\/apuntesdesanluis.com\/#\/schema\/person\/image\/","url":"https:\/\/apuntesdesanluis.com\/wp-content\/uploads\/2023\/07\/cropped-apuntesdesanluis.png","contentUrl":"https:\/\/apuntesdesanluis.com\/wp-content\/uploads\/2023\/07\/cropped-apuntesdesanluis.png","width":450,"height":112,"caption":"apuntesdesanluis.com"},"logo":{"@id":"https:\/\/apuntesdesanluis.com\/#\/schema\/person\/image\/"},"sameAs":["https:\/\/apuntesdesanluis.com"],"url":"https:\/\/apuntesdesanluis.com\/index.php\/author\/apuntesdesanluis-com\/"}]}},"featured_image_urls":{"full":["https:\/\/apuntesdesanluis.com\/wp-content\/uploads\/2024\/10\/milei-alfonsin.png",785,489,false],"thumbnail":["https:\/\/apuntesdesanluis.com\/wp-content\/uploads\/2024\/10\/milei-alfonsin-150x150.png",150,150,true],"medium":["https:\/\/apuntesdesanluis.com\/wp-content\/uploads\/2024\/10\/milei-alfonsin-300x187.png",300,187,true],"medium_large":["https:\/\/apuntesdesanluis.com\/wp-content\/uploads\/2024\/10\/milei-alfonsin-768x478.png",640,398,true],"large":["https:\/\/apuntesdesanluis.com\/wp-content\/uploads\/2024\/10\/milei-alfonsin.png",640,399,false],"1536x1536":["https:\/\/apuntesdesanluis.com\/wp-content\/uploads\/2024\/10\/milei-alfonsin.png",785,489,false],"2048x2048":["https:\/\/apuntesdesanluis.com\/wp-content\/uploads\/2024\/10\/milei-alfonsin.png",785,489,false],"newsever-slider-full":["https:\/\/apuntesdesanluis.com\/wp-content\/uploads\/2024\/10\/milei-alfonsin.png",785,489,false],"newsever-featured":["https:\/\/apuntesdesanluis.com\/wp-content\/uploads\/2024\/10\/milei-alfonsin.png",785,489,false],"newsever-medium":["https:\/\/apuntesdesanluis.com\/wp-content\/uploads\/2024\/10\/milei-alfonsin-720x475.png",720,475,true]},"author_info":{"display_name":"apuntesdesanluis.com","author_link":"https:\/\/apuntesdesanluis.com\/index.php\/author\/apuntesdesanluis-com\/"},"category_info":"<a href=\"https:\/\/apuntesdesanluis.com\/index.php\/category\/nacionales-internacionales\/\" rel=\"category tag\">Nacionales\/Internacionales<\/a>","tag_info":"Nacionales\/Internacionales","comment_count":"0","_links":{"self":[{"href":"https:\/\/apuntesdesanluis.com\/index.php\/wp-json\/wp\/v2\/posts\/24600","targetHints":{"allow":["GET"]}}],"collection":[{"href":"https:\/\/apuntesdesanluis.com\/index.php\/wp-json\/wp\/v2\/posts"}],"about":[{"href":"https:\/\/apuntesdesanluis.com\/index.php\/wp-json\/wp\/v2\/types\/post"}],"author":[{"embeddable":true,"href":"https:\/\/apuntesdesanluis.com\/index.php\/wp-json\/wp\/v2\/users\/1"}],"replies":[{"embeddable":true,"href":"https:\/\/apuntesdesanluis.com\/index.php\/wp-json\/wp\/v2\/comments?post=24600"}],"version-history":[{"count":2,"href":"https:\/\/apuntesdesanluis.com\/index.php\/wp-json\/wp\/v2\/posts\/24600\/revisions"}],"predecessor-version":[{"id":24603,"href":"https:\/\/apuntesdesanluis.com\/index.php\/wp-json\/wp\/v2\/posts\/24600\/revisions\/24603"}],"wp:featuredmedia":[{"embeddable":true,"href":"https:\/\/apuntesdesanluis.com\/index.php\/wp-json\/wp\/v2\/media\/24601"}],"wp:attachment":[{"href":"https:\/\/apuntesdesanluis.com\/index.php\/wp-json\/wp\/v2\/media?parent=24600"}],"wp:term":[{"taxonomy":"category","embeddable":true,"href":"https:\/\/apuntesdesanluis.com\/index.php\/wp-json\/wp\/v2\/categories?post=24600"},{"taxonomy":"post_tag","embeddable":true,"href":"https:\/\/apuntesdesanluis.com\/index.php\/wp-json\/wp\/v2\/tags?post=24600"}],"curies":[{"name":"wp","href":"https:\/\/api.w.org\/{rel}","templated":true}]}}