{"id":24604,"date":"2024-10-30T22:03:33","date_gmt":"2024-10-31T01:03:33","guid":{"rendered":"https:\/\/apuntesdesanluis.com\/?p=24604"},"modified":"2024-10-30T22:03:33","modified_gmt":"2024-10-31T01:03:33","slug":"javier-milei-echo-a-diana-mondino-del-gobierno-por-votar-a-favor-de-cuba-en-una-asamblea-de-la-onu","status":"publish","type":"post","link":"https:\/\/apuntesdesanluis.com\/index.php\/2024\/10\/30\/javier-milei-echo-a-diana-mondino-del-gobierno-por-votar-a-favor-de-cuba-en-una-asamblea-de-la-onu\/","title":{"rendered":"JAVIER MILEI ECH\u00d3 A DIANA MONDINO DEL GOBIERNO POR VOTAR A FAVOR DE CUBA EN UNA ASAMBLEA DE LA ONU"},"content":{"rendered":"<h3>Fue en una sesi\u00f3n en la que se debati\u00f3 levantar el embargo de Estados Unidos a la dictadura que conduce Miguel D\u00edaz-Canel. Argentina vot\u00f3 en contra de EEUU e Israel, los dos principales aliados de la Casa Rosada<\/h3>\n<h3>Seg\u00fan confirm\u00f3 el vocero presidencial Manuel Adorni, el reemplazante ser\u00e1 <strong>Gerardo Werthein <\/strong>(foto), quien ocupaba el cargo de embajador en EEUU.<\/h3>\n<p><img fetchpriority=\"high\" decoding=\"async\" class=\"wp-image-24605 aligncenter\" src=\"https:\/\/apuntesdesanluis.com\/wp-content\/uploads\/2024\/10\/gerardo-wethein-300x245.png\" alt=\"\" width=\"653\" height=\"533\" srcset=\"https:\/\/apuntesdesanluis.com\/wp-content\/uploads\/2024\/10\/gerardo-wethein-300x245.png 300w, https:\/\/apuntesdesanluis.com\/wp-content\/uploads\/2024\/10\/gerardo-wethein.png 594w\" sizes=\"(max-width: 653px) 100vw, 653px\" \/><\/p>\n<h3>La resoluci\u00f3n no es vinculante, pero subraya el amplio rechazo internacional hacia la pol\u00edtica de EE.UU.<\/h3>\n<h3>Lo esencial: Argentina se uni\u00f3 a los 187 pa\u00edses que, en la Asamblea General de la ONU, votaron a favor de una resoluci\u00f3n que pide el fin del embargo de Estados Unidos a Cuba.<\/h3>\n<h3>La delegaci\u00f3n argentina se sum\u00f3 al apoyo casi un\u00e1nime a la isla, en contraste con los votos en contra de EE.UU. e Israel y la abstenci\u00f3n de Moldavia. La resoluci\u00f3n, que no es de cumplimiento obligatorio, critica el impacto \u201cinhumano\u201d de las sanciones y apela al respeto por la soberan\u00eda y el derecho a un desarrollo econ\u00f3mico independiente.<\/h3>\n<h3>El embargo fue denunciado por limitar seriamente el acceso de Cuba a alimentos, medicinas y energ\u00eda. Por esta postura diplom\u00e1tica, Javier Milei decidi\u00f3 echar a Diana Mondino del Ministerio de Relaciones Exteriores.<\/h3>\n<h3>Es la primera vez desde la llegada de Milei a la Casa Rosada que Argentina no se alinea con el gobierno norteamericano ni con la administraci\u00f3n israel\u00ed.<\/h3>\n<h3>De todos modos, la de este mi\u00e9rcoles fue la 32\u00b0 oportunidad en\u00a0que la representaci\u00f3n argentina en la ONU vota de esa manera.<\/h3>\n<h3><strong>ANTECEDENTES EN LA INTERNA<\/strong><\/h3>\n<h3>En las \u00faltimas semanas, Mondino tuvo dos bajas importantes: el vicecanciller <strong>Leopoldo Sahores<\/strong>, y el embajador en la ONU, <strong>Ricardo Lagorio<\/strong>, dos pesos pesados de la diplomacia, de extensas trayectorias, renunciaron.<\/h3>\n<h3>El primero ven\u00eda resistiendo como secretario de Relaciones Exteriores a pesar de ser uno de los apuntados por la alta dirigencia libertaria, en su lucha por imprimirle un sello propio a la pol\u00edtica internacional del Gobierno. Lo reemplaz\u00f3 Eduardo Bustamante, quien hasta ahora era c\u00f3nsul en Montevideo. El segundo protagoniz\u00f3 un fuerte cortocircuito con la Casa Rosada en la \u00faltima Asamblea General de Naciones Unidas. En su lugar asumi\u00f3 Francisco Tropepi, otro diplom\u00e1tico de prestigio, quien secundaba en Washington al embajador argentino Werthein.<\/h3>\n<h3>Para sumar conflictividad, hace unos d\u00edas Mondino volvi\u00f3 a estar en el foco de la tormenta cuando apareci\u00f3 en un comunicado oficial el nombre \u201cFalklands\u201d para referirse a las Malvinas. Mondino se hab\u00eda reunido con Gilles Carbonier, vicepresidente del Comit\u00e9 Internacional de la Cruz Roja (CICR), para tratar la reanudaci\u00f3n de las negociaciones del Tercer Plan del Proyecto Humanitario, orientado a la identificaci\u00f3n de los combatientes argentinos ca\u00eddos en la Guerra de Malvinas.<\/h3>\n<h3><strong>PERFIL DEL NUEVO CANCILLER<\/strong><\/h3>\n<h3><strong>Gerardo Werthein<\/strong> es presidente honorario del Comit\u00e9 Ol\u00edmpico Argentino (COA) y hab\u00eda logrado la aprobaci\u00f3n de su pliego en la C\u00e1mara alta el pasado 18 de abril, aunque ya hab\u00eda oficiado como representante argentino en Washington durante el primer viaje de Milei al pa\u00eds norteamericano.<\/h3>\n<h3>Se trata de un veterinario y empresario con negocios en medios de comunicaci\u00f3n, agricultura, energ\u00eda, telecomunicaciones, sector inmobiliario, industria alimenticia y la salud. Es tambi\u00e9n miembro del Comit\u00e9 Ol\u00edmpico Internacional (COI) y Olympic Broadcasting Services (OBS).<\/h3>\n<h3>El flamante canciller designado por el mandatario tiene un estrecho lazo con el establishment norteamericano. Acompa\u00f1\u00f3 a Milei en su primera gira como jefe de Estado electo, en noviembre pasado, cuando visit\u00f3 Nueva York.<\/h3>\n<h3>All\u00ed, visitaron juntos la tumba del reconocido rabino Menachem Mendel Schneerson, tambi\u00e9n conocido como el \u201cRebe\u201d; se trata del s\u00e9ptimo y \u00faltimo Rebe de Jabad Lubavitch, una rama del juda\u00edsmo jas\u00eddico.<\/h3>\n<h3>A la salida de ese encuentro, el \u00fanico que tom\u00f3 la palabra fue\u00a0Werthein, quien expres\u00f3\u00a0que se trat\u00f3\u00a0&#8220;un momento de mucho emoci\u00f3n&#8221;. Tambi\u00e9n le organiz\u00f3 a Milei en ese paso por la Gran Manzana encuentros con l\u00edderes pol\u00edticos y econ\u00f3micos.<\/h3>\n<h3>Entre ellos, Bill Clinton,\u00a0ex presidente de los Estados Unidos, en el famoso Hotel Plaza, a metros del ic\u00f3nico Central Park.<\/h3>\n<p>&nbsp;<\/p>\n<p>&nbsp;<\/p>\n<p>&nbsp;<\/p>\n<p>&nbsp;<\/p>\n<p>&nbsp;<\/p>\n<p>&nbsp;<\/p>\n<p>&nbsp;<\/p>\n<p>&nbsp;<\/p>\n<p>&nbsp;<\/p>\n","protected":false},"excerpt":{"rendered":"<p>Fue en una sesi\u00f3n en la que se debati\u00f3 levantar el embargo de Estados Unidos&#8230;<\/p>\n","protected":false},"author":1,"featured_media":24606,"comment_status":"closed","ping_status":"closed","sticky":false,"template":"","format":"standard","meta":{"footnotes":""},"categories":[5],"tags":[],"class_list":["post-24604","post","type-post","status-publish","format-standard","has-post-thumbnail","hentry","category-nacionales-internacionales"],"yoast_head":"<!-- This site is optimized with the Yoast SEO plugin v26.1.1 - https:\/\/yoast.com\/wordpress\/plugins\/seo\/ -->\n<title>JAVIER MILEI ECH\u00d3 A DIANA MONDINO DEL GOBIERNO POR VOTAR A FAVOR DE CUBA EN UNA ASAMBLEA DE LA ONU - Apuntes de San Luis<\/title>\n<meta name=\"robots\" content=\"index, follow, max-snippet:-1, max-image-preview:large, max-video-preview:-1\" \/>\n<link rel=\"canonical\" href=\"https:\/\/apuntesdesanluis.com\/index.php\/2024\/10\/30\/javier-milei-echo-a-diana-mondino-del-gobierno-por-votar-a-favor-de-cuba-en-una-asamblea-de-la-onu\/\" \/>\n<meta property=\"og:locale\" content=\"es_ES\" \/>\n<meta property=\"og:type\" content=\"article\" \/>\n<meta property=\"og:title\" content=\"JAVIER MILEI ECH\u00d3 A DIANA MONDINO DEL GOBIERNO POR VOTAR A FAVOR DE CUBA EN UNA ASAMBLEA DE LA ONU - Apuntes de San Luis\" \/>\n<meta property=\"og:description\" content=\"Fue en una sesi\u00f3n en la que se debati\u00f3 levantar el embargo de Estados Unidos...\" \/>\n<meta property=\"og:url\" content=\"https:\/\/apuntesdesanluis.com\/index.php\/2024\/10\/30\/javier-milei-echo-a-diana-mondino-del-gobierno-por-votar-a-favor-de-cuba-en-una-asamblea-de-la-onu\/\" \/>\n<meta property=\"og:site_name\" content=\"Apuntes de San Luis\" \/>\n<meta property=\"article:published_time\" content=\"2024-10-31T01:03:33+00:00\" \/>\n<meta property=\"og:image\" content=\"https:\/\/apuntesdesanluis.com\/wp-content\/uploads\/2024\/10\/diana-mondino.png\" \/>\n\t<meta property=\"og:image:width\" content=\"818\" \/>\n\t<meta property=\"og:image:height\" content=\"550\" \/>\n\t<meta property=\"og:image:type\" content=\"image\/png\" \/>\n<meta name=\"author\" content=\"apuntesdesanluis.com\" \/>\n<meta name=\"twitter:card\" content=\"summary_large_image\" \/>\n<meta name=\"twitter:label1\" content=\"Escrito por\" \/>\n\t<meta name=\"twitter:data1\" content=\"apuntesdesanluis.com\" \/>\n\t<meta name=\"twitter:label2\" content=\"Tiempo de lectura\" \/>\n\t<meta name=\"twitter:data2\" content=\"4 minutos\" \/>\n<script type=\"application\/ld+json\" class=\"yoast-schema-graph\">{\"@context\":\"https:\/\/schema.org\",\"@graph\":[{\"@type\":\"Article\",\"@id\":\"https:\/\/apuntesdesanluis.com\/index.php\/2024\/10\/30\/javier-milei-echo-a-diana-mondino-del-gobierno-por-votar-a-favor-de-cuba-en-una-asamblea-de-la-onu\/#article\",\"isPartOf\":{\"@id\":\"https:\/\/apuntesdesanluis.com\/index.php\/2024\/10\/30\/javier-milei-echo-a-diana-mondino-del-gobierno-por-votar-a-favor-de-cuba-en-una-asamblea-de-la-onu\/\"},\"author\":{\"name\":\"apuntesdesanluis.com\",\"@id\":\"https:\/\/apuntesdesanluis.com\/#\/schema\/person\/b55151d52296fcce64d1a72538a70b90\"},\"headline\":\"JAVIER MILEI ECH\u00d3 A DIANA MONDINO DEL GOBIERNO POR VOTAR A FAVOR DE CUBA EN UNA ASAMBLEA DE LA ONU\",\"datePublished\":\"2024-10-31T01:03:33+00:00\",\"mainEntityOfPage\":{\"@id\":\"https:\/\/apuntesdesanluis.com\/index.php\/2024\/10\/30\/javier-milei-echo-a-diana-mondino-del-gobierno-por-votar-a-favor-de-cuba-en-una-asamblea-de-la-onu\/\"},\"wordCount\":728,\"publisher\":{\"@id\":\"https:\/\/apuntesdesanluis.com\/#\/schema\/person\/b55151d52296fcce64d1a72538a70b90\"},\"image\":{\"@id\":\"https:\/\/apuntesdesanluis.com\/index.php\/2024\/10\/30\/javier-milei-echo-a-diana-mondino-del-gobierno-por-votar-a-favor-de-cuba-en-una-asamblea-de-la-onu\/#primaryimage\"},\"thumbnailUrl\":\"https:\/\/apuntesdesanluis.com\/wp-content\/uploads\/2024\/10\/diana-mondino.png\",\"articleSection\":[\"Nacionales\/Internacionales\"],\"inLanguage\":\"es-AR\"},{\"@type\":\"WebPage\",\"@id\":\"https:\/\/apuntesdesanluis.com\/index.php\/2024\/10\/30\/javier-milei-echo-a-diana-mondino-del-gobierno-por-votar-a-favor-de-cuba-en-una-asamblea-de-la-onu\/\",\"url\":\"https:\/\/apuntesdesanluis.com\/index.php\/2024\/10\/30\/javier-milei-echo-a-diana-mondino-del-gobierno-por-votar-a-favor-de-cuba-en-una-asamblea-de-la-onu\/\",\"name\":\"JAVIER MILEI ECH\u00d3 A DIANA MONDINO DEL GOBIERNO POR VOTAR A FAVOR DE CUBA EN UNA ASAMBLEA DE LA ONU - Apuntes de San Luis\",\"isPartOf\":{\"@id\":\"https:\/\/apuntesdesanluis.com\/#website\"},\"primaryImageOfPage\":{\"@id\":\"https:\/\/apuntesdesanluis.com\/index.php\/2024\/10\/30\/javier-milei-echo-a-diana-mondino-del-gobierno-por-votar-a-favor-de-cuba-en-una-asamblea-de-la-onu\/#primaryimage\"},\"image\":{\"@id\":\"https:\/\/apuntesdesanluis.com\/index.php\/2024\/10\/30\/javier-milei-echo-a-diana-mondino-del-gobierno-por-votar-a-favor-de-cuba-en-una-asamblea-de-la-onu\/#primaryimage\"},\"thumbnailUrl\":\"https:\/\/apuntesdesanluis.com\/wp-content\/uploads\/2024\/10\/diana-mondino.png\",\"datePublished\":\"2024-10-31T01:03:33+00:00\",\"breadcrumb\":{\"@id\":\"https:\/\/apuntesdesanluis.com\/index.php\/2024\/10\/30\/javier-milei-echo-a-diana-mondino-del-gobierno-por-votar-a-favor-de-cuba-en-una-asamblea-de-la-onu\/#breadcrumb\"},\"inLanguage\":\"es-AR\",\"potentialAction\":[{\"@type\":\"ReadAction\",\"target\":[\"https:\/\/apuntesdesanluis.com\/index.php\/2024\/10\/30\/javier-milei-echo-a-diana-mondino-del-gobierno-por-votar-a-favor-de-cuba-en-una-asamblea-de-la-onu\/\"]}]},{\"@type\":\"ImageObject\",\"inLanguage\":\"es-AR\",\"@id\":\"https:\/\/apuntesdesanluis.com\/index.php\/2024\/10\/30\/javier-milei-echo-a-diana-mondino-del-gobierno-por-votar-a-favor-de-cuba-en-una-asamblea-de-la-onu\/#primaryimage\",\"url\":\"https:\/\/apuntesdesanluis.com\/wp-content\/uploads\/2024\/10\/diana-mondino.png\",\"contentUrl\":\"https:\/\/apuntesdesanluis.com\/wp-content\/uploads\/2024\/10\/diana-mondino.png\",\"width\":818,\"height\":550},{\"@type\":\"BreadcrumbList\",\"@id\":\"https:\/\/apuntesdesanluis.com\/index.php\/2024\/10\/30\/javier-milei-echo-a-diana-mondino-del-gobierno-por-votar-a-favor-de-cuba-en-una-asamblea-de-la-onu\/#breadcrumb\",\"itemListElement\":[{\"@type\":\"ListItem\",\"position\":1,\"name\":\"Inicio\",\"item\":\"https:\/\/apuntesdesanluis.com\/\"},{\"@type\":\"ListItem\",\"position\":2,\"name\":\"JAVIER MILEI ECH\u00d3 A DIANA MONDINO DEL GOBIERNO POR VOTAR A FAVOR DE CUBA EN UNA ASAMBLEA DE LA ONU\"}]},{\"@type\":\"WebSite\",\"@id\":\"https:\/\/apuntesdesanluis.com\/#website\",\"url\":\"https:\/\/apuntesdesanluis.com\/\",\"name\":\"Apuntes de San Luis\",\"description\":\"\",\"publisher\":{\"@id\":\"https:\/\/apuntesdesanluis.com\/#\/schema\/person\/b55151d52296fcce64d1a72538a70b90\"},\"potentialAction\":[{\"@type\":\"SearchAction\",\"target\":{\"@type\":\"EntryPoint\",\"urlTemplate\":\"https:\/\/apuntesdesanluis.com\/?s={search_term_string}\"},\"query-input\":{\"@type\":\"PropertyValueSpecification\",\"valueRequired\":true,\"valueName\":\"search_term_string\"}}],\"inLanguage\":\"es-AR\"},{\"@type\":[\"Person\",\"Organization\"],\"@id\":\"https:\/\/apuntesdesanluis.com\/#\/schema\/person\/b55151d52296fcce64d1a72538a70b90\",\"name\":\"apuntesdesanluis.com\",\"image\":{\"@type\":\"ImageObject\",\"inLanguage\":\"es-AR\",\"@id\":\"https:\/\/apuntesdesanluis.com\/#\/schema\/person\/image\/\",\"url\":\"https:\/\/apuntesdesanluis.com\/wp-content\/uploads\/2023\/07\/cropped-apuntesdesanluis.png\",\"contentUrl\":\"https:\/\/apuntesdesanluis.com\/wp-content\/uploads\/2023\/07\/cropped-apuntesdesanluis.png\",\"width\":450,\"height\":112,\"caption\":\"apuntesdesanluis.com\"},\"logo\":{\"@id\":\"https:\/\/apuntesdesanluis.com\/#\/schema\/person\/image\/\"},\"sameAs\":[\"https:\/\/apuntesdesanluis.com\"],\"url\":\"https:\/\/apuntesdesanluis.com\/index.php\/author\/apuntesdesanluis-com\/\"}]}<\/script>\n<!-- \/ Yoast SEO plugin. -->","yoast_head_json":{"title":"JAVIER MILEI ECH\u00d3 A DIANA MONDINO DEL GOBIERNO POR VOTAR A FAVOR DE CUBA EN UNA ASAMBLEA DE LA ONU - Apuntes de San Luis","robots":{"index":"index","follow":"follow","max-snippet":"max-snippet:-1","max-image-preview":"max-image-preview:large","max-video-preview":"max-video-preview:-1"},"canonical":"https:\/\/apuntesdesanluis.com\/index.php\/2024\/10\/30\/javier-milei-echo-a-diana-mondino-del-gobierno-por-votar-a-favor-de-cuba-en-una-asamblea-de-la-onu\/","og_locale":"es_ES","og_type":"article","og_title":"JAVIER MILEI ECH\u00d3 A DIANA MONDINO DEL GOBIERNO POR VOTAR A FAVOR DE CUBA EN UNA ASAMBLEA DE LA ONU - Apuntes de San Luis","og_description":"Fue en una sesi\u00f3n en la que se debati\u00f3 levantar el embargo de Estados Unidos...","og_url":"https:\/\/apuntesdesanluis.com\/index.php\/2024\/10\/30\/javier-milei-echo-a-diana-mondino-del-gobierno-por-votar-a-favor-de-cuba-en-una-asamblea-de-la-onu\/","og_site_name":"Apuntes de San Luis","article_published_time":"2024-10-31T01:03:33+00:00","og_image":[{"width":818,"height":550,"url":"https:\/\/apuntesdesanluis.com\/wp-content\/uploads\/2024\/10\/diana-mondino.png","type":"image\/png"}],"author":"apuntesdesanluis.com","twitter_card":"summary_large_image","twitter_misc":{"Escrito por":"apuntesdesanluis.com","Tiempo de lectura":"4 minutos"},"schema":{"@context":"https:\/\/schema.org","@graph":[{"@type":"Article","@id":"https:\/\/apuntesdesanluis.com\/index.php\/2024\/10\/30\/javier-milei-echo-a-diana-mondino-del-gobierno-por-votar-a-favor-de-cuba-en-una-asamblea-de-la-onu\/#article","isPartOf":{"@id":"https:\/\/apuntesdesanluis.com\/index.php\/2024\/10\/30\/javier-milei-echo-a-diana-mondino-del-gobierno-por-votar-a-favor-de-cuba-en-una-asamblea-de-la-onu\/"},"author":{"name":"apuntesdesanluis.com","@id":"https:\/\/apuntesdesanluis.com\/#\/schema\/person\/b55151d52296fcce64d1a72538a70b90"},"headline":"JAVIER MILEI ECH\u00d3 A DIANA MONDINO DEL GOBIERNO POR VOTAR A FAVOR DE CUBA EN UNA ASAMBLEA DE LA ONU","datePublished":"2024-10-31T01:03:33+00:00","mainEntityOfPage":{"@id":"https:\/\/apuntesdesanluis.com\/index.php\/2024\/10\/30\/javier-milei-echo-a-diana-mondino-del-gobierno-por-votar-a-favor-de-cuba-en-una-asamblea-de-la-onu\/"},"wordCount":728,"publisher":{"@id":"https:\/\/apuntesdesanluis.com\/#\/schema\/person\/b55151d52296fcce64d1a72538a70b90"},"image":{"@id":"https:\/\/apuntesdesanluis.com\/index.php\/2024\/10\/30\/javier-milei-echo-a-diana-mondino-del-gobierno-por-votar-a-favor-de-cuba-en-una-asamblea-de-la-onu\/#primaryimage"},"thumbnailUrl":"https:\/\/apuntesdesanluis.com\/wp-content\/uploads\/2024\/10\/diana-mondino.png","articleSection":["Nacionales\/Internacionales"],"inLanguage":"es-AR"},{"@type":"WebPage","@id":"https:\/\/apuntesdesanluis.com\/index.php\/2024\/10\/30\/javier-milei-echo-a-diana-mondino-del-gobierno-por-votar-a-favor-de-cuba-en-una-asamblea-de-la-onu\/","url":"https:\/\/apuntesdesanluis.com\/index.php\/2024\/10\/30\/javier-milei-echo-a-diana-mondino-del-gobierno-por-votar-a-favor-de-cuba-en-una-asamblea-de-la-onu\/","name":"JAVIER MILEI ECH\u00d3 A DIANA MONDINO DEL GOBIERNO POR VOTAR A FAVOR DE CUBA EN UNA ASAMBLEA DE LA ONU - Apuntes de San Luis","isPartOf":{"@id":"https:\/\/apuntesdesanluis.com\/#website"},"primaryImageOfPage":{"@id":"https:\/\/apuntesdesanluis.com\/index.php\/2024\/10\/30\/javier-milei-echo-a-diana-mondino-del-gobierno-por-votar-a-favor-de-cuba-en-una-asamblea-de-la-onu\/#primaryimage"},"image":{"@id":"https:\/\/apuntesdesanluis.com\/index.php\/2024\/10\/30\/javier-milei-echo-a-diana-mondino-del-gobierno-por-votar-a-favor-de-cuba-en-una-asamblea-de-la-onu\/#primaryimage"},"thumbnailUrl":"https:\/\/apuntesdesanluis.com\/wp-content\/uploads\/2024\/10\/diana-mondino.png","datePublished":"2024-10-31T01:03:33+00:00","breadcrumb":{"@id":"https:\/\/apuntesdesanluis.com\/index.php\/2024\/10\/30\/javier-milei-echo-a-diana-mondino-del-gobierno-por-votar-a-favor-de-cuba-en-una-asamblea-de-la-onu\/#breadcrumb"},"inLanguage":"es-AR","potentialAction":[{"@type":"ReadAction","target":["https:\/\/apuntesdesanluis.com\/index.php\/2024\/10\/30\/javier-milei-echo-a-diana-mondino-del-gobierno-por-votar-a-favor-de-cuba-en-una-asamblea-de-la-onu\/"]}]},{"@type":"ImageObject","inLanguage":"es-AR","@id":"https:\/\/apuntesdesanluis.com\/index.php\/2024\/10\/30\/javier-milei-echo-a-diana-mondino-del-gobierno-por-votar-a-favor-de-cuba-en-una-asamblea-de-la-onu\/#primaryimage","url":"https:\/\/apuntesdesanluis.com\/wp-content\/uploads\/2024\/10\/diana-mondino.png","contentUrl":"https:\/\/apuntesdesanluis.com\/wp-content\/uploads\/2024\/10\/diana-mondino.png","width":818,"height":550},{"@type":"BreadcrumbList","@id":"https:\/\/apuntesdesanluis.com\/index.php\/2024\/10\/30\/javier-milei-echo-a-diana-mondino-del-gobierno-por-votar-a-favor-de-cuba-en-una-asamblea-de-la-onu\/#breadcrumb","itemListElement":[{"@type":"ListItem","position":1,"name":"Inicio","item":"https:\/\/apuntesdesanluis.com\/"},{"@type":"ListItem","position":2,"name":"JAVIER MILEI ECH\u00d3 A DIANA MONDINO DEL GOBIERNO POR VOTAR A FAVOR DE CUBA EN UNA ASAMBLEA DE LA ONU"}]},{"@type":"WebSite","@id":"https:\/\/apuntesdesanluis.com\/#website","url":"https:\/\/apuntesdesanluis.com\/","name":"Apuntes de San Luis","description":"","publisher":{"@id":"https:\/\/apuntesdesanluis.com\/#\/schema\/person\/b55151d52296fcce64d1a72538a70b90"},"potentialAction":[{"@type":"SearchAction","target":{"@type":"EntryPoint","urlTemplate":"https:\/\/apuntesdesanluis.com\/?s={search_term_string}"},"query-input":{"@type":"PropertyValueSpecification","valueRequired":true,"valueName":"search_term_string"}}],"inLanguage":"es-AR"},{"@type":["Person","Organization"],"@id":"https:\/\/apuntesdesanluis.com\/#\/schema\/person\/b55151d52296fcce64d1a72538a70b90","name":"apuntesdesanluis.com","image":{"@type":"ImageObject","inLanguage":"es-AR","@id":"https:\/\/apuntesdesanluis.com\/#\/schema\/person\/image\/","url":"https:\/\/apuntesdesanluis.com\/wp-content\/uploads\/2023\/07\/cropped-apuntesdesanluis.png","contentUrl":"https:\/\/apuntesdesanluis.com\/wp-content\/uploads\/2023\/07\/cropped-apuntesdesanluis.png","width":450,"height":112,"caption":"apuntesdesanluis.com"},"logo":{"@id":"https:\/\/apuntesdesanluis.com\/#\/schema\/person\/image\/"},"sameAs":["https:\/\/apuntesdesanluis.com"],"url":"https:\/\/apuntesdesanluis.com\/index.php\/author\/apuntesdesanluis-com\/"}]}},"featured_image_urls":{"full":["https:\/\/apuntesdesanluis.com\/wp-content\/uploads\/2024\/10\/diana-mondino.png",818,550,false],"thumbnail":["https:\/\/apuntesdesanluis.com\/wp-content\/uploads\/2024\/10\/diana-mondino-150x150.png",150,150,true],"medium":["https:\/\/apuntesdesanluis.com\/wp-content\/uploads\/2024\/10\/diana-mondino-300x202.png",300,202,true],"medium_large":["https:\/\/apuntesdesanluis.com\/wp-content\/uploads\/2024\/10\/diana-mondino-768x516.png",640,430,true],"large":["https:\/\/apuntesdesanluis.com\/wp-content\/uploads\/2024\/10\/diana-mondino.png",640,430,false],"1536x1536":["https:\/\/apuntesdesanluis.com\/wp-content\/uploads\/2024\/10\/diana-mondino.png",818,550,false],"2048x2048":["https:\/\/apuntesdesanluis.com\/wp-content\/uploads\/2024\/10\/diana-mondino.png",818,550,false],"newsever-slider-full":["https:\/\/apuntesdesanluis.com\/wp-content\/uploads\/2024\/10\/diana-mondino.png",818,550,false],"newsever-featured":["https:\/\/apuntesdesanluis.com\/wp-content\/uploads\/2024\/10\/diana-mondino.png",818,550,false],"newsever-medium":["https:\/\/apuntesdesanluis.com\/wp-content\/uploads\/2024\/10\/diana-mondino-720x475.png",720,475,true]},"author_info":{"display_name":"apuntesdesanluis.com","author_link":"https:\/\/apuntesdesanluis.com\/index.php\/author\/apuntesdesanluis-com\/"},"category_info":"<a href=\"https:\/\/apuntesdesanluis.com\/index.php\/category\/nacionales-internacionales\/\" rel=\"category tag\">Nacionales\/Internacionales<\/a>","tag_info":"Nacionales\/Internacionales","comment_count":"0","_links":{"self":[{"href":"https:\/\/apuntesdesanluis.com\/index.php\/wp-json\/wp\/v2\/posts\/24604","targetHints":{"allow":["GET"]}}],"collection":[{"href":"https:\/\/apuntesdesanluis.com\/index.php\/wp-json\/wp\/v2\/posts"}],"about":[{"href":"https:\/\/apuntesdesanluis.com\/index.php\/wp-json\/wp\/v2\/types\/post"}],"author":[{"embeddable":true,"href":"https:\/\/apuntesdesanluis.com\/index.php\/wp-json\/wp\/v2\/users\/1"}],"replies":[{"embeddable":true,"href":"https:\/\/apuntesdesanluis.com\/index.php\/wp-json\/wp\/v2\/comments?post=24604"}],"version-history":[{"count":1,"href":"https:\/\/apuntesdesanluis.com\/index.php\/wp-json\/wp\/v2\/posts\/24604\/revisions"}],"predecessor-version":[{"id":24607,"href":"https:\/\/apuntesdesanluis.com\/index.php\/wp-json\/wp\/v2\/posts\/24604\/revisions\/24607"}],"wp:featuredmedia":[{"embeddable":true,"href":"https:\/\/apuntesdesanluis.com\/index.php\/wp-json\/wp\/v2\/media\/24606"}],"wp:attachment":[{"href":"https:\/\/apuntesdesanluis.com\/index.php\/wp-json\/wp\/v2\/media?parent=24604"}],"wp:term":[{"taxonomy":"category","embeddable":true,"href":"https:\/\/apuntesdesanluis.com\/index.php\/wp-json\/wp\/v2\/categories?post=24604"},{"taxonomy":"post_tag","embeddable":true,"href":"https:\/\/apuntesdesanluis.com\/index.php\/wp-json\/wp\/v2\/tags?post=24604"}],"curies":[{"name":"wp","href":"https:\/\/api.w.org\/{rel}","templated":true}]}}