{"id":24611,"date":"2024-10-30T12:31:04","date_gmt":"2024-10-30T15:31:04","guid":{"rendered":"https:\/\/apuntesdesanluis.com\/?p=24611"},"modified":"2024-10-30T22:34:00","modified_gmt":"2024-10-31T01:34:00","slug":"renuncio-una-subsecretaria-tras-conocerse-que-compro-una-cafetera-en-2-millones-de-pesos","status":"publish","type":"post","link":"https:\/\/apuntesdesanluis.com\/index.php\/2024\/10\/30\/renuncio-una-subsecretaria-tras-conocerse-que-compro-una-cafetera-en-2-millones-de-pesos\/","title":{"rendered":"RENUNCI\u00d3 UNA SUBSECRETARIA TRAS CONOCERSE QUE COMPR\u00d3 UNA CAFETERA EN 2 MILLONES DE PESOS"},"content":{"rendered":"<h3>La subsecretaria de Gesti\u00f3n Administrativa de la Secretar\u00eda de Ni\u00f1ez y Familia que depende del ministerio de Capital Humano, <strong>Constanza Cassino<\/strong>, present\u00f3 esta ma\u00f1ana la renuncia a su cargo, luego del pedido que le hiciera la titular de esa cartera, Sandra Pettovello.<\/h3>\n<h3>Fue horas despu\u00e9s de que trascendieran gastos de la funcionaria por la compra de una cafetera por cerca de 2 millones de pesos y la contrataci\u00f3n para un evento de un servicio de catering por otros $ 3 millones.<\/h3>\n<h3>Ya desde el martes hab\u00eda empezado a circular en algunos medios de comunicaci\u00f3n y en las redes la documentaci\u00f3n que daba cuentas de los hechos. La reacci\u00f3n de la ministra, quien se encuentra de gira por Europa, sobre esos dos pagos, en momentos en que se pregona la austeridad en la gesti\u00f3n del gobierno nacional fue r\u00e1pida. Y pidi\u00f3 que la responsable abandone su puesto.<\/h3>\n<p><img fetchpriority=\"high\" decoding=\"async\" class=\"wp-image-24613 aligncenter\" src=\"https:\/\/apuntesdesanluis.com\/wp-content\/uploads\/2024\/10\/cafetera-300x238.png\" alt=\"\" width=\"676\" height=\"536\" srcset=\"https:\/\/apuntesdesanluis.com\/wp-content\/uploads\/2024\/10\/cafetera-300x238.png 300w, https:\/\/apuntesdesanluis.com\/wp-content\/uploads\/2024\/10\/cafetera.png 593w\" sizes=\"(max-width: 676px) 100vw, 676px\" \/><\/p>\n<h3>La compra del electrodom\u00e9stico se realiz\u00f3 el 21 de octubre. Fue por una Cafetera Autom\u00e1tica Philips Molinillo modelo EP 2231, a la que cotizaron en $ 1.917.000. Uno de los cuestionamientos fue el precio que se pag\u00f3 desde Ni\u00f1ez y Familia ya que en varias publicaciones en la web el mismo producto puede conseguirse por unos 500 mil pesos de ese valor.<\/h3>\n<h3>A esa adquisici\u00f3n se sum\u00f3 la firma de un convenio con una empresa proveedora de catering para una jornada que organiz\u00f3 la Secretar\u00eda de Ni\u00f1ez y Familia recientemente y que dur\u00f3 unas 8 horas. Inclu\u00eda desayuno, almuerzo y un \u201ccoffee\u201d break y se pagaron 3 millones de pesos por ese servicio del evento que se efectu\u00f3 el 8 de octubre. Constaba de la provisi\u00f3n de \u201c50 desayunos, 100 almuerzos, 50 coffee break\u201d, adem\u00e1s de todos los accesorios necesarios como la vajilla, la manteler\u00eda, el personal, las mesas y las sillas.<\/h3>\n<p>&nbsp;<\/p>\n<p>&nbsp;<\/p>\n<p>&nbsp;<\/p>\n<p>&nbsp;<\/p>\n<p>&nbsp;<\/p>\n<p>&nbsp;<\/p>\n","protected":false},"excerpt":{"rendered":"<p>La subsecretaria de Gesti\u00f3n Administrativa de la Secretar\u00eda de Ni\u00f1ez y Familia que depende del&#8230;<\/p>\n","protected":false},"author":1,"featured_media":24612,"comment_status":"closed","ping_status":"closed","sticky":false,"template":"","format":"standard","meta":{"footnotes":""},"categories":[5],"tags":[],"class_list":["post-24611","post","type-post","status-publish","format-standard","has-post-thumbnail","hentry","category-nacionales-internacionales"],"yoast_head":"<!-- This site is optimized with the Yoast SEO plugin v26.1.1 - https:\/\/yoast.com\/wordpress\/plugins\/seo\/ -->\n<title>RENUNCI\u00d3 UNA SUBSECRETARIA TRAS CONOCERSE QUE COMPR\u00d3 UNA CAFETERA EN 2 MILLONES DE PESOS - Apuntes de San Luis<\/title>\n<meta name=\"robots\" content=\"index, follow, max-snippet:-1, max-image-preview:large, max-video-preview:-1\" \/>\n<link rel=\"canonical\" href=\"https:\/\/apuntesdesanluis.com\/index.php\/2024\/10\/30\/renuncio-una-subsecretaria-tras-conocerse-que-compro-una-cafetera-en-2-millones-de-pesos\/\" \/>\n<meta property=\"og:locale\" content=\"es_ES\" \/>\n<meta property=\"og:type\" content=\"article\" \/>\n<meta property=\"og:title\" content=\"RENUNCI\u00d3 UNA SUBSECRETARIA TRAS CONOCERSE QUE COMPR\u00d3 UNA CAFETERA EN 2 MILLONES DE PESOS - Apuntes de San Luis\" \/>\n<meta property=\"og:description\" content=\"La subsecretaria de Gesti\u00f3n Administrativa de la Secretar\u00eda de Ni\u00f1ez y Familia que depende del...\" \/>\n<meta property=\"og:url\" content=\"https:\/\/apuntesdesanluis.com\/index.php\/2024\/10\/30\/renuncio-una-subsecretaria-tras-conocerse-que-compro-una-cafetera-en-2-millones-de-pesos\/\" \/>\n<meta property=\"og:site_name\" content=\"Apuntes de San Luis\" \/>\n<meta property=\"article:published_time\" content=\"2024-10-30T15:31:04+00:00\" \/>\n<meta property=\"article:modified_time\" content=\"2024-10-31T01:34:00+00:00\" \/>\n<meta property=\"og:image\" content=\"https:\/\/apuntesdesanluis.com\/wp-content\/uploads\/2024\/10\/subsecretaria.png\" \/>\n\t<meta property=\"og:image:width\" content=\"545\" \/>\n\t<meta property=\"og:image:height\" content=\"378\" \/>\n\t<meta property=\"og:image:type\" content=\"image\/png\" \/>\n<meta name=\"author\" content=\"apuntesdesanluis.com\" \/>\n<meta name=\"twitter:card\" content=\"summary_large_image\" \/>\n<meta name=\"twitter:label1\" content=\"Escrito por\" \/>\n\t<meta name=\"twitter:data1\" content=\"apuntesdesanluis.com\" \/>\n\t<meta name=\"twitter:label2\" content=\"Tiempo de lectura\" \/>\n\t<meta name=\"twitter:data2\" content=\"2 minutos\" \/>\n<script type=\"application\/ld+json\" class=\"yoast-schema-graph\">{\"@context\":\"https:\/\/schema.org\",\"@graph\":[{\"@type\":\"Article\",\"@id\":\"https:\/\/apuntesdesanluis.com\/index.php\/2024\/10\/30\/renuncio-una-subsecretaria-tras-conocerse-que-compro-una-cafetera-en-2-millones-de-pesos\/#article\",\"isPartOf\":{\"@id\":\"https:\/\/apuntesdesanluis.com\/index.php\/2024\/10\/30\/renuncio-una-subsecretaria-tras-conocerse-que-compro-una-cafetera-en-2-millones-de-pesos\/\"},\"author\":{\"name\":\"apuntesdesanluis.com\",\"@id\":\"https:\/\/apuntesdesanluis.com\/#\/schema\/person\/b55151d52296fcce64d1a72538a70b90\"},\"headline\":\"RENUNCI\u00d3 UNA SUBSECRETARIA TRAS CONOCERSE QUE COMPR\u00d3 UNA CAFETERA EN 2 MILLONES DE PESOS\",\"datePublished\":\"2024-10-30T15:31:04+00:00\",\"dateModified\":\"2024-10-31T01:34:00+00:00\",\"mainEntityOfPage\":{\"@id\":\"https:\/\/apuntesdesanluis.com\/index.php\/2024\/10\/30\/renuncio-una-subsecretaria-tras-conocerse-que-compro-una-cafetera-en-2-millones-de-pesos\/\"},\"wordCount\":325,\"publisher\":{\"@id\":\"https:\/\/apuntesdesanluis.com\/#\/schema\/person\/b55151d52296fcce64d1a72538a70b90\"},\"image\":{\"@id\":\"https:\/\/apuntesdesanluis.com\/index.php\/2024\/10\/30\/renuncio-una-subsecretaria-tras-conocerse-que-compro-una-cafetera-en-2-millones-de-pesos\/#primaryimage\"},\"thumbnailUrl\":\"https:\/\/apuntesdesanluis.com\/wp-content\/uploads\/2024\/10\/subsecretaria.png\",\"articleSection\":[\"Nacionales\/Internacionales\"],\"inLanguage\":\"es-AR\"},{\"@type\":\"WebPage\",\"@id\":\"https:\/\/apuntesdesanluis.com\/index.php\/2024\/10\/30\/renuncio-una-subsecretaria-tras-conocerse-que-compro-una-cafetera-en-2-millones-de-pesos\/\",\"url\":\"https:\/\/apuntesdesanluis.com\/index.php\/2024\/10\/30\/renuncio-una-subsecretaria-tras-conocerse-que-compro-una-cafetera-en-2-millones-de-pesos\/\",\"name\":\"RENUNCI\u00d3 UNA SUBSECRETARIA TRAS CONOCERSE QUE COMPR\u00d3 UNA CAFETERA EN 2 MILLONES DE PESOS - Apuntes de San Luis\",\"isPartOf\":{\"@id\":\"https:\/\/apuntesdesanluis.com\/#website\"},\"primaryImageOfPage\":{\"@id\":\"https:\/\/apuntesdesanluis.com\/index.php\/2024\/10\/30\/renuncio-una-subsecretaria-tras-conocerse-que-compro-una-cafetera-en-2-millones-de-pesos\/#primaryimage\"},\"image\":{\"@id\":\"https:\/\/apuntesdesanluis.com\/index.php\/2024\/10\/30\/renuncio-una-subsecretaria-tras-conocerse-que-compro-una-cafetera-en-2-millones-de-pesos\/#primaryimage\"},\"thumbnailUrl\":\"https:\/\/apuntesdesanluis.com\/wp-content\/uploads\/2024\/10\/subsecretaria.png\",\"datePublished\":\"2024-10-30T15:31:04+00:00\",\"dateModified\":\"2024-10-31T01:34:00+00:00\",\"breadcrumb\":{\"@id\":\"https:\/\/apuntesdesanluis.com\/index.php\/2024\/10\/30\/renuncio-una-subsecretaria-tras-conocerse-que-compro-una-cafetera-en-2-millones-de-pesos\/#breadcrumb\"},\"inLanguage\":\"es-AR\",\"potentialAction\":[{\"@type\":\"ReadAction\",\"target\":[\"https:\/\/apuntesdesanluis.com\/index.php\/2024\/10\/30\/renuncio-una-subsecretaria-tras-conocerse-que-compro-una-cafetera-en-2-millones-de-pesos\/\"]}]},{\"@type\":\"ImageObject\",\"inLanguage\":\"es-AR\",\"@id\":\"https:\/\/apuntesdesanluis.com\/index.php\/2024\/10\/30\/renuncio-una-subsecretaria-tras-conocerse-que-compro-una-cafetera-en-2-millones-de-pesos\/#primaryimage\",\"url\":\"https:\/\/apuntesdesanluis.com\/wp-content\/uploads\/2024\/10\/subsecretaria.png\",\"contentUrl\":\"https:\/\/apuntesdesanluis.com\/wp-content\/uploads\/2024\/10\/subsecretaria.png\",\"width\":545,\"height\":378},{\"@type\":\"BreadcrumbList\",\"@id\":\"https:\/\/apuntesdesanluis.com\/index.php\/2024\/10\/30\/renuncio-una-subsecretaria-tras-conocerse-que-compro-una-cafetera-en-2-millones-de-pesos\/#breadcrumb\",\"itemListElement\":[{\"@type\":\"ListItem\",\"position\":1,\"name\":\"Inicio\",\"item\":\"https:\/\/apuntesdesanluis.com\/\"},{\"@type\":\"ListItem\",\"position\":2,\"name\":\"RENUNCI\u00d3 UNA SUBSECRETARIA TRAS CONOCERSE QUE COMPR\u00d3 UNA CAFETERA EN 2 MILLONES DE PESOS\"}]},{\"@type\":\"WebSite\",\"@id\":\"https:\/\/apuntesdesanluis.com\/#website\",\"url\":\"https:\/\/apuntesdesanluis.com\/\",\"name\":\"Apuntes de San Luis\",\"description\":\"\",\"publisher\":{\"@id\":\"https:\/\/apuntesdesanluis.com\/#\/schema\/person\/b55151d52296fcce64d1a72538a70b90\"},\"potentialAction\":[{\"@type\":\"SearchAction\",\"target\":{\"@type\":\"EntryPoint\",\"urlTemplate\":\"https:\/\/apuntesdesanluis.com\/?s={search_term_string}\"},\"query-input\":{\"@type\":\"PropertyValueSpecification\",\"valueRequired\":true,\"valueName\":\"search_term_string\"}}],\"inLanguage\":\"es-AR\"},{\"@type\":[\"Person\",\"Organization\"],\"@id\":\"https:\/\/apuntesdesanluis.com\/#\/schema\/person\/b55151d52296fcce64d1a72538a70b90\",\"name\":\"apuntesdesanluis.com\",\"image\":{\"@type\":\"ImageObject\",\"inLanguage\":\"es-AR\",\"@id\":\"https:\/\/apuntesdesanluis.com\/#\/schema\/person\/image\/\",\"url\":\"https:\/\/apuntesdesanluis.com\/wp-content\/uploads\/2023\/07\/cropped-apuntesdesanluis.png\",\"contentUrl\":\"https:\/\/apuntesdesanluis.com\/wp-content\/uploads\/2023\/07\/cropped-apuntesdesanluis.png\",\"width\":450,\"height\":112,\"caption\":\"apuntesdesanluis.com\"},\"logo\":{\"@id\":\"https:\/\/apuntesdesanluis.com\/#\/schema\/person\/image\/\"},\"sameAs\":[\"https:\/\/apuntesdesanluis.com\"],\"url\":\"https:\/\/apuntesdesanluis.com\/index.php\/author\/apuntesdesanluis-com\/\"}]}<\/script>\n<!-- \/ Yoast SEO plugin. -->","yoast_head_json":{"title":"RENUNCI\u00d3 UNA SUBSECRETARIA TRAS CONOCERSE QUE COMPR\u00d3 UNA CAFETERA EN 2 MILLONES DE PESOS - Apuntes de San Luis","robots":{"index":"index","follow":"follow","max-snippet":"max-snippet:-1","max-image-preview":"max-image-preview:large","max-video-preview":"max-video-preview:-1"},"canonical":"https:\/\/apuntesdesanluis.com\/index.php\/2024\/10\/30\/renuncio-una-subsecretaria-tras-conocerse-que-compro-una-cafetera-en-2-millones-de-pesos\/","og_locale":"es_ES","og_type":"article","og_title":"RENUNCI\u00d3 UNA SUBSECRETARIA TRAS CONOCERSE QUE COMPR\u00d3 UNA CAFETERA EN 2 MILLONES DE PESOS - Apuntes de San Luis","og_description":"La subsecretaria de Gesti\u00f3n Administrativa de la Secretar\u00eda de Ni\u00f1ez y Familia que depende del...","og_url":"https:\/\/apuntesdesanluis.com\/index.php\/2024\/10\/30\/renuncio-una-subsecretaria-tras-conocerse-que-compro-una-cafetera-en-2-millones-de-pesos\/","og_site_name":"Apuntes de San Luis","article_published_time":"2024-10-30T15:31:04+00:00","article_modified_time":"2024-10-31T01:34:00+00:00","og_image":[{"width":545,"height":378,"url":"https:\/\/apuntesdesanluis.com\/wp-content\/uploads\/2024\/10\/subsecretaria.png","type":"image\/png"}],"author":"apuntesdesanluis.com","twitter_card":"summary_large_image","twitter_misc":{"Escrito por":"apuntesdesanluis.com","Tiempo de lectura":"2 minutos"},"schema":{"@context":"https:\/\/schema.org","@graph":[{"@type":"Article","@id":"https:\/\/apuntesdesanluis.com\/index.php\/2024\/10\/30\/renuncio-una-subsecretaria-tras-conocerse-que-compro-una-cafetera-en-2-millones-de-pesos\/#article","isPartOf":{"@id":"https:\/\/apuntesdesanluis.com\/index.php\/2024\/10\/30\/renuncio-una-subsecretaria-tras-conocerse-que-compro-una-cafetera-en-2-millones-de-pesos\/"},"author":{"name":"apuntesdesanluis.com","@id":"https:\/\/apuntesdesanluis.com\/#\/schema\/person\/b55151d52296fcce64d1a72538a70b90"},"headline":"RENUNCI\u00d3 UNA SUBSECRETARIA TRAS CONOCERSE QUE COMPR\u00d3 UNA CAFETERA EN 2 MILLONES DE PESOS","datePublished":"2024-10-30T15:31:04+00:00","dateModified":"2024-10-31T01:34:00+00:00","mainEntityOfPage":{"@id":"https:\/\/apuntesdesanluis.com\/index.php\/2024\/10\/30\/renuncio-una-subsecretaria-tras-conocerse-que-compro-una-cafetera-en-2-millones-de-pesos\/"},"wordCount":325,"publisher":{"@id":"https:\/\/apuntesdesanluis.com\/#\/schema\/person\/b55151d52296fcce64d1a72538a70b90"},"image":{"@id":"https:\/\/apuntesdesanluis.com\/index.php\/2024\/10\/30\/renuncio-una-subsecretaria-tras-conocerse-que-compro-una-cafetera-en-2-millones-de-pesos\/#primaryimage"},"thumbnailUrl":"https:\/\/apuntesdesanluis.com\/wp-content\/uploads\/2024\/10\/subsecretaria.png","articleSection":["Nacionales\/Internacionales"],"inLanguage":"es-AR"},{"@type":"WebPage","@id":"https:\/\/apuntesdesanluis.com\/index.php\/2024\/10\/30\/renuncio-una-subsecretaria-tras-conocerse-que-compro-una-cafetera-en-2-millones-de-pesos\/","url":"https:\/\/apuntesdesanluis.com\/index.php\/2024\/10\/30\/renuncio-una-subsecretaria-tras-conocerse-que-compro-una-cafetera-en-2-millones-de-pesos\/","name":"RENUNCI\u00d3 UNA SUBSECRETARIA TRAS CONOCERSE QUE COMPR\u00d3 UNA CAFETERA EN 2 MILLONES DE PESOS - Apuntes de San Luis","isPartOf":{"@id":"https:\/\/apuntesdesanluis.com\/#website"},"primaryImageOfPage":{"@id":"https:\/\/apuntesdesanluis.com\/index.php\/2024\/10\/30\/renuncio-una-subsecretaria-tras-conocerse-que-compro-una-cafetera-en-2-millones-de-pesos\/#primaryimage"},"image":{"@id":"https:\/\/apuntesdesanluis.com\/index.php\/2024\/10\/30\/renuncio-una-subsecretaria-tras-conocerse-que-compro-una-cafetera-en-2-millones-de-pesos\/#primaryimage"},"thumbnailUrl":"https:\/\/apuntesdesanluis.com\/wp-content\/uploads\/2024\/10\/subsecretaria.png","datePublished":"2024-10-30T15:31:04+00:00","dateModified":"2024-10-31T01:34:00+00:00","breadcrumb":{"@id":"https:\/\/apuntesdesanluis.com\/index.php\/2024\/10\/30\/renuncio-una-subsecretaria-tras-conocerse-que-compro-una-cafetera-en-2-millones-de-pesos\/#breadcrumb"},"inLanguage":"es-AR","potentialAction":[{"@type":"ReadAction","target":["https:\/\/apuntesdesanluis.com\/index.php\/2024\/10\/30\/renuncio-una-subsecretaria-tras-conocerse-que-compro-una-cafetera-en-2-millones-de-pesos\/"]}]},{"@type":"ImageObject","inLanguage":"es-AR","@id":"https:\/\/apuntesdesanluis.com\/index.php\/2024\/10\/30\/renuncio-una-subsecretaria-tras-conocerse-que-compro-una-cafetera-en-2-millones-de-pesos\/#primaryimage","url":"https:\/\/apuntesdesanluis.com\/wp-content\/uploads\/2024\/10\/subsecretaria.png","contentUrl":"https:\/\/apuntesdesanluis.com\/wp-content\/uploads\/2024\/10\/subsecretaria.png","width":545,"height":378},{"@type":"BreadcrumbList","@id":"https:\/\/apuntesdesanluis.com\/index.php\/2024\/10\/30\/renuncio-una-subsecretaria-tras-conocerse-que-compro-una-cafetera-en-2-millones-de-pesos\/#breadcrumb","itemListElement":[{"@type":"ListItem","position":1,"name":"Inicio","item":"https:\/\/apuntesdesanluis.com\/"},{"@type":"ListItem","position":2,"name":"RENUNCI\u00d3 UNA SUBSECRETARIA TRAS CONOCERSE QUE COMPR\u00d3 UNA CAFETERA EN 2 MILLONES DE PESOS"}]},{"@type":"WebSite","@id":"https:\/\/apuntesdesanluis.com\/#website","url":"https:\/\/apuntesdesanluis.com\/","name":"Apuntes de San Luis","description":"","publisher":{"@id":"https:\/\/apuntesdesanluis.com\/#\/schema\/person\/b55151d52296fcce64d1a72538a70b90"},"potentialAction":[{"@type":"SearchAction","target":{"@type":"EntryPoint","urlTemplate":"https:\/\/apuntesdesanluis.com\/?s={search_term_string}"},"query-input":{"@type":"PropertyValueSpecification","valueRequired":true,"valueName":"search_term_string"}}],"inLanguage":"es-AR"},{"@type":["Person","Organization"],"@id":"https:\/\/apuntesdesanluis.com\/#\/schema\/person\/b55151d52296fcce64d1a72538a70b90","name":"apuntesdesanluis.com","image":{"@type":"ImageObject","inLanguage":"es-AR","@id":"https:\/\/apuntesdesanluis.com\/#\/schema\/person\/image\/","url":"https:\/\/apuntesdesanluis.com\/wp-content\/uploads\/2023\/07\/cropped-apuntesdesanluis.png","contentUrl":"https:\/\/apuntesdesanluis.com\/wp-content\/uploads\/2023\/07\/cropped-apuntesdesanluis.png","width":450,"height":112,"caption":"apuntesdesanluis.com"},"logo":{"@id":"https:\/\/apuntesdesanluis.com\/#\/schema\/person\/image\/"},"sameAs":["https:\/\/apuntesdesanluis.com"],"url":"https:\/\/apuntesdesanluis.com\/index.php\/author\/apuntesdesanluis-com\/"}]}},"featured_image_urls":{"full":["https:\/\/apuntesdesanluis.com\/wp-content\/uploads\/2024\/10\/subsecretaria.png",545,378,false],"thumbnail":["https:\/\/apuntesdesanluis.com\/wp-content\/uploads\/2024\/10\/subsecretaria-150x150.png",150,150,true],"medium":["https:\/\/apuntesdesanluis.com\/wp-content\/uploads\/2024\/10\/subsecretaria-300x208.png",300,208,true],"medium_large":["https:\/\/apuntesdesanluis.com\/wp-content\/uploads\/2024\/10\/subsecretaria.png",545,378,false],"large":["https:\/\/apuntesdesanluis.com\/wp-content\/uploads\/2024\/10\/subsecretaria.png",545,378,false],"1536x1536":["https:\/\/apuntesdesanluis.com\/wp-content\/uploads\/2024\/10\/subsecretaria.png",545,378,false],"2048x2048":["https:\/\/apuntesdesanluis.com\/wp-content\/uploads\/2024\/10\/subsecretaria.png",545,378,false],"newsever-slider-full":["https:\/\/apuntesdesanluis.com\/wp-content\/uploads\/2024\/10\/subsecretaria.png",545,378,false],"newsever-featured":["https:\/\/apuntesdesanluis.com\/wp-content\/uploads\/2024\/10\/subsecretaria.png",545,378,false],"newsever-medium":["https:\/\/apuntesdesanluis.com\/wp-content\/uploads\/2024\/10\/subsecretaria.png",545,378,false]},"author_info":{"display_name":"apuntesdesanluis.com","author_link":"https:\/\/apuntesdesanluis.com\/index.php\/author\/apuntesdesanluis-com\/"},"category_info":"<a href=\"https:\/\/apuntesdesanluis.com\/index.php\/category\/nacionales-internacionales\/\" rel=\"category tag\">Nacionales\/Internacionales<\/a>","tag_info":"Nacionales\/Internacionales","comment_count":"0","_links":{"self":[{"href":"https:\/\/apuntesdesanluis.com\/index.php\/wp-json\/wp\/v2\/posts\/24611","targetHints":{"allow":["GET"]}}],"collection":[{"href":"https:\/\/apuntesdesanluis.com\/index.php\/wp-json\/wp\/v2\/posts"}],"about":[{"href":"https:\/\/apuntesdesanluis.com\/index.php\/wp-json\/wp\/v2\/types\/post"}],"author":[{"embeddable":true,"href":"https:\/\/apuntesdesanluis.com\/index.php\/wp-json\/wp\/v2\/users\/1"}],"replies":[{"embeddable":true,"href":"https:\/\/apuntesdesanluis.com\/index.php\/wp-json\/wp\/v2\/comments?post=24611"}],"version-history":[{"count":1,"href":"https:\/\/apuntesdesanluis.com\/index.php\/wp-json\/wp\/v2\/posts\/24611\/revisions"}],"predecessor-version":[{"id":24614,"href":"https:\/\/apuntesdesanluis.com\/index.php\/wp-json\/wp\/v2\/posts\/24611\/revisions\/24614"}],"wp:featuredmedia":[{"embeddable":true,"href":"https:\/\/apuntesdesanluis.com\/index.php\/wp-json\/wp\/v2\/media\/24612"}],"wp:attachment":[{"href":"https:\/\/apuntesdesanluis.com\/index.php\/wp-json\/wp\/v2\/media?parent=24611"}],"wp:term":[{"taxonomy":"category","embeddable":true,"href":"https:\/\/apuntesdesanluis.com\/index.php\/wp-json\/wp\/v2\/categories?post=24611"},{"taxonomy":"post_tag","embeddable":true,"href":"https:\/\/apuntesdesanluis.com\/index.php\/wp-json\/wp\/v2\/tags?post=24611"}],"curies":[{"name":"wp","href":"https:\/\/api.w.org\/{rel}","templated":true}]}}