{"id":24615,"date":"2024-10-30T23:39:41","date_gmt":"2024-10-31T02:39:41","guid":{"rendered":"https:\/\/apuntesdesanluis.com\/?p=24615"},"modified":"2024-10-30T23:46:42","modified_gmt":"2024-10-31T02:46:42","slug":"san-francisco-invitan-a-jornada-de-prevencion-del-cancer-de-mama","status":"publish","type":"post","link":"https:\/\/apuntesdesanluis.com\/index.php\/2024\/10\/30\/san-francisco-invitan-a-jornada-de-prevencion-del-cancer-de-mama\/","title":{"rendered":"SAN FRANCISCO: INVITAN A JORNADA DE PREVENCI\u00d3N DEL C\u00c1NCER DE MAMA"},"content":{"rendered":"<h3>Al igual que en numerosas localidades de la provincia y del pa\u00eds, en <strong>San Francisco del Monte de Oro<\/strong> tambi\u00e9n organizaron acciones para prevenir esta enfermedad.<\/h3>\n<h3>En este sentido, el hospital de esta localidad ha invitado a las mujeres a participar de una jornada de prevenci\u00f3n del C\u00e1ncer de Mama, que se realizar\u00e1 este jueves a partir de las 10:00 h en el Centro Cultural.<\/h3>\n<p><img fetchpriority=\"high\" decoding=\"async\" class=\"wp-image-24618 aligncenter\" src=\"https:\/\/apuntesdesanluis.com\/wp-content\/uploads\/2024\/10\/cancer-de-mama-183x300.png\" alt=\"\" width=\"628\" height=\"1030\" srcset=\"https:\/\/apuntesdesanluis.com\/wp-content\/uploads\/2024\/10\/cancer-de-mama-183x300.png 183w, https:\/\/apuntesdesanluis.com\/wp-content\/uploads\/2024\/10\/cancer-de-mama.png 471w\" sizes=\"(max-width: 628px) 100vw, 628px\" \/><\/p>\n<h3 class=\"rPeykc PZPZlf\" data-attrid=\"SGEParagraphFeedback\" data-hveid=\"CDUQAQ\" data-ved=\"2ahUKEwjMnoS3yreJAxVmFLkGHYamE7oQo_EKegQINRAB\">En Argentina, el c\u00e1ncer de mama es la primera causa de muerte por tumores en mujeres. En 2022, se registraron 5.750 defunciones por c\u00e1ncer de mama, lo que corresponde a una tasa de 24,4 defunciones cada 100.000 mujeres.<span class=\"UV3uM\">\u00a0<\/span><\/h3>\n<h3 class=\"rPeykc PZPZlf\" data-attrid=\"SGEParagraphFeedback\" data-hveid=\"CA0QAQ\" data-ved=\"2ahUKEwjMnoS3yreJAxVmFLkGHYamE7oQo_EKegQIDRAB\">En cuanto a la incidencia, se estima que en Argentina se producen m\u00e1s de 19.000 nuevos casos de c\u00e1ncer de mama por a\u00f1o, lo que representa el 16,8% del total de incidencia de c\u00e1ncer en el pa\u00eds.<\/h3>\n<div data-attrid=\"SGEParagraphFeedback\" data-hveid=\"CA0QAQ\" data-ved=\"2ahUKEwjMnoS3yreJAxVmFLkGHYamE7oQo_EKegQIDRAB\"><\/div>\n<div data-attrid=\"SGEParagraphFeedback\" data-hveid=\"CA0QAQ\" data-ved=\"2ahUKEwjMnoS3yreJAxVmFLkGHYamE7oQo_EKegQIDRAB\"><img decoding=\"async\" class=\"wp-image-24617 aligncenter\" src=\"https:\/\/apuntesdesanluis.com\/wp-content\/uploads\/2024\/10\/cancer-300x192.png\" alt=\"\" width=\"572\" height=\"366\" srcset=\"https:\/\/apuntesdesanluis.com\/wp-content\/uploads\/2024\/10\/cancer-300x192.png 300w, https:\/\/apuntesdesanluis.com\/wp-content\/uploads\/2024\/10\/cancer.png 534w\" sizes=\"(max-width: 572px) 100vw, 572px\" \/><\/div>\n<h3><strong>CONMEMORACI\u00d3N <\/strong><\/h3>\n<h3>Por otro lado, el intendente municipal de San Francisco del Monte de Oro, <strong>Sandro Flores<\/strong>, formul\u00f3 una invitaci\u00f3n a toda la comunidad para participar del acto en conmemoraci\u00f3n del <strong>93\u00b0 Aniversario del fallecimiento de la Srta. Rosenda Quiroga<\/strong>, figura destacada de la historia y la educaci\u00f3n.<\/h3>\n<h3>\u201cSer\u00e1 un merecido homenaje para recordar a la querida Rosenda Quiroga, cuyo legado sigue presente en la cultura de San Francisco. Es un acto importante y trascendente rendir tributo a quienes forjaron los cimientos de nuestra identidad y nos inspiran a mantener vivo el valor de nuestras ra\u00edces\u201d, argument\u00f3 el jefe comunal.<\/h3>\n<h3>El acto tendr\u00e1 lugar este s\u00e1bado 2 de noviembre, a las 10:00 h, en la intersecci\u00f3n de calles Coronel Concha y Rosenda Quiroga.<\/h3>\n<p><img decoding=\"async\" class=\"wp-image-24619 aligncenter\" src=\"https:\/\/apuntesdesanluis.com\/wp-content\/uploads\/2024\/10\/invitacion-rosenda-254x300.png\" alt=\"\" width=\"571\" height=\"674\" srcset=\"https:\/\/apuntesdesanluis.com\/wp-content\/uploads\/2024\/10\/invitacion-rosenda-254x300.png 254w, https:\/\/apuntesdesanluis.com\/wp-content\/uploads\/2024\/10\/invitacion-rosenda.png 471w\" sizes=\"(max-width: 571px) 100vw, 571px\" \/><\/p>\n<p>&nbsp;<\/p>\n<p>&nbsp;<\/p>\n<p>&nbsp;<\/p>\n<p>&nbsp;<\/p>\n","protected":false},"excerpt":{"rendered":"<p>Al igual que en numerosas localidades de la provincia y del pa\u00eds, en San Francisco&#8230;<\/p>\n","protected":false},"author":1,"featured_media":24616,"comment_status":"closed","ping_status":"closed","sticky":false,"template":"","format":"standard","meta":{"footnotes":""},"categories":[6],"tags":[],"class_list":["post-24615","post","type-post","status-publish","format-standard","has-post-thumbnail","hentry","category-ciudad-provincia"],"yoast_head":"<!-- This site is optimized with the Yoast SEO plugin v26.1.1 - https:\/\/yoast.com\/wordpress\/plugins\/seo\/ -->\n<title>SAN FRANCISCO: INVITAN A JORNADA DE PREVENCI\u00d3N DEL C\u00c1NCER DE MAMA - Apuntes de San Luis<\/title>\n<meta name=\"robots\" content=\"index, follow, max-snippet:-1, max-image-preview:large, max-video-preview:-1\" \/>\n<link rel=\"canonical\" href=\"https:\/\/apuntesdesanluis.com\/index.php\/2024\/10\/30\/san-francisco-invitan-a-jornada-de-prevencion-del-cancer-de-mama\/\" \/>\n<meta property=\"og:locale\" content=\"es_ES\" \/>\n<meta property=\"og:type\" content=\"article\" \/>\n<meta property=\"og:title\" content=\"SAN FRANCISCO: INVITAN A JORNADA DE PREVENCI\u00d3N DEL C\u00c1NCER DE MAMA - Apuntes de San Luis\" \/>\n<meta property=\"og:description\" content=\"Al igual que en numerosas localidades de la provincia y del pa\u00eds, en San Francisco...\" \/>\n<meta property=\"og:url\" content=\"https:\/\/apuntesdesanluis.com\/index.php\/2024\/10\/30\/san-francisco-invitan-a-jornada-de-prevencion-del-cancer-de-mama\/\" \/>\n<meta property=\"og:site_name\" content=\"Apuntes de San Luis\" \/>\n<meta property=\"article:published_time\" content=\"2024-10-31T02:39:41+00:00\" \/>\n<meta property=\"article:modified_time\" content=\"2024-10-31T02:46:42+00:00\" \/>\n<meta property=\"og:image\" content=\"https:\/\/apuntesdesanluis.com\/wp-content\/uploads\/2024\/10\/san-francisco-del-monte-de-oro.png\" \/>\n\t<meta property=\"og:image:width\" content=\"644\" \/>\n\t<meta property=\"og:image:height\" content=\"417\" \/>\n\t<meta property=\"og:image:type\" content=\"image\/png\" \/>\n<meta name=\"author\" content=\"apuntesdesanluis.com\" \/>\n<meta name=\"twitter:card\" content=\"summary_large_image\" \/>\n<meta name=\"twitter:label1\" content=\"Escrito por\" \/>\n\t<meta name=\"twitter:data1\" content=\"apuntesdesanluis.com\" \/>\n\t<meta name=\"twitter:label2\" content=\"Tiempo de lectura\" \/>\n\t<meta name=\"twitter:data2\" content=\"3 minutos\" \/>\n<script type=\"application\/ld+json\" class=\"yoast-schema-graph\">{\"@context\":\"https:\/\/schema.org\",\"@graph\":[{\"@type\":\"Article\",\"@id\":\"https:\/\/apuntesdesanluis.com\/index.php\/2024\/10\/30\/san-francisco-invitan-a-jornada-de-prevencion-del-cancer-de-mama\/#article\",\"isPartOf\":{\"@id\":\"https:\/\/apuntesdesanluis.com\/index.php\/2024\/10\/30\/san-francisco-invitan-a-jornada-de-prevencion-del-cancer-de-mama\/\"},\"author\":{\"name\":\"apuntesdesanluis.com\",\"@id\":\"https:\/\/apuntesdesanluis.com\/#\/schema\/person\/b55151d52296fcce64d1a72538a70b90\"},\"headline\":\"SAN FRANCISCO: INVITAN A JORNADA DE PREVENCI\u00d3N DEL C\u00c1NCER DE MAMA\",\"datePublished\":\"2024-10-31T02:39:41+00:00\",\"dateModified\":\"2024-10-31T02:46:42+00:00\",\"mainEntityOfPage\":{\"@id\":\"https:\/\/apuntesdesanluis.com\/index.php\/2024\/10\/30\/san-francisco-invitan-a-jornada-de-prevencion-del-cancer-de-mama\/\"},\"wordCount\":287,\"publisher\":{\"@id\":\"https:\/\/apuntesdesanluis.com\/#\/schema\/person\/b55151d52296fcce64d1a72538a70b90\"},\"image\":{\"@id\":\"https:\/\/apuntesdesanluis.com\/index.php\/2024\/10\/30\/san-francisco-invitan-a-jornada-de-prevencion-del-cancer-de-mama\/#primaryimage\"},\"thumbnailUrl\":\"https:\/\/apuntesdesanluis.com\/wp-content\/uploads\/2024\/10\/san-francisco-del-monte-de-oro.png\",\"articleSection\":[\"Ciudad\/Provincia\"],\"inLanguage\":\"es-AR\"},{\"@type\":\"WebPage\",\"@id\":\"https:\/\/apuntesdesanluis.com\/index.php\/2024\/10\/30\/san-francisco-invitan-a-jornada-de-prevencion-del-cancer-de-mama\/\",\"url\":\"https:\/\/apuntesdesanluis.com\/index.php\/2024\/10\/30\/san-francisco-invitan-a-jornada-de-prevencion-del-cancer-de-mama\/\",\"name\":\"SAN FRANCISCO: INVITAN A JORNADA DE PREVENCI\u00d3N DEL C\u00c1NCER DE MAMA - Apuntes de San Luis\",\"isPartOf\":{\"@id\":\"https:\/\/apuntesdesanluis.com\/#website\"},\"primaryImageOfPage\":{\"@id\":\"https:\/\/apuntesdesanluis.com\/index.php\/2024\/10\/30\/san-francisco-invitan-a-jornada-de-prevencion-del-cancer-de-mama\/#primaryimage\"},\"image\":{\"@id\":\"https:\/\/apuntesdesanluis.com\/index.php\/2024\/10\/30\/san-francisco-invitan-a-jornada-de-prevencion-del-cancer-de-mama\/#primaryimage\"},\"thumbnailUrl\":\"https:\/\/apuntesdesanluis.com\/wp-content\/uploads\/2024\/10\/san-francisco-del-monte-de-oro.png\",\"datePublished\":\"2024-10-31T02:39:41+00:00\",\"dateModified\":\"2024-10-31T02:46:42+00:00\",\"breadcrumb\":{\"@id\":\"https:\/\/apuntesdesanluis.com\/index.php\/2024\/10\/30\/san-francisco-invitan-a-jornada-de-prevencion-del-cancer-de-mama\/#breadcrumb\"},\"inLanguage\":\"es-AR\",\"potentialAction\":[{\"@type\":\"ReadAction\",\"target\":[\"https:\/\/apuntesdesanluis.com\/index.php\/2024\/10\/30\/san-francisco-invitan-a-jornada-de-prevencion-del-cancer-de-mama\/\"]}]},{\"@type\":\"ImageObject\",\"inLanguage\":\"es-AR\",\"@id\":\"https:\/\/apuntesdesanluis.com\/index.php\/2024\/10\/30\/san-francisco-invitan-a-jornada-de-prevencion-del-cancer-de-mama\/#primaryimage\",\"url\":\"https:\/\/apuntesdesanluis.com\/wp-content\/uploads\/2024\/10\/san-francisco-del-monte-de-oro.png\",\"contentUrl\":\"https:\/\/apuntesdesanluis.com\/wp-content\/uploads\/2024\/10\/san-francisco-del-monte-de-oro.png\",\"width\":644,\"height\":417},{\"@type\":\"BreadcrumbList\",\"@id\":\"https:\/\/apuntesdesanluis.com\/index.php\/2024\/10\/30\/san-francisco-invitan-a-jornada-de-prevencion-del-cancer-de-mama\/#breadcrumb\",\"itemListElement\":[{\"@type\":\"ListItem\",\"position\":1,\"name\":\"Inicio\",\"item\":\"https:\/\/apuntesdesanluis.com\/\"},{\"@type\":\"ListItem\",\"position\":2,\"name\":\"SAN FRANCISCO: INVITAN A JORNADA DE PREVENCI\u00d3N DEL C\u00c1NCER DE MAMA\"}]},{\"@type\":\"WebSite\",\"@id\":\"https:\/\/apuntesdesanluis.com\/#website\",\"url\":\"https:\/\/apuntesdesanluis.com\/\",\"name\":\"Apuntes de San Luis\",\"description\":\"\",\"publisher\":{\"@id\":\"https:\/\/apuntesdesanluis.com\/#\/schema\/person\/b55151d52296fcce64d1a72538a70b90\"},\"potentialAction\":[{\"@type\":\"SearchAction\",\"target\":{\"@type\":\"EntryPoint\",\"urlTemplate\":\"https:\/\/apuntesdesanluis.com\/?s={search_term_string}\"},\"query-input\":{\"@type\":\"PropertyValueSpecification\",\"valueRequired\":true,\"valueName\":\"search_term_string\"}}],\"inLanguage\":\"es-AR\"},{\"@type\":[\"Person\",\"Organization\"],\"@id\":\"https:\/\/apuntesdesanluis.com\/#\/schema\/person\/b55151d52296fcce64d1a72538a70b90\",\"name\":\"apuntesdesanluis.com\",\"image\":{\"@type\":\"ImageObject\",\"inLanguage\":\"es-AR\",\"@id\":\"https:\/\/apuntesdesanluis.com\/#\/schema\/person\/image\/\",\"url\":\"https:\/\/apuntesdesanluis.com\/wp-content\/uploads\/2023\/07\/cropped-apuntesdesanluis.png\",\"contentUrl\":\"https:\/\/apuntesdesanluis.com\/wp-content\/uploads\/2023\/07\/cropped-apuntesdesanluis.png\",\"width\":450,\"height\":112,\"caption\":\"apuntesdesanluis.com\"},\"logo\":{\"@id\":\"https:\/\/apuntesdesanluis.com\/#\/schema\/person\/image\/\"},\"sameAs\":[\"https:\/\/apuntesdesanluis.com\"],\"url\":\"https:\/\/apuntesdesanluis.com\/index.php\/author\/apuntesdesanluis-com\/\"}]}<\/script>\n<!-- \/ Yoast SEO plugin. -->","yoast_head_json":{"title":"SAN FRANCISCO: INVITAN A JORNADA DE PREVENCI\u00d3N DEL C\u00c1NCER DE MAMA - Apuntes de San Luis","robots":{"index":"index","follow":"follow","max-snippet":"max-snippet:-1","max-image-preview":"max-image-preview:large","max-video-preview":"max-video-preview:-1"},"canonical":"https:\/\/apuntesdesanluis.com\/index.php\/2024\/10\/30\/san-francisco-invitan-a-jornada-de-prevencion-del-cancer-de-mama\/","og_locale":"es_ES","og_type":"article","og_title":"SAN FRANCISCO: INVITAN A JORNADA DE PREVENCI\u00d3N DEL C\u00c1NCER DE MAMA - Apuntes de San Luis","og_description":"Al igual que en numerosas localidades de la provincia y del pa\u00eds, en San Francisco...","og_url":"https:\/\/apuntesdesanluis.com\/index.php\/2024\/10\/30\/san-francisco-invitan-a-jornada-de-prevencion-del-cancer-de-mama\/","og_site_name":"Apuntes de San Luis","article_published_time":"2024-10-31T02:39:41+00:00","article_modified_time":"2024-10-31T02:46:42+00:00","og_image":[{"width":644,"height":417,"url":"https:\/\/apuntesdesanluis.com\/wp-content\/uploads\/2024\/10\/san-francisco-del-monte-de-oro.png","type":"image\/png"}],"author":"apuntesdesanluis.com","twitter_card":"summary_large_image","twitter_misc":{"Escrito por":"apuntesdesanluis.com","Tiempo de lectura":"3 minutos"},"schema":{"@context":"https:\/\/schema.org","@graph":[{"@type":"Article","@id":"https:\/\/apuntesdesanluis.com\/index.php\/2024\/10\/30\/san-francisco-invitan-a-jornada-de-prevencion-del-cancer-de-mama\/#article","isPartOf":{"@id":"https:\/\/apuntesdesanluis.com\/index.php\/2024\/10\/30\/san-francisco-invitan-a-jornada-de-prevencion-del-cancer-de-mama\/"},"author":{"name":"apuntesdesanluis.com","@id":"https:\/\/apuntesdesanluis.com\/#\/schema\/person\/b55151d52296fcce64d1a72538a70b90"},"headline":"SAN FRANCISCO: INVITAN A JORNADA DE PREVENCI\u00d3N DEL C\u00c1NCER DE MAMA","datePublished":"2024-10-31T02:39:41+00:00","dateModified":"2024-10-31T02:46:42+00:00","mainEntityOfPage":{"@id":"https:\/\/apuntesdesanluis.com\/index.php\/2024\/10\/30\/san-francisco-invitan-a-jornada-de-prevencion-del-cancer-de-mama\/"},"wordCount":287,"publisher":{"@id":"https:\/\/apuntesdesanluis.com\/#\/schema\/person\/b55151d52296fcce64d1a72538a70b90"},"image":{"@id":"https:\/\/apuntesdesanluis.com\/index.php\/2024\/10\/30\/san-francisco-invitan-a-jornada-de-prevencion-del-cancer-de-mama\/#primaryimage"},"thumbnailUrl":"https:\/\/apuntesdesanluis.com\/wp-content\/uploads\/2024\/10\/san-francisco-del-monte-de-oro.png","articleSection":["Ciudad\/Provincia"],"inLanguage":"es-AR"},{"@type":"WebPage","@id":"https:\/\/apuntesdesanluis.com\/index.php\/2024\/10\/30\/san-francisco-invitan-a-jornada-de-prevencion-del-cancer-de-mama\/","url":"https:\/\/apuntesdesanluis.com\/index.php\/2024\/10\/30\/san-francisco-invitan-a-jornada-de-prevencion-del-cancer-de-mama\/","name":"SAN FRANCISCO: INVITAN A JORNADA DE PREVENCI\u00d3N DEL C\u00c1NCER DE MAMA - Apuntes de San Luis","isPartOf":{"@id":"https:\/\/apuntesdesanluis.com\/#website"},"primaryImageOfPage":{"@id":"https:\/\/apuntesdesanluis.com\/index.php\/2024\/10\/30\/san-francisco-invitan-a-jornada-de-prevencion-del-cancer-de-mama\/#primaryimage"},"image":{"@id":"https:\/\/apuntesdesanluis.com\/index.php\/2024\/10\/30\/san-francisco-invitan-a-jornada-de-prevencion-del-cancer-de-mama\/#primaryimage"},"thumbnailUrl":"https:\/\/apuntesdesanluis.com\/wp-content\/uploads\/2024\/10\/san-francisco-del-monte-de-oro.png","datePublished":"2024-10-31T02:39:41+00:00","dateModified":"2024-10-31T02:46:42+00:00","breadcrumb":{"@id":"https:\/\/apuntesdesanluis.com\/index.php\/2024\/10\/30\/san-francisco-invitan-a-jornada-de-prevencion-del-cancer-de-mama\/#breadcrumb"},"inLanguage":"es-AR","potentialAction":[{"@type":"ReadAction","target":["https:\/\/apuntesdesanluis.com\/index.php\/2024\/10\/30\/san-francisco-invitan-a-jornada-de-prevencion-del-cancer-de-mama\/"]}]},{"@type":"ImageObject","inLanguage":"es-AR","@id":"https:\/\/apuntesdesanluis.com\/index.php\/2024\/10\/30\/san-francisco-invitan-a-jornada-de-prevencion-del-cancer-de-mama\/#primaryimage","url":"https:\/\/apuntesdesanluis.com\/wp-content\/uploads\/2024\/10\/san-francisco-del-monte-de-oro.png","contentUrl":"https:\/\/apuntesdesanluis.com\/wp-content\/uploads\/2024\/10\/san-francisco-del-monte-de-oro.png","width":644,"height":417},{"@type":"BreadcrumbList","@id":"https:\/\/apuntesdesanluis.com\/index.php\/2024\/10\/30\/san-francisco-invitan-a-jornada-de-prevencion-del-cancer-de-mama\/#breadcrumb","itemListElement":[{"@type":"ListItem","position":1,"name":"Inicio","item":"https:\/\/apuntesdesanluis.com\/"},{"@type":"ListItem","position":2,"name":"SAN FRANCISCO: INVITAN A JORNADA DE PREVENCI\u00d3N DEL C\u00c1NCER DE MAMA"}]},{"@type":"WebSite","@id":"https:\/\/apuntesdesanluis.com\/#website","url":"https:\/\/apuntesdesanluis.com\/","name":"Apuntes de San Luis","description":"","publisher":{"@id":"https:\/\/apuntesdesanluis.com\/#\/schema\/person\/b55151d52296fcce64d1a72538a70b90"},"potentialAction":[{"@type":"SearchAction","target":{"@type":"EntryPoint","urlTemplate":"https:\/\/apuntesdesanluis.com\/?s={search_term_string}"},"query-input":{"@type":"PropertyValueSpecification","valueRequired":true,"valueName":"search_term_string"}}],"inLanguage":"es-AR"},{"@type":["Person","Organization"],"@id":"https:\/\/apuntesdesanluis.com\/#\/schema\/person\/b55151d52296fcce64d1a72538a70b90","name":"apuntesdesanluis.com","image":{"@type":"ImageObject","inLanguage":"es-AR","@id":"https:\/\/apuntesdesanluis.com\/#\/schema\/person\/image\/","url":"https:\/\/apuntesdesanluis.com\/wp-content\/uploads\/2023\/07\/cropped-apuntesdesanluis.png","contentUrl":"https:\/\/apuntesdesanluis.com\/wp-content\/uploads\/2023\/07\/cropped-apuntesdesanluis.png","width":450,"height":112,"caption":"apuntesdesanluis.com"},"logo":{"@id":"https:\/\/apuntesdesanluis.com\/#\/schema\/person\/image\/"},"sameAs":["https:\/\/apuntesdesanluis.com"],"url":"https:\/\/apuntesdesanluis.com\/index.php\/author\/apuntesdesanluis-com\/"}]}},"featured_image_urls":{"full":["https:\/\/apuntesdesanluis.com\/wp-content\/uploads\/2024\/10\/san-francisco-del-monte-de-oro.png",644,417,false],"thumbnail":["https:\/\/apuntesdesanluis.com\/wp-content\/uploads\/2024\/10\/san-francisco-del-monte-de-oro-150x150.png",150,150,true],"medium":["https:\/\/apuntesdesanluis.com\/wp-content\/uploads\/2024\/10\/san-francisco-del-monte-de-oro-300x194.png",300,194,true],"medium_large":["https:\/\/apuntesdesanluis.com\/wp-content\/uploads\/2024\/10\/san-francisco-del-monte-de-oro.png",640,414,false],"large":["https:\/\/apuntesdesanluis.com\/wp-content\/uploads\/2024\/10\/san-francisco-del-monte-de-oro.png",640,414,false],"1536x1536":["https:\/\/apuntesdesanluis.com\/wp-content\/uploads\/2024\/10\/san-francisco-del-monte-de-oro.png",644,417,false],"2048x2048":["https:\/\/apuntesdesanluis.com\/wp-content\/uploads\/2024\/10\/san-francisco-del-monte-de-oro.png",644,417,false],"newsever-slider-full":["https:\/\/apuntesdesanluis.com\/wp-content\/uploads\/2024\/10\/san-francisco-del-monte-de-oro.png",644,417,false],"newsever-featured":["https:\/\/apuntesdesanluis.com\/wp-content\/uploads\/2024\/10\/san-francisco-del-monte-de-oro.png",644,417,false],"newsever-medium":["https:\/\/apuntesdesanluis.com\/wp-content\/uploads\/2024\/10\/san-francisco-del-monte-de-oro.png",644,417,false]},"author_info":{"display_name":"apuntesdesanluis.com","author_link":"https:\/\/apuntesdesanluis.com\/index.php\/author\/apuntesdesanluis-com\/"},"category_info":"<a href=\"https:\/\/apuntesdesanluis.com\/index.php\/category\/ciudad-provincia\/\" rel=\"category tag\">Ciudad\/Provincia<\/a>","tag_info":"Ciudad\/Provincia","comment_count":"0","_links":{"self":[{"href":"https:\/\/apuntesdesanluis.com\/index.php\/wp-json\/wp\/v2\/posts\/24615","targetHints":{"allow":["GET"]}}],"collection":[{"href":"https:\/\/apuntesdesanluis.com\/index.php\/wp-json\/wp\/v2\/posts"}],"about":[{"href":"https:\/\/apuntesdesanluis.com\/index.php\/wp-json\/wp\/v2\/types\/post"}],"author":[{"embeddable":true,"href":"https:\/\/apuntesdesanluis.com\/index.php\/wp-json\/wp\/v2\/users\/1"}],"replies":[{"embeddable":true,"href":"https:\/\/apuntesdesanluis.com\/index.php\/wp-json\/wp\/v2\/comments?post=24615"}],"version-history":[{"count":7,"href":"https:\/\/apuntesdesanluis.com\/index.php\/wp-json\/wp\/v2\/posts\/24615\/revisions"}],"predecessor-version":[{"id":24626,"href":"https:\/\/apuntesdesanluis.com\/index.php\/wp-json\/wp\/v2\/posts\/24615\/revisions\/24626"}],"wp:featuredmedia":[{"embeddable":true,"href":"https:\/\/apuntesdesanluis.com\/index.php\/wp-json\/wp\/v2\/media\/24616"}],"wp:attachment":[{"href":"https:\/\/apuntesdesanluis.com\/index.php\/wp-json\/wp\/v2\/media?parent=24615"}],"wp:term":[{"taxonomy":"category","embeddable":true,"href":"https:\/\/apuntesdesanluis.com\/index.php\/wp-json\/wp\/v2\/categories?post=24615"},{"taxonomy":"post_tag","embeddable":true,"href":"https:\/\/apuntesdesanluis.com\/index.php\/wp-json\/wp\/v2\/tags?post=24615"}],"curies":[{"name":"wp","href":"https:\/\/api.w.org\/{rel}","templated":true}]}}