{"id":2462,"date":"2023-08-31T14:35:26","date_gmt":"2023-08-31T17:35:26","guid":{"rendered":"https:\/\/apuntesdesanluis.com\/?p=2462"},"modified":"2023-08-31T13:36:59","modified_gmt":"2023-08-31T16:36:59","slug":"elevan-a-juicio-oral-un-caso-de-tentativa-de-homicidio-agravado-por-el-uso-de-arma-de-fuego","status":"publish","type":"post","link":"https:\/\/apuntesdesanluis.com\/index.php\/2023\/08\/31\/elevan-a-juicio-oral-un-caso-de-tentativa-de-homicidio-agravado-por-el-uso-de-arma-de-fuego\/","title":{"rendered":"ELEVAN A JUICIO ORAL UN CASO DE TENTATIVA DE HOMICIDIO AGRAVADO POR EL USO DE ARMA DE FUEGO"},"content":{"rendered":"<h3>El Juez de Garant\u00edas N\u00b0 3 de la Primera Circunscripci\u00f3n Judicial, Marcos Flores Leyes, orden\u00f3 la elevaci\u00f3n a juicio de una causa que investiga el accionar de <strong>Diego Andr\u00e9s Garro<\/strong>, acusado del delito de tentativa de homicidio agravado por el uso de arma de fuego contra <strong>Sergio Nazareno Lucero<\/strong>.<\/h3>\n<h3>El hecho ocurri\u00f3 el 19 de marzo de 2023 a las 11:30 hs., en la localidad de Nogol\u00ed, donde Garro presuntamente efectu\u00f3 dos disparos contra la v\u00edctima; uno impact\u00f3 en su mano derecha y el otro en el hombro derecho.<\/h3>\n<h3>De acuerdo a la acusaci\u00f3n, Garro dispar\u00f3 desde su veh\u00edculo mientras Lucero se encontraba conversando con un amigo en el domicilio de su abuela, en el cual reside.<\/h3>\n<h3>La v\u00edctima fue trasladada al Hospital Ram\u00f3n Carrillo con heridas de arma de fuego. Garro se fug\u00f3 del lugar, pero fue detenido el 28 de marzo en Mendoza.<\/h3>\n<h3>Durante la audiencia de control de acusaci\u00f3n, celebrada este mi\u00e9rcoles al mediod\u00eda, el Ministerio P\u00fablico Fiscal (MPF) representado por la Fiscal de Instrucci\u00f3n N\u00ba 4, Mar\u00eda del Valle Dur\u00e1n y la Fiscal Adjunta, Claudia Heit, consider\u00f3 como atenuantes de la pena, la falta de antecedentes condenatorios y como agravantes las circunstancias de tiempo, modo y lugar, como tambi\u00e9n la extensi\u00f3n del da\u00f1o causado a la v\u00edctima y la actitud de haberse dado a la fuga, por lo que solicit\u00f3 una pena de 10 a\u00f1os de prisi\u00f3n.<\/h3>\n<h3>\u201cPor todo lo actuado, toda la evidencia que se ha recabado en esta investigaci\u00f3n preparatoria, tal como tenemos en el informe policial homologado que labr\u00f3 la Comisar\u00eda 45 de Nogol\u00ed, la denuncia de la v\u00edctima, entrevistas con los polic\u00edas actuantes, entrevistas con las abuelas de la casa, abuelas de la v\u00edctima, todas las pericias de criminal\u00edstica que se hicieron propios del lugar y dem\u00e1s entrevistas que tomamos en la Fiscal\u00eda, m\u00e1s la otra evidencia que se ofrece en este acto posteriormente, es que surge, con la probabilidad exigida para esta etapa, la materialidad del hecho y la autor\u00eda del dato Diego Garro. Es por ello que los hechos descritos anteriormente encuentran su marco t\u00edpico en la figura tentativa de homicidio simple agravado por el uso de arma de fuego\u201d, detall\u00f3 la Fiscal Dur\u00e1n.<\/h3>\n<h3>La Defensa, representada por Guillermo Levingston, solicit\u00f3 al Tribunal que se tenga por no presentada la acusaci\u00f3n fiscal. El abogado sostuvo que la Fiscal\u00eda no present\u00f3 como elemento de prueba ning\u00fan arma, ni prueba de parafina que el imputado haya manipulado dicha arma.<\/h3>\n<h3>\u201cTenemos el informe policial sobre el testimonio de la abuela donde no se encuentra sangre producto del impacto. Tambi\u00e9n la declaraci\u00f3n del testimonio Quevedo, quien no pudo reconocer el agresor por la velocidad del auto\u201d.<\/h3>\n<h3>Respecto a la fuga que indic\u00f3 el Ministerio P\u00fablico Fiscal, Levingston manifest\u00f3 que \u201cnuestro defendido no se fug\u00f3, porque para empezar no sabemos si \u00e9l efectu\u00f3 o no el disparo, no sabemos si \u00e9l fue el autor de la lesi\u00f3n que sufri\u00f3 Lucero. Hay una orden de detenci\u00f3n contra nuestro defendido, pero \u00bfpor qu\u00e9 lo detienen en Mendoza?, no porque lo hayan buscado como dice el MPF, lo detienen porque estacion\u00f3 mal el auto. Ah\u00ed, entre los pedidos de informe, la polic\u00eda se entera de que nuestro defendido tiene un pedido de detenci\u00f3n, no de captura porque se haya fugado\u201d.<\/h3>\n<h3>Adem\u00e1s, el letrado sostuvo que no est\u00e1n probadas las lesiones, el arma de fuego y el calibre de los proyectiles. Agrega que la acusaci\u00f3n por el art. 45 est\u00e1 mal, ya que dicho art\u00edculo se refiere a los coautores, los que toman participaci\u00f3n en la ejecuci\u00f3n del hecho o prestan al autor un auxilio o cooperaci\u00f3n.<\/h3>\n<h3>En este marco, la Defensa solicit\u00f3 determinar que el Ministerio Fiscal no cumpli\u00f3 con la correcta presentaci\u00f3n de la acusaci\u00f3n, declarando nula la misma por no reunir los requisitos del art. 166 inc. b y c del C\u00f3digo de Procedimiento. En consecuencia, pidi\u00f3 ordenar la inmediata libertad del imputado.<\/h3>\n<h3>Antes de finalizar la audiencia, el Juez de Garant\u00eda tuvo por deducido el requerimiento de la apertura a juicio en los t\u00e9rminos del art. 166 del C\u00f3digo Procesal Penal de San Luis en contra de Garro Diego Andr\u00e9s y admiti\u00f3 las pruebas ofrecidas por ambas partes, por lo que orden\u00f3 la elevaci\u00f3n a juicio oral.<\/h3>\n<p>&nbsp;<\/p>\n","protected":false},"excerpt":{"rendered":"<p>El Juez de Garant\u00edas N\u00b0 3 de la Primera Circunscripci\u00f3n Judicial, Marcos Flores Leyes, orden\u00f3&#8230;<\/p>\n","protected":false},"author":1,"featured_media":2463,"comment_status":"closed","ping_status":"closed","sticky":false,"template":"","format":"standard","meta":{"footnotes":""},"categories":[6],"tags":[],"class_list":["post-2462","post","type-post","status-publish","format-standard","has-post-thumbnail","hentry","category-ciudad-provincia"],"yoast_head":"<!-- This site is optimized with the Yoast SEO plugin v26.1.1 - https:\/\/yoast.com\/wordpress\/plugins\/seo\/ -->\n<title>ELEVAN A JUICIO ORAL UN CASO DE TENTATIVA DE HOMICIDIO AGRAVADO POR EL USO DE ARMA DE FUEGO - Apuntes de San Luis<\/title>\n<meta name=\"robots\" content=\"index, follow, max-snippet:-1, max-image-preview:large, max-video-preview:-1\" \/>\n<link rel=\"canonical\" href=\"https:\/\/apuntesdesanluis.com\/index.php\/2023\/08\/31\/elevan-a-juicio-oral-un-caso-de-tentativa-de-homicidio-agravado-por-el-uso-de-arma-de-fuego\/\" \/>\n<meta property=\"og:locale\" content=\"es_ES\" \/>\n<meta property=\"og:type\" content=\"article\" \/>\n<meta property=\"og:title\" content=\"ELEVAN A JUICIO ORAL UN CASO DE TENTATIVA DE HOMICIDIO AGRAVADO POR EL USO DE ARMA DE FUEGO - Apuntes de San Luis\" \/>\n<meta property=\"og:description\" content=\"El Juez de Garant\u00edas N\u00b0 3 de la Primera Circunscripci\u00f3n Judicial, Marcos Flores Leyes, orden\u00f3...\" \/>\n<meta property=\"og:url\" content=\"https:\/\/apuntesdesanluis.com\/index.php\/2023\/08\/31\/elevan-a-juicio-oral-un-caso-de-tentativa-de-homicidio-agravado-por-el-uso-de-arma-de-fuego\/\" \/>\n<meta property=\"og:site_name\" content=\"Apuntes de San Luis\" \/>\n<meta property=\"article:published_time\" content=\"2023-08-31T17:35:26+00:00\" \/>\n<meta property=\"og:image\" content=\"https:\/\/apuntesdesanluis.com\/wp-content\/uploads\/2023\/08\/juicio-7.png\" \/>\n\t<meta property=\"og:image:width\" content=\"600\" \/>\n\t<meta property=\"og:image:height\" content=\"399\" \/>\n\t<meta property=\"og:image:type\" content=\"image\/png\" \/>\n<meta name=\"author\" content=\"apuntesdesanluis.com\" \/>\n<meta name=\"twitter:card\" content=\"summary_large_image\" \/>\n<meta name=\"twitter:label1\" content=\"Escrito por\" \/>\n\t<meta name=\"twitter:data1\" content=\"apuntesdesanluis.com\" \/>\n\t<meta name=\"twitter:label2\" content=\"Tiempo de lectura\" \/>\n\t<meta name=\"twitter:data2\" content=\"4 minutos\" \/>\n<script type=\"application\/ld+json\" class=\"yoast-schema-graph\">{\"@context\":\"https:\/\/schema.org\",\"@graph\":[{\"@type\":\"Article\",\"@id\":\"https:\/\/apuntesdesanluis.com\/index.php\/2023\/08\/31\/elevan-a-juicio-oral-un-caso-de-tentativa-de-homicidio-agravado-por-el-uso-de-arma-de-fuego\/#article\",\"isPartOf\":{\"@id\":\"https:\/\/apuntesdesanluis.com\/index.php\/2023\/08\/31\/elevan-a-juicio-oral-un-caso-de-tentativa-de-homicidio-agravado-por-el-uso-de-arma-de-fuego\/\"},\"author\":{\"name\":\"apuntesdesanluis.com\",\"@id\":\"https:\/\/apuntesdesanluis.com\/#\/schema\/person\/b55151d52296fcce64d1a72538a70b90\"},\"headline\":\"ELEVAN A JUICIO ORAL UN CASO DE TENTATIVA DE HOMICIDIO AGRAVADO POR EL USO DE ARMA DE FUEGO\",\"datePublished\":\"2023-08-31T17:35:26+00:00\",\"mainEntityOfPage\":{\"@id\":\"https:\/\/apuntesdesanluis.com\/index.php\/2023\/08\/31\/elevan-a-juicio-oral-un-caso-de-tentativa-de-homicidio-agravado-por-el-uso-de-arma-de-fuego\/\"},\"wordCount\":769,\"publisher\":{\"@id\":\"https:\/\/apuntesdesanluis.com\/#\/schema\/person\/b55151d52296fcce64d1a72538a70b90\"},\"image\":{\"@id\":\"https:\/\/apuntesdesanluis.com\/index.php\/2023\/08\/31\/elevan-a-juicio-oral-un-caso-de-tentativa-de-homicidio-agravado-por-el-uso-de-arma-de-fuego\/#primaryimage\"},\"thumbnailUrl\":\"https:\/\/apuntesdesanluis.com\/wp-content\/uploads\/2023\/08\/juicio-7.png\",\"articleSection\":[\"Ciudad\/Provincia\"],\"inLanguage\":\"es-AR\"},{\"@type\":\"WebPage\",\"@id\":\"https:\/\/apuntesdesanluis.com\/index.php\/2023\/08\/31\/elevan-a-juicio-oral-un-caso-de-tentativa-de-homicidio-agravado-por-el-uso-de-arma-de-fuego\/\",\"url\":\"https:\/\/apuntesdesanluis.com\/index.php\/2023\/08\/31\/elevan-a-juicio-oral-un-caso-de-tentativa-de-homicidio-agravado-por-el-uso-de-arma-de-fuego\/\",\"name\":\"ELEVAN A JUICIO ORAL UN CASO DE TENTATIVA DE HOMICIDIO AGRAVADO POR EL USO DE ARMA DE FUEGO - Apuntes de San Luis\",\"isPartOf\":{\"@id\":\"https:\/\/apuntesdesanluis.com\/#website\"},\"primaryImageOfPage\":{\"@id\":\"https:\/\/apuntesdesanluis.com\/index.php\/2023\/08\/31\/elevan-a-juicio-oral-un-caso-de-tentativa-de-homicidio-agravado-por-el-uso-de-arma-de-fuego\/#primaryimage\"},\"image\":{\"@id\":\"https:\/\/apuntesdesanluis.com\/index.php\/2023\/08\/31\/elevan-a-juicio-oral-un-caso-de-tentativa-de-homicidio-agravado-por-el-uso-de-arma-de-fuego\/#primaryimage\"},\"thumbnailUrl\":\"https:\/\/apuntesdesanluis.com\/wp-content\/uploads\/2023\/08\/juicio-7.png\",\"datePublished\":\"2023-08-31T17:35:26+00:00\",\"breadcrumb\":{\"@id\":\"https:\/\/apuntesdesanluis.com\/index.php\/2023\/08\/31\/elevan-a-juicio-oral-un-caso-de-tentativa-de-homicidio-agravado-por-el-uso-de-arma-de-fuego\/#breadcrumb\"},\"inLanguage\":\"es-AR\",\"potentialAction\":[{\"@type\":\"ReadAction\",\"target\":[\"https:\/\/apuntesdesanluis.com\/index.php\/2023\/08\/31\/elevan-a-juicio-oral-un-caso-de-tentativa-de-homicidio-agravado-por-el-uso-de-arma-de-fuego\/\"]}]},{\"@type\":\"ImageObject\",\"inLanguage\":\"es-AR\",\"@id\":\"https:\/\/apuntesdesanluis.com\/index.php\/2023\/08\/31\/elevan-a-juicio-oral-un-caso-de-tentativa-de-homicidio-agravado-por-el-uso-de-arma-de-fuego\/#primaryimage\",\"url\":\"https:\/\/apuntesdesanluis.com\/wp-content\/uploads\/2023\/08\/juicio-7.png\",\"contentUrl\":\"https:\/\/apuntesdesanluis.com\/wp-content\/uploads\/2023\/08\/juicio-7.png\",\"width\":600,\"height\":399},{\"@type\":\"BreadcrumbList\",\"@id\":\"https:\/\/apuntesdesanluis.com\/index.php\/2023\/08\/31\/elevan-a-juicio-oral-un-caso-de-tentativa-de-homicidio-agravado-por-el-uso-de-arma-de-fuego\/#breadcrumb\",\"itemListElement\":[{\"@type\":\"ListItem\",\"position\":1,\"name\":\"Inicio\",\"item\":\"https:\/\/apuntesdesanluis.com\/\"},{\"@type\":\"ListItem\",\"position\":2,\"name\":\"ELEVAN A JUICIO ORAL UN CASO DE TENTATIVA DE HOMICIDIO AGRAVADO POR EL USO DE ARMA DE FUEGO\"}]},{\"@type\":\"WebSite\",\"@id\":\"https:\/\/apuntesdesanluis.com\/#website\",\"url\":\"https:\/\/apuntesdesanluis.com\/\",\"name\":\"Apuntes de San Luis\",\"description\":\"\",\"publisher\":{\"@id\":\"https:\/\/apuntesdesanluis.com\/#\/schema\/person\/b55151d52296fcce64d1a72538a70b90\"},\"potentialAction\":[{\"@type\":\"SearchAction\",\"target\":{\"@type\":\"EntryPoint\",\"urlTemplate\":\"https:\/\/apuntesdesanluis.com\/?s={search_term_string}\"},\"query-input\":{\"@type\":\"PropertyValueSpecification\",\"valueRequired\":true,\"valueName\":\"search_term_string\"}}],\"inLanguage\":\"es-AR\"},{\"@type\":[\"Person\",\"Organization\"],\"@id\":\"https:\/\/apuntesdesanluis.com\/#\/schema\/person\/b55151d52296fcce64d1a72538a70b90\",\"name\":\"apuntesdesanluis.com\",\"image\":{\"@type\":\"ImageObject\",\"inLanguage\":\"es-AR\",\"@id\":\"https:\/\/apuntesdesanluis.com\/#\/schema\/person\/image\/\",\"url\":\"https:\/\/apuntesdesanluis.com\/wp-content\/uploads\/2023\/07\/cropped-apuntesdesanluis.png\",\"contentUrl\":\"https:\/\/apuntesdesanluis.com\/wp-content\/uploads\/2023\/07\/cropped-apuntesdesanluis.png\",\"width\":450,\"height\":112,\"caption\":\"apuntesdesanluis.com\"},\"logo\":{\"@id\":\"https:\/\/apuntesdesanluis.com\/#\/schema\/person\/image\/\"},\"sameAs\":[\"https:\/\/apuntesdesanluis.com\"],\"url\":\"https:\/\/apuntesdesanluis.com\/index.php\/author\/apuntesdesanluis-com\/\"}]}<\/script>\n<!-- \/ Yoast SEO plugin. -->","yoast_head_json":{"title":"ELEVAN A JUICIO ORAL UN CASO DE TENTATIVA DE HOMICIDIO AGRAVADO POR EL USO DE ARMA DE FUEGO - Apuntes de San Luis","robots":{"index":"index","follow":"follow","max-snippet":"max-snippet:-1","max-image-preview":"max-image-preview:large","max-video-preview":"max-video-preview:-1"},"canonical":"https:\/\/apuntesdesanluis.com\/index.php\/2023\/08\/31\/elevan-a-juicio-oral-un-caso-de-tentativa-de-homicidio-agravado-por-el-uso-de-arma-de-fuego\/","og_locale":"es_ES","og_type":"article","og_title":"ELEVAN A JUICIO ORAL UN CASO DE TENTATIVA DE HOMICIDIO AGRAVADO POR EL USO DE ARMA DE FUEGO - Apuntes de San Luis","og_description":"El Juez de Garant\u00edas N\u00b0 3 de la Primera Circunscripci\u00f3n Judicial, Marcos Flores Leyes, orden\u00f3...","og_url":"https:\/\/apuntesdesanluis.com\/index.php\/2023\/08\/31\/elevan-a-juicio-oral-un-caso-de-tentativa-de-homicidio-agravado-por-el-uso-de-arma-de-fuego\/","og_site_name":"Apuntes de San Luis","article_published_time":"2023-08-31T17:35:26+00:00","og_image":[{"width":600,"height":399,"url":"https:\/\/apuntesdesanluis.com\/wp-content\/uploads\/2023\/08\/juicio-7.png","type":"image\/png"}],"author":"apuntesdesanluis.com","twitter_card":"summary_large_image","twitter_misc":{"Escrito por":"apuntesdesanluis.com","Tiempo de lectura":"4 minutos"},"schema":{"@context":"https:\/\/schema.org","@graph":[{"@type":"Article","@id":"https:\/\/apuntesdesanluis.com\/index.php\/2023\/08\/31\/elevan-a-juicio-oral-un-caso-de-tentativa-de-homicidio-agravado-por-el-uso-de-arma-de-fuego\/#article","isPartOf":{"@id":"https:\/\/apuntesdesanluis.com\/index.php\/2023\/08\/31\/elevan-a-juicio-oral-un-caso-de-tentativa-de-homicidio-agravado-por-el-uso-de-arma-de-fuego\/"},"author":{"name":"apuntesdesanluis.com","@id":"https:\/\/apuntesdesanluis.com\/#\/schema\/person\/b55151d52296fcce64d1a72538a70b90"},"headline":"ELEVAN A JUICIO ORAL UN CASO DE TENTATIVA DE HOMICIDIO AGRAVADO POR EL USO DE ARMA DE FUEGO","datePublished":"2023-08-31T17:35:26+00:00","mainEntityOfPage":{"@id":"https:\/\/apuntesdesanluis.com\/index.php\/2023\/08\/31\/elevan-a-juicio-oral-un-caso-de-tentativa-de-homicidio-agravado-por-el-uso-de-arma-de-fuego\/"},"wordCount":769,"publisher":{"@id":"https:\/\/apuntesdesanluis.com\/#\/schema\/person\/b55151d52296fcce64d1a72538a70b90"},"image":{"@id":"https:\/\/apuntesdesanluis.com\/index.php\/2023\/08\/31\/elevan-a-juicio-oral-un-caso-de-tentativa-de-homicidio-agravado-por-el-uso-de-arma-de-fuego\/#primaryimage"},"thumbnailUrl":"https:\/\/apuntesdesanluis.com\/wp-content\/uploads\/2023\/08\/juicio-7.png","articleSection":["Ciudad\/Provincia"],"inLanguage":"es-AR"},{"@type":"WebPage","@id":"https:\/\/apuntesdesanluis.com\/index.php\/2023\/08\/31\/elevan-a-juicio-oral-un-caso-de-tentativa-de-homicidio-agravado-por-el-uso-de-arma-de-fuego\/","url":"https:\/\/apuntesdesanluis.com\/index.php\/2023\/08\/31\/elevan-a-juicio-oral-un-caso-de-tentativa-de-homicidio-agravado-por-el-uso-de-arma-de-fuego\/","name":"ELEVAN A JUICIO ORAL UN CASO DE TENTATIVA DE HOMICIDIO AGRAVADO POR EL USO DE ARMA DE FUEGO - Apuntes de San Luis","isPartOf":{"@id":"https:\/\/apuntesdesanluis.com\/#website"},"primaryImageOfPage":{"@id":"https:\/\/apuntesdesanluis.com\/index.php\/2023\/08\/31\/elevan-a-juicio-oral-un-caso-de-tentativa-de-homicidio-agravado-por-el-uso-de-arma-de-fuego\/#primaryimage"},"image":{"@id":"https:\/\/apuntesdesanluis.com\/index.php\/2023\/08\/31\/elevan-a-juicio-oral-un-caso-de-tentativa-de-homicidio-agravado-por-el-uso-de-arma-de-fuego\/#primaryimage"},"thumbnailUrl":"https:\/\/apuntesdesanluis.com\/wp-content\/uploads\/2023\/08\/juicio-7.png","datePublished":"2023-08-31T17:35:26+00:00","breadcrumb":{"@id":"https:\/\/apuntesdesanluis.com\/index.php\/2023\/08\/31\/elevan-a-juicio-oral-un-caso-de-tentativa-de-homicidio-agravado-por-el-uso-de-arma-de-fuego\/#breadcrumb"},"inLanguage":"es-AR","potentialAction":[{"@type":"ReadAction","target":["https:\/\/apuntesdesanluis.com\/index.php\/2023\/08\/31\/elevan-a-juicio-oral-un-caso-de-tentativa-de-homicidio-agravado-por-el-uso-de-arma-de-fuego\/"]}]},{"@type":"ImageObject","inLanguage":"es-AR","@id":"https:\/\/apuntesdesanluis.com\/index.php\/2023\/08\/31\/elevan-a-juicio-oral-un-caso-de-tentativa-de-homicidio-agravado-por-el-uso-de-arma-de-fuego\/#primaryimage","url":"https:\/\/apuntesdesanluis.com\/wp-content\/uploads\/2023\/08\/juicio-7.png","contentUrl":"https:\/\/apuntesdesanluis.com\/wp-content\/uploads\/2023\/08\/juicio-7.png","width":600,"height":399},{"@type":"BreadcrumbList","@id":"https:\/\/apuntesdesanluis.com\/index.php\/2023\/08\/31\/elevan-a-juicio-oral-un-caso-de-tentativa-de-homicidio-agravado-por-el-uso-de-arma-de-fuego\/#breadcrumb","itemListElement":[{"@type":"ListItem","position":1,"name":"Inicio","item":"https:\/\/apuntesdesanluis.com\/"},{"@type":"ListItem","position":2,"name":"ELEVAN A JUICIO ORAL UN CASO DE TENTATIVA DE HOMICIDIO AGRAVADO POR EL USO DE ARMA DE FUEGO"}]},{"@type":"WebSite","@id":"https:\/\/apuntesdesanluis.com\/#website","url":"https:\/\/apuntesdesanluis.com\/","name":"Apuntes de San Luis","description":"","publisher":{"@id":"https:\/\/apuntesdesanluis.com\/#\/schema\/person\/b55151d52296fcce64d1a72538a70b90"},"potentialAction":[{"@type":"SearchAction","target":{"@type":"EntryPoint","urlTemplate":"https:\/\/apuntesdesanluis.com\/?s={search_term_string}"},"query-input":{"@type":"PropertyValueSpecification","valueRequired":true,"valueName":"search_term_string"}}],"inLanguage":"es-AR"},{"@type":["Person","Organization"],"@id":"https:\/\/apuntesdesanluis.com\/#\/schema\/person\/b55151d52296fcce64d1a72538a70b90","name":"apuntesdesanluis.com","image":{"@type":"ImageObject","inLanguage":"es-AR","@id":"https:\/\/apuntesdesanluis.com\/#\/schema\/person\/image\/","url":"https:\/\/apuntesdesanluis.com\/wp-content\/uploads\/2023\/07\/cropped-apuntesdesanluis.png","contentUrl":"https:\/\/apuntesdesanluis.com\/wp-content\/uploads\/2023\/07\/cropped-apuntesdesanluis.png","width":450,"height":112,"caption":"apuntesdesanluis.com"},"logo":{"@id":"https:\/\/apuntesdesanluis.com\/#\/schema\/person\/image\/"},"sameAs":["https:\/\/apuntesdesanluis.com"],"url":"https:\/\/apuntesdesanluis.com\/index.php\/author\/apuntesdesanluis-com\/"}]}},"featured_image_urls":{"full":["https:\/\/apuntesdesanluis.com\/wp-content\/uploads\/2023\/08\/juicio-7.png",600,399,false],"thumbnail":["https:\/\/apuntesdesanluis.com\/wp-content\/uploads\/2023\/08\/juicio-7-150x150.png",150,150,true],"medium":["https:\/\/apuntesdesanluis.com\/wp-content\/uploads\/2023\/08\/juicio-7-300x200.png",300,200,true],"medium_large":["https:\/\/apuntesdesanluis.com\/wp-content\/uploads\/2023\/08\/juicio-7.png",600,399,false],"large":["https:\/\/apuntesdesanluis.com\/wp-content\/uploads\/2023\/08\/juicio-7.png",600,399,false],"1536x1536":["https:\/\/apuntesdesanluis.com\/wp-content\/uploads\/2023\/08\/juicio-7.png",600,399,false],"2048x2048":["https:\/\/apuntesdesanluis.com\/wp-content\/uploads\/2023\/08\/juicio-7.png",600,399,false],"newsever-slider-full":["https:\/\/apuntesdesanluis.com\/wp-content\/uploads\/2023\/08\/juicio-7.png",600,399,false],"newsever-featured":["https:\/\/apuntesdesanluis.com\/wp-content\/uploads\/2023\/08\/juicio-7.png",600,399,false],"newsever-medium":["https:\/\/apuntesdesanluis.com\/wp-content\/uploads\/2023\/08\/juicio-7.png",600,399,false]},"author_info":{"display_name":"apuntesdesanluis.com","author_link":"https:\/\/apuntesdesanluis.com\/index.php\/author\/apuntesdesanluis-com\/"},"category_info":"<a href=\"https:\/\/apuntesdesanluis.com\/index.php\/category\/ciudad-provincia\/\" rel=\"category tag\">Ciudad\/Provincia<\/a>","tag_info":"Ciudad\/Provincia","comment_count":"0","_links":{"self":[{"href":"https:\/\/apuntesdesanluis.com\/index.php\/wp-json\/wp\/v2\/posts\/2462","targetHints":{"allow":["GET"]}}],"collection":[{"href":"https:\/\/apuntesdesanluis.com\/index.php\/wp-json\/wp\/v2\/posts"}],"about":[{"href":"https:\/\/apuntesdesanluis.com\/index.php\/wp-json\/wp\/v2\/types\/post"}],"author":[{"embeddable":true,"href":"https:\/\/apuntesdesanluis.com\/index.php\/wp-json\/wp\/v2\/users\/1"}],"replies":[{"embeddable":true,"href":"https:\/\/apuntesdesanluis.com\/index.php\/wp-json\/wp\/v2\/comments?post=2462"}],"version-history":[{"count":1,"href":"https:\/\/apuntesdesanluis.com\/index.php\/wp-json\/wp\/v2\/posts\/2462\/revisions"}],"predecessor-version":[{"id":2464,"href":"https:\/\/apuntesdesanluis.com\/index.php\/wp-json\/wp\/v2\/posts\/2462\/revisions\/2464"}],"wp:featuredmedia":[{"embeddable":true,"href":"https:\/\/apuntesdesanluis.com\/index.php\/wp-json\/wp\/v2\/media\/2463"}],"wp:attachment":[{"href":"https:\/\/apuntesdesanluis.com\/index.php\/wp-json\/wp\/v2\/media?parent=2462"}],"wp:term":[{"taxonomy":"category","embeddable":true,"href":"https:\/\/apuntesdesanluis.com\/index.php\/wp-json\/wp\/v2\/categories?post=2462"},{"taxonomy":"post_tag","embeddable":true,"href":"https:\/\/apuntesdesanluis.com\/index.php\/wp-json\/wp\/v2\/tags?post=2462"}],"curies":[{"name":"wp","href":"https:\/\/api.w.org\/{rel}","templated":true}]}}