{"id":24644,"date":"2024-10-31T21:18:11","date_gmt":"2024-11-01T00:18:11","guid":{"rendered":"https:\/\/apuntesdesanluis.com\/?p=24644"},"modified":"2024-10-31T21:18:11","modified_gmt":"2024-11-01T00:18:11","slug":"pelea-a-la-salida-de-un-boliche-reformularon-cargos-y-liberaron-al-imputado","status":"publish","type":"post","link":"https:\/\/apuntesdesanluis.com\/index.php\/2024\/10\/31\/pelea-a-la-salida-de-un-boliche-reformularon-cargos-y-liberaron-al-imputado\/","title":{"rendered":"PELEA A LA SALIDA DE UN BOLICHE: REFORMULARON CARGOS Y LIBERARON AL IMPUTADO"},"content":{"rendered":"<h3>La audiencia se realiz\u00f3 en el Juzgado de Garant\u00eda N\u00ba 3 de la Segunda Circunscripci\u00f3n Judicial.<\/h3>\n<h3>Este jueves, vencida ya la pr\u00f3rroga de detenci\u00f3n para el imputado por un hecho ocurrido el pasado domingo 27 de octubre a la salida de un boliche, se realiz\u00f3 una nueva audiencia.<\/h3>\n<h3>En esta oportunidad, la Fiscal\u00eda inform\u00f3 que en este plazo se incorporaron nuevas evidencias compartidas con la Defensor\u00eda, en relaci\u00f3n a ello, solicit\u00f3 que se retiren los cargos por lesiones graves.<\/h3>\n<h3>Explic\u00f3 que hay testigos que no pueden identificar qui\u00e9n lo golpea pero si pueden afirmar que el imputado no fue, que parte de las entrevistas y evidencias nuevas desincriminan al imputado por el otro delito.<\/h3>\n<h3>Asimismo, expres\u00f3 que surgieron otros indicios, por lo que reformul\u00f3 cargos por lesiones leves como co autor, en perjuicio de otro joven, dijo que hay im\u00e1genes de las c\u00e1maras de seguridad del primer conflicto \u2013cuando sacan a un grupo del lugar- donde se ve la agresi\u00f3n -empujones y patadas-\u00a0 a otro chico, quien inst\u00f3 la acci\u00f3n. En principio las lesiones ser\u00edan leves, aclar\u00f3.\u00a0 Tambi\u00e9n inform\u00f3 que hay otros sindicados.<\/h3>\n<p><img fetchpriority=\"high\" decoding=\"async\" class=\"wp-image-24645 aligncenter\" src=\"https:\/\/apuntesdesanluis.com\/wp-content\/uploads\/2024\/10\/jueza-ucelay-2-300x196.png\" alt=\"\" width=\"621\" height=\"406\" srcset=\"https:\/\/apuntesdesanluis.com\/wp-content\/uploads\/2024\/10\/jueza-ucelay-2-300x196.png 300w, https:\/\/apuntesdesanluis.com\/wp-content\/uploads\/2024\/10\/jueza-ucelay-2-768x503.png 768w, https:\/\/apuntesdesanluis.com\/wp-content\/uploads\/2024\/10\/jueza-ucelay-2.png 814w\" sizes=\"(max-width: 621px) 100vw, 621px\" \/><\/p>\n<h3>Como medida solicit\u00f3, la firma del libro una vez por semana por el t\u00e9rmino de cuatro meses, la entrega del tel\u00e9fono y la autorizaci\u00f3n del peritaje del mismo.<\/h3>\n<h3>La Defensora, por su parte, expres\u00f3 que atengo a que se comparte la teor\u00eda del caso y a las evidencias incorporadas en conjunto, no iba a hacer objeci\u00f3n en relaci\u00f3n a la reformulaci\u00f3n de cargos y a las medidas solicitadas. Hizo reserva de la posibilidad de una soluci\u00f3n alternativa del conflicto.<\/h3>\n<h3>En relaci\u00f3n a la autorizaci\u00f3n del peritaje, la Defensora aleg\u00f3 que no tiene tel\u00e9fono y se puso a disposici\u00f3n el perfil de Instagram del imputado para analizar.<\/h3>\n<h3>La Dra. Mirta Ucelay \u2013Juez de Garant\u00edas N\u00ba3- atento a la evidencia nueva compartida por el Ministerio P\u00fablico Fiscal y el Ministerio de la Defensa, consider\u00f3 que existen fundamentos para retirar la calificaci\u00f3n que se hiciera por el delito de lesiones graves el pasado 28 de octubre.<\/h3>\n<h3>Y agreg\u00f3 que atento a la nueva prueba, denuncia, instancia de la acci\u00f3n,\u00a0 se re\u00fanen los indicios necesarios para reformular la conducta como co autor del delito de lesiones leves.<\/h3>\n<h3>El trabajo en conjunto realizado, ha logrado dilucidar la prueba que contrapesaba en la anterior formulaci\u00f3n de cargos provisoria, manifest\u00f3 la magistrada.<\/h3>\n<h3>Orden\u00f3 la libertad, la firma del libro una vez por semana por cuatro meses, que fije domicilio, y presentarse ante el primer llamado, dej\u00f3 presente la reserva del planteo de la Defensa en relaci\u00f3n a la posibilidad de una soluci\u00f3n alternativa del conflicto.<\/h3>\n<h3>En relaci\u00f3n a la autorizaci\u00f3n solicitada por Fiscal\u00eda, inst\u00f3 a que se realice a trav\u00e9s de los medios pertinentes la comprobaci\u00f3n de si el imputado posee tel\u00e9fono celular, quedando en suspenso el peritaje. Con la anuencia del imputado, se aportar\u00e1 el perfil de Instagram solicitado por la Fiscal\u00eda.<\/h3>\n<h3>Por \u00faltimo, la Defensora solicit\u00f3 que en el caso que exista la aprehensi\u00f3n de otras personas que podr\u00edan tener participaci\u00f3n en la causa, se de intervenci\u00f3n a la Defensor\u00eda que por turno corresponda por que pueden existir intereses contrapuestos.\u00a0 La Juez hizo lugar.<\/h3>\n<h3>En representaci\u00f3n del MPF intervinieron las Dras. Daniela Torres -Fiscal de Instrucci\u00f3n-, y la Dra. Julieta Moyano -Fiscal Adjunta-, en representaci\u00f3n del MPD la Dra. Cecilia Mithiaux -Defensora Oficial en lo Penal-. Como Secretaria del Juzgado, la Dra. Natalia Pereyra Cardini.<\/h3>\n<p>&nbsp;<\/p>\n<p>&nbsp;<\/p>\n<p>&nbsp;<\/p>\n<p>&nbsp;<\/p>\n<p>&nbsp;<\/p>\n<p>&nbsp;<\/p>\n","protected":false},"excerpt":{"rendered":"<p>La audiencia se realiz\u00f3 en el Juzgado de Garant\u00eda N\u00ba 3 de la Segunda Circunscripci\u00f3n&#8230;<\/p>\n","protected":false},"author":1,"featured_media":24423,"comment_status":"closed","ping_status":"closed","sticky":false,"template":"","format":"standard","meta":{"footnotes":""},"categories":[6],"tags":[],"class_list":["post-24644","post","type-post","status-publish","format-standard","has-post-thumbnail","hentry","category-ciudad-provincia"],"yoast_head":"<!-- This site is optimized with the Yoast SEO plugin v26.1.1 - https:\/\/yoast.com\/wordpress\/plugins\/seo\/ -->\n<title>PELEA A LA SALIDA DE UN BOLICHE: REFORMULARON CARGOS Y LIBERARON AL IMPUTADO - Apuntes de San Luis<\/title>\n<meta name=\"robots\" content=\"index, follow, max-snippet:-1, max-image-preview:large, max-video-preview:-1\" \/>\n<link rel=\"canonical\" href=\"https:\/\/apuntesdesanluis.com\/index.php\/2024\/10\/31\/pelea-a-la-salida-de-un-boliche-reformularon-cargos-y-liberaron-al-imputado\/\" \/>\n<meta property=\"og:locale\" content=\"es_ES\" \/>\n<meta property=\"og:type\" content=\"article\" \/>\n<meta property=\"og:title\" content=\"PELEA A LA SALIDA DE UN BOLICHE: REFORMULARON CARGOS Y LIBERARON AL IMPUTADO - Apuntes de San Luis\" \/>\n<meta property=\"og:description\" content=\"La audiencia se realiz\u00f3 en el Juzgado de Garant\u00eda N\u00ba 3 de la Segunda Circunscripci\u00f3n...\" \/>\n<meta property=\"og:url\" content=\"https:\/\/apuntesdesanluis.com\/index.php\/2024\/10\/31\/pelea-a-la-salida-de-un-boliche-reformularon-cargos-y-liberaron-al-imputado\/\" \/>\n<meta property=\"og:site_name\" content=\"Apuntes de San Luis\" \/>\n<meta property=\"article:published_time\" content=\"2024-11-01T00:18:11+00:00\" \/>\n<meta property=\"og:image\" content=\"https:\/\/apuntesdesanluis.com\/wp-content\/uploads\/2024\/10\/Espacio-Mitre.jpg\" \/>\n\t<meta property=\"og:image:width\" content=\"578\" \/>\n\t<meta property=\"og:image:height\" content=\"270\" \/>\n\t<meta property=\"og:image:type\" content=\"image\/jpeg\" \/>\n<meta name=\"author\" content=\"apuntesdesanluis.com\" \/>\n<meta name=\"twitter:card\" content=\"summary_large_image\" \/>\n<meta name=\"twitter:label1\" content=\"Escrito por\" \/>\n\t<meta name=\"twitter:data1\" content=\"apuntesdesanluis.com\" \/>\n\t<meta name=\"twitter:label2\" content=\"Tiempo de lectura\" \/>\n\t<meta name=\"twitter:data2\" content=\"3 minutos\" \/>\n<script type=\"application\/ld+json\" class=\"yoast-schema-graph\">{\"@context\":\"https:\/\/schema.org\",\"@graph\":[{\"@type\":\"Article\",\"@id\":\"https:\/\/apuntesdesanluis.com\/index.php\/2024\/10\/31\/pelea-a-la-salida-de-un-boliche-reformularon-cargos-y-liberaron-al-imputado\/#article\",\"isPartOf\":{\"@id\":\"https:\/\/apuntesdesanluis.com\/index.php\/2024\/10\/31\/pelea-a-la-salida-de-un-boliche-reformularon-cargos-y-liberaron-al-imputado\/\"},\"author\":{\"name\":\"apuntesdesanluis.com\",\"@id\":\"https:\/\/apuntesdesanluis.com\/#\/schema\/person\/b55151d52296fcce64d1a72538a70b90\"},\"headline\":\"PELEA A LA SALIDA DE UN BOLICHE: REFORMULARON CARGOS Y LIBERARON AL IMPUTADO\",\"datePublished\":\"2024-11-01T00:18:11+00:00\",\"mainEntityOfPage\":{\"@id\":\"https:\/\/apuntesdesanluis.com\/index.php\/2024\/10\/31\/pelea-a-la-salida-de-un-boliche-reformularon-cargos-y-liberaron-al-imputado\/\"},\"wordCount\":629,\"publisher\":{\"@id\":\"https:\/\/apuntesdesanluis.com\/#\/schema\/person\/b55151d52296fcce64d1a72538a70b90\"},\"image\":{\"@id\":\"https:\/\/apuntesdesanluis.com\/index.php\/2024\/10\/31\/pelea-a-la-salida-de-un-boliche-reformularon-cargos-y-liberaron-al-imputado\/#primaryimage\"},\"thumbnailUrl\":\"https:\/\/apuntesdesanluis.com\/wp-content\/uploads\/2024\/10\/Espacio-Mitre.jpg\",\"articleSection\":[\"Ciudad\/Provincia\"],\"inLanguage\":\"es-AR\"},{\"@type\":\"WebPage\",\"@id\":\"https:\/\/apuntesdesanluis.com\/index.php\/2024\/10\/31\/pelea-a-la-salida-de-un-boliche-reformularon-cargos-y-liberaron-al-imputado\/\",\"url\":\"https:\/\/apuntesdesanluis.com\/index.php\/2024\/10\/31\/pelea-a-la-salida-de-un-boliche-reformularon-cargos-y-liberaron-al-imputado\/\",\"name\":\"PELEA A LA SALIDA DE UN BOLICHE: REFORMULARON CARGOS Y LIBERARON AL IMPUTADO - Apuntes de San Luis\",\"isPartOf\":{\"@id\":\"https:\/\/apuntesdesanluis.com\/#website\"},\"primaryImageOfPage\":{\"@id\":\"https:\/\/apuntesdesanluis.com\/index.php\/2024\/10\/31\/pelea-a-la-salida-de-un-boliche-reformularon-cargos-y-liberaron-al-imputado\/#primaryimage\"},\"image\":{\"@id\":\"https:\/\/apuntesdesanluis.com\/index.php\/2024\/10\/31\/pelea-a-la-salida-de-un-boliche-reformularon-cargos-y-liberaron-al-imputado\/#primaryimage\"},\"thumbnailUrl\":\"https:\/\/apuntesdesanluis.com\/wp-content\/uploads\/2024\/10\/Espacio-Mitre.jpg\",\"datePublished\":\"2024-11-01T00:18:11+00:00\",\"breadcrumb\":{\"@id\":\"https:\/\/apuntesdesanluis.com\/index.php\/2024\/10\/31\/pelea-a-la-salida-de-un-boliche-reformularon-cargos-y-liberaron-al-imputado\/#breadcrumb\"},\"inLanguage\":\"es-AR\",\"potentialAction\":[{\"@type\":\"ReadAction\",\"target\":[\"https:\/\/apuntesdesanluis.com\/index.php\/2024\/10\/31\/pelea-a-la-salida-de-un-boliche-reformularon-cargos-y-liberaron-al-imputado\/\"]}]},{\"@type\":\"ImageObject\",\"inLanguage\":\"es-AR\",\"@id\":\"https:\/\/apuntesdesanluis.com\/index.php\/2024\/10\/31\/pelea-a-la-salida-de-un-boliche-reformularon-cargos-y-liberaron-al-imputado\/#primaryimage\",\"url\":\"https:\/\/apuntesdesanluis.com\/wp-content\/uploads\/2024\/10\/Espacio-Mitre.jpg\",\"contentUrl\":\"https:\/\/apuntesdesanluis.com\/wp-content\/uploads\/2024\/10\/Espacio-Mitre.jpg\",\"width\":578,\"height\":270},{\"@type\":\"BreadcrumbList\",\"@id\":\"https:\/\/apuntesdesanluis.com\/index.php\/2024\/10\/31\/pelea-a-la-salida-de-un-boliche-reformularon-cargos-y-liberaron-al-imputado\/#breadcrumb\",\"itemListElement\":[{\"@type\":\"ListItem\",\"position\":1,\"name\":\"Inicio\",\"item\":\"https:\/\/apuntesdesanluis.com\/\"},{\"@type\":\"ListItem\",\"position\":2,\"name\":\"PELEA A LA SALIDA DE UN BOLICHE: REFORMULARON CARGOS Y LIBERARON AL IMPUTADO\"}]},{\"@type\":\"WebSite\",\"@id\":\"https:\/\/apuntesdesanluis.com\/#website\",\"url\":\"https:\/\/apuntesdesanluis.com\/\",\"name\":\"Apuntes de San Luis\",\"description\":\"\",\"publisher\":{\"@id\":\"https:\/\/apuntesdesanluis.com\/#\/schema\/person\/b55151d52296fcce64d1a72538a70b90\"},\"potentialAction\":[{\"@type\":\"SearchAction\",\"target\":{\"@type\":\"EntryPoint\",\"urlTemplate\":\"https:\/\/apuntesdesanluis.com\/?s={search_term_string}\"},\"query-input\":{\"@type\":\"PropertyValueSpecification\",\"valueRequired\":true,\"valueName\":\"search_term_string\"}}],\"inLanguage\":\"es-AR\"},{\"@type\":[\"Person\",\"Organization\"],\"@id\":\"https:\/\/apuntesdesanluis.com\/#\/schema\/person\/b55151d52296fcce64d1a72538a70b90\",\"name\":\"apuntesdesanluis.com\",\"image\":{\"@type\":\"ImageObject\",\"inLanguage\":\"es-AR\",\"@id\":\"https:\/\/apuntesdesanluis.com\/#\/schema\/person\/image\/\",\"url\":\"https:\/\/apuntesdesanluis.com\/wp-content\/uploads\/2023\/07\/cropped-apuntesdesanluis.png\",\"contentUrl\":\"https:\/\/apuntesdesanluis.com\/wp-content\/uploads\/2023\/07\/cropped-apuntesdesanluis.png\",\"width\":450,\"height\":112,\"caption\":\"apuntesdesanluis.com\"},\"logo\":{\"@id\":\"https:\/\/apuntesdesanluis.com\/#\/schema\/person\/image\/\"},\"sameAs\":[\"https:\/\/apuntesdesanluis.com\"],\"url\":\"https:\/\/apuntesdesanluis.com\/index.php\/author\/apuntesdesanluis-com\/\"}]}<\/script>\n<!-- \/ Yoast SEO plugin. -->","yoast_head_json":{"title":"PELEA A LA SALIDA DE UN BOLICHE: REFORMULARON CARGOS Y LIBERARON AL IMPUTADO - Apuntes de San Luis","robots":{"index":"index","follow":"follow","max-snippet":"max-snippet:-1","max-image-preview":"max-image-preview:large","max-video-preview":"max-video-preview:-1"},"canonical":"https:\/\/apuntesdesanluis.com\/index.php\/2024\/10\/31\/pelea-a-la-salida-de-un-boliche-reformularon-cargos-y-liberaron-al-imputado\/","og_locale":"es_ES","og_type":"article","og_title":"PELEA A LA SALIDA DE UN BOLICHE: REFORMULARON CARGOS Y LIBERARON AL IMPUTADO - Apuntes de San Luis","og_description":"La audiencia se realiz\u00f3 en el Juzgado de Garant\u00eda N\u00ba 3 de la Segunda Circunscripci\u00f3n...","og_url":"https:\/\/apuntesdesanluis.com\/index.php\/2024\/10\/31\/pelea-a-la-salida-de-un-boliche-reformularon-cargos-y-liberaron-al-imputado\/","og_site_name":"Apuntes de San Luis","article_published_time":"2024-11-01T00:18:11+00:00","og_image":[{"width":578,"height":270,"url":"https:\/\/apuntesdesanluis.com\/wp-content\/uploads\/2024\/10\/Espacio-Mitre.jpg","type":"image\/jpeg"}],"author":"apuntesdesanluis.com","twitter_card":"summary_large_image","twitter_misc":{"Escrito por":"apuntesdesanluis.com","Tiempo de lectura":"3 minutos"},"schema":{"@context":"https:\/\/schema.org","@graph":[{"@type":"Article","@id":"https:\/\/apuntesdesanluis.com\/index.php\/2024\/10\/31\/pelea-a-la-salida-de-un-boliche-reformularon-cargos-y-liberaron-al-imputado\/#article","isPartOf":{"@id":"https:\/\/apuntesdesanluis.com\/index.php\/2024\/10\/31\/pelea-a-la-salida-de-un-boliche-reformularon-cargos-y-liberaron-al-imputado\/"},"author":{"name":"apuntesdesanluis.com","@id":"https:\/\/apuntesdesanluis.com\/#\/schema\/person\/b55151d52296fcce64d1a72538a70b90"},"headline":"PELEA A LA SALIDA DE UN BOLICHE: REFORMULARON CARGOS Y LIBERARON AL IMPUTADO","datePublished":"2024-11-01T00:18:11+00:00","mainEntityOfPage":{"@id":"https:\/\/apuntesdesanluis.com\/index.php\/2024\/10\/31\/pelea-a-la-salida-de-un-boliche-reformularon-cargos-y-liberaron-al-imputado\/"},"wordCount":629,"publisher":{"@id":"https:\/\/apuntesdesanluis.com\/#\/schema\/person\/b55151d52296fcce64d1a72538a70b90"},"image":{"@id":"https:\/\/apuntesdesanluis.com\/index.php\/2024\/10\/31\/pelea-a-la-salida-de-un-boliche-reformularon-cargos-y-liberaron-al-imputado\/#primaryimage"},"thumbnailUrl":"https:\/\/apuntesdesanluis.com\/wp-content\/uploads\/2024\/10\/Espacio-Mitre.jpg","articleSection":["Ciudad\/Provincia"],"inLanguage":"es-AR"},{"@type":"WebPage","@id":"https:\/\/apuntesdesanluis.com\/index.php\/2024\/10\/31\/pelea-a-la-salida-de-un-boliche-reformularon-cargos-y-liberaron-al-imputado\/","url":"https:\/\/apuntesdesanluis.com\/index.php\/2024\/10\/31\/pelea-a-la-salida-de-un-boliche-reformularon-cargos-y-liberaron-al-imputado\/","name":"PELEA A LA SALIDA DE UN BOLICHE: REFORMULARON CARGOS Y LIBERARON AL IMPUTADO - Apuntes de San Luis","isPartOf":{"@id":"https:\/\/apuntesdesanluis.com\/#website"},"primaryImageOfPage":{"@id":"https:\/\/apuntesdesanluis.com\/index.php\/2024\/10\/31\/pelea-a-la-salida-de-un-boliche-reformularon-cargos-y-liberaron-al-imputado\/#primaryimage"},"image":{"@id":"https:\/\/apuntesdesanluis.com\/index.php\/2024\/10\/31\/pelea-a-la-salida-de-un-boliche-reformularon-cargos-y-liberaron-al-imputado\/#primaryimage"},"thumbnailUrl":"https:\/\/apuntesdesanluis.com\/wp-content\/uploads\/2024\/10\/Espacio-Mitre.jpg","datePublished":"2024-11-01T00:18:11+00:00","breadcrumb":{"@id":"https:\/\/apuntesdesanluis.com\/index.php\/2024\/10\/31\/pelea-a-la-salida-de-un-boliche-reformularon-cargos-y-liberaron-al-imputado\/#breadcrumb"},"inLanguage":"es-AR","potentialAction":[{"@type":"ReadAction","target":["https:\/\/apuntesdesanluis.com\/index.php\/2024\/10\/31\/pelea-a-la-salida-de-un-boliche-reformularon-cargos-y-liberaron-al-imputado\/"]}]},{"@type":"ImageObject","inLanguage":"es-AR","@id":"https:\/\/apuntesdesanluis.com\/index.php\/2024\/10\/31\/pelea-a-la-salida-de-un-boliche-reformularon-cargos-y-liberaron-al-imputado\/#primaryimage","url":"https:\/\/apuntesdesanluis.com\/wp-content\/uploads\/2024\/10\/Espacio-Mitre.jpg","contentUrl":"https:\/\/apuntesdesanluis.com\/wp-content\/uploads\/2024\/10\/Espacio-Mitre.jpg","width":578,"height":270},{"@type":"BreadcrumbList","@id":"https:\/\/apuntesdesanluis.com\/index.php\/2024\/10\/31\/pelea-a-la-salida-de-un-boliche-reformularon-cargos-y-liberaron-al-imputado\/#breadcrumb","itemListElement":[{"@type":"ListItem","position":1,"name":"Inicio","item":"https:\/\/apuntesdesanluis.com\/"},{"@type":"ListItem","position":2,"name":"PELEA A LA SALIDA DE UN BOLICHE: REFORMULARON CARGOS Y LIBERARON AL IMPUTADO"}]},{"@type":"WebSite","@id":"https:\/\/apuntesdesanluis.com\/#website","url":"https:\/\/apuntesdesanluis.com\/","name":"Apuntes de San Luis","description":"","publisher":{"@id":"https:\/\/apuntesdesanluis.com\/#\/schema\/person\/b55151d52296fcce64d1a72538a70b90"},"potentialAction":[{"@type":"SearchAction","target":{"@type":"EntryPoint","urlTemplate":"https:\/\/apuntesdesanluis.com\/?s={search_term_string}"},"query-input":{"@type":"PropertyValueSpecification","valueRequired":true,"valueName":"search_term_string"}}],"inLanguage":"es-AR"},{"@type":["Person","Organization"],"@id":"https:\/\/apuntesdesanluis.com\/#\/schema\/person\/b55151d52296fcce64d1a72538a70b90","name":"apuntesdesanluis.com","image":{"@type":"ImageObject","inLanguage":"es-AR","@id":"https:\/\/apuntesdesanluis.com\/#\/schema\/person\/image\/","url":"https:\/\/apuntesdesanluis.com\/wp-content\/uploads\/2023\/07\/cropped-apuntesdesanluis.png","contentUrl":"https:\/\/apuntesdesanluis.com\/wp-content\/uploads\/2023\/07\/cropped-apuntesdesanluis.png","width":450,"height":112,"caption":"apuntesdesanluis.com"},"logo":{"@id":"https:\/\/apuntesdesanluis.com\/#\/schema\/person\/image\/"},"sameAs":["https:\/\/apuntesdesanluis.com"],"url":"https:\/\/apuntesdesanluis.com\/index.php\/author\/apuntesdesanluis-com\/"}]}},"featured_image_urls":{"full":["https:\/\/apuntesdesanluis.com\/wp-content\/uploads\/2024\/10\/Espacio-Mitre.jpg",578,270,false],"thumbnail":["https:\/\/apuntesdesanluis.com\/wp-content\/uploads\/2024\/10\/Espacio-Mitre-150x150.jpg",150,150,true],"medium":["https:\/\/apuntesdesanluis.com\/wp-content\/uploads\/2024\/10\/Espacio-Mitre-300x140.jpg",300,140,true],"medium_large":["https:\/\/apuntesdesanluis.com\/wp-content\/uploads\/2024\/10\/Espacio-Mitre.jpg",578,270,false],"large":["https:\/\/apuntesdesanluis.com\/wp-content\/uploads\/2024\/10\/Espacio-Mitre.jpg",578,270,false],"1536x1536":["https:\/\/apuntesdesanluis.com\/wp-content\/uploads\/2024\/10\/Espacio-Mitre.jpg",578,270,false],"2048x2048":["https:\/\/apuntesdesanluis.com\/wp-content\/uploads\/2024\/10\/Espacio-Mitre.jpg",578,270,false],"newsever-slider-full":["https:\/\/apuntesdesanluis.com\/wp-content\/uploads\/2024\/10\/Espacio-Mitre.jpg",578,270,false],"newsever-featured":["https:\/\/apuntesdesanluis.com\/wp-content\/uploads\/2024\/10\/Espacio-Mitre.jpg",578,270,false],"newsever-medium":["https:\/\/apuntesdesanluis.com\/wp-content\/uploads\/2024\/10\/Espacio-Mitre.jpg",578,270,false]},"author_info":{"display_name":"apuntesdesanluis.com","author_link":"https:\/\/apuntesdesanluis.com\/index.php\/author\/apuntesdesanluis-com\/"},"category_info":"<a href=\"https:\/\/apuntesdesanluis.com\/index.php\/category\/ciudad-provincia\/\" rel=\"category tag\">Ciudad\/Provincia<\/a>","tag_info":"Ciudad\/Provincia","comment_count":"0","_links":{"self":[{"href":"https:\/\/apuntesdesanluis.com\/index.php\/wp-json\/wp\/v2\/posts\/24644","targetHints":{"allow":["GET"]}}],"collection":[{"href":"https:\/\/apuntesdesanluis.com\/index.php\/wp-json\/wp\/v2\/posts"}],"about":[{"href":"https:\/\/apuntesdesanluis.com\/index.php\/wp-json\/wp\/v2\/types\/post"}],"author":[{"embeddable":true,"href":"https:\/\/apuntesdesanluis.com\/index.php\/wp-json\/wp\/v2\/users\/1"}],"replies":[{"embeddable":true,"href":"https:\/\/apuntesdesanluis.com\/index.php\/wp-json\/wp\/v2\/comments?post=24644"}],"version-history":[{"count":1,"href":"https:\/\/apuntesdesanluis.com\/index.php\/wp-json\/wp\/v2\/posts\/24644\/revisions"}],"predecessor-version":[{"id":24646,"href":"https:\/\/apuntesdesanluis.com\/index.php\/wp-json\/wp\/v2\/posts\/24644\/revisions\/24646"}],"wp:featuredmedia":[{"embeddable":true,"href":"https:\/\/apuntesdesanluis.com\/index.php\/wp-json\/wp\/v2\/media\/24423"}],"wp:attachment":[{"href":"https:\/\/apuntesdesanluis.com\/index.php\/wp-json\/wp\/v2\/media?parent=24644"}],"wp:term":[{"taxonomy":"category","embeddable":true,"href":"https:\/\/apuntesdesanluis.com\/index.php\/wp-json\/wp\/v2\/categories?post=24644"},{"taxonomy":"post_tag","embeddable":true,"href":"https:\/\/apuntesdesanluis.com\/index.php\/wp-json\/wp\/v2\/tags?post=24644"}],"curies":[{"name":"wp","href":"https:\/\/api.w.org\/{rel}","templated":true}]}}