{"id":24647,"date":"2024-10-31T21:22:39","date_gmt":"2024-11-01T00:22:39","guid":{"rendered":"https:\/\/apuntesdesanluis.com\/?p=24647"},"modified":"2024-10-31T21:22:39","modified_gmt":"2024-11-01T00:22:39","slug":"el-puente-monsenor-miranda-sera-reinaugurado-el-1-de-diciembre","status":"publish","type":"post","link":"https:\/\/apuntesdesanluis.com\/index.php\/2024\/10\/31\/el-puente-monsenor-miranda-sera-reinaugurado-el-1-de-diciembre\/","title":{"rendered":"EL PUENTE \u2018MONSE\u00d1OR MIRANDA\u2019 SER\u00c1 REINAUGURADO EL 1\u00b0 DE DICIEMBRE"},"content":{"rendered":"<h3>Este jueves, como parte de su ya habitual visita a Villa Mercedes, el gobernador <strong>Claudio Poggi<\/strong> visit\u00f3 e inspeccion\u00f3 las obras de refacci\u00f3n del emblem\u00e1tico puente \u2018Monse\u00f1or Miranda\u2019, que cruza el r\u00edo Quinto y conecta el casco original de la ciudad con barrios, sectores habitacionales privados y la zona rural sudoeste, siendo un punto neur\u00e1lgico y de referencia en el departamento Pedernera.<\/h3>\n<h3>El mandatario anunci\u00f3 que la reinauguraci\u00f3n se celebrar\u00e1 el 1\u00b0 de diciembre, al conmemorarse el 168\u00b0 aniversario de Villa Mercedes.<\/h3>\n<p><img fetchpriority=\"high\" decoding=\"async\" class=\"wp-image-24649 aligncenter\" src=\"https:\/\/apuntesdesanluis.com\/wp-content\/uploads\/2024\/10\/poggi-en-el-puente-300x180.png\" alt=\"\" width=\"602\" height=\"361\" srcset=\"https:\/\/apuntesdesanluis.com\/wp-content\/uploads\/2024\/10\/poggi-en-el-puente-300x180.png 300w, https:\/\/apuntesdesanluis.com\/wp-content\/uploads\/2024\/10\/poggi-en-el-puente.png 700w\" sizes=\"(max-width: 602px) 100vw, 602px\" \/><\/p>\n<h3>Durante la visita, la arquitecta <strong>Valeria Lange<\/strong>, encargada del proyecto, present\u00f3 al Gobernador y dem\u00e1s autoridades locales, entre ellos el intendente Maximiliano Frontera, los detalles de los trabajos en ejecuci\u00f3n, que buscan no solo verificar el estado estructural del puente sino tambi\u00e9n realzar su valor est\u00e9tico y su funcionalidad como un espacio seguro y moderno para quienes lo transitan diariamente.<\/h3>\n<p><iframe title=\"Valeria Lange, arquitecta\" width=\"640\" height=\"360\" src=\"https:\/\/www.youtube.com\/embed\/nAl3Kjzgt8w?feature=oembed\" frameborder=\"0\" allow=\"accelerometer; autoplay; clipboard-write; encrypted-media; gyroscope; picture-in-picture; web-share\" referrerpolicy=\"strict-origin-when-cross-origin\" allowfullscreen><\/iframe><\/p>\n<h3>Las renovaciones, anunciadas previamente por el Primer Mandatario en su \u00faltima visita al complejo urban\u00edstico La Ribera, responden a una demanda de la comunidad y destacan la importancia de mantener en \u00f3ptimas condiciones uno de los principales accesos a Villa Mercedes.<\/h3>\n<h3>\u201cEs un \u00edcono hist\u00f3rico que une los barrios San Antonio y La Ribera, que ha estado pr\u00e1cticamente en la oscuridad por a\u00f1os, lo cual afectaba tambi\u00e9n la seguridad de la zona\u201d, explic\u00f3 Lange.<\/h3>\n<h3>El proyecto incluye la instalaci\u00f3n de focos LED para iluminar el puente desde abajo, luces verticales para el tr\u00e1fico y una tecnolog\u00eda de iluminaci\u00f3n RGB, que permitir\u00e1 utilizar luces de colores para eventos conmemorativos. Adem\u00e1s, se est\u00e1n restaurando luminarias oxidadas y reemplazando las quemadas para mejorar la seguridad.<\/h3>\n<h3><img decoding=\"async\" class=\"wp-image-24650 aligncenter\" src=\"https:\/\/apuntesdesanluis.com\/wp-content\/uploads\/2024\/10\/puente-300x208.png\" alt=\"\" width=\"636\" height=\"441\" srcset=\"https:\/\/apuntesdesanluis.com\/wp-content\/uploads\/2024\/10\/puente-300x208.png 300w, https:\/\/apuntesdesanluis.com\/wp-content\/uploads\/2024\/10\/puente.png 700w\" sizes=\"(max-width: 636px) 100vw, 636px\" \/><\/h3>\n<h3>Sobre la estructura del puente, la arquitecta destac\u00f3 que es una s\u00f3lida construcci\u00f3n de hormig\u00f3n. \u201cNuestra meta es recuperar el dise\u00f1o original, limpiando grafitis, repintando las \u00e1reas met\u00e1licas y fomentando su uso como espacio p\u00fablico\u201d, indic\u00f3. La renovaci\u00f3n permitir\u00e1 que tanto peatones como ciclistas transiten por la zona central del puente, contribuyendo a que este no sea solo un paso vial, sino tambi\u00e9n un espacio recreativo para la comunidad de Villa Mercedes.<\/h3>\n<h3>Antes de que finalizara la visita, el Gobernador camin\u00f3 hasta una peque\u00f1a playa donde corre el r\u00edo Quinto, ubicada debajo del puente, en la que tambi\u00e9n el Estado invertir\u00e1 para ponerla en condiciones, ya que es un lugar que la gente adopt\u00f3 para concurrir a refrescarse en verano.<\/h3>\n<p><img decoding=\"async\" class=\"wp-image-24651 aligncenter\" src=\"https:\/\/apuntesdesanluis.com\/wp-content\/uploads\/2024\/10\/puente-trabajos-300x190.png\" alt=\"\" width=\"651\" height=\"412\" srcset=\"https:\/\/apuntesdesanluis.com\/wp-content\/uploads\/2024\/10\/puente-trabajos-300x190.png 300w, https:\/\/apuntesdesanluis.com\/wp-content\/uploads\/2024\/10\/puente-trabajos.png 701w\" sizes=\"(max-width: 651px) 100vw, 651px\" \/><\/p>\n<p>&nbsp;<\/p>\n<p>&nbsp;<\/p>\n<p>&nbsp;<\/p>\n<p>&nbsp;<\/p>\n<p>&nbsp;<\/p>\n","protected":false},"excerpt":{"rendered":"<p>Este jueves, como parte de su ya habitual visita a Villa Mercedes, el gobernador Claudio&#8230;<\/p>\n","protected":false},"author":1,"featured_media":24648,"comment_status":"closed","ping_status":"closed","sticky":false,"template":"","format":"standard","meta":{"footnotes":""},"categories":[6],"tags":[],"class_list":["post-24647","post","type-post","status-publish","format-standard","has-post-thumbnail","hentry","category-ciudad-provincia"],"yoast_head":"<!-- This site is optimized with the Yoast SEO plugin v26.1.1 - https:\/\/yoast.com\/wordpress\/plugins\/seo\/ -->\n<title>EL PUENTE \u2018MONSE\u00d1OR MIRANDA\u2019 SER\u00c1 REINAUGURADO EL 1\u00b0 DE DICIEMBRE - Apuntes de San Luis<\/title>\n<meta name=\"robots\" content=\"index, follow, max-snippet:-1, max-image-preview:large, max-video-preview:-1\" \/>\n<link rel=\"canonical\" href=\"https:\/\/apuntesdesanluis.com\/index.php\/2024\/10\/31\/el-puente-monsenor-miranda-sera-reinaugurado-el-1-de-diciembre\/\" \/>\n<meta property=\"og:locale\" content=\"es_ES\" \/>\n<meta property=\"og:type\" content=\"article\" \/>\n<meta property=\"og:title\" content=\"EL PUENTE \u2018MONSE\u00d1OR MIRANDA\u2019 SER\u00c1 REINAUGURADO EL 1\u00b0 DE DICIEMBRE - Apuntes de San Luis\" \/>\n<meta property=\"og:description\" content=\"Este jueves, como parte de su ya habitual visita a Villa Mercedes, el gobernador Claudio...\" \/>\n<meta property=\"og:url\" content=\"https:\/\/apuntesdesanluis.com\/index.php\/2024\/10\/31\/el-puente-monsenor-miranda-sera-reinaugurado-el-1-de-diciembre\/\" \/>\n<meta property=\"og:site_name\" content=\"Apuntes de San Luis\" \/>\n<meta property=\"article:published_time\" content=\"2024-11-01T00:22:39+00:00\" \/>\n<meta property=\"og:image\" content=\"https:\/\/apuntesdesanluis.com\/wp-content\/uploads\/2024\/10\/poggi-caminando-en-el-puente.png\" \/>\n\t<meta property=\"og:image:width\" content=\"906\" \/>\n\t<meta property=\"og:image:height\" content=\"603\" \/>\n\t<meta property=\"og:image:type\" content=\"image\/png\" \/>\n<meta name=\"author\" content=\"apuntesdesanluis.com\" \/>\n<meta name=\"twitter:card\" content=\"summary_large_image\" \/>\n<meta name=\"twitter:label1\" content=\"Escrito por\" \/>\n\t<meta name=\"twitter:data1\" content=\"apuntesdesanluis.com\" \/>\n\t<meta name=\"twitter:label2\" content=\"Tiempo de lectura\" \/>\n\t<meta name=\"twitter:data2\" content=\"3 minutos\" \/>\n<script type=\"application\/ld+json\" class=\"yoast-schema-graph\">{\"@context\":\"https:\/\/schema.org\",\"@graph\":[{\"@type\":\"Article\",\"@id\":\"https:\/\/apuntesdesanluis.com\/index.php\/2024\/10\/31\/el-puente-monsenor-miranda-sera-reinaugurado-el-1-de-diciembre\/#article\",\"isPartOf\":{\"@id\":\"https:\/\/apuntesdesanluis.com\/index.php\/2024\/10\/31\/el-puente-monsenor-miranda-sera-reinaugurado-el-1-de-diciembre\/\"},\"author\":{\"name\":\"apuntesdesanluis.com\",\"@id\":\"https:\/\/apuntesdesanluis.com\/#\/schema\/person\/b55151d52296fcce64d1a72538a70b90\"},\"headline\":\"EL PUENTE \u2018MONSE\u00d1OR MIRANDA\u2019 SER\u00c1 REINAUGURADO EL 1\u00b0 DE DICIEMBRE\",\"datePublished\":\"2024-11-01T00:22:39+00:00\",\"mainEntityOfPage\":{\"@id\":\"https:\/\/apuntesdesanluis.com\/index.php\/2024\/10\/31\/el-puente-monsenor-miranda-sera-reinaugurado-el-1-de-diciembre\/\"},\"wordCount\":437,\"publisher\":{\"@id\":\"https:\/\/apuntesdesanluis.com\/#\/schema\/person\/b55151d52296fcce64d1a72538a70b90\"},\"image\":{\"@id\":\"https:\/\/apuntesdesanluis.com\/index.php\/2024\/10\/31\/el-puente-monsenor-miranda-sera-reinaugurado-el-1-de-diciembre\/#primaryimage\"},\"thumbnailUrl\":\"https:\/\/apuntesdesanluis.com\/wp-content\/uploads\/2024\/10\/poggi-caminando-en-el-puente.png\",\"articleSection\":[\"Ciudad\/Provincia\"],\"inLanguage\":\"es-AR\"},{\"@type\":\"WebPage\",\"@id\":\"https:\/\/apuntesdesanluis.com\/index.php\/2024\/10\/31\/el-puente-monsenor-miranda-sera-reinaugurado-el-1-de-diciembre\/\",\"url\":\"https:\/\/apuntesdesanluis.com\/index.php\/2024\/10\/31\/el-puente-monsenor-miranda-sera-reinaugurado-el-1-de-diciembre\/\",\"name\":\"EL PUENTE \u2018MONSE\u00d1OR MIRANDA\u2019 SER\u00c1 REINAUGURADO EL 1\u00b0 DE DICIEMBRE - Apuntes de San Luis\",\"isPartOf\":{\"@id\":\"https:\/\/apuntesdesanluis.com\/#website\"},\"primaryImageOfPage\":{\"@id\":\"https:\/\/apuntesdesanluis.com\/index.php\/2024\/10\/31\/el-puente-monsenor-miranda-sera-reinaugurado-el-1-de-diciembre\/#primaryimage\"},\"image\":{\"@id\":\"https:\/\/apuntesdesanluis.com\/index.php\/2024\/10\/31\/el-puente-monsenor-miranda-sera-reinaugurado-el-1-de-diciembre\/#primaryimage\"},\"thumbnailUrl\":\"https:\/\/apuntesdesanluis.com\/wp-content\/uploads\/2024\/10\/poggi-caminando-en-el-puente.png\",\"datePublished\":\"2024-11-01T00:22:39+00:00\",\"breadcrumb\":{\"@id\":\"https:\/\/apuntesdesanluis.com\/index.php\/2024\/10\/31\/el-puente-monsenor-miranda-sera-reinaugurado-el-1-de-diciembre\/#breadcrumb\"},\"inLanguage\":\"es-AR\",\"potentialAction\":[{\"@type\":\"ReadAction\",\"target\":[\"https:\/\/apuntesdesanluis.com\/index.php\/2024\/10\/31\/el-puente-monsenor-miranda-sera-reinaugurado-el-1-de-diciembre\/\"]}]},{\"@type\":\"ImageObject\",\"inLanguage\":\"es-AR\",\"@id\":\"https:\/\/apuntesdesanluis.com\/index.php\/2024\/10\/31\/el-puente-monsenor-miranda-sera-reinaugurado-el-1-de-diciembre\/#primaryimage\",\"url\":\"https:\/\/apuntesdesanluis.com\/wp-content\/uploads\/2024\/10\/poggi-caminando-en-el-puente.png\",\"contentUrl\":\"https:\/\/apuntesdesanluis.com\/wp-content\/uploads\/2024\/10\/poggi-caminando-en-el-puente.png\",\"width\":906,\"height\":603},{\"@type\":\"BreadcrumbList\",\"@id\":\"https:\/\/apuntesdesanluis.com\/index.php\/2024\/10\/31\/el-puente-monsenor-miranda-sera-reinaugurado-el-1-de-diciembre\/#breadcrumb\",\"itemListElement\":[{\"@type\":\"ListItem\",\"position\":1,\"name\":\"Inicio\",\"item\":\"https:\/\/apuntesdesanluis.com\/\"},{\"@type\":\"ListItem\",\"position\":2,\"name\":\"EL PUENTE \u2018MONSE\u00d1OR MIRANDA\u2019 SER\u00c1 REINAUGURADO EL 1\u00b0 DE DICIEMBRE\"}]},{\"@type\":\"WebSite\",\"@id\":\"https:\/\/apuntesdesanluis.com\/#website\",\"url\":\"https:\/\/apuntesdesanluis.com\/\",\"name\":\"Apuntes de San Luis\",\"description\":\"\",\"publisher\":{\"@id\":\"https:\/\/apuntesdesanluis.com\/#\/schema\/person\/b55151d52296fcce64d1a72538a70b90\"},\"potentialAction\":[{\"@type\":\"SearchAction\",\"target\":{\"@type\":\"EntryPoint\",\"urlTemplate\":\"https:\/\/apuntesdesanluis.com\/?s={search_term_string}\"},\"query-input\":{\"@type\":\"PropertyValueSpecification\",\"valueRequired\":true,\"valueName\":\"search_term_string\"}}],\"inLanguage\":\"es-AR\"},{\"@type\":[\"Person\",\"Organization\"],\"@id\":\"https:\/\/apuntesdesanluis.com\/#\/schema\/person\/b55151d52296fcce64d1a72538a70b90\",\"name\":\"apuntesdesanluis.com\",\"image\":{\"@type\":\"ImageObject\",\"inLanguage\":\"es-AR\",\"@id\":\"https:\/\/apuntesdesanluis.com\/#\/schema\/person\/image\/\",\"url\":\"https:\/\/apuntesdesanluis.com\/wp-content\/uploads\/2023\/07\/cropped-apuntesdesanluis.png\",\"contentUrl\":\"https:\/\/apuntesdesanluis.com\/wp-content\/uploads\/2023\/07\/cropped-apuntesdesanluis.png\",\"width\":450,\"height\":112,\"caption\":\"apuntesdesanluis.com\"},\"logo\":{\"@id\":\"https:\/\/apuntesdesanluis.com\/#\/schema\/person\/image\/\"},\"sameAs\":[\"https:\/\/apuntesdesanluis.com\"],\"url\":\"https:\/\/apuntesdesanluis.com\/index.php\/author\/apuntesdesanluis-com\/\"}]}<\/script>\n<!-- \/ Yoast SEO plugin. -->","yoast_head_json":{"title":"EL PUENTE \u2018MONSE\u00d1OR MIRANDA\u2019 SER\u00c1 REINAUGURADO EL 1\u00b0 DE DICIEMBRE - Apuntes de San Luis","robots":{"index":"index","follow":"follow","max-snippet":"max-snippet:-1","max-image-preview":"max-image-preview:large","max-video-preview":"max-video-preview:-1"},"canonical":"https:\/\/apuntesdesanluis.com\/index.php\/2024\/10\/31\/el-puente-monsenor-miranda-sera-reinaugurado-el-1-de-diciembre\/","og_locale":"es_ES","og_type":"article","og_title":"EL PUENTE \u2018MONSE\u00d1OR MIRANDA\u2019 SER\u00c1 REINAUGURADO EL 1\u00b0 DE DICIEMBRE - Apuntes de San Luis","og_description":"Este jueves, como parte de su ya habitual visita a Villa Mercedes, el gobernador Claudio...","og_url":"https:\/\/apuntesdesanluis.com\/index.php\/2024\/10\/31\/el-puente-monsenor-miranda-sera-reinaugurado-el-1-de-diciembre\/","og_site_name":"Apuntes de San Luis","article_published_time":"2024-11-01T00:22:39+00:00","og_image":[{"width":906,"height":603,"url":"https:\/\/apuntesdesanluis.com\/wp-content\/uploads\/2024\/10\/poggi-caminando-en-el-puente.png","type":"image\/png"}],"author":"apuntesdesanluis.com","twitter_card":"summary_large_image","twitter_misc":{"Escrito por":"apuntesdesanluis.com","Tiempo de lectura":"3 minutos"},"schema":{"@context":"https:\/\/schema.org","@graph":[{"@type":"Article","@id":"https:\/\/apuntesdesanluis.com\/index.php\/2024\/10\/31\/el-puente-monsenor-miranda-sera-reinaugurado-el-1-de-diciembre\/#article","isPartOf":{"@id":"https:\/\/apuntesdesanluis.com\/index.php\/2024\/10\/31\/el-puente-monsenor-miranda-sera-reinaugurado-el-1-de-diciembre\/"},"author":{"name":"apuntesdesanluis.com","@id":"https:\/\/apuntesdesanluis.com\/#\/schema\/person\/b55151d52296fcce64d1a72538a70b90"},"headline":"EL PUENTE \u2018MONSE\u00d1OR MIRANDA\u2019 SER\u00c1 REINAUGURADO EL 1\u00b0 DE DICIEMBRE","datePublished":"2024-11-01T00:22:39+00:00","mainEntityOfPage":{"@id":"https:\/\/apuntesdesanluis.com\/index.php\/2024\/10\/31\/el-puente-monsenor-miranda-sera-reinaugurado-el-1-de-diciembre\/"},"wordCount":437,"publisher":{"@id":"https:\/\/apuntesdesanluis.com\/#\/schema\/person\/b55151d52296fcce64d1a72538a70b90"},"image":{"@id":"https:\/\/apuntesdesanluis.com\/index.php\/2024\/10\/31\/el-puente-monsenor-miranda-sera-reinaugurado-el-1-de-diciembre\/#primaryimage"},"thumbnailUrl":"https:\/\/apuntesdesanluis.com\/wp-content\/uploads\/2024\/10\/poggi-caminando-en-el-puente.png","articleSection":["Ciudad\/Provincia"],"inLanguage":"es-AR"},{"@type":"WebPage","@id":"https:\/\/apuntesdesanluis.com\/index.php\/2024\/10\/31\/el-puente-monsenor-miranda-sera-reinaugurado-el-1-de-diciembre\/","url":"https:\/\/apuntesdesanluis.com\/index.php\/2024\/10\/31\/el-puente-monsenor-miranda-sera-reinaugurado-el-1-de-diciembre\/","name":"EL PUENTE \u2018MONSE\u00d1OR MIRANDA\u2019 SER\u00c1 REINAUGURADO EL 1\u00b0 DE DICIEMBRE - Apuntes de San Luis","isPartOf":{"@id":"https:\/\/apuntesdesanluis.com\/#website"},"primaryImageOfPage":{"@id":"https:\/\/apuntesdesanluis.com\/index.php\/2024\/10\/31\/el-puente-monsenor-miranda-sera-reinaugurado-el-1-de-diciembre\/#primaryimage"},"image":{"@id":"https:\/\/apuntesdesanluis.com\/index.php\/2024\/10\/31\/el-puente-monsenor-miranda-sera-reinaugurado-el-1-de-diciembre\/#primaryimage"},"thumbnailUrl":"https:\/\/apuntesdesanluis.com\/wp-content\/uploads\/2024\/10\/poggi-caminando-en-el-puente.png","datePublished":"2024-11-01T00:22:39+00:00","breadcrumb":{"@id":"https:\/\/apuntesdesanluis.com\/index.php\/2024\/10\/31\/el-puente-monsenor-miranda-sera-reinaugurado-el-1-de-diciembre\/#breadcrumb"},"inLanguage":"es-AR","potentialAction":[{"@type":"ReadAction","target":["https:\/\/apuntesdesanluis.com\/index.php\/2024\/10\/31\/el-puente-monsenor-miranda-sera-reinaugurado-el-1-de-diciembre\/"]}]},{"@type":"ImageObject","inLanguage":"es-AR","@id":"https:\/\/apuntesdesanluis.com\/index.php\/2024\/10\/31\/el-puente-monsenor-miranda-sera-reinaugurado-el-1-de-diciembre\/#primaryimage","url":"https:\/\/apuntesdesanluis.com\/wp-content\/uploads\/2024\/10\/poggi-caminando-en-el-puente.png","contentUrl":"https:\/\/apuntesdesanluis.com\/wp-content\/uploads\/2024\/10\/poggi-caminando-en-el-puente.png","width":906,"height":603},{"@type":"BreadcrumbList","@id":"https:\/\/apuntesdesanluis.com\/index.php\/2024\/10\/31\/el-puente-monsenor-miranda-sera-reinaugurado-el-1-de-diciembre\/#breadcrumb","itemListElement":[{"@type":"ListItem","position":1,"name":"Inicio","item":"https:\/\/apuntesdesanluis.com\/"},{"@type":"ListItem","position":2,"name":"EL PUENTE \u2018MONSE\u00d1OR MIRANDA\u2019 SER\u00c1 REINAUGURADO EL 1\u00b0 DE DICIEMBRE"}]},{"@type":"WebSite","@id":"https:\/\/apuntesdesanluis.com\/#website","url":"https:\/\/apuntesdesanluis.com\/","name":"Apuntes de San Luis","description":"","publisher":{"@id":"https:\/\/apuntesdesanluis.com\/#\/schema\/person\/b55151d52296fcce64d1a72538a70b90"},"potentialAction":[{"@type":"SearchAction","target":{"@type":"EntryPoint","urlTemplate":"https:\/\/apuntesdesanluis.com\/?s={search_term_string}"},"query-input":{"@type":"PropertyValueSpecification","valueRequired":true,"valueName":"search_term_string"}}],"inLanguage":"es-AR"},{"@type":["Person","Organization"],"@id":"https:\/\/apuntesdesanluis.com\/#\/schema\/person\/b55151d52296fcce64d1a72538a70b90","name":"apuntesdesanluis.com","image":{"@type":"ImageObject","inLanguage":"es-AR","@id":"https:\/\/apuntesdesanluis.com\/#\/schema\/person\/image\/","url":"https:\/\/apuntesdesanluis.com\/wp-content\/uploads\/2023\/07\/cropped-apuntesdesanluis.png","contentUrl":"https:\/\/apuntesdesanluis.com\/wp-content\/uploads\/2023\/07\/cropped-apuntesdesanluis.png","width":450,"height":112,"caption":"apuntesdesanluis.com"},"logo":{"@id":"https:\/\/apuntesdesanluis.com\/#\/schema\/person\/image\/"},"sameAs":["https:\/\/apuntesdesanluis.com"],"url":"https:\/\/apuntesdesanluis.com\/index.php\/author\/apuntesdesanluis-com\/"}]}},"featured_image_urls":{"full":["https:\/\/apuntesdesanluis.com\/wp-content\/uploads\/2024\/10\/poggi-caminando-en-el-puente.png",906,603,false],"thumbnail":["https:\/\/apuntesdesanluis.com\/wp-content\/uploads\/2024\/10\/poggi-caminando-en-el-puente-150x150.png",150,150,true],"medium":["https:\/\/apuntesdesanluis.com\/wp-content\/uploads\/2024\/10\/poggi-caminando-en-el-puente-300x200.png",300,200,true],"medium_large":["https:\/\/apuntesdesanluis.com\/wp-content\/uploads\/2024\/10\/poggi-caminando-en-el-puente-768x511.png",640,426,true],"large":["https:\/\/apuntesdesanluis.com\/wp-content\/uploads\/2024\/10\/poggi-caminando-en-el-puente.png",640,426,false],"1536x1536":["https:\/\/apuntesdesanluis.com\/wp-content\/uploads\/2024\/10\/poggi-caminando-en-el-puente.png",906,603,false],"2048x2048":["https:\/\/apuntesdesanluis.com\/wp-content\/uploads\/2024\/10\/poggi-caminando-en-el-puente.png",906,603,false],"newsever-slider-full":["https:\/\/apuntesdesanluis.com\/wp-content\/uploads\/2024\/10\/poggi-caminando-en-el-puente.png",906,603,false],"newsever-featured":["https:\/\/apuntesdesanluis.com\/wp-content\/uploads\/2024\/10\/poggi-caminando-en-el-puente.png",906,603,false],"newsever-medium":["https:\/\/apuntesdesanluis.com\/wp-content\/uploads\/2024\/10\/poggi-caminando-en-el-puente-720x475.png",720,475,true]},"author_info":{"display_name":"apuntesdesanluis.com","author_link":"https:\/\/apuntesdesanluis.com\/index.php\/author\/apuntesdesanluis-com\/"},"category_info":"<a href=\"https:\/\/apuntesdesanluis.com\/index.php\/category\/ciudad-provincia\/\" rel=\"category tag\">Ciudad\/Provincia<\/a>","tag_info":"Ciudad\/Provincia","comment_count":"0","_links":{"self":[{"href":"https:\/\/apuntesdesanluis.com\/index.php\/wp-json\/wp\/v2\/posts\/24647","targetHints":{"allow":["GET"]}}],"collection":[{"href":"https:\/\/apuntesdesanluis.com\/index.php\/wp-json\/wp\/v2\/posts"}],"about":[{"href":"https:\/\/apuntesdesanluis.com\/index.php\/wp-json\/wp\/v2\/types\/post"}],"author":[{"embeddable":true,"href":"https:\/\/apuntesdesanluis.com\/index.php\/wp-json\/wp\/v2\/users\/1"}],"replies":[{"embeddable":true,"href":"https:\/\/apuntesdesanluis.com\/index.php\/wp-json\/wp\/v2\/comments?post=24647"}],"version-history":[{"count":1,"href":"https:\/\/apuntesdesanluis.com\/index.php\/wp-json\/wp\/v2\/posts\/24647\/revisions"}],"predecessor-version":[{"id":24652,"href":"https:\/\/apuntesdesanluis.com\/index.php\/wp-json\/wp\/v2\/posts\/24647\/revisions\/24652"}],"wp:featuredmedia":[{"embeddable":true,"href":"https:\/\/apuntesdesanluis.com\/index.php\/wp-json\/wp\/v2\/media\/24648"}],"wp:attachment":[{"href":"https:\/\/apuntesdesanluis.com\/index.php\/wp-json\/wp\/v2\/media?parent=24647"}],"wp:term":[{"taxonomy":"category","embeddable":true,"href":"https:\/\/apuntesdesanluis.com\/index.php\/wp-json\/wp\/v2\/categories?post=24647"},{"taxonomy":"post_tag","embeddable":true,"href":"https:\/\/apuntesdesanluis.com\/index.php\/wp-json\/wp\/v2\/tags?post=24647"}],"curies":[{"name":"wp","href":"https:\/\/api.w.org\/{rel}","templated":true}]}}