{"id":24656,"date":"2024-11-01T00:18:02","date_gmt":"2024-11-01T03:18:02","guid":{"rendered":"https:\/\/apuntesdesanluis.com\/?p=24656"},"modified":"2024-11-01T00:18:02","modified_gmt":"2024-11-01T03:18:02","slug":"harris-y-trump-se-concentran-en-los-indecisos-y-latinos-en-el-tramo-final-de-la-campana","status":"publish","type":"post","link":"https:\/\/apuntesdesanluis.com\/index.php\/2024\/11\/01\/harris-y-trump-se-concentran-en-los-indecisos-y-latinos-en-el-tramo-final-de-la-campana\/","title":{"rendered":"HARRIS Y TRUMP SE CONCENTRAN EN LOS INDECISOS Y LATINOS EN EL TRAMO FINAL DE LA CAMPA\u00d1A"},"content":{"rendered":"<h3>Los candidatos presidenciales de los Estados Unidos, la dem\u00f3crata <strong>Kamala Harris<\/strong> y el republicano <strong>Donald Trump<\/strong>, concentran por estas horas sus esfuerzos finales de campa\u00f1a sobre los estados con mayor cantidad de indecisos y latinos.<\/h3>\n<h3>A poco de la definici\u00f3n de los comicios prevista para el pr\u00f3ximo martes, Harris estuvo este jueves con actividades en los estados de Arizona y Nevada.<\/h3>\n<h3>En tanto, el ex presidente tambi\u00e9n visit\u00f3 Arizona y Nevada, y sum\u00f3 Albuquerque y Nuevo M\u00e9xico.<\/h3>\n<h3>La vicepresidenta de los Estados Unidos apunt\u00f3 contra Trump y rechaz\u00f3 sus comentarios sobre las mujeres por considerarlos &#8220;ofensivos&#8221;.<\/h3>\n<h3>El ex mandatario norteamericano hab\u00eda dicho que proteger\u00eda a las mujeres &#8220;les guste o no&#8221;.<\/h3>\n<h3>Para Harris, esos dichos de Trump demuestran que no entiende la &#8220;a las mujeres, su autoridad, su derecho y su capacidad de tomar decisiones sobre sus propias vidas, incluidos sus propios cuerpos&#8221;.<\/h3>\n<h3>&#8220;Creo que es ofensivo para todos, por cierto&#8221;, dijo la postulante dem\u00f3crata, que protagonizar\u00e1 un evento con la cantante latina Jennifer L\u00f3pez.<\/h3>\n<h3>En tanto, Trump ten\u00eda previsto para esta jornada un evento en Glendale, Arizona, con el periodista conservador Tucker Carlson, quien meses atr\u00e1s entrevist\u00f3 al presidente argentino Javier Milei.<\/h3>\n<h3>El republicano sali\u00f3 al cruce del actual presidente norteamericano Joe Biden, quien esta semana tild\u00f3 de &#8220;basura&#8221; a los seguidores del magnate.<\/h3>\n<h3>&#8220;Tengo que empezar diciendo que 250 millones de estadounidenses no son basura&#8221;, resalt\u00f3 Trump, que incluso subi\u00f3 a un escenario con un chaleco reflectante naranja de recolector de residuos.<\/h3>\n<p>&nbsp;<\/p>\n<p>&nbsp;<\/p>\n<p>&nbsp;<\/p>\n<p>&nbsp;<\/p>\n<p>&nbsp;<\/p>\n<p>&nbsp;<\/p>\n","protected":false},"excerpt":{"rendered":"<p>Los candidatos presidenciales de los Estados Unidos, la dem\u00f3crata Kamala Harris y el republicano Donald&#8230;<\/p>\n","protected":false},"author":1,"featured_media":24657,"comment_status":"closed","ping_status":"closed","sticky":false,"template":"","format":"standard","meta":{"footnotes":""},"categories":[5],"tags":[],"class_list":["post-24656","post","type-post","status-publish","format-standard","has-post-thumbnail","hentry","category-nacionales-internacionales"],"yoast_head":"<!-- This site is optimized with the Yoast SEO plugin v26.1.1 - https:\/\/yoast.com\/wordpress\/plugins\/seo\/ -->\n<title>HARRIS Y TRUMP SE CONCENTRAN EN LOS INDECISOS Y LATINOS EN EL TRAMO FINAL DE LA CAMPA\u00d1A - Apuntes de San Luis<\/title>\n<meta name=\"robots\" content=\"index, follow, max-snippet:-1, max-image-preview:large, max-video-preview:-1\" \/>\n<link rel=\"canonical\" href=\"https:\/\/apuntesdesanluis.com\/index.php\/2024\/11\/01\/harris-y-trump-se-concentran-en-los-indecisos-y-latinos-en-el-tramo-final-de-la-campana\/\" \/>\n<meta property=\"og:locale\" content=\"es_ES\" \/>\n<meta property=\"og:type\" content=\"article\" \/>\n<meta property=\"og:title\" content=\"HARRIS Y TRUMP SE CONCENTRAN EN LOS INDECISOS Y LATINOS EN EL TRAMO FINAL DE LA CAMPA\u00d1A - Apuntes de San Luis\" \/>\n<meta property=\"og:description\" content=\"Los candidatos presidenciales de los Estados Unidos, la dem\u00f3crata Kamala Harris y el republicano Donald...\" \/>\n<meta property=\"og:url\" content=\"https:\/\/apuntesdesanluis.com\/index.php\/2024\/11\/01\/harris-y-trump-se-concentran-en-los-indecisos-y-latinos-en-el-tramo-final-de-la-campana\/\" \/>\n<meta property=\"og:site_name\" content=\"Apuntes de San Luis\" \/>\n<meta property=\"article:published_time\" content=\"2024-11-01T03:18:02+00:00\" \/>\n<meta property=\"og:image\" content=\"https:\/\/apuntesdesanluis.com\/wp-content\/uploads\/2024\/11\/harris-y-trump.png\" \/>\n\t<meta property=\"og:image:width\" content=\"821\" \/>\n\t<meta property=\"og:image:height\" content=\"468\" \/>\n\t<meta property=\"og:image:type\" content=\"image\/png\" \/>\n<meta name=\"author\" content=\"apuntesdesanluis.com\" \/>\n<meta name=\"twitter:card\" content=\"summary_large_image\" \/>\n<meta name=\"twitter:label1\" content=\"Escrito por\" \/>\n\t<meta name=\"twitter:data1\" content=\"apuntesdesanluis.com\" \/>\n\t<meta name=\"twitter:label2\" content=\"Tiempo de lectura\" \/>\n\t<meta name=\"twitter:data2\" content=\"2 minutos\" \/>\n<script type=\"application\/ld+json\" class=\"yoast-schema-graph\">{\"@context\":\"https:\/\/schema.org\",\"@graph\":[{\"@type\":\"Article\",\"@id\":\"https:\/\/apuntesdesanluis.com\/index.php\/2024\/11\/01\/harris-y-trump-se-concentran-en-los-indecisos-y-latinos-en-el-tramo-final-de-la-campana\/#article\",\"isPartOf\":{\"@id\":\"https:\/\/apuntesdesanluis.com\/index.php\/2024\/11\/01\/harris-y-trump-se-concentran-en-los-indecisos-y-latinos-en-el-tramo-final-de-la-campana\/\"},\"author\":{\"name\":\"apuntesdesanluis.com\",\"@id\":\"https:\/\/apuntesdesanluis.com\/#\/schema\/person\/b55151d52296fcce64d1a72538a70b90\"},\"headline\":\"HARRIS Y TRUMP SE CONCENTRAN EN LOS INDECISOS Y LATINOS EN EL TRAMO FINAL DE LA CAMPA\u00d1A\",\"datePublished\":\"2024-11-01T03:18:02+00:00\",\"mainEntityOfPage\":{\"@id\":\"https:\/\/apuntesdesanluis.com\/index.php\/2024\/11\/01\/harris-y-trump-se-concentran-en-los-indecisos-y-latinos-en-el-tramo-final-de-la-campana\/\"},\"wordCount\":279,\"publisher\":{\"@id\":\"https:\/\/apuntesdesanluis.com\/#\/schema\/person\/b55151d52296fcce64d1a72538a70b90\"},\"image\":{\"@id\":\"https:\/\/apuntesdesanluis.com\/index.php\/2024\/11\/01\/harris-y-trump-se-concentran-en-los-indecisos-y-latinos-en-el-tramo-final-de-la-campana\/#primaryimage\"},\"thumbnailUrl\":\"https:\/\/apuntesdesanluis.com\/wp-content\/uploads\/2024\/11\/harris-y-trump.png\",\"articleSection\":[\"Nacionales\/Internacionales\"],\"inLanguage\":\"es-AR\"},{\"@type\":\"WebPage\",\"@id\":\"https:\/\/apuntesdesanluis.com\/index.php\/2024\/11\/01\/harris-y-trump-se-concentran-en-los-indecisos-y-latinos-en-el-tramo-final-de-la-campana\/\",\"url\":\"https:\/\/apuntesdesanluis.com\/index.php\/2024\/11\/01\/harris-y-trump-se-concentran-en-los-indecisos-y-latinos-en-el-tramo-final-de-la-campana\/\",\"name\":\"HARRIS Y TRUMP SE CONCENTRAN EN LOS INDECISOS Y LATINOS EN EL TRAMO FINAL DE LA CAMPA\u00d1A - Apuntes de San Luis\",\"isPartOf\":{\"@id\":\"https:\/\/apuntesdesanluis.com\/#website\"},\"primaryImageOfPage\":{\"@id\":\"https:\/\/apuntesdesanluis.com\/index.php\/2024\/11\/01\/harris-y-trump-se-concentran-en-los-indecisos-y-latinos-en-el-tramo-final-de-la-campana\/#primaryimage\"},\"image\":{\"@id\":\"https:\/\/apuntesdesanluis.com\/index.php\/2024\/11\/01\/harris-y-trump-se-concentran-en-los-indecisos-y-latinos-en-el-tramo-final-de-la-campana\/#primaryimage\"},\"thumbnailUrl\":\"https:\/\/apuntesdesanluis.com\/wp-content\/uploads\/2024\/11\/harris-y-trump.png\",\"datePublished\":\"2024-11-01T03:18:02+00:00\",\"breadcrumb\":{\"@id\":\"https:\/\/apuntesdesanluis.com\/index.php\/2024\/11\/01\/harris-y-trump-se-concentran-en-los-indecisos-y-latinos-en-el-tramo-final-de-la-campana\/#breadcrumb\"},\"inLanguage\":\"es-AR\",\"potentialAction\":[{\"@type\":\"ReadAction\",\"target\":[\"https:\/\/apuntesdesanluis.com\/index.php\/2024\/11\/01\/harris-y-trump-se-concentran-en-los-indecisos-y-latinos-en-el-tramo-final-de-la-campana\/\"]}]},{\"@type\":\"ImageObject\",\"inLanguage\":\"es-AR\",\"@id\":\"https:\/\/apuntesdesanluis.com\/index.php\/2024\/11\/01\/harris-y-trump-se-concentran-en-los-indecisos-y-latinos-en-el-tramo-final-de-la-campana\/#primaryimage\",\"url\":\"https:\/\/apuntesdesanluis.com\/wp-content\/uploads\/2024\/11\/harris-y-trump.png\",\"contentUrl\":\"https:\/\/apuntesdesanluis.com\/wp-content\/uploads\/2024\/11\/harris-y-trump.png\",\"width\":821,\"height\":468},{\"@type\":\"BreadcrumbList\",\"@id\":\"https:\/\/apuntesdesanluis.com\/index.php\/2024\/11\/01\/harris-y-trump-se-concentran-en-los-indecisos-y-latinos-en-el-tramo-final-de-la-campana\/#breadcrumb\",\"itemListElement\":[{\"@type\":\"ListItem\",\"position\":1,\"name\":\"Inicio\",\"item\":\"https:\/\/apuntesdesanluis.com\/\"},{\"@type\":\"ListItem\",\"position\":2,\"name\":\"HARRIS Y TRUMP SE CONCENTRAN EN LOS INDECISOS Y LATINOS EN EL TRAMO FINAL DE LA CAMPA\u00d1A\"}]},{\"@type\":\"WebSite\",\"@id\":\"https:\/\/apuntesdesanluis.com\/#website\",\"url\":\"https:\/\/apuntesdesanluis.com\/\",\"name\":\"Apuntes de San Luis\",\"description\":\"\",\"publisher\":{\"@id\":\"https:\/\/apuntesdesanluis.com\/#\/schema\/person\/b55151d52296fcce64d1a72538a70b90\"},\"potentialAction\":[{\"@type\":\"SearchAction\",\"target\":{\"@type\":\"EntryPoint\",\"urlTemplate\":\"https:\/\/apuntesdesanluis.com\/?s={search_term_string}\"},\"query-input\":{\"@type\":\"PropertyValueSpecification\",\"valueRequired\":true,\"valueName\":\"search_term_string\"}}],\"inLanguage\":\"es-AR\"},{\"@type\":[\"Person\",\"Organization\"],\"@id\":\"https:\/\/apuntesdesanluis.com\/#\/schema\/person\/b55151d52296fcce64d1a72538a70b90\",\"name\":\"apuntesdesanluis.com\",\"image\":{\"@type\":\"ImageObject\",\"inLanguage\":\"es-AR\",\"@id\":\"https:\/\/apuntesdesanluis.com\/#\/schema\/person\/image\/\",\"url\":\"https:\/\/apuntesdesanluis.com\/wp-content\/uploads\/2023\/07\/cropped-apuntesdesanluis.png\",\"contentUrl\":\"https:\/\/apuntesdesanluis.com\/wp-content\/uploads\/2023\/07\/cropped-apuntesdesanluis.png\",\"width\":450,\"height\":112,\"caption\":\"apuntesdesanluis.com\"},\"logo\":{\"@id\":\"https:\/\/apuntesdesanluis.com\/#\/schema\/person\/image\/\"},\"sameAs\":[\"https:\/\/apuntesdesanluis.com\"],\"url\":\"https:\/\/apuntesdesanluis.com\/index.php\/author\/apuntesdesanluis-com\/\"}]}<\/script>\n<!-- \/ Yoast SEO plugin. -->","yoast_head_json":{"title":"HARRIS Y TRUMP SE CONCENTRAN EN LOS INDECISOS Y LATINOS EN EL TRAMO FINAL DE LA CAMPA\u00d1A - Apuntes de San Luis","robots":{"index":"index","follow":"follow","max-snippet":"max-snippet:-1","max-image-preview":"max-image-preview:large","max-video-preview":"max-video-preview:-1"},"canonical":"https:\/\/apuntesdesanluis.com\/index.php\/2024\/11\/01\/harris-y-trump-se-concentran-en-los-indecisos-y-latinos-en-el-tramo-final-de-la-campana\/","og_locale":"es_ES","og_type":"article","og_title":"HARRIS Y TRUMP SE CONCENTRAN EN LOS INDECISOS Y LATINOS EN EL TRAMO FINAL DE LA CAMPA\u00d1A - Apuntes de San Luis","og_description":"Los candidatos presidenciales de los Estados Unidos, la dem\u00f3crata Kamala Harris y el republicano Donald...","og_url":"https:\/\/apuntesdesanluis.com\/index.php\/2024\/11\/01\/harris-y-trump-se-concentran-en-los-indecisos-y-latinos-en-el-tramo-final-de-la-campana\/","og_site_name":"Apuntes de San Luis","article_published_time":"2024-11-01T03:18:02+00:00","og_image":[{"width":821,"height":468,"url":"https:\/\/apuntesdesanluis.com\/wp-content\/uploads\/2024\/11\/harris-y-trump.png","type":"image\/png"}],"author":"apuntesdesanluis.com","twitter_card":"summary_large_image","twitter_misc":{"Escrito por":"apuntesdesanluis.com","Tiempo de lectura":"2 minutos"},"schema":{"@context":"https:\/\/schema.org","@graph":[{"@type":"Article","@id":"https:\/\/apuntesdesanluis.com\/index.php\/2024\/11\/01\/harris-y-trump-se-concentran-en-los-indecisos-y-latinos-en-el-tramo-final-de-la-campana\/#article","isPartOf":{"@id":"https:\/\/apuntesdesanluis.com\/index.php\/2024\/11\/01\/harris-y-trump-se-concentran-en-los-indecisos-y-latinos-en-el-tramo-final-de-la-campana\/"},"author":{"name":"apuntesdesanluis.com","@id":"https:\/\/apuntesdesanluis.com\/#\/schema\/person\/b55151d52296fcce64d1a72538a70b90"},"headline":"HARRIS Y TRUMP SE CONCENTRAN EN LOS INDECISOS Y LATINOS EN EL TRAMO FINAL DE LA CAMPA\u00d1A","datePublished":"2024-11-01T03:18:02+00:00","mainEntityOfPage":{"@id":"https:\/\/apuntesdesanluis.com\/index.php\/2024\/11\/01\/harris-y-trump-se-concentran-en-los-indecisos-y-latinos-en-el-tramo-final-de-la-campana\/"},"wordCount":279,"publisher":{"@id":"https:\/\/apuntesdesanluis.com\/#\/schema\/person\/b55151d52296fcce64d1a72538a70b90"},"image":{"@id":"https:\/\/apuntesdesanluis.com\/index.php\/2024\/11\/01\/harris-y-trump-se-concentran-en-los-indecisos-y-latinos-en-el-tramo-final-de-la-campana\/#primaryimage"},"thumbnailUrl":"https:\/\/apuntesdesanluis.com\/wp-content\/uploads\/2024\/11\/harris-y-trump.png","articleSection":["Nacionales\/Internacionales"],"inLanguage":"es-AR"},{"@type":"WebPage","@id":"https:\/\/apuntesdesanluis.com\/index.php\/2024\/11\/01\/harris-y-trump-se-concentran-en-los-indecisos-y-latinos-en-el-tramo-final-de-la-campana\/","url":"https:\/\/apuntesdesanluis.com\/index.php\/2024\/11\/01\/harris-y-trump-se-concentran-en-los-indecisos-y-latinos-en-el-tramo-final-de-la-campana\/","name":"HARRIS Y TRUMP SE CONCENTRAN EN LOS INDECISOS Y LATINOS EN EL TRAMO FINAL DE LA CAMPA\u00d1A - Apuntes de San Luis","isPartOf":{"@id":"https:\/\/apuntesdesanluis.com\/#website"},"primaryImageOfPage":{"@id":"https:\/\/apuntesdesanluis.com\/index.php\/2024\/11\/01\/harris-y-trump-se-concentran-en-los-indecisos-y-latinos-en-el-tramo-final-de-la-campana\/#primaryimage"},"image":{"@id":"https:\/\/apuntesdesanluis.com\/index.php\/2024\/11\/01\/harris-y-trump-se-concentran-en-los-indecisos-y-latinos-en-el-tramo-final-de-la-campana\/#primaryimage"},"thumbnailUrl":"https:\/\/apuntesdesanluis.com\/wp-content\/uploads\/2024\/11\/harris-y-trump.png","datePublished":"2024-11-01T03:18:02+00:00","breadcrumb":{"@id":"https:\/\/apuntesdesanluis.com\/index.php\/2024\/11\/01\/harris-y-trump-se-concentran-en-los-indecisos-y-latinos-en-el-tramo-final-de-la-campana\/#breadcrumb"},"inLanguage":"es-AR","potentialAction":[{"@type":"ReadAction","target":["https:\/\/apuntesdesanluis.com\/index.php\/2024\/11\/01\/harris-y-trump-se-concentran-en-los-indecisos-y-latinos-en-el-tramo-final-de-la-campana\/"]}]},{"@type":"ImageObject","inLanguage":"es-AR","@id":"https:\/\/apuntesdesanluis.com\/index.php\/2024\/11\/01\/harris-y-trump-se-concentran-en-los-indecisos-y-latinos-en-el-tramo-final-de-la-campana\/#primaryimage","url":"https:\/\/apuntesdesanluis.com\/wp-content\/uploads\/2024\/11\/harris-y-trump.png","contentUrl":"https:\/\/apuntesdesanluis.com\/wp-content\/uploads\/2024\/11\/harris-y-trump.png","width":821,"height":468},{"@type":"BreadcrumbList","@id":"https:\/\/apuntesdesanluis.com\/index.php\/2024\/11\/01\/harris-y-trump-se-concentran-en-los-indecisos-y-latinos-en-el-tramo-final-de-la-campana\/#breadcrumb","itemListElement":[{"@type":"ListItem","position":1,"name":"Inicio","item":"https:\/\/apuntesdesanluis.com\/"},{"@type":"ListItem","position":2,"name":"HARRIS Y TRUMP SE CONCENTRAN EN LOS INDECISOS Y LATINOS EN EL TRAMO FINAL DE LA CAMPA\u00d1A"}]},{"@type":"WebSite","@id":"https:\/\/apuntesdesanluis.com\/#website","url":"https:\/\/apuntesdesanluis.com\/","name":"Apuntes de San Luis","description":"","publisher":{"@id":"https:\/\/apuntesdesanluis.com\/#\/schema\/person\/b55151d52296fcce64d1a72538a70b90"},"potentialAction":[{"@type":"SearchAction","target":{"@type":"EntryPoint","urlTemplate":"https:\/\/apuntesdesanluis.com\/?s={search_term_string}"},"query-input":{"@type":"PropertyValueSpecification","valueRequired":true,"valueName":"search_term_string"}}],"inLanguage":"es-AR"},{"@type":["Person","Organization"],"@id":"https:\/\/apuntesdesanluis.com\/#\/schema\/person\/b55151d52296fcce64d1a72538a70b90","name":"apuntesdesanluis.com","image":{"@type":"ImageObject","inLanguage":"es-AR","@id":"https:\/\/apuntesdesanluis.com\/#\/schema\/person\/image\/","url":"https:\/\/apuntesdesanluis.com\/wp-content\/uploads\/2023\/07\/cropped-apuntesdesanluis.png","contentUrl":"https:\/\/apuntesdesanluis.com\/wp-content\/uploads\/2023\/07\/cropped-apuntesdesanluis.png","width":450,"height":112,"caption":"apuntesdesanluis.com"},"logo":{"@id":"https:\/\/apuntesdesanluis.com\/#\/schema\/person\/image\/"},"sameAs":["https:\/\/apuntesdesanluis.com"],"url":"https:\/\/apuntesdesanluis.com\/index.php\/author\/apuntesdesanluis-com\/"}]}},"featured_image_urls":{"full":["https:\/\/apuntesdesanluis.com\/wp-content\/uploads\/2024\/11\/harris-y-trump.png",821,468,false],"thumbnail":["https:\/\/apuntesdesanluis.com\/wp-content\/uploads\/2024\/11\/harris-y-trump-150x150.png",150,150,true],"medium":["https:\/\/apuntesdesanluis.com\/wp-content\/uploads\/2024\/11\/harris-y-trump-300x171.png",300,171,true],"medium_large":["https:\/\/apuntesdesanluis.com\/wp-content\/uploads\/2024\/11\/harris-y-trump-768x438.png",640,365,true],"large":["https:\/\/apuntesdesanluis.com\/wp-content\/uploads\/2024\/11\/harris-y-trump.png",640,365,false],"1536x1536":["https:\/\/apuntesdesanluis.com\/wp-content\/uploads\/2024\/11\/harris-y-trump.png",821,468,false],"2048x2048":["https:\/\/apuntesdesanluis.com\/wp-content\/uploads\/2024\/11\/harris-y-trump.png",821,468,false],"newsever-slider-full":["https:\/\/apuntesdesanluis.com\/wp-content\/uploads\/2024\/11\/harris-y-trump.png",821,468,false],"newsever-featured":["https:\/\/apuntesdesanluis.com\/wp-content\/uploads\/2024\/11\/harris-y-trump.png",821,468,false],"newsever-medium":["https:\/\/apuntesdesanluis.com\/wp-content\/uploads\/2024\/11\/harris-y-trump-720x468.png",720,468,true]},"author_info":{"display_name":"apuntesdesanluis.com","author_link":"https:\/\/apuntesdesanluis.com\/index.php\/author\/apuntesdesanluis-com\/"},"category_info":"<a href=\"https:\/\/apuntesdesanluis.com\/index.php\/category\/nacionales-internacionales\/\" rel=\"category tag\">Nacionales\/Internacionales<\/a>","tag_info":"Nacionales\/Internacionales","comment_count":"0","_links":{"self":[{"href":"https:\/\/apuntesdesanluis.com\/index.php\/wp-json\/wp\/v2\/posts\/24656","targetHints":{"allow":["GET"]}}],"collection":[{"href":"https:\/\/apuntesdesanluis.com\/index.php\/wp-json\/wp\/v2\/posts"}],"about":[{"href":"https:\/\/apuntesdesanluis.com\/index.php\/wp-json\/wp\/v2\/types\/post"}],"author":[{"embeddable":true,"href":"https:\/\/apuntesdesanluis.com\/index.php\/wp-json\/wp\/v2\/users\/1"}],"replies":[{"embeddable":true,"href":"https:\/\/apuntesdesanluis.com\/index.php\/wp-json\/wp\/v2\/comments?post=24656"}],"version-history":[{"count":1,"href":"https:\/\/apuntesdesanluis.com\/index.php\/wp-json\/wp\/v2\/posts\/24656\/revisions"}],"predecessor-version":[{"id":24658,"href":"https:\/\/apuntesdesanluis.com\/index.php\/wp-json\/wp\/v2\/posts\/24656\/revisions\/24658"}],"wp:featuredmedia":[{"embeddable":true,"href":"https:\/\/apuntesdesanluis.com\/index.php\/wp-json\/wp\/v2\/media\/24657"}],"wp:attachment":[{"href":"https:\/\/apuntesdesanluis.com\/index.php\/wp-json\/wp\/v2\/media?parent=24656"}],"wp:term":[{"taxonomy":"category","embeddable":true,"href":"https:\/\/apuntesdesanluis.com\/index.php\/wp-json\/wp\/v2\/categories?post=24656"},{"taxonomy":"post_tag","embeddable":true,"href":"https:\/\/apuntesdesanluis.com\/index.php\/wp-json\/wp\/v2\/tags?post=24656"}],"curies":[{"name":"wp","href":"https:\/\/api.w.org\/{rel}","templated":true}]}}