{"id":24659,"date":"2024-11-01T00:33:30","date_gmt":"2024-11-01T03:33:30","guid":{"rendered":"https:\/\/apuntesdesanluis.com\/?p=24659"},"modified":"2024-11-01T00:33:30","modified_gmt":"2024-11-01T03:33:30","slug":"la-nasa-advirtio-que-una-severa-tormenta-solar-podria-afectar-las-redes-electricas-de-la-tierra","status":"publish","type":"post","link":"https:\/\/apuntesdesanluis.com\/index.php\/2024\/11\/01\/la-nasa-advirtio-que-una-severa-tormenta-solar-podria-afectar-las-redes-electricas-de-la-tierra\/","title":{"rendered":"LA NASA ADVIRTI\u00d3 QUE UNA &#8220;SEVERA&#8221; TORMENTA SOLAR PODR\u00cdA AFECTAR LAS REDES EL\u00c9CTRICAS DE LA TIERRA"},"content":{"rendered":"<h3>Los polos magn\u00e9ticos del Sol se invierten aproximadamente cada 11 a\u00f1os y la Administraci\u00f3n Nacional de Aeron\u00e1utica y el Espacio afirm\u00f3 que \u201ccuando ocurren erupciones graves, los astronautas podr\u00edan terminar envenenados por la radiaci\u00f3n, mientras que los sat\u00e9lites pueden sufrir da\u00f1os\u201d.<\/h3>\n<h3>La NASA advirti\u00f3\u00a0 que una \u201csevera\u201d tormenta solar podr\u00eda afectar a las los sistemas de comunicaci\u00f3n y navegaci\u00f3n, como a la radio y el GPS, e incluso a la redes el\u00e9ctricas del Planeta Tierra. Seg\u00fan lo explica la agencia espacial \u201cse producen cuando part\u00edculas subat\u00f3micas viajan a trav\u00e9s del espacio con el viento solar y se encuentran con campo magn\u00e9tico del planeta\u201d, conocido como \u201cclima espacial\u201d.<\/h3>\n<h3>Los polos magn\u00e9ticos del Sol se invierten aproximadamente cada 11 a\u00f1os y la Administraci\u00f3n Nacional de Aeron\u00e1utica y el Espacio afirm\u00f3 que \u201ccuando ocurren erupciones graves, los astronautas podr\u00edan terminar envenenados por la radiaci\u00f3n, mientras que los sat\u00e9lites pueden sufrir da\u00f1os\u201d.<\/h3>\n<h3>Se estima que su velocidad ser\u00e1 de entre 1.200 y 1.300 kil\u00f3metros por segundo y podr\u00eda causar auroras coloridas en el cielo.<\/h3>\n<h3>El director del Programa de Meteorolog\u00eda Espacial en la sede de la NASA en Washington, Jamie Favors indic\u00f3 que \u201ceste aumento de la actividad brinda una oportunidad emocionante para aprender sobre nuestra estrella m\u00e1s cercana\u201d. Sin embargo, subray\u00f3 que \u201ctambi\u00e9n causa efectos reales en la Tierra y en todo nuestro sistema solar\u201d.<\/h3>\n<h3>A medida que el Sol se encuentra en una fase de mayor actividad, los fen\u00f3menos meteorol\u00f3gicos espaciales se vuelven m\u00e1s comunes. Este incremento en la actividad solar ha intensificado la visibilidad de las auroras y ha generado efectos en los sat\u00e9lites y la infraestructura terrestre durante los \u00faltimos meses.<\/h3>\n<h3>En relaci\u00f3n con ello, el director de Operaciones de clima espacial de la Administraci\u00f3n Nacional Oce\u00e1nica y Atmosf\u00e9rica (NOAA), Elsayeed Talat, alert\u00f3 que \u201ceste anunci\u00f3 no significa que este sea el pico de actividad solar que veremos en este ciclo solar\u201d y aclar\u00f3 que \u201csi bien el Sol ha alcanzado el per\u00edodo solar\u00a0 m\u00e1ximo, el mes en que la actividad solar alcanza su pico m\u00e1ximo, no se identificar\u00e1 hasta dentro de meses o a\u00f1os\u201d.<\/h3>\n<h3>En mayo de 2024, una serie de potentes erupciones solares y eyecciones de masa coronal (CME) lanzaron nubes de part\u00edculas cargadas y campos magn\u00e9ticos en direcci\u00f3n a la Tierra, provocando la tormenta geomagn\u00e9tica m\u00e1s intensa de las \u00faltimas dos d\u00e9cadas.<\/h3>\n<p>&nbsp;<\/p>\n<p>&nbsp;<\/p>\n<p>&nbsp;<\/p>\n<p>&nbsp;<\/p>\n<p>&nbsp;<\/p>\n<p>&nbsp;<\/p>\n","protected":false},"excerpt":{"rendered":"<p>Los polos magn\u00e9ticos del Sol se invierten aproximadamente cada 11 a\u00f1os y la Administraci\u00f3n Nacional&#8230;<\/p>\n","protected":false},"author":1,"featured_media":24660,"comment_status":"closed","ping_status":"closed","sticky":false,"template":"","format":"standard","meta":{"footnotes":""},"categories":[5],"tags":[],"class_list":["post-24659","post","type-post","status-publish","format-standard","has-post-thumbnail","hentry","category-nacionales-internacionales"],"yoast_head":"<!-- This site is optimized with the Yoast SEO plugin v26.1.1 - https:\/\/yoast.com\/wordpress\/plugins\/seo\/ -->\n<title>LA NASA ADVIRTI\u00d3 QUE UNA &quot;SEVERA&quot; TORMENTA SOLAR PODR\u00cdA AFECTAR LAS REDES EL\u00c9CTRICAS DE LA TIERRA - Apuntes de San Luis<\/title>\n<meta name=\"robots\" content=\"index, follow, max-snippet:-1, max-image-preview:large, max-video-preview:-1\" \/>\n<link rel=\"canonical\" href=\"https:\/\/apuntesdesanluis.com\/index.php\/2024\/11\/01\/la-nasa-advirtio-que-una-severa-tormenta-solar-podria-afectar-las-redes-electricas-de-la-tierra\/\" \/>\n<meta property=\"og:locale\" content=\"es_ES\" \/>\n<meta property=\"og:type\" content=\"article\" \/>\n<meta property=\"og:title\" content=\"LA NASA ADVIRTI\u00d3 QUE UNA &quot;SEVERA&quot; TORMENTA SOLAR PODR\u00cdA AFECTAR LAS REDES EL\u00c9CTRICAS DE LA TIERRA - Apuntes de San Luis\" \/>\n<meta property=\"og:description\" content=\"Los polos magn\u00e9ticos del Sol se invierten aproximadamente cada 11 a\u00f1os y la Administraci\u00f3n Nacional...\" \/>\n<meta property=\"og:url\" content=\"https:\/\/apuntesdesanluis.com\/index.php\/2024\/11\/01\/la-nasa-advirtio-que-una-severa-tormenta-solar-podria-afectar-las-redes-electricas-de-la-tierra\/\" \/>\n<meta property=\"og:site_name\" content=\"Apuntes de San Luis\" \/>\n<meta property=\"article:published_time\" content=\"2024-11-01T03:33:30+00:00\" \/>\n<meta property=\"og:image\" content=\"https:\/\/apuntesdesanluis.com\/wp-content\/uploads\/2024\/11\/sol.png\" \/>\n\t<meta property=\"og:image:width\" content=\"933\" \/>\n\t<meta property=\"og:image:height\" content=\"593\" \/>\n\t<meta property=\"og:image:type\" content=\"image\/png\" \/>\n<meta name=\"author\" content=\"apuntesdesanluis.com\" \/>\n<meta name=\"twitter:card\" content=\"summary_large_image\" \/>\n<meta name=\"twitter:label1\" content=\"Escrito por\" \/>\n\t<meta name=\"twitter:data1\" content=\"apuntesdesanluis.com\" \/>\n\t<meta name=\"twitter:label2\" content=\"Tiempo de lectura\" \/>\n\t<meta name=\"twitter:data2\" content=\"2 minutos\" \/>\n<script type=\"application\/ld+json\" class=\"yoast-schema-graph\">{\"@context\":\"https:\/\/schema.org\",\"@graph\":[{\"@type\":\"Article\",\"@id\":\"https:\/\/apuntesdesanluis.com\/index.php\/2024\/11\/01\/la-nasa-advirtio-que-una-severa-tormenta-solar-podria-afectar-las-redes-electricas-de-la-tierra\/#article\",\"isPartOf\":{\"@id\":\"https:\/\/apuntesdesanluis.com\/index.php\/2024\/11\/01\/la-nasa-advirtio-que-una-severa-tormenta-solar-podria-afectar-las-redes-electricas-de-la-tierra\/\"},\"author\":{\"name\":\"apuntesdesanluis.com\",\"@id\":\"https:\/\/apuntesdesanluis.com\/#\/schema\/person\/b55151d52296fcce64d1a72538a70b90\"},\"headline\":\"LA NASA ADVIRTI\u00d3 QUE UNA &#8220;SEVERA&#8221; TORMENTA SOLAR PODR\u00cdA AFECTAR LAS REDES EL\u00c9CTRICAS DE LA TIERRA\",\"datePublished\":\"2024-11-01T03:33:30+00:00\",\"mainEntityOfPage\":{\"@id\":\"https:\/\/apuntesdesanluis.com\/index.php\/2024\/11\/01\/la-nasa-advirtio-que-una-severa-tormenta-solar-podria-afectar-las-redes-electricas-de-la-tierra\/\"},\"wordCount\":452,\"publisher\":{\"@id\":\"https:\/\/apuntesdesanluis.com\/#\/schema\/person\/b55151d52296fcce64d1a72538a70b90\"},\"image\":{\"@id\":\"https:\/\/apuntesdesanluis.com\/index.php\/2024\/11\/01\/la-nasa-advirtio-que-una-severa-tormenta-solar-podria-afectar-las-redes-electricas-de-la-tierra\/#primaryimage\"},\"thumbnailUrl\":\"https:\/\/apuntesdesanluis.com\/wp-content\/uploads\/2024\/11\/sol.png\",\"articleSection\":[\"Nacionales\/Internacionales\"],\"inLanguage\":\"es-AR\"},{\"@type\":\"WebPage\",\"@id\":\"https:\/\/apuntesdesanluis.com\/index.php\/2024\/11\/01\/la-nasa-advirtio-que-una-severa-tormenta-solar-podria-afectar-las-redes-electricas-de-la-tierra\/\",\"url\":\"https:\/\/apuntesdesanluis.com\/index.php\/2024\/11\/01\/la-nasa-advirtio-que-una-severa-tormenta-solar-podria-afectar-las-redes-electricas-de-la-tierra\/\",\"name\":\"LA NASA ADVIRTI\u00d3 QUE UNA \\\"SEVERA\\\" TORMENTA SOLAR PODR\u00cdA AFECTAR LAS REDES EL\u00c9CTRICAS DE LA TIERRA - Apuntes de San Luis\",\"isPartOf\":{\"@id\":\"https:\/\/apuntesdesanluis.com\/#website\"},\"primaryImageOfPage\":{\"@id\":\"https:\/\/apuntesdesanluis.com\/index.php\/2024\/11\/01\/la-nasa-advirtio-que-una-severa-tormenta-solar-podria-afectar-las-redes-electricas-de-la-tierra\/#primaryimage\"},\"image\":{\"@id\":\"https:\/\/apuntesdesanluis.com\/index.php\/2024\/11\/01\/la-nasa-advirtio-que-una-severa-tormenta-solar-podria-afectar-las-redes-electricas-de-la-tierra\/#primaryimage\"},\"thumbnailUrl\":\"https:\/\/apuntesdesanluis.com\/wp-content\/uploads\/2024\/11\/sol.png\",\"datePublished\":\"2024-11-01T03:33:30+00:00\",\"breadcrumb\":{\"@id\":\"https:\/\/apuntesdesanluis.com\/index.php\/2024\/11\/01\/la-nasa-advirtio-que-una-severa-tormenta-solar-podria-afectar-las-redes-electricas-de-la-tierra\/#breadcrumb\"},\"inLanguage\":\"es-AR\",\"potentialAction\":[{\"@type\":\"ReadAction\",\"target\":[\"https:\/\/apuntesdesanluis.com\/index.php\/2024\/11\/01\/la-nasa-advirtio-que-una-severa-tormenta-solar-podria-afectar-las-redes-electricas-de-la-tierra\/\"]}]},{\"@type\":\"ImageObject\",\"inLanguage\":\"es-AR\",\"@id\":\"https:\/\/apuntesdesanluis.com\/index.php\/2024\/11\/01\/la-nasa-advirtio-que-una-severa-tormenta-solar-podria-afectar-las-redes-electricas-de-la-tierra\/#primaryimage\",\"url\":\"https:\/\/apuntesdesanluis.com\/wp-content\/uploads\/2024\/11\/sol.png\",\"contentUrl\":\"https:\/\/apuntesdesanluis.com\/wp-content\/uploads\/2024\/11\/sol.png\",\"width\":933,\"height\":593},{\"@type\":\"BreadcrumbList\",\"@id\":\"https:\/\/apuntesdesanluis.com\/index.php\/2024\/11\/01\/la-nasa-advirtio-que-una-severa-tormenta-solar-podria-afectar-las-redes-electricas-de-la-tierra\/#breadcrumb\",\"itemListElement\":[{\"@type\":\"ListItem\",\"position\":1,\"name\":\"Inicio\",\"item\":\"https:\/\/apuntesdesanluis.com\/\"},{\"@type\":\"ListItem\",\"position\":2,\"name\":\"LA NASA ADVIRTI\u00d3 QUE UNA &#8220;SEVERA&#8221; TORMENTA SOLAR PODR\u00cdA AFECTAR LAS REDES EL\u00c9CTRICAS DE LA TIERRA\"}]},{\"@type\":\"WebSite\",\"@id\":\"https:\/\/apuntesdesanluis.com\/#website\",\"url\":\"https:\/\/apuntesdesanluis.com\/\",\"name\":\"Apuntes de San Luis\",\"description\":\"\",\"publisher\":{\"@id\":\"https:\/\/apuntesdesanluis.com\/#\/schema\/person\/b55151d52296fcce64d1a72538a70b90\"},\"potentialAction\":[{\"@type\":\"SearchAction\",\"target\":{\"@type\":\"EntryPoint\",\"urlTemplate\":\"https:\/\/apuntesdesanluis.com\/?s={search_term_string}\"},\"query-input\":{\"@type\":\"PropertyValueSpecification\",\"valueRequired\":true,\"valueName\":\"search_term_string\"}}],\"inLanguage\":\"es-AR\"},{\"@type\":[\"Person\",\"Organization\"],\"@id\":\"https:\/\/apuntesdesanluis.com\/#\/schema\/person\/b55151d52296fcce64d1a72538a70b90\",\"name\":\"apuntesdesanluis.com\",\"image\":{\"@type\":\"ImageObject\",\"inLanguage\":\"es-AR\",\"@id\":\"https:\/\/apuntesdesanluis.com\/#\/schema\/person\/image\/\",\"url\":\"https:\/\/apuntesdesanluis.com\/wp-content\/uploads\/2023\/07\/cropped-apuntesdesanluis.png\",\"contentUrl\":\"https:\/\/apuntesdesanluis.com\/wp-content\/uploads\/2023\/07\/cropped-apuntesdesanluis.png\",\"width\":450,\"height\":112,\"caption\":\"apuntesdesanluis.com\"},\"logo\":{\"@id\":\"https:\/\/apuntesdesanluis.com\/#\/schema\/person\/image\/\"},\"sameAs\":[\"https:\/\/apuntesdesanluis.com\"],\"url\":\"https:\/\/apuntesdesanluis.com\/index.php\/author\/apuntesdesanluis-com\/\"}]}<\/script>\n<!-- \/ Yoast SEO plugin. -->","yoast_head_json":{"title":"LA NASA ADVIRTI\u00d3 QUE UNA \"SEVERA\" TORMENTA SOLAR PODR\u00cdA AFECTAR LAS REDES EL\u00c9CTRICAS DE LA TIERRA - Apuntes de San Luis","robots":{"index":"index","follow":"follow","max-snippet":"max-snippet:-1","max-image-preview":"max-image-preview:large","max-video-preview":"max-video-preview:-1"},"canonical":"https:\/\/apuntesdesanluis.com\/index.php\/2024\/11\/01\/la-nasa-advirtio-que-una-severa-tormenta-solar-podria-afectar-las-redes-electricas-de-la-tierra\/","og_locale":"es_ES","og_type":"article","og_title":"LA NASA ADVIRTI\u00d3 QUE UNA \"SEVERA\" TORMENTA SOLAR PODR\u00cdA AFECTAR LAS REDES EL\u00c9CTRICAS DE LA TIERRA - Apuntes de San Luis","og_description":"Los polos magn\u00e9ticos del Sol se invierten aproximadamente cada 11 a\u00f1os y la Administraci\u00f3n Nacional...","og_url":"https:\/\/apuntesdesanluis.com\/index.php\/2024\/11\/01\/la-nasa-advirtio-que-una-severa-tormenta-solar-podria-afectar-las-redes-electricas-de-la-tierra\/","og_site_name":"Apuntes de San Luis","article_published_time":"2024-11-01T03:33:30+00:00","og_image":[{"width":933,"height":593,"url":"https:\/\/apuntesdesanluis.com\/wp-content\/uploads\/2024\/11\/sol.png","type":"image\/png"}],"author":"apuntesdesanluis.com","twitter_card":"summary_large_image","twitter_misc":{"Escrito por":"apuntesdesanluis.com","Tiempo de lectura":"2 minutos"},"schema":{"@context":"https:\/\/schema.org","@graph":[{"@type":"Article","@id":"https:\/\/apuntesdesanluis.com\/index.php\/2024\/11\/01\/la-nasa-advirtio-que-una-severa-tormenta-solar-podria-afectar-las-redes-electricas-de-la-tierra\/#article","isPartOf":{"@id":"https:\/\/apuntesdesanluis.com\/index.php\/2024\/11\/01\/la-nasa-advirtio-que-una-severa-tormenta-solar-podria-afectar-las-redes-electricas-de-la-tierra\/"},"author":{"name":"apuntesdesanluis.com","@id":"https:\/\/apuntesdesanluis.com\/#\/schema\/person\/b55151d52296fcce64d1a72538a70b90"},"headline":"LA NASA ADVIRTI\u00d3 QUE UNA &#8220;SEVERA&#8221; TORMENTA SOLAR PODR\u00cdA AFECTAR LAS REDES EL\u00c9CTRICAS DE LA TIERRA","datePublished":"2024-11-01T03:33:30+00:00","mainEntityOfPage":{"@id":"https:\/\/apuntesdesanluis.com\/index.php\/2024\/11\/01\/la-nasa-advirtio-que-una-severa-tormenta-solar-podria-afectar-las-redes-electricas-de-la-tierra\/"},"wordCount":452,"publisher":{"@id":"https:\/\/apuntesdesanluis.com\/#\/schema\/person\/b55151d52296fcce64d1a72538a70b90"},"image":{"@id":"https:\/\/apuntesdesanluis.com\/index.php\/2024\/11\/01\/la-nasa-advirtio-que-una-severa-tormenta-solar-podria-afectar-las-redes-electricas-de-la-tierra\/#primaryimage"},"thumbnailUrl":"https:\/\/apuntesdesanluis.com\/wp-content\/uploads\/2024\/11\/sol.png","articleSection":["Nacionales\/Internacionales"],"inLanguage":"es-AR"},{"@type":"WebPage","@id":"https:\/\/apuntesdesanluis.com\/index.php\/2024\/11\/01\/la-nasa-advirtio-que-una-severa-tormenta-solar-podria-afectar-las-redes-electricas-de-la-tierra\/","url":"https:\/\/apuntesdesanluis.com\/index.php\/2024\/11\/01\/la-nasa-advirtio-que-una-severa-tormenta-solar-podria-afectar-las-redes-electricas-de-la-tierra\/","name":"LA NASA ADVIRTI\u00d3 QUE UNA \"SEVERA\" TORMENTA SOLAR PODR\u00cdA AFECTAR LAS REDES EL\u00c9CTRICAS DE LA TIERRA - Apuntes de San Luis","isPartOf":{"@id":"https:\/\/apuntesdesanluis.com\/#website"},"primaryImageOfPage":{"@id":"https:\/\/apuntesdesanluis.com\/index.php\/2024\/11\/01\/la-nasa-advirtio-que-una-severa-tormenta-solar-podria-afectar-las-redes-electricas-de-la-tierra\/#primaryimage"},"image":{"@id":"https:\/\/apuntesdesanluis.com\/index.php\/2024\/11\/01\/la-nasa-advirtio-que-una-severa-tormenta-solar-podria-afectar-las-redes-electricas-de-la-tierra\/#primaryimage"},"thumbnailUrl":"https:\/\/apuntesdesanluis.com\/wp-content\/uploads\/2024\/11\/sol.png","datePublished":"2024-11-01T03:33:30+00:00","breadcrumb":{"@id":"https:\/\/apuntesdesanluis.com\/index.php\/2024\/11\/01\/la-nasa-advirtio-que-una-severa-tormenta-solar-podria-afectar-las-redes-electricas-de-la-tierra\/#breadcrumb"},"inLanguage":"es-AR","potentialAction":[{"@type":"ReadAction","target":["https:\/\/apuntesdesanluis.com\/index.php\/2024\/11\/01\/la-nasa-advirtio-que-una-severa-tormenta-solar-podria-afectar-las-redes-electricas-de-la-tierra\/"]}]},{"@type":"ImageObject","inLanguage":"es-AR","@id":"https:\/\/apuntesdesanluis.com\/index.php\/2024\/11\/01\/la-nasa-advirtio-que-una-severa-tormenta-solar-podria-afectar-las-redes-electricas-de-la-tierra\/#primaryimage","url":"https:\/\/apuntesdesanluis.com\/wp-content\/uploads\/2024\/11\/sol.png","contentUrl":"https:\/\/apuntesdesanluis.com\/wp-content\/uploads\/2024\/11\/sol.png","width":933,"height":593},{"@type":"BreadcrumbList","@id":"https:\/\/apuntesdesanluis.com\/index.php\/2024\/11\/01\/la-nasa-advirtio-que-una-severa-tormenta-solar-podria-afectar-las-redes-electricas-de-la-tierra\/#breadcrumb","itemListElement":[{"@type":"ListItem","position":1,"name":"Inicio","item":"https:\/\/apuntesdesanluis.com\/"},{"@type":"ListItem","position":2,"name":"LA NASA ADVIRTI\u00d3 QUE UNA &#8220;SEVERA&#8221; TORMENTA SOLAR PODR\u00cdA AFECTAR LAS REDES EL\u00c9CTRICAS DE LA TIERRA"}]},{"@type":"WebSite","@id":"https:\/\/apuntesdesanluis.com\/#website","url":"https:\/\/apuntesdesanluis.com\/","name":"Apuntes de San Luis","description":"","publisher":{"@id":"https:\/\/apuntesdesanluis.com\/#\/schema\/person\/b55151d52296fcce64d1a72538a70b90"},"potentialAction":[{"@type":"SearchAction","target":{"@type":"EntryPoint","urlTemplate":"https:\/\/apuntesdesanluis.com\/?s={search_term_string}"},"query-input":{"@type":"PropertyValueSpecification","valueRequired":true,"valueName":"search_term_string"}}],"inLanguage":"es-AR"},{"@type":["Person","Organization"],"@id":"https:\/\/apuntesdesanluis.com\/#\/schema\/person\/b55151d52296fcce64d1a72538a70b90","name":"apuntesdesanluis.com","image":{"@type":"ImageObject","inLanguage":"es-AR","@id":"https:\/\/apuntesdesanluis.com\/#\/schema\/person\/image\/","url":"https:\/\/apuntesdesanluis.com\/wp-content\/uploads\/2023\/07\/cropped-apuntesdesanluis.png","contentUrl":"https:\/\/apuntesdesanluis.com\/wp-content\/uploads\/2023\/07\/cropped-apuntesdesanluis.png","width":450,"height":112,"caption":"apuntesdesanluis.com"},"logo":{"@id":"https:\/\/apuntesdesanluis.com\/#\/schema\/person\/image\/"},"sameAs":["https:\/\/apuntesdesanluis.com"],"url":"https:\/\/apuntesdesanluis.com\/index.php\/author\/apuntesdesanluis-com\/"}]}},"featured_image_urls":{"full":["https:\/\/apuntesdesanluis.com\/wp-content\/uploads\/2024\/11\/sol.png",933,593,false],"thumbnail":["https:\/\/apuntesdesanluis.com\/wp-content\/uploads\/2024\/11\/sol-150x150.png",150,150,true],"medium":["https:\/\/apuntesdesanluis.com\/wp-content\/uploads\/2024\/11\/sol-300x191.png",300,191,true],"medium_large":["https:\/\/apuntesdesanluis.com\/wp-content\/uploads\/2024\/11\/sol-768x488.png",640,407,true],"large":["https:\/\/apuntesdesanluis.com\/wp-content\/uploads\/2024\/11\/sol.png",640,407,false],"1536x1536":["https:\/\/apuntesdesanluis.com\/wp-content\/uploads\/2024\/11\/sol.png",933,593,false],"2048x2048":["https:\/\/apuntesdesanluis.com\/wp-content\/uploads\/2024\/11\/sol.png",933,593,false],"newsever-slider-full":["https:\/\/apuntesdesanluis.com\/wp-content\/uploads\/2024\/11\/sol.png",933,593,false],"newsever-featured":["https:\/\/apuntesdesanluis.com\/wp-content\/uploads\/2024\/11\/sol.png",933,593,false],"newsever-medium":["https:\/\/apuntesdesanluis.com\/wp-content\/uploads\/2024\/11\/sol-720x475.png",720,475,true]},"author_info":{"display_name":"apuntesdesanluis.com","author_link":"https:\/\/apuntesdesanluis.com\/index.php\/author\/apuntesdesanluis-com\/"},"category_info":"<a href=\"https:\/\/apuntesdesanluis.com\/index.php\/category\/nacionales-internacionales\/\" rel=\"category tag\">Nacionales\/Internacionales<\/a>","tag_info":"Nacionales\/Internacionales","comment_count":"0","_links":{"self":[{"href":"https:\/\/apuntesdesanluis.com\/index.php\/wp-json\/wp\/v2\/posts\/24659","targetHints":{"allow":["GET"]}}],"collection":[{"href":"https:\/\/apuntesdesanluis.com\/index.php\/wp-json\/wp\/v2\/posts"}],"about":[{"href":"https:\/\/apuntesdesanluis.com\/index.php\/wp-json\/wp\/v2\/types\/post"}],"author":[{"embeddable":true,"href":"https:\/\/apuntesdesanluis.com\/index.php\/wp-json\/wp\/v2\/users\/1"}],"replies":[{"embeddable":true,"href":"https:\/\/apuntesdesanluis.com\/index.php\/wp-json\/wp\/v2\/comments?post=24659"}],"version-history":[{"count":1,"href":"https:\/\/apuntesdesanluis.com\/index.php\/wp-json\/wp\/v2\/posts\/24659\/revisions"}],"predecessor-version":[{"id":24661,"href":"https:\/\/apuntesdesanluis.com\/index.php\/wp-json\/wp\/v2\/posts\/24659\/revisions\/24661"}],"wp:featuredmedia":[{"embeddable":true,"href":"https:\/\/apuntesdesanluis.com\/index.php\/wp-json\/wp\/v2\/media\/24660"}],"wp:attachment":[{"href":"https:\/\/apuntesdesanluis.com\/index.php\/wp-json\/wp\/v2\/media?parent=24659"}],"wp:term":[{"taxonomy":"category","embeddable":true,"href":"https:\/\/apuntesdesanluis.com\/index.php\/wp-json\/wp\/v2\/categories?post=24659"},{"taxonomy":"post_tag","embeddable":true,"href":"https:\/\/apuntesdesanluis.com\/index.php\/wp-json\/wp\/v2\/tags?post=24659"}],"curies":[{"name":"wp","href":"https:\/\/api.w.org\/{rel}","templated":true}]}}