{"id":2466,"date":"2023-08-31T14:20:48","date_gmt":"2023-08-31T17:20:48","guid":{"rendered":"https:\/\/apuntesdesanluis.com\/?p=2466"},"modified":"2023-08-31T14:42:05","modified_gmt":"2023-08-31T17:42:05","slug":"mandan-a-prision-a-un-joven-imputado-en-tres-robos-cometidos-en-villa-mercedes","status":"publish","type":"post","link":"https:\/\/apuntesdesanluis.com\/index.php\/2023\/08\/31\/mandan-a-prision-a-un-joven-imputado-en-tres-robos-cometidos-en-villa-mercedes\/","title":{"rendered":"MANDAN A PRISI\u00d3N A UN JOVEN IMPUTADO EN TRES ROBOS COMETIDOS EN VILLA MERCEDES"},"content":{"rendered":"<h3>En la ma\u00f1ana de este jueves, se desarroll\u00f3 una audiencia en el Juzgado de Garant\u00edas N\u00ba 4 donde el Dr. Santiago Ortiz-juez a cargo- orden\u00f3 que el joven imputado por tres hechos cumpla prisi\u00f3n preventiva hasta el 20 de octubre, momento en el que se realizar\u00e1 la audiencia de control de acusaci\u00f3n y se decidir\u00e1 sobre la continuidad de su condici\u00f3n.<\/h3>\n<h3>Este jueves, en una extensa audiencia realizada en el Juzgado de Garant\u00eda 4 se analiz\u00f3, entre otras cuestiones sobre la medida de coerci\u00f3n para un joven imputado por los delitos de: robo con arma cuya aptitud para el disparo no ha podido ser acreditada, robo simple y robo con arma en grado de tentativa.<\/h3>\n<h3>En la audiencia estuvieron presentes en representaci\u00f3n del Ministerio P\u00fablico Fiscal, el Dr. Jos\u00e9 Olgu\u00edn, y por la defensa del imputado, las Dras. Cecilia Mithiaux y Silvia Mor\u00e1n.\u00a0 Como secretaria intervino la Dra. Nadia Segura.<\/h3>\n<h3>Antes de resolver sobre la aplicaci\u00f3n de medida de coerci\u00f3n, la defensa del imputado solicit\u00f3 la recusaci\u00f3n del fiscal de instrucci\u00f3n ante la denuncia del acusado al representante del Ministerio P\u00fablico Fiscal.<\/h3>\n<h3>El juez inform\u00f3 que dicho planteo debe ser resuelto por el fiscal de juicio seg\u00fan los t\u00e9rminos del Art. 65 del C\u00f3digo Procesal Penal.<\/h3>\n<h3>En cuanto a la formulaci\u00f3n de cargos realizada el pasado 24 de agosto, la Dra. Cecilia Mithiaux solicit\u00f3 que se deje sin efecto ya que no se han respetado plazos procesales por lo ocurrido cuando el imputado se encontraba internado, expres\u00f3 que estuvo con custodia policial e incomunicado y que se trat\u00f3 de una detenci\u00f3n ileg\u00edtima y arbitraria.<\/h3>\n<h3>El fiscal por su parte argument\u00f3 que nunca se libr\u00f3 una orden de detenci\u00f3n y que se le facilit\u00f3 atenci\u00f3n m\u00e9dica. Agreg\u00f3 que se solicit\u00f3 una consigna de custodia que fue levantada en cuanto se tom\u00f3 conocimiento del estado de salud.<\/h3>\n<h3>En esta ocasi\u00f3n el acusado declar\u00f3 y relat\u00f3 lo transcurrido desde el momento de su traslado al hospital en la ciudad de San Luis y durante su alojamiento all\u00ed.<\/h3>\n<h3>En relaci\u00f3n al planteo de nulidad de la formulaci\u00f3n de cargos, el Dr. Ortiz rechaz\u00f3 el mismo ya que el juzgado a su cargo tom\u00f3 participaci\u00f3n desde la detenci\u00f3n y posterior formulaci\u00f3n de cargos y que lo expuesto anteriormente debe ser investigado y analizado seg\u00fan la competencia territorial que corresponda.<\/h3>\n<h3>En una segunda parte de la audiencia, se analiz\u00f3 sobre la calificaci\u00f3n legal endilgada. La defensa solicit\u00f3 el cambio de calificaci\u00f3n en relaci\u00f3n al primer hecho \u2013robo con arma cuya aptitud para el disparo no ha sido acreditada- y al tercer hecho \u2013robo con arma impropia en grado de tentativa-.<\/h3>\n<h3>El Dr. Olgu\u00edn manifest\u00f3 que se deben mantener dichas calificaciones ya que existen evidencias, testimonios de que s\u00ed, hubo utilizaci\u00f3n de arma durante los hechos.<\/h3>\n<h3>El Juez ratific\u00f3 la formulaci\u00f3n de cargos realizada el pasado 24 de agosto (Ver aqu\u00ed <a href=\"https:\/\/www.periodicojudicial.gov.ar\/formularon-cargos-contra-un-hombre-por-el-robo-en-un-24-hs-de-villa-mercedes\/\"><span style=\"color: #0000ff;\"><strong>https:\/\/www.periodicojudicial.gov.ar\/formularon-cargos-contra-un-hombre-por-el-robo-en-un-24-hs-de-villa-mercedes\/<\/strong><\/span><\/a>).<\/h3>\n<h3>Por \u00faltimo, se deliber\u00f3 acerca de la medida de coerci\u00f3n. El fiscal de instrucci\u00f3n solicit\u00f3 la aplicaci\u00f3n de la prisi\u00f3n preventiva por el t\u00e9rmino de 60 d\u00edas, consider\u00f3 que no tiene arraigo ya que no es de esta provincia, la gravedad del hecho, el peligro de fuga y el entorpecimiento.<\/h3>\n<h3>Mientras que la Dra. Mithiaux replic\u00f3 que no existe falta de arraigo y no proceder\u00eda la medida m\u00e1s gravosa.<\/h3>\n<h3>HECHOS INVESTIGADOS<\/h3>\n<h3>Seg\u00fan el relato efectuado por el fiscal de la causa, el primero de los hechos ocurri\u00f3 el 10 de agosto, aproximadamente a las 22:30 en la calle Olloqui entre Pringles y Miguel B Pastor. All\u00ed el imputado se acerc\u00f3 junto a una mujer a un hombre quien se encontraba detenido a bordo de su motocicleta y mediante amenazas con arma, le sustrajeron el rodado. Cabe mencionar que en el interior de la moto se encontraba toda la documentaci\u00f3n del rodado y del propietario de la misma.<\/h3>\n<h3>El segundo hecho se registr\u00f3 en un comercio, donde las c\u00e1maras de seguridad registraron, seg\u00fan los dichos del fiscal, al imputado junto a una mujer, quienes ingresaron y sustrajeron dinero de la caja registradora y un posnet, entre otros elementos. Esto se produjo el 11 de agosto, a las 2:06 de la madrugada.<\/h3>\n<h3>Unos minutos m\u00e1s tarde, el imputado ingres\u00f3 a robar a un comercio (\u201c24 horas\u201d) ubicado en la intersecci\u00f3n de las calles San Mart\u00edn y Tucum\u00e1n. All\u00ed el imputado se trab\u00f3 en una pelea con un empleado del local, pero finalmente fue reducido por personal policial que lleg\u00f3 hasta el lugar. El Fiscal explic\u00f3 que el imputado tom\u00f3 un cuchillo de la fiambrer\u00eda con el que agredi\u00f3 al empleado.<\/h3>\n<h3>Para obtener m\u00e1s informaci\u00f3n sobre este caso ingrese al siguiente enlace:\u00a0 <span style=\"color: #0000ff;\"><a style=\"color: #0000ff;\" href=\"https:\/\/www.periodicojudicial.gov.ar\/formularon-cargos-contra-un-hombre-por-el-robo-en-un-24-hs-de-villa-\">https:\/\/www.periodicojudicial.gov.ar\/formularon-cargos-contra-un-hombre-por-el-robo-en-un-24-hs-de-villa-<\/a><\/span><\/h3>\n","protected":false},"excerpt":{"rendered":"<p>En la ma\u00f1ana de este jueves, se desarroll\u00f3 una audiencia en el Juzgado de Garant\u00edas&#8230;<\/p>\n","protected":false},"author":1,"featured_media":2467,"comment_status":"closed","ping_status":"closed","sticky":false,"template":"","format":"standard","meta":{"footnotes":""},"categories":[6],"tags":[],"class_list":["post-2466","post","type-post","status-publish","format-standard","has-post-thumbnail","hentry","category-ciudad-provincia"],"yoast_head":"<!-- This site is optimized with the Yoast SEO plugin v26.1.1 - https:\/\/yoast.com\/wordpress\/plugins\/seo\/ -->\n<title>MANDAN A PRISI\u00d3N A UN JOVEN IMPUTADO EN TRES ROBOS COMETIDOS EN VILLA MERCEDES - Apuntes de San Luis<\/title>\n<meta name=\"robots\" content=\"index, follow, max-snippet:-1, max-image-preview:large, max-video-preview:-1\" \/>\n<link rel=\"canonical\" href=\"https:\/\/apuntesdesanluis.com\/index.php\/2023\/08\/31\/mandan-a-prision-a-un-joven-imputado-en-tres-robos-cometidos-en-villa-mercedes\/\" \/>\n<meta property=\"og:locale\" content=\"es_ES\" \/>\n<meta property=\"og:type\" content=\"article\" \/>\n<meta property=\"og:title\" content=\"MANDAN A PRISI\u00d3N A UN JOVEN IMPUTADO EN TRES ROBOS COMETIDOS EN VILLA MERCEDES - Apuntes de San Luis\" \/>\n<meta property=\"og:description\" content=\"En la ma\u00f1ana de este jueves, se desarroll\u00f3 una audiencia en el Juzgado de Garant\u00edas...\" \/>\n<meta property=\"og:url\" content=\"https:\/\/apuntesdesanluis.com\/index.php\/2023\/08\/31\/mandan-a-prision-a-un-joven-imputado-en-tres-robos-cometidos-en-villa-mercedes\/\" \/>\n<meta property=\"og:site_name\" content=\"Apuntes de San Luis\" \/>\n<meta property=\"article:published_time\" content=\"2023-08-31T17:20:48+00:00\" \/>\n<meta property=\"article:modified_time\" content=\"2023-08-31T17:42:05+00:00\" \/>\n<meta property=\"og:image\" content=\"https:\/\/apuntesdesanluis.com\/wp-content\/uploads\/2023\/08\/ORTIZ-2.png\" \/>\n\t<meta property=\"og:image:width\" content=\"642\" \/>\n\t<meta property=\"og:image:height\" content=\"445\" \/>\n\t<meta property=\"og:image:type\" content=\"image\/png\" \/>\n<meta name=\"author\" content=\"apuntesdesanluis.com\" \/>\n<meta name=\"twitter:card\" content=\"summary_large_image\" \/>\n<meta name=\"twitter:label1\" content=\"Escrito por\" \/>\n\t<meta name=\"twitter:data1\" content=\"apuntesdesanluis.com\" \/>\n\t<meta name=\"twitter:label2\" content=\"Tiempo de lectura\" \/>\n\t<meta name=\"twitter:data2\" content=\"4 minutos\" \/>\n<script type=\"application\/ld+json\" class=\"yoast-schema-graph\">{\"@context\":\"https:\/\/schema.org\",\"@graph\":[{\"@type\":\"Article\",\"@id\":\"https:\/\/apuntesdesanluis.com\/index.php\/2023\/08\/31\/mandan-a-prision-a-un-joven-imputado-en-tres-robos-cometidos-en-villa-mercedes\/#article\",\"isPartOf\":{\"@id\":\"https:\/\/apuntesdesanluis.com\/index.php\/2023\/08\/31\/mandan-a-prision-a-un-joven-imputado-en-tres-robos-cometidos-en-villa-mercedes\/\"},\"author\":{\"name\":\"apuntesdesanluis.com\",\"@id\":\"https:\/\/apuntesdesanluis.com\/#\/schema\/person\/b55151d52296fcce64d1a72538a70b90\"},\"headline\":\"MANDAN A PRISI\u00d3N A UN JOVEN IMPUTADO EN TRES ROBOS COMETIDOS EN VILLA MERCEDES\",\"datePublished\":\"2023-08-31T17:20:48+00:00\",\"dateModified\":\"2023-08-31T17:42:05+00:00\",\"mainEntityOfPage\":{\"@id\":\"https:\/\/apuntesdesanluis.com\/index.php\/2023\/08\/31\/mandan-a-prision-a-un-joven-imputado-en-tres-robos-cometidos-en-villa-mercedes\/\"},\"wordCount\":837,\"publisher\":{\"@id\":\"https:\/\/apuntesdesanluis.com\/#\/schema\/person\/b55151d52296fcce64d1a72538a70b90\"},\"image\":{\"@id\":\"https:\/\/apuntesdesanluis.com\/index.php\/2023\/08\/31\/mandan-a-prision-a-un-joven-imputado-en-tres-robos-cometidos-en-villa-mercedes\/#primaryimage\"},\"thumbnailUrl\":\"https:\/\/apuntesdesanluis.com\/wp-content\/uploads\/2023\/08\/ORTIZ-2.png\",\"articleSection\":[\"Ciudad\/Provincia\"],\"inLanguage\":\"es-AR\"},{\"@type\":\"WebPage\",\"@id\":\"https:\/\/apuntesdesanluis.com\/index.php\/2023\/08\/31\/mandan-a-prision-a-un-joven-imputado-en-tres-robos-cometidos-en-villa-mercedes\/\",\"url\":\"https:\/\/apuntesdesanluis.com\/index.php\/2023\/08\/31\/mandan-a-prision-a-un-joven-imputado-en-tres-robos-cometidos-en-villa-mercedes\/\",\"name\":\"MANDAN A PRISI\u00d3N A UN JOVEN IMPUTADO EN TRES ROBOS COMETIDOS EN VILLA MERCEDES - Apuntes de San Luis\",\"isPartOf\":{\"@id\":\"https:\/\/apuntesdesanluis.com\/#website\"},\"primaryImageOfPage\":{\"@id\":\"https:\/\/apuntesdesanluis.com\/index.php\/2023\/08\/31\/mandan-a-prision-a-un-joven-imputado-en-tres-robos-cometidos-en-villa-mercedes\/#primaryimage\"},\"image\":{\"@id\":\"https:\/\/apuntesdesanluis.com\/index.php\/2023\/08\/31\/mandan-a-prision-a-un-joven-imputado-en-tres-robos-cometidos-en-villa-mercedes\/#primaryimage\"},\"thumbnailUrl\":\"https:\/\/apuntesdesanluis.com\/wp-content\/uploads\/2023\/08\/ORTIZ-2.png\",\"datePublished\":\"2023-08-31T17:20:48+00:00\",\"dateModified\":\"2023-08-31T17:42:05+00:00\",\"breadcrumb\":{\"@id\":\"https:\/\/apuntesdesanluis.com\/index.php\/2023\/08\/31\/mandan-a-prision-a-un-joven-imputado-en-tres-robos-cometidos-en-villa-mercedes\/#breadcrumb\"},\"inLanguage\":\"es-AR\",\"potentialAction\":[{\"@type\":\"ReadAction\",\"target\":[\"https:\/\/apuntesdesanluis.com\/index.php\/2023\/08\/31\/mandan-a-prision-a-un-joven-imputado-en-tres-robos-cometidos-en-villa-mercedes\/\"]}]},{\"@type\":\"ImageObject\",\"inLanguage\":\"es-AR\",\"@id\":\"https:\/\/apuntesdesanluis.com\/index.php\/2023\/08\/31\/mandan-a-prision-a-un-joven-imputado-en-tres-robos-cometidos-en-villa-mercedes\/#primaryimage\",\"url\":\"https:\/\/apuntesdesanluis.com\/wp-content\/uploads\/2023\/08\/ORTIZ-2.png\",\"contentUrl\":\"https:\/\/apuntesdesanluis.com\/wp-content\/uploads\/2023\/08\/ORTIZ-2.png\",\"width\":642,\"height\":445},{\"@type\":\"BreadcrumbList\",\"@id\":\"https:\/\/apuntesdesanluis.com\/index.php\/2023\/08\/31\/mandan-a-prision-a-un-joven-imputado-en-tres-robos-cometidos-en-villa-mercedes\/#breadcrumb\",\"itemListElement\":[{\"@type\":\"ListItem\",\"position\":1,\"name\":\"Inicio\",\"item\":\"https:\/\/apuntesdesanluis.com\/\"},{\"@type\":\"ListItem\",\"position\":2,\"name\":\"MANDAN A PRISI\u00d3N A UN JOVEN IMPUTADO EN TRES ROBOS COMETIDOS EN VILLA MERCEDES\"}]},{\"@type\":\"WebSite\",\"@id\":\"https:\/\/apuntesdesanluis.com\/#website\",\"url\":\"https:\/\/apuntesdesanluis.com\/\",\"name\":\"Apuntes de San Luis\",\"description\":\"\",\"publisher\":{\"@id\":\"https:\/\/apuntesdesanluis.com\/#\/schema\/person\/b55151d52296fcce64d1a72538a70b90\"},\"potentialAction\":[{\"@type\":\"SearchAction\",\"target\":{\"@type\":\"EntryPoint\",\"urlTemplate\":\"https:\/\/apuntesdesanluis.com\/?s={search_term_string}\"},\"query-input\":{\"@type\":\"PropertyValueSpecification\",\"valueRequired\":true,\"valueName\":\"search_term_string\"}}],\"inLanguage\":\"es-AR\"},{\"@type\":[\"Person\",\"Organization\"],\"@id\":\"https:\/\/apuntesdesanluis.com\/#\/schema\/person\/b55151d52296fcce64d1a72538a70b90\",\"name\":\"apuntesdesanluis.com\",\"image\":{\"@type\":\"ImageObject\",\"inLanguage\":\"es-AR\",\"@id\":\"https:\/\/apuntesdesanluis.com\/#\/schema\/person\/image\/\",\"url\":\"https:\/\/apuntesdesanluis.com\/wp-content\/uploads\/2023\/07\/cropped-apuntesdesanluis.png\",\"contentUrl\":\"https:\/\/apuntesdesanluis.com\/wp-content\/uploads\/2023\/07\/cropped-apuntesdesanluis.png\",\"width\":450,\"height\":112,\"caption\":\"apuntesdesanluis.com\"},\"logo\":{\"@id\":\"https:\/\/apuntesdesanluis.com\/#\/schema\/person\/image\/\"},\"sameAs\":[\"https:\/\/apuntesdesanluis.com\"],\"url\":\"https:\/\/apuntesdesanluis.com\/index.php\/author\/apuntesdesanluis-com\/\"}]}<\/script>\n<!-- \/ Yoast SEO plugin. -->","yoast_head_json":{"title":"MANDAN A PRISI\u00d3N A UN JOVEN IMPUTADO EN TRES ROBOS COMETIDOS EN VILLA MERCEDES - Apuntes de San Luis","robots":{"index":"index","follow":"follow","max-snippet":"max-snippet:-1","max-image-preview":"max-image-preview:large","max-video-preview":"max-video-preview:-1"},"canonical":"https:\/\/apuntesdesanluis.com\/index.php\/2023\/08\/31\/mandan-a-prision-a-un-joven-imputado-en-tres-robos-cometidos-en-villa-mercedes\/","og_locale":"es_ES","og_type":"article","og_title":"MANDAN A PRISI\u00d3N A UN JOVEN IMPUTADO EN TRES ROBOS COMETIDOS EN VILLA MERCEDES - Apuntes de San Luis","og_description":"En la ma\u00f1ana de este jueves, se desarroll\u00f3 una audiencia en el Juzgado de Garant\u00edas...","og_url":"https:\/\/apuntesdesanluis.com\/index.php\/2023\/08\/31\/mandan-a-prision-a-un-joven-imputado-en-tres-robos-cometidos-en-villa-mercedes\/","og_site_name":"Apuntes de San Luis","article_published_time":"2023-08-31T17:20:48+00:00","article_modified_time":"2023-08-31T17:42:05+00:00","og_image":[{"width":642,"height":445,"url":"https:\/\/apuntesdesanluis.com\/wp-content\/uploads\/2023\/08\/ORTIZ-2.png","type":"image\/png"}],"author":"apuntesdesanluis.com","twitter_card":"summary_large_image","twitter_misc":{"Escrito por":"apuntesdesanluis.com","Tiempo de lectura":"4 minutos"},"schema":{"@context":"https:\/\/schema.org","@graph":[{"@type":"Article","@id":"https:\/\/apuntesdesanluis.com\/index.php\/2023\/08\/31\/mandan-a-prision-a-un-joven-imputado-en-tres-robos-cometidos-en-villa-mercedes\/#article","isPartOf":{"@id":"https:\/\/apuntesdesanluis.com\/index.php\/2023\/08\/31\/mandan-a-prision-a-un-joven-imputado-en-tres-robos-cometidos-en-villa-mercedes\/"},"author":{"name":"apuntesdesanluis.com","@id":"https:\/\/apuntesdesanluis.com\/#\/schema\/person\/b55151d52296fcce64d1a72538a70b90"},"headline":"MANDAN A PRISI\u00d3N A UN JOVEN IMPUTADO EN TRES ROBOS COMETIDOS EN VILLA MERCEDES","datePublished":"2023-08-31T17:20:48+00:00","dateModified":"2023-08-31T17:42:05+00:00","mainEntityOfPage":{"@id":"https:\/\/apuntesdesanluis.com\/index.php\/2023\/08\/31\/mandan-a-prision-a-un-joven-imputado-en-tres-robos-cometidos-en-villa-mercedes\/"},"wordCount":837,"publisher":{"@id":"https:\/\/apuntesdesanluis.com\/#\/schema\/person\/b55151d52296fcce64d1a72538a70b90"},"image":{"@id":"https:\/\/apuntesdesanluis.com\/index.php\/2023\/08\/31\/mandan-a-prision-a-un-joven-imputado-en-tres-robos-cometidos-en-villa-mercedes\/#primaryimage"},"thumbnailUrl":"https:\/\/apuntesdesanluis.com\/wp-content\/uploads\/2023\/08\/ORTIZ-2.png","articleSection":["Ciudad\/Provincia"],"inLanguage":"es-AR"},{"@type":"WebPage","@id":"https:\/\/apuntesdesanluis.com\/index.php\/2023\/08\/31\/mandan-a-prision-a-un-joven-imputado-en-tres-robos-cometidos-en-villa-mercedes\/","url":"https:\/\/apuntesdesanluis.com\/index.php\/2023\/08\/31\/mandan-a-prision-a-un-joven-imputado-en-tres-robos-cometidos-en-villa-mercedes\/","name":"MANDAN A PRISI\u00d3N A UN JOVEN IMPUTADO EN TRES ROBOS COMETIDOS EN VILLA MERCEDES - Apuntes de San Luis","isPartOf":{"@id":"https:\/\/apuntesdesanluis.com\/#website"},"primaryImageOfPage":{"@id":"https:\/\/apuntesdesanluis.com\/index.php\/2023\/08\/31\/mandan-a-prision-a-un-joven-imputado-en-tres-robos-cometidos-en-villa-mercedes\/#primaryimage"},"image":{"@id":"https:\/\/apuntesdesanluis.com\/index.php\/2023\/08\/31\/mandan-a-prision-a-un-joven-imputado-en-tres-robos-cometidos-en-villa-mercedes\/#primaryimage"},"thumbnailUrl":"https:\/\/apuntesdesanluis.com\/wp-content\/uploads\/2023\/08\/ORTIZ-2.png","datePublished":"2023-08-31T17:20:48+00:00","dateModified":"2023-08-31T17:42:05+00:00","breadcrumb":{"@id":"https:\/\/apuntesdesanluis.com\/index.php\/2023\/08\/31\/mandan-a-prision-a-un-joven-imputado-en-tres-robos-cometidos-en-villa-mercedes\/#breadcrumb"},"inLanguage":"es-AR","potentialAction":[{"@type":"ReadAction","target":["https:\/\/apuntesdesanluis.com\/index.php\/2023\/08\/31\/mandan-a-prision-a-un-joven-imputado-en-tres-robos-cometidos-en-villa-mercedes\/"]}]},{"@type":"ImageObject","inLanguage":"es-AR","@id":"https:\/\/apuntesdesanluis.com\/index.php\/2023\/08\/31\/mandan-a-prision-a-un-joven-imputado-en-tres-robos-cometidos-en-villa-mercedes\/#primaryimage","url":"https:\/\/apuntesdesanluis.com\/wp-content\/uploads\/2023\/08\/ORTIZ-2.png","contentUrl":"https:\/\/apuntesdesanluis.com\/wp-content\/uploads\/2023\/08\/ORTIZ-2.png","width":642,"height":445},{"@type":"BreadcrumbList","@id":"https:\/\/apuntesdesanluis.com\/index.php\/2023\/08\/31\/mandan-a-prision-a-un-joven-imputado-en-tres-robos-cometidos-en-villa-mercedes\/#breadcrumb","itemListElement":[{"@type":"ListItem","position":1,"name":"Inicio","item":"https:\/\/apuntesdesanluis.com\/"},{"@type":"ListItem","position":2,"name":"MANDAN A PRISI\u00d3N A UN JOVEN IMPUTADO EN TRES ROBOS COMETIDOS EN VILLA MERCEDES"}]},{"@type":"WebSite","@id":"https:\/\/apuntesdesanluis.com\/#website","url":"https:\/\/apuntesdesanluis.com\/","name":"Apuntes de San Luis","description":"","publisher":{"@id":"https:\/\/apuntesdesanluis.com\/#\/schema\/person\/b55151d52296fcce64d1a72538a70b90"},"potentialAction":[{"@type":"SearchAction","target":{"@type":"EntryPoint","urlTemplate":"https:\/\/apuntesdesanluis.com\/?s={search_term_string}"},"query-input":{"@type":"PropertyValueSpecification","valueRequired":true,"valueName":"search_term_string"}}],"inLanguage":"es-AR"},{"@type":["Person","Organization"],"@id":"https:\/\/apuntesdesanluis.com\/#\/schema\/person\/b55151d52296fcce64d1a72538a70b90","name":"apuntesdesanluis.com","image":{"@type":"ImageObject","inLanguage":"es-AR","@id":"https:\/\/apuntesdesanluis.com\/#\/schema\/person\/image\/","url":"https:\/\/apuntesdesanluis.com\/wp-content\/uploads\/2023\/07\/cropped-apuntesdesanluis.png","contentUrl":"https:\/\/apuntesdesanluis.com\/wp-content\/uploads\/2023\/07\/cropped-apuntesdesanluis.png","width":450,"height":112,"caption":"apuntesdesanluis.com"},"logo":{"@id":"https:\/\/apuntesdesanluis.com\/#\/schema\/person\/image\/"},"sameAs":["https:\/\/apuntesdesanluis.com"],"url":"https:\/\/apuntesdesanluis.com\/index.php\/author\/apuntesdesanluis-com\/"}]}},"featured_image_urls":{"full":["https:\/\/apuntesdesanluis.com\/wp-content\/uploads\/2023\/08\/ORTIZ-2.png",642,445,false],"thumbnail":["https:\/\/apuntesdesanluis.com\/wp-content\/uploads\/2023\/08\/ORTIZ-2-150x150.png",150,150,true],"medium":["https:\/\/apuntesdesanluis.com\/wp-content\/uploads\/2023\/08\/ORTIZ-2-300x208.png",300,208,true],"medium_large":["https:\/\/apuntesdesanluis.com\/wp-content\/uploads\/2023\/08\/ORTIZ-2.png",640,444,false],"large":["https:\/\/apuntesdesanluis.com\/wp-content\/uploads\/2023\/08\/ORTIZ-2.png",640,444,false],"1536x1536":["https:\/\/apuntesdesanluis.com\/wp-content\/uploads\/2023\/08\/ORTIZ-2.png",642,445,false],"2048x2048":["https:\/\/apuntesdesanluis.com\/wp-content\/uploads\/2023\/08\/ORTIZ-2.png",642,445,false],"newsever-slider-full":["https:\/\/apuntesdesanluis.com\/wp-content\/uploads\/2023\/08\/ORTIZ-2.png",642,445,false],"newsever-featured":["https:\/\/apuntesdesanluis.com\/wp-content\/uploads\/2023\/08\/ORTIZ-2.png",642,445,false],"newsever-medium":["https:\/\/apuntesdesanluis.com\/wp-content\/uploads\/2023\/08\/ORTIZ-2.png",642,445,false]},"author_info":{"display_name":"apuntesdesanluis.com","author_link":"https:\/\/apuntesdesanluis.com\/index.php\/author\/apuntesdesanluis-com\/"},"category_info":"<a href=\"https:\/\/apuntesdesanluis.com\/index.php\/category\/ciudad-provincia\/\" rel=\"category tag\">Ciudad\/Provincia<\/a>","tag_info":"Ciudad\/Provincia","comment_count":"0","_links":{"self":[{"href":"https:\/\/apuntesdesanluis.com\/index.php\/wp-json\/wp\/v2\/posts\/2466","targetHints":{"allow":["GET"]}}],"collection":[{"href":"https:\/\/apuntesdesanluis.com\/index.php\/wp-json\/wp\/v2\/posts"}],"about":[{"href":"https:\/\/apuntesdesanluis.com\/index.php\/wp-json\/wp\/v2\/types\/post"}],"author":[{"embeddable":true,"href":"https:\/\/apuntesdesanluis.com\/index.php\/wp-json\/wp\/v2\/users\/1"}],"replies":[{"embeddable":true,"href":"https:\/\/apuntesdesanluis.com\/index.php\/wp-json\/wp\/v2\/comments?post=2466"}],"version-history":[{"count":1,"href":"https:\/\/apuntesdesanluis.com\/index.php\/wp-json\/wp\/v2\/posts\/2466\/revisions"}],"predecessor-version":[{"id":2468,"href":"https:\/\/apuntesdesanluis.com\/index.php\/wp-json\/wp\/v2\/posts\/2466\/revisions\/2468"}],"wp:featuredmedia":[{"embeddable":true,"href":"https:\/\/apuntesdesanluis.com\/index.php\/wp-json\/wp\/v2\/media\/2467"}],"wp:attachment":[{"href":"https:\/\/apuntesdesanluis.com\/index.php\/wp-json\/wp\/v2\/media?parent=2466"}],"wp:term":[{"taxonomy":"category","embeddable":true,"href":"https:\/\/apuntesdesanluis.com\/index.php\/wp-json\/wp\/v2\/categories?post=2466"},{"taxonomy":"post_tag","embeddable":true,"href":"https:\/\/apuntesdesanluis.com\/index.php\/wp-json\/wp\/v2\/tags?post=2466"}],"curies":[{"name":"wp","href":"https:\/\/api.w.org\/{rel}","templated":true}]}}