{"id":24666,"date":"2024-11-01T09:59:10","date_gmt":"2024-11-01T12:59:10","guid":{"rendered":"https:\/\/apuntesdesanluis.com\/?p=24666"},"modified":"2024-11-01T10:04:26","modified_gmt":"2024-11-01T13:04:26","slug":"unvime-citaron-a-declaracion-indagatoria-a-ex-funcionaria","status":"publish","type":"post","link":"https:\/\/apuntesdesanluis.com\/index.php\/2024\/11\/01\/unvime-citaron-a-declaracion-indagatoria-a-ex-funcionaria\/","title":{"rendered":"UNVIME: CITARON A DECLARACI\u00d3N INDAGATORIA A EX FUNCIONARIA"},"content":{"rendered":"<h3>Se trata de la ex Secretaria de Hacienda <strong>Claudia Grando<\/strong>, durante de la gesti\u00f3n del ex rector David Rivarola, quien est\u00e1 acusada de haber saboteado el sistema de gesti\u00f3n del personal para modificar percepciones de haberes, un d\u00eda despu\u00e9s que asumieran las nuevas autoridades de la instituci\u00f3n. En la investigaci\u00f3n colabor\u00f3 el Laboratorio de An\u00e1lisis T\u00e9cnico de Inform\u00e1tica de la Direcci\u00f3n General de Investigaciones y Apoyo Tecnol\u00f3gico a la Investigaci\u00f3n Penal.<\/h3>\n<h3>La denuncia que origin\u00f3 la investigaci\u00f3n la interpuso el rector <strong>Marcelo Sosa<\/strong>, el pasado 7 de diciembre, a partir de detectarse un sabotaje a los sistemas contables para alterar la liquidaci\u00f3n de haberes al personal.<\/h3>\n<p><img fetchpriority=\"high\" decoding=\"async\" class=\"wp-image-6883 aligncenter\" src=\"https:\/\/apuntesdesanluis.com\/wp-content\/uploads\/2023\/11\/rector-marcelo-sosa-300x222.png\" alt=\"\" width=\"545\" height=\"403\" srcset=\"https:\/\/apuntesdesanluis.com\/wp-content\/uploads\/2023\/11\/rector-marcelo-sosa-300x222.png 300w, https:\/\/apuntesdesanluis.com\/wp-content\/uploads\/2023\/11\/rector-marcelo-sosa.png 600w\" sizes=\"(max-width: 545px) 100vw, 545px\" \/><\/p>\n<h3>\u201cLo ocurrido es realmente grav\u00edsimo y no reconoce antecedentes en nuestra instituci\u00f3n. Afortunadamente el profesionalismo del personal que est\u00e1 a cargo del \u00e1rea de Hacienda permiti\u00f3 neutralizar este ataque, pero sin dudas constituye un delito muy grave que va a ser investigado hasta las \u00faltimas consecuencias\u201d, expres\u00f3 entonces el rector.<\/h3>\n<h3>\u201cLas modificaciones consistieron en la alteraci\u00f3n de descripciones, categor\u00edas y f\u00f3rmulas de c\u00e1lculo del sistema, lo que perjudic\u00f3 el trabajo de las agentes administrativas y los haberes de m\u00e1s de 500 empleados, generando un desequilibrio en los montos de sueldos\u201d, consign\u00f3 uno de los p\u00e1rrafos la presentaci\u00f3n legal.<\/h3>\n<h3>Sobre la base de los hechos relatados, se presume que los autores de la \u201cacci\u00f3n il\u00edcita actuaron de forma dolosa y sin autorizaci\u00f3n, conociendo claves y f\u00f3rmulas del sistema, a trav\u00e9s de la introducci\u00f3n, alteraci\u00f3n, borrado o supresi\u00f3n de datos inform\u00e1ticos o mediante cualquier forma de atentado al fundamento de un sistema inform\u00e1tico, con la intenci\u00f3n de producir un perjuicio patrimonial a la Universidad\u201d.<\/h3>\n<h3>La denuncia presentada se funda en el Art. 153 Bis del C\u00f3digo Penal, que \u201csanciona a quien sin autorizaci\u00f3n accede, introduce, altera, borra, o suprime datos inform\u00e1ticos o atenta contra el funcionamiento de un sistema inform\u00e1tico, con la intenci\u00f3n de producir un perjuicio patrimonial a otro, sin perjuicios de otros tipos penales m\u00e1s graves que pudieran corresponder o resultar de la investigaci\u00f3n\u201d.<\/h3>\n<h3>En la denuncia se hace constar que la intenci\u00f3n fue producir un \u201cperjuicio patrimonial\u201d a la instituci\u00f3n, \u201cya que la alteraci\u00f3n de los datos provoc\u00f3 un desequilibrio en los montos de sueldos, lo que hubiera generado un gasto exorbitante para la Universidad y deudas en relaci\u00f3n al sistema de seguridad social\u201d.<\/h3>\n<h3>A modo ejemplificativo, uno de los sueldos liquidados de una docente superaba los 21 millones de pesos.<\/h3>\n<h3>En la denuncia impulsada por la universidad se present\u00f3 a modo de Prueba el Acta confeccionada por agentes de la UNViMe, que acredita la alteraci\u00f3n del sistema SIU-Mapuche por el \u00e1rea de Hacienda, print de pantallas con datos personales, financieros, acad\u00e9micos que fueron accedidos por los autores de los hechos, fotograf\u00edas tomadas por los agentes administrativos y declaraciones de diferentes testigos, que son los agentes involucrados en esta tarea de liquidaci\u00f3n de sueldos y funcionarios de mayor rango, como los Secretarios de Hacienda y Administraci\u00f3n y General.<\/h3>\n<h3>La denuncia que lleva la firma del Rector Marcelo Sosa solicita \u201cse proceda a designar peritaje inform\u00e1tico por el cuerpo profesional forense para que determine ingresos al SIU-Mapuche, autorizados al ingreso, niveles de autorizaci\u00f3n, IP de ingresos y\/o todo otro dato relevante para el esclarecimiento de los hechos\u201d.<\/h3>\n<h3><strong>INDAGATORIA<\/strong><\/h3>\n<h3>Este jueves se conoci\u00f3 que el fiscal federal subrogante de la sede descentralizada de Villa Mercedes, Federico Baquioni Zingaretti, solicit\u00f3 el llamado a declaraci\u00f3n indagatoria de la exsecretaria de Hacienda de la Universidad Nacional de Villa Mercedes, Claudia Alejandra Grando, a quien imput\u00f3 haber introducido modificaciones en el sistema de gesti\u00f3n del personal de esa casa de estudios para modificar percepciones de haberes -alterando descripciones, categor\u00edas y c\u00e1lculos para la liquidaci\u00f3n de salarios- y entorpecer la labor de los agentes administrativos encargados de gestionar el sistema.<\/h3>\n<p><img decoding=\"async\" class=\"wp-image-24672 aligncenter\" src=\"https:\/\/apuntesdesanluis.com\/wp-content\/uploads\/2024\/11\/CLAUDIA-GRANDO-300x192.png\" alt=\"\" width=\"536\" height=\"343\" srcset=\"https:\/\/apuntesdesanluis.com\/wp-content\/uploads\/2024\/11\/CLAUDIA-GRANDO-300x192.png 300w, https:\/\/apuntesdesanluis.com\/wp-content\/uploads\/2024\/11\/CLAUDIA-GRANDO.png 369w\" sizes=\"(max-width: 536px) 100vw, 536px\" \/><\/p>\n<h3>En la investigaci\u00f3n colabor\u00f3 el Laboratorio de An\u00e1lisis T\u00e9cnico de Inform\u00e1tica de la Direcci\u00f3n General de Investigaciones y Apoyo Tecnol\u00f3gico a la Investigaci\u00f3n Penal.<\/h3>\n<h3>De acuerdo a la imputaci\u00f3n, el 31 de octubre de 2023, un d\u00eda despu\u00e9s de la asunci\u00f3n de la nueva gesti\u00f3n rectoral, Grando realiz\u00f3 modificaciones en el sistema inform\u00e1tico SIU MAPUCHE, utilizado para la liquidaci\u00f3n de haberes, la personalizaci\u00f3n de sus f\u00f3rmulas y la generaci\u00f3n de los recibos de sueldo.<\/h3>\n<h3>La fiscal\u00eda indic\u00f3 que la imputada ingres\u00f3 con su usuario personal y se vali\u00f3 de sus permisos de administradora para alterar el sistema, aumentando cien veces el valor correspondiente al sueldo b\u00e1sico para la categor\u00eda identificada como \u201c6\u201d, adem\u00e1s de modificar la f\u00f3rmula de liquidaci\u00f3n de antig\u00fcedad no docente.<\/h3>\n<h3>En ese sentido, el Ministerio P\u00fablico Fiscal enmarc\u00f3 los hechos dentro de la figura de da\u00f1o inform\u00e1tico en la modalidad de alteraci\u00f3n, agravado por haber sido ejecutado con el fin de impedir el libre ejercicio de la autoridad y por recaer sobre un sistema inform\u00e1tico destinado a un servicio p\u00fablico, en concurso ideal con la figura de abuso de autoridad.<\/h3>\n<h3>En el dictamen, el fiscal Baquioni Zingaretti remarc\u00f3 la \u201ccircunstancia altamente demostrativa del abuso funcional en el que incurri\u00f3 [la imputada] al afectar deliberadamente el sistema de gesti\u00f3n a cuyo cargo se encontraba y en vistas a que cesar\u00eda su funci\u00f3n a los pocos d\u00edas por la asunci\u00f3n de las nuevas autoridades\u201d.<\/h3>\n<h3>El fiscal puso de relieve que la consecuencia de esta maniobra fue la afectaci\u00f3n a la integridad y la disponibilidad del sistema de gesti\u00f3n porque, al mes siguiente, cuando el personal administrativo se dispuso a efectuar la liquidaci\u00f3n de haberes, constat\u00f3 desequilibrios en los montos de los sueldos.<\/h3>\n<h3>Finalmente, dispuso el llamado a declaraci\u00f3n indagatoria de la Contadora <strong>Claudia Grando<\/strong>, para el<strong> pr\u00f3ximo 7 de noviembre a las 10:00 h<\/strong>.<\/h3>\n<p>&nbsp;<\/p>\n<h3><a href=\"https:\/\/apuntesdesanluis.com\/wp-content\/uploads\/2024\/11\/INDAGATORIA.pdf\" target=\"_blank\" rel=\"noopener\"><span style=\"color: #3366ff;\">LLAMADO A INDAGATORIA<\/span><\/a><\/h3>\n<p>&nbsp;<\/p>\n<p>&nbsp;<\/p>\n<p>&nbsp;<\/p>\n","protected":false},"excerpt":{"rendered":"<p>Se trata de la ex Secretaria de Hacienda Claudia Grando, durante de la gesti\u00f3n del&#8230;<\/p>\n","protected":false},"author":1,"featured_media":16442,"comment_status":"closed","ping_status":"closed","sticky":false,"template":"","format":"standard","meta":{"footnotes":""},"categories":[6],"tags":[],"class_list":["post-24666","post","type-post","status-publish","format-standard","has-post-thumbnail","hentry","category-ciudad-provincia"],"yoast_head":"<!-- This site is optimized with the Yoast SEO plugin v26.1.1 - https:\/\/yoast.com\/wordpress\/plugins\/seo\/ -->\n<title>UNVIME: CITARON A DECLARACI\u00d3N INDAGATORIA A EX FUNCIONARIA - Apuntes de San Luis<\/title>\n<meta name=\"robots\" content=\"index, follow, max-snippet:-1, max-image-preview:large, max-video-preview:-1\" \/>\n<link rel=\"canonical\" href=\"https:\/\/apuntesdesanluis.com\/index.php\/2024\/11\/01\/unvime-citaron-a-declaracion-indagatoria-a-ex-funcionaria\/\" \/>\n<meta property=\"og:locale\" content=\"es_ES\" \/>\n<meta property=\"og:type\" content=\"article\" \/>\n<meta property=\"og:title\" content=\"UNVIME: CITARON A DECLARACI\u00d3N INDAGATORIA A EX FUNCIONARIA - Apuntes de San Luis\" \/>\n<meta property=\"og:description\" content=\"Se trata de la ex Secretaria de Hacienda Claudia Grando, durante de la gesti\u00f3n del...\" \/>\n<meta property=\"og:url\" content=\"https:\/\/apuntesdesanluis.com\/index.php\/2024\/11\/01\/unvime-citaron-a-declaracion-indagatoria-a-ex-funcionaria\/\" \/>\n<meta property=\"og:site_name\" content=\"Apuntes de San Luis\" \/>\n<meta property=\"article:published_time\" content=\"2024-11-01T12:59:10+00:00\" \/>\n<meta property=\"article:modified_time\" content=\"2024-11-01T13:04:26+00:00\" \/>\n<meta property=\"og:image\" content=\"https:\/\/apuntesdesanluis.com\/wp-content\/uploads\/2024\/05\/Rectorado-unvime.png\" \/>\n\t<meta property=\"og:image:width\" content=\"490\" \/>\n\t<meta property=\"og:image:height\" content=\"239\" \/>\n\t<meta property=\"og:image:type\" content=\"image\/png\" \/>\n<meta name=\"author\" content=\"apuntesdesanluis.com\" \/>\n<meta name=\"twitter:card\" content=\"summary_large_image\" \/>\n<meta name=\"twitter:label1\" content=\"Escrito por\" \/>\n\t<meta name=\"twitter:data1\" content=\"apuntesdesanluis.com\" \/>\n\t<meta name=\"twitter:label2\" content=\"Tiempo de lectura\" \/>\n\t<meta name=\"twitter:data2\" content=\"5 minutos\" \/>\n<script type=\"application\/ld+json\" class=\"yoast-schema-graph\">{\"@context\":\"https:\/\/schema.org\",\"@graph\":[{\"@type\":\"Article\",\"@id\":\"https:\/\/apuntesdesanluis.com\/index.php\/2024\/11\/01\/unvime-citaron-a-declaracion-indagatoria-a-ex-funcionaria\/#article\",\"isPartOf\":{\"@id\":\"https:\/\/apuntesdesanluis.com\/index.php\/2024\/11\/01\/unvime-citaron-a-declaracion-indagatoria-a-ex-funcionaria\/\"},\"author\":{\"name\":\"apuntesdesanluis.com\",\"@id\":\"https:\/\/apuntesdesanluis.com\/#\/schema\/person\/b55151d52296fcce64d1a72538a70b90\"},\"headline\":\"UNVIME: CITARON A DECLARACI\u00d3N INDAGATORIA A EX FUNCIONARIA\",\"datePublished\":\"2024-11-01T12:59:10+00:00\",\"dateModified\":\"2024-11-01T13:04:26+00:00\",\"mainEntityOfPage\":{\"@id\":\"https:\/\/apuntesdesanluis.com\/index.php\/2024\/11\/01\/unvime-citaron-a-declaracion-indagatoria-a-ex-funcionaria\/\"},\"wordCount\":1030,\"publisher\":{\"@id\":\"https:\/\/apuntesdesanluis.com\/#\/schema\/person\/b55151d52296fcce64d1a72538a70b90\"},\"image\":{\"@id\":\"https:\/\/apuntesdesanluis.com\/index.php\/2024\/11\/01\/unvime-citaron-a-declaracion-indagatoria-a-ex-funcionaria\/#primaryimage\"},\"thumbnailUrl\":\"https:\/\/apuntesdesanluis.com\/wp-content\/uploads\/2024\/05\/Rectorado-unvime.png\",\"articleSection\":[\"Ciudad\/Provincia\"],\"inLanguage\":\"es-AR\"},{\"@type\":\"WebPage\",\"@id\":\"https:\/\/apuntesdesanluis.com\/index.php\/2024\/11\/01\/unvime-citaron-a-declaracion-indagatoria-a-ex-funcionaria\/\",\"url\":\"https:\/\/apuntesdesanluis.com\/index.php\/2024\/11\/01\/unvime-citaron-a-declaracion-indagatoria-a-ex-funcionaria\/\",\"name\":\"UNVIME: CITARON A DECLARACI\u00d3N INDAGATORIA A EX FUNCIONARIA - Apuntes de San Luis\",\"isPartOf\":{\"@id\":\"https:\/\/apuntesdesanluis.com\/#website\"},\"primaryImageOfPage\":{\"@id\":\"https:\/\/apuntesdesanluis.com\/index.php\/2024\/11\/01\/unvime-citaron-a-declaracion-indagatoria-a-ex-funcionaria\/#primaryimage\"},\"image\":{\"@id\":\"https:\/\/apuntesdesanluis.com\/index.php\/2024\/11\/01\/unvime-citaron-a-declaracion-indagatoria-a-ex-funcionaria\/#primaryimage\"},\"thumbnailUrl\":\"https:\/\/apuntesdesanluis.com\/wp-content\/uploads\/2024\/05\/Rectorado-unvime.png\",\"datePublished\":\"2024-11-01T12:59:10+00:00\",\"dateModified\":\"2024-11-01T13:04:26+00:00\",\"breadcrumb\":{\"@id\":\"https:\/\/apuntesdesanluis.com\/index.php\/2024\/11\/01\/unvime-citaron-a-declaracion-indagatoria-a-ex-funcionaria\/#breadcrumb\"},\"inLanguage\":\"es-AR\",\"potentialAction\":[{\"@type\":\"ReadAction\",\"target\":[\"https:\/\/apuntesdesanluis.com\/index.php\/2024\/11\/01\/unvime-citaron-a-declaracion-indagatoria-a-ex-funcionaria\/\"]}]},{\"@type\":\"ImageObject\",\"inLanguage\":\"es-AR\",\"@id\":\"https:\/\/apuntesdesanluis.com\/index.php\/2024\/11\/01\/unvime-citaron-a-declaracion-indagatoria-a-ex-funcionaria\/#primaryimage\",\"url\":\"https:\/\/apuntesdesanluis.com\/wp-content\/uploads\/2024\/05\/Rectorado-unvime.png\",\"contentUrl\":\"https:\/\/apuntesdesanluis.com\/wp-content\/uploads\/2024\/05\/Rectorado-unvime.png\",\"width\":490,\"height\":239},{\"@type\":\"BreadcrumbList\",\"@id\":\"https:\/\/apuntesdesanluis.com\/index.php\/2024\/11\/01\/unvime-citaron-a-declaracion-indagatoria-a-ex-funcionaria\/#breadcrumb\",\"itemListElement\":[{\"@type\":\"ListItem\",\"position\":1,\"name\":\"Inicio\",\"item\":\"https:\/\/apuntesdesanluis.com\/\"},{\"@type\":\"ListItem\",\"position\":2,\"name\":\"UNVIME: CITARON A DECLARACI\u00d3N INDAGATORIA A EX FUNCIONARIA\"}]},{\"@type\":\"WebSite\",\"@id\":\"https:\/\/apuntesdesanluis.com\/#website\",\"url\":\"https:\/\/apuntesdesanluis.com\/\",\"name\":\"Apuntes de San Luis\",\"description\":\"\",\"publisher\":{\"@id\":\"https:\/\/apuntesdesanluis.com\/#\/schema\/person\/b55151d52296fcce64d1a72538a70b90\"},\"potentialAction\":[{\"@type\":\"SearchAction\",\"target\":{\"@type\":\"EntryPoint\",\"urlTemplate\":\"https:\/\/apuntesdesanluis.com\/?s={search_term_string}\"},\"query-input\":{\"@type\":\"PropertyValueSpecification\",\"valueRequired\":true,\"valueName\":\"search_term_string\"}}],\"inLanguage\":\"es-AR\"},{\"@type\":[\"Person\",\"Organization\"],\"@id\":\"https:\/\/apuntesdesanluis.com\/#\/schema\/person\/b55151d52296fcce64d1a72538a70b90\",\"name\":\"apuntesdesanluis.com\",\"image\":{\"@type\":\"ImageObject\",\"inLanguage\":\"es-AR\",\"@id\":\"https:\/\/apuntesdesanluis.com\/#\/schema\/person\/image\/\",\"url\":\"https:\/\/apuntesdesanluis.com\/wp-content\/uploads\/2023\/07\/cropped-apuntesdesanluis.png\",\"contentUrl\":\"https:\/\/apuntesdesanluis.com\/wp-content\/uploads\/2023\/07\/cropped-apuntesdesanluis.png\",\"width\":450,\"height\":112,\"caption\":\"apuntesdesanluis.com\"},\"logo\":{\"@id\":\"https:\/\/apuntesdesanluis.com\/#\/schema\/person\/image\/\"},\"sameAs\":[\"https:\/\/apuntesdesanluis.com\"],\"url\":\"https:\/\/apuntesdesanluis.com\/index.php\/author\/apuntesdesanluis-com\/\"}]}<\/script>\n<!-- \/ Yoast SEO plugin. -->","yoast_head_json":{"title":"UNVIME: CITARON A DECLARACI\u00d3N INDAGATORIA A EX FUNCIONARIA - Apuntes de San Luis","robots":{"index":"index","follow":"follow","max-snippet":"max-snippet:-1","max-image-preview":"max-image-preview:large","max-video-preview":"max-video-preview:-1"},"canonical":"https:\/\/apuntesdesanluis.com\/index.php\/2024\/11\/01\/unvime-citaron-a-declaracion-indagatoria-a-ex-funcionaria\/","og_locale":"es_ES","og_type":"article","og_title":"UNVIME: CITARON A DECLARACI\u00d3N INDAGATORIA A EX FUNCIONARIA - Apuntes de San Luis","og_description":"Se trata de la ex Secretaria de Hacienda Claudia Grando, durante de la gesti\u00f3n del...","og_url":"https:\/\/apuntesdesanluis.com\/index.php\/2024\/11\/01\/unvime-citaron-a-declaracion-indagatoria-a-ex-funcionaria\/","og_site_name":"Apuntes de San Luis","article_published_time":"2024-11-01T12:59:10+00:00","article_modified_time":"2024-11-01T13:04:26+00:00","og_image":[{"width":490,"height":239,"url":"https:\/\/apuntesdesanluis.com\/wp-content\/uploads\/2024\/05\/Rectorado-unvime.png","type":"image\/png"}],"author":"apuntesdesanluis.com","twitter_card":"summary_large_image","twitter_misc":{"Escrito por":"apuntesdesanluis.com","Tiempo de lectura":"5 minutos"},"schema":{"@context":"https:\/\/schema.org","@graph":[{"@type":"Article","@id":"https:\/\/apuntesdesanluis.com\/index.php\/2024\/11\/01\/unvime-citaron-a-declaracion-indagatoria-a-ex-funcionaria\/#article","isPartOf":{"@id":"https:\/\/apuntesdesanluis.com\/index.php\/2024\/11\/01\/unvime-citaron-a-declaracion-indagatoria-a-ex-funcionaria\/"},"author":{"name":"apuntesdesanluis.com","@id":"https:\/\/apuntesdesanluis.com\/#\/schema\/person\/b55151d52296fcce64d1a72538a70b90"},"headline":"UNVIME: CITARON A DECLARACI\u00d3N INDAGATORIA A EX FUNCIONARIA","datePublished":"2024-11-01T12:59:10+00:00","dateModified":"2024-11-01T13:04:26+00:00","mainEntityOfPage":{"@id":"https:\/\/apuntesdesanluis.com\/index.php\/2024\/11\/01\/unvime-citaron-a-declaracion-indagatoria-a-ex-funcionaria\/"},"wordCount":1030,"publisher":{"@id":"https:\/\/apuntesdesanluis.com\/#\/schema\/person\/b55151d52296fcce64d1a72538a70b90"},"image":{"@id":"https:\/\/apuntesdesanluis.com\/index.php\/2024\/11\/01\/unvime-citaron-a-declaracion-indagatoria-a-ex-funcionaria\/#primaryimage"},"thumbnailUrl":"https:\/\/apuntesdesanluis.com\/wp-content\/uploads\/2024\/05\/Rectorado-unvime.png","articleSection":["Ciudad\/Provincia"],"inLanguage":"es-AR"},{"@type":"WebPage","@id":"https:\/\/apuntesdesanluis.com\/index.php\/2024\/11\/01\/unvime-citaron-a-declaracion-indagatoria-a-ex-funcionaria\/","url":"https:\/\/apuntesdesanluis.com\/index.php\/2024\/11\/01\/unvime-citaron-a-declaracion-indagatoria-a-ex-funcionaria\/","name":"UNVIME: CITARON A DECLARACI\u00d3N INDAGATORIA A EX FUNCIONARIA - Apuntes de San Luis","isPartOf":{"@id":"https:\/\/apuntesdesanluis.com\/#website"},"primaryImageOfPage":{"@id":"https:\/\/apuntesdesanluis.com\/index.php\/2024\/11\/01\/unvime-citaron-a-declaracion-indagatoria-a-ex-funcionaria\/#primaryimage"},"image":{"@id":"https:\/\/apuntesdesanluis.com\/index.php\/2024\/11\/01\/unvime-citaron-a-declaracion-indagatoria-a-ex-funcionaria\/#primaryimage"},"thumbnailUrl":"https:\/\/apuntesdesanluis.com\/wp-content\/uploads\/2024\/05\/Rectorado-unvime.png","datePublished":"2024-11-01T12:59:10+00:00","dateModified":"2024-11-01T13:04:26+00:00","breadcrumb":{"@id":"https:\/\/apuntesdesanluis.com\/index.php\/2024\/11\/01\/unvime-citaron-a-declaracion-indagatoria-a-ex-funcionaria\/#breadcrumb"},"inLanguage":"es-AR","potentialAction":[{"@type":"ReadAction","target":["https:\/\/apuntesdesanluis.com\/index.php\/2024\/11\/01\/unvime-citaron-a-declaracion-indagatoria-a-ex-funcionaria\/"]}]},{"@type":"ImageObject","inLanguage":"es-AR","@id":"https:\/\/apuntesdesanluis.com\/index.php\/2024\/11\/01\/unvime-citaron-a-declaracion-indagatoria-a-ex-funcionaria\/#primaryimage","url":"https:\/\/apuntesdesanluis.com\/wp-content\/uploads\/2024\/05\/Rectorado-unvime.png","contentUrl":"https:\/\/apuntesdesanluis.com\/wp-content\/uploads\/2024\/05\/Rectorado-unvime.png","width":490,"height":239},{"@type":"BreadcrumbList","@id":"https:\/\/apuntesdesanluis.com\/index.php\/2024\/11\/01\/unvime-citaron-a-declaracion-indagatoria-a-ex-funcionaria\/#breadcrumb","itemListElement":[{"@type":"ListItem","position":1,"name":"Inicio","item":"https:\/\/apuntesdesanluis.com\/"},{"@type":"ListItem","position":2,"name":"UNVIME: CITARON A DECLARACI\u00d3N INDAGATORIA A EX FUNCIONARIA"}]},{"@type":"WebSite","@id":"https:\/\/apuntesdesanluis.com\/#website","url":"https:\/\/apuntesdesanluis.com\/","name":"Apuntes de San Luis","description":"","publisher":{"@id":"https:\/\/apuntesdesanluis.com\/#\/schema\/person\/b55151d52296fcce64d1a72538a70b90"},"potentialAction":[{"@type":"SearchAction","target":{"@type":"EntryPoint","urlTemplate":"https:\/\/apuntesdesanluis.com\/?s={search_term_string}"},"query-input":{"@type":"PropertyValueSpecification","valueRequired":true,"valueName":"search_term_string"}}],"inLanguage":"es-AR"},{"@type":["Person","Organization"],"@id":"https:\/\/apuntesdesanluis.com\/#\/schema\/person\/b55151d52296fcce64d1a72538a70b90","name":"apuntesdesanluis.com","image":{"@type":"ImageObject","inLanguage":"es-AR","@id":"https:\/\/apuntesdesanluis.com\/#\/schema\/person\/image\/","url":"https:\/\/apuntesdesanluis.com\/wp-content\/uploads\/2023\/07\/cropped-apuntesdesanluis.png","contentUrl":"https:\/\/apuntesdesanluis.com\/wp-content\/uploads\/2023\/07\/cropped-apuntesdesanluis.png","width":450,"height":112,"caption":"apuntesdesanluis.com"},"logo":{"@id":"https:\/\/apuntesdesanluis.com\/#\/schema\/person\/image\/"},"sameAs":["https:\/\/apuntesdesanluis.com"],"url":"https:\/\/apuntesdesanluis.com\/index.php\/author\/apuntesdesanluis-com\/"}]}},"featured_image_urls":{"full":["https:\/\/apuntesdesanluis.com\/wp-content\/uploads\/2024\/05\/Rectorado-unvime.png",490,239,false],"thumbnail":["https:\/\/apuntesdesanluis.com\/wp-content\/uploads\/2024\/05\/Rectorado-unvime-150x150.png",150,150,true],"medium":["https:\/\/apuntesdesanluis.com\/wp-content\/uploads\/2024\/05\/Rectorado-unvime-300x146.png",300,146,true],"medium_large":["https:\/\/apuntesdesanluis.com\/wp-content\/uploads\/2024\/05\/Rectorado-unvime.png",490,239,false],"large":["https:\/\/apuntesdesanluis.com\/wp-content\/uploads\/2024\/05\/Rectorado-unvime.png",490,239,false],"1536x1536":["https:\/\/apuntesdesanluis.com\/wp-content\/uploads\/2024\/05\/Rectorado-unvime.png",490,239,false],"2048x2048":["https:\/\/apuntesdesanluis.com\/wp-content\/uploads\/2024\/05\/Rectorado-unvime.png",490,239,false],"newsever-slider-full":["https:\/\/apuntesdesanluis.com\/wp-content\/uploads\/2024\/05\/Rectorado-unvime.png",490,239,false],"newsever-featured":["https:\/\/apuntesdesanluis.com\/wp-content\/uploads\/2024\/05\/Rectorado-unvime.png",490,239,false],"newsever-medium":["https:\/\/apuntesdesanluis.com\/wp-content\/uploads\/2024\/05\/Rectorado-unvime.png",490,239,false]},"author_info":{"display_name":"apuntesdesanluis.com","author_link":"https:\/\/apuntesdesanluis.com\/index.php\/author\/apuntesdesanluis-com\/"},"category_info":"<a href=\"https:\/\/apuntesdesanluis.com\/index.php\/category\/ciudad-provincia\/\" rel=\"category tag\">Ciudad\/Provincia<\/a>","tag_info":"Ciudad\/Provincia","comment_count":"0","_links":{"self":[{"href":"https:\/\/apuntesdesanluis.com\/index.php\/wp-json\/wp\/v2\/posts\/24666","targetHints":{"allow":["GET"]}}],"collection":[{"href":"https:\/\/apuntesdesanluis.com\/index.php\/wp-json\/wp\/v2\/posts"}],"about":[{"href":"https:\/\/apuntesdesanluis.com\/index.php\/wp-json\/wp\/v2\/types\/post"}],"author":[{"embeddable":true,"href":"https:\/\/apuntesdesanluis.com\/index.php\/wp-json\/wp\/v2\/users\/1"}],"replies":[{"embeddable":true,"href":"https:\/\/apuntesdesanluis.com\/index.php\/wp-json\/wp\/v2\/comments?post=24666"}],"version-history":[{"count":5,"href":"https:\/\/apuntesdesanluis.com\/index.php\/wp-json\/wp\/v2\/posts\/24666\/revisions"}],"predecessor-version":[{"id":24673,"href":"https:\/\/apuntesdesanluis.com\/index.php\/wp-json\/wp\/v2\/posts\/24666\/revisions\/24673"}],"wp:featuredmedia":[{"embeddable":true,"href":"https:\/\/apuntesdesanluis.com\/index.php\/wp-json\/wp\/v2\/media\/16442"}],"wp:attachment":[{"href":"https:\/\/apuntesdesanluis.com\/index.php\/wp-json\/wp\/v2\/media?parent=24666"}],"wp:term":[{"taxonomy":"category","embeddable":true,"href":"https:\/\/apuntesdesanluis.com\/index.php\/wp-json\/wp\/v2\/categories?post=24666"},{"taxonomy":"post_tag","embeddable":true,"href":"https:\/\/apuntesdesanluis.com\/index.php\/wp-json\/wp\/v2\/tags?post=24666"}],"curies":[{"name":"wp","href":"https:\/\/api.w.org\/{rel}","templated":true}]}}