{"id":24681,"date":"2024-11-01T19:36:48","date_gmt":"2024-11-01T22:36:48","guid":{"rendered":"https:\/\/apuntesdesanluis.com\/?p=24681"},"modified":"2024-11-01T19:36:48","modified_gmt":"2024-11-01T22:36:48","slug":"perspectiva-de-genero-rechazan-desalojo-de-una-mujer-de-una-vivienda-familiar","status":"publish","type":"post","link":"https:\/\/apuntesdesanluis.com\/index.php\/2024\/11\/01\/perspectiva-de-genero-rechazan-desalojo-de-una-mujer-de-una-vivienda-familiar\/","title":{"rendered":"PERSPECTIVA DE G\u00c9NERO: RECHAZAN DESALOJO DE UNA MUJER DE UNA VIVIENDA FAMILIAR"},"content":{"rendered":"<h3>La Justicia no hizo lugar a la acci\u00f3n pretendida por un hombre que compr\u00f3 un inmueble, donde habitaba la ex mujer del vendedor. La mujer no hab\u00eda prestado la conformidad para la operaci\u00f3n comercial conforme lo previsto en el Nuevo C\u00f3digo Civil y Comercial de la Naci\u00f3n.<\/h3>\n<h3>Teniendo en cuenta lo dispuesto en el Art\u00edculo 456 del C\u00f3digo Civil y Comercial de la Naci\u00f3n, que establece que \u201cninguno de los c\u00f3nyuges puede, sin el asentimiento del otro, disponer de los derechos sobre la vivienda familiar, ni de los muebles indispensables de \u00e9sta, ni transportarlos fuera de ella\u201d, la Justicia rechaz\u00f3 una demanda por desalojo presentada por un hombre que compr\u00f3 un inmueble donde resid\u00eda la ex mujer del vendedor.<\/h3>\n<h3>La resoluci\u00f3n, dictada por la Dra. Cynthia Alcaraz D\u00edaz, \u2013Juez del Juzgado Civil, Comercial y Ambiental N\u00ba 3 de la Segunda Circunscripci\u00f3n Judicial-\u00a0 fue confirmada por la Excma. C\u00e1mara de Apelaciones en lo Civil, Comercial, Ambiental, Ni\u00f1ez, Adolescencia, Violencia y Laboral, Sala Civil, integrada por las Dras. Mar\u00eda N. Chada y Teresa de L. Maletto.<\/h3>\n<h3>Al presentar la demanda, el actor\u00a0 relat\u00f3 que en fecha\u00a0 julio del 2017 adquiri\u00f3 un inmueble, en el cual se encontraba viviendo la demandada \u2013 ex mujer del vendedor-. Aclar\u00f3 que el bien era propio del vendedor, adquirido con anterioridad al matrimonio.<\/h3>\n<h3>Seg\u00fan los datos aportados en el expediente por el abogado del actor, el hombre\u00a0 hab\u00eda adquirido la vivienda con la finalidad de trasladarse desde otra ciudad a Villa Mercedes,\u00a0 por lo que, una vez realizada la compra,\u00a0 comenz\u00f3 gestiones personales a los fines de que la demandada entregara la vivienda.<\/h3>\n<h3>El inmueble\u00a0 objeto del litigio constituy\u00f3 el hogar conyugal donde\u00a0 transcurri\u00f3\u00a0 la\u00a0 vida familiar de la mujer a lo largo de los a\u00f1os.<\/h3>\n<h3>A la hora de resolver, la Dra. Alcaraz D\u00edaz contempl\u00f3 lo previsto en el Art\u00edculo 456 del C\u00f3digo Civil y Comercial que establece que \u201cninguno de los c\u00f3nyuges puede, sin el asentimiento del otro, disponer de los derechos sobre la vivienda familiar\u201d.<\/h3>\n<h3>La resoluci\u00f3n de la Juez del Juzgado Civil, Comercial y Ambiental N\u00ba 3 de la Segunda Circunscripci\u00f3n Judicial fue abordada con perspectiva de g\u00e9nero y en ese sentido, menciona a la Ley Micaela, promulgada el 10 de enero de 2019, que estableci\u00f3 la capacitaci\u00f3n obligatoria en g\u00e9nero y violencia de g\u00e9nero para todas las personas que se desempe\u00f1an en la funci\u00f3n p\u00fablica, en los poderes Ejecutivo, Legislativo y Judicial de la Naci\u00f3n.<\/h3>\n<h3>En el mismo sentido se expidi\u00f3 Excma. C\u00e1mara de Apelaciones en lo Civil, Comercial, Ambiental, Ni\u00f1ez, Adolescencia, Violencia y Laboral. En este caso, las Dras. Mar\u00eda N. Chada y Teresa de L. Maletto tambi\u00e9n destacaron la necesidad de abordar la causa con perspectiva de g\u00e9nero \u201csiendo que lo que se debate es el desalojo dela vivienda en la que la demandada ingres\u00f3 a vivir con fundamento en la convivencia familiar y posterior matrimonio\u201d.<\/h3>\n<h3>Asimismo, destacaron el esp\u00edritu de la norma (Art. 465 del C\u00f3digo Civil y Comercial), que busca a trav\u00e9s del asentamiento conyugal la protecci\u00f3n de los derechos sobre la vivienda familiar.<\/h3>\n<h3>La sentencia de la Dra. Alcaraz D\u00edaz, rechaz\u00f3 la pretensi\u00f3n de desalojo como acci\u00f3n personal en virtud de lo dispuesto en el Art. 456 del C\u00f3digo Civil y Comercial.<\/h3>\n<h3>Cabe se\u00f1alar que la perspectiva de g\u00e9nero debe ser considerada en todas las figuras legales. Asimismo, agreg\u00f3 que, si bien de esta se desprenden otras cuestiones para resolver, en esta causa correspondi\u00f3 abordar solamente el asunto de Desalojo, explic\u00f3 a este medio la Dra. Cynthia Alcaraz D\u00edaz.<\/h3>\n<h3>\u2026\u2026\u2026\u2026\u2026<\/h3>\n<h3><strong>CODIGO CIVIL Y COMERCIAL DE LA NACI\u00d3N\u00a0 ART\u00cdCULO 456.<\/strong> <em>Actos que requieren asentimiento Ninguno de los c\u00f3nyuges puede, sin el asentimiento del otro, disponer de los derechos sobre la vivienda familiar, ni de los muebles indispensables de \u00e9sta, ni transportarlos fuera de ella. El que no ha dado su asentimiento puede demandar la nulidad del acto o la restituci\u00f3n de los muebles dentro del plazo de caducidad de seis meses de haberlo conocido, pero no m\u00e1s all\u00e1 de seis meses de la extinci\u00f3n del r\u00e9gimen matrimonial. La vivienda familiar no puede ser ejecutada por deudas contra\u00eddas despu\u00e9s de la celebraci\u00f3n del matrimonio, excepto que lo hayan sido por ambos c\u00f3nyuges conjuntamente o por uno de ellos con el asentimiento del otro.<\/em><\/h3>\n<p>&nbsp;<\/p>\n<p>&nbsp;<\/p>\n<p>&nbsp;<\/p>\n<p>&nbsp;<\/p>\n<p>&nbsp;<\/p>\n<p>&nbsp;<\/p>\n","protected":false},"excerpt":{"rendered":"<p>La Justicia no hizo lugar a la acci\u00f3n pretendida por un hombre que compr\u00f3 un&#8230;<\/p>\n","protected":false},"author":1,"featured_media":24682,"comment_status":"closed","ping_status":"closed","sticky":false,"template":"","format":"standard","meta":{"footnotes":""},"categories":[6],"tags":[],"class_list":["post-24681","post","type-post","status-publish","format-standard","has-post-thumbnail","hentry","category-ciudad-provincia"],"yoast_head":"<!-- This site is optimized with the Yoast SEO plugin v26.1.1 - https:\/\/yoast.com\/wordpress\/plugins\/seo\/ -->\n<title>PERSPECTIVA DE G\u00c9NERO: RECHAZAN DESALOJO DE UNA MUJER DE UNA VIVIENDA FAMILIAR - Apuntes de San Luis<\/title>\n<meta name=\"robots\" content=\"index, follow, max-snippet:-1, max-image-preview:large, max-video-preview:-1\" \/>\n<link rel=\"canonical\" href=\"https:\/\/apuntesdesanluis.com\/index.php\/2024\/11\/01\/perspectiva-de-genero-rechazan-desalojo-de-una-mujer-de-una-vivienda-familiar\/\" \/>\n<meta property=\"og:locale\" content=\"es_ES\" \/>\n<meta property=\"og:type\" content=\"article\" \/>\n<meta property=\"og:title\" content=\"PERSPECTIVA DE G\u00c9NERO: RECHAZAN DESALOJO DE UNA MUJER DE UNA VIVIENDA FAMILIAR - Apuntes de San Luis\" \/>\n<meta property=\"og:description\" content=\"La Justicia no hizo lugar a la acci\u00f3n pretendida por un hombre que compr\u00f3 un...\" \/>\n<meta property=\"og:url\" content=\"https:\/\/apuntesdesanluis.com\/index.php\/2024\/11\/01\/perspectiva-de-genero-rechazan-desalojo-de-una-mujer-de-una-vivienda-familiar\/\" \/>\n<meta property=\"og:site_name\" content=\"Apuntes de San Luis\" \/>\n<meta property=\"article:published_time\" content=\"2024-11-01T22:36:48+00:00\" \/>\n<meta property=\"og:image\" content=\"https:\/\/apuntesdesanluis.com\/wp-content\/uploads\/2024\/11\/desalojo.png\" \/>\n\t<meta property=\"og:image:width\" content=\"730\" \/>\n\t<meta property=\"og:image:height\" content=\"462\" \/>\n\t<meta property=\"og:image:type\" content=\"image\/png\" \/>\n<meta name=\"author\" content=\"apuntesdesanluis.com\" \/>\n<meta name=\"twitter:card\" content=\"summary_large_image\" \/>\n<meta name=\"twitter:label1\" content=\"Escrito por\" \/>\n\t<meta name=\"twitter:data1\" content=\"apuntesdesanluis.com\" \/>\n\t<meta name=\"twitter:label2\" content=\"Tiempo de lectura\" \/>\n\t<meta name=\"twitter:data2\" content=\"4 minutos\" \/>\n<script type=\"application\/ld+json\" class=\"yoast-schema-graph\">{\"@context\":\"https:\/\/schema.org\",\"@graph\":[{\"@type\":\"Article\",\"@id\":\"https:\/\/apuntesdesanluis.com\/index.php\/2024\/11\/01\/perspectiva-de-genero-rechazan-desalojo-de-una-mujer-de-una-vivienda-familiar\/#article\",\"isPartOf\":{\"@id\":\"https:\/\/apuntesdesanluis.com\/index.php\/2024\/11\/01\/perspectiva-de-genero-rechazan-desalojo-de-una-mujer-de-una-vivienda-familiar\/\"},\"author\":{\"name\":\"apuntesdesanluis.com\",\"@id\":\"https:\/\/apuntesdesanluis.com\/#\/schema\/person\/b55151d52296fcce64d1a72538a70b90\"},\"headline\":\"PERSPECTIVA DE G\u00c9NERO: RECHAZAN DESALOJO DE UNA MUJER DE UNA VIVIENDA FAMILIAR\",\"datePublished\":\"2024-11-01T22:36:48+00:00\",\"mainEntityOfPage\":{\"@id\":\"https:\/\/apuntesdesanluis.com\/index.php\/2024\/11\/01\/perspectiva-de-genero-rechazan-desalojo-de-una-mujer-de-una-vivienda-familiar\/\"},\"wordCount\":771,\"publisher\":{\"@id\":\"https:\/\/apuntesdesanluis.com\/#\/schema\/person\/b55151d52296fcce64d1a72538a70b90\"},\"image\":{\"@id\":\"https:\/\/apuntesdesanluis.com\/index.php\/2024\/11\/01\/perspectiva-de-genero-rechazan-desalojo-de-una-mujer-de-una-vivienda-familiar\/#primaryimage\"},\"thumbnailUrl\":\"https:\/\/apuntesdesanluis.com\/wp-content\/uploads\/2024\/11\/desalojo.png\",\"articleSection\":[\"Ciudad\/Provincia\"],\"inLanguage\":\"es-AR\"},{\"@type\":\"WebPage\",\"@id\":\"https:\/\/apuntesdesanluis.com\/index.php\/2024\/11\/01\/perspectiva-de-genero-rechazan-desalojo-de-una-mujer-de-una-vivienda-familiar\/\",\"url\":\"https:\/\/apuntesdesanluis.com\/index.php\/2024\/11\/01\/perspectiva-de-genero-rechazan-desalojo-de-una-mujer-de-una-vivienda-familiar\/\",\"name\":\"PERSPECTIVA DE G\u00c9NERO: RECHAZAN DESALOJO DE UNA MUJER DE UNA VIVIENDA FAMILIAR - Apuntes de San Luis\",\"isPartOf\":{\"@id\":\"https:\/\/apuntesdesanluis.com\/#website\"},\"primaryImageOfPage\":{\"@id\":\"https:\/\/apuntesdesanluis.com\/index.php\/2024\/11\/01\/perspectiva-de-genero-rechazan-desalojo-de-una-mujer-de-una-vivienda-familiar\/#primaryimage\"},\"image\":{\"@id\":\"https:\/\/apuntesdesanluis.com\/index.php\/2024\/11\/01\/perspectiva-de-genero-rechazan-desalojo-de-una-mujer-de-una-vivienda-familiar\/#primaryimage\"},\"thumbnailUrl\":\"https:\/\/apuntesdesanluis.com\/wp-content\/uploads\/2024\/11\/desalojo.png\",\"datePublished\":\"2024-11-01T22:36:48+00:00\",\"breadcrumb\":{\"@id\":\"https:\/\/apuntesdesanluis.com\/index.php\/2024\/11\/01\/perspectiva-de-genero-rechazan-desalojo-de-una-mujer-de-una-vivienda-familiar\/#breadcrumb\"},\"inLanguage\":\"es-AR\",\"potentialAction\":[{\"@type\":\"ReadAction\",\"target\":[\"https:\/\/apuntesdesanluis.com\/index.php\/2024\/11\/01\/perspectiva-de-genero-rechazan-desalojo-de-una-mujer-de-una-vivienda-familiar\/\"]}]},{\"@type\":\"ImageObject\",\"inLanguage\":\"es-AR\",\"@id\":\"https:\/\/apuntesdesanluis.com\/index.php\/2024\/11\/01\/perspectiva-de-genero-rechazan-desalojo-de-una-mujer-de-una-vivienda-familiar\/#primaryimage\",\"url\":\"https:\/\/apuntesdesanluis.com\/wp-content\/uploads\/2024\/11\/desalojo.png\",\"contentUrl\":\"https:\/\/apuntesdesanluis.com\/wp-content\/uploads\/2024\/11\/desalojo.png\",\"width\":730,\"height\":462},{\"@type\":\"BreadcrumbList\",\"@id\":\"https:\/\/apuntesdesanluis.com\/index.php\/2024\/11\/01\/perspectiva-de-genero-rechazan-desalojo-de-una-mujer-de-una-vivienda-familiar\/#breadcrumb\",\"itemListElement\":[{\"@type\":\"ListItem\",\"position\":1,\"name\":\"Inicio\",\"item\":\"https:\/\/apuntesdesanluis.com\/\"},{\"@type\":\"ListItem\",\"position\":2,\"name\":\"PERSPECTIVA DE G\u00c9NERO: RECHAZAN DESALOJO DE UNA MUJER DE UNA VIVIENDA FAMILIAR\"}]},{\"@type\":\"WebSite\",\"@id\":\"https:\/\/apuntesdesanluis.com\/#website\",\"url\":\"https:\/\/apuntesdesanluis.com\/\",\"name\":\"Apuntes de San Luis\",\"description\":\"\",\"publisher\":{\"@id\":\"https:\/\/apuntesdesanluis.com\/#\/schema\/person\/b55151d52296fcce64d1a72538a70b90\"},\"potentialAction\":[{\"@type\":\"SearchAction\",\"target\":{\"@type\":\"EntryPoint\",\"urlTemplate\":\"https:\/\/apuntesdesanluis.com\/?s={search_term_string}\"},\"query-input\":{\"@type\":\"PropertyValueSpecification\",\"valueRequired\":true,\"valueName\":\"search_term_string\"}}],\"inLanguage\":\"es-AR\"},{\"@type\":[\"Person\",\"Organization\"],\"@id\":\"https:\/\/apuntesdesanluis.com\/#\/schema\/person\/b55151d52296fcce64d1a72538a70b90\",\"name\":\"apuntesdesanluis.com\",\"image\":{\"@type\":\"ImageObject\",\"inLanguage\":\"es-AR\",\"@id\":\"https:\/\/apuntesdesanluis.com\/#\/schema\/person\/image\/\",\"url\":\"https:\/\/apuntesdesanluis.com\/wp-content\/uploads\/2023\/07\/cropped-apuntesdesanluis.png\",\"contentUrl\":\"https:\/\/apuntesdesanluis.com\/wp-content\/uploads\/2023\/07\/cropped-apuntesdesanluis.png\",\"width\":450,\"height\":112,\"caption\":\"apuntesdesanluis.com\"},\"logo\":{\"@id\":\"https:\/\/apuntesdesanluis.com\/#\/schema\/person\/image\/\"},\"sameAs\":[\"https:\/\/apuntesdesanluis.com\"],\"url\":\"https:\/\/apuntesdesanluis.com\/index.php\/author\/apuntesdesanluis-com\/\"}]}<\/script>\n<!-- \/ Yoast SEO plugin. -->","yoast_head_json":{"title":"PERSPECTIVA DE G\u00c9NERO: RECHAZAN DESALOJO DE UNA MUJER DE UNA VIVIENDA FAMILIAR - Apuntes de San Luis","robots":{"index":"index","follow":"follow","max-snippet":"max-snippet:-1","max-image-preview":"max-image-preview:large","max-video-preview":"max-video-preview:-1"},"canonical":"https:\/\/apuntesdesanluis.com\/index.php\/2024\/11\/01\/perspectiva-de-genero-rechazan-desalojo-de-una-mujer-de-una-vivienda-familiar\/","og_locale":"es_ES","og_type":"article","og_title":"PERSPECTIVA DE G\u00c9NERO: RECHAZAN DESALOJO DE UNA MUJER DE UNA VIVIENDA FAMILIAR - Apuntes de San Luis","og_description":"La Justicia no hizo lugar a la acci\u00f3n pretendida por un hombre que compr\u00f3 un...","og_url":"https:\/\/apuntesdesanluis.com\/index.php\/2024\/11\/01\/perspectiva-de-genero-rechazan-desalojo-de-una-mujer-de-una-vivienda-familiar\/","og_site_name":"Apuntes de San Luis","article_published_time":"2024-11-01T22:36:48+00:00","og_image":[{"width":730,"height":462,"url":"https:\/\/apuntesdesanluis.com\/wp-content\/uploads\/2024\/11\/desalojo.png","type":"image\/png"}],"author":"apuntesdesanluis.com","twitter_card":"summary_large_image","twitter_misc":{"Escrito por":"apuntesdesanluis.com","Tiempo de lectura":"4 minutos"},"schema":{"@context":"https:\/\/schema.org","@graph":[{"@type":"Article","@id":"https:\/\/apuntesdesanluis.com\/index.php\/2024\/11\/01\/perspectiva-de-genero-rechazan-desalojo-de-una-mujer-de-una-vivienda-familiar\/#article","isPartOf":{"@id":"https:\/\/apuntesdesanluis.com\/index.php\/2024\/11\/01\/perspectiva-de-genero-rechazan-desalojo-de-una-mujer-de-una-vivienda-familiar\/"},"author":{"name":"apuntesdesanluis.com","@id":"https:\/\/apuntesdesanluis.com\/#\/schema\/person\/b55151d52296fcce64d1a72538a70b90"},"headline":"PERSPECTIVA DE G\u00c9NERO: RECHAZAN DESALOJO DE UNA MUJER DE UNA VIVIENDA FAMILIAR","datePublished":"2024-11-01T22:36:48+00:00","mainEntityOfPage":{"@id":"https:\/\/apuntesdesanluis.com\/index.php\/2024\/11\/01\/perspectiva-de-genero-rechazan-desalojo-de-una-mujer-de-una-vivienda-familiar\/"},"wordCount":771,"publisher":{"@id":"https:\/\/apuntesdesanluis.com\/#\/schema\/person\/b55151d52296fcce64d1a72538a70b90"},"image":{"@id":"https:\/\/apuntesdesanluis.com\/index.php\/2024\/11\/01\/perspectiva-de-genero-rechazan-desalojo-de-una-mujer-de-una-vivienda-familiar\/#primaryimage"},"thumbnailUrl":"https:\/\/apuntesdesanluis.com\/wp-content\/uploads\/2024\/11\/desalojo.png","articleSection":["Ciudad\/Provincia"],"inLanguage":"es-AR"},{"@type":"WebPage","@id":"https:\/\/apuntesdesanluis.com\/index.php\/2024\/11\/01\/perspectiva-de-genero-rechazan-desalojo-de-una-mujer-de-una-vivienda-familiar\/","url":"https:\/\/apuntesdesanluis.com\/index.php\/2024\/11\/01\/perspectiva-de-genero-rechazan-desalojo-de-una-mujer-de-una-vivienda-familiar\/","name":"PERSPECTIVA DE G\u00c9NERO: RECHAZAN DESALOJO DE UNA MUJER DE UNA VIVIENDA FAMILIAR - Apuntes de San Luis","isPartOf":{"@id":"https:\/\/apuntesdesanluis.com\/#website"},"primaryImageOfPage":{"@id":"https:\/\/apuntesdesanluis.com\/index.php\/2024\/11\/01\/perspectiva-de-genero-rechazan-desalojo-de-una-mujer-de-una-vivienda-familiar\/#primaryimage"},"image":{"@id":"https:\/\/apuntesdesanluis.com\/index.php\/2024\/11\/01\/perspectiva-de-genero-rechazan-desalojo-de-una-mujer-de-una-vivienda-familiar\/#primaryimage"},"thumbnailUrl":"https:\/\/apuntesdesanluis.com\/wp-content\/uploads\/2024\/11\/desalojo.png","datePublished":"2024-11-01T22:36:48+00:00","breadcrumb":{"@id":"https:\/\/apuntesdesanluis.com\/index.php\/2024\/11\/01\/perspectiva-de-genero-rechazan-desalojo-de-una-mujer-de-una-vivienda-familiar\/#breadcrumb"},"inLanguage":"es-AR","potentialAction":[{"@type":"ReadAction","target":["https:\/\/apuntesdesanluis.com\/index.php\/2024\/11\/01\/perspectiva-de-genero-rechazan-desalojo-de-una-mujer-de-una-vivienda-familiar\/"]}]},{"@type":"ImageObject","inLanguage":"es-AR","@id":"https:\/\/apuntesdesanluis.com\/index.php\/2024\/11\/01\/perspectiva-de-genero-rechazan-desalojo-de-una-mujer-de-una-vivienda-familiar\/#primaryimage","url":"https:\/\/apuntesdesanluis.com\/wp-content\/uploads\/2024\/11\/desalojo.png","contentUrl":"https:\/\/apuntesdesanluis.com\/wp-content\/uploads\/2024\/11\/desalojo.png","width":730,"height":462},{"@type":"BreadcrumbList","@id":"https:\/\/apuntesdesanluis.com\/index.php\/2024\/11\/01\/perspectiva-de-genero-rechazan-desalojo-de-una-mujer-de-una-vivienda-familiar\/#breadcrumb","itemListElement":[{"@type":"ListItem","position":1,"name":"Inicio","item":"https:\/\/apuntesdesanluis.com\/"},{"@type":"ListItem","position":2,"name":"PERSPECTIVA DE G\u00c9NERO: RECHAZAN DESALOJO DE UNA MUJER DE UNA VIVIENDA FAMILIAR"}]},{"@type":"WebSite","@id":"https:\/\/apuntesdesanluis.com\/#website","url":"https:\/\/apuntesdesanluis.com\/","name":"Apuntes de San Luis","description":"","publisher":{"@id":"https:\/\/apuntesdesanluis.com\/#\/schema\/person\/b55151d52296fcce64d1a72538a70b90"},"potentialAction":[{"@type":"SearchAction","target":{"@type":"EntryPoint","urlTemplate":"https:\/\/apuntesdesanluis.com\/?s={search_term_string}"},"query-input":{"@type":"PropertyValueSpecification","valueRequired":true,"valueName":"search_term_string"}}],"inLanguage":"es-AR"},{"@type":["Person","Organization"],"@id":"https:\/\/apuntesdesanluis.com\/#\/schema\/person\/b55151d52296fcce64d1a72538a70b90","name":"apuntesdesanluis.com","image":{"@type":"ImageObject","inLanguage":"es-AR","@id":"https:\/\/apuntesdesanluis.com\/#\/schema\/person\/image\/","url":"https:\/\/apuntesdesanluis.com\/wp-content\/uploads\/2023\/07\/cropped-apuntesdesanluis.png","contentUrl":"https:\/\/apuntesdesanluis.com\/wp-content\/uploads\/2023\/07\/cropped-apuntesdesanluis.png","width":450,"height":112,"caption":"apuntesdesanluis.com"},"logo":{"@id":"https:\/\/apuntesdesanluis.com\/#\/schema\/person\/image\/"},"sameAs":["https:\/\/apuntesdesanluis.com"],"url":"https:\/\/apuntesdesanluis.com\/index.php\/author\/apuntesdesanluis-com\/"}]}},"featured_image_urls":{"full":["https:\/\/apuntesdesanluis.com\/wp-content\/uploads\/2024\/11\/desalojo.png",730,462,false],"thumbnail":["https:\/\/apuntesdesanluis.com\/wp-content\/uploads\/2024\/11\/desalojo-150x150.png",150,150,true],"medium":["https:\/\/apuntesdesanluis.com\/wp-content\/uploads\/2024\/11\/desalojo-300x190.png",300,190,true],"medium_large":["https:\/\/apuntesdesanluis.com\/wp-content\/uploads\/2024\/11\/desalojo.png",640,405,false],"large":["https:\/\/apuntesdesanluis.com\/wp-content\/uploads\/2024\/11\/desalojo.png",640,405,false],"1536x1536":["https:\/\/apuntesdesanluis.com\/wp-content\/uploads\/2024\/11\/desalojo.png",730,462,false],"2048x2048":["https:\/\/apuntesdesanluis.com\/wp-content\/uploads\/2024\/11\/desalojo.png",730,462,false],"newsever-slider-full":["https:\/\/apuntesdesanluis.com\/wp-content\/uploads\/2024\/11\/desalojo.png",730,462,false],"newsever-featured":["https:\/\/apuntesdesanluis.com\/wp-content\/uploads\/2024\/11\/desalojo.png",730,462,false],"newsever-medium":["https:\/\/apuntesdesanluis.com\/wp-content\/uploads\/2024\/11\/desalojo-720x462.png",720,462,true]},"author_info":{"display_name":"apuntesdesanluis.com","author_link":"https:\/\/apuntesdesanluis.com\/index.php\/author\/apuntesdesanluis-com\/"},"category_info":"<a href=\"https:\/\/apuntesdesanluis.com\/index.php\/category\/ciudad-provincia\/\" rel=\"category tag\">Ciudad\/Provincia<\/a>","tag_info":"Ciudad\/Provincia","comment_count":"0","_links":{"self":[{"href":"https:\/\/apuntesdesanluis.com\/index.php\/wp-json\/wp\/v2\/posts\/24681","targetHints":{"allow":["GET"]}}],"collection":[{"href":"https:\/\/apuntesdesanluis.com\/index.php\/wp-json\/wp\/v2\/posts"}],"about":[{"href":"https:\/\/apuntesdesanluis.com\/index.php\/wp-json\/wp\/v2\/types\/post"}],"author":[{"embeddable":true,"href":"https:\/\/apuntesdesanluis.com\/index.php\/wp-json\/wp\/v2\/users\/1"}],"replies":[{"embeddable":true,"href":"https:\/\/apuntesdesanluis.com\/index.php\/wp-json\/wp\/v2\/comments?post=24681"}],"version-history":[{"count":1,"href":"https:\/\/apuntesdesanluis.com\/index.php\/wp-json\/wp\/v2\/posts\/24681\/revisions"}],"predecessor-version":[{"id":24683,"href":"https:\/\/apuntesdesanluis.com\/index.php\/wp-json\/wp\/v2\/posts\/24681\/revisions\/24683"}],"wp:featuredmedia":[{"embeddable":true,"href":"https:\/\/apuntesdesanluis.com\/index.php\/wp-json\/wp\/v2\/media\/24682"}],"wp:attachment":[{"href":"https:\/\/apuntesdesanluis.com\/index.php\/wp-json\/wp\/v2\/media?parent=24681"}],"wp:term":[{"taxonomy":"category","embeddable":true,"href":"https:\/\/apuntesdesanluis.com\/index.php\/wp-json\/wp\/v2\/categories?post=24681"},{"taxonomy":"post_tag","embeddable":true,"href":"https:\/\/apuntesdesanluis.com\/index.php\/wp-json\/wp\/v2\/tags?post=24681"}],"curies":[{"name":"wp","href":"https:\/\/api.w.org\/{rel}","templated":true}]}}