{"id":24693,"date":"2024-11-01T20:16:08","date_gmt":"2024-11-01T23:16:08","guid":{"rendered":"https:\/\/apuntesdesanluis.com\/?p=24693"},"modified":"2024-11-01T20:20:18","modified_gmt":"2024-11-01T23:20:18","slug":"llevaban-un-hereford-faenado-en-el-baul-del-renault-los-descubrieron-y-se-fugaron","status":"publish","type":"post","link":"https:\/\/apuntesdesanluis.com\/index.php\/2024\/11\/01\/llevaban-un-hereford-faenado-en-el-baul-del-renault-los-descubrieron-y-se-fugaron\/","title":{"rendered":"LLEVABAN UN HEREFORD FAENADO EN EL BA\u00daL DEL RENAULT, LOS DESCUBRIERON Y SE FUGARON"},"content":{"rendered":"<h3>Este jueves por la noche, polic\u00edas de la Comisar\u00eda Distrito 15\u00b0 fueron alertados por el Centro de Operaciones Policiales debido a que el propietario de un campo de la zona rural de Quines dio aviso que unos sujetos que se movilizaban en un autom\u00f3vil rojo le hab\u00edan sustra\u00eddo un animal vacuno de su campo.<\/h3>\n<h3>Por tal motivo, los efectivos policiales iniciaron un recorrido y en la ruta provincial 4 (a unos 3 kil\u00f3metros de la intersecci\u00f3n con ruta nacional 79) visualizaron un auto Renault 12 de color rojo. En ese momento, el veh\u00edculo detuvo su marcha y dos sujetos que circulaban en el mismo se bajaron y se dieron a la fuga campo adentro, tras advertir la presencia policial.<\/h3>\n<h3>Los polic\u00edas realizaron una requisa en el auto Renault 12 y en el asiento del lado del conductor encontraron dos cuchillos tipo carnicero, mientras que en el asiento trasero hallaron un arma de fuego tipo carabina calibre 22 con mira telesc\u00f3pica.<\/h3>\n<p><img fetchpriority=\"high\" decoding=\"async\" class=\"wp-image-24695 aligncenter\" src=\"https:\/\/apuntesdesanluis.com\/wp-content\/uploads\/2024\/11\/Imagen-de-WhatsApp-2024-11-01-a-las-18.00.15_3f4e6826-300x185.jpg\" alt=\"\" width=\"733\" height=\"452\" srcset=\"https:\/\/apuntesdesanluis.com\/wp-content\/uploads\/2024\/11\/Imagen-de-WhatsApp-2024-11-01-a-las-18.00.15_3f4e6826-300x185.jpg 300w, https:\/\/apuntesdesanluis.com\/wp-content\/uploads\/2024\/11\/Imagen-de-WhatsApp-2024-11-01-a-las-18.00.15_3f4e6826.jpg 645w\" sizes=\"(max-width: 733px) 100vw, 733px\" \/><\/p>\n<h3>Asimismo, en el ba\u00fal del veh\u00edculo encontraron un animal vacuno raza Hereford, de unos 100 kilos aproximadamente, el cual presentaba una herida similar a la ocasionada por un disparo de arma de fuego, por lo que se procedi\u00f3 al secuestro preventivo del animal, el veh\u00edculo y los elementos.<\/h3>\n<h3>Tom\u00f3 intervenci\u00f3n la Unidad de Abordaje Fiscal de la Primera Circunscripci\u00f3n Judicial, a cargo de la Dra. Alejandra Quiroga Nassivera, y la causa est\u00e1 caratulada como \u201cAveriguaci\u00f3n abigeato\u201d.<\/h3>\n<p>&nbsp;<\/p>\n<p>&nbsp;<\/p>\n<p>&nbsp;<\/p>\n<p>&nbsp;<\/p>\n<p>&nbsp;<\/p>\n<p>&nbsp;<\/p>\n","protected":false},"excerpt":{"rendered":"<p>Este jueves por la noche, polic\u00edas de la Comisar\u00eda Distrito 15\u00b0 fueron alertados por el&#8230;<\/p>\n","protected":false},"author":1,"featured_media":24694,"comment_status":"closed","ping_status":"closed","sticky":false,"template":"","format":"standard","meta":{"footnotes":""},"categories":[6],"tags":[],"class_list":["post-24693","post","type-post","status-publish","format-standard","has-post-thumbnail","hentry","category-ciudad-provincia"],"yoast_head":"<!-- This site is optimized with the Yoast SEO plugin v26.1.1 - https:\/\/yoast.com\/wordpress\/plugins\/seo\/ -->\n<title>LLEVABAN UN HEREFORD FAENADO EN EL BA\u00daL DEL RENAULT, LOS DESCUBRIERON Y SE FUGARON - Apuntes de San Luis<\/title>\n<meta name=\"robots\" content=\"index, follow, max-snippet:-1, max-image-preview:large, max-video-preview:-1\" \/>\n<link rel=\"canonical\" href=\"https:\/\/apuntesdesanluis.com\/index.php\/2024\/11\/01\/llevaban-un-hereford-faenado-en-el-baul-del-renault-los-descubrieron-y-se-fugaron\/\" \/>\n<meta property=\"og:locale\" content=\"es_ES\" \/>\n<meta property=\"og:type\" content=\"article\" \/>\n<meta property=\"og:title\" content=\"LLEVABAN UN HEREFORD FAENADO EN EL BA\u00daL DEL RENAULT, LOS DESCUBRIERON Y SE FUGARON - Apuntes de San Luis\" \/>\n<meta property=\"og:description\" content=\"Este jueves por la noche, polic\u00edas de la Comisar\u00eda Distrito 15\u00b0 fueron alertados por el...\" \/>\n<meta property=\"og:url\" content=\"https:\/\/apuntesdesanluis.com\/index.php\/2024\/11\/01\/llevaban-un-hereford-faenado-en-el-baul-del-renault-los-descubrieron-y-se-fugaron\/\" \/>\n<meta property=\"og:site_name\" content=\"Apuntes de San Luis\" \/>\n<meta property=\"article:published_time\" content=\"2024-11-01T23:16:08+00:00\" \/>\n<meta property=\"article:modified_time\" content=\"2024-11-01T23:20:18+00:00\" \/>\n<meta property=\"og:image\" content=\"https:\/\/apuntesdesanluis.com\/wp-content\/uploads\/2024\/11\/Imagen-de-WhatsApp-2024-11-01-a-las-18.00.14_d5c9bcf9.jpg\" \/>\n\t<meta property=\"og:image:width\" content=\"700\" \/>\n\t<meta property=\"og:image:height\" content=\"468\" \/>\n\t<meta property=\"og:image:type\" content=\"image\/jpeg\" \/>\n<meta name=\"author\" content=\"apuntesdesanluis.com\" \/>\n<meta name=\"twitter:card\" content=\"summary_large_image\" \/>\n<meta name=\"twitter:label1\" content=\"Escrito por\" \/>\n\t<meta name=\"twitter:data1\" content=\"apuntesdesanluis.com\" \/>\n\t<meta name=\"twitter:label2\" content=\"Tiempo de lectura\" \/>\n\t<meta name=\"twitter:data2\" content=\"2 minutos\" \/>\n<script type=\"application\/ld+json\" class=\"yoast-schema-graph\">{\"@context\":\"https:\/\/schema.org\",\"@graph\":[{\"@type\":\"Article\",\"@id\":\"https:\/\/apuntesdesanluis.com\/index.php\/2024\/11\/01\/llevaban-un-hereford-faenado-en-el-baul-del-renault-los-descubrieron-y-se-fugaron\/#article\",\"isPartOf\":{\"@id\":\"https:\/\/apuntesdesanluis.com\/index.php\/2024\/11\/01\/llevaban-un-hereford-faenado-en-el-baul-del-renault-los-descubrieron-y-se-fugaron\/\"},\"author\":{\"name\":\"apuntesdesanluis.com\",\"@id\":\"https:\/\/apuntesdesanluis.com\/#\/schema\/person\/b55151d52296fcce64d1a72538a70b90\"},\"headline\":\"LLEVABAN UN HEREFORD FAENADO EN EL BA\u00daL DEL RENAULT, LOS DESCUBRIERON Y SE FUGARON\",\"datePublished\":\"2024-11-01T23:16:08+00:00\",\"dateModified\":\"2024-11-01T23:20:18+00:00\",\"mainEntityOfPage\":{\"@id\":\"https:\/\/apuntesdesanluis.com\/index.php\/2024\/11\/01\/llevaban-un-hereford-faenado-en-el-baul-del-renault-los-descubrieron-y-se-fugaron\/\"},\"wordCount\":265,\"publisher\":{\"@id\":\"https:\/\/apuntesdesanluis.com\/#\/schema\/person\/b55151d52296fcce64d1a72538a70b90\"},\"image\":{\"@id\":\"https:\/\/apuntesdesanluis.com\/index.php\/2024\/11\/01\/llevaban-un-hereford-faenado-en-el-baul-del-renault-los-descubrieron-y-se-fugaron\/#primaryimage\"},\"thumbnailUrl\":\"https:\/\/apuntesdesanluis.com\/wp-content\/uploads\/2024\/11\/Imagen-de-WhatsApp-2024-11-01-a-las-18.00.14_d5c9bcf9.jpg\",\"articleSection\":[\"Ciudad\/Provincia\"],\"inLanguage\":\"es-AR\"},{\"@type\":\"WebPage\",\"@id\":\"https:\/\/apuntesdesanluis.com\/index.php\/2024\/11\/01\/llevaban-un-hereford-faenado-en-el-baul-del-renault-los-descubrieron-y-se-fugaron\/\",\"url\":\"https:\/\/apuntesdesanluis.com\/index.php\/2024\/11\/01\/llevaban-un-hereford-faenado-en-el-baul-del-renault-los-descubrieron-y-se-fugaron\/\",\"name\":\"LLEVABAN UN HEREFORD FAENADO EN EL BA\u00daL DEL RENAULT, LOS DESCUBRIERON Y SE FUGARON - Apuntes de San Luis\",\"isPartOf\":{\"@id\":\"https:\/\/apuntesdesanluis.com\/#website\"},\"primaryImageOfPage\":{\"@id\":\"https:\/\/apuntesdesanluis.com\/index.php\/2024\/11\/01\/llevaban-un-hereford-faenado-en-el-baul-del-renault-los-descubrieron-y-se-fugaron\/#primaryimage\"},\"image\":{\"@id\":\"https:\/\/apuntesdesanluis.com\/index.php\/2024\/11\/01\/llevaban-un-hereford-faenado-en-el-baul-del-renault-los-descubrieron-y-se-fugaron\/#primaryimage\"},\"thumbnailUrl\":\"https:\/\/apuntesdesanluis.com\/wp-content\/uploads\/2024\/11\/Imagen-de-WhatsApp-2024-11-01-a-las-18.00.14_d5c9bcf9.jpg\",\"datePublished\":\"2024-11-01T23:16:08+00:00\",\"dateModified\":\"2024-11-01T23:20:18+00:00\",\"breadcrumb\":{\"@id\":\"https:\/\/apuntesdesanluis.com\/index.php\/2024\/11\/01\/llevaban-un-hereford-faenado-en-el-baul-del-renault-los-descubrieron-y-se-fugaron\/#breadcrumb\"},\"inLanguage\":\"es-AR\",\"potentialAction\":[{\"@type\":\"ReadAction\",\"target\":[\"https:\/\/apuntesdesanluis.com\/index.php\/2024\/11\/01\/llevaban-un-hereford-faenado-en-el-baul-del-renault-los-descubrieron-y-se-fugaron\/\"]}]},{\"@type\":\"ImageObject\",\"inLanguage\":\"es-AR\",\"@id\":\"https:\/\/apuntesdesanluis.com\/index.php\/2024\/11\/01\/llevaban-un-hereford-faenado-en-el-baul-del-renault-los-descubrieron-y-se-fugaron\/#primaryimage\",\"url\":\"https:\/\/apuntesdesanluis.com\/wp-content\/uploads\/2024\/11\/Imagen-de-WhatsApp-2024-11-01-a-las-18.00.14_d5c9bcf9.jpg\",\"contentUrl\":\"https:\/\/apuntesdesanluis.com\/wp-content\/uploads\/2024\/11\/Imagen-de-WhatsApp-2024-11-01-a-las-18.00.14_d5c9bcf9.jpg\",\"width\":700,\"height\":468},{\"@type\":\"BreadcrumbList\",\"@id\":\"https:\/\/apuntesdesanluis.com\/index.php\/2024\/11\/01\/llevaban-un-hereford-faenado-en-el-baul-del-renault-los-descubrieron-y-se-fugaron\/#breadcrumb\",\"itemListElement\":[{\"@type\":\"ListItem\",\"position\":1,\"name\":\"Inicio\",\"item\":\"https:\/\/apuntesdesanluis.com\/\"},{\"@type\":\"ListItem\",\"position\":2,\"name\":\"LLEVABAN UN HEREFORD FAENADO EN EL BA\u00daL DEL RENAULT, LOS DESCUBRIERON Y SE FUGARON\"}]},{\"@type\":\"WebSite\",\"@id\":\"https:\/\/apuntesdesanluis.com\/#website\",\"url\":\"https:\/\/apuntesdesanluis.com\/\",\"name\":\"Apuntes de San Luis\",\"description\":\"\",\"publisher\":{\"@id\":\"https:\/\/apuntesdesanluis.com\/#\/schema\/person\/b55151d52296fcce64d1a72538a70b90\"},\"potentialAction\":[{\"@type\":\"SearchAction\",\"target\":{\"@type\":\"EntryPoint\",\"urlTemplate\":\"https:\/\/apuntesdesanluis.com\/?s={search_term_string}\"},\"query-input\":{\"@type\":\"PropertyValueSpecification\",\"valueRequired\":true,\"valueName\":\"search_term_string\"}}],\"inLanguage\":\"es-AR\"},{\"@type\":[\"Person\",\"Organization\"],\"@id\":\"https:\/\/apuntesdesanluis.com\/#\/schema\/person\/b55151d52296fcce64d1a72538a70b90\",\"name\":\"apuntesdesanluis.com\",\"image\":{\"@type\":\"ImageObject\",\"inLanguage\":\"es-AR\",\"@id\":\"https:\/\/apuntesdesanluis.com\/#\/schema\/person\/image\/\",\"url\":\"https:\/\/apuntesdesanluis.com\/wp-content\/uploads\/2023\/07\/cropped-apuntesdesanluis.png\",\"contentUrl\":\"https:\/\/apuntesdesanluis.com\/wp-content\/uploads\/2023\/07\/cropped-apuntesdesanluis.png\",\"width\":450,\"height\":112,\"caption\":\"apuntesdesanluis.com\"},\"logo\":{\"@id\":\"https:\/\/apuntesdesanluis.com\/#\/schema\/person\/image\/\"},\"sameAs\":[\"https:\/\/apuntesdesanluis.com\"],\"url\":\"https:\/\/apuntesdesanluis.com\/index.php\/author\/apuntesdesanluis-com\/\"}]}<\/script>\n<!-- \/ Yoast SEO plugin. -->","yoast_head_json":{"title":"LLEVABAN UN HEREFORD FAENADO EN EL BA\u00daL DEL RENAULT, LOS DESCUBRIERON Y SE FUGARON - Apuntes de San Luis","robots":{"index":"index","follow":"follow","max-snippet":"max-snippet:-1","max-image-preview":"max-image-preview:large","max-video-preview":"max-video-preview:-1"},"canonical":"https:\/\/apuntesdesanluis.com\/index.php\/2024\/11\/01\/llevaban-un-hereford-faenado-en-el-baul-del-renault-los-descubrieron-y-se-fugaron\/","og_locale":"es_ES","og_type":"article","og_title":"LLEVABAN UN HEREFORD FAENADO EN EL BA\u00daL DEL RENAULT, LOS DESCUBRIERON Y SE FUGARON - Apuntes de San Luis","og_description":"Este jueves por la noche, polic\u00edas de la Comisar\u00eda Distrito 15\u00b0 fueron alertados por el...","og_url":"https:\/\/apuntesdesanluis.com\/index.php\/2024\/11\/01\/llevaban-un-hereford-faenado-en-el-baul-del-renault-los-descubrieron-y-se-fugaron\/","og_site_name":"Apuntes de San Luis","article_published_time":"2024-11-01T23:16:08+00:00","article_modified_time":"2024-11-01T23:20:18+00:00","og_image":[{"width":700,"height":468,"url":"https:\/\/apuntesdesanluis.com\/wp-content\/uploads\/2024\/11\/Imagen-de-WhatsApp-2024-11-01-a-las-18.00.14_d5c9bcf9.jpg","type":"image\/jpeg"}],"author":"apuntesdesanluis.com","twitter_card":"summary_large_image","twitter_misc":{"Escrito por":"apuntesdesanluis.com","Tiempo de lectura":"2 minutos"},"schema":{"@context":"https:\/\/schema.org","@graph":[{"@type":"Article","@id":"https:\/\/apuntesdesanluis.com\/index.php\/2024\/11\/01\/llevaban-un-hereford-faenado-en-el-baul-del-renault-los-descubrieron-y-se-fugaron\/#article","isPartOf":{"@id":"https:\/\/apuntesdesanluis.com\/index.php\/2024\/11\/01\/llevaban-un-hereford-faenado-en-el-baul-del-renault-los-descubrieron-y-se-fugaron\/"},"author":{"name":"apuntesdesanluis.com","@id":"https:\/\/apuntesdesanluis.com\/#\/schema\/person\/b55151d52296fcce64d1a72538a70b90"},"headline":"LLEVABAN UN HEREFORD FAENADO EN EL BA\u00daL DEL RENAULT, LOS DESCUBRIERON Y SE FUGARON","datePublished":"2024-11-01T23:16:08+00:00","dateModified":"2024-11-01T23:20:18+00:00","mainEntityOfPage":{"@id":"https:\/\/apuntesdesanluis.com\/index.php\/2024\/11\/01\/llevaban-un-hereford-faenado-en-el-baul-del-renault-los-descubrieron-y-se-fugaron\/"},"wordCount":265,"publisher":{"@id":"https:\/\/apuntesdesanluis.com\/#\/schema\/person\/b55151d52296fcce64d1a72538a70b90"},"image":{"@id":"https:\/\/apuntesdesanluis.com\/index.php\/2024\/11\/01\/llevaban-un-hereford-faenado-en-el-baul-del-renault-los-descubrieron-y-se-fugaron\/#primaryimage"},"thumbnailUrl":"https:\/\/apuntesdesanluis.com\/wp-content\/uploads\/2024\/11\/Imagen-de-WhatsApp-2024-11-01-a-las-18.00.14_d5c9bcf9.jpg","articleSection":["Ciudad\/Provincia"],"inLanguage":"es-AR"},{"@type":"WebPage","@id":"https:\/\/apuntesdesanluis.com\/index.php\/2024\/11\/01\/llevaban-un-hereford-faenado-en-el-baul-del-renault-los-descubrieron-y-se-fugaron\/","url":"https:\/\/apuntesdesanluis.com\/index.php\/2024\/11\/01\/llevaban-un-hereford-faenado-en-el-baul-del-renault-los-descubrieron-y-se-fugaron\/","name":"LLEVABAN UN HEREFORD FAENADO EN EL BA\u00daL DEL RENAULT, LOS DESCUBRIERON Y SE FUGARON - Apuntes de San Luis","isPartOf":{"@id":"https:\/\/apuntesdesanluis.com\/#website"},"primaryImageOfPage":{"@id":"https:\/\/apuntesdesanluis.com\/index.php\/2024\/11\/01\/llevaban-un-hereford-faenado-en-el-baul-del-renault-los-descubrieron-y-se-fugaron\/#primaryimage"},"image":{"@id":"https:\/\/apuntesdesanluis.com\/index.php\/2024\/11\/01\/llevaban-un-hereford-faenado-en-el-baul-del-renault-los-descubrieron-y-se-fugaron\/#primaryimage"},"thumbnailUrl":"https:\/\/apuntesdesanluis.com\/wp-content\/uploads\/2024\/11\/Imagen-de-WhatsApp-2024-11-01-a-las-18.00.14_d5c9bcf9.jpg","datePublished":"2024-11-01T23:16:08+00:00","dateModified":"2024-11-01T23:20:18+00:00","breadcrumb":{"@id":"https:\/\/apuntesdesanluis.com\/index.php\/2024\/11\/01\/llevaban-un-hereford-faenado-en-el-baul-del-renault-los-descubrieron-y-se-fugaron\/#breadcrumb"},"inLanguage":"es-AR","potentialAction":[{"@type":"ReadAction","target":["https:\/\/apuntesdesanluis.com\/index.php\/2024\/11\/01\/llevaban-un-hereford-faenado-en-el-baul-del-renault-los-descubrieron-y-se-fugaron\/"]}]},{"@type":"ImageObject","inLanguage":"es-AR","@id":"https:\/\/apuntesdesanluis.com\/index.php\/2024\/11\/01\/llevaban-un-hereford-faenado-en-el-baul-del-renault-los-descubrieron-y-se-fugaron\/#primaryimage","url":"https:\/\/apuntesdesanluis.com\/wp-content\/uploads\/2024\/11\/Imagen-de-WhatsApp-2024-11-01-a-las-18.00.14_d5c9bcf9.jpg","contentUrl":"https:\/\/apuntesdesanluis.com\/wp-content\/uploads\/2024\/11\/Imagen-de-WhatsApp-2024-11-01-a-las-18.00.14_d5c9bcf9.jpg","width":700,"height":468},{"@type":"BreadcrumbList","@id":"https:\/\/apuntesdesanluis.com\/index.php\/2024\/11\/01\/llevaban-un-hereford-faenado-en-el-baul-del-renault-los-descubrieron-y-se-fugaron\/#breadcrumb","itemListElement":[{"@type":"ListItem","position":1,"name":"Inicio","item":"https:\/\/apuntesdesanluis.com\/"},{"@type":"ListItem","position":2,"name":"LLEVABAN UN HEREFORD FAENADO EN EL BA\u00daL DEL RENAULT, LOS DESCUBRIERON Y SE FUGARON"}]},{"@type":"WebSite","@id":"https:\/\/apuntesdesanluis.com\/#website","url":"https:\/\/apuntesdesanluis.com\/","name":"Apuntes de San Luis","description":"","publisher":{"@id":"https:\/\/apuntesdesanluis.com\/#\/schema\/person\/b55151d52296fcce64d1a72538a70b90"},"potentialAction":[{"@type":"SearchAction","target":{"@type":"EntryPoint","urlTemplate":"https:\/\/apuntesdesanluis.com\/?s={search_term_string}"},"query-input":{"@type":"PropertyValueSpecification","valueRequired":true,"valueName":"search_term_string"}}],"inLanguage":"es-AR"},{"@type":["Person","Organization"],"@id":"https:\/\/apuntesdesanluis.com\/#\/schema\/person\/b55151d52296fcce64d1a72538a70b90","name":"apuntesdesanluis.com","image":{"@type":"ImageObject","inLanguage":"es-AR","@id":"https:\/\/apuntesdesanluis.com\/#\/schema\/person\/image\/","url":"https:\/\/apuntesdesanluis.com\/wp-content\/uploads\/2023\/07\/cropped-apuntesdesanluis.png","contentUrl":"https:\/\/apuntesdesanluis.com\/wp-content\/uploads\/2023\/07\/cropped-apuntesdesanluis.png","width":450,"height":112,"caption":"apuntesdesanluis.com"},"logo":{"@id":"https:\/\/apuntesdesanluis.com\/#\/schema\/person\/image\/"},"sameAs":["https:\/\/apuntesdesanluis.com"],"url":"https:\/\/apuntesdesanluis.com\/index.php\/author\/apuntesdesanluis-com\/"}]}},"featured_image_urls":{"full":["https:\/\/apuntesdesanluis.com\/wp-content\/uploads\/2024\/11\/Imagen-de-WhatsApp-2024-11-01-a-las-18.00.14_d5c9bcf9.jpg",700,468,false],"thumbnail":["https:\/\/apuntesdesanluis.com\/wp-content\/uploads\/2024\/11\/Imagen-de-WhatsApp-2024-11-01-a-las-18.00.14_d5c9bcf9-150x150.jpg",150,150,true],"medium":["https:\/\/apuntesdesanluis.com\/wp-content\/uploads\/2024\/11\/Imagen-de-WhatsApp-2024-11-01-a-las-18.00.14_d5c9bcf9-300x201.jpg",300,201,true],"medium_large":["https:\/\/apuntesdesanluis.com\/wp-content\/uploads\/2024\/11\/Imagen-de-WhatsApp-2024-11-01-a-las-18.00.14_d5c9bcf9.jpg",640,428,false],"large":["https:\/\/apuntesdesanluis.com\/wp-content\/uploads\/2024\/11\/Imagen-de-WhatsApp-2024-11-01-a-las-18.00.14_d5c9bcf9.jpg",640,428,false],"1536x1536":["https:\/\/apuntesdesanluis.com\/wp-content\/uploads\/2024\/11\/Imagen-de-WhatsApp-2024-11-01-a-las-18.00.14_d5c9bcf9.jpg",700,468,false],"2048x2048":["https:\/\/apuntesdesanluis.com\/wp-content\/uploads\/2024\/11\/Imagen-de-WhatsApp-2024-11-01-a-las-18.00.14_d5c9bcf9.jpg",700,468,false],"newsever-slider-full":["https:\/\/apuntesdesanluis.com\/wp-content\/uploads\/2024\/11\/Imagen-de-WhatsApp-2024-11-01-a-las-18.00.14_d5c9bcf9.jpg",700,468,false],"newsever-featured":["https:\/\/apuntesdesanluis.com\/wp-content\/uploads\/2024\/11\/Imagen-de-WhatsApp-2024-11-01-a-las-18.00.14_d5c9bcf9.jpg",700,468,false],"newsever-medium":["https:\/\/apuntesdesanluis.com\/wp-content\/uploads\/2024\/11\/Imagen-de-WhatsApp-2024-11-01-a-las-18.00.14_d5c9bcf9.jpg",700,468,false]},"author_info":{"display_name":"apuntesdesanluis.com","author_link":"https:\/\/apuntesdesanluis.com\/index.php\/author\/apuntesdesanluis-com\/"},"category_info":"<a href=\"https:\/\/apuntesdesanluis.com\/index.php\/category\/ciudad-provincia\/\" rel=\"category tag\">Ciudad\/Provincia<\/a>","tag_info":"Ciudad\/Provincia","comment_count":"0","_links":{"self":[{"href":"https:\/\/apuntesdesanluis.com\/index.php\/wp-json\/wp\/v2\/posts\/24693","targetHints":{"allow":["GET"]}}],"collection":[{"href":"https:\/\/apuntesdesanluis.com\/index.php\/wp-json\/wp\/v2\/posts"}],"about":[{"href":"https:\/\/apuntesdesanluis.com\/index.php\/wp-json\/wp\/v2\/types\/post"}],"author":[{"embeddable":true,"href":"https:\/\/apuntesdesanluis.com\/index.php\/wp-json\/wp\/v2\/users\/1"}],"replies":[{"embeddable":true,"href":"https:\/\/apuntesdesanluis.com\/index.php\/wp-json\/wp\/v2\/comments?post=24693"}],"version-history":[{"count":2,"href":"https:\/\/apuntesdesanluis.com\/index.php\/wp-json\/wp\/v2\/posts\/24693\/revisions"}],"predecessor-version":[{"id":24697,"href":"https:\/\/apuntesdesanluis.com\/index.php\/wp-json\/wp\/v2\/posts\/24693\/revisions\/24697"}],"wp:featuredmedia":[{"embeddable":true,"href":"https:\/\/apuntesdesanluis.com\/index.php\/wp-json\/wp\/v2\/media\/24694"}],"wp:attachment":[{"href":"https:\/\/apuntesdesanluis.com\/index.php\/wp-json\/wp\/v2\/media?parent=24693"}],"wp:term":[{"taxonomy":"category","embeddable":true,"href":"https:\/\/apuntesdesanluis.com\/index.php\/wp-json\/wp\/v2\/categories?post=24693"},{"taxonomy":"post_tag","embeddable":true,"href":"https:\/\/apuntesdesanluis.com\/index.php\/wp-json\/wp\/v2\/tags?post=24693"}],"curies":[{"name":"wp","href":"https:\/\/api.w.org\/{rel}","templated":true}]}}