{"id":24714,"date":"2024-11-01T21:06:20","date_gmt":"2024-11-02T00:06:20","guid":{"rendered":"https:\/\/apuntesdesanluis.com\/?p=24714"},"modified":"2024-11-01T21:06:43","modified_gmt":"2024-11-02T00:06:43","slug":"francos-adelanto-que-mondino-seguira-en-el-gobierno-tras-ser-despedida-por-milei","status":"publish","type":"post","link":"https:\/\/apuntesdesanluis.com\/index.php\/2024\/11\/01\/francos-adelanto-que-mondino-seguira-en-el-gobierno-tras-ser-despedida-por-milei\/","title":{"rendered":"FRANCOS ADELANT\u00d3 QUE MONDINO PODR\u00cdA SEGUIR EN EL GOBIERNO, TRAS SER DESPEDIDA POR MILEI"},"content":{"rendered":"<h3>El jefe de Gabinete, <strong>Guillermo Francos<\/strong>, dijo que <strong>Diana Mondino<\/strong>, quien recientemente dej\u00f3 su cargo en la Canciller\u00eda, seguir\u00e1 en el Gobierno y se le asignar\u00e1 una nueva posici\u00f3n. Seg\u00fan el funcionario, el Presidente valora la experiencia y aportes de Mondino en el \u00e1mbito internacional, y la considera una profesional destacada que a\u00fan tiene mucho que ofrecer al pa\u00eds.<\/h3>\n<h3>Francos destac\u00f3 el papel que Mondino jug\u00f3 en la apertura de Argentina al mundo y en la representaci\u00f3n del pa\u00eds en foros internacionales. Sin embargo, explic\u00f3 que su salida se debi\u00f3 a una diferencia de criterio sobre un tema particular y significativo para el presidente, relacionado con un voto en Naciones Unidas. \u201cPor supuesto que el Gobierno la tiene totalmente en cuenta. Diana pues la considera una persona valiosa y seguramente vamos a encontrar una posici\u00f3n donde le sea de utilidad no solamente al Gobierno sino al pa\u00eds\u201d, subray\u00f3 Francos.<\/h3>\n<h3>Mondino dej\u00f3 la Canciller\u00eda luego de que surgiera un conflicto en torno a su apoyo a una resoluci\u00f3n de la ONU en favor de Cuba, una decisi\u00f3n que se interpret\u00f3 como un respaldo a un r\u00e9gimen con antecedentes de violaciones de derechos humanos. Esta postura fue considerada contradictoria a la l\u00ednea oficial de <strong>Javier Milei<\/strong>, quien busca alinear la pol\u00edtica exterior de Argentina con los principios democr\u00e1ticos y los derechos humanos, orient\u00e1ndola hacia alianzas estrat\u00e9gicas con pa\u00edses que comparten estos valores.<\/h3>\n<h3><strong>AUDITOR\u00cdA EN LA CANCILLER\u00cdA <\/strong><\/h3>\n<h3>Tras la renuncia de Mondino, el Gobierno anunci\u00f3 una auditor\u00eda en el personal del Ministerio de Relaciones Exteriores para revisar posibles influencias de agentes que se opongan a la nueva l\u00ednea de pol\u00edtica exterior. Esta medida es vista como un esfuerzo de la administraci\u00f3n Milei para consolidar una diplomacia m\u00e1s cercana a los valores que promueve el presidente y alejada de alineamientos que pudieran favorecer reg\u00edmenes autoritarios.<\/h3>\n<h3>En este sentido, la auditor\u00eda buscar\u00e1 detectar personal que, en lugar de apoyar la orientaci\u00f3n pro libertad y derechos humanos del Gobierno, mantenga relaciones con entidades o grupos que promuevan \u201cagendas enemigas de la libertad\u201d, seg\u00fan indic\u00f3 una fuente oficial. El reemplazo de Mondino en el cargo de embajador fue asignado a Gerardo Werthein, quien se espera siga la l\u00ednea trazada por el presidente, enfoc\u00e1ndose en fortalecer relaciones con democracias liberales y evitar apoyos diplom\u00e1ticos a reg\u00edmenes con antecedentes cuestionables en derechos humanos.<\/h3>\n<p>&nbsp;<\/p>\n<p>&nbsp;<\/p>\n<p>&nbsp;<\/p>\n<p>&nbsp;<\/p>\n<p>&nbsp;<\/p>\n<p>&nbsp;<\/p>\n","protected":false},"excerpt":{"rendered":"<p>El jefe de Gabinete, Guillermo Francos, dijo que Diana Mondino, quien recientemente dej\u00f3 su cargo&#8230;<\/p>\n","protected":false},"author":1,"featured_media":24715,"comment_status":"closed","ping_status":"closed","sticky":false,"template":"","format":"standard","meta":{"footnotes":""},"categories":[5],"tags":[],"class_list":["post-24714","post","type-post","status-publish","format-standard","has-post-thumbnail","hentry","category-nacionales-internacionales"],"yoast_head":"<!-- This site is optimized with the Yoast SEO plugin v26.1.1 - https:\/\/yoast.com\/wordpress\/plugins\/seo\/ -->\n<title>FRANCOS ADELANT\u00d3 QUE MONDINO PODR\u00cdA SEGUIR EN EL GOBIERNO, TRAS SER DESPEDIDA POR MILEI - Apuntes de San Luis<\/title>\n<meta name=\"robots\" content=\"index, follow, max-snippet:-1, max-image-preview:large, max-video-preview:-1\" \/>\n<link rel=\"canonical\" href=\"https:\/\/apuntesdesanluis.com\/index.php\/2024\/11\/01\/francos-adelanto-que-mondino-seguira-en-el-gobierno-tras-ser-despedida-por-milei\/\" \/>\n<meta property=\"og:locale\" content=\"es_ES\" \/>\n<meta property=\"og:type\" content=\"article\" \/>\n<meta property=\"og:title\" content=\"FRANCOS ADELANT\u00d3 QUE MONDINO PODR\u00cdA SEGUIR EN EL GOBIERNO, TRAS SER DESPEDIDA POR MILEI - Apuntes de San Luis\" \/>\n<meta property=\"og:description\" content=\"El jefe de Gabinete, Guillermo Francos, dijo que Diana Mondino, quien recientemente dej\u00f3 su cargo...\" \/>\n<meta property=\"og:url\" content=\"https:\/\/apuntesdesanluis.com\/index.php\/2024\/11\/01\/francos-adelanto-que-mondino-seguira-en-el-gobierno-tras-ser-despedida-por-milei\/\" \/>\n<meta property=\"og:site_name\" content=\"Apuntes de San Luis\" \/>\n<meta property=\"article:published_time\" content=\"2024-11-02T00:06:20+00:00\" \/>\n<meta property=\"article:modified_time\" content=\"2024-11-02T00:06:43+00:00\" \/>\n<meta property=\"og:image\" content=\"https:\/\/apuntesdesanluis.com\/wp-content\/uploads\/2024\/11\/FRANCOS-Y-MONDINO.png\" \/>\n\t<meta property=\"og:image:width\" content=\"671\" \/>\n\t<meta property=\"og:image:height\" content=\"396\" \/>\n\t<meta property=\"og:image:type\" content=\"image\/png\" \/>\n<meta name=\"author\" content=\"apuntesdesanluis.com\" \/>\n<meta name=\"twitter:card\" content=\"summary_large_image\" \/>\n<meta name=\"twitter:label1\" content=\"Escrito por\" \/>\n\t<meta name=\"twitter:data1\" content=\"apuntesdesanluis.com\" \/>\n\t<meta name=\"twitter:label2\" content=\"Tiempo de lectura\" \/>\n\t<meta name=\"twitter:data2\" content=\"2 minutos\" \/>\n<script type=\"application\/ld+json\" class=\"yoast-schema-graph\">{\"@context\":\"https:\/\/schema.org\",\"@graph\":[{\"@type\":\"Article\",\"@id\":\"https:\/\/apuntesdesanluis.com\/index.php\/2024\/11\/01\/francos-adelanto-que-mondino-seguira-en-el-gobierno-tras-ser-despedida-por-milei\/#article\",\"isPartOf\":{\"@id\":\"https:\/\/apuntesdesanluis.com\/index.php\/2024\/11\/01\/francos-adelanto-que-mondino-seguira-en-el-gobierno-tras-ser-despedida-por-milei\/\"},\"author\":{\"name\":\"apuntesdesanluis.com\",\"@id\":\"https:\/\/apuntesdesanluis.com\/#\/schema\/person\/b55151d52296fcce64d1a72538a70b90\"},\"headline\":\"FRANCOS ADELANT\u00d3 QUE MONDINO PODR\u00cdA SEGUIR EN EL GOBIERNO, TRAS SER DESPEDIDA POR MILEI\",\"datePublished\":\"2024-11-02T00:06:20+00:00\",\"dateModified\":\"2024-11-02T00:06:43+00:00\",\"mainEntityOfPage\":{\"@id\":\"https:\/\/apuntesdesanluis.com\/index.php\/2024\/11\/01\/francos-adelanto-que-mondino-seguira-en-el-gobierno-tras-ser-despedida-por-milei\/\"},\"wordCount\":439,\"publisher\":{\"@id\":\"https:\/\/apuntesdesanluis.com\/#\/schema\/person\/b55151d52296fcce64d1a72538a70b90\"},\"image\":{\"@id\":\"https:\/\/apuntesdesanluis.com\/index.php\/2024\/11\/01\/francos-adelanto-que-mondino-seguira-en-el-gobierno-tras-ser-despedida-por-milei\/#primaryimage\"},\"thumbnailUrl\":\"https:\/\/apuntesdesanluis.com\/wp-content\/uploads\/2024\/11\/FRANCOS-Y-MONDINO.png\",\"articleSection\":[\"Nacionales\/Internacionales\"],\"inLanguage\":\"es-AR\"},{\"@type\":\"WebPage\",\"@id\":\"https:\/\/apuntesdesanluis.com\/index.php\/2024\/11\/01\/francos-adelanto-que-mondino-seguira-en-el-gobierno-tras-ser-despedida-por-milei\/\",\"url\":\"https:\/\/apuntesdesanluis.com\/index.php\/2024\/11\/01\/francos-adelanto-que-mondino-seguira-en-el-gobierno-tras-ser-despedida-por-milei\/\",\"name\":\"FRANCOS ADELANT\u00d3 QUE MONDINO PODR\u00cdA SEGUIR EN EL GOBIERNO, TRAS SER DESPEDIDA POR MILEI - Apuntes de San Luis\",\"isPartOf\":{\"@id\":\"https:\/\/apuntesdesanluis.com\/#website\"},\"primaryImageOfPage\":{\"@id\":\"https:\/\/apuntesdesanluis.com\/index.php\/2024\/11\/01\/francos-adelanto-que-mondino-seguira-en-el-gobierno-tras-ser-despedida-por-milei\/#primaryimage\"},\"image\":{\"@id\":\"https:\/\/apuntesdesanluis.com\/index.php\/2024\/11\/01\/francos-adelanto-que-mondino-seguira-en-el-gobierno-tras-ser-despedida-por-milei\/#primaryimage\"},\"thumbnailUrl\":\"https:\/\/apuntesdesanluis.com\/wp-content\/uploads\/2024\/11\/FRANCOS-Y-MONDINO.png\",\"datePublished\":\"2024-11-02T00:06:20+00:00\",\"dateModified\":\"2024-11-02T00:06:43+00:00\",\"breadcrumb\":{\"@id\":\"https:\/\/apuntesdesanluis.com\/index.php\/2024\/11\/01\/francos-adelanto-que-mondino-seguira-en-el-gobierno-tras-ser-despedida-por-milei\/#breadcrumb\"},\"inLanguage\":\"es-AR\",\"potentialAction\":[{\"@type\":\"ReadAction\",\"target\":[\"https:\/\/apuntesdesanluis.com\/index.php\/2024\/11\/01\/francos-adelanto-que-mondino-seguira-en-el-gobierno-tras-ser-despedida-por-milei\/\"]}]},{\"@type\":\"ImageObject\",\"inLanguage\":\"es-AR\",\"@id\":\"https:\/\/apuntesdesanluis.com\/index.php\/2024\/11\/01\/francos-adelanto-que-mondino-seguira-en-el-gobierno-tras-ser-despedida-por-milei\/#primaryimage\",\"url\":\"https:\/\/apuntesdesanluis.com\/wp-content\/uploads\/2024\/11\/FRANCOS-Y-MONDINO.png\",\"contentUrl\":\"https:\/\/apuntesdesanluis.com\/wp-content\/uploads\/2024\/11\/FRANCOS-Y-MONDINO.png\",\"width\":671,\"height\":396},{\"@type\":\"BreadcrumbList\",\"@id\":\"https:\/\/apuntesdesanluis.com\/index.php\/2024\/11\/01\/francos-adelanto-que-mondino-seguira-en-el-gobierno-tras-ser-despedida-por-milei\/#breadcrumb\",\"itemListElement\":[{\"@type\":\"ListItem\",\"position\":1,\"name\":\"Inicio\",\"item\":\"https:\/\/apuntesdesanluis.com\/\"},{\"@type\":\"ListItem\",\"position\":2,\"name\":\"FRANCOS ADELANT\u00d3 QUE MONDINO PODR\u00cdA SEGUIR EN EL GOBIERNO, TRAS SER DESPEDIDA POR MILEI\"}]},{\"@type\":\"WebSite\",\"@id\":\"https:\/\/apuntesdesanluis.com\/#website\",\"url\":\"https:\/\/apuntesdesanluis.com\/\",\"name\":\"Apuntes de San Luis\",\"description\":\"\",\"publisher\":{\"@id\":\"https:\/\/apuntesdesanluis.com\/#\/schema\/person\/b55151d52296fcce64d1a72538a70b90\"},\"potentialAction\":[{\"@type\":\"SearchAction\",\"target\":{\"@type\":\"EntryPoint\",\"urlTemplate\":\"https:\/\/apuntesdesanluis.com\/?s={search_term_string}\"},\"query-input\":{\"@type\":\"PropertyValueSpecification\",\"valueRequired\":true,\"valueName\":\"search_term_string\"}}],\"inLanguage\":\"es-AR\"},{\"@type\":[\"Person\",\"Organization\"],\"@id\":\"https:\/\/apuntesdesanluis.com\/#\/schema\/person\/b55151d52296fcce64d1a72538a70b90\",\"name\":\"apuntesdesanluis.com\",\"image\":{\"@type\":\"ImageObject\",\"inLanguage\":\"es-AR\",\"@id\":\"https:\/\/apuntesdesanluis.com\/#\/schema\/person\/image\/\",\"url\":\"https:\/\/apuntesdesanluis.com\/wp-content\/uploads\/2023\/07\/cropped-apuntesdesanluis.png\",\"contentUrl\":\"https:\/\/apuntesdesanluis.com\/wp-content\/uploads\/2023\/07\/cropped-apuntesdesanluis.png\",\"width\":450,\"height\":112,\"caption\":\"apuntesdesanluis.com\"},\"logo\":{\"@id\":\"https:\/\/apuntesdesanluis.com\/#\/schema\/person\/image\/\"},\"sameAs\":[\"https:\/\/apuntesdesanluis.com\"],\"url\":\"https:\/\/apuntesdesanluis.com\/index.php\/author\/apuntesdesanluis-com\/\"}]}<\/script>\n<!-- \/ Yoast SEO plugin. -->","yoast_head_json":{"title":"FRANCOS ADELANT\u00d3 QUE MONDINO PODR\u00cdA SEGUIR EN EL GOBIERNO, TRAS SER DESPEDIDA POR MILEI - Apuntes de San Luis","robots":{"index":"index","follow":"follow","max-snippet":"max-snippet:-1","max-image-preview":"max-image-preview:large","max-video-preview":"max-video-preview:-1"},"canonical":"https:\/\/apuntesdesanluis.com\/index.php\/2024\/11\/01\/francos-adelanto-que-mondino-seguira-en-el-gobierno-tras-ser-despedida-por-milei\/","og_locale":"es_ES","og_type":"article","og_title":"FRANCOS ADELANT\u00d3 QUE MONDINO PODR\u00cdA SEGUIR EN EL GOBIERNO, TRAS SER DESPEDIDA POR MILEI - Apuntes de San Luis","og_description":"El jefe de Gabinete, Guillermo Francos, dijo que Diana Mondino, quien recientemente dej\u00f3 su cargo...","og_url":"https:\/\/apuntesdesanluis.com\/index.php\/2024\/11\/01\/francos-adelanto-que-mondino-seguira-en-el-gobierno-tras-ser-despedida-por-milei\/","og_site_name":"Apuntes de San Luis","article_published_time":"2024-11-02T00:06:20+00:00","article_modified_time":"2024-11-02T00:06:43+00:00","og_image":[{"width":671,"height":396,"url":"https:\/\/apuntesdesanluis.com\/wp-content\/uploads\/2024\/11\/FRANCOS-Y-MONDINO.png","type":"image\/png"}],"author":"apuntesdesanluis.com","twitter_card":"summary_large_image","twitter_misc":{"Escrito por":"apuntesdesanluis.com","Tiempo de lectura":"2 minutos"},"schema":{"@context":"https:\/\/schema.org","@graph":[{"@type":"Article","@id":"https:\/\/apuntesdesanluis.com\/index.php\/2024\/11\/01\/francos-adelanto-que-mondino-seguira-en-el-gobierno-tras-ser-despedida-por-milei\/#article","isPartOf":{"@id":"https:\/\/apuntesdesanluis.com\/index.php\/2024\/11\/01\/francos-adelanto-que-mondino-seguira-en-el-gobierno-tras-ser-despedida-por-milei\/"},"author":{"name":"apuntesdesanluis.com","@id":"https:\/\/apuntesdesanluis.com\/#\/schema\/person\/b55151d52296fcce64d1a72538a70b90"},"headline":"FRANCOS ADELANT\u00d3 QUE MONDINO PODR\u00cdA SEGUIR EN EL GOBIERNO, TRAS SER DESPEDIDA POR MILEI","datePublished":"2024-11-02T00:06:20+00:00","dateModified":"2024-11-02T00:06:43+00:00","mainEntityOfPage":{"@id":"https:\/\/apuntesdesanluis.com\/index.php\/2024\/11\/01\/francos-adelanto-que-mondino-seguira-en-el-gobierno-tras-ser-despedida-por-milei\/"},"wordCount":439,"publisher":{"@id":"https:\/\/apuntesdesanluis.com\/#\/schema\/person\/b55151d52296fcce64d1a72538a70b90"},"image":{"@id":"https:\/\/apuntesdesanluis.com\/index.php\/2024\/11\/01\/francos-adelanto-que-mondino-seguira-en-el-gobierno-tras-ser-despedida-por-milei\/#primaryimage"},"thumbnailUrl":"https:\/\/apuntesdesanluis.com\/wp-content\/uploads\/2024\/11\/FRANCOS-Y-MONDINO.png","articleSection":["Nacionales\/Internacionales"],"inLanguage":"es-AR"},{"@type":"WebPage","@id":"https:\/\/apuntesdesanluis.com\/index.php\/2024\/11\/01\/francos-adelanto-que-mondino-seguira-en-el-gobierno-tras-ser-despedida-por-milei\/","url":"https:\/\/apuntesdesanluis.com\/index.php\/2024\/11\/01\/francos-adelanto-que-mondino-seguira-en-el-gobierno-tras-ser-despedida-por-milei\/","name":"FRANCOS ADELANT\u00d3 QUE MONDINO PODR\u00cdA SEGUIR EN EL GOBIERNO, TRAS SER DESPEDIDA POR MILEI - Apuntes de San Luis","isPartOf":{"@id":"https:\/\/apuntesdesanluis.com\/#website"},"primaryImageOfPage":{"@id":"https:\/\/apuntesdesanluis.com\/index.php\/2024\/11\/01\/francos-adelanto-que-mondino-seguira-en-el-gobierno-tras-ser-despedida-por-milei\/#primaryimage"},"image":{"@id":"https:\/\/apuntesdesanluis.com\/index.php\/2024\/11\/01\/francos-adelanto-que-mondino-seguira-en-el-gobierno-tras-ser-despedida-por-milei\/#primaryimage"},"thumbnailUrl":"https:\/\/apuntesdesanluis.com\/wp-content\/uploads\/2024\/11\/FRANCOS-Y-MONDINO.png","datePublished":"2024-11-02T00:06:20+00:00","dateModified":"2024-11-02T00:06:43+00:00","breadcrumb":{"@id":"https:\/\/apuntesdesanluis.com\/index.php\/2024\/11\/01\/francos-adelanto-que-mondino-seguira-en-el-gobierno-tras-ser-despedida-por-milei\/#breadcrumb"},"inLanguage":"es-AR","potentialAction":[{"@type":"ReadAction","target":["https:\/\/apuntesdesanluis.com\/index.php\/2024\/11\/01\/francos-adelanto-que-mondino-seguira-en-el-gobierno-tras-ser-despedida-por-milei\/"]}]},{"@type":"ImageObject","inLanguage":"es-AR","@id":"https:\/\/apuntesdesanluis.com\/index.php\/2024\/11\/01\/francos-adelanto-que-mondino-seguira-en-el-gobierno-tras-ser-despedida-por-milei\/#primaryimage","url":"https:\/\/apuntesdesanluis.com\/wp-content\/uploads\/2024\/11\/FRANCOS-Y-MONDINO.png","contentUrl":"https:\/\/apuntesdesanluis.com\/wp-content\/uploads\/2024\/11\/FRANCOS-Y-MONDINO.png","width":671,"height":396},{"@type":"BreadcrumbList","@id":"https:\/\/apuntesdesanluis.com\/index.php\/2024\/11\/01\/francos-adelanto-que-mondino-seguira-en-el-gobierno-tras-ser-despedida-por-milei\/#breadcrumb","itemListElement":[{"@type":"ListItem","position":1,"name":"Inicio","item":"https:\/\/apuntesdesanluis.com\/"},{"@type":"ListItem","position":2,"name":"FRANCOS ADELANT\u00d3 QUE MONDINO PODR\u00cdA SEGUIR EN EL GOBIERNO, TRAS SER DESPEDIDA POR MILEI"}]},{"@type":"WebSite","@id":"https:\/\/apuntesdesanluis.com\/#website","url":"https:\/\/apuntesdesanluis.com\/","name":"Apuntes de San Luis","description":"","publisher":{"@id":"https:\/\/apuntesdesanluis.com\/#\/schema\/person\/b55151d52296fcce64d1a72538a70b90"},"potentialAction":[{"@type":"SearchAction","target":{"@type":"EntryPoint","urlTemplate":"https:\/\/apuntesdesanluis.com\/?s={search_term_string}"},"query-input":{"@type":"PropertyValueSpecification","valueRequired":true,"valueName":"search_term_string"}}],"inLanguage":"es-AR"},{"@type":["Person","Organization"],"@id":"https:\/\/apuntesdesanluis.com\/#\/schema\/person\/b55151d52296fcce64d1a72538a70b90","name":"apuntesdesanluis.com","image":{"@type":"ImageObject","inLanguage":"es-AR","@id":"https:\/\/apuntesdesanluis.com\/#\/schema\/person\/image\/","url":"https:\/\/apuntesdesanluis.com\/wp-content\/uploads\/2023\/07\/cropped-apuntesdesanluis.png","contentUrl":"https:\/\/apuntesdesanluis.com\/wp-content\/uploads\/2023\/07\/cropped-apuntesdesanluis.png","width":450,"height":112,"caption":"apuntesdesanluis.com"},"logo":{"@id":"https:\/\/apuntesdesanluis.com\/#\/schema\/person\/image\/"},"sameAs":["https:\/\/apuntesdesanluis.com"],"url":"https:\/\/apuntesdesanluis.com\/index.php\/author\/apuntesdesanluis-com\/"}]}},"featured_image_urls":{"full":["https:\/\/apuntesdesanluis.com\/wp-content\/uploads\/2024\/11\/FRANCOS-Y-MONDINO.png",671,396,false],"thumbnail":["https:\/\/apuntesdesanluis.com\/wp-content\/uploads\/2024\/11\/FRANCOS-Y-MONDINO-150x150.png",150,150,true],"medium":["https:\/\/apuntesdesanluis.com\/wp-content\/uploads\/2024\/11\/FRANCOS-Y-MONDINO-300x177.png",300,177,true],"medium_large":["https:\/\/apuntesdesanluis.com\/wp-content\/uploads\/2024\/11\/FRANCOS-Y-MONDINO.png",640,378,false],"large":["https:\/\/apuntesdesanluis.com\/wp-content\/uploads\/2024\/11\/FRANCOS-Y-MONDINO.png",640,378,false],"1536x1536":["https:\/\/apuntesdesanluis.com\/wp-content\/uploads\/2024\/11\/FRANCOS-Y-MONDINO.png",671,396,false],"2048x2048":["https:\/\/apuntesdesanluis.com\/wp-content\/uploads\/2024\/11\/FRANCOS-Y-MONDINO.png",671,396,false],"newsever-slider-full":["https:\/\/apuntesdesanluis.com\/wp-content\/uploads\/2024\/11\/FRANCOS-Y-MONDINO.png",671,396,false],"newsever-featured":["https:\/\/apuntesdesanluis.com\/wp-content\/uploads\/2024\/11\/FRANCOS-Y-MONDINO.png",671,396,false],"newsever-medium":["https:\/\/apuntesdesanluis.com\/wp-content\/uploads\/2024\/11\/FRANCOS-Y-MONDINO.png",671,396,false]},"author_info":{"display_name":"apuntesdesanluis.com","author_link":"https:\/\/apuntesdesanluis.com\/index.php\/author\/apuntesdesanluis-com\/"},"category_info":"<a href=\"https:\/\/apuntesdesanluis.com\/index.php\/category\/nacionales-internacionales\/\" rel=\"category tag\">Nacionales\/Internacionales<\/a>","tag_info":"Nacionales\/Internacionales","comment_count":"0","_links":{"self":[{"href":"https:\/\/apuntesdesanluis.com\/index.php\/wp-json\/wp\/v2\/posts\/24714","targetHints":{"allow":["GET"]}}],"collection":[{"href":"https:\/\/apuntesdesanluis.com\/index.php\/wp-json\/wp\/v2\/posts"}],"about":[{"href":"https:\/\/apuntesdesanluis.com\/index.php\/wp-json\/wp\/v2\/types\/post"}],"author":[{"embeddable":true,"href":"https:\/\/apuntesdesanluis.com\/index.php\/wp-json\/wp\/v2\/users\/1"}],"replies":[{"embeddable":true,"href":"https:\/\/apuntesdesanluis.com\/index.php\/wp-json\/wp\/v2\/comments?post=24714"}],"version-history":[{"count":2,"href":"https:\/\/apuntesdesanluis.com\/index.php\/wp-json\/wp\/v2\/posts\/24714\/revisions"}],"predecessor-version":[{"id":24717,"href":"https:\/\/apuntesdesanluis.com\/index.php\/wp-json\/wp\/v2\/posts\/24714\/revisions\/24717"}],"wp:featuredmedia":[{"embeddable":true,"href":"https:\/\/apuntesdesanluis.com\/index.php\/wp-json\/wp\/v2\/media\/24715"}],"wp:attachment":[{"href":"https:\/\/apuntesdesanluis.com\/index.php\/wp-json\/wp\/v2\/media?parent=24714"}],"wp:term":[{"taxonomy":"category","embeddable":true,"href":"https:\/\/apuntesdesanluis.com\/index.php\/wp-json\/wp\/v2\/categories?post=24714"},{"taxonomy":"post_tag","embeddable":true,"href":"https:\/\/apuntesdesanluis.com\/index.php\/wp-json\/wp\/v2\/tags?post=24714"}],"curies":[{"name":"wp","href":"https:\/\/api.w.org\/{rel}","templated":true}]}}