{"id":24718,"date":"2024-11-01T21:22:39","date_gmt":"2024-11-02T00:22:39","guid":{"rendered":"https:\/\/apuntesdesanluis.com\/?p=24718"},"modified":"2024-11-01T21:22:39","modified_gmt":"2024-11-02T00:22:39","slug":"alertan-sobre-un-golpe-politico-para-destituir-a-abdala-y-debilitar-a-villarruel","status":"publish","type":"post","link":"https:\/\/apuntesdesanluis.com\/index.php\/2024\/11\/01\/alertan-sobre-un-golpe-politico-para-destituir-a-abdala-y-debilitar-a-villarruel\/","title":{"rendered":"ALERTAN SOBRE UN GOLPE POL\u00cdTICO PARA DESTITUIR A ABDALA Y DEBILITAR A VILLARRUEL"},"content":{"rendered":"<h3>Todos los involucrados en esta historia lo negaran p\u00fablicamente, como siempre sucede con las conspiraciones de alto vuelo. Pero cinco dirigentes comprometidos en la operaci\u00f3n en marcha confirmaron a <strong>La Pol\u00edtica Online<\/strong> que existe un plan de inusitado alcance pol\u00edtico, para barrer al puntano <strong>Bartolom\u00e9 Abdala<\/strong> de la presidencia provisional del Senado, nada menos que el tercer lugar en la l\u00ednea de sucesi\u00f3n del Presidente.<\/h3>\n<h3>La jugada une puntas tan diversas como <strong>Cristina Kirchner<\/strong>, el gobernador de Chubut, <strong>Nacho Torres;<\/strong>\u00a0los senadores del interbloque provincial de <strong>Camau Esp\u00ednola<\/strong> y hasta Santiago Caputo, el cerebro pol\u00edtico de <strong>Milei<\/strong>.<\/h3>\n<h3>La ca\u00edda de Abdala es un primer golpe para despojar a la vicepresidenta<strong> Victoria Villarruel<\/strong> del control del Senado. Atr\u00e1s de eso, este bloque de poder buscar\u00eda quedarse con las Secretar\u00edas Parlamentaria y Administrativa del Senado, los dos resortes que permiten controlar la caja y el proceso legislativo de la C\u00e1mara Alta.<\/h3>\n<h3>Si el bloque de los senadores provinciales que lidera el correntino Esp\u00ednola, bautizado Provincias Unidas (LPU), llega a un acuerdo con la bancada peronista que responde a Cristina, la suerte de Abdala estar\u00e1 echada.<\/h3>\n<h3>Un dirigente peronista de enorme trayectoria evoc\u00f3 ante LPO el ataque rel\u00e1mpago del peronismo que deposit\u00f3 a Ram\u00f3n Puerta en la presidencia del Senado el 29 de noviembre de 2001. &#8220;Estas cosas hay que hacerlas por sorpresa y de un d\u00eda para el otro, como hicimos con Puerta durante la presidencia de De la R\u00faa&#8221;, record\u00f3.<\/h3>\n<h3>Esta semana hubo fuertes versiones de un encuentro entre Cristina y Nacho Torres para hablar de este tema. El chubutense fue el motor detr\u00e1s de la creaci\u00f3n del bloque provincial. En el entorno de ambos le negaron a LPO la reuni\u00f3n. Pero un detalle: ahora s\u00ed reconocen que en marzo se juntaron. A esa reuni\u00f3n, Torres fue con su mujer, que es una formada militante kirchnerista y que no le afloja un tranco en las discusiones pol\u00edticas a su marido gobernador. Uno puede creerles o pensar que, como entonces, ahora niegan lo que ocurri\u00f3. Torres y Cristina compartieron el Senado, donde se picanteaban seguido.<\/h3>\n<h3>Esta semana hubo fuertes versiones de un encuentro entre Cristina y Nacho Torres. El chubutense fue el motor detr\u00e1s de la creaci\u00f3n del bloque provincial que podr\u00eda detonar la ca\u00edda de Abdala. En el entorno de ambos le negaron a LPO la reuni\u00f3n. Pero un detalle: Ahora si reconocen que en Marzo se juntaron.<\/h3>\n<h3>Hombre de Victoria Villarruel en la C\u00e1mara Alta, el nombre de Abdala trascendi\u00f3 por haber admitido en televisi\u00f3n que tiene 15 asesores trabajando en San Luis para su eventual candidatura a gobernador, pero ahora podr\u00eda ser el blanco al que apunta la oposici\u00f3n para sitiar a la Vicepresidenta, con el visto bueno de Santiago Caputo. Como revel\u00f3 LPO, el asesor estrella de Javier Milei fue otro de los auspiciantes del surgimiento del bloque de provinciales. Luego de chocar en marzo con Torres, ahora tienen una buena relaci\u00f3n.<\/h3>\n<h3>La operaci\u00f3n est\u00e1 tan avanzada que un gobernador de la Liga del Litoral, que congrega a jefes territoriales tan distintos como Hugo Passalacqua, Leandro Zdero, Gildo Insfr\u00e1n, Gustavo Vald\u00e9s, Rogelio Frigerio y Maximiliano Pullaro, reconoci\u00f3 a LPO que est\u00e1 en marcha &#8220;una conversaci\u00f3n para juntar los votos de los senadores&#8221;.<\/h3>\n<h3>El plan es muy ambicioso y podr\u00eda incluir la aprobaci\u00f3n del pliego del juez Ariel Lijo para la Corte Suprema, un objetivo que une a la Casa Rosada con el peronismo. De hecho, fuentes de Comodoro Py afirmaron a LPO que el juez federal tuvo un rol clave en el fallo de Mar\u00eda Romilda Servini que confirm\u00f3 a Cristina Kirchner como presidenta del PJ.<\/h3>\n<h3>Un senador del PJ coment\u00f3 a LPO que Lijo ya cosech\u00f3 9 votos dentro de la bancada de Jos\u00e9 Mayans, un peque\u00f1o avance si se observan los 6 apoyos que acreditaba en el mismo bloque cuando Cristina Kirchner mand\u00f3 a congelar el tema. &#8220;Vamos a poner los votos porque todos los gobernadores bancan a Lijo&#8221;, afirm\u00f3 el senador consultado.<\/h3>\n<h3>Cuando el kirchnerismo pate\u00f3 la mesa en la comisi\u00f3n de Acuerdos, LPO reconstruy\u00f3 que desde el Instituto Patria la demanda era incluir en la discusi\u00f3n la ampliaci\u00f3n de la Corte, designar un procurador general y nombrar a una mujer para cubrir la vacante de Elena Highton. Ese \u00faltimo punto fue refrendado en las \u00faltimas horas por el senador Eduardo Wado de Pedro, al tiempo que en los pasillos del Congreso deslizan que en ese caso podr\u00edan ocupar un lugar la santafecina Maril\u00edn Sacnun o la ex directora de Asuntos Jur\u00eddicos del Senado, Graciana Pe\u00f1afort, dos mujeres de total cercan\u00eda con Cristina.<\/h3>\n<h3>De todos modos, la jugada no es sencilla porque, primero, habr\u00eda que aplazar el pliego de Manuel Garc\u00eda-Mansilla, pero despu\u00e9s habr\u00eda que cumplir con plazos legales para la formalizaci\u00f3n del nuevo tr\u00e1mite. &#8220;Estamos enfocados en Lijo&#8221;, enfatiz\u00f3 un dirigente litorale\u00f1o, y agreg\u00f3: &#8220;una vez que llegue Lijo a la Corte, vamos por el Senado&#8221;.<\/h3>\n<h3>Abdala, por su parte, redondea su primer a\u00f1o de experiencia entre el desconcierto y la fragilidad. En San Luis, se lo acusa de haber afiliado a 24 personas muertas para el armado libertario que pretende liderar y, fruto de su gaffe televisivo, fue abucheado en una reuni\u00f3n de formaci\u00f3n pol\u00edtica organizada por el diputado Carlos D&#8217;Alessandro a principios de octubre.<\/h3>\n<h3>Adem\u00e1s, afronta el desinhibido desaf\u00edo de su par Juan Carlos Pagotto por la conducci\u00f3n del cuerpo, como revel\u00f3 LPO. Riojano de origen, el retador goza del moderado aval de Lule Menem para esa aventura pero dif\u00edcilmente consiga respaldos entre aliados y opositores.<\/h3>\n<h3>En ese contexto, la frustrada jugada de Insfr\u00e1n por retener el poder en el Senado tras la asunci\u00f3n de Milei podr\u00eda ofrecer una revancha pronto.<\/h3>\n<h3>Desde el entorno de una senadora kirchnerista concedieron que &#8220;es probable&#8221; que se ponga en marcha la estrategia para sacarle a Villarruel el control del Senado: &#8220;es una negociaci\u00f3n pol\u00edtica&#8221;, agreg\u00f3, como para quitarle dramatismo.<\/h3>\n<h3>LPO inform\u00f3 en diciembre pasado que Mayans polemiz\u00f3 con Cristina al considerar que al peronismo le correspond\u00eda la presidencia provisional por ser primera minor\u00eda y Francisco Paoltroni denunciaba por aquellos d\u00edas a Villarruel, atribuy\u00e9ndole un pacto con el PJ para no otorgarle a \u00e9l esa silla. &#8220;Paoltroni era el candidato tapado del peronismo para presidir el Senado pero Cristina quiso que ese cargo quedara en manos de La Libertad Avanza&#8221;, record\u00f3 un gobernador. Pero algo cambi\u00f3.<\/h3>\n<h3>El golpe en ciernes encuentra a Villarruel reponi\u00e9ndose del choque con la secretaria Administrativa, Mar\u00eda Laura Izzo, y el secretario Parlamentario, Agust\u00edn Gustinian, por los despidos de un centenar de empleados del Senado. En el despacho de una senadora aliada, reconocieron que la vieron desorientada y aislada por el cerco que construy\u00f3 alrededor suyo Juan Mart\u00edn Donato, director de Atenci\u00f3n Ciudadana y referente de la agrupaci\u00f3n juvenil La Derecha Argentina.<\/h3>\n<h3>Las intervenciones de la Vicepresidenta para homenajear a v\u00edctimas de la guerrilla con un furioso discurso antikirchnerista y la inauguraci\u00f3n del busto de Isabel Per\u00f3n exhibieron un desdibujamiento de su perfil. Ya ni los senadores libertarios se sienten c\u00f3modos con ella. <strong>(LPO)<\/strong><\/h3>\n<p>&nbsp;<\/p>\n<p>&nbsp;<\/p>\n<p>&nbsp;<\/p>\n<p>&nbsp;<\/p>\n<p>&nbsp;<\/p>\n<p>&nbsp;<\/p>\n","protected":false},"excerpt":{"rendered":"<p>Todos los involucrados en esta historia lo negaran p\u00fablicamente, como siempre sucede con las conspiraciones&#8230;<\/p>\n","protected":false},"author":1,"featured_media":24719,"comment_status":"closed","ping_status":"closed","sticky":false,"template":"","format":"standard","meta":{"footnotes":""},"categories":[9],"tags":[],"class_list":["post-24718","post","type-post","status-publish","format-standard","has-post-thumbnail","hentry","category-opinion"],"yoast_head":"<!-- This site is optimized with the Yoast SEO plugin v26.1.1 - https:\/\/yoast.com\/wordpress\/plugins\/seo\/ -->\n<title>ALERTAN SOBRE UN GOLPE POL\u00cdTICO PARA DESTITUIR A ABDALA Y DEBILITAR A VILLARRUEL - Apuntes de San Luis<\/title>\n<meta name=\"robots\" content=\"index, follow, max-snippet:-1, max-image-preview:large, max-video-preview:-1\" \/>\n<link rel=\"canonical\" href=\"https:\/\/apuntesdesanluis.com\/index.php\/2024\/11\/01\/alertan-sobre-un-golpe-politico-para-destituir-a-abdala-y-debilitar-a-villarruel\/\" \/>\n<meta property=\"og:locale\" content=\"es_ES\" \/>\n<meta property=\"og:type\" content=\"article\" \/>\n<meta property=\"og:title\" content=\"ALERTAN SOBRE UN GOLPE POL\u00cdTICO PARA DESTITUIR A ABDALA Y DEBILITAR A VILLARRUEL - Apuntes de San Luis\" \/>\n<meta property=\"og:description\" content=\"Todos los involucrados en esta historia lo negaran p\u00fablicamente, como siempre sucede con las conspiraciones...\" \/>\n<meta property=\"og:url\" content=\"https:\/\/apuntesdesanluis.com\/index.php\/2024\/11\/01\/alertan-sobre-un-golpe-politico-para-destituir-a-abdala-y-debilitar-a-villarruel\/\" \/>\n<meta property=\"og:site_name\" content=\"Apuntes de San Luis\" \/>\n<meta property=\"article:published_time\" content=\"2024-11-02T00:22:39+00:00\" \/>\n<meta property=\"og:image\" content=\"https:\/\/apuntesdesanluis.com\/wp-content\/uploads\/2024\/11\/villarruel-y-abdala.png\" \/>\n\t<meta property=\"og:image:width\" content=\"588\" \/>\n\t<meta property=\"og:image:height\" content=\"363\" \/>\n\t<meta property=\"og:image:type\" content=\"image\/png\" \/>\n<meta name=\"author\" content=\"apuntesdesanluis.com\" \/>\n<meta name=\"twitter:card\" content=\"summary_large_image\" \/>\n<meta name=\"twitter:label1\" content=\"Escrito por\" \/>\n\t<meta name=\"twitter:data1\" content=\"apuntesdesanluis.com\" \/>\n\t<meta name=\"twitter:label2\" content=\"Tiempo de lectura\" \/>\n\t<meta name=\"twitter:data2\" content=\"6 minutos\" \/>\n<script type=\"application\/ld+json\" class=\"yoast-schema-graph\">{\"@context\":\"https:\/\/schema.org\",\"@graph\":[{\"@type\":\"Article\",\"@id\":\"https:\/\/apuntesdesanluis.com\/index.php\/2024\/11\/01\/alertan-sobre-un-golpe-politico-para-destituir-a-abdala-y-debilitar-a-villarruel\/#article\",\"isPartOf\":{\"@id\":\"https:\/\/apuntesdesanluis.com\/index.php\/2024\/11\/01\/alertan-sobre-un-golpe-politico-para-destituir-a-abdala-y-debilitar-a-villarruel\/\"},\"author\":{\"name\":\"apuntesdesanluis.com\",\"@id\":\"https:\/\/apuntesdesanluis.com\/#\/schema\/person\/b55151d52296fcce64d1a72538a70b90\"},\"headline\":\"ALERTAN SOBRE UN GOLPE POL\u00cdTICO PARA DESTITUIR A ABDALA Y DEBILITAR A VILLARRUEL\",\"datePublished\":\"2024-11-02T00:22:39+00:00\",\"mainEntityOfPage\":{\"@id\":\"https:\/\/apuntesdesanluis.com\/index.php\/2024\/11\/01\/alertan-sobre-un-golpe-politico-para-destituir-a-abdala-y-debilitar-a-villarruel\/\"},\"wordCount\":1259,\"publisher\":{\"@id\":\"https:\/\/apuntesdesanluis.com\/#\/schema\/person\/b55151d52296fcce64d1a72538a70b90\"},\"image\":{\"@id\":\"https:\/\/apuntesdesanluis.com\/index.php\/2024\/11\/01\/alertan-sobre-un-golpe-politico-para-destituir-a-abdala-y-debilitar-a-villarruel\/#primaryimage\"},\"thumbnailUrl\":\"https:\/\/apuntesdesanluis.com\/wp-content\/uploads\/2024\/11\/villarruel-y-abdala.png\",\"articleSection\":[\"Opini\u00f3n\"],\"inLanguage\":\"es-AR\"},{\"@type\":\"WebPage\",\"@id\":\"https:\/\/apuntesdesanluis.com\/index.php\/2024\/11\/01\/alertan-sobre-un-golpe-politico-para-destituir-a-abdala-y-debilitar-a-villarruel\/\",\"url\":\"https:\/\/apuntesdesanluis.com\/index.php\/2024\/11\/01\/alertan-sobre-un-golpe-politico-para-destituir-a-abdala-y-debilitar-a-villarruel\/\",\"name\":\"ALERTAN SOBRE UN GOLPE POL\u00cdTICO PARA DESTITUIR A ABDALA Y DEBILITAR A VILLARRUEL - Apuntes de San Luis\",\"isPartOf\":{\"@id\":\"https:\/\/apuntesdesanluis.com\/#website\"},\"primaryImageOfPage\":{\"@id\":\"https:\/\/apuntesdesanluis.com\/index.php\/2024\/11\/01\/alertan-sobre-un-golpe-politico-para-destituir-a-abdala-y-debilitar-a-villarruel\/#primaryimage\"},\"image\":{\"@id\":\"https:\/\/apuntesdesanluis.com\/index.php\/2024\/11\/01\/alertan-sobre-un-golpe-politico-para-destituir-a-abdala-y-debilitar-a-villarruel\/#primaryimage\"},\"thumbnailUrl\":\"https:\/\/apuntesdesanluis.com\/wp-content\/uploads\/2024\/11\/villarruel-y-abdala.png\",\"datePublished\":\"2024-11-02T00:22:39+00:00\",\"breadcrumb\":{\"@id\":\"https:\/\/apuntesdesanluis.com\/index.php\/2024\/11\/01\/alertan-sobre-un-golpe-politico-para-destituir-a-abdala-y-debilitar-a-villarruel\/#breadcrumb\"},\"inLanguage\":\"es-AR\",\"potentialAction\":[{\"@type\":\"ReadAction\",\"target\":[\"https:\/\/apuntesdesanluis.com\/index.php\/2024\/11\/01\/alertan-sobre-un-golpe-politico-para-destituir-a-abdala-y-debilitar-a-villarruel\/\"]}]},{\"@type\":\"ImageObject\",\"inLanguage\":\"es-AR\",\"@id\":\"https:\/\/apuntesdesanluis.com\/index.php\/2024\/11\/01\/alertan-sobre-un-golpe-politico-para-destituir-a-abdala-y-debilitar-a-villarruel\/#primaryimage\",\"url\":\"https:\/\/apuntesdesanluis.com\/wp-content\/uploads\/2024\/11\/villarruel-y-abdala.png\",\"contentUrl\":\"https:\/\/apuntesdesanluis.com\/wp-content\/uploads\/2024\/11\/villarruel-y-abdala.png\",\"width\":588,\"height\":363},{\"@type\":\"BreadcrumbList\",\"@id\":\"https:\/\/apuntesdesanluis.com\/index.php\/2024\/11\/01\/alertan-sobre-un-golpe-politico-para-destituir-a-abdala-y-debilitar-a-villarruel\/#breadcrumb\",\"itemListElement\":[{\"@type\":\"ListItem\",\"position\":1,\"name\":\"Inicio\",\"item\":\"https:\/\/apuntesdesanluis.com\/\"},{\"@type\":\"ListItem\",\"position\":2,\"name\":\"ALERTAN SOBRE UN GOLPE POL\u00cdTICO PARA DESTITUIR A ABDALA Y DEBILITAR A VILLARRUEL\"}]},{\"@type\":\"WebSite\",\"@id\":\"https:\/\/apuntesdesanluis.com\/#website\",\"url\":\"https:\/\/apuntesdesanluis.com\/\",\"name\":\"Apuntes de San Luis\",\"description\":\"\",\"publisher\":{\"@id\":\"https:\/\/apuntesdesanluis.com\/#\/schema\/person\/b55151d52296fcce64d1a72538a70b90\"},\"potentialAction\":[{\"@type\":\"SearchAction\",\"target\":{\"@type\":\"EntryPoint\",\"urlTemplate\":\"https:\/\/apuntesdesanluis.com\/?s={search_term_string}\"},\"query-input\":{\"@type\":\"PropertyValueSpecification\",\"valueRequired\":true,\"valueName\":\"search_term_string\"}}],\"inLanguage\":\"es-AR\"},{\"@type\":[\"Person\",\"Organization\"],\"@id\":\"https:\/\/apuntesdesanluis.com\/#\/schema\/person\/b55151d52296fcce64d1a72538a70b90\",\"name\":\"apuntesdesanluis.com\",\"image\":{\"@type\":\"ImageObject\",\"inLanguage\":\"es-AR\",\"@id\":\"https:\/\/apuntesdesanluis.com\/#\/schema\/person\/image\/\",\"url\":\"https:\/\/apuntesdesanluis.com\/wp-content\/uploads\/2023\/07\/cropped-apuntesdesanluis.png\",\"contentUrl\":\"https:\/\/apuntesdesanluis.com\/wp-content\/uploads\/2023\/07\/cropped-apuntesdesanluis.png\",\"width\":450,\"height\":112,\"caption\":\"apuntesdesanluis.com\"},\"logo\":{\"@id\":\"https:\/\/apuntesdesanluis.com\/#\/schema\/person\/image\/\"},\"sameAs\":[\"https:\/\/apuntesdesanluis.com\"],\"url\":\"https:\/\/apuntesdesanluis.com\/index.php\/author\/apuntesdesanluis-com\/\"}]}<\/script>\n<!-- \/ Yoast SEO plugin. -->","yoast_head_json":{"title":"ALERTAN SOBRE UN GOLPE POL\u00cdTICO PARA DESTITUIR A ABDALA Y DEBILITAR A VILLARRUEL - Apuntes de San Luis","robots":{"index":"index","follow":"follow","max-snippet":"max-snippet:-1","max-image-preview":"max-image-preview:large","max-video-preview":"max-video-preview:-1"},"canonical":"https:\/\/apuntesdesanluis.com\/index.php\/2024\/11\/01\/alertan-sobre-un-golpe-politico-para-destituir-a-abdala-y-debilitar-a-villarruel\/","og_locale":"es_ES","og_type":"article","og_title":"ALERTAN SOBRE UN GOLPE POL\u00cdTICO PARA DESTITUIR A ABDALA Y DEBILITAR A VILLARRUEL - Apuntes de San Luis","og_description":"Todos los involucrados en esta historia lo negaran p\u00fablicamente, como siempre sucede con las conspiraciones...","og_url":"https:\/\/apuntesdesanluis.com\/index.php\/2024\/11\/01\/alertan-sobre-un-golpe-politico-para-destituir-a-abdala-y-debilitar-a-villarruel\/","og_site_name":"Apuntes de San Luis","article_published_time":"2024-11-02T00:22:39+00:00","og_image":[{"width":588,"height":363,"url":"https:\/\/apuntesdesanluis.com\/wp-content\/uploads\/2024\/11\/villarruel-y-abdala.png","type":"image\/png"}],"author":"apuntesdesanluis.com","twitter_card":"summary_large_image","twitter_misc":{"Escrito por":"apuntesdesanluis.com","Tiempo de lectura":"6 minutos"},"schema":{"@context":"https:\/\/schema.org","@graph":[{"@type":"Article","@id":"https:\/\/apuntesdesanluis.com\/index.php\/2024\/11\/01\/alertan-sobre-un-golpe-politico-para-destituir-a-abdala-y-debilitar-a-villarruel\/#article","isPartOf":{"@id":"https:\/\/apuntesdesanluis.com\/index.php\/2024\/11\/01\/alertan-sobre-un-golpe-politico-para-destituir-a-abdala-y-debilitar-a-villarruel\/"},"author":{"name":"apuntesdesanluis.com","@id":"https:\/\/apuntesdesanluis.com\/#\/schema\/person\/b55151d52296fcce64d1a72538a70b90"},"headline":"ALERTAN SOBRE UN GOLPE POL\u00cdTICO PARA DESTITUIR A ABDALA Y DEBILITAR A VILLARRUEL","datePublished":"2024-11-02T00:22:39+00:00","mainEntityOfPage":{"@id":"https:\/\/apuntesdesanluis.com\/index.php\/2024\/11\/01\/alertan-sobre-un-golpe-politico-para-destituir-a-abdala-y-debilitar-a-villarruel\/"},"wordCount":1259,"publisher":{"@id":"https:\/\/apuntesdesanluis.com\/#\/schema\/person\/b55151d52296fcce64d1a72538a70b90"},"image":{"@id":"https:\/\/apuntesdesanluis.com\/index.php\/2024\/11\/01\/alertan-sobre-un-golpe-politico-para-destituir-a-abdala-y-debilitar-a-villarruel\/#primaryimage"},"thumbnailUrl":"https:\/\/apuntesdesanluis.com\/wp-content\/uploads\/2024\/11\/villarruel-y-abdala.png","articleSection":["Opini\u00f3n"],"inLanguage":"es-AR"},{"@type":"WebPage","@id":"https:\/\/apuntesdesanluis.com\/index.php\/2024\/11\/01\/alertan-sobre-un-golpe-politico-para-destituir-a-abdala-y-debilitar-a-villarruel\/","url":"https:\/\/apuntesdesanluis.com\/index.php\/2024\/11\/01\/alertan-sobre-un-golpe-politico-para-destituir-a-abdala-y-debilitar-a-villarruel\/","name":"ALERTAN SOBRE UN GOLPE POL\u00cdTICO PARA DESTITUIR A ABDALA Y DEBILITAR A VILLARRUEL - Apuntes de San Luis","isPartOf":{"@id":"https:\/\/apuntesdesanluis.com\/#website"},"primaryImageOfPage":{"@id":"https:\/\/apuntesdesanluis.com\/index.php\/2024\/11\/01\/alertan-sobre-un-golpe-politico-para-destituir-a-abdala-y-debilitar-a-villarruel\/#primaryimage"},"image":{"@id":"https:\/\/apuntesdesanluis.com\/index.php\/2024\/11\/01\/alertan-sobre-un-golpe-politico-para-destituir-a-abdala-y-debilitar-a-villarruel\/#primaryimage"},"thumbnailUrl":"https:\/\/apuntesdesanluis.com\/wp-content\/uploads\/2024\/11\/villarruel-y-abdala.png","datePublished":"2024-11-02T00:22:39+00:00","breadcrumb":{"@id":"https:\/\/apuntesdesanluis.com\/index.php\/2024\/11\/01\/alertan-sobre-un-golpe-politico-para-destituir-a-abdala-y-debilitar-a-villarruel\/#breadcrumb"},"inLanguage":"es-AR","potentialAction":[{"@type":"ReadAction","target":["https:\/\/apuntesdesanluis.com\/index.php\/2024\/11\/01\/alertan-sobre-un-golpe-politico-para-destituir-a-abdala-y-debilitar-a-villarruel\/"]}]},{"@type":"ImageObject","inLanguage":"es-AR","@id":"https:\/\/apuntesdesanluis.com\/index.php\/2024\/11\/01\/alertan-sobre-un-golpe-politico-para-destituir-a-abdala-y-debilitar-a-villarruel\/#primaryimage","url":"https:\/\/apuntesdesanluis.com\/wp-content\/uploads\/2024\/11\/villarruel-y-abdala.png","contentUrl":"https:\/\/apuntesdesanluis.com\/wp-content\/uploads\/2024\/11\/villarruel-y-abdala.png","width":588,"height":363},{"@type":"BreadcrumbList","@id":"https:\/\/apuntesdesanluis.com\/index.php\/2024\/11\/01\/alertan-sobre-un-golpe-politico-para-destituir-a-abdala-y-debilitar-a-villarruel\/#breadcrumb","itemListElement":[{"@type":"ListItem","position":1,"name":"Inicio","item":"https:\/\/apuntesdesanluis.com\/"},{"@type":"ListItem","position":2,"name":"ALERTAN SOBRE UN GOLPE POL\u00cdTICO PARA DESTITUIR A ABDALA Y DEBILITAR A VILLARRUEL"}]},{"@type":"WebSite","@id":"https:\/\/apuntesdesanluis.com\/#website","url":"https:\/\/apuntesdesanluis.com\/","name":"Apuntes de San Luis","description":"","publisher":{"@id":"https:\/\/apuntesdesanluis.com\/#\/schema\/person\/b55151d52296fcce64d1a72538a70b90"},"potentialAction":[{"@type":"SearchAction","target":{"@type":"EntryPoint","urlTemplate":"https:\/\/apuntesdesanluis.com\/?s={search_term_string}"},"query-input":{"@type":"PropertyValueSpecification","valueRequired":true,"valueName":"search_term_string"}}],"inLanguage":"es-AR"},{"@type":["Person","Organization"],"@id":"https:\/\/apuntesdesanluis.com\/#\/schema\/person\/b55151d52296fcce64d1a72538a70b90","name":"apuntesdesanluis.com","image":{"@type":"ImageObject","inLanguage":"es-AR","@id":"https:\/\/apuntesdesanluis.com\/#\/schema\/person\/image\/","url":"https:\/\/apuntesdesanluis.com\/wp-content\/uploads\/2023\/07\/cropped-apuntesdesanluis.png","contentUrl":"https:\/\/apuntesdesanluis.com\/wp-content\/uploads\/2023\/07\/cropped-apuntesdesanluis.png","width":450,"height":112,"caption":"apuntesdesanluis.com"},"logo":{"@id":"https:\/\/apuntesdesanluis.com\/#\/schema\/person\/image\/"},"sameAs":["https:\/\/apuntesdesanluis.com"],"url":"https:\/\/apuntesdesanluis.com\/index.php\/author\/apuntesdesanluis-com\/"}]}},"featured_image_urls":{"full":["https:\/\/apuntesdesanluis.com\/wp-content\/uploads\/2024\/11\/villarruel-y-abdala.png",588,363,false],"thumbnail":["https:\/\/apuntesdesanluis.com\/wp-content\/uploads\/2024\/11\/villarruel-y-abdala-150x150.png",150,150,true],"medium":["https:\/\/apuntesdesanluis.com\/wp-content\/uploads\/2024\/11\/villarruel-y-abdala-300x185.png",300,185,true],"medium_large":["https:\/\/apuntesdesanluis.com\/wp-content\/uploads\/2024\/11\/villarruel-y-abdala.png",588,363,false],"large":["https:\/\/apuntesdesanluis.com\/wp-content\/uploads\/2024\/11\/villarruel-y-abdala.png",588,363,false],"1536x1536":["https:\/\/apuntesdesanluis.com\/wp-content\/uploads\/2024\/11\/villarruel-y-abdala.png",588,363,false],"2048x2048":["https:\/\/apuntesdesanluis.com\/wp-content\/uploads\/2024\/11\/villarruel-y-abdala.png",588,363,false],"newsever-slider-full":["https:\/\/apuntesdesanluis.com\/wp-content\/uploads\/2024\/11\/villarruel-y-abdala.png",588,363,false],"newsever-featured":["https:\/\/apuntesdesanluis.com\/wp-content\/uploads\/2024\/11\/villarruel-y-abdala.png",588,363,false],"newsever-medium":["https:\/\/apuntesdesanluis.com\/wp-content\/uploads\/2024\/11\/villarruel-y-abdala.png",588,363,false]},"author_info":{"display_name":"apuntesdesanluis.com","author_link":"https:\/\/apuntesdesanluis.com\/index.php\/author\/apuntesdesanluis-com\/"},"category_info":"<a href=\"https:\/\/apuntesdesanluis.com\/index.php\/category\/opinion\/\" rel=\"category tag\">Opini\u00f3n<\/a>","tag_info":"Opini\u00f3n","comment_count":"0","_links":{"self":[{"href":"https:\/\/apuntesdesanluis.com\/index.php\/wp-json\/wp\/v2\/posts\/24718","targetHints":{"allow":["GET"]}}],"collection":[{"href":"https:\/\/apuntesdesanluis.com\/index.php\/wp-json\/wp\/v2\/posts"}],"about":[{"href":"https:\/\/apuntesdesanluis.com\/index.php\/wp-json\/wp\/v2\/types\/post"}],"author":[{"embeddable":true,"href":"https:\/\/apuntesdesanluis.com\/index.php\/wp-json\/wp\/v2\/users\/1"}],"replies":[{"embeddable":true,"href":"https:\/\/apuntesdesanluis.com\/index.php\/wp-json\/wp\/v2\/comments?post=24718"}],"version-history":[{"count":1,"href":"https:\/\/apuntesdesanluis.com\/index.php\/wp-json\/wp\/v2\/posts\/24718\/revisions"}],"predecessor-version":[{"id":24720,"href":"https:\/\/apuntesdesanluis.com\/index.php\/wp-json\/wp\/v2\/posts\/24718\/revisions\/24720"}],"wp:featuredmedia":[{"embeddable":true,"href":"https:\/\/apuntesdesanluis.com\/index.php\/wp-json\/wp\/v2\/media\/24719"}],"wp:attachment":[{"href":"https:\/\/apuntesdesanluis.com\/index.php\/wp-json\/wp\/v2\/media?parent=24718"}],"wp:term":[{"taxonomy":"category","embeddable":true,"href":"https:\/\/apuntesdesanluis.com\/index.php\/wp-json\/wp\/v2\/categories?post=24718"},{"taxonomy":"post_tag","embeddable":true,"href":"https:\/\/apuntesdesanluis.com\/index.php\/wp-json\/wp\/v2\/tags?post=24718"}],"curies":[{"name":"wp","href":"https:\/\/api.w.org\/{rel}","templated":true}]}}