{"id":2472,"date":"2023-08-31T14:35:16","date_gmt":"2023-08-31T17:35:16","guid":{"rendered":"https:\/\/apuntesdesanluis.com\/?p=2472"},"modified":"2023-08-31T14:38:30","modified_gmt":"2023-08-31T17:38:30","slug":"carlos-melconian-estamos-listos-para-desembarcar-con-un-plan","status":"publish","type":"post","link":"https:\/\/apuntesdesanluis.com\/index.php\/2023\/08\/31\/carlos-melconian-estamos-listos-para-desembarcar-con-un-plan\/","title":{"rendered":"CARLOS MELCONIAN: \u201cESTAMOS LISTOS PARA DESEMBARCAR CON UN PLAN\u201d"},"content":{"rendered":"<h3>La candidata a presidente de Juntos por el Cambio, Patricia Bullrich, present\u00f3 este jueves a Carlos Melconian como su potencial ministro de Econom\u00eda, quien junto a la Fundaci\u00f3n Mediterr\u00e1nea-IERAL dijo tener el dise\u00f1o de un programa de desarrollo que ser\u00e1 respaldado por la coalici\u00f3n en caso de llegar al Poder Ejecutivo.<\/h3>\n<h3>\u201cEstamos listos para desembarcar con un plan que bajo determinado liderazgo pol\u00edtico saque a la Argentina de la postraci\u00f3n\u201d, afirm\u00f3 Melconian, presidente de IERAL.<\/h3>\n<h3>Bullrich y Melconian fueron los oradores en el Ciclo Voces Federales que se realiz\u00f3 en la provincia de C\u00f3rdoba, bajo el auspicio de la Fundaci\u00f3n Mediterr\u00e1nea, y oficio como virtual presentaci\u00f3n del economista como eventual jefe del Palacio de Hacienda.<\/h3>\n<h3>Al presentarlos la presidente de la instituci\u00f3n, Mar\u00eda Pia Astori, el presidente de Fundaci\u00f3n Mediterr\u00e1nea enfatiz\u00f3 que \u201cestamos convencidos que es el mejor programa y el \u00fanico posible de poner en pr\u00e1ctica\u201d.<\/h3>\n<h3>Melconian remarc\u00f3 que su plan busca un \u201ccambio de ra\u00edz\u201d que transforme la realidad del pa\u00eds pero \u201cdentro del sistema\u201d.<\/h3>\n<h3>Durante su presentaci\u00f3n, Melconian se preocup\u00f3 en marcar diferencias con la propuesta de La Libertad Avanza que encabeza, Javier Milei, subrayando que la suya es \u201cposible de implementar\u201d.<\/h3>\n<h3>\u201cLa transformaci\u00f3n debe ser disruptiva pero dentro del sistema y que los cambios tengan todas las institucionalidades que haga falta\u201d, se\u00f1al\u00f3.<\/h3>\n<h3>Melconian afirm\u00f3 que \u201cel objetivo era armar un plan que estuviese a la altura del desaf\u00edo que la Argentina est\u00e1 necesitando\u201d.<\/h3>\n<h3>\u201cSiempre lo prensamos como un plan que devuelva el horizonte. Siempre lo percibimos como algo m\u00e1s que la estabilidad a secas, sino como una verdadera reforma para sacar de la frustraci\u00f3n a compatriotas que est\u00e1n sufriendo\u201d, remarc\u00f3.<\/h3>\n<h3>Bullrich y Melconian anunciaron que los equipos de economistas de Juntos por el Cambio se unir\u00e1n a los de Fundaci\u00f3n Mediterr\u00e1nea para fortalecer trabajo conjunto.<\/h3>\n<h3>\u201cLa meta no es cualquier transformaci\u00f3n sino una transformaci\u00f3n profunda\u201d, prometi\u00f3 Melconian.<\/h3>\n<h3>El economista enfatiz\u00f3: \u201cPuede quedarse tranquila la sociedad Argentina\u201d porque \u201chay un plan, hay un programa, es realista es \u2018hacible\u2019 es implementable, tiene sentido com\u00fan es pr\u00e1ctico y no es dogm\u00e1tico\u201d.<\/h3>\n<h3>Agreg\u00f3 que adem\u00e1s: \u201ctiene horizonte, tiene futuro y hay luz al final del t\u00fanel\u201d.<\/h3>\n<h3>En ese momento, Melconian aprovech\u00f3 para marcar distancia de las propuestas de LLA: \u201cNo estamos ante un salto al vac\u00edo y eso es importante que se entienda\u201d.<\/h3>\n<h3>El titular del IERAL dijo que en el equipo \u201cest\u00e1 prohibido decir que no sab\u00edamos con lo que nos \u00edbamos a encontrar\u201d y agreg\u00f3: \u201cVamos a ir por la soluci\u00f3n no por el ajuste, ajuste es lo que estamos viviendo ahora\u201d.<\/h3>\n<h3>\u201cNosotros venimos a dar tranquilidad. Esto tiene soluci\u00f3n y es entre todos. No hay ning\u00fan mago ni pase de magia que resuelva esto\u201d, enfatiz\u00f3.<\/h3>\n<h3>Melconian prometi\u00f3 que inundar\u00e1n \u201ccada rinc\u00f3n del pa\u00eds con nuestras ideas y propuestas concretas que son capitales, occidentales, federales, progresista \u2018hacibles\u2019 e implementables\u201d.<\/h3>\n<h3>\u201cLo \u00fanico que est\u00e1 prohibido ac\u00e1 es fantasear con teor\u00edas imposibles de poner en pr\u00e1ctica\u201d, reiter\u00f3 en clara alusi\u00f3n a la idea de la dolarizaci\u00f3n que enarbola LLA.<\/h3>\n<h3>Melconian destac\u00f3 que ahora el plan \u201ctiene liderazgo pol\u00edtico\u201d, pero al mismo tiempo subray\u00f3 que se necesita apoyo \u201cde toda la sociedad\u201d.<\/h3>\n<h3>Tras las palabras de Melconian, Bullrich agradeci\u00f3 en apoyo de la Fundaci\u00f3n Mediterr\u00e1nea y afirm\u00f3: \u201csomos conscientes de los desaf\u00edos que tenemos por delante\u201d.<\/h3>\n<h3>\u201cMi equipo y yo estamos decididos a llevar los cambios, reciba la situaci\u00f3n que reciba\u201d, insisti\u00f3 la candidata a presidente.<\/h3>\n<h3>Bullirch consider\u00f3 que \u201cno vamos a lograr cambiar lo que tenemos que cambiar si volvemos a probar las mismas herramientas\u201d.<\/h3>\n<h3>En esa l\u00ednea marc\u00f3 que \u201cQueremos plantear como idea estrat\u00e9gica frenar el caso. El caos se enfrenta con orden. La gobernabilidad es cambiar este caos, desorden, vale todo y saqueo permanente\u201d.<\/h3>\n<h3>En un trazo grueso de su idea econ\u00f3mica, advirti\u00f3 que \u201cArgentina tiene que abrirse al mundo, pero tenemos que ser inteligentes porque no tenemos que dejar caer dejar caer a nadie\u201d.<\/h3>\n","protected":false},"excerpt":{"rendered":"<p>La candidata a presidente de Juntos por el Cambio, Patricia Bullrich, present\u00f3 este jueves a&#8230;<\/p>\n","protected":false},"author":1,"featured_media":2473,"comment_status":"closed","ping_status":"closed","sticky":false,"template":"","format":"standard","meta":{"footnotes":""},"categories":[5],"tags":[],"class_list":["post-2472","post","type-post","status-publish","format-standard","has-post-thumbnail","hentry","category-nacionales-internacionales"],"yoast_head":"<!-- This site is optimized with the Yoast SEO plugin v26.1.1 - https:\/\/yoast.com\/wordpress\/plugins\/seo\/ -->\n<title>CARLOS MELCONIAN: \u201cESTAMOS LISTOS PARA DESEMBARCAR CON UN PLAN\u201d - Apuntes de San Luis<\/title>\n<meta name=\"robots\" content=\"index, follow, max-snippet:-1, max-image-preview:large, max-video-preview:-1\" \/>\n<link rel=\"canonical\" href=\"https:\/\/apuntesdesanluis.com\/index.php\/2023\/08\/31\/carlos-melconian-estamos-listos-para-desembarcar-con-un-plan\/\" \/>\n<meta property=\"og:locale\" content=\"es_ES\" \/>\n<meta property=\"og:type\" content=\"article\" \/>\n<meta property=\"og:title\" content=\"CARLOS MELCONIAN: \u201cESTAMOS LISTOS PARA DESEMBARCAR CON UN PLAN\u201d - Apuntes de San Luis\" \/>\n<meta property=\"og:description\" content=\"La candidata a presidente de Juntos por el Cambio, Patricia Bullrich, present\u00f3 este jueves a...\" \/>\n<meta property=\"og:url\" content=\"https:\/\/apuntesdesanluis.com\/index.php\/2023\/08\/31\/carlos-melconian-estamos-listos-para-desembarcar-con-un-plan\/\" \/>\n<meta property=\"og:site_name\" content=\"Apuntes de San Luis\" \/>\n<meta property=\"article:published_time\" content=\"2023-08-31T17:35:16+00:00\" \/>\n<meta property=\"article:modified_time\" content=\"2023-08-31T17:38:30+00:00\" \/>\n<meta property=\"og:image\" content=\"https:\/\/apuntesdesanluis.com\/wp-content\/uploads\/2023\/08\/BULLRICH-MELCONIAN.jpg\" \/>\n\t<meta property=\"og:image:width\" content=\"768\" \/>\n\t<meta property=\"og:image:height\" content=\"508\" \/>\n\t<meta property=\"og:image:type\" content=\"image\/jpeg\" \/>\n<meta name=\"author\" content=\"apuntesdesanluis.com\" \/>\n<meta name=\"twitter:card\" content=\"summary_large_image\" \/>\n<meta name=\"twitter:label1\" content=\"Escrito por\" \/>\n\t<meta name=\"twitter:data1\" content=\"apuntesdesanluis.com\" \/>\n\t<meta name=\"twitter:label2\" content=\"Tiempo de lectura\" \/>\n\t<meta name=\"twitter:data2\" content=\"3 minutos\" \/>\n<script type=\"application\/ld+json\" class=\"yoast-schema-graph\">{\"@context\":\"https:\/\/schema.org\",\"@graph\":[{\"@type\":\"Article\",\"@id\":\"https:\/\/apuntesdesanluis.com\/index.php\/2023\/08\/31\/carlos-melconian-estamos-listos-para-desembarcar-con-un-plan\/#article\",\"isPartOf\":{\"@id\":\"https:\/\/apuntesdesanluis.com\/index.php\/2023\/08\/31\/carlos-melconian-estamos-listos-para-desembarcar-con-un-plan\/\"},\"author\":{\"name\":\"apuntesdesanluis.com\",\"@id\":\"https:\/\/apuntesdesanluis.com\/#\/schema\/person\/b55151d52296fcce64d1a72538a70b90\"},\"headline\":\"CARLOS MELCONIAN: \u201cESTAMOS LISTOS PARA DESEMBARCAR CON UN PLAN\u201d\",\"datePublished\":\"2023-08-31T17:35:16+00:00\",\"dateModified\":\"2023-08-31T17:38:30+00:00\",\"mainEntityOfPage\":{\"@id\":\"https:\/\/apuntesdesanluis.com\/index.php\/2023\/08\/31\/carlos-melconian-estamos-listos-para-desembarcar-con-un-plan\/\"},\"wordCount\":711,\"publisher\":{\"@id\":\"https:\/\/apuntesdesanluis.com\/#\/schema\/person\/b55151d52296fcce64d1a72538a70b90\"},\"image\":{\"@id\":\"https:\/\/apuntesdesanluis.com\/index.php\/2023\/08\/31\/carlos-melconian-estamos-listos-para-desembarcar-con-un-plan\/#primaryimage\"},\"thumbnailUrl\":\"https:\/\/apuntesdesanluis.com\/wp-content\/uploads\/2023\/08\/BULLRICH-MELCONIAN.jpg\",\"articleSection\":[\"Nacionales\/Internacionales\"],\"inLanguage\":\"es-AR\"},{\"@type\":\"WebPage\",\"@id\":\"https:\/\/apuntesdesanluis.com\/index.php\/2023\/08\/31\/carlos-melconian-estamos-listos-para-desembarcar-con-un-plan\/\",\"url\":\"https:\/\/apuntesdesanluis.com\/index.php\/2023\/08\/31\/carlos-melconian-estamos-listos-para-desembarcar-con-un-plan\/\",\"name\":\"CARLOS MELCONIAN: \u201cESTAMOS LISTOS PARA DESEMBARCAR CON UN PLAN\u201d - Apuntes de San Luis\",\"isPartOf\":{\"@id\":\"https:\/\/apuntesdesanluis.com\/#website\"},\"primaryImageOfPage\":{\"@id\":\"https:\/\/apuntesdesanluis.com\/index.php\/2023\/08\/31\/carlos-melconian-estamos-listos-para-desembarcar-con-un-plan\/#primaryimage\"},\"image\":{\"@id\":\"https:\/\/apuntesdesanluis.com\/index.php\/2023\/08\/31\/carlos-melconian-estamos-listos-para-desembarcar-con-un-plan\/#primaryimage\"},\"thumbnailUrl\":\"https:\/\/apuntesdesanluis.com\/wp-content\/uploads\/2023\/08\/BULLRICH-MELCONIAN.jpg\",\"datePublished\":\"2023-08-31T17:35:16+00:00\",\"dateModified\":\"2023-08-31T17:38:30+00:00\",\"breadcrumb\":{\"@id\":\"https:\/\/apuntesdesanluis.com\/index.php\/2023\/08\/31\/carlos-melconian-estamos-listos-para-desembarcar-con-un-plan\/#breadcrumb\"},\"inLanguage\":\"es-AR\",\"potentialAction\":[{\"@type\":\"ReadAction\",\"target\":[\"https:\/\/apuntesdesanluis.com\/index.php\/2023\/08\/31\/carlos-melconian-estamos-listos-para-desembarcar-con-un-plan\/\"]}]},{\"@type\":\"ImageObject\",\"inLanguage\":\"es-AR\",\"@id\":\"https:\/\/apuntesdesanluis.com\/index.php\/2023\/08\/31\/carlos-melconian-estamos-listos-para-desembarcar-con-un-plan\/#primaryimage\",\"url\":\"https:\/\/apuntesdesanluis.com\/wp-content\/uploads\/2023\/08\/BULLRICH-MELCONIAN.jpg\",\"contentUrl\":\"https:\/\/apuntesdesanluis.com\/wp-content\/uploads\/2023\/08\/BULLRICH-MELCONIAN.jpg\",\"width\":768,\"height\":508},{\"@type\":\"BreadcrumbList\",\"@id\":\"https:\/\/apuntesdesanluis.com\/index.php\/2023\/08\/31\/carlos-melconian-estamos-listos-para-desembarcar-con-un-plan\/#breadcrumb\",\"itemListElement\":[{\"@type\":\"ListItem\",\"position\":1,\"name\":\"Inicio\",\"item\":\"https:\/\/apuntesdesanluis.com\/\"},{\"@type\":\"ListItem\",\"position\":2,\"name\":\"CARLOS MELCONIAN: \u201cESTAMOS LISTOS PARA DESEMBARCAR CON UN PLAN\u201d\"}]},{\"@type\":\"WebSite\",\"@id\":\"https:\/\/apuntesdesanluis.com\/#website\",\"url\":\"https:\/\/apuntesdesanluis.com\/\",\"name\":\"Apuntes de San Luis\",\"description\":\"\",\"publisher\":{\"@id\":\"https:\/\/apuntesdesanluis.com\/#\/schema\/person\/b55151d52296fcce64d1a72538a70b90\"},\"potentialAction\":[{\"@type\":\"SearchAction\",\"target\":{\"@type\":\"EntryPoint\",\"urlTemplate\":\"https:\/\/apuntesdesanluis.com\/?s={search_term_string}\"},\"query-input\":{\"@type\":\"PropertyValueSpecification\",\"valueRequired\":true,\"valueName\":\"search_term_string\"}}],\"inLanguage\":\"es-AR\"},{\"@type\":[\"Person\",\"Organization\"],\"@id\":\"https:\/\/apuntesdesanluis.com\/#\/schema\/person\/b55151d52296fcce64d1a72538a70b90\",\"name\":\"apuntesdesanluis.com\",\"image\":{\"@type\":\"ImageObject\",\"inLanguage\":\"es-AR\",\"@id\":\"https:\/\/apuntesdesanluis.com\/#\/schema\/person\/image\/\",\"url\":\"https:\/\/apuntesdesanluis.com\/wp-content\/uploads\/2023\/07\/cropped-apuntesdesanluis.png\",\"contentUrl\":\"https:\/\/apuntesdesanluis.com\/wp-content\/uploads\/2023\/07\/cropped-apuntesdesanluis.png\",\"width\":450,\"height\":112,\"caption\":\"apuntesdesanluis.com\"},\"logo\":{\"@id\":\"https:\/\/apuntesdesanluis.com\/#\/schema\/person\/image\/\"},\"sameAs\":[\"https:\/\/apuntesdesanluis.com\"],\"url\":\"https:\/\/apuntesdesanluis.com\/index.php\/author\/apuntesdesanluis-com\/\"}]}<\/script>\n<!-- \/ Yoast SEO plugin. -->","yoast_head_json":{"title":"CARLOS MELCONIAN: \u201cESTAMOS LISTOS PARA DESEMBARCAR CON UN PLAN\u201d - Apuntes de San Luis","robots":{"index":"index","follow":"follow","max-snippet":"max-snippet:-1","max-image-preview":"max-image-preview:large","max-video-preview":"max-video-preview:-1"},"canonical":"https:\/\/apuntesdesanluis.com\/index.php\/2023\/08\/31\/carlos-melconian-estamos-listos-para-desembarcar-con-un-plan\/","og_locale":"es_ES","og_type":"article","og_title":"CARLOS MELCONIAN: \u201cESTAMOS LISTOS PARA DESEMBARCAR CON UN PLAN\u201d - Apuntes de San Luis","og_description":"La candidata a presidente de Juntos por el Cambio, Patricia Bullrich, present\u00f3 este jueves a...","og_url":"https:\/\/apuntesdesanluis.com\/index.php\/2023\/08\/31\/carlos-melconian-estamos-listos-para-desembarcar-con-un-plan\/","og_site_name":"Apuntes de San Luis","article_published_time":"2023-08-31T17:35:16+00:00","article_modified_time":"2023-08-31T17:38:30+00:00","og_image":[{"width":768,"height":508,"url":"https:\/\/apuntesdesanluis.com\/wp-content\/uploads\/2023\/08\/BULLRICH-MELCONIAN.jpg","type":"image\/jpeg"}],"author":"apuntesdesanluis.com","twitter_card":"summary_large_image","twitter_misc":{"Escrito por":"apuntesdesanluis.com","Tiempo de lectura":"3 minutos"},"schema":{"@context":"https:\/\/schema.org","@graph":[{"@type":"Article","@id":"https:\/\/apuntesdesanluis.com\/index.php\/2023\/08\/31\/carlos-melconian-estamos-listos-para-desembarcar-con-un-plan\/#article","isPartOf":{"@id":"https:\/\/apuntesdesanluis.com\/index.php\/2023\/08\/31\/carlos-melconian-estamos-listos-para-desembarcar-con-un-plan\/"},"author":{"name":"apuntesdesanluis.com","@id":"https:\/\/apuntesdesanluis.com\/#\/schema\/person\/b55151d52296fcce64d1a72538a70b90"},"headline":"CARLOS MELCONIAN: \u201cESTAMOS LISTOS PARA DESEMBARCAR CON UN PLAN\u201d","datePublished":"2023-08-31T17:35:16+00:00","dateModified":"2023-08-31T17:38:30+00:00","mainEntityOfPage":{"@id":"https:\/\/apuntesdesanluis.com\/index.php\/2023\/08\/31\/carlos-melconian-estamos-listos-para-desembarcar-con-un-plan\/"},"wordCount":711,"publisher":{"@id":"https:\/\/apuntesdesanluis.com\/#\/schema\/person\/b55151d52296fcce64d1a72538a70b90"},"image":{"@id":"https:\/\/apuntesdesanluis.com\/index.php\/2023\/08\/31\/carlos-melconian-estamos-listos-para-desembarcar-con-un-plan\/#primaryimage"},"thumbnailUrl":"https:\/\/apuntesdesanluis.com\/wp-content\/uploads\/2023\/08\/BULLRICH-MELCONIAN.jpg","articleSection":["Nacionales\/Internacionales"],"inLanguage":"es-AR"},{"@type":"WebPage","@id":"https:\/\/apuntesdesanluis.com\/index.php\/2023\/08\/31\/carlos-melconian-estamos-listos-para-desembarcar-con-un-plan\/","url":"https:\/\/apuntesdesanluis.com\/index.php\/2023\/08\/31\/carlos-melconian-estamos-listos-para-desembarcar-con-un-plan\/","name":"CARLOS MELCONIAN: \u201cESTAMOS LISTOS PARA DESEMBARCAR CON UN PLAN\u201d - Apuntes de San Luis","isPartOf":{"@id":"https:\/\/apuntesdesanluis.com\/#website"},"primaryImageOfPage":{"@id":"https:\/\/apuntesdesanluis.com\/index.php\/2023\/08\/31\/carlos-melconian-estamos-listos-para-desembarcar-con-un-plan\/#primaryimage"},"image":{"@id":"https:\/\/apuntesdesanluis.com\/index.php\/2023\/08\/31\/carlos-melconian-estamos-listos-para-desembarcar-con-un-plan\/#primaryimage"},"thumbnailUrl":"https:\/\/apuntesdesanluis.com\/wp-content\/uploads\/2023\/08\/BULLRICH-MELCONIAN.jpg","datePublished":"2023-08-31T17:35:16+00:00","dateModified":"2023-08-31T17:38:30+00:00","breadcrumb":{"@id":"https:\/\/apuntesdesanluis.com\/index.php\/2023\/08\/31\/carlos-melconian-estamos-listos-para-desembarcar-con-un-plan\/#breadcrumb"},"inLanguage":"es-AR","potentialAction":[{"@type":"ReadAction","target":["https:\/\/apuntesdesanluis.com\/index.php\/2023\/08\/31\/carlos-melconian-estamos-listos-para-desembarcar-con-un-plan\/"]}]},{"@type":"ImageObject","inLanguage":"es-AR","@id":"https:\/\/apuntesdesanluis.com\/index.php\/2023\/08\/31\/carlos-melconian-estamos-listos-para-desembarcar-con-un-plan\/#primaryimage","url":"https:\/\/apuntesdesanluis.com\/wp-content\/uploads\/2023\/08\/BULLRICH-MELCONIAN.jpg","contentUrl":"https:\/\/apuntesdesanluis.com\/wp-content\/uploads\/2023\/08\/BULLRICH-MELCONIAN.jpg","width":768,"height":508},{"@type":"BreadcrumbList","@id":"https:\/\/apuntesdesanluis.com\/index.php\/2023\/08\/31\/carlos-melconian-estamos-listos-para-desembarcar-con-un-plan\/#breadcrumb","itemListElement":[{"@type":"ListItem","position":1,"name":"Inicio","item":"https:\/\/apuntesdesanluis.com\/"},{"@type":"ListItem","position":2,"name":"CARLOS MELCONIAN: \u201cESTAMOS LISTOS PARA DESEMBARCAR CON UN PLAN\u201d"}]},{"@type":"WebSite","@id":"https:\/\/apuntesdesanluis.com\/#website","url":"https:\/\/apuntesdesanluis.com\/","name":"Apuntes de San Luis","description":"","publisher":{"@id":"https:\/\/apuntesdesanluis.com\/#\/schema\/person\/b55151d52296fcce64d1a72538a70b90"},"potentialAction":[{"@type":"SearchAction","target":{"@type":"EntryPoint","urlTemplate":"https:\/\/apuntesdesanluis.com\/?s={search_term_string}"},"query-input":{"@type":"PropertyValueSpecification","valueRequired":true,"valueName":"search_term_string"}}],"inLanguage":"es-AR"},{"@type":["Person","Organization"],"@id":"https:\/\/apuntesdesanluis.com\/#\/schema\/person\/b55151d52296fcce64d1a72538a70b90","name":"apuntesdesanluis.com","image":{"@type":"ImageObject","inLanguage":"es-AR","@id":"https:\/\/apuntesdesanluis.com\/#\/schema\/person\/image\/","url":"https:\/\/apuntesdesanluis.com\/wp-content\/uploads\/2023\/07\/cropped-apuntesdesanluis.png","contentUrl":"https:\/\/apuntesdesanluis.com\/wp-content\/uploads\/2023\/07\/cropped-apuntesdesanluis.png","width":450,"height":112,"caption":"apuntesdesanluis.com"},"logo":{"@id":"https:\/\/apuntesdesanluis.com\/#\/schema\/person\/image\/"},"sameAs":["https:\/\/apuntesdesanluis.com"],"url":"https:\/\/apuntesdesanluis.com\/index.php\/author\/apuntesdesanluis-com\/"}]}},"featured_image_urls":{"full":["https:\/\/apuntesdesanluis.com\/wp-content\/uploads\/2023\/08\/BULLRICH-MELCONIAN.jpg",768,508,false],"thumbnail":["https:\/\/apuntesdesanluis.com\/wp-content\/uploads\/2023\/08\/BULLRICH-MELCONIAN-150x150.jpg",150,150,true],"medium":["https:\/\/apuntesdesanluis.com\/wp-content\/uploads\/2023\/08\/BULLRICH-MELCONIAN-300x198.jpg",300,198,true],"medium_large":["https:\/\/apuntesdesanluis.com\/wp-content\/uploads\/2023\/08\/BULLRICH-MELCONIAN.jpg",640,423,false],"large":["https:\/\/apuntesdesanluis.com\/wp-content\/uploads\/2023\/08\/BULLRICH-MELCONIAN.jpg",640,423,false],"1536x1536":["https:\/\/apuntesdesanluis.com\/wp-content\/uploads\/2023\/08\/BULLRICH-MELCONIAN.jpg",768,508,false],"2048x2048":["https:\/\/apuntesdesanluis.com\/wp-content\/uploads\/2023\/08\/BULLRICH-MELCONIAN.jpg",768,508,false],"newsever-slider-full":["https:\/\/apuntesdesanluis.com\/wp-content\/uploads\/2023\/08\/BULLRICH-MELCONIAN.jpg",768,508,false],"newsever-featured":["https:\/\/apuntesdesanluis.com\/wp-content\/uploads\/2023\/08\/BULLRICH-MELCONIAN.jpg",768,508,false],"newsever-medium":["https:\/\/apuntesdesanluis.com\/wp-content\/uploads\/2023\/08\/BULLRICH-MELCONIAN-720x475.jpg",720,475,true]},"author_info":{"display_name":"apuntesdesanluis.com","author_link":"https:\/\/apuntesdesanluis.com\/index.php\/author\/apuntesdesanluis-com\/"},"category_info":"<a href=\"https:\/\/apuntesdesanluis.com\/index.php\/category\/nacionales-internacionales\/\" rel=\"category tag\">Nacionales\/Internacionales<\/a>","tag_info":"Nacionales\/Internacionales","comment_count":"0","_links":{"self":[{"href":"https:\/\/apuntesdesanluis.com\/index.php\/wp-json\/wp\/v2\/posts\/2472","targetHints":{"allow":["GET"]}}],"collection":[{"href":"https:\/\/apuntesdesanluis.com\/index.php\/wp-json\/wp\/v2\/posts"}],"about":[{"href":"https:\/\/apuntesdesanluis.com\/index.php\/wp-json\/wp\/v2\/types\/post"}],"author":[{"embeddable":true,"href":"https:\/\/apuntesdesanluis.com\/index.php\/wp-json\/wp\/v2\/users\/1"}],"replies":[{"embeddable":true,"href":"https:\/\/apuntesdesanluis.com\/index.php\/wp-json\/wp\/v2\/comments?post=2472"}],"version-history":[{"count":1,"href":"https:\/\/apuntesdesanluis.com\/index.php\/wp-json\/wp\/v2\/posts\/2472\/revisions"}],"predecessor-version":[{"id":2474,"href":"https:\/\/apuntesdesanluis.com\/index.php\/wp-json\/wp\/v2\/posts\/2472\/revisions\/2474"}],"wp:featuredmedia":[{"embeddable":true,"href":"https:\/\/apuntesdesanluis.com\/index.php\/wp-json\/wp\/v2\/media\/2473"}],"wp:attachment":[{"href":"https:\/\/apuntesdesanluis.com\/index.php\/wp-json\/wp\/v2\/media?parent=2472"}],"wp:term":[{"taxonomy":"category","embeddable":true,"href":"https:\/\/apuntesdesanluis.com\/index.php\/wp-json\/wp\/v2\/categories?post=2472"},{"taxonomy":"post_tag","embeddable":true,"href":"https:\/\/apuntesdesanluis.com\/index.php\/wp-json\/wp\/v2\/tags?post=2472"}],"curies":[{"name":"wp","href":"https:\/\/api.w.org\/{rel}","templated":true}]}}