{"id":2475,"date":"2023-08-31T14:37:58","date_gmt":"2023-08-31T17:37:58","guid":{"rendered":"https:\/\/apuntesdesanluis.com\/?p=2475"},"modified":"2023-08-31T14:39:09","modified_gmt":"2023-08-31T17:39:09","slug":"conmocion-por-la-muerte-de-la-modelo-silvina-luna-a-los-43-anos","status":"publish","type":"post","link":"https:\/\/apuntesdesanluis.com\/index.php\/2023\/08\/31\/conmocion-por-la-muerte-de-la-modelo-silvina-luna-a-los-43-anos\/","title":{"rendered":"CONMOCI\u00d3N POR LA MUERTE DE LA MODELO SILVINA LUNA, A LOS 43 A\u00d1OS"},"content":{"rendered":"<h3><strong>Silvina Luna<\/strong> muri\u00f3 este jueves a los 43 a\u00f1os en el Hospital Italiano, donde estaba internada desde el 13 de junio. La modelo sufr\u00eda de una insuficiencia renal aguda producto de una mala praxis en una operaci\u00f3n est\u00e9tica realizada por el doctor An\u00edbal Lotocki en 2011 y aguardaba un trasplante de ri\u00f1\u00f3n, que se demor\u00f3 tras haber contra\u00eddo una bacteria que deriv\u00f3 en su internaci\u00f3n durante m\u00e1s de tres meses<\/h3>\n<h3>\u201cSilvina ya no est\u00e1 m\u00e1s con nosotros\u201d, dijo Flor de la V al aire de Intrusos, a las 13.48 del jueves al mediod\u00eda. Consternada en llanto, la conductora confirm\u00f3 la noticia luego de hablar con Fernando Burlando, el abogado de la modelo. Minutos antes, Jorge Rial hab\u00eda dado precisiones sobre su salud. \u201cTodo lo que vamos a contar es esto, esta decisi\u00f3n familiar obviamente de desconectar a Silvina. Lamentablemente esto acaba de suceder. Nada, est\u00e1 en manos de Dios, o lo que vos creas\u201d.<\/h3>\n<h3>Desde su ingreso al nosocomio, la actriz permaneci\u00f3 sedada y con respirador artificial hasta el jueves 29 junio, cuando experiment\u00f3 una leve mejor\u00eda. Luego su estado de salud estuvo oscilante, entre avances y retrocesos. El \u00faltimo parte m\u00e9dico oficial que emiti\u00f3 el hospital se dio el 17 de agosto y manifestaba una evoluci\u00f3n dentro de la gravedad general del cuadro. \u201cSe encuentra respirando por sus propios medios, con rehabilitaci\u00f3n kinesiol\u00f3gica, nutricional y psicol\u00f3gica\u201d, dec\u00eda el escrito. Sin embargo, Burlando se mostr\u00f3 preocupado en la tarde del mi\u00e9rcoles. \u201cSilvina est\u00e1 realmente luchando por su vida, por su recuperaci\u00f3n. Est\u00e1 siendo una lucha incansable. Y estas cosas hacen que no se sepa qu\u00e9 puede pasar\u201d, dijo en el ciclo Poco Correctos (El Trece).<\/h3>\n<h3>El fallecimiento de Silvina Luna caus\u00f3 gran impacto entre sus amistades, sus seguidores y la comunidad art\u00edstica, que desde que se supo la gravedad de su cuadro convocaron a cadenas de oraci\u00f3n y llamaron a donar sangre, en una iniciativa moviliz\u00f3 a la opini\u00f3n p\u00fablica. Peque\u00f1as muestras de amor originadas en un caso que conmovi\u00f3 a todos, tanto por la juventud de Silvina como por lo injusto de su muerte.<\/h3>\n<h3>Su incondicional hermano Ezequiel, cuatro a\u00f1os menor, dej\u00f3 su Rosario natal para instalarse en Buenos Aires y estuvo a su lado hasta \u00faltimo momento. Los hermanos siempre fueron unidos y la relaci\u00f3n se fortaleci\u00f3 en 2008, cuando en el lapso de cinco meses fallecieron sus padres, Sergio y Roxana. De hecho, el joven se ofreci\u00f3 como donante de \u00f3rganos, algo que no convenc\u00eda del todo a Silvina. \u201cFamiliares m\u00edos se ofrecieron a donarme un ri\u00f1\u00f3n. Todav\u00eda falta y no me quiero adelantar. Primero tengo que estar en la lista del Incucai. Una de las personas que se ofreci\u00f3 fue mi hermano, pero a m\u00ed todav\u00eda me da cosa hablarlo. Yo s\u00e9 que \u00e9l est\u00e1 ah\u00ed, pero todo depende de muchas cosas\u201d, cont\u00f3.<\/h3>\n<h3>Los problemas de salud de la exparticipante de Gran Hermano comenzaron debido a una intervenci\u00f3n est\u00e9tica que se realiz\u00f3 en 2011 a cargo del m\u00e9dico An\u00edbal Lotocki, quien por ese entonces le inyect\u00f3 biopol\u00edmeros en sus gl\u00fateos como parte del tratamiento que termin\u00f3 produci\u00e9ndole hipercalcemia y una insuficiencia renal en su organismo. Por ese hecho, el profesional fue condenado por el Tribunal Oral y Correccional N\u00b028 de la Ciudad de Buenos Aires a cuatro a\u00f1os de prisi\u00f3n -y cinco de inhabilitaci\u00f3n para ejercer la medicina- por el delito de lesiones graves en una causa que le iniciaron de manera conjunta Silvina, Stefy Xipolitakis, Gabriela Trenchi y Pamela Sosa.<\/h3>\n<h3>A ra\u00edz de esta situaci\u00f3n, Luna esperaba un trasplante de ri\u00f1\u00f3n y mientras tanto, necesitaba hacerse di\u00e1lisis tres veces por semana en sesiones de cuatro horas ya que sus ri\u00f1ones dejaron de funcionar. A principios de junio hab\u00eda contado con ilusi\u00f3n que empezaba el camino al trasplante, pero que todo se demorado por haber contra\u00eddo una bacteria. Ese fue el inicio de una pelea de semanas que le termin\u00f3 costando la vida.<\/h3>\n<h3>Silvina Luna naci\u00f3 en Rosario el 21 de junio de 1980 y salt\u00f3 a la fama en la segunda edici\u00f3n de Gran Hermano, que se emiti\u00f3 en 2001. Fue la finalista del reality que consagr\u00f3 a Roberto Parra, y el ingreso por la puerta grande a la vida que siempre so\u00f1\u00f3 y a una carrera que la tuvo durante 20 a\u00f1os en la primera plana del mundo del espect\u00e1culo. En televisi\u00f3n, actu\u00f3 en programas como Son de fierro, La pelu y Las estrellas y fue panelista en ciclos como Incorrectas, Flor de equipo, adem\u00e1s de destacarse en Bailando por un sue\u00f1o. En teatro, se luci\u00f3 en las revistas Coronados de risa\u2026 vivamos! y El champ\u00e1n las pone mimosas y en las comedias familiares Algunas mujeres a las que le cagu\u00e9 la vida y Abracadabra.<\/h3>\n<h3>Su \u00faltimo trabajo fue durante 2022 en la primera temporada de El Hotel de los Famosos, que debi\u00f3 abandonar por sus problemas f\u00edsicos. Fue all\u00ed que el p\u00fablico tom\u00f3 real dimensi\u00f3n de su cuadro y asumi\u00f3 esa lucha como propia, empatizando con su salud y haciendo fuerza para su recuperaci\u00f3n. Que elev\u00f3 plegarias y buenos augurios hasta \u00faltimo momento. Y que hoy llora su muerte, tan temprana, y tan injusta.<\/h3>\n","protected":false},"excerpt":{"rendered":"<p>Silvina Luna muri\u00f3 este jueves a los 43 a\u00f1os en el Hospital Italiano, donde estaba&#8230;<\/p>\n","protected":false},"author":1,"featured_media":2476,"comment_status":"closed","ping_status":"closed","sticky":false,"template":"","format":"standard","meta":{"footnotes":""},"categories":[5],"tags":[],"class_list":["post-2475","post","type-post","status-publish","format-standard","has-post-thumbnail","hentry","category-nacionales-internacionales"],"yoast_head":"<!-- This site is optimized with the Yoast SEO plugin v26.1.1 - https:\/\/yoast.com\/wordpress\/plugins\/seo\/ -->\n<title>CONMOCI\u00d3N POR LA MUERTE DE LA MODELO SILVINA LUNA, A LOS 43 A\u00d1OS - Apuntes de San Luis<\/title>\n<meta name=\"robots\" content=\"index, follow, max-snippet:-1, max-image-preview:large, max-video-preview:-1\" \/>\n<link rel=\"canonical\" href=\"https:\/\/apuntesdesanluis.com\/index.php\/2023\/08\/31\/conmocion-por-la-muerte-de-la-modelo-silvina-luna-a-los-43-anos\/\" \/>\n<meta property=\"og:locale\" content=\"es_ES\" \/>\n<meta property=\"og:type\" content=\"article\" \/>\n<meta property=\"og:title\" content=\"CONMOCI\u00d3N POR LA MUERTE DE LA MODELO SILVINA LUNA, A LOS 43 A\u00d1OS - Apuntes de San Luis\" \/>\n<meta property=\"og:description\" content=\"Silvina Luna muri\u00f3 este jueves a los 43 a\u00f1os en el Hospital Italiano, donde estaba...\" \/>\n<meta property=\"og:url\" content=\"https:\/\/apuntesdesanluis.com\/index.php\/2023\/08\/31\/conmocion-por-la-muerte-de-la-modelo-silvina-luna-a-los-43-anos\/\" \/>\n<meta property=\"og:site_name\" content=\"Apuntes de San Luis\" \/>\n<meta property=\"article:published_time\" content=\"2023-08-31T17:37:58+00:00\" \/>\n<meta property=\"article:modified_time\" content=\"2023-08-31T17:39:09+00:00\" \/>\n<meta property=\"og:image\" content=\"https:\/\/apuntesdesanluis.com\/wp-content\/uploads\/2023\/08\/Silvina-Luna.png\" \/>\n\t<meta property=\"og:image:width\" content=\"583\" \/>\n\t<meta property=\"og:image:height\" content=\"386\" \/>\n\t<meta property=\"og:image:type\" content=\"image\/png\" \/>\n<meta name=\"author\" content=\"apuntesdesanluis.com\" \/>\n<meta name=\"twitter:card\" content=\"summary_large_image\" \/>\n<meta name=\"twitter:label1\" content=\"Escrito por\" \/>\n\t<meta name=\"twitter:data1\" content=\"apuntesdesanluis.com\" \/>\n\t<meta name=\"twitter:label2\" content=\"Tiempo de lectura\" \/>\n\t<meta name=\"twitter:data2\" content=\"4 minutos\" \/>\n<script type=\"application\/ld+json\" class=\"yoast-schema-graph\">{\"@context\":\"https:\/\/schema.org\",\"@graph\":[{\"@type\":\"Article\",\"@id\":\"https:\/\/apuntesdesanluis.com\/index.php\/2023\/08\/31\/conmocion-por-la-muerte-de-la-modelo-silvina-luna-a-los-43-anos\/#article\",\"isPartOf\":{\"@id\":\"https:\/\/apuntesdesanluis.com\/index.php\/2023\/08\/31\/conmocion-por-la-muerte-de-la-modelo-silvina-luna-a-los-43-anos\/\"},\"author\":{\"name\":\"apuntesdesanluis.com\",\"@id\":\"https:\/\/apuntesdesanluis.com\/#\/schema\/person\/b55151d52296fcce64d1a72538a70b90\"},\"headline\":\"CONMOCI\u00d3N POR LA MUERTE DE LA MODELO SILVINA LUNA, A LOS 43 A\u00d1OS\",\"datePublished\":\"2023-08-31T17:37:58+00:00\",\"dateModified\":\"2023-08-31T17:39:09+00:00\",\"mainEntityOfPage\":{\"@id\":\"https:\/\/apuntesdesanluis.com\/index.php\/2023\/08\/31\/conmocion-por-la-muerte-de-la-modelo-silvina-luna-a-los-43-anos\/\"},\"wordCount\":915,\"publisher\":{\"@id\":\"https:\/\/apuntesdesanluis.com\/#\/schema\/person\/b55151d52296fcce64d1a72538a70b90\"},\"image\":{\"@id\":\"https:\/\/apuntesdesanluis.com\/index.php\/2023\/08\/31\/conmocion-por-la-muerte-de-la-modelo-silvina-luna-a-los-43-anos\/#primaryimage\"},\"thumbnailUrl\":\"https:\/\/apuntesdesanluis.com\/wp-content\/uploads\/2023\/08\/Silvina-Luna.png\",\"articleSection\":[\"Nacionales\/Internacionales\"],\"inLanguage\":\"es-AR\"},{\"@type\":\"WebPage\",\"@id\":\"https:\/\/apuntesdesanluis.com\/index.php\/2023\/08\/31\/conmocion-por-la-muerte-de-la-modelo-silvina-luna-a-los-43-anos\/\",\"url\":\"https:\/\/apuntesdesanluis.com\/index.php\/2023\/08\/31\/conmocion-por-la-muerte-de-la-modelo-silvina-luna-a-los-43-anos\/\",\"name\":\"CONMOCI\u00d3N POR LA MUERTE DE LA MODELO SILVINA LUNA, A LOS 43 A\u00d1OS - Apuntes de San Luis\",\"isPartOf\":{\"@id\":\"https:\/\/apuntesdesanluis.com\/#website\"},\"primaryImageOfPage\":{\"@id\":\"https:\/\/apuntesdesanluis.com\/index.php\/2023\/08\/31\/conmocion-por-la-muerte-de-la-modelo-silvina-luna-a-los-43-anos\/#primaryimage\"},\"image\":{\"@id\":\"https:\/\/apuntesdesanluis.com\/index.php\/2023\/08\/31\/conmocion-por-la-muerte-de-la-modelo-silvina-luna-a-los-43-anos\/#primaryimage\"},\"thumbnailUrl\":\"https:\/\/apuntesdesanluis.com\/wp-content\/uploads\/2023\/08\/Silvina-Luna.png\",\"datePublished\":\"2023-08-31T17:37:58+00:00\",\"dateModified\":\"2023-08-31T17:39:09+00:00\",\"breadcrumb\":{\"@id\":\"https:\/\/apuntesdesanluis.com\/index.php\/2023\/08\/31\/conmocion-por-la-muerte-de-la-modelo-silvina-luna-a-los-43-anos\/#breadcrumb\"},\"inLanguage\":\"es-AR\",\"potentialAction\":[{\"@type\":\"ReadAction\",\"target\":[\"https:\/\/apuntesdesanluis.com\/index.php\/2023\/08\/31\/conmocion-por-la-muerte-de-la-modelo-silvina-luna-a-los-43-anos\/\"]}]},{\"@type\":\"ImageObject\",\"inLanguage\":\"es-AR\",\"@id\":\"https:\/\/apuntesdesanluis.com\/index.php\/2023\/08\/31\/conmocion-por-la-muerte-de-la-modelo-silvina-luna-a-los-43-anos\/#primaryimage\",\"url\":\"https:\/\/apuntesdesanluis.com\/wp-content\/uploads\/2023\/08\/Silvina-Luna.png\",\"contentUrl\":\"https:\/\/apuntesdesanluis.com\/wp-content\/uploads\/2023\/08\/Silvina-Luna.png\",\"width\":583,\"height\":386},{\"@type\":\"BreadcrumbList\",\"@id\":\"https:\/\/apuntesdesanluis.com\/index.php\/2023\/08\/31\/conmocion-por-la-muerte-de-la-modelo-silvina-luna-a-los-43-anos\/#breadcrumb\",\"itemListElement\":[{\"@type\":\"ListItem\",\"position\":1,\"name\":\"Inicio\",\"item\":\"https:\/\/apuntesdesanluis.com\/\"},{\"@type\":\"ListItem\",\"position\":2,\"name\":\"CONMOCI\u00d3N POR LA MUERTE DE LA MODELO SILVINA LUNA, A LOS 43 A\u00d1OS\"}]},{\"@type\":\"WebSite\",\"@id\":\"https:\/\/apuntesdesanluis.com\/#website\",\"url\":\"https:\/\/apuntesdesanluis.com\/\",\"name\":\"Apuntes de San Luis\",\"description\":\"\",\"publisher\":{\"@id\":\"https:\/\/apuntesdesanluis.com\/#\/schema\/person\/b55151d52296fcce64d1a72538a70b90\"},\"potentialAction\":[{\"@type\":\"SearchAction\",\"target\":{\"@type\":\"EntryPoint\",\"urlTemplate\":\"https:\/\/apuntesdesanluis.com\/?s={search_term_string}\"},\"query-input\":{\"@type\":\"PropertyValueSpecification\",\"valueRequired\":true,\"valueName\":\"search_term_string\"}}],\"inLanguage\":\"es-AR\"},{\"@type\":[\"Person\",\"Organization\"],\"@id\":\"https:\/\/apuntesdesanluis.com\/#\/schema\/person\/b55151d52296fcce64d1a72538a70b90\",\"name\":\"apuntesdesanluis.com\",\"image\":{\"@type\":\"ImageObject\",\"inLanguage\":\"es-AR\",\"@id\":\"https:\/\/apuntesdesanluis.com\/#\/schema\/person\/image\/\",\"url\":\"https:\/\/apuntesdesanluis.com\/wp-content\/uploads\/2023\/07\/cropped-apuntesdesanluis.png\",\"contentUrl\":\"https:\/\/apuntesdesanluis.com\/wp-content\/uploads\/2023\/07\/cropped-apuntesdesanluis.png\",\"width\":450,\"height\":112,\"caption\":\"apuntesdesanluis.com\"},\"logo\":{\"@id\":\"https:\/\/apuntesdesanluis.com\/#\/schema\/person\/image\/\"},\"sameAs\":[\"https:\/\/apuntesdesanluis.com\"],\"url\":\"https:\/\/apuntesdesanluis.com\/index.php\/author\/apuntesdesanluis-com\/\"}]}<\/script>\n<!-- \/ Yoast SEO plugin. -->","yoast_head_json":{"title":"CONMOCI\u00d3N POR LA MUERTE DE LA MODELO SILVINA LUNA, A LOS 43 A\u00d1OS - Apuntes de San Luis","robots":{"index":"index","follow":"follow","max-snippet":"max-snippet:-1","max-image-preview":"max-image-preview:large","max-video-preview":"max-video-preview:-1"},"canonical":"https:\/\/apuntesdesanluis.com\/index.php\/2023\/08\/31\/conmocion-por-la-muerte-de-la-modelo-silvina-luna-a-los-43-anos\/","og_locale":"es_ES","og_type":"article","og_title":"CONMOCI\u00d3N POR LA MUERTE DE LA MODELO SILVINA LUNA, A LOS 43 A\u00d1OS - Apuntes de San Luis","og_description":"Silvina Luna muri\u00f3 este jueves a los 43 a\u00f1os en el Hospital Italiano, donde estaba...","og_url":"https:\/\/apuntesdesanluis.com\/index.php\/2023\/08\/31\/conmocion-por-la-muerte-de-la-modelo-silvina-luna-a-los-43-anos\/","og_site_name":"Apuntes de San Luis","article_published_time":"2023-08-31T17:37:58+00:00","article_modified_time":"2023-08-31T17:39:09+00:00","og_image":[{"width":583,"height":386,"url":"https:\/\/apuntesdesanluis.com\/wp-content\/uploads\/2023\/08\/Silvina-Luna.png","type":"image\/png"}],"author":"apuntesdesanluis.com","twitter_card":"summary_large_image","twitter_misc":{"Escrito por":"apuntesdesanluis.com","Tiempo de lectura":"4 minutos"},"schema":{"@context":"https:\/\/schema.org","@graph":[{"@type":"Article","@id":"https:\/\/apuntesdesanluis.com\/index.php\/2023\/08\/31\/conmocion-por-la-muerte-de-la-modelo-silvina-luna-a-los-43-anos\/#article","isPartOf":{"@id":"https:\/\/apuntesdesanluis.com\/index.php\/2023\/08\/31\/conmocion-por-la-muerte-de-la-modelo-silvina-luna-a-los-43-anos\/"},"author":{"name":"apuntesdesanluis.com","@id":"https:\/\/apuntesdesanluis.com\/#\/schema\/person\/b55151d52296fcce64d1a72538a70b90"},"headline":"CONMOCI\u00d3N POR LA MUERTE DE LA MODELO SILVINA LUNA, A LOS 43 A\u00d1OS","datePublished":"2023-08-31T17:37:58+00:00","dateModified":"2023-08-31T17:39:09+00:00","mainEntityOfPage":{"@id":"https:\/\/apuntesdesanluis.com\/index.php\/2023\/08\/31\/conmocion-por-la-muerte-de-la-modelo-silvina-luna-a-los-43-anos\/"},"wordCount":915,"publisher":{"@id":"https:\/\/apuntesdesanluis.com\/#\/schema\/person\/b55151d52296fcce64d1a72538a70b90"},"image":{"@id":"https:\/\/apuntesdesanluis.com\/index.php\/2023\/08\/31\/conmocion-por-la-muerte-de-la-modelo-silvina-luna-a-los-43-anos\/#primaryimage"},"thumbnailUrl":"https:\/\/apuntesdesanluis.com\/wp-content\/uploads\/2023\/08\/Silvina-Luna.png","articleSection":["Nacionales\/Internacionales"],"inLanguage":"es-AR"},{"@type":"WebPage","@id":"https:\/\/apuntesdesanluis.com\/index.php\/2023\/08\/31\/conmocion-por-la-muerte-de-la-modelo-silvina-luna-a-los-43-anos\/","url":"https:\/\/apuntesdesanluis.com\/index.php\/2023\/08\/31\/conmocion-por-la-muerte-de-la-modelo-silvina-luna-a-los-43-anos\/","name":"CONMOCI\u00d3N POR LA MUERTE DE LA MODELO SILVINA LUNA, A LOS 43 A\u00d1OS - Apuntes de San Luis","isPartOf":{"@id":"https:\/\/apuntesdesanluis.com\/#website"},"primaryImageOfPage":{"@id":"https:\/\/apuntesdesanluis.com\/index.php\/2023\/08\/31\/conmocion-por-la-muerte-de-la-modelo-silvina-luna-a-los-43-anos\/#primaryimage"},"image":{"@id":"https:\/\/apuntesdesanluis.com\/index.php\/2023\/08\/31\/conmocion-por-la-muerte-de-la-modelo-silvina-luna-a-los-43-anos\/#primaryimage"},"thumbnailUrl":"https:\/\/apuntesdesanluis.com\/wp-content\/uploads\/2023\/08\/Silvina-Luna.png","datePublished":"2023-08-31T17:37:58+00:00","dateModified":"2023-08-31T17:39:09+00:00","breadcrumb":{"@id":"https:\/\/apuntesdesanluis.com\/index.php\/2023\/08\/31\/conmocion-por-la-muerte-de-la-modelo-silvina-luna-a-los-43-anos\/#breadcrumb"},"inLanguage":"es-AR","potentialAction":[{"@type":"ReadAction","target":["https:\/\/apuntesdesanluis.com\/index.php\/2023\/08\/31\/conmocion-por-la-muerte-de-la-modelo-silvina-luna-a-los-43-anos\/"]}]},{"@type":"ImageObject","inLanguage":"es-AR","@id":"https:\/\/apuntesdesanluis.com\/index.php\/2023\/08\/31\/conmocion-por-la-muerte-de-la-modelo-silvina-luna-a-los-43-anos\/#primaryimage","url":"https:\/\/apuntesdesanluis.com\/wp-content\/uploads\/2023\/08\/Silvina-Luna.png","contentUrl":"https:\/\/apuntesdesanluis.com\/wp-content\/uploads\/2023\/08\/Silvina-Luna.png","width":583,"height":386},{"@type":"BreadcrumbList","@id":"https:\/\/apuntesdesanluis.com\/index.php\/2023\/08\/31\/conmocion-por-la-muerte-de-la-modelo-silvina-luna-a-los-43-anos\/#breadcrumb","itemListElement":[{"@type":"ListItem","position":1,"name":"Inicio","item":"https:\/\/apuntesdesanluis.com\/"},{"@type":"ListItem","position":2,"name":"CONMOCI\u00d3N POR LA MUERTE DE LA MODELO SILVINA LUNA, A LOS 43 A\u00d1OS"}]},{"@type":"WebSite","@id":"https:\/\/apuntesdesanluis.com\/#website","url":"https:\/\/apuntesdesanluis.com\/","name":"Apuntes de San Luis","description":"","publisher":{"@id":"https:\/\/apuntesdesanluis.com\/#\/schema\/person\/b55151d52296fcce64d1a72538a70b90"},"potentialAction":[{"@type":"SearchAction","target":{"@type":"EntryPoint","urlTemplate":"https:\/\/apuntesdesanluis.com\/?s={search_term_string}"},"query-input":{"@type":"PropertyValueSpecification","valueRequired":true,"valueName":"search_term_string"}}],"inLanguage":"es-AR"},{"@type":["Person","Organization"],"@id":"https:\/\/apuntesdesanluis.com\/#\/schema\/person\/b55151d52296fcce64d1a72538a70b90","name":"apuntesdesanluis.com","image":{"@type":"ImageObject","inLanguage":"es-AR","@id":"https:\/\/apuntesdesanluis.com\/#\/schema\/person\/image\/","url":"https:\/\/apuntesdesanluis.com\/wp-content\/uploads\/2023\/07\/cropped-apuntesdesanluis.png","contentUrl":"https:\/\/apuntesdesanluis.com\/wp-content\/uploads\/2023\/07\/cropped-apuntesdesanluis.png","width":450,"height":112,"caption":"apuntesdesanluis.com"},"logo":{"@id":"https:\/\/apuntesdesanluis.com\/#\/schema\/person\/image\/"},"sameAs":["https:\/\/apuntesdesanluis.com"],"url":"https:\/\/apuntesdesanluis.com\/index.php\/author\/apuntesdesanluis-com\/"}]}},"featured_image_urls":{"full":["https:\/\/apuntesdesanluis.com\/wp-content\/uploads\/2023\/08\/Silvina-Luna.png",583,386,false],"thumbnail":["https:\/\/apuntesdesanluis.com\/wp-content\/uploads\/2023\/08\/Silvina-Luna-150x150.png",150,150,true],"medium":["https:\/\/apuntesdesanluis.com\/wp-content\/uploads\/2023\/08\/Silvina-Luna-300x199.png",300,199,true],"medium_large":["https:\/\/apuntesdesanluis.com\/wp-content\/uploads\/2023\/08\/Silvina-Luna.png",583,386,false],"large":["https:\/\/apuntesdesanluis.com\/wp-content\/uploads\/2023\/08\/Silvina-Luna.png",583,386,false],"1536x1536":["https:\/\/apuntesdesanluis.com\/wp-content\/uploads\/2023\/08\/Silvina-Luna.png",583,386,false],"2048x2048":["https:\/\/apuntesdesanluis.com\/wp-content\/uploads\/2023\/08\/Silvina-Luna.png",583,386,false],"newsever-slider-full":["https:\/\/apuntesdesanluis.com\/wp-content\/uploads\/2023\/08\/Silvina-Luna.png",583,386,false],"newsever-featured":["https:\/\/apuntesdesanluis.com\/wp-content\/uploads\/2023\/08\/Silvina-Luna.png",583,386,false],"newsever-medium":["https:\/\/apuntesdesanluis.com\/wp-content\/uploads\/2023\/08\/Silvina-Luna.png",583,386,false]},"author_info":{"display_name":"apuntesdesanluis.com","author_link":"https:\/\/apuntesdesanluis.com\/index.php\/author\/apuntesdesanluis-com\/"},"category_info":"<a href=\"https:\/\/apuntesdesanluis.com\/index.php\/category\/nacionales-internacionales\/\" rel=\"category tag\">Nacionales\/Internacionales<\/a>","tag_info":"Nacionales\/Internacionales","comment_count":"0","_links":{"self":[{"href":"https:\/\/apuntesdesanluis.com\/index.php\/wp-json\/wp\/v2\/posts\/2475","targetHints":{"allow":["GET"]}}],"collection":[{"href":"https:\/\/apuntesdesanluis.com\/index.php\/wp-json\/wp\/v2\/posts"}],"about":[{"href":"https:\/\/apuntesdesanluis.com\/index.php\/wp-json\/wp\/v2\/types\/post"}],"author":[{"embeddable":true,"href":"https:\/\/apuntesdesanluis.com\/index.php\/wp-json\/wp\/v2\/users\/1"}],"replies":[{"embeddable":true,"href":"https:\/\/apuntesdesanluis.com\/index.php\/wp-json\/wp\/v2\/comments?post=2475"}],"version-history":[{"count":1,"href":"https:\/\/apuntesdesanluis.com\/index.php\/wp-json\/wp\/v2\/posts\/2475\/revisions"}],"predecessor-version":[{"id":2477,"href":"https:\/\/apuntesdesanluis.com\/index.php\/wp-json\/wp\/v2\/posts\/2475\/revisions\/2477"}],"wp:featuredmedia":[{"embeddable":true,"href":"https:\/\/apuntesdesanluis.com\/index.php\/wp-json\/wp\/v2\/media\/2476"}],"wp:attachment":[{"href":"https:\/\/apuntesdesanluis.com\/index.php\/wp-json\/wp\/v2\/media?parent=2475"}],"wp:term":[{"taxonomy":"category","embeddable":true,"href":"https:\/\/apuntesdesanluis.com\/index.php\/wp-json\/wp\/v2\/categories?post=2475"},{"taxonomy":"post_tag","embeddable":true,"href":"https:\/\/apuntesdesanluis.com\/index.php\/wp-json\/wp\/v2\/tags?post=2475"}],"curies":[{"name":"wp","href":"https:\/\/api.w.org\/{rel}","templated":true}]}}