{"id":24760,"date":"2024-11-02T21:33:36","date_gmt":"2024-11-03T00:33:36","guid":{"rendered":"https:\/\/apuntesdesanluis.com\/?p=24760"},"modified":"2024-11-02T21:53:36","modified_gmt":"2024-11-03T00:53:36","slug":"un-villamercedino-se-consagro-campeon-mundial-con-argentina-en-el-mundial-de-padel","status":"publish","type":"post","link":"https:\/\/apuntesdesanluis.com\/index.php\/2024\/11\/02\/un-villamercedino-se-consagro-campeon-mundial-con-argentina-en-el-mundial-de-padel\/","title":{"rendered":"UN VILLAMERCEDINO SE CONSAGR\u00d3 CAMPE\u00d3N MUNDIAL CON ARGENTINA EN EL MUNDIAL DE P\u00c1DEL"},"content":{"rendered":"<h3>Se trata de <strong>Valentino Libaak<\/strong>, quien en su debut mundialista y con solo 19 a\u00f1os, haciendo pareja con <strong>Leo Augsburger<\/strong>, quien termin\u00f3 lesionado, consigui\u00f3 ganar el decisivo tercer juego de la final ante Espa\u00f1a y son los mejores del planeta, logrando repetir la haza\u00f1a obtenida en 2022 en Dubai.<\/h3>\n<article class=\"article-body\">\n<div class=\"article-content\">\n<div class=\"cuerpo\" data-twitter-link=\"\">\n<h3 data-mrf-recirculation=\"Links art\u00edculo\">Esta vez, la coronaci\u00f3n lleg\u00f3 en Qatar tras una jornada intensa que culmin\u00f3 pasada la medianoche, con una actuaci\u00f3n destacada de<strong>\u00a0Tino Libaak y Leo Augsburger.<\/strong>\u00a0Los j\u00f3venes talentos argentinos vencieron en un electrizante partido a la dupla espa\u00f1ola compuesta por <strong>Paquito Navarro y Mike Yanguas<\/strong>, con parciales de 3-6, 7-5 y 7-6.<\/h3>\n<p><img fetchpriority=\"high\" decoding=\"async\" class=\"wp-image-24762 aligncenter\" src=\"https:\/\/apuntesdesanluis.com\/wp-content\/uploads\/2024\/11\/tino-300x210.png\" alt=\"\" width=\"737\" height=\"516\" srcset=\"https:\/\/apuntesdesanluis.com\/wp-content\/uploads\/2024\/11\/tino-300x210.png 300w, https:\/\/apuntesdesanluis.com\/wp-content\/uploads\/2024\/11\/tino-768x538.png 768w, https:\/\/apuntesdesanluis.com\/wp-content\/uploads\/2024\/11\/tino.png 1013w\" sizes=\"(max-width: 737px) 100vw, 737px\" \/><\/p>\n<\/div>\n<\/div>\n<\/article>\n<h4 style=\"text-align: center;\"><em>Tino Libaak la rompi\u00f3 en el tercer juego.<\/em><\/h4>\n<h3>Argentina sali\u00f3 campe\u00f3n en el Mundial de P\u00e1del en varones de una forma incre\u00edble. El seleccionado le gan\u00f3 2-1 a Espa\u00f1a con un jugador en una pierna y se transform\u00f3 en el bicampe\u00f3n del mundo.<\/h3>\n<h3>El seleccionado nacional se consagr\u00f3 campe\u00f3n del mundo de p\u00e1del en Qatar tras una impactante victoria 2-1 ante Espa\u00f1a, en una final llena de tensi\u00f3n y emociones, motrando su talento y resiliencia, luego de haber perdido el primer juego, superando a un rival formidable y reafirmando su lugar en la \u00e9lite del p\u00e1del mundial.<\/h3>\n<h3>Se juega como si fuera una Copa Davis, con tres partidos de los cuales hay que ganar dos para quedarse con la serie. En el primer enfrentamiento, la dupla argentina compuesta por Franco Stupaczuk y Mart\u00edn Di Nenno se midi\u00f3 ante la pareja espa\u00f1ola formada por Javier &#8220;Droopy&#8221; Nieto y Arturo Coello. El resultado final fue contundente a favor de Espa\u00f1a, con un marcador de 6-1 y 6-2. Arturo Coello, actual n\u00famero 1 del mundo, demostr\u00f3 por qu\u00e9 ostenta esa posici\u00f3n con una actuaci\u00f3n formidable, en la que logr\u00f3 impactar 17 tiros ganadores y cometi\u00f3 solo tres errores no forzados, un nivel de precisi\u00f3n que dej\u00f3 a la dupla argentina sin respuestas,<\/h3>\n<h3>La pareja argentina, en cambio, no logr\u00f3 encontrar el ritmo necesario para competir a la altura de sus rivales. Los Super Pibes se mostraron fuera de sinton\u00eda, sin poder adaptarse al ritmo impuesto por los espa\u00f1oles ni controlar la velocidad de la bola. Esta falta de ajuste se vio reflejada en el resultado, ya que los argentinos nunca lograron hacer pie en el partido.<\/h3>\n<p><img decoding=\"async\" class=\"wp-image-24766 aligncenter\" src=\"https:\/\/apuntesdesanluis.com\/wp-content\/uploads\/2024\/11\/felicidad-300x215.png\" alt=\"\" width=\"706\" height=\"506\" srcset=\"https:\/\/apuntesdesanluis.com\/wp-content\/uploads\/2024\/11\/felicidad-300x215.png 300w, https:\/\/apuntesdesanluis.com\/wp-content\/uploads\/2024\/11\/felicidad-768x550.png 768w, https:\/\/apuntesdesanluis.com\/wp-content\/uploads\/2024\/11\/felicidad.png 984w\" sizes=\"(max-width: 706px) 100vw, 706px\" \/><\/p>\n<h3>El duelo entre Arturo Tapia y Federico Chingotto contra Juan Lebr\u00f3n y Alejandro Galan fue digno de una final, con un marcador de 7-6 (6), 3-6, 6-2 a favor de Argentina. Tapia, conocido como el &#8220;Mozart&#8221; del p\u00e1del, mostr\u00f3 un nivel extraordinario, demostrando por qu\u00e9 es el N\u00b0 2 del mundo. El catamarque\u00f1o vol\u00f3 sobre la cancha, especialmente en los momentos clave del partido, generando puntos decisivos y aportando un liderazgo que gui\u00f3 a su equipo hacia la victoria. Chingotto, por su parte, se destac\u00f3 por su solidez defensiva, caracter\u00edstica que lo convierte en uno de los jugadores m\u00e1s dif\u00edciles de vencer en estas instancias. Fue especialmente importante en el tie-break del primer set, en el que, sin haber tenido tiros ganadores previos, logr\u00f3 dos puntos cruciales para sellar el 7-6 a favor de Argentina.<\/h3>\n<h3>En el segundo set, los espa\u00f1oles reaccionaron, subieron el nivel y lograron llevarse el parcial de 6-3. Pero en el tercero, la dupla argentina fue bestial: Tapia, un poco m\u00e1s cansado, oblig\u00f3 a Chingotto a subir su nivel y no le pes\u00f3, no dio una por perdida, lo mantuvo activo al norte\u00f1o y meti\u00f3 puntos important\u00edsimos, que llevaron a que Argentina quiebre dos veces el juego de saque de los espa\u00f1oles y la final se fuera a un partido definitivo.<\/h3>\n<h3>Con la serie empatada, todo se defin\u00eda en el tercer y \u00faltimo partido. Argentina apost\u00f3 por su joven pareja compuesta por <strong>Leandro Augsburger (20) y Valentino Libaak (19)<\/strong>, la dupla m\u00e1s promedora que tiene el pa\u00eds, debutante en mundiales. Del lado de Espa\u00f1a, saltaron a la pista dos actuales Top 10, Miguel Yanguas y el experimentado Paquito Navarro, quien ha sido un pilar en el p\u00e1del mundial durante muchos a\u00f1os.<\/h3>\n<h3>El primer set fue un duelo re\u00f1ido. La pareja argentina, a pesar de su juventud, supo plantarse con firmeza ante sus rivales, manteniendo el marcador parejo durante gran parte del set. Sin embargo, la experiencia de Paquito Navarro empez\u00f3 a hacerse notar en los momentos clave, consiguiendo los puntos decisivos para cerrar el primer set con un 6-3 a su favor. Pese a la supuesta presi\u00f3n e inexperiencia, el segundo set se lo llev\u00f3 Argentina, que parec\u00eda estar jugando por primera ronda en Mar del Plata, por 7-5.<\/h3>\n<h3><img decoding=\"async\" class=\"wp-image-24764 aligncenter\" src=\"https:\/\/apuntesdesanluis.com\/wp-content\/uploads\/2024\/11\/lesionado-300x189.png\" alt=\"\" width=\"652\" height=\"411\" srcset=\"https:\/\/apuntesdesanluis.com\/wp-content\/uploads\/2024\/11\/lesionado-300x189.png 300w, https:\/\/apuntesdesanluis.com\/wp-content\/uploads\/2024\/11\/lesionado.png 566w\" sizes=\"(max-width: 652px) 100vw, 652px\" \/><\/h3>\n<h4 style=\"text-align: center;\"><em>Augsburger , lesionado en el final, pudo igual.<\/em><\/h4>\n<h3>En el tercer set y con el marcador 5-4 a favor del seleccionado, Augsburger \u00a1sufri\u00f3 un calambre! que parec\u00eda el final para Argentina. Pero con mucho coraje y coraz\u00f3n, los pibes lo sacaron adelante y llegaron a un tie break que ganaron por 7-2 para darle el t\u00edtulo mundial n\u00famero 12 al pa\u00eds (en 17 finales consecutivas), para estirar la superioridad, ante unos espa\u00f1oles que no pod\u00edan creer c\u00f3mo, de favoritos y con un set a favor, hab\u00edan perdido.<\/h3>\n<h3><b>La actuaci\u00f3n de Libaak fue fant\u00e1stica durante todo el encuentro pero cuando su compa\u00f1ero se qued\u00f3 en una pierna, se volvi\u00f3 heroica<\/b>. Se puso la pareja al hombro y, a puro despliegue y smash, conquist\u00f3 los puntos vitales en el tie break para maniatar a\u00a0<b>Paquito<\/b>\u00a0y\u00a0<b>Yanguas<\/b>\u00a0y darle el t\u00edtulo a\u00a0<b>Argentina<\/b>.<\/h3>\n<h3>La clave result\u00f3 en que los argentinos hab\u00edan jugado con m\u00e1s confianza y seguridad, sobre todo en los momentos clave (como en el \u00faltimo tie-break), en el que los de rojo flaquearon notablemente.<\/h3>\n<h3>&#8220;Quiero agradecerle a toda la gente, gran parte del partido lo ganaron ellos. Y sobre todo agradecerle al equipo, vivimos una semana incre\u00edble y no tengo m\u00e1s que agradecerles a ellos. Dudo que haya una persona m\u00e1s feliz que yo ahora en el mundo&#8221;, dijo Tino tras la final.<\/h3>\n<p><a href=\"https:\/\/x.com\/VarskySports\/status\/1852841860546339312\" target=\"_blank\" rel=\"noopener\"><img loading=\"lazy\" decoding=\"async\" class=\"wp-image-24770 aligncenter\" src=\"https:\/\/apuntesdesanluis.com\/wp-content\/uploads\/2024\/11\/ver-en-x-1-300x172.png\" alt=\"\" width=\"759\" height=\"435\" srcset=\"https:\/\/apuntesdesanluis.com\/wp-content\/uploads\/2024\/11\/ver-en-x-1-300x172.png 300w, https:\/\/apuntesdesanluis.com\/wp-content\/uploads\/2024\/11\/ver-en-x-1.png 547w\" sizes=\"(max-width: 759px) 100vw, 759px\" \/><\/a><\/p>\n<h3>&#8220;Sin este equipo no hubi\u00e9ramos logrado sacar el tie-break. Nos ayudaron todos, con las palabras, la motivaci\u00f3n. Estoy contento. Sin palabras. Dedicarle esto a mi familia que est\u00e1 en Posadas y \u00a1dale campe\u00f3n!&#8221;, complet\u00f3 Leo. (Ol\u00e9)<\/h3>\n<div style=\"width: 640px;\" class=\"wp-video\"><!--[if lt IE 9]><script>document.createElement('video');<\/script><![endif]-->\n<video class=\"wp-video-shortcode\" id=\"video-24760-1\" width=\"640\" height=\"1138\" preload=\"metadata\" controls=\"controls\"><source type=\"video\/mp4\" src=\"https:\/\/apuntesdesanluis.com\/wp-content\/uploads\/2024\/11\/AQMwTf_LgO_Sip-qRG1sAgzkXf3Y5dvNH_rJ5knRNxpK4q574FBbs6lWwJ40XaziP1kdf7UfE9RdJhNYHB_QTgAM.mp4?_=1\" \/><a href=\"https:\/\/apuntesdesanluis.com\/wp-content\/uploads\/2024\/11\/AQMwTf_LgO_Sip-qRG1sAgzkXf3Y5dvNH_rJ5knRNxpK4q574FBbs6lWwJ40XaziP1kdf7UfE9RdJhNYHB_QTgAM.mp4\">https:\/\/apuntesdesanluis.com\/wp-content\/uploads\/2024\/11\/AQMwTf_LgO_Sip-qRG1sAgzkXf3Y5dvNH_rJ5knRNxpK4q574FBbs6lWwJ40XaziP1kdf7UfE9RdJhNYHB_QTgAM.mp4<\/a><\/video><\/div>\n<h3><\/h3>\n<p>..<\/p>\n<p>&nbsp;<\/p>\n<p>&nbsp;<\/p>\n","protected":false},"excerpt":{"rendered":"<p>Se trata de Valentino Libaak, quien en su debut mundialista y con solo 19 a\u00f1os,&#8230;<\/p>\n","protected":false},"author":1,"featured_media":24761,"comment_status":"closed","ping_status":"closed","sticky":false,"template":"","format":"standard","meta":{"footnotes":""},"categories":[8,5],"tags":[],"class_list":["post-24760","post","type-post","status-publish","format-standard","has-post-thumbnail","hentry","category-deportes","category-nacionales-internacionales"],"yoast_head":"<!-- This site is optimized with the Yoast SEO plugin v26.1.1 - https:\/\/yoast.com\/wordpress\/plugins\/seo\/ -->\n<title>UN VILLAMERCEDINO SE CONSAGR\u00d3 CAMPE\u00d3N MUNDIAL CON ARGENTINA EN EL MUNDIAL DE P\u00c1DEL - Apuntes de San Luis<\/title>\n<meta name=\"robots\" content=\"index, follow, max-snippet:-1, max-image-preview:large, max-video-preview:-1\" \/>\n<link rel=\"canonical\" href=\"https:\/\/apuntesdesanluis.com\/index.php\/2024\/11\/02\/un-villamercedino-se-consagro-campeon-mundial-con-argentina-en-el-mundial-de-padel\/\" \/>\n<meta property=\"og:locale\" content=\"es_ES\" \/>\n<meta property=\"og:type\" content=\"article\" \/>\n<meta property=\"og:title\" content=\"UN VILLAMERCEDINO SE CONSAGR\u00d3 CAMPE\u00d3N MUNDIAL CON ARGENTINA EN EL MUNDIAL DE P\u00c1DEL - Apuntes de San Luis\" \/>\n<meta property=\"og:description\" content=\"Se trata de Valentino Libaak, quien en su debut mundialista y con solo 19 a\u00f1os,...\" \/>\n<meta property=\"og:url\" content=\"https:\/\/apuntesdesanluis.com\/index.php\/2024\/11\/02\/un-villamercedino-se-consagro-campeon-mundial-con-argentina-en-el-mundial-de-padel\/\" \/>\n<meta property=\"og:site_name\" content=\"Apuntes de San Luis\" \/>\n<meta property=\"article:published_time\" content=\"2024-11-03T00:33:36+00:00\" \/>\n<meta property=\"article:modified_time\" content=\"2024-11-03T00:53:36+00:00\" \/>\n<meta property=\"og:image\" content=\"https:\/\/apuntesdesanluis.com\/wp-content\/uploads\/2024\/11\/campeones.png\" \/>\n\t<meta property=\"og:image:width\" content=\"682\" \/>\n\t<meta property=\"og:image:height\" content=\"410\" \/>\n\t<meta property=\"og:image:type\" content=\"image\/png\" \/>\n<meta name=\"author\" content=\"apuntesdesanluis.com\" \/>\n<meta name=\"twitter:card\" content=\"summary_large_image\" \/>\n<meta name=\"twitter:label1\" content=\"Escrito por\" \/>\n\t<meta name=\"twitter:data1\" content=\"apuntesdesanluis.com\" \/>\n\t<meta name=\"twitter:label2\" content=\"Tiempo de lectura\" \/>\n\t<meta name=\"twitter:data2\" content=\"6 minutos\" \/>\n<script type=\"application\/ld+json\" class=\"yoast-schema-graph\">{\"@context\":\"https:\/\/schema.org\",\"@graph\":[{\"@type\":\"Article\",\"@id\":\"https:\/\/apuntesdesanluis.com\/index.php\/2024\/11\/02\/un-villamercedino-se-consagro-campeon-mundial-con-argentina-en-el-mundial-de-padel\/#article\",\"isPartOf\":{\"@id\":\"https:\/\/apuntesdesanluis.com\/index.php\/2024\/11\/02\/un-villamercedino-se-consagro-campeon-mundial-con-argentina-en-el-mundial-de-padel\/\"},\"author\":{\"name\":\"apuntesdesanluis.com\",\"@id\":\"https:\/\/apuntesdesanluis.com\/#\/schema\/person\/b55151d52296fcce64d1a72538a70b90\"},\"headline\":\"UN VILLAMERCEDINO SE CONSAGR\u00d3 CAMPE\u00d3N MUNDIAL CON ARGENTINA EN EL MUNDIAL DE P\u00c1DEL\",\"datePublished\":\"2024-11-03T00:33:36+00:00\",\"dateModified\":\"2024-11-03T00:53:36+00:00\",\"mainEntityOfPage\":{\"@id\":\"https:\/\/apuntesdesanluis.com\/index.php\/2024\/11\/02\/un-villamercedino-se-consagro-campeon-mundial-con-argentina-en-el-mundial-de-padel\/\"},\"wordCount\":1106,\"publisher\":{\"@id\":\"https:\/\/apuntesdesanluis.com\/#\/schema\/person\/b55151d52296fcce64d1a72538a70b90\"},\"image\":{\"@id\":\"https:\/\/apuntesdesanluis.com\/index.php\/2024\/11\/02\/un-villamercedino-se-consagro-campeon-mundial-con-argentina-en-el-mundial-de-padel\/#primaryimage\"},\"thumbnailUrl\":\"https:\/\/apuntesdesanluis.com\/wp-content\/uploads\/2024\/11\/campeones.png\",\"articleSection\":[\"Deportes\",\"Nacionales\/Internacionales\"],\"inLanguage\":\"es-AR\"},{\"@type\":\"WebPage\",\"@id\":\"https:\/\/apuntesdesanluis.com\/index.php\/2024\/11\/02\/un-villamercedino-se-consagro-campeon-mundial-con-argentina-en-el-mundial-de-padel\/\",\"url\":\"https:\/\/apuntesdesanluis.com\/index.php\/2024\/11\/02\/un-villamercedino-se-consagro-campeon-mundial-con-argentina-en-el-mundial-de-padel\/\",\"name\":\"UN VILLAMERCEDINO SE CONSAGR\u00d3 CAMPE\u00d3N MUNDIAL CON ARGENTINA EN EL MUNDIAL DE P\u00c1DEL - Apuntes de San Luis\",\"isPartOf\":{\"@id\":\"https:\/\/apuntesdesanluis.com\/#website\"},\"primaryImageOfPage\":{\"@id\":\"https:\/\/apuntesdesanluis.com\/index.php\/2024\/11\/02\/un-villamercedino-se-consagro-campeon-mundial-con-argentina-en-el-mundial-de-padel\/#primaryimage\"},\"image\":{\"@id\":\"https:\/\/apuntesdesanluis.com\/index.php\/2024\/11\/02\/un-villamercedino-se-consagro-campeon-mundial-con-argentina-en-el-mundial-de-padel\/#primaryimage\"},\"thumbnailUrl\":\"https:\/\/apuntesdesanluis.com\/wp-content\/uploads\/2024\/11\/campeones.png\",\"datePublished\":\"2024-11-03T00:33:36+00:00\",\"dateModified\":\"2024-11-03T00:53:36+00:00\",\"breadcrumb\":{\"@id\":\"https:\/\/apuntesdesanluis.com\/index.php\/2024\/11\/02\/un-villamercedino-se-consagro-campeon-mundial-con-argentina-en-el-mundial-de-padel\/#breadcrumb\"},\"inLanguage\":\"es-AR\",\"potentialAction\":[{\"@type\":\"ReadAction\",\"target\":[\"https:\/\/apuntesdesanluis.com\/index.php\/2024\/11\/02\/un-villamercedino-se-consagro-campeon-mundial-con-argentina-en-el-mundial-de-padel\/\"]}]},{\"@type\":\"ImageObject\",\"inLanguage\":\"es-AR\",\"@id\":\"https:\/\/apuntesdesanluis.com\/index.php\/2024\/11\/02\/un-villamercedino-se-consagro-campeon-mundial-con-argentina-en-el-mundial-de-padel\/#primaryimage\",\"url\":\"https:\/\/apuntesdesanluis.com\/wp-content\/uploads\/2024\/11\/campeones.png\",\"contentUrl\":\"https:\/\/apuntesdesanluis.com\/wp-content\/uploads\/2024\/11\/campeones.png\",\"width\":682,\"height\":410},{\"@type\":\"BreadcrumbList\",\"@id\":\"https:\/\/apuntesdesanluis.com\/index.php\/2024\/11\/02\/un-villamercedino-se-consagro-campeon-mundial-con-argentina-en-el-mundial-de-padel\/#breadcrumb\",\"itemListElement\":[{\"@type\":\"ListItem\",\"position\":1,\"name\":\"Inicio\",\"item\":\"https:\/\/apuntesdesanluis.com\/\"},{\"@type\":\"ListItem\",\"position\":2,\"name\":\"UN VILLAMERCEDINO SE CONSAGR\u00d3 CAMPE\u00d3N MUNDIAL CON ARGENTINA EN EL MUNDIAL DE P\u00c1DEL\"}]},{\"@type\":\"WebSite\",\"@id\":\"https:\/\/apuntesdesanluis.com\/#website\",\"url\":\"https:\/\/apuntesdesanluis.com\/\",\"name\":\"Apuntes de San Luis\",\"description\":\"\",\"publisher\":{\"@id\":\"https:\/\/apuntesdesanluis.com\/#\/schema\/person\/b55151d52296fcce64d1a72538a70b90\"},\"potentialAction\":[{\"@type\":\"SearchAction\",\"target\":{\"@type\":\"EntryPoint\",\"urlTemplate\":\"https:\/\/apuntesdesanluis.com\/?s={search_term_string}\"},\"query-input\":{\"@type\":\"PropertyValueSpecification\",\"valueRequired\":true,\"valueName\":\"search_term_string\"}}],\"inLanguage\":\"es-AR\"},{\"@type\":[\"Person\",\"Organization\"],\"@id\":\"https:\/\/apuntesdesanluis.com\/#\/schema\/person\/b55151d52296fcce64d1a72538a70b90\",\"name\":\"apuntesdesanluis.com\",\"image\":{\"@type\":\"ImageObject\",\"inLanguage\":\"es-AR\",\"@id\":\"https:\/\/apuntesdesanluis.com\/#\/schema\/person\/image\/\",\"url\":\"https:\/\/apuntesdesanluis.com\/wp-content\/uploads\/2023\/07\/cropped-apuntesdesanluis.png\",\"contentUrl\":\"https:\/\/apuntesdesanluis.com\/wp-content\/uploads\/2023\/07\/cropped-apuntesdesanluis.png\",\"width\":450,\"height\":112,\"caption\":\"apuntesdesanluis.com\"},\"logo\":{\"@id\":\"https:\/\/apuntesdesanluis.com\/#\/schema\/person\/image\/\"},\"sameAs\":[\"https:\/\/apuntesdesanluis.com\"],\"url\":\"https:\/\/apuntesdesanluis.com\/index.php\/author\/apuntesdesanluis-com\/\"}]}<\/script>\n<!-- \/ Yoast SEO plugin. -->","yoast_head_json":{"title":"UN VILLAMERCEDINO SE CONSAGR\u00d3 CAMPE\u00d3N MUNDIAL CON ARGENTINA EN EL MUNDIAL DE P\u00c1DEL - Apuntes de San Luis","robots":{"index":"index","follow":"follow","max-snippet":"max-snippet:-1","max-image-preview":"max-image-preview:large","max-video-preview":"max-video-preview:-1"},"canonical":"https:\/\/apuntesdesanluis.com\/index.php\/2024\/11\/02\/un-villamercedino-se-consagro-campeon-mundial-con-argentina-en-el-mundial-de-padel\/","og_locale":"es_ES","og_type":"article","og_title":"UN VILLAMERCEDINO SE CONSAGR\u00d3 CAMPE\u00d3N MUNDIAL CON ARGENTINA EN EL MUNDIAL DE P\u00c1DEL - Apuntes de San Luis","og_description":"Se trata de Valentino Libaak, quien en su debut mundialista y con solo 19 a\u00f1os,...","og_url":"https:\/\/apuntesdesanluis.com\/index.php\/2024\/11\/02\/un-villamercedino-se-consagro-campeon-mundial-con-argentina-en-el-mundial-de-padel\/","og_site_name":"Apuntes de San Luis","article_published_time":"2024-11-03T00:33:36+00:00","article_modified_time":"2024-11-03T00:53:36+00:00","og_image":[{"width":682,"height":410,"url":"https:\/\/apuntesdesanluis.com\/wp-content\/uploads\/2024\/11\/campeones.png","type":"image\/png"}],"author":"apuntesdesanluis.com","twitter_card":"summary_large_image","twitter_misc":{"Escrito por":"apuntesdesanluis.com","Tiempo de lectura":"6 minutos"},"schema":{"@context":"https:\/\/schema.org","@graph":[{"@type":"Article","@id":"https:\/\/apuntesdesanluis.com\/index.php\/2024\/11\/02\/un-villamercedino-se-consagro-campeon-mundial-con-argentina-en-el-mundial-de-padel\/#article","isPartOf":{"@id":"https:\/\/apuntesdesanluis.com\/index.php\/2024\/11\/02\/un-villamercedino-se-consagro-campeon-mundial-con-argentina-en-el-mundial-de-padel\/"},"author":{"name":"apuntesdesanluis.com","@id":"https:\/\/apuntesdesanluis.com\/#\/schema\/person\/b55151d52296fcce64d1a72538a70b90"},"headline":"UN VILLAMERCEDINO SE CONSAGR\u00d3 CAMPE\u00d3N MUNDIAL CON ARGENTINA EN EL MUNDIAL DE P\u00c1DEL","datePublished":"2024-11-03T00:33:36+00:00","dateModified":"2024-11-03T00:53:36+00:00","mainEntityOfPage":{"@id":"https:\/\/apuntesdesanluis.com\/index.php\/2024\/11\/02\/un-villamercedino-se-consagro-campeon-mundial-con-argentina-en-el-mundial-de-padel\/"},"wordCount":1106,"publisher":{"@id":"https:\/\/apuntesdesanluis.com\/#\/schema\/person\/b55151d52296fcce64d1a72538a70b90"},"image":{"@id":"https:\/\/apuntesdesanluis.com\/index.php\/2024\/11\/02\/un-villamercedino-se-consagro-campeon-mundial-con-argentina-en-el-mundial-de-padel\/#primaryimage"},"thumbnailUrl":"https:\/\/apuntesdesanluis.com\/wp-content\/uploads\/2024\/11\/campeones.png","articleSection":["Deportes","Nacionales\/Internacionales"],"inLanguage":"es-AR"},{"@type":"WebPage","@id":"https:\/\/apuntesdesanluis.com\/index.php\/2024\/11\/02\/un-villamercedino-se-consagro-campeon-mundial-con-argentina-en-el-mundial-de-padel\/","url":"https:\/\/apuntesdesanluis.com\/index.php\/2024\/11\/02\/un-villamercedino-se-consagro-campeon-mundial-con-argentina-en-el-mundial-de-padel\/","name":"UN VILLAMERCEDINO SE CONSAGR\u00d3 CAMPE\u00d3N MUNDIAL CON ARGENTINA EN EL MUNDIAL DE P\u00c1DEL - Apuntes de San Luis","isPartOf":{"@id":"https:\/\/apuntesdesanluis.com\/#website"},"primaryImageOfPage":{"@id":"https:\/\/apuntesdesanluis.com\/index.php\/2024\/11\/02\/un-villamercedino-se-consagro-campeon-mundial-con-argentina-en-el-mundial-de-padel\/#primaryimage"},"image":{"@id":"https:\/\/apuntesdesanluis.com\/index.php\/2024\/11\/02\/un-villamercedino-se-consagro-campeon-mundial-con-argentina-en-el-mundial-de-padel\/#primaryimage"},"thumbnailUrl":"https:\/\/apuntesdesanluis.com\/wp-content\/uploads\/2024\/11\/campeones.png","datePublished":"2024-11-03T00:33:36+00:00","dateModified":"2024-11-03T00:53:36+00:00","breadcrumb":{"@id":"https:\/\/apuntesdesanluis.com\/index.php\/2024\/11\/02\/un-villamercedino-se-consagro-campeon-mundial-con-argentina-en-el-mundial-de-padel\/#breadcrumb"},"inLanguage":"es-AR","potentialAction":[{"@type":"ReadAction","target":["https:\/\/apuntesdesanluis.com\/index.php\/2024\/11\/02\/un-villamercedino-se-consagro-campeon-mundial-con-argentina-en-el-mundial-de-padel\/"]}]},{"@type":"ImageObject","inLanguage":"es-AR","@id":"https:\/\/apuntesdesanluis.com\/index.php\/2024\/11\/02\/un-villamercedino-se-consagro-campeon-mundial-con-argentina-en-el-mundial-de-padel\/#primaryimage","url":"https:\/\/apuntesdesanluis.com\/wp-content\/uploads\/2024\/11\/campeones.png","contentUrl":"https:\/\/apuntesdesanluis.com\/wp-content\/uploads\/2024\/11\/campeones.png","width":682,"height":410},{"@type":"BreadcrumbList","@id":"https:\/\/apuntesdesanluis.com\/index.php\/2024\/11\/02\/un-villamercedino-se-consagro-campeon-mundial-con-argentina-en-el-mundial-de-padel\/#breadcrumb","itemListElement":[{"@type":"ListItem","position":1,"name":"Inicio","item":"https:\/\/apuntesdesanluis.com\/"},{"@type":"ListItem","position":2,"name":"UN VILLAMERCEDINO SE CONSAGR\u00d3 CAMPE\u00d3N MUNDIAL CON ARGENTINA EN EL MUNDIAL DE P\u00c1DEL"}]},{"@type":"WebSite","@id":"https:\/\/apuntesdesanluis.com\/#website","url":"https:\/\/apuntesdesanluis.com\/","name":"Apuntes de San Luis","description":"","publisher":{"@id":"https:\/\/apuntesdesanluis.com\/#\/schema\/person\/b55151d52296fcce64d1a72538a70b90"},"potentialAction":[{"@type":"SearchAction","target":{"@type":"EntryPoint","urlTemplate":"https:\/\/apuntesdesanluis.com\/?s={search_term_string}"},"query-input":{"@type":"PropertyValueSpecification","valueRequired":true,"valueName":"search_term_string"}}],"inLanguage":"es-AR"},{"@type":["Person","Organization"],"@id":"https:\/\/apuntesdesanluis.com\/#\/schema\/person\/b55151d52296fcce64d1a72538a70b90","name":"apuntesdesanluis.com","image":{"@type":"ImageObject","inLanguage":"es-AR","@id":"https:\/\/apuntesdesanluis.com\/#\/schema\/person\/image\/","url":"https:\/\/apuntesdesanluis.com\/wp-content\/uploads\/2023\/07\/cropped-apuntesdesanluis.png","contentUrl":"https:\/\/apuntesdesanluis.com\/wp-content\/uploads\/2023\/07\/cropped-apuntesdesanluis.png","width":450,"height":112,"caption":"apuntesdesanluis.com"},"logo":{"@id":"https:\/\/apuntesdesanluis.com\/#\/schema\/person\/image\/"},"sameAs":["https:\/\/apuntesdesanluis.com"],"url":"https:\/\/apuntesdesanluis.com\/index.php\/author\/apuntesdesanluis-com\/"}]}},"featured_image_urls":{"full":["https:\/\/apuntesdesanluis.com\/wp-content\/uploads\/2024\/11\/campeones.png",682,410,false],"thumbnail":["https:\/\/apuntesdesanluis.com\/wp-content\/uploads\/2024\/11\/campeones-150x150.png",150,150,true],"medium":["https:\/\/apuntesdesanluis.com\/wp-content\/uploads\/2024\/11\/campeones-300x180.png",300,180,true],"medium_large":["https:\/\/apuntesdesanluis.com\/wp-content\/uploads\/2024\/11\/campeones.png",640,385,false],"large":["https:\/\/apuntesdesanluis.com\/wp-content\/uploads\/2024\/11\/campeones.png",640,385,false],"1536x1536":["https:\/\/apuntesdesanluis.com\/wp-content\/uploads\/2024\/11\/campeones.png",682,410,false],"2048x2048":["https:\/\/apuntesdesanluis.com\/wp-content\/uploads\/2024\/11\/campeones.png",682,410,false],"newsever-slider-full":["https:\/\/apuntesdesanluis.com\/wp-content\/uploads\/2024\/11\/campeones.png",682,410,false],"newsever-featured":["https:\/\/apuntesdesanluis.com\/wp-content\/uploads\/2024\/11\/campeones.png",682,410,false],"newsever-medium":["https:\/\/apuntesdesanluis.com\/wp-content\/uploads\/2024\/11\/campeones.png",682,410,false]},"author_info":{"display_name":"apuntesdesanluis.com","author_link":"https:\/\/apuntesdesanluis.com\/index.php\/author\/apuntesdesanluis-com\/"},"category_info":"<a href=\"https:\/\/apuntesdesanluis.com\/index.php\/category\/deportes\/\" rel=\"category tag\">Deportes<\/a> <a href=\"https:\/\/apuntesdesanluis.com\/index.php\/category\/nacionales-internacionales\/\" rel=\"category tag\">Nacionales\/Internacionales<\/a>","tag_info":"Nacionales\/Internacionales","comment_count":"0","_links":{"self":[{"href":"https:\/\/apuntesdesanluis.com\/index.php\/wp-json\/wp\/v2\/posts\/24760","targetHints":{"allow":["GET"]}}],"collection":[{"href":"https:\/\/apuntesdesanluis.com\/index.php\/wp-json\/wp\/v2\/posts"}],"about":[{"href":"https:\/\/apuntesdesanluis.com\/index.php\/wp-json\/wp\/v2\/types\/post"}],"author":[{"embeddable":true,"href":"https:\/\/apuntesdesanluis.com\/index.php\/wp-json\/wp\/v2\/users\/1"}],"replies":[{"embeddable":true,"href":"https:\/\/apuntesdesanluis.com\/index.php\/wp-json\/wp\/v2\/comments?post=24760"}],"version-history":[{"count":6,"href":"https:\/\/apuntesdesanluis.com\/index.php\/wp-json\/wp\/v2\/posts\/24760\/revisions"}],"predecessor-version":[{"id":24773,"href":"https:\/\/apuntesdesanluis.com\/index.php\/wp-json\/wp\/v2\/posts\/24760\/revisions\/24773"}],"wp:featuredmedia":[{"embeddable":true,"href":"https:\/\/apuntesdesanluis.com\/index.php\/wp-json\/wp\/v2\/media\/24761"}],"wp:attachment":[{"href":"https:\/\/apuntesdesanluis.com\/index.php\/wp-json\/wp\/v2\/media?parent=24760"}],"wp:term":[{"taxonomy":"category","embeddable":true,"href":"https:\/\/apuntesdesanluis.com\/index.php\/wp-json\/wp\/v2\/categories?post=24760"},{"taxonomy":"post_tag","embeddable":true,"href":"https:\/\/apuntesdesanluis.com\/index.php\/wp-json\/wp\/v2\/tags?post=24760"}],"curies":[{"name":"wp","href":"https:\/\/api.w.org\/{rel}","templated":true}]}}