{"id":24777,"date":"2024-11-02T22:16:50","date_gmt":"2024-11-03T01:16:50","guid":{"rendered":"https:\/\/apuntesdesanluis.com\/?p=24777"},"modified":"2024-11-02T22:19:41","modified_gmt":"2024-11-03T01:19:41","slug":"tragedia-en-carmen-de-areco-mueren-4-policias-al-chocar-un-camion-cisterna-y-una-combi","status":"publish","type":"post","link":"https:\/\/apuntesdesanluis.com\/index.php\/2024\/11\/02\/tragedia-en-carmen-de-areco-mueren-4-policias-al-chocar-un-camion-cisterna-y-una-combi\/","title":{"rendered":"TRAGEDIA EN CARMEN DE ARECO: MUEREN 4 POLIC\u00cdAS AL CHOCAR UN CAMI\u00d3N CISTERNA Y UNA COMBI"},"content":{"rendered":"<h3>El accidente ocurri\u00f3 esta ma\u00f1ana en la intersecci\u00f3n de las rutas 7 y 51. Hay 16 heridos, tres de ellos de gravedad. Se realiz\u00f3 el peritaje en la zona para investigar las causas del impacto. En marzo de 2019, otra colisi\u00f3n caus\u00f3 9 fallecidos en el mismo cruce<\/h3>\n<h3>Esta ma\u00f1ana, alrededor de las 7, un cami\u00f3n cisterna que transportaba combustible y circulaba por la Ruta Nacional 7 fue impactado por una combi que circulaba por la Ruta Provincial 51 y trasladaba personal policial de la Direcci\u00f3n de Caballer\u00eda de la Polic\u00eda bonaerense.<\/h3>\n<h3>Por la violencia del impacto, fallecieron cuatro efectivos oriundos de Bah\u00eda Blanca. El personal policial se dirig\u00eda a hacer un servicio de cancha en el partido de f\u00fatbol entre los equipos Brown de Adrogu\u00e9 y Atl\u00e9tico Rafaela, a disputarse hoy a las 16 horas en el Estadio \u00danico de San Nicol\u00e1s.<\/h3>\n<h3><img fetchpriority=\"high\" decoding=\"async\" class=\"wp-image-24779 aligncenter\" src=\"https:\/\/apuntesdesanluis.com\/wp-content\/uploads\/2024\/11\/COMBI-300x172.png\" alt=\"\" width=\"663\" height=\"380\" srcset=\"https:\/\/apuntesdesanluis.com\/wp-content\/uploads\/2024\/11\/COMBI-300x172.png 300w, https:\/\/apuntesdesanluis.com\/wp-content\/uploads\/2024\/11\/COMBI.png 702w\" sizes=\"(max-width: 663px) 100vw, 663px\" \/><\/h3>\n<h4 style=\"text-align: center;\"><em>As\u00ed qued\u00f3 la combi que trasladaba personal policial.<\/em><\/h4>\n<h3>En el lugar del accidente, del cual varios de los vecinos se quejaron por la peligrosidad de este cruce de rutas y el estado vial del mismo, intervino personal del SIES (Sistema Integrado de Emergencias Sanitarias), Bomberos, agentes de tr\u00e1nsito y la Polic\u00eda de Carmen de Areco, quienes realizaron las pericias y el relevamiento para investigar las causas del siniestro.<\/h3>\n<h3>Hasta el momento se contabilizaron 16 heridos, tres de ellos de gravedad, que fueron trasladados por el SIES al Hospital Nuestra Se\u00f1ora del Carmen, que forma parte de la red de nosocomios de la provincia de Buenos Aires. Fuentes del Ministerio de Salud de la Provincia de Buenos Aires, quien est\u00e1 asistiendo y coordinando a atenci\u00f3n de salud del siniestro, confirmaron a Infobae que uno de los heridos posee \u201ctraumatismo de cr\u00e1neo grave\u201d y que se encuentra siendo trasladado al Hospital San Jos\u00e9 de Pergamino a cargo del SIES provincial, con pron\u00f3stico reservado.<\/h3>\n<p><img decoding=\"async\" class=\"wp-image-24780 aligncenter\" src=\"https:\/\/apuntesdesanluis.com\/wp-content\/uploads\/2024\/11\/CAMION-300x184.png\" alt=\"\" width=\"668\" height=\"410\" srcset=\"https:\/\/apuntesdesanluis.com\/wp-content\/uploads\/2024\/11\/CAMION-300x184.png 300w, https:\/\/apuntesdesanluis.com\/wp-content\/uploads\/2024\/11\/CAMION.png 635w\" sizes=\"(max-width: 668px) 100vw, 668px\" \/><\/p>\n<h3>Otro de los polic\u00edas sufri\u00f3 un \u201ctraumatismo de abdomen\u201d por lo cual fue intervenido quir\u00fargicamente y se recupera en forma estable en terapia intensiva del nosocomio de Carmen de Areco. El herido de gravedad restante pose\u00eda un cuadro de \u201ctraumatismo maxilofacial grave\u201d que lo llev\u00f3 a ser derivado hacia un centro de mayor complejidad mediante un helic\u00f3ptero del SIES.<\/h3>\n<h3>\u00a0\u201cEl conductor del cami\u00f3n est\u00e1 bien\u201d, inform\u00f3 m\u00e1s temprano Hugo Mart\u00ednez, jefe de Bomberos de Carmen de Areco, al canal TN. Adem\u00e1s, inform\u00f3 que parte de la ruta est\u00e1 cortada, debido al brutal siniestro vial. Y varios veh\u00edculos que circulaban por la zona fueron desviados por las banquinas.<\/h3>\n<p>&nbsp;<\/p>\n<p>&nbsp;<\/p>\n<p>&nbsp;<\/p>\n<p>&nbsp;<\/p>\n","protected":false},"excerpt":{"rendered":"<p>El accidente ocurri\u00f3 esta ma\u00f1ana en la intersecci\u00f3n de las rutas 7 y 51. Hay&#8230;<\/p>\n","protected":false},"author":1,"featured_media":24778,"comment_status":"closed","ping_status":"closed","sticky":false,"template":"","format":"standard","meta":{"footnotes":""},"categories":[5],"tags":[],"class_list":["post-24777","post","type-post","status-publish","format-standard","has-post-thumbnail","hentry","category-nacionales-internacionales"],"yoast_head":"<!-- This site is optimized with the Yoast SEO plugin v26.1.1 - https:\/\/yoast.com\/wordpress\/plugins\/seo\/ -->\n<title>TRAGEDIA EN CARMEN DE ARECO: MUEREN 4 POLIC\u00cdAS AL CHOCAR UN CAMI\u00d3N CISTERNA Y UNA COMBI - Apuntes de San Luis<\/title>\n<meta name=\"robots\" content=\"index, follow, max-snippet:-1, max-image-preview:large, max-video-preview:-1\" \/>\n<link rel=\"canonical\" href=\"https:\/\/apuntesdesanluis.com\/index.php\/2024\/11\/02\/tragedia-en-carmen-de-areco-mueren-4-policias-al-chocar-un-camion-cisterna-y-una-combi\/\" \/>\n<meta property=\"og:locale\" content=\"es_ES\" \/>\n<meta property=\"og:type\" content=\"article\" \/>\n<meta property=\"og:title\" content=\"TRAGEDIA EN CARMEN DE ARECO: MUEREN 4 POLIC\u00cdAS AL CHOCAR UN CAMI\u00d3N CISTERNA Y UNA COMBI - Apuntes de San Luis\" \/>\n<meta property=\"og:description\" content=\"El accidente ocurri\u00f3 esta ma\u00f1ana en la intersecci\u00f3n de las rutas 7 y 51. Hay...\" \/>\n<meta property=\"og:url\" content=\"https:\/\/apuntesdesanluis.com\/index.php\/2024\/11\/02\/tragedia-en-carmen-de-areco-mueren-4-policias-al-chocar-un-camion-cisterna-y-una-combi\/\" \/>\n<meta property=\"og:site_name\" content=\"Apuntes de San Luis\" \/>\n<meta property=\"article:published_time\" content=\"2024-11-03T01:16:50+00:00\" \/>\n<meta property=\"article:modified_time\" content=\"2024-11-03T01:19:41+00:00\" \/>\n<meta property=\"og:image\" content=\"https:\/\/apuntesdesanluis.com\/wp-content\/uploads\/2024\/11\/COMBI-TAPA.png\" \/>\n\t<meta property=\"og:image:width\" content=\"739\" \/>\n\t<meta property=\"og:image:height\" content=\"434\" \/>\n\t<meta property=\"og:image:type\" content=\"image\/png\" \/>\n<meta name=\"author\" content=\"apuntesdesanluis.com\" \/>\n<meta name=\"twitter:card\" content=\"summary_large_image\" \/>\n<meta name=\"twitter:label1\" content=\"Escrito por\" \/>\n\t<meta name=\"twitter:data1\" content=\"apuntesdesanluis.com\" \/>\n\t<meta name=\"twitter:label2\" content=\"Tiempo de lectura\" \/>\n\t<meta name=\"twitter:data2\" content=\"3 minutos\" \/>\n<script type=\"application\/ld+json\" class=\"yoast-schema-graph\">{\"@context\":\"https:\/\/schema.org\",\"@graph\":[{\"@type\":\"Article\",\"@id\":\"https:\/\/apuntesdesanluis.com\/index.php\/2024\/11\/02\/tragedia-en-carmen-de-areco-mueren-4-policias-al-chocar-un-camion-cisterna-y-una-combi\/#article\",\"isPartOf\":{\"@id\":\"https:\/\/apuntesdesanluis.com\/index.php\/2024\/11\/02\/tragedia-en-carmen-de-areco-mueren-4-policias-al-chocar-un-camion-cisterna-y-una-combi\/\"},\"author\":{\"name\":\"apuntesdesanluis.com\",\"@id\":\"https:\/\/apuntesdesanluis.com\/#\/schema\/person\/b55151d52296fcce64d1a72538a70b90\"},\"headline\":\"TRAGEDIA EN CARMEN DE ARECO: MUEREN 4 POLIC\u00cdAS AL CHOCAR UN CAMI\u00d3N CISTERNA Y UNA COMBI\",\"datePublished\":\"2024-11-03T01:16:50+00:00\",\"dateModified\":\"2024-11-03T01:19:41+00:00\",\"mainEntityOfPage\":{\"@id\":\"https:\/\/apuntesdesanluis.com\/index.php\/2024\/11\/02\/tragedia-en-carmen-de-areco-mueren-4-policias-al-chocar-un-camion-cisterna-y-una-combi\/\"},\"wordCount\":450,\"publisher\":{\"@id\":\"https:\/\/apuntesdesanluis.com\/#\/schema\/person\/b55151d52296fcce64d1a72538a70b90\"},\"image\":{\"@id\":\"https:\/\/apuntesdesanluis.com\/index.php\/2024\/11\/02\/tragedia-en-carmen-de-areco-mueren-4-policias-al-chocar-un-camion-cisterna-y-una-combi\/#primaryimage\"},\"thumbnailUrl\":\"https:\/\/apuntesdesanluis.com\/wp-content\/uploads\/2024\/11\/COMBI-TAPA.png\",\"articleSection\":[\"Nacionales\/Internacionales\"],\"inLanguage\":\"es-AR\"},{\"@type\":\"WebPage\",\"@id\":\"https:\/\/apuntesdesanluis.com\/index.php\/2024\/11\/02\/tragedia-en-carmen-de-areco-mueren-4-policias-al-chocar-un-camion-cisterna-y-una-combi\/\",\"url\":\"https:\/\/apuntesdesanluis.com\/index.php\/2024\/11\/02\/tragedia-en-carmen-de-areco-mueren-4-policias-al-chocar-un-camion-cisterna-y-una-combi\/\",\"name\":\"TRAGEDIA EN CARMEN DE ARECO: MUEREN 4 POLIC\u00cdAS AL CHOCAR UN CAMI\u00d3N CISTERNA Y UNA COMBI - Apuntes de San Luis\",\"isPartOf\":{\"@id\":\"https:\/\/apuntesdesanluis.com\/#website\"},\"primaryImageOfPage\":{\"@id\":\"https:\/\/apuntesdesanluis.com\/index.php\/2024\/11\/02\/tragedia-en-carmen-de-areco-mueren-4-policias-al-chocar-un-camion-cisterna-y-una-combi\/#primaryimage\"},\"image\":{\"@id\":\"https:\/\/apuntesdesanluis.com\/index.php\/2024\/11\/02\/tragedia-en-carmen-de-areco-mueren-4-policias-al-chocar-un-camion-cisterna-y-una-combi\/#primaryimage\"},\"thumbnailUrl\":\"https:\/\/apuntesdesanluis.com\/wp-content\/uploads\/2024\/11\/COMBI-TAPA.png\",\"datePublished\":\"2024-11-03T01:16:50+00:00\",\"dateModified\":\"2024-11-03T01:19:41+00:00\",\"breadcrumb\":{\"@id\":\"https:\/\/apuntesdesanluis.com\/index.php\/2024\/11\/02\/tragedia-en-carmen-de-areco-mueren-4-policias-al-chocar-un-camion-cisterna-y-una-combi\/#breadcrumb\"},\"inLanguage\":\"es-AR\",\"potentialAction\":[{\"@type\":\"ReadAction\",\"target\":[\"https:\/\/apuntesdesanluis.com\/index.php\/2024\/11\/02\/tragedia-en-carmen-de-areco-mueren-4-policias-al-chocar-un-camion-cisterna-y-una-combi\/\"]}]},{\"@type\":\"ImageObject\",\"inLanguage\":\"es-AR\",\"@id\":\"https:\/\/apuntesdesanluis.com\/index.php\/2024\/11\/02\/tragedia-en-carmen-de-areco-mueren-4-policias-al-chocar-un-camion-cisterna-y-una-combi\/#primaryimage\",\"url\":\"https:\/\/apuntesdesanluis.com\/wp-content\/uploads\/2024\/11\/COMBI-TAPA.png\",\"contentUrl\":\"https:\/\/apuntesdesanluis.com\/wp-content\/uploads\/2024\/11\/COMBI-TAPA.png\",\"width\":739,\"height\":434},{\"@type\":\"BreadcrumbList\",\"@id\":\"https:\/\/apuntesdesanluis.com\/index.php\/2024\/11\/02\/tragedia-en-carmen-de-areco-mueren-4-policias-al-chocar-un-camion-cisterna-y-una-combi\/#breadcrumb\",\"itemListElement\":[{\"@type\":\"ListItem\",\"position\":1,\"name\":\"Inicio\",\"item\":\"https:\/\/apuntesdesanluis.com\/\"},{\"@type\":\"ListItem\",\"position\":2,\"name\":\"TRAGEDIA EN CARMEN DE ARECO: MUEREN 4 POLIC\u00cdAS AL CHOCAR UN CAMI\u00d3N CISTERNA Y UNA COMBI\"}]},{\"@type\":\"WebSite\",\"@id\":\"https:\/\/apuntesdesanluis.com\/#website\",\"url\":\"https:\/\/apuntesdesanluis.com\/\",\"name\":\"Apuntes de San Luis\",\"description\":\"\",\"publisher\":{\"@id\":\"https:\/\/apuntesdesanluis.com\/#\/schema\/person\/b55151d52296fcce64d1a72538a70b90\"},\"potentialAction\":[{\"@type\":\"SearchAction\",\"target\":{\"@type\":\"EntryPoint\",\"urlTemplate\":\"https:\/\/apuntesdesanluis.com\/?s={search_term_string}\"},\"query-input\":{\"@type\":\"PropertyValueSpecification\",\"valueRequired\":true,\"valueName\":\"search_term_string\"}}],\"inLanguage\":\"es-AR\"},{\"@type\":[\"Person\",\"Organization\"],\"@id\":\"https:\/\/apuntesdesanluis.com\/#\/schema\/person\/b55151d52296fcce64d1a72538a70b90\",\"name\":\"apuntesdesanluis.com\",\"image\":{\"@type\":\"ImageObject\",\"inLanguage\":\"es-AR\",\"@id\":\"https:\/\/apuntesdesanluis.com\/#\/schema\/person\/image\/\",\"url\":\"https:\/\/apuntesdesanluis.com\/wp-content\/uploads\/2023\/07\/cropped-apuntesdesanluis.png\",\"contentUrl\":\"https:\/\/apuntesdesanluis.com\/wp-content\/uploads\/2023\/07\/cropped-apuntesdesanluis.png\",\"width\":450,\"height\":112,\"caption\":\"apuntesdesanluis.com\"},\"logo\":{\"@id\":\"https:\/\/apuntesdesanluis.com\/#\/schema\/person\/image\/\"},\"sameAs\":[\"https:\/\/apuntesdesanluis.com\"],\"url\":\"https:\/\/apuntesdesanluis.com\/index.php\/author\/apuntesdesanluis-com\/\"}]}<\/script>\n<!-- \/ Yoast SEO plugin. -->","yoast_head_json":{"title":"TRAGEDIA EN CARMEN DE ARECO: MUEREN 4 POLIC\u00cdAS AL CHOCAR UN CAMI\u00d3N CISTERNA Y UNA COMBI - Apuntes de San Luis","robots":{"index":"index","follow":"follow","max-snippet":"max-snippet:-1","max-image-preview":"max-image-preview:large","max-video-preview":"max-video-preview:-1"},"canonical":"https:\/\/apuntesdesanluis.com\/index.php\/2024\/11\/02\/tragedia-en-carmen-de-areco-mueren-4-policias-al-chocar-un-camion-cisterna-y-una-combi\/","og_locale":"es_ES","og_type":"article","og_title":"TRAGEDIA EN CARMEN DE ARECO: MUEREN 4 POLIC\u00cdAS AL CHOCAR UN CAMI\u00d3N CISTERNA Y UNA COMBI - Apuntes de San Luis","og_description":"El accidente ocurri\u00f3 esta ma\u00f1ana en la intersecci\u00f3n de las rutas 7 y 51. Hay...","og_url":"https:\/\/apuntesdesanluis.com\/index.php\/2024\/11\/02\/tragedia-en-carmen-de-areco-mueren-4-policias-al-chocar-un-camion-cisterna-y-una-combi\/","og_site_name":"Apuntes de San Luis","article_published_time":"2024-11-03T01:16:50+00:00","article_modified_time":"2024-11-03T01:19:41+00:00","og_image":[{"width":739,"height":434,"url":"https:\/\/apuntesdesanluis.com\/wp-content\/uploads\/2024\/11\/COMBI-TAPA.png","type":"image\/png"}],"author":"apuntesdesanluis.com","twitter_card":"summary_large_image","twitter_misc":{"Escrito por":"apuntesdesanluis.com","Tiempo de lectura":"3 minutos"},"schema":{"@context":"https:\/\/schema.org","@graph":[{"@type":"Article","@id":"https:\/\/apuntesdesanluis.com\/index.php\/2024\/11\/02\/tragedia-en-carmen-de-areco-mueren-4-policias-al-chocar-un-camion-cisterna-y-una-combi\/#article","isPartOf":{"@id":"https:\/\/apuntesdesanluis.com\/index.php\/2024\/11\/02\/tragedia-en-carmen-de-areco-mueren-4-policias-al-chocar-un-camion-cisterna-y-una-combi\/"},"author":{"name":"apuntesdesanluis.com","@id":"https:\/\/apuntesdesanluis.com\/#\/schema\/person\/b55151d52296fcce64d1a72538a70b90"},"headline":"TRAGEDIA EN CARMEN DE ARECO: MUEREN 4 POLIC\u00cdAS AL CHOCAR UN CAMI\u00d3N CISTERNA Y UNA COMBI","datePublished":"2024-11-03T01:16:50+00:00","dateModified":"2024-11-03T01:19:41+00:00","mainEntityOfPage":{"@id":"https:\/\/apuntesdesanluis.com\/index.php\/2024\/11\/02\/tragedia-en-carmen-de-areco-mueren-4-policias-al-chocar-un-camion-cisterna-y-una-combi\/"},"wordCount":450,"publisher":{"@id":"https:\/\/apuntesdesanluis.com\/#\/schema\/person\/b55151d52296fcce64d1a72538a70b90"},"image":{"@id":"https:\/\/apuntesdesanluis.com\/index.php\/2024\/11\/02\/tragedia-en-carmen-de-areco-mueren-4-policias-al-chocar-un-camion-cisterna-y-una-combi\/#primaryimage"},"thumbnailUrl":"https:\/\/apuntesdesanluis.com\/wp-content\/uploads\/2024\/11\/COMBI-TAPA.png","articleSection":["Nacionales\/Internacionales"],"inLanguage":"es-AR"},{"@type":"WebPage","@id":"https:\/\/apuntesdesanluis.com\/index.php\/2024\/11\/02\/tragedia-en-carmen-de-areco-mueren-4-policias-al-chocar-un-camion-cisterna-y-una-combi\/","url":"https:\/\/apuntesdesanluis.com\/index.php\/2024\/11\/02\/tragedia-en-carmen-de-areco-mueren-4-policias-al-chocar-un-camion-cisterna-y-una-combi\/","name":"TRAGEDIA EN CARMEN DE ARECO: MUEREN 4 POLIC\u00cdAS AL CHOCAR UN CAMI\u00d3N CISTERNA Y UNA COMBI - Apuntes de San Luis","isPartOf":{"@id":"https:\/\/apuntesdesanluis.com\/#website"},"primaryImageOfPage":{"@id":"https:\/\/apuntesdesanluis.com\/index.php\/2024\/11\/02\/tragedia-en-carmen-de-areco-mueren-4-policias-al-chocar-un-camion-cisterna-y-una-combi\/#primaryimage"},"image":{"@id":"https:\/\/apuntesdesanluis.com\/index.php\/2024\/11\/02\/tragedia-en-carmen-de-areco-mueren-4-policias-al-chocar-un-camion-cisterna-y-una-combi\/#primaryimage"},"thumbnailUrl":"https:\/\/apuntesdesanluis.com\/wp-content\/uploads\/2024\/11\/COMBI-TAPA.png","datePublished":"2024-11-03T01:16:50+00:00","dateModified":"2024-11-03T01:19:41+00:00","breadcrumb":{"@id":"https:\/\/apuntesdesanluis.com\/index.php\/2024\/11\/02\/tragedia-en-carmen-de-areco-mueren-4-policias-al-chocar-un-camion-cisterna-y-una-combi\/#breadcrumb"},"inLanguage":"es-AR","potentialAction":[{"@type":"ReadAction","target":["https:\/\/apuntesdesanluis.com\/index.php\/2024\/11\/02\/tragedia-en-carmen-de-areco-mueren-4-policias-al-chocar-un-camion-cisterna-y-una-combi\/"]}]},{"@type":"ImageObject","inLanguage":"es-AR","@id":"https:\/\/apuntesdesanluis.com\/index.php\/2024\/11\/02\/tragedia-en-carmen-de-areco-mueren-4-policias-al-chocar-un-camion-cisterna-y-una-combi\/#primaryimage","url":"https:\/\/apuntesdesanluis.com\/wp-content\/uploads\/2024\/11\/COMBI-TAPA.png","contentUrl":"https:\/\/apuntesdesanluis.com\/wp-content\/uploads\/2024\/11\/COMBI-TAPA.png","width":739,"height":434},{"@type":"BreadcrumbList","@id":"https:\/\/apuntesdesanluis.com\/index.php\/2024\/11\/02\/tragedia-en-carmen-de-areco-mueren-4-policias-al-chocar-un-camion-cisterna-y-una-combi\/#breadcrumb","itemListElement":[{"@type":"ListItem","position":1,"name":"Inicio","item":"https:\/\/apuntesdesanluis.com\/"},{"@type":"ListItem","position":2,"name":"TRAGEDIA EN CARMEN DE ARECO: MUEREN 4 POLIC\u00cdAS AL CHOCAR UN CAMI\u00d3N CISTERNA Y UNA COMBI"}]},{"@type":"WebSite","@id":"https:\/\/apuntesdesanluis.com\/#website","url":"https:\/\/apuntesdesanluis.com\/","name":"Apuntes de San Luis","description":"","publisher":{"@id":"https:\/\/apuntesdesanluis.com\/#\/schema\/person\/b55151d52296fcce64d1a72538a70b90"},"potentialAction":[{"@type":"SearchAction","target":{"@type":"EntryPoint","urlTemplate":"https:\/\/apuntesdesanluis.com\/?s={search_term_string}"},"query-input":{"@type":"PropertyValueSpecification","valueRequired":true,"valueName":"search_term_string"}}],"inLanguage":"es-AR"},{"@type":["Person","Organization"],"@id":"https:\/\/apuntesdesanluis.com\/#\/schema\/person\/b55151d52296fcce64d1a72538a70b90","name":"apuntesdesanluis.com","image":{"@type":"ImageObject","inLanguage":"es-AR","@id":"https:\/\/apuntesdesanluis.com\/#\/schema\/person\/image\/","url":"https:\/\/apuntesdesanluis.com\/wp-content\/uploads\/2023\/07\/cropped-apuntesdesanluis.png","contentUrl":"https:\/\/apuntesdesanluis.com\/wp-content\/uploads\/2023\/07\/cropped-apuntesdesanluis.png","width":450,"height":112,"caption":"apuntesdesanluis.com"},"logo":{"@id":"https:\/\/apuntesdesanluis.com\/#\/schema\/person\/image\/"},"sameAs":["https:\/\/apuntesdesanluis.com"],"url":"https:\/\/apuntesdesanluis.com\/index.php\/author\/apuntesdesanluis-com\/"}]}},"featured_image_urls":{"full":["https:\/\/apuntesdesanluis.com\/wp-content\/uploads\/2024\/11\/COMBI-TAPA.png",739,434,false],"thumbnail":["https:\/\/apuntesdesanluis.com\/wp-content\/uploads\/2024\/11\/COMBI-TAPA-150x150.png",150,150,true],"medium":["https:\/\/apuntesdesanluis.com\/wp-content\/uploads\/2024\/11\/COMBI-TAPA-300x176.png",300,176,true],"medium_large":["https:\/\/apuntesdesanluis.com\/wp-content\/uploads\/2024\/11\/COMBI-TAPA.png",640,376,false],"large":["https:\/\/apuntesdesanluis.com\/wp-content\/uploads\/2024\/11\/COMBI-TAPA.png",640,376,false],"1536x1536":["https:\/\/apuntesdesanluis.com\/wp-content\/uploads\/2024\/11\/COMBI-TAPA.png",739,434,false],"2048x2048":["https:\/\/apuntesdesanluis.com\/wp-content\/uploads\/2024\/11\/COMBI-TAPA.png",739,434,false],"newsever-slider-full":["https:\/\/apuntesdesanluis.com\/wp-content\/uploads\/2024\/11\/COMBI-TAPA.png",739,434,false],"newsever-featured":["https:\/\/apuntesdesanluis.com\/wp-content\/uploads\/2024\/11\/COMBI-TAPA.png",739,434,false],"newsever-medium":["https:\/\/apuntesdesanluis.com\/wp-content\/uploads\/2024\/11\/COMBI-TAPA-720x434.png",720,434,true]},"author_info":{"display_name":"apuntesdesanluis.com","author_link":"https:\/\/apuntesdesanluis.com\/index.php\/author\/apuntesdesanluis-com\/"},"category_info":"<a href=\"https:\/\/apuntesdesanluis.com\/index.php\/category\/nacionales-internacionales\/\" rel=\"category tag\">Nacionales\/Internacionales<\/a>","tag_info":"Nacionales\/Internacionales","comment_count":"0","_links":{"self":[{"href":"https:\/\/apuntesdesanluis.com\/index.php\/wp-json\/wp\/v2\/posts\/24777","targetHints":{"allow":["GET"]}}],"collection":[{"href":"https:\/\/apuntesdesanluis.com\/index.php\/wp-json\/wp\/v2\/posts"}],"about":[{"href":"https:\/\/apuntesdesanluis.com\/index.php\/wp-json\/wp\/v2\/types\/post"}],"author":[{"embeddable":true,"href":"https:\/\/apuntesdesanluis.com\/index.php\/wp-json\/wp\/v2\/users\/1"}],"replies":[{"embeddable":true,"href":"https:\/\/apuntesdesanluis.com\/index.php\/wp-json\/wp\/v2\/comments?post=24777"}],"version-history":[{"count":2,"href":"https:\/\/apuntesdesanluis.com\/index.php\/wp-json\/wp\/v2\/posts\/24777\/revisions"}],"predecessor-version":[{"id":24782,"href":"https:\/\/apuntesdesanluis.com\/index.php\/wp-json\/wp\/v2\/posts\/24777\/revisions\/24782"}],"wp:featuredmedia":[{"embeddable":true,"href":"https:\/\/apuntesdesanluis.com\/index.php\/wp-json\/wp\/v2\/media\/24778"}],"wp:attachment":[{"href":"https:\/\/apuntesdesanluis.com\/index.php\/wp-json\/wp\/v2\/media?parent=24777"}],"wp:term":[{"taxonomy":"category","embeddable":true,"href":"https:\/\/apuntesdesanluis.com\/index.php\/wp-json\/wp\/v2\/categories?post=24777"},{"taxonomy":"post_tag","embeddable":true,"href":"https:\/\/apuntesdesanluis.com\/index.php\/wp-json\/wp\/v2\/tags?post=24777"}],"curies":[{"name":"wp","href":"https:\/\/api.w.org\/{rel}","templated":true}]}}