{"id":24786,"date":"2024-11-03T12:31:14","date_gmt":"2024-11-03T15:31:14","guid":{"rendered":"https:\/\/apuntesdesanluis.com\/?p=24786"},"modified":"2024-11-03T20:02:43","modified_gmt":"2024-11-03T23:02:43","slug":"premio-a-la-derrota-todas-las-autoridades-del-renovado-partido-justicialista","status":"publish","type":"post","link":"https:\/\/apuntesdesanluis.com\/index.php\/2024\/11\/03\/premio-a-la-derrota-todas-las-autoridades-del-renovado-partido-justicialista\/","title":{"rendered":"PREMIO A LA DERROTA: TODAS LAS AUTORIDADES DEL \u201cRENOVADO\u201d PARTIDO JUSTICIALISTA"},"content":{"rendered":"<h3>Por <strong>Eduardo Gargiulo<\/strong><\/h3>\n<h3><\/h3>\n<h3>Finalmente <strong>Alberto Rodr\u00edguez Sa\u00e1<\/strong> consigui\u00f3 el objetivo de continuar conduciendo el <strong>Partido Justicialista<\/strong> de San Luis, por proclamaci\u00f3n, dado que no permiti\u00f3 la presentaci\u00f3n de una lista opositora.<\/h3>\n<h3><strong>\u201cLo que Quintela fue para Cristina, el Maxi fue para Rodr\u00edguez Sa\u00e1\u201d,<\/strong> compar\u00f3 con justeza un observador. En ambos casos, y con diferentes argumentos, el partido mayoritario rehuy\u00f3 el camino de la democracia electoral para \u201cir a los bifes\u201d.<\/h3>\n<h3>En el caso del intendente de Villa Mercedes, desde comienzos de a\u00f1o intent\u00f3 comenzar un armado propio en los diferentes departamentos, pero anoticiados de sus pretensiones, el tribunal de disciplina partidario le comenz\u00f3 a bajar candidatos a los hondazos.<\/h3>\n<h3><strong>\u201cEl partido soy yo, y tambi\u00e9n la renovaci\u00f3n<\/strong>\u201d, les dijo a sus \u00edntimos el ahora editor full time, como para que no quedaran dudas cu\u00e1n lejos est\u00e1 de iniciar los tr\u00e1mites en el Anses, como algunos le sugirieron.<\/h3>\n<h3>En el caso del gobernador de La Rioja, <strong>Ricardo Clemente Quintela<\/strong>, se le ocurri\u00f3 la peregrina idea de impulsar un \u201carmado m\u00e1s federal\u201d, en el que incluso embarc\u00f3 al propio Rodr\u00edguez Sa\u00e1. \u00c9ste sab\u00eda que iba a ser dif\u00edcil, pero le sirvi\u00f3 para desmarcarse del kirchnerismo (mala palabra, ahora). Y, de paso, aplic\u00f3 la misma receta que el veneno que prob\u00f3: se salte\u00f3 la interna.<\/h3>\n<h3><strong>&#8220;A m\u00ed Cristina (Fern\u00e1ndez de Kirchner) no me lidera&#8221;, <\/strong>hab\u00eda dicho el ex gobernador. Curiosamente, en adelante, deber\u00e1 convivir partidariamente con quien aborrece y a la que imita en su estilo.<\/h3>\n<h3>Sea como sea, el otrora poderoso Partido Justicialista hoy emerge como un cascar\u00f3n vac\u00edo. Apuesta a las mismas caras, muchas impresentables y que perdieron las \u00faltimas elecciones, para remontar un barrilete de plomo. <strong>Milei<\/strong>, chocho. <strong>Poggi<\/strong>, otro tanto.<\/h3>\n<h3>En el futuro cercano, ya con el cronograma electoral que comienza a masticarse, habr\u00e1 que ver si los aciertos de las gestiones nacional y provincial consolidan sus liderazgos, o permiten que crezcan aquellos dinosaurios que pugnan por no extinguirse.<\/h3>\n<p><img fetchpriority=\"high\" decoding=\"async\" class=\"wp-image-24813 aligncenter\" src=\"https:\/\/apuntesdesanluis.com\/wp-content\/uploads\/2024\/11\/sede-del-PJ-300x165.png\" alt=\"\" width=\"702\" height=\"386\" srcset=\"https:\/\/apuntesdesanluis.com\/wp-content\/uploads\/2024\/11\/sede-del-PJ-300x165.png 300w, https:\/\/apuntesdesanluis.com\/wp-content\/uploads\/2024\/11\/sede-del-PJ.png 739w\" sizes=\"(max-width: 702px) 100vw, 702px\" \/><\/p>\n<h3><strong>Apuntes de San Luis<\/strong>, libre de suscripciones odiosas, lo invita a repasar los nombres de las autoridades del justicialismo para los pr\u00f3ximos 4 a\u00f1os, que asumir\u00e1n el pr\u00f3ximo 1\u00b0 de diciembre:<\/h3>\n<h3><span style=\"color: #3366ff;\"><strong>CONSEJO PROVINCIAL DEL PJ<\/strong><\/span><\/h3>\n<h3>Presidente: Alberto Jos\u00e9 Rodr\u00edguez Sa\u00e1<\/h3>\n<h3>Vicepresidenta Primera: Mar\u00eda Eugenia Catalfamo<\/h3>\n<h3>Vicepresidente Segundo: Luis Marcelo Amitrano<\/h3>\n<h3>Vicepresidenta Tercera: Gloria Isabel Petrino<\/h3>\n<h3>Secretaria General: Silvia Sosa Araujo<\/h3>\n<h3>Secretaria de Capacidad Diferentes: Julieta Cristina Ponce<\/h3>\n<h3>Consejera Titular 1: Anabela Erica Lucero<\/h3>\n<h3>Consejero Titular 2: Juan Mart\u00edn Divizia<\/h3>\n<h3>Consejero Titular 3: Juve\u00edn Roberto Quiroga<\/h3>\n<h3>Consejera Titular 4: Gretel Tamara Cali Velasco<\/h3>\n<h3>Consejera Titular 5: Natalia Elizabeth Puertas<\/h3>\n<h3>Consejero Titular 6: Hugo Omar Olgu\u00edn<\/h3>\n<h3>Consejero Titular 7: Aldo Omar Assat<\/h3>\n<h3>Consejera Titular 8: Adriana Myriam Lucero<\/h3>\n<h3>Consejera Titular 9: Mirta Cristina Mobell\u00e1n<\/h3>\n<h3>Consejero Titular 10: Juan Claudio Latini<\/h3>\n<h3>Consejera Titular 11: Mar\u00eda Fernanda Spinuzza<\/h3>\n<h3>Consejero Titular 12: Sergio Ariel Moreyra<\/h3>\n<h3>Consejera Titular 13: Norma Lidia Villegas Dur\u00e1n<\/h3>\n<h3>Consejera Titular 14: Mar\u00eda Jos\u00e9 Zangl\u00e1 Urteaga<\/h3>\n<h3>Consejero Titular 15: Carlos Sergio Dacu\u00f1a<\/h3>\n<h3>Consejera Titular 16: Juan Domingo Garc\u00e9s<\/h3>\n<h3>Consejero Titular 17: Lucas Agust\u00edn Caymes<\/h3>\n<h3>Consejero Titular 18: Juan Ignacio Urteaga Su\u00f1er<\/h3>\n<h3><\/h3>\n<h3><span style=\"color: #3366ff;\"><strong>MESA EJECUTIVA DEL CONGRESO PROVINCIAL <\/strong><\/span><\/h3>\n<h3>Presidente: Zabala Chacur, Mar\u00eda Natalia (Pueyrred\u00f3n)<\/h3>\n<h3>Vicepresidente: Rodr\u00edguez Sa\u00e1, Alberto Jos\u00e9 (H) (Pueyrred\u00f3n)<\/h3>\n<h3>Vicepresidente 1\u00b0: Beltr\u00e1n, Joaqu\u00edn Ra\u00fal (Pedernera)<\/h3>\n<h3>Vicepresidente 2\u00b0: Hissa, V\u00edctor Hugo (Pringles)<\/h3>\n<h3>Vicepresidente 3\u00b0: Anzulovich, Miguel Sebasti\u00e1n (Pueyrred\u00f3n)<\/h3>\n<h3>Secretario 1: Mirabile Ochoa, Freddy (San Mart\u00edn)<\/h3>\n<h3>Secretario 2: Larroud\u00e9, Fernando Eduardo (Dupuy)<\/h3>\n<h3>Secretario 3: Delfino Ochoa, Carla Andrea (Chacabuco)<\/h3>\n<h3>Prosecretario: Guevara, Myriam Evangelina (Belgrano)<\/h3>\n<h3>Prosecretario: Galli, Ricardo N\u00e9stor (Jun\u00edn)<\/h3>\n<h3>Prosecretario: Ag\u00fcero, Anal\u00eda Mar\u00eda del Valle (Ayacucho)<\/h3>\n<h3><\/h3>\n<h3><span style=\"color: #3366ff;\"><strong>CONGRESALES NACIONALES <\/strong><\/span><\/h3>\n<h3>Congresal Nacional Titular 1: Rodr\u00edguez Sa\u00e1, Alberto Jos\u00e9<\/h3>\n<h3>Congresal Nacional Titular 2: Zabala Chacur, Mar\u00eda Natalia<\/h3>\n<h3>Congresal Nacional Titular 3: Rodr\u00edguez Sa\u00e1, Alberto Jos\u00e9 (H)<\/h3>\n<h3>Congresal Nacional Titular 4: Tamayo, Sergio Daniel<\/h3>\n<h3>Congresal Nacional Titular 5: Catalfamo, Mar\u00eda Eugenia<\/h3>\n<h3>Congresal Nacional Titular 6: Mazzina Gui\u00f1az\u00fa, Ximena Ayel\u00e9n<\/h3>\n<h3>Congresal Nacional Titular 7: Salino, Mar\u00eda Antonia<\/h3>\n<h3>Congresal Nacional Titular 8: Quiroga, Juve\u00edn Roberto<\/h3>\n<h3>Congresal Nacional Titular 9: Amitrano, Luis Marcelo<\/h3>\n<h3>Congresal Nacional Titular 10: Hissa, V\u00edctor Hugo<\/h3>\n<h3>Congresal Nacional Titular 11: Petrino, Gloria Isabel<\/h3>\n<h3>Congresal Nacional Titular 12: Zangl\u00e1 Urteaga, Mar\u00eda Jos\u00e9<\/h3>\n<h3>Congresal Nacional Titular 13: Lucero, \u00c9rica Anabela<\/h3>\n<h3>Congresal Nacional Titular 14: Vel\u00e1squez, N\u00e9lida Gloria<\/h3>\n<h3>Congresal Nacional Titular 15: Pereyra, Blanca Renee<\/h3>\n<h3>Congresal Nacional Titular 16: Fern\u00e1ndez, Jorge Omar<\/h3>\n<h3>Congresal Nacional Titular 17: Dacu\u00f1a, Carlos Sergio<\/h3>\n<h3>Congresal Nacional Titular 18: Maranguello, Pedro Carlos<\/h3>\n<h3>Congresal Nacional Titular 19: Ram\u00edrez, Cintia Marina<\/h3>\n<h3>Congresal Nacional Titular 20: Groezinger, Emilio Adolfo<\/h3>\n<h3>Congresal Nacional Titular 21: Guti\u00e9rrez, \u00c1ngela Del Carmen<\/h3>\n<h3><\/h3>\n<h3><span style=\"color: #3366ff;\"><strong>CONSEJO DEPARTAMENTAL PUEYRRED\u00d3N <\/strong><\/span><\/h3>\n<h3>Presidente: Tamayo, Sergio Daniel<\/h3>\n<h3>Vicepresidente Primero: Garc\u00eda, Manuel Facundo Martin<\/h3>\n<h3>Vicepresidente Segundo: Valdivielso, Mar\u00eda Isabel<\/h3>\n<h3>Secretario General: Rold\u00e1n, Roc\u00edo Muriel<\/h3>\n<h3>Vocal Titular 1: Rodr\u00edguez Iannello, Facundo Gabriel<\/h3>\n<h3>Vocal Titular 2: Mendoza, Florencia Gisella<\/h3>\n<h3>Vocal Titular 3: Soria, Arnaldo Am\u00e9rico<\/h3>\n<h3>Vocal Titular 4: Escudero, Mar\u00eda Laura<\/h3>\n<h3>Vocal Titular 5: Magallanes, Marcelo Daniel<\/h3>\n<h3>Vocal Titular 6: Rufino, Johana Jaqueline<\/h3>\n<h3>Vocal Titular 7: Fern\u00e1ndez, Jorge Ra\u00fal<\/h3>\n<h3>Vocal Titular 8: Gonz\u00e1lez, Laura Silvina<\/h3>\n<h3><\/h3>\n<h3><span style=\"color: #3366ff;\"><strong>CONSEJO DEPARTAMENTAL PEDERNERA <\/strong><\/span><\/h3>\n<h3>Presidente: Dom\u00ednguez, Ram\u00f3n Alfredo<\/h3>\n<h3>Vicepresidente Primero: Lucero, Virginia Soledad<\/h3>\n<h3>Vicepresidente Segundo: Isaguirre, Guillermo Ismael<\/h3>\n<h3>Secretario General: Pereyra, Blanca Renee<\/h3>\n<h3>Vocal Titular 1: Desotti, N\u00e9stor Daniel<\/h3>\n<h3>Vocal Titular 2: Albedro, Jonathan Mart\u00edn<\/h3>\n<h3>Vocal Titular 3: Tessi, Franca<\/h3>\n<h3>Vocal Titular 4: Parladorio, Virginia Esther<\/h3>\n<h3>Vocal Titular 5: Torres, Nadia Soledad<\/h3>\n<h3>Vocal Titular 6: Garmendia, Carlos Alejandro<\/h3>\n<h3>Vocal Titular 7: Salas, Claudio Ariel<\/h3>\n<h3>Vocal Titular 8: Pansa, Sonia Silvia<\/h3>\n<h3><\/h3>\n<h3><span style=\"color: #3366ff;\"><strong>CONSEJO DEPARTAMENTAL BELGRANO <\/strong><\/span><\/h3>\n<h3>Presidente: Yanz\u00f3n, Fernando Sebasti\u00e1n<\/h3>\n<h3>Vicepresidente Primero: Puertas Castillo, Marco Antonio<\/h3>\n<h3>Vicepresidente Segundo: G\u00f3mez, Dana Valeria<\/h3>\n<h3>Secretario General: Ferrer, Cristian Andr\u00e9s<\/h3>\n<h3>Vocal Titular 1: Pinelli, Claudia Mariela<\/h3>\n<h3>Vocal Titular 2: Calder\u00f3n, Rosa Beatriz del Valle<\/h3>\n<h3>Vocal Titular 3: Orozco, Claudia Nelva<\/h3>\n<h3>Vocal Titular 4: Mattuos, Patricia del Carmen<\/h3>\n<h3>Vocal Titular 5: Aguilar, Lucas Antonio<\/h3>\n<h3>Vocal Titular 6: Cacace Navarro, H\u00e9ctor Rafael<\/h3>\n<h3>Vocal Titular 7: Est\u00e9vez, Susana Etel<\/h3>\n<h3>Vocal Titular 8: Britos, Daniel Alberto<strong>\u00a0<\/strong><\/h3>\n<h3><span style=\"color: #3366ff;\"><strong>CONSEJO DEPARTAMENTAL CHACABUCO <\/strong><\/span><\/h3>\n<h3>Presidente: Peralta, Romina Jes\u00fas<\/h3>\n<h3>Vicepresidente Primero: Crespo, Leonardo Ariel<\/h3>\n<h3>Vicepresidente Segundo: Vieyra, Valeria Mar\u00eda Gaudelia<\/h3>\n<h3>Secretario General: Ochoa, Licia Yamila<\/h3>\n<h3>Vocal Titular 1: Ponce, Carlos Facundo<\/h3>\n<h3>Vocal Titular 2: P\u00e1ez, Daniela Soledad<\/h3>\n<h3>Vocal Titular 3: Pedernera, Jos\u00e9 Hip\u00f3lito<\/h3>\n<h3>Vocal Titular 4: Andrada, Claudia Susana<\/h3>\n<h3>Vocal Titular 5: Caba\u00f1a, Rodrigo Emmanuel<\/h3>\n<h3>Vocal Titular 6: Gim\u00e9nez, Gabriel<\/h3>\n<h3>Vocal Titular 7: Iglesias, Fabiola Natasha<\/h3>\n<h3>Vocal Titular 8: Giorgis, Aldo Humberto<\/h3>\n<h3><\/h3>\n<h3><span style=\"color: #3366ff;\"><strong>CONSEJO DEPARTAMENTAL SAN MART\u00cdN <\/strong><\/span><\/h3>\n<h3>Presidente: Mirabile Ochoa, Enzo Wilfredo<\/h3>\n<h3>Vicepresidente Primero: Cruz, Mariana Clarisa<\/h3>\n<h3>Vicepresidente Segundo: Palacios, Florencia Anabel<\/h3>\n<h3>Secretario General: S\u00e1nchez, Narciso Rub\u00e9n<\/h3>\n<h3>Vocal Titular 1: Mirabile Ochoa, Edgar Danilo<\/h3>\n<h3>Vocal Titular 2: Barroso, Rodrigo Javier<\/h3>\n<h3>Vocal Titular 3: Cruz, Ram\u00f3n Ezequiel<\/h3>\n<h3>Vocal Titular 4: Palacios, Luis Oscar<\/h3>\n<h3>Vocal Titular 5: D\u00edaz, Blanca Lidia<\/h3>\n<h3>Vocal Titular 6: Lucero, Claudia Johana<\/h3>\n<h3>Vocal Titular 7: Rojo, Jessica Roxana<\/h3>\n<h3>Vocal Titular 8: Quiroz, Gladis Elena<\/h3>\n<h3><\/h3>\n<h3><span style=\"color: #3366ff;\"><strong>CONSEJO DEPARTAMENTAL JUN\u00cdN <\/strong><\/span><\/h3>\n<h3>Presidente: Urquiza, H\u00e9ctor Aureliano<\/h3>\n<h3>Vicepresidente Primero: Contrera, Cesar Manuel<\/h3>\n<h3>Vicepresidente Segundo: Luna, Josefina Esther<\/h3>\n<h3>Secretario General: Tello, Mar\u00eda Susana<\/h3>\n<h3>Vocal Titular 1: Nievas, German Antonio<\/h3>\n<h3>Vocal Titular 2: Alaniz, Anah\u00ed Romina<\/h3>\n<h3>Vocal Titular 3: N\u00fa\u00f1ez, Cristina Del Valle<\/h3>\n<h3>Vocal Titular 4: Braun, Guillermo Rub\u00e9n<\/h3>\n<h3>Vocal Titular 5: Machado, Carlos Emiliano<\/h3>\n<h3>Vocal Titular 6: L\u00f3pez, Liliana Elisabeth<\/h3>\n<h3>Vocal Titular 7: Ciavatta, Romina Leonor<\/h3>\n<h3>Vocal Titular 8: Gonz\u00e1lez, Mariano Ignacio Emanuel<\/h3>\n<h3><\/h3>\n<h3><span style=\"color: #3366ff;\"><strong>CONSEJO DEPARTAMENTAL AYACUCHO <\/strong><\/span><\/h3>\n<h3>Presidente: \u00c1lvarez, Sergio Antonio<\/h3>\n<h3>Vicepresidente Primero: Lucero, Duilio Reynaldo<\/h3>\n<h3>Vicepresidente Segundo: Mart\u00ednez, Jos\u00e9 Alberto<\/h3>\n<h3>Secretario General: Salcedo, Lucia Alexandra<\/h3>\n<h3>Vocal Titular 1: Oros, Mar\u00eda Antonia<\/h3>\n<h3>Vocal Titular 2: Leyes, Carina Del Valle<\/h3>\n<h3>Vocal Titular 3: Ver\u00f3n, Carlos Edgardo<\/h3>\n<h3>Vocal Titular 4: Zavala, Gladys Raquel<\/h3>\n<h3>Vocal Titular 5: Britos, Manuel Antonio<\/h3>\n<h3>Vocal Titular 6: Lima, Claudia Mariel<\/h3>\n<h3>Vocal Titular 7: Ag\u00fcero, Milagros Bel\u00e9n<\/h3>\n<h3>Vocal Titular 8: Ortiz Alaniz, Claudio Miguel<strong>\u00a0<\/strong><\/h3>\n<h3><span style=\"color: #3366ff;\"><strong>CONSEJO DEPARTAMENTAL DUPUY <\/strong><\/span><\/h3>\n<h3>Presidente: Freixes, Diamela Roc\u00edo Edith<\/h3>\n<h3>Vicepresidente Primero: Figueroa, Jorge Ariel<\/h3>\n<h3>Vicepresidente Segundo: Dom\u00ednguez, Patricia Edit<\/h3>\n<h3>Secretario General: Cornara, Jordan Josu\u00e9<\/h3>\n<h3>Vocal Titular 1: Gatica, Diego Ra\u00fal<\/h3>\n<h3>Vocal Titular 2: Garc\u00eda, Mariela Daiana<\/h3>\n<h3>Vocal Titular 3: Gonz\u00e1lez Mart\u00ednez, Facundo Gabriel<\/h3>\n<h3>Vocal Titular 4: Lucero, Miguel \u00c1ngel<\/h3>\n<h3>Vocal Titular 5: Casta\u00f1eda, Viviana Anah\u00ed<\/h3>\n<h3>Vocal Titular 6: P\u00e9rez Figueroa, Agostina Mar\u00eda Ayel\u00e9n<\/h3>\n<h3>Vocal Titular 7: Garc\u00eda Montani, Miguel Arturo<\/h3>\n<h3>Vocal Titular 8: Serrano, Nelia Leticia<strong>\u00a0<\/strong><\/h3>\n<h3><span style=\"color: #3366ff;\"><strong>CONSEJO DEPARTAMENTAL PRINGLES <\/strong><\/span><\/h3>\n<h3>Presidente: Ali, Ernesto Nader<\/h3>\n<h3>Vicepresidente Primero: Sosa, Nahuel Maximiliano<\/h3>\n<h3>Vicepresidente Segundo: Becerra, Dania Jeanette<\/h3>\n<h3>Secretario General: Garoglio, Mayka Emmi<\/h3>\n<h3>Vocal Titular 1: Ceratto, Marcelo Dar\u00edo<\/h3>\n<h3>Vocal Titular 2: Sosa, Dominga Argentina<\/h3>\n<h3>Vocal Titular 3: Torres, Juan Alejandro<\/h3>\n<h3>Vocal Titular 4: Pizarro, Edith Alicia<\/h3>\n<h3>Vocal Titular 5: Marcos, Elizabeth Beatriz<\/h3>\n<h3>Vocal Titular 6: Castillo, V\u00edctor Horacio<\/h3>\n<h3>Vocal Titular 7: Quevedo, Mar\u00eda Cristina<\/h3>\n<h3>Vocal Titular 8: Rodr\u00edguez, Jos\u00e9 Manuel<\/h3>\n<h3><\/h3>\n<h3><span style=\"color: #3366ff;\"><strong>CONSEJO EJECUTIVO SAN LUIS <\/strong><\/span><\/h3>\n<h3>Presidente: Amieva P\u00e9rez, Jorge Ram\u00f3n<\/h3>\n<h3>Vicepresidente Primero: Vallejos, Marco Andr\u00e9s<\/h3>\n<h3>Vicepresidente Segundo: Gatica, Lorenza Elsa<\/h3>\n<h3>Secretario General: Silva, Ram\u00f3n Higinio<\/h3>\n<h3>Vocal Titular 1: Escudero, Susana Beatriz<\/h3>\n<h3>Vocal Titular 2: Flores, \u00c1ngel Santiago<\/h3>\n<h3>Vocal Titular 3: Zapata, Orlando Javier<\/h3>\n<h3>Vocal Titular 4: Guti\u00e9rrez, Rosa \u00c1ngela<\/h3>\n<h3>Vocal Titular 5: Reyes, Mirian Del Carmen<\/h3>\n<h3>Vocal Titular 6: Leiva, Mercedes Carina<\/h3>\n<h3>Vocal Titular 7: Rodr\u00edguez, Miguel \u00c1ngel<\/h3>\n<h3>Vocal Titular 8: G\u00f3mez, F\u00e1tima Soledad<\/h3>\n<h3><\/h3>\n<h3><span style=\"color: #3366ff;\"><strong>CONSEJO EJECUTIVO LA PUNTA<\/strong><\/span><\/h3>\n<h3>Presidente: Bast\u00edas Marino, Domingo Antonio Martin<\/h3>\n<h3>Vicepresidente Primero: Miotti, Leticia Viviana<\/h3>\n<h3>Vicepresidente Segundo: Spagnolo, Luis Alberto<\/h3>\n<h3>Secretario General: Dautorio, Daiana Yanina<\/h3>\n<h3>Vocal Titular 1: Contrera, Ra\u00fal Mariano<\/h3>\n<h3>Vocal Titular 2: Lazo Riquelme, Mat\u00edas Javier<\/h3>\n<h3>Vocal Titular 3: Trigo Robert, Federico Hern\u00e1n<\/h3>\n<h3>Vocal Titular 4: Reyero, Graciela Isabel<\/h3>\n<h3>Vocal Titular 5: Berdugo, Miguel Franco<\/h3>\n<h3>Vocal Titular 6: Barrera, Rebeca Olga Elizabeth<\/h3>\n<h3>Vocal Titular 7: Herrera, Valeria Silvana<\/h3>\n<h3>Vocal Titular 8: Bast\u00edas Molina, Camila Abigail<\/h3>\n<h3><\/h3>\n<h3><span style=\"color: #3366ff;\"><strong>CONSEJO EJECUTIVO JUANA KOSLAY <\/strong><\/span><\/h3>\n<h3>Presidente: Lucero, Guillermo Ra\u00fal Armando<\/h3>\n<h3>Vicepresidente Primero: Sangra, Gabriela Roxana<\/h3>\n<h3>Vicepresidente Segundo: Isaguirre, Yamila Marianela<\/h3>\n<h3>Secretario General: Dellafazia, Juan Ram\u00f3n<\/h3>\n<h3>Vocal Titular 1: Verna Grillo, Carlos Ignacio<\/h3>\n<h3>Vocal Titular 2: Romero, Lorena Paola<\/h3>\n<h3>Vocal Titular 3: Alcaraz, Ceferina Mabel<\/h3>\n<h3>Vocal Titular 4: Colombo, Fernando Antonio<\/h3>\n<h3>Vocal Titular 5: P\u00e9rez, Mario Gabriel<\/h3>\n<h3>Vocal Titular 6: Delpiano, Mariela Alexandra<\/h3>\n<h3>Vocal Titular 7: Villegas, Juan Ignacio<\/h3>\n<h3>Vocal Titular 8: Lucero, Adriana Soledad<\/h3>\n<h3><\/h3>\n<h3><span style=\"color: #3366ff;\"><strong>CONSEJO EJECUTIVO MERLO <\/strong><\/span><\/h3>\n<h3>Presidente: Su\u00e1rez, Gustavo Eduardo<\/h3>\n<h3>Vicepresidente Primero: Barroso, Mar\u00eda Jos\u00e9<\/h3>\n<h3>Vicepresidente Segundo: Morales, Mar\u00eda Virginia<\/h3>\n<h3>Secretario General: Figueroa, Susana Mariela<\/h3>\n<h3>Vocal Titular 1: P\u00e9rez, Jes\u00fas Alejandro<\/h3>\n<h3>Vocal Titular 2: Ciancio, Marco<\/h3>\n<h3>Vocal Titular 3: Pollo, Walter Vicente<\/h3>\n<h3>Vocal Titular 4: Niveiro, Claudia Patricia<\/h3>\n<h3>Vocal Titular 5: Ortiz, Emilse Rita<\/h3>\n<h3>Vocal Titular 6: N\u00fa\u00f1ez, Silvia Adriana<\/h3>\n<h3>Vocal Titular 7: Chaves, Ricardo<\/h3>\n<h3>Vocal Titular 8: Marino, Javier Rodrigo<strong>\u00a0<\/strong><\/h3>\n<h3><span style=\"color: #3366ff;\"><strong>CONSEJO EJECUTIVO JUSTO DARACT <\/strong><\/span><\/h3>\n<h3>Presidente: Ponce Arias, Mar\u00eda Ayel\u00e9n<\/h3>\n<h3>Vicepresidente Primero: Lucero, Claudia Alejandra<\/h3>\n<h3>Vicepresidente Segundo: Moure, Natalia Daiana<\/h3>\n<h3>Secretario General: Sacco, Sandro Juan<\/h3>\n<h3>Vocal Titular 1: Albornoz, Marcos Jordan<\/h3>\n<h3>Vocal Titular 2: Ingignioli, Pamela Luz<\/h3>\n<h3>Vocal Titular 3: Cansina, Mario Jes\u00fas<\/h3>\n<h3>Vocal Titular 4: Michis, Fabiana del Valle<\/h3>\n<h3>Vocal Titular 5: Fern\u00e1ndez, Diego Jos\u00e9<\/h3>\n<h3>Vocal Titular 6: Lucero, Marisa del Valle<\/h3>\n<h3>Vocal Titular 7: Carrera, Diego Adri\u00e1n<\/h3>\n<h3>Vocal Titular 8: Orellano, Pablo Daniel<\/h3>\n<p>&nbsp;<\/p>\n<p>&nbsp;<\/p>\n<p>&nbsp;<\/p>\n<p>&nbsp;<\/p>\n","protected":false},"excerpt":{"rendered":"<p>Por Eduardo Gargiulo Finalmente Alberto Rodr\u00edguez Sa\u00e1 consigui\u00f3 el objetivo de continuar conduciendo el Partido&#8230;<\/p>\n","protected":false},"author":1,"featured_media":24788,"comment_status":"closed","ping_status":"closed","sticky":false,"template":"","format":"standard","meta":{"footnotes":""},"categories":[9],"tags":[],"class_list":["post-24786","post","type-post","status-publish","format-standard","has-post-thumbnail","hentry","category-opinion"],"yoast_head":"<!-- This site is optimized with the Yoast SEO plugin v26.1.1 - https:\/\/yoast.com\/wordpress\/plugins\/seo\/ -->\n<title>PREMIO A LA DERROTA: TODAS LAS AUTORIDADES DEL \u201cRENOVADO\u201d PARTIDO JUSTICIALISTA - Apuntes de San Luis<\/title>\n<meta name=\"robots\" content=\"index, follow, max-snippet:-1, max-image-preview:large, max-video-preview:-1\" \/>\n<link rel=\"canonical\" href=\"https:\/\/apuntesdesanluis.com\/index.php\/2024\/11\/03\/premio-a-la-derrota-todas-las-autoridades-del-renovado-partido-justicialista\/\" \/>\n<meta property=\"og:locale\" content=\"es_ES\" \/>\n<meta property=\"og:type\" content=\"article\" \/>\n<meta property=\"og:title\" content=\"PREMIO A LA DERROTA: TODAS LAS AUTORIDADES DEL \u201cRENOVADO\u201d PARTIDO JUSTICIALISTA - Apuntes de San Luis\" \/>\n<meta property=\"og:description\" content=\"Por Eduardo Gargiulo Finalmente Alberto Rodr\u00edguez Sa\u00e1 consigui\u00f3 el objetivo de continuar conduciendo el Partido...\" \/>\n<meta property=\"og:url\" content=\"https:\/\/apuntesdesanluis.com\/index.php\/2024\/11\/03\/premio-a-la-derrota-todas-las-autoridades-del-renovado-partido-justicialista\/\" \/>\n<meta property=\"og:site_name\" content=\"Apuntes de San Luis\" \/>\n<meta property=\"article:published_time\" content=\"2024-11-03T15:31:14+00:00\" \/>\n<meta property=\"article:modified_time\" content=\"2024-11-03T23:02:43+00:00\" \/>\n<meta property=\"og:image\" content=\"https:\/\/apuntesdesanluis.com\/wp-content\/uploads\/2024\/11\/alberto-y-cristina.png\" \/>\n\t<meta property=\"og:image:width\" content=\"678\" \/>\n\t<meta property=\"og:image:height\" content=\"385\" \/>\n\t<meta property=\"og:image:type\" content=\"image\/png\" \/>\n<meta name=\"author\" content=\"apuntesdesanluis.com\" \/>\n<meta name=\"twitter:card\" content=\"summary_large_image\" \/>\n<meta name=\"twitter:label1\" content=\"Escrito por\" \/>\n\t<meta name=\"twitter:data1\" content=\"apuntesdesanluis.com\" \/>\n\t<meta name=\"twitter:label2\" content=\"Tiempo de lectura\" \/>\n\t<meta name=\"twitter:data2\" content=\"9 minutos\" \/>\n<script type=\"application\/ld+json\" class=\"yoast-schema-graph\">{\"@context\":\"https:\/\/schema.org\",\"@graph\":[{\"@type\":\"Article\",\"@id\":\"https:\/\/apuntesdesanluis.com\/index.php\/2024\/11\/03\/premio-a-la-derrota-todas-las-autoridades-del-renovado-partido-justicialista\/#article\",\"isPartOf\":{\"@id\":\"https:\/\/apuntesdesanluis.com\/index.php\/2024\/11\/03\/premio-a-la-derrota-todas-las-autoridades-del-renovado-partido-justicialista\/\"},\"author\":{\"name\":\"apuntesdesanluis.com\",\"@id\":\"https:\/\/apuntesdesanluis.com\/#\/schema\/person\/b55151d52296fcce64d1a72538a70b90\"},\"headline\":\"PREMIO A LA DERROTA: TODAS LAS AUTORIDADES DEL \u201cRENOVADO\u201d PARTIDO JUSTICIALISTA\",\"datePublished\":\"2024-11-03T15:31:14+00:00\",\"dateModified\":\"2024-11-03T23:02:43+00:00\",\"mainEntityOfPage\":{\"@id\":\"https:\/\/apuntesdesanluis.com\/index.php\/2024\/11\/03\/premio-a-la-derrota-todas-las-autoridades-del-renovado-partido-justicialista\/\"},\"wordCount\":1750,\"publisher\":{\"@id\":\"https:\/\/apuntesdesanluis.com\/#\/schema\/person\/b55151d52296fcce64d1a72538a70b90\"},\"image\":{\"@id\":\"https:\/\/apuntesdesanluis.com\/index.php\/2024\/11\/03\/premio-a-la-derrota-todas-las-autoridades-del-renovado-partido-justicialista\/#primaryimage\"},\"thumbnailUrl\":\"https:\/\/apuntesdesanluis.com\/wp-content\/uploads\/2024\/11\/alberto-y-cristina.png\",\"articleSection\":[\"Opini\u00f3n\"],\"inLanguage\":\"es-AR\"},{\"@type\":\"WebPage\",\"@id\":\"https:\/\/apuntesdesanluis.com\/index.php\/2024\/11\/03\/premio-a-la-derrota-todas-las-autoridades-del-renovado-partido-justicialista\/\",\"url\":\"https:\/\/apuntesdesanluis.com\/index.php\/2024\/11\/03\/premio-a-la-derrota-todas-las-autoridades-del-renovado-partido-justicialista\/\",\"name\":\"PREMIO A LA DERROTA: TODAS LAS AUTORIDADES DEL \u201cRENOVADO\u201d PARTIDO JUSTICIALISTA - Apuntes de San Luis\",\"isPartOf\":{\"@id\":\"https:\/\/apuntesdesanluis.com\/#website\"},\"primaryImageOfPage\":{\"@id\":\"https:\/\/apuntesdesanluis.com\/index.php\/2024\/11\/03\/premio-a-la-derrota-todas-las-autoridades-del-renovado-partido-justicialista\/#primaryimage\"},\"image\":{\"@id\":\"https:\/\/apuntesdesanluis.com\/index.php\/2024\/11\/03\/premio-a-la-derrota-todas-las-autoridades-del-renovado-partido-justicialista\/#primaryimage\"},\"thumbnailUrl\":\"https:\/\/apuntesdesanluis.com\/wp-content\/uploads\/2024\/11\/alberto-y-cristina.png\",\"datePublished\":\"2024-11-03T15:31:14+00:00\",\"dateModified\":\"2024-11-03T23:02:43+00:00\",\"breadcrumb\":{\"@id\":\"https:\/\/apuntesdesanluis.com\/index.php\/2024\/11\/03\/premio-a-la-derrota-todas-las-autoridades-del-renovado-partido-justicialista\/#breadcrumb\"},\"inLanguage\":\"es-AR\",\"potentialAction\":[{\"@type\":\"ReadAction\",\"target\":[\"https:\/\/apuntesdesanluis.com\/index.php\/2024\/11\/03\/premio-a-la-derrota-todas-las-autoridades-del-renovado-partido-justicialista\/\"]}]},{\"@type\":\"ImageObject\",\"inLanguage\":\"es-AR\",\"@id\":\"https:\/\/apuntesdesanluis.com\/index.php\/2024\/11\/03\/premio-a-la-derrota-todas-las-autoridades-del-renovado-partido-justicialista\/#primaryimage\",\"url\":\"https:\/\/apuntesdesanluis.com\/wp-content\/uploads\/2024\/11\/alberto-y-cristina.png\",\"contentUrl\":\"https:\/\/apuntesdesanluis.com\/wp-content\/uploads\/2024\/11\/alberto-y-cristina.png\",\"width\":678,\"height\":385},{\"@type\":\"BreadcrumbList\",\"@id\":\"https:\/\/apuntesdesanluis.com\/index.php\/2024\/11\/03\/premio-a-la-derrota-todas-las-autoridades-del-renovado-partido-justicialista\/#breadcrumb\",\"itemListElement\":[{\"@type\":\"ListItem\",\"position\":1,\"name\":\"Inicio\",\"item\":\"https:\/\/apuntesdesanluis.com\/\"},{\"@type\":\"ListItem\",\"position\":2,\"name\":\"PREMIO A LA DERROTA: TODAS LAS AUTORIDADES DEL \u201cRENOVADO\u201d PARTIDO JUSTICIALISTA\"}]},{\"@type\":\"WebSite\",\"@id\":\"https:\/\/apuntesdesanluis.com\/#website\",\"url\":\"https:\/\/apuntesdesanluis.com\/\",\"name\":\"Apuntes de San Luis\",\"description\":\"\",\"publisher\":{\"@id\":\"https:\/\/apuntesdesanluis.com\/#\/schema\/person\/b55151d52296fcce64d1a72538a70b90\"},\"potentialAction\":[{\"@type\":\"SearchAction\",\"target\":{\"@type\":\"EntryPoint\",\"urlTemplate\":\"https:\/\/apuntesdesanluis.com\/?s={search_term_string}\"},\"query-input\":{\"@type\":\"PropertyValueSpecification\",\"valueRequired\":true,\"valueName\":\"search_term_string\"}}],\"inLanguage\":\"es-AR\"},{\"@type\":[\"Person\",\"Organization\"],\"@id\":\"https:\/\/apuntesdesanluis.com\/#\/schema\/person\/b55151d52296fcce64d1a72538a70b90\",\"name\":\"apuntesdesanluis.com\",\"image\":{\"@type\":\"ImageObject\",\"inLanguage\":\"es-AR\",\"@id\":\"https:\/\/apuntesdesanluis.com\/#\/schema\/person\/image\/\",\"url\":\"https:\/\/apuntesdesanluis.com\/wp-content\/uploads\/2023\/07\/cropped-apuntesdesanluis.png\",\"contentUrl\":\"https:\/\/apuntesdesanluis.com\/wp-content\/uploads\/2023\/07\/cropped-apuntesdesanluis.png\",\"width\":450,\"height\":112,\"caption\":\"apuntesdesanluis.com\"},\"logo\":{\"@id\":\"https:\/\/apuntesdesanluis.com\/#\/schema\/person\/image\/\"},\"sameAs\":[\"https:\/\/apuntesdesanluis.com\"],\"url\":\"https:\/\/apuntesdesanluis.com\/index.php\/author\/apuntesdesanluis-com\/\"}]}<\/script>\n<!-- \/ Yoast SEO plugin. -->","yoast_head_json":{"title":"PREMIO A LA DERROTA: TODAS LAS AUTORIDADES DEL \u201cRENOVADO\u201d PARTIDO JUSTICIALISTA - Apuntes de San Luis","robots":{"index":"index","follow":"follow","max-snippet":"max-snippet:-1","max-image-preview":"max-image-preview:large","max-video-preview":"max-video-preview:-1"},"canonical":"https:\/\/apuntesdesanluis.com\/index.php\/2024\/11\/03\/premio-a-la-derrota-todas-las-autoridades-del-renovado-partido-justicialista\/","og_locale":"es_ES","og_type":"article","og_title":"PREMIO A LA DERROTA: TODAS LAS AUTORIDADES DEL \u201cRENOVADO\u201d PARTIDO JUSTICIALISTA - Apuntes de San Luis","og_description":"Por Eduardo Gargiulo Finalmente Alberto Rodr\u00edguez Sa\u00e1 consigui\u00f3 el objetivo de continuar conduciendo el Partido...","og_url":"https:\/\/apuntesdesanluis.com\/index.php\/2024\/11\/03\/premio-a-la-derrota-todas-las-autoridades-del-renovado-partido-justicialista\/","og_site_name":"Apuntes de San Luis","article_published_time":"2024-11-03T15:31:14+00:00","article_modified_time":"2024-11-03T23:02:43+00:00","og_image":[{"width":678,"height":385,"url":"https:\/\/apuntesdesanluis.com\/wp-content\/uploads\/2024\/11\/alberto-y-cristina.png","type":"image\/png"}],"author":"apuntesdesanluis.com","twitter_card":"summary_large_image","twitter_misc":{"Escrito por":"apuntesdesanluis.com","Tiempo de lectura":"9 minutos"},"schema":{"@context":"https:\/\/schema.org","@graph":[{"@type":"Article","@id":"https:\/\/apuntesdesanluis.com\/index.php\/2024\/11\/03\/premio-a-la-derrota-todas-las-autoridades-del-renovado-partido-justicialista\/#article","isPartOf":{"@id":"https:\/\/apuntesdesanluis.com\/index.php\/2024\/11\/03\/premio-a-la-derrota-todas-las-autoridades-del-renovado-partido-justicialista\/"},"author":{"name":"apuntesdesanluis.com","@id":"https:\/\/apuntesdesanluis.com\/#\/schema\/person\/b55151d52296fcce64d1a72538a70b90"},"headline":"PREMIO A LA DERROTA: TODAS LAS AUTORIDADES DEL \u201cRENOVADO\u201d PARTIDO JUSTICIALISTA","datePublished":"2024-11-03T15:31:14+00:00","dateModified":"2024-11-03T23:02:43+00:00","mainEntityOfPage":{"@id":"https:\/\/apuntesdesanluis.com\/index.php\/2024\/11\/03\/premio-a-la-derrota-todas-las-autoridades-del-renovado-partido-justicialista\/"},"wordCount":1750,"publisher":{"@id":"https:\/\/apuntesdesanluis.com\/#\/schema\/person\/b55151d52296fcce64d1a72538a70b90"},"image":{"@id":"https:\/\/apuntesdesanluis.com\/index.php\/2024\/11\/03\/premio-a-la-derrota-todas-las-autoridades-del-renovado-partido-justicialista\/#primaryimage"},"thumbnailUrl":"https:\/\/apuntesdesanluis.com\/wp-content\/uploads\/2024\/11\/alberto-y-cristina.png","articleSection":["Opini\u00f3n"],"inLanguage":"es-AR"},{"@type":"WebPage","@id":"https:\/\/apuntesdesanluis.com\/index.php\/2024\/11\/03\/premio-a-la-derrota-todas-las-autoridades-del-renovado-partido-justicialista\/","url":"https:\/\/apuntesdesanluis.com\/index.php\/2024\/11\/03\/premio-a-la-derrota-todas-las-autoridades-del-renovado-partido-justicialista\/","name":"PREMIO A LA DERROTA: TODAS LAS AUTORIDADES DEL \u201cRENOVADO\u201d PARTIDO JUSTICIALISTA - Apuntes de San Luis","isPartOf":{"@id":"https:\/\/apuntesdesanluis.com\/#website"},"primaryImageOfPage":{"@id":"https:\/\/apuntesdesanluis.com\/index.php\/2024\/11\/03\/premio-a-la-derrota-todas-las-autoridades-del-renovado-partido-justicialista\/#primaryimage"},"image":{"@id":"https:\/\/apuntesdesanluis.com\/index.php\/2024\/11\/03\/premio-a-la-derrota-todas-las-autoridades-del-renovado-partido-justicialista\/#primaryimage"},"thumbnailUrl":"https:\/\/apuntesdesanluis.com\/wp-content\/uploads\/2024\/11\/alberto-y-cristina.png","datePublished":"2024-11-03T15:31:14+00:00","dateModified":"2024-11-03T23:02:43+00:00","breadcrumb":{"@id":"https:\/\/apuntesdesanluis.com\/index.php\/2024\/11\/03\/premio-a-la-derrota-todas-las-autoridades-del-renovado-partido-justicialista\/#breadcrumb"},"inLanguage":"es-AR","potentialAction":[{"@type":"ReadAction","target":["https:\/\/apuntesdesanluis.com\/index.php\/2024\/11\/03\/premio-a-la-derrota-todas-las-autoridades-del-renovado-partido-justicialista\/"]}]},{"@type":"ImageObject","inLanguage":"es-AR","@id":"https:\/\/apuntesdesanluis.com\/index.php\/2024\/11\/03\/premio-a-la-derrota-todas-las-autoridades-del-renovado-partido-justicialista\/#primaryimage","url":"https:\/\/apuntesdesanluis.com\/wp-content\/uploads\/2024\/11\/alberto-y-cristina.png","contentUrl":"https:\/\/apuntesdesanluis.com\/wp-content\/uploads\/2024\/11\/alberto-y-cristina.png","width":678,"height":385},{"@type":"BreadcrumbList","@id":"https:\/\/apuntesdesanluis.com\/index.php\/2024\/11\/03\/premio-a-la-derrota-todas-las-autoridades-del-renovado-partido-justicialista\/#breadcrumb","itemListElement":[{"@type":"ListItem","position":1,"name":"Inicio","item":"https:\/\/apuntesdesanluis.com\/"},{"@type":"ListItem","position":2,"name":"PREMIO A LA DERROTA: TODAS LAS AUTORIDADES DEL \u201cRENOVADO\u201d PARTIDO JUSTICIALISTA"}]},{"@type":"WebSite","@id":"https:\/\/apuntesdesanluis.com\/#website","url":"https:\/\/apuntesdesanluis.com\/","name":"Apuntes de San Luis","description":"","publisher":{"@id":"https:\/\/apuntesdesanluis.com\/#\/schema\/person\/b55151d52296fcce64d1a72538a70b90"},"potentialAction":[{"@type":"SearchAction","target":{"@type":"EntryPoint","urlTemplate":"https:\/\/apuntesdesanluis.com\/?s={search_term_string}"},"query-input":{"@type":"PropertyValueSpecification","valueRequired":true,"valueName":"search_term_string"}}],"inLanguage":"es-AR"},{"@type":["Person","Organization"],"@id":"https:\/\/apuntesdesanluis.com\/#\/schema\/person\/b55151d52296fcce64d1a72538a70b90","name":"apuntesdesanluis.com","image":{"@type":"ImageObject","inLanguage":"es-AR","@id":"https:\/\/apuntesdesanluis.com\/#\/schema\/person\/image\/","url":"https:\/\/apuntesdesanluis.com\/wp-content\/uploads\/2023\/07\/cropped-apuntesdesanluis.png","contentUrl":"https:\/\/apuntesdesanluis.com\/wp-content\/uploads\/2023\/07\/cropped-apuntesdesanluis.png","width":450,"height":112,"caption":"apuntesdesanluis.com"},"logo":{"@id":"https:\/\/apuntesdesanluis.com\/#\/schema\/person\/image\/"},"sameAs":["https:\/\/apuntesdesanluis.com"],"url":"https:\/\/apuntesdesanluis.com\/index.php\/author\/apuntesdesanluis-com\/"}]}},"featured_image_urls":{"full":["https:\/\/apuntesdesanluis.com\/wp-content\/uploads\/2024\/11\/alberto-y-cristina.png",678,385,false],"thumbnail":["https:\/\/apuntesdesanluis.com\/wp-content\/uploads\/2024\/11\/alberto-y-cristina-150x150.png",150,150,true],"medium":["https:\/\/apuntesdesanluis.com\/wp-content\/uploads\/2024\/11\/alberto-y-cristina-300x170.png",300,170,true],"medium_large":["https:\/\/apuntesdesanluis.com\/wp-content\/uploads\/2024\/11\/alberto-y-cristina.png",640,363,false],"large":["https:\/\/apuntesdesanluis.com\/wp-content\/uploads\/2024\/11\/alberto-y-cristina.png",640,363,false],"1536x1536":["https:\/\/apuntesdesanluis.com\/wp-content\/uploads\/2024\/11\/alberto-y-cristina.png",678,385,false],"2048x2048":["https:\/\/apuntesdesanluis.com\/wp-content\/uploads\/2024\/11\/alberto-y-cristina.png",678,385,false],"newsever-slider-full":["https:\/\/apuntesdesanluis.com\/wp-content\/uploads\/2024\/11\/alberto-y-cristina.png",678,385,false],"newsever-featured":["https:\/\/apuntesdesanluis.com\/wp-content\/uploads\/2024\/11\/alberto-y-cristina.png",678,385,false],"newsever-medium":["https:\/\/apuntesdesanluis.com\/wp-content\/uploads\/2024\/11\/alberto-y-cristina.png",678,385,false]},"author_info":{"display_name":"apuntesdesanluis.com","author_link":"https:\/\/apuntesdesanluis.com\/index.php\/author\/apuntesdesanluis-com\/"},"category_info":"<a href=\"https:\/\/apuntesdesanluis.com\/index.php\/category\/opinion\/\" rel=\"category tag\">Opini\u00f3n<\/a>","tag_info":"Opini\u00f3n","comment_count":"0","_links":{"self":[{"href":"https:\/\/apuntesdesanluis.com\/index.php\/wp-json\/wp\/v2\/posts\/24786","targetHints":{"allow":["GET"]}}],"collection":[{"href":"https:\/\/apuntesdesanluis.com\/index.php\/wp-json\/wp\/v2\/posts"}],"about":[{"href":"https:\/\/apuntesdesanluis.com\/index.php\/wp-json\/wp\/v2\/types\/post"}],"author":[{"embeddable":true,"href":"https:\/\/apuntesdesanluis.com\/index.php\/wp-json\/wp\/v2\/users\/1"}],"replies":[{"embeddable":true,"href":"https:\/\/apuntesdesanluis.com\/index.php\/wp-json\/wp\/v2\/comments?post=24786"}],"version-history":[{"count":12,"href":"https:\/\/apuntesdesanluis.com\/index.php\/wp-json\/wp\/v2\/posts\/24786\/revisions"}],"predecessor-version":[{"id":24814,"href":"https:\/\/apuntesdesanluis.com\/index.php\/wp-json\/wp\/v2\/posts\/24786\/revisions\/24814"}],"wp:featuredmedia":[{"embeddable":true,"href":"https:\/\/apuntesdesanluis.com\/index.php\/wp-json\/wp\/v2\/media\/24788"}],"wp:attachment":[{"href":"https:\/\/apuntesdesanluis.com\/index.php\/wp-json\/wp\/v2\/media?parent=24786"}],"wp:term":[{"taxonomy":"category","embeddable":true,"href":"https:\/\/apuntesdesanluis.com\/index.php\/wp-json\/wp\/v2\/categories?post=24786"},{"taxonomy":"post_tag","embeddable":true,"href":"https:\/\/apuntesdesanluis.com\/index.php\/wp-json\/wp\/v2\/tags?post=24786"}],"curies":[{"name":"wp","href":"https:\/\/api.w.org\/{rel}","templated":true}]}}