{"id":24798,"date":"2024-11-03T13:03:06","date_gmt":"2024-11-03T16:03:06","guid":{"rendered":"https:\/\/apuntesdesanluis.com\/?p=24798"},"modified":"2024-11-03T13:03:06","modified_gmt":"2024-11-03T16:03:06","slug":"cual-es-el-verdadero-javier-milei","status":"publish","type":"post","link":"https:\/\/apuntesdesanluis.com\/index.php\/2024\/11\/03\/cual-es-el-verdadero-javier-milei\/","title":{"rendered":"\u00bfCU\u00c1L ES EL VERDADERO JAVIER MILEI?"},"content":{"rendered":"<h3>Por <span style=\"color: #3366ff;\">Joaqu\u00edn Morales Sol\u00e1 *<\/span><\/h3>\n<p><img fetchpriority=\"high\" decoding=\"async\" class=\"wp-image-24799 aligncenter\" src=\"https:\/\/apuntesdesanluis.com\/wp-content\/uploads\/2024\/11\/MORALES-SOLA-300x231.png\" alt=\"\" width=\"522\" height=\"402\" srcset=\"https:\/\/apuntesdesanluis.com\/wp-content\/uploads\/2024\/11\/MORALES-SOLA-300x231.png 300w, https:\/\/apuntesdesanluis.com\/wp-content\/uploads\/2024\/11\/MORALES-SOLA.png 467w\" sizes=\"(max-width: 522px) 100vw, 522px\" \/><\/p>\n<h3>La confusi\u00f3n se apoder\u00f3 de la pol\u00edtica. \u00bfQu\u00e9 hacer con Javier Milei cuando es el presidente que m\u00e1s apost\u00f3 por una econom\u00eda normal en un pa\u00eds hist\u00f3ricamente anormal? \u00bfQu\u00e9 hacer cuando, al mismo tiempo, es el jefe del Estado que, junto con Cristina Kirchner, menos respet\u00f3 las instituciones de la Constituci\u00f3n y m\u00e1s atac\u00f3 la libertad de prensa, a los medios period\u00edsticos y a los periodistas? Solo agravia a la prensa independiente; nunca habla de los medios con clara afinidad kirchnerista, como C5N o Radio 10, entre varios m\u00e1s.<\/h3>\n<h3>\u00bfLo hace porque siente un rencor infinito contra el periodismo independiente, por inexplicables prejuicios o por una simple estrategia para desprestigiar a la prensa? La respuesta de fuentes oficiales es siempre la misma, y es peor: esa guerra no terminar\u00e1 nunca, anuncian, hasta que el periodismo deje de hacer periodismo. \u201cEl cambio real llegar\u00e1 cuando el periodismo cambie\u201d, escucharon decir en di\u00e1logos cimeros. Los liberales, sobre todo, est\u00e1n desorientados. El Presidente liberal en el manejo de la econom\u00eda deja de serlo cuando se enfrenta con las instituciones de la Constituci\u00f3n, como lo son el Poder Judicial, el Poder Legislativo y la propia prensa. Ni \u00e9l ni sus funcionarios entendieron nunca que las formas y el contenido son igualmente importantes en un sistema democr\u00e1tico. Milei conoce de econom\u00eda, pero sabe muy poco de pol\u00edtica y de historia. Al rev\u00e9s de lo que \u00e9l dijo, Ra\u00fal Alfons\u00edn no pesific\u00f3 la deuda de nadie durante su mandato ni fue un golpista. M\u00e1s all\u00e1 de sus manejos de la econom\u00eda (muy bien contados por Juan Carlos Torre en Diario de una temporada en el quinto piso y por Pablo Gerchunoff en El hemisferio invertido), Alfons\u00edn debi\u00f3 reconstruir un sistema democr\u00e1tico \u2013y lo hizo no solo en el fondo, sino tambi\u00e9n en las formas\u2013 mientras heredaba de los militares un pa\u00eds en default con una deuda externa cercana a los 50.000 millones de d\u00f3lares, sin posibilidad de pagarla por el escaso nivel de las exportaciones argentinas de entonces. Esa cantidad de d\u00f3lares era much\u00edsimo dinero en aquella \u00e9poca, sobre todo para un pa\u00eds aislado por una reciente guerra perdida en el conf\u00edn del Atl\u00e1ntico Sur. El m\u00e9rito hist\u00f3rico de Alfons\u00edn fue haberles dado a los argentinos una noci\u00f3n de civilizaci\u00f3n pol\u00edtica y de respeto a sus instituciones. Recibi\u00f3, por eso, m\u00e1s de seis doctorados honoris causa en universidades de Estados Unidos y de Europa. Pero \u00bfqui\u00e9n le dijo a Milei que los radicales son mejores adversarios abroquelados contra \u00e9l que fracturados como ven\u00edan? En efecto, la alusi\u00f3n agraviante contra el expresidente radical uni\u00f3 en el acto lo que estaba dividido en el viejo partido que fund\u00f3 Alem. M\u00e1s grave a\u00fan: la revisi\u00f3n maniquea de la historia no puede ser una constante de la pol\u00edtica, porque ese manoseo del pasado com\u00fan fue perpetrado, con distintos sesgos ideol\u00f3gicos, tanto por la se\u00f1ora de Kirchner como por el actual presidente.<\/h3>\n<h3>\u00a0<img decoding=\"async\" class=\"wp-image-24801 aligncenter\" src=\"https:\/\/apuntesdesanluis.com\/wp-content\/uploads\/2024\/11\/milei-y-montino-300x199.png\" alt=\"\" width=\"720\" height=\"478\" srcset=\"https:\/\/apuntesdesanluis.com\/wp-content\/uploads\/2024\/11\/milei-y-montino-300x199.png 300w, https:\/\/apuntesdesanluis.com\/wp-content\/uploads\/2024\/11\/milei-y-montino.png 664w\" sizes=\"(max-width: 720px) 100vw, 720px\" \/><\/h3>\n<h3>Milei ten\u00eda derecho a prescindir de los servicios de quien era su canciller, Diana Mondino, pero no ten\u00eda derecho a despedirla como a una secretaria indolente. Mondino cuenta con una enorme trayectoria profesional y acad\u00e9mica que Milei debi\u00f3 respetar. El pretexto fue el voto argentino en la Asamblea de las Naciones Unidas a favor de una declaraci\u00f3n contra el embargo norteamericano a Cuba. Solo dos pa\u00edses votaron contra esa declaraci\u00f3n, Estados Unidos e Israel, pero la apoyaron desde la Hungr\u00eda del ultraderechista Viktor Orb\u00e1n hasta la Italia de Giorgia Meloni, pasando por el gobierno de Gran Breta\u00f1a, el aliado m\u00e1s coherente de los Estados Unidos en el mundo. Sucede que todos los pa\u00edses consideran que el pataleo cubano por el embargo es el mejor pretexto que tiene el r\u00e9gimen que incub\u00f3 Fidel Castro para justificar el fracaso de su gesti\u00f3n econ\u00f3mica. Javier Milei no ignoraba que la Argentina votar\u00eda de esa manera porque la Canciller\u00eda le hizo llegar en tiempo y forma todos los antecedentes y le adelant\u00f3 el voto. Una aclaraci\u00f3n importante: los embajadores no votan seg\u00fan sus ideas, sino seg\u00fan la indicaci\u00f3n precisa que reciben de sus gobiernos. El voto del embajador Ricardo Lagorio, representante argentino saliente en las Naciones Unidas, est\u00e1 entonces fuera de la discusi\u00f3n. Lagorio fue injustamente criticado por el mile\u00edsmo en los \u00faltimos d\u00edas. Es inadmisible, por eso, la auditor\u00eda ideol\u00f3gica que orden\u00f3 Milei entre los diplom\u00e1ticos argentinos. Tales inquisiciones son m\u00e1s propias del sovi\u00e9tico kirchnerismo que de gobernantes liberales. Las ideas diversas fueron siempre bienvenidas en la Canciller\u00eda, en tanto los diplom\u00e1ticos respetaran las instrucciones que reciben del gobierno. El responsable de la pol\u00edtica exterior es, en efecto, el presidente de la Naci\u00f3n.<\/h3>\n<h3>De acuerdo con fuentes diplom\u00e1ticas, la furia de Milei solo se podr\u00eda explicar si recibi\u00f3 una mala informaci\u00f3n sobre los antecedentes que envi\u00f3 Mondino a la Casa de Gobierno. Nadie sabe qui\u00e9n le dijo qu\u00e9 a Milei sobre Mondino, porque la canciller no habl\u00f3 directamente con el Presidente sobre el voto argentino en las Naciones Unidas. Ning\u00fan canciller hace eso. \u00bfJuguete\u00f3 Karina Milei para estropear la carrera de Mondino? Dicen que no, que ambas intercambiaron mensajes telef\u00f3nicos afectuosos en las \u00faltimas horas. \u00bfIntervino el poderos\u00edsimo asesor Santiago Caputo? Es probable, pero no seguro. Todos los gobiernos argentinos han votado a favor de esa clase de declaraciones esperando una ayuda de las Naciones Unidas para el reclamo argentino por las Malvinas. Todos han perdido el tiempo: el conflicto con Londres sobre esas islas cercanas al fin del mundo se resolver\u00e1 con los brit\u00e1nicos, no en asambleas de las Naciones Unidas. O no se resolver\u00e1 nunca. La Canciller\u00eda de Mondino preparaba un dur\u00edsimo informe sobre los derechos humanos en Cuba, asunto que examinar\u00e1n las Naciones Unidas en los pr\u00f3ximos d\u00edas. Sea como fuere, lo cierto es que Milei decidi\u00f3 prescindir de Mondino de mala manera justo cuando la canciller terminaba de enhebrar un acuerdo de libre comercio del Mercosur con pa\u00edses n\u00f3rdicos y se predispon\u00eda a firmar el 6 de diciembre pr\u00f3ximo otro tratado igual con los Emiratos \u00c1rabes. El respeto a las personas es tambi\u00e9n un atributo de los aut\u00e9nticos liberales.<\/h3>\n<h3>Ya fue una falta de respeto a la Corte Suprema que se nominara al juez federal Ariel Lijo para que la integrara, sobre todo porque Milei hab\u00eda recibido mensajes de los jueces supremos sobre qui\u00e9nes la deber\u00edan integrar. Esos mensajes no fueron iniciativa de los jueces, sino respuestas a preguntas precisas del Gobierno. Ning\u00fan juez de la Corte nombr\u00f3 nunca a Lijo, pero resultaba obvio que un candidato as\u00ed no es lo que esperaban en la cresta del Poder Judicial. Seg\u00fan informaci\u00f3n judicial y pol\u00edtica, la postulaci\u00f3n de Lijo est\u00e1 naufragando en un mar de negociaciones est\u00e9riles entre representantes de Milei y de Cristina Kirchner. Los votos que esta controla son imprescindibles para alcanzar los dos tercios del Senado, la mayor\u00eda especial que necesita el acuerdo senatorial para un eventual juez de la Corte. El peronismo cuenta con 33 senadores y se necesitan solo 25 para trabar los dos tercios. Todo dicho. Incluso, la lista de 149 jueces que el Gobierno enviar\u00e1 al Senado en los pr\u00f3ximos d\u00edas (los nombres de los propuestos no se conocen) no fue negociada con el peronismo ni con el radicalismo. A matar o morir, como suele decir Milei, en un giro dial\u00e9ctico que tambi\u00e9n lo asocia a Cristina Kirchner. Ella mandaba proyectos al Congreso con la instrucci\u00f3n de que no se cambiara ni una coma. A matar o morir, instru\u00eda a sus legisladores. Los dem\u00f3cratas no resuelven sus discordias contando los muertos.<\/h3>\n<h3>Milei desfila entre ovaciones recurrentes de los empresarios. El blanqueo est\u00e1 fortaleciendo las reservas de d\u00f3lares del Banco Central. Los hombres de negocios destacan tambi\u00e9n, y sobre todo, que el Gobierno alcanz\u00f3 r\u00e1pidamente el equilibrio fiscal y el ordenamiento monetario, y que logr\u00f3 bajar la inflaci\u00f3n. Los argentinos tienen que recurrir al diccionario cuando se les habla de equilibrio fiscal, simplemente porque nunca antes hab\u00edan escuchado hablar de eso, salvo entre los te\u00f3ricos de la econom\u00eda. Milei es el primer presidente de la nueva democracia argentina que sabe de econom\u00eda; los otros mandatarios ten\u00edan buenas o malas nociones, pero ninguno fue un especialista en la materia. El fuerte ajuste de Milei provoc\u00f3 una profunda recesi\u00f3n, pero la Bolsa de Comercio de Rosario asegur\u00f3 en los \u00faltimos d\u00edas que la recesi\u00f3n termin\u00f3 en marzo pasado. Esa misma certeza es la que expone el economista Fausto Spotorno, quien junto a su socio Orlando Ferreres suele medir con precisi\u00f3n la actividad de la econom\u00eda. Es cierto que el consumo, el comercio, los supermercados y las pymes siguen con la actividad estancada. No pasa lo mismo con el sector agropecuario (que est\u00e1 molesto por la baja de los precios internacionales y la indiferencia del oficialismo) y con la energ\u00eda, que se reactivaron desde marzo pasado. La restituci\u00f3n del cr\u00e9dito es una novedad en una econom\u00eda que vivi\u00f3 gran parte de los \u00faltimos a\u00f1os sin cr\u00e9dito. El cr\u00e9dito motoriz\u00f3, a su vez, las ventas de autos, de motos y de inmuebles. Falta todav\u00eda una readaptaci\u00f3n del sistema financiero a la nueva realidad, y falta, fundamentalmente, una decisi\u00f3n sobre el cepo al d\u00f3lar. Hay dos corrientes de economistas: una sostiene que las condiciones para salir del cepo est\u00e1n cerca y la otra propone un mayor fortalecimiento de la econom\u00eda para abandonar las restricciones en el mercado cambiario. Milei hab\u00eda prometido que saldr\u00eda del cepo a fines de este a\u00f1o, pero ahora los que conocen los secretos del mile\u00edsmo suponen que el cepo se quedar\u00e1 hasta despu\u00e9s de las elecciones legislativas del a\u00f1o pr\u00f3ximo. No hay caso: es un\u00e1nime en la pol\u00edtica argentina el terror a una corrida cambiaria.<\/h3>\n<h3>Los liberales y cualquier ser normal no saben qu\u00e9 hacer frente a un presidente tan aficionado a la paradoja. Liberalismo en lo econ\u00f3mico y autoritarismo en las cuestiones pol\u00edticas e institucionales, incluido el maltrato a las personas. \u00bfCu\u00e1l es el verdadero Milei? La incertidumbre es una de las pocas certezas.<\/h3>\n<h3><\/h3>\n<h3><strong>* Periodista (Publicado en La Naci\u00f3n)<\/strong><\/h3>\n<p>&nbsp;<\/p>\n<p>&nbsp;<\/p>\n<p>&nbsp;<\/p>\n","protected":false},"excerpt":{"rendered":"<p>Por Joaqu\u00edn Morales Sol\u00e1 * La confusi\u00f3n se apoder\u00f3 de la pol\u00edtica. \u00bfQu\u00e9 hacer con&#8230;<\/p>\n","protected":false},"author":1,"featured_media":24800,"comment_status":"closed","ping_status":"closed","sticky":false,"template":"","format":"standard","meta":{"footnotes":""},"categories":[9],"tags":[],"class_list":["post-24798","post","type-post","status-publish","format-standard","has-post-thumbnail","hentry","category-opinion"],"yoast_head":"<!-- This site is optimized with the Yoast SEO plugin v26.1.1 - https:\/\/yoast.com\/wordpress\/plugins\/seo\/ -->\n<title>\u00bfCU\u00c1L ES EL VERDADERO JAVIER MILEI? - Apuntes de San Luis<\/title>\n<meta name=\"robots\" content=\"index, follow, max-snippet:-1, max-image-preview:large, max-video-preview:-1\" \/>\n<link rel=\"canonical\" href=\"https:\/\/apuntesdesanluis.com\/index.php\/2024\/11\/03\/cual-es-el-verdadero-javier-milei\/\" \/>\n<meta property=\"og:locale\" content=\"es_ES\" \/>\n<meta property=\"og:type\" content=\"article\" \/>\n<meta property=\"og:title\" content=\"\u00bfCU\u00c1L ES EL VERDADERO JAVIER MILEI? - Apuntes de San Luis\" \/>\n<meta property=\"og:description\" content=\"Por Joaqu\u00edn Morales Sol\u00e1 * La confusi\u00f3n se apoder\u00f3 de la pol\u00edtica. \u00bfQu\u00e9 hacer con...\" \/>\n<meta property=\"og:url\" content=\"https:\/\/apuntesdesanluis.com\/index.php\/2024\/11\/03\/cual-es-el-verdadero-javier-milei\/\" \/>\n<meta property=\"og:site_name\" content=\"Apuntes de San Luis\" \/>\n<meta property=\"article:published_time\" content=\"2024-11-03T16:03:06+00:00\" \/>\n<meta property=\"og:image\" content=\"https:\/\/apuntesdesanluis.com\/wp-content\/uploads\/2024\/11\/milei-1.png\" \/>\n\t<meta property=\"og:image:width\" content=\"508\" \/>\n\t<meta property=\"og:image:height\" content=\"302\" \/>\n\t<meta property=\"og:image:type\" content=\"image\/png\" \/>\n<meta name=\"author\" content=\"apuntesdesanluis.com\" \/>\n<meta name=\"twitter:card\" content=\"summary_large_image\" \/>\n<meta name=\"twitter:label1\" content=\"Escrito por\" \/>\n\t<meta name=\"twitter:data1\" content=\"apuntesdesanluis.com\" \/>\n\t<meta name=\"twitter:label2\" content=\"Tiempo de lectura\" \/>\n\t<meta name=\"twitter:data2\" content=\"9 minutos\" \/>\n<script type=\"application\/ld+json\" class=\"yoast-schema-graph\">{\"@context\":\"https:\/\/schema.org\",\"@graph\":[{\"@type\":\"Article\",\"@id\":\"https:\/\/apuntesdesanluis.com\/index.php\/2024\/11\/03\/cual-es-el-verdadero-javier-milei\/#article\",\"isPartOf\":{\"@id\":\"https:\/\/apuntesdesanluis.com\/index.php\/2024\/11\/03\/cual-es-el-verdadero-javier-milei\/\"},\"author\":{\"name\":\"apuntesdesanluis.com\",\"@id\":\"https:\/\/apuntesdesanluis.com\/#\/schema\/person\/b55151d52296fcce64d1a72538a70b90\"},\"headline\":\"\u00bfCU\u00c1L ES EL VERDADERO JAVIER MILEI?\",\"datePublished\":\"2024-11-03T16:03:06+00:00\",\"mainEntityOfPage\":{\"@id\":\"https:\/\/apuntesdesanluis.com\/index.php\/2024\/11\/03\/cual-es-el-verdadero-javier-milei\/\"},\"wordCount\":1813,\"publisher\":{\"@id\":\"https:\/\/apuntesdesanluis.com\/#\/schema\/person\/b55151d52296fcce64d1a72538a70b90\"},\"image\":{\"@id\":\"https:\/\/apuntesdesanluis.com\/index.php\/2024\/11\/03\/cual-es-el-verdadero-javier-milei\/#primaryimage\"},\"thumbnailUrl\":\"https:\/\/apuntesdesanluis.com\/wp-content\/uploads\/2024\/11\/milei-1.png\",\"articleSection\":[\"Opini\u00f3n\"],\"inLanguage\":\"es-AR\"},{\"@type\":\"WebPage\",\"@id\":\"https:\/\/apuntesdesanluis.com\/index.php\/2024\/11\/03\/cual-es-el-verdadero-javier-milei\/\",\"url\":\"https:\/\/apuntesdesanluis.com\/index.php\/2024\/11\/03\/cual-es-el-verdadero-javier-milei\/\",\"name\":\"\u00bfCU\u00c1L ES EL VERDADERO JAVIER MILEI? - Apuntes de San Luis\",\"isPartOf\":{\"@id\":\"https:\/\/apuntesdesanluis.com\/#website\"},\"primaryImageOfPage\":{\"@id\":\"https:\/\/apuntesdesanluis.com\/index.php\/2024\/11\/03\/cual-es-el-verdadero-javier-milei\/#primaryimage\"},\"image\":{\"@id\":\"https:\/\/apuntesdesanluis.com\/index.php\/2024\/11\/03\/cual-es-el-verdadero-javier-milei\/#primaryimage\"},\"thumbnailUrl\":\"https:\/\/apuntesdesanluis.com\/wp-content\/uploads\/2024\/11\/milei-1.png\",\"datePublished\":\"2024-11-03T16:03:06+00:00\",\"breadcrumb\":{\"@id\":\"https:\/\/apuntesdesanluis.com\/index.php\/2024\/11\/03\/cual-es-el-verdadero-javier-milei\/#breadcrumb\"},\"inLanguage\":\"es-AR\",\"potentialAction\":[{\"@type\":\"ReadAction\",\"target\":[\"https:\/\/apuntesdesanluis.com\/index.php\/2024\/11\/03\/cual-es-el-verdadero-javier-milei\/\"]}]},{\"@type\":\"ImageObject\",\"inLanguage\":\"es-AR\",\"@id\":\"https:\/\/apuntesdesanluis.com\/index.php\/2024\/11\/03\/cual-es-el-verdadero-javier-milei\/#primaryimage\",\"url\":\"https:\/\/apuntesdesanluis.com\/wp-content\/uploads\/2024\/11\/milei-1.png\",\"contentUrl\":\"https:\/\/apuntesdesanluis.com\/wp-content\/uploads\/2024\/11\/milei-1.png\",\"width\":508,\"height\":302},{\"@type\":\"BreadcrumbList\",\"@id\":\"https:\/\/apuntesdesanluis.com\/index.php\/2024\/11\/03\/cual-es-el-verdadero-javier-milei\/#breadcrumb\",\"itemListElement\":[{\"@type\":\"ListItem\",\"position\":1,\"name\":\"Inicio\",\"item\":\"https:\/\/apuntesdesanluis.com\/\"},{\"@type\":\"ListItem\",\"position\":2,\"name\":\"\u00bfCU\u00c1L ES EL VERDADERO JAVIER MILEI?\"}]},{\"@type\":\"WebSite\",\"@id\":\"https:\/\/apuntesdesanluis.com\/#website\",\"url\":\"https:\/\/apuntesdesanluis.com\/\",\"name\":\"Apuntes de San Luis\",\"description\":\"\",\"publisher\":{\"@id\":\"https:\/\/apuntesdesanluis.com\/#\/schema\/person\/b55151d52296fcce64d1a72538a70b90\"},\"potentialAction\":[{\"@type\":\"SearchAction\",\"target\":{\"@type\":\"EntryPoint\",\"urlTemplate\":\"https:\/\/apuntesdesanluis.com\/?s={search_term_string}\"},\"query-input\":{\"@type\":\"PropertyValueSpecification\",\"valueRequired\":true,\"valueName\":\"search_term_string\"}}],\"inLanguage\":\"es-AR\"},{\"@type\":[\"Person\",\"Organization\"],\"@id\":\"https:\/\/apuntesdesanluis.com\/#\/schema\/person\/b55151d52296fcce64d1a72538a70b90\",\"name\":\"apuntesdesanluis.com\",\"image\":{\"@type\":\"ImageObject\",\"inLanguage\":\"es-AR\",\"@id\":\"https:\/\/apuntesdesanluis.com\/#\/schema\/person\/image\/\",\"url\":\"https:\/\/apuntesdesanluis.com\/wp-content\/uploads\/2023\/07\/cropped-apuntesdesanluis.png\",\"contentUrl\":\"https:\/\/apuntesdesanluis.com\/wp-content\/uploads\/2023\/07\/cropped-apuntesdesanluis.png\",\"width\":450,\"height\":112,\"caption\":\"apuntesdesanluis.com\"},\"logo\":{\"@id\":\"https:\/\/apuntesdesanluis.com\/#\/schema\/person\/image\/\"},\"sameAs\":[\"https:\/\/apuntesdesanluis.com\"],\"url\":\"https:\/\/apuntesdesanluis.com\/index.php\/author\/apuntesdesanluis-com\/\"}]}<\/script>\n<!-- \/ Yoast SEO plugin. -->","yoast_head_json":{"title":"\u00bfCU\u00c1L ES EL VERDADERO JAVIER MILEI? - Apuntes de San Luis","robots":{"index":"index","follow":"follow","max-snippet":"max-snippet:-1","max-image-preview":"max-image-preview:large","max-video-preview":"max-video-preview:-1"},"canonical":"https:\/\/apuntesdesanluis.com\/index.php\/2024\/11\/03\/cual-es-el-verdadero-javier-milei\/","og_locale":"es_ES","og_type":"article","og_title":"\u00bfCU\u00c1L ES EL VERDADERO JAVIER MILEI? - Apuntes de San Luis","og_description":"Por Joaqu\u00edn Morales Sol\u00e1 * La confusi\u00f3n se apoder\u00f3 de la pol\u00edtica. \u00bfQu\u00e9 hacer con...","og_url":"https:\/\/apuntesdesanluis.com\/index.php\/2024\/11\/03\/cual-es-el-verdadero-javier-milei\/","og_site_name":"Apuntes de San Luis","article_published_time":"2024-11-03T16:03:06+00:00","og_image":[{"width":508,"height":302,"url":"https:\/\/apuntesdesanluis.com\/wp-content\/uploads\/2024\/11\/milei-1.png","type":"image\/png"}],"author":"apuntesdesanluis.com","twitter_card":"summary_large_image","twitter_misc":{"Escrito por":"apuntesdesanluis.com","Tiempo de lectura":"9 minutos"},"schema":{"@context":"https:\/\/schema.org","@graph":[{"@type":"Article","@id":"https:\/\/apuntesdesanluis.com\/index.php\/2024\/11\/03\/cual-es-el-verdadero-javier-milei\/#article","isPartOf":{"@id":"https:\/\/apuntesdesanluis.com\/index.php\/2024\/11\/03\/cual-es-el-verdadero-javier-milei\/"},"author":{"name":"apuntesdesanluis.com","@id":"https:\/\/apuntesdesanluis.com\/#\/schema\/person\/b55151d52296fcce64d1a72538a70b90"},"headline":"\u00bfCU\u00c1L ES EL VERDADERO JAVIER MILEI?","datePublished":"2024-11-03T16:03:06+00:00","mainEntityOfPage":{"@id":"https:\/\/apuntesdesanluis.com\/index.php\/2024\/11\/03\/cual-es-el-verdadero-javier-milei\/"},"wordCount":1813,"publisher":{"@id":"https:\/\/apuntesdesanluis.com\/#\/schema\/person\/b55151d52296fcce64d1a72538a70b90"},"image":{"@id":"https:\/\/apuntesdesanluis.com\/index.php\/2024\/11\/03\/cual-es-el-verdadero-javier-milei\/#primaryimage"},"thumbnailUrl":"https:\/\/apuntesdesanluis.com\/wp-content\/uploads\/2024\/11\/milei-1.png","articleSection":["Opini\u00f3n"],"inLanguage":"es-AR"},{"@type":"WebPage","@id":"https:\/\/apuntesdesanluis.com\/index.php\/2024\/11\/03\/cual-es-el-verdadero-javier-milei\/","url":"https:\/\/apuntesdesanluis.com\/index.php\/2024\/11\/03\/cual-es-el-verdadero-javier-milei\/","name":"\u00bfCU\u00c1L ES EL VERDADERO JAVIER MILEI? - Apuntes de San Luis","isPartOf":{"@id":"https:\/\/apuntesdesanluis.com\/#website"},"primaryImageOfPage":{"@id":"https:\/\/apuntesdesanluis.com\/index.php\/2024\/11\/03\/cual-es-el-verdadero-javier-milei\/#primaryimage"},"image":{"@id":"https:\/\/apuntesdesanluis.com\/index.php\/2024\/11\/03\/cual-es-el-verdadero-javier-milei\/#primaryimage"},"thumbnailUrl":"https:\/\/apuntesdesanluis.com\/wp-content\/uploads\/2024\/11\/milei-1.png","datePublished":"2024-11-03T16:03:06+00:00","breadcrumb":{"@id":"https:\/\/apuntesdesanluis.com\/index.php\/2024\/11\/03\/cual-es-el-verdadero-javier-milei\/#breadcrumb"},"inLanguage":"es-AR","potentialAction":[{"@type":"ReadAction","target":["https:\/\/apuntesdesanluis.com\/index.php\/2024\/11\/03\/cual-es-el-verdadero-javier-milei\/"]}]},{"@type":"ImageObject","inLanguage":"es-AR","@id":"https:\/\/apuntesdesanluis.com\/index.php\/2024\/11\/03\/cual-es-el-verdadero-javier-milei\/#primaryimage","url":"https:\/\/apuntesdesanluis.com\/wp-content\/uploads\/2024\/11\/milei-1.png","contentUrl":"https:\/\/apuntesdesanluis.com\/wp-content\/uploads\/2024\/11\/milei-1.png","width":508,"height":302},{"@type":"BreadcrumbList","@id":"https:\/\/apuntesdesanluis.com\/index.php\/2024\/11\/03\/cual-es-el-verdadero-javier-milei\/#breadcrumb","itemListElement":[{"@type":"ListItem","position":1,"name":"Inicio","item":"https:\/\/apuntesdesanluis.com\/"},{"@type":"ListItem","position":2,"name":"\u00bfCU\u00c1L ES EL VERDADERO JAVIER MILEI?"}]},{"@type":"WebSite","@id":"https:\/\/apuntesdesanluis.com\/#website","url":"https:\/\/apuntesdesanluis.com\/","name":"Apuntes de San Luis","description":"","publisher":{"@id":"https:\/\/apuntesdesanluis.com\/#\/schema\/person\/b55151d52296fcce64d1a72538a70b90"},"potentialAction":[{"@type":"SearchAction","target":{"@type":"EntryPoint","urlTemplate":"https:\/\/apuntesdesanluis.com\/?s={search_term_string}"},"query-input":{"@type":"PropertyValueSpecification","valueRequired":true,"valueName":"search_term_string"}}],"inLanguage":"es-AR"},{"@type":["Person","Organization"],"@id":"https:\/\/apuntesdesanluis.com\/#\/schema\/person\/b55151d52296fcce64d1a72538a70b90","name":"apuntesdesanluis.com","image":{"@type":"ImageObject","inLanguage":"es-AR","@id":"https:\/\/apuntesdesanluis.com\/#\/schema\/person\/image\/","url":"https:\/\/apuntesdesanluis.com\/wp-content\/uploads\/2023\/07\/cropped-apuntesdesanluis.png","contentUrl":"https:\/\/apuntesdesanluis.com\/wp-content\/uploads\/2023\/07\/cropped-apuntesdesanluis.png","width":450,"height":112,"caption":"apuntesdesanluis.com"},"logo":{"@id":"https:\/\/apuntesdesanluis.com\/#\/schema\/person\/image\/"},"sameAs":["https:\/\/apuntesdesanluis.com"],"url":"https:\/\/apuntesdesanluis.com\/index.php\/author\/apuntesdesanluis-com\/"}]}},"featured_image_urls":{"full":["https:\/\/apuntesdesanluis.com\/wp-content\/uploads\/2024\/11\/milei-1.png",508,302,false],"thumbnail":["https:\/\/apuntesdesanluis.com\/wp-content\/uploads\/2024\/11\/milei-1-150x150.png",150,150,true],"medium":["https:\/\/apuntesdesanluis.com\/wp-content\/uploads\/2024\/11\/milei-1-300x178.png",300,178,true],"medium_large":["https:\/\/apuntesdesanluis.com\/wp-content\/uploads\/2024\/11\/milei-1.png",508,302,false],"large":["https:\/\/apuntesdesanluis.com\/wp-content\/uploads\/2024\/11\/milei-1.png",508,302,false],"1536x1536":["https:\/\/apuntesdesanluis.com\/wp-content\/uploads\/2024\/11\/milei-1.png",508,302,false],"2048x2048":["https:\/\/apuntesdesanluis.com\/wp-content\/uploads\/2024\/11\/milei-1.png",508,302,false],"newsever-slider-full":["https:\/\/apuntesdesanluis.com\/wp-content\/uploads\/2024\/11\/milei-1.png",508,302,false],"newsever-featured":["https:\/\/apuntesdesanluis.com\/wp-content\/uploads\/2024\/11\/milei-1.png",508,302,false],"newsever-medium":["https:\/\/apuntesdesanluis.com\/wp-content\/uploads\/2024\/11\/milei-1.png",508,302,false]},"author_info":{"display_name":"apuntesdesanluis.com","author_link":"https:\/\/apuntesdesanluis.com\/index.php\/author\/apuntesdesanluis-com\/"},"category_info":"<a href=\"https:\/\/apuntesdesanluis.com\/index.php\/category\/opinion\/\" rel=\"category tag\">Opini\u00f3n<\/a>","tag_info":"Opini\u00f3n","comment_count":"0","_links":{"self":[{"href":"https:\/\/apuntesdesanluis.com\/index.php\/wp-json\/wp\/v2\/posts\/24798","targetHints":{"allow":["GET"]}}],"collection":[{"href":"https:\/\/apuntesdesanluis.com\/index.php\/wp-json\/wp\/v2\/posts"}],"about":[{"href":"https:\/\/apuntesdesanluis.com\/index.php\/wp-json\/wp\/v2\/types\/post"}],"author":[{"embeddable":true,"href":"https:\/\/apuntesdesanluis.com\/index.php\/wp-json\/wp\/v2\/users\/1"}],"replies":[{"embeddable":true,"href":"https:\/\/apuntesdesanluis.com\/index.php\/wp-json\/wp\/v2\/comments?post=24798"}],"version-history":[{"count":1,"href":"https:\/\/apuntesdesanluis.com\/index.php\/wp-json\/wp\/v2\/posts\/24798\/revisions"}],"predecessor-version":[{"id":24802,"href":"https:\/\/apuntesdesanluis.com\/index.php\/wp-json\/wp\/v2\/posts\/24798\/revisions\/24802"}],"wp:featuredmedia":[{"embeddable":true,"href":"https:\/\/apuntesdesanluis.com\/index.php\/wp-json\/wp\/v2\/media\/24800"}],"wp:attachment":[{"href":"https:\/\/apuntesdesanluis.com\/index.php\/wp-json\/wp\/v2\/media?parent=24798"}],"wp:term":[{"taxonomy":"category","embeddable":true,"href":"https:\/\/apuntesdesanluis.com\/index.php\/wp-json\/wp\/v2\/categories?post=24798"},{"taxonomy":"post_tag","embeddable":true,"href":"https:\/\/apuntesdesanluis.com\/index.php\/wp-json\/wp\/v2\/tags?post=24798"}],"curies":[{"name":"wp","href":"https:\/\/api.w.org\/{rel}","templated":true}]}}