{"id":2482,"date":"2023-08-31T20:38:19","date_gmt":"2023-08-31T23:38:19","guid":{"rendered":"https:\/\/apuntesdesanluis.com\/?p=2482"},"modified":"2023-08-31T20:38:19","modified_gmt":"2023-08-31T23:38:19","slug":"inedita-operacion-de-correccion-de-neuralgias-en-el-hospital-central-dr-ramon-carrillo","status":"publish","type":"post","link":"https:\/\/apuntesdesanluis.com\/index.php\/2023\/08\/31\/inedita-operacion-de-correccion-de-neuralgias-en-el-hospital-central-dr-ramon-carrillo\/","title":{"rendered":"IN\u00c9DITA OPERACI\u00d3N DE CORRECCI\u00d3N DE NEURALGIAS EN EL HOSPITAL CENTRAL \u201cDR. RAM\u00d3N CARRILLO\u201d"},"content":{"rendered":"<h3 class=\"yiv7409174924ydp6329976emsonormal\" style=\"background: white;\"><span style=\"font-family: 'Arial','sans-serif'; color: #1d2228;\">La intervenci\u00f3n tuvo un alto nivel de complejidad, y permite reducir la medicaci\u00f3n en los pacientes que sufren esta patolog\u00eda eliminando el dolor facial que \u00e9sta genera. El paciente respondi\u00f3 muy bien al posoperatorio.<\/span><\/h3>\n<h3 class=\"yiv7409174924ydp6329976emsonormal\" style=\"background: white;\"><span style=\"font-family: 'Arial','sans-serif'; color: #1d2228;\">La neuralgia del trig\u00e9mino es una patolog\u00eda que afecta a partir de la quinta d\u00e9cada de vida siendo muy invalidante, generando dolor t\u00edpico en la mitad de la cara y limitando a las personas en actividades cotidianas como comer o lavarse los dientes. Es por ello que, desde el equipo de neurocirug\u00eda del HCRC, se le propuso a un paciente una operaci\u00f3n descompresiva neurovascular del nervio trig\u00e9mino, la cual tuvo excelentes resultados.<\/span><\/h3>\n<h3 class=\"yiv7409174924ydp6329976emsonormal\" style=\"background: white;\"><span style=\"font-family: 'Arial','sans-serif'; color: #1d2228;\">\u201cEl paciente llevaba m\u00e1s de 10 a\u00f1os con dolor, y ya no estaba respondiendo al tratamiento m\u00e9dico y hab\u00eda alcanzado dosis m\u00e1ximas y plenas. Nosotros le hicimos la resonancia de alta calidad, de alto campo y pudimos ver que presentaba ese conflicto neurovascular. Le propusimos la cirug\u00eda y lo pudimos desarrollar ac\u00e1 en el hospital satisfactoriamente\u201d, manifest\u00f3 <strong>Maximiliano Toscano<\/strong>, coordinador general de neurocirug\u00eda.<\/span><\/h3>\n<p><iframe title=\"In\u00e9dita operaci\u00f3n de correcci\u00f3n de neuralgias en el Hospital Central &quot;Dr  Ram\u00f3n Carrillo&quot;\" width=\"640\" height=\"360\" src=\"https:\/\/www.youtube.com\/embed\/tMJo00FRBHg?feature=oembed\" frameborder=\"0\" allow=\"accelerometer; autoplay; clipboard-write; encrypted-media; gyroscope; picture-in-picture; web-share\" referrerpolicy=\"strict-origin-when-cross-origin\" allowfullscreen><\/iframe><\/p>\n<h3 class=\"yiv7409174924ydp6329976emsonormal\" style=\"background: white;\"><span style=\"font-family: 'Arial','sans-serif'; color: #1d2228;\">Este tipo de operaciones, que duran entre 3 a 4 horas, tiene su grado de complejidad, dada la zona donde se interviene. Por los nervios pares craneales, nervios trig\u00e9minos, nervios faciales y donde nace el tronco encef\u00e1lico, que es la zona donde se coordinan todas las funciones primordiales del cuerpo y a la vez se manipulan arterias delicadas. \u201cEs una propuesta terap\u00e9utica para uno de los dolores cl\u00e1sicos m\u00e1s frecuentes a nivel del cef\u00e1lico, y una herramienta m\u00e1s con la cual cuenta la provincia de San Luis\u201d, celebr\u00f3 Toscano.<\/span><\/h3>\n<h3 class=\"yiv7409174924ydp6329976emsonormal\" style=\"background: white;\"><span style=\"font-family: 'Arial','sans-serif'; color: #1d2228;\">El paciente evolucion\u00f3 favorablemente y los resultados se evidenciaron enseguida. \u201cEl paciente despert\u00f3 de la cirug\u00eda sin dolor, y a las primeras 24 horas ya empezamos a bajarle los medicamentos que \u00e9l ten\u00eda previamente. B\u00e1sicamente hoy est\u00e1 a la mitad de la medicaci\u00f3n, y sin dolor que es lo principal\u201d, coment\u00f3 Toscano.<\/span><\/h3>\n<h3 class=\"yiv7409174924ydp6329976emsonormal\" style=\"background: white;\"><span style=\"font-family: 'Arial','sans-serif'; color: #1d2228;\">A partir de este antecedente, el Hospital Central \u201cDr. Ram\u00f3n Carrillo\u201d cuenta con una nueva posibilidad para los pacientes. \u201cEs una herramienta m\u00e1s dentro del arsenal que tenemos como m\u00e9dicos, pero que b\u00e1sicamente al paciente se les alivia el dolor, y la gran mayor\u00eda quedan sin medicamentos. Entonces es una mejora en la calidad de vida del paciente\u201d, cerr\u00f3 el doctor Toscano.<\/span><\/h3>\n","protected":false},"excerpt":{"rendered":"<p>La intervenci\u00f3n tuvo un alto nivel de complejidad, y permite reducir la medicaci\u00f3n en los&#8230;<\/p>\n","protected":false},"author":1,"featured_media":2483,"comment_status":"closed","ping_status":"closed","sticky":false,"template":"","format":"standard","meta":{"footnotes":""},"categories":[6],"tags":[],"class_list":["post-2482","post","type-post","status-publish","format-standard","has-post-thumbnail","hentry","category-ciudad-provincia"],"yoast_head":"<!-- This site is optimized with the Yoast SEO plugin v26.1.1 - https:\/\/yoast.com\/wordpress\/plugins\/seo\/ -->\n<title>IN\u00c9DITA OPERACI\u00d3N DE CORRECCI\u00d3N DE NEURALGIAS EN EL HOSPITAL CENTRAL \u201cDR. RAM\u00d3N CARRILLO\u201d - Apuntes de San Luis<\/title>\n<meta name=\"robots\" content=\"index, follow, max-snippet:-1, max-image-preview:large, max-video-preview:-1\" \/>\n<link rel=\"canonical\" href=\"https:\/\/apuntesdesanluis.com\/index.php\/2023\/08\/31\/inedita-operacion-de-correccion-de-neuralgias-en-el-hospital-central-dr-ramon-carrillo\/\" \/>\n<meta property=\"og:locale\" content=\"es_ES\" \/>\n<meta property=\"og:type\" content=\"article\" \/>\n<meta property=\"og:title\" content=\"IN\u00c9DITA OPERACI\u00d3N DE CORRECCI\u00d3N DE NEURALGIAS EN EL HOSPITAL CENTRAL \u201cDR. RAM\u00d3N CARRILLO\u201d - Apuntes de San Luis\" \/>\n<meta property=\"og:description\" content=\"La intervenci\u00f3n tuvo un alto nivel de complejidad, y permite reducir la medicaci\u00f3n en los...\" \/>\n<meta property=\"og:url\" content=\"https:\/\/apuntesdesanluis.com\/index.php\/2023\/08\/31\/inedita-operacion-de-correccion-de-neuralgias-en-el-hospital-central-dr-ramon-carrillo\/\" \/>\n<meta property=\"og:site_name\" content=\"Apuntes de San Luis\" \/>\n<meta property=\"article:published_time\" content=\"2023-08-31T23:38:19+00:00\" \/>\n<meta property=\"og:image\" content=\"https:\/\/apuntesdesanluis.com\/wp-content\/uploads\/2023\/08\/Inedita-operacion.jpg\" \/>\n\t<meta property=\"og:image:width\" content=\"592\" \/>\n\t<meta property=\"og:image:height\" content=\"381\" \/>\n\t<meta property=\"og:image:type\" content=\"image\/jpeg\" \/>\n<meta name=\"author\" content=\"apuntesdesanluis.com\" \/>\n<meta name=\"twitter:card\" content=\"summary_large_image\" \/>\n<meta name=\"twitter:label1\" content=\"Escrito por\" \/>\n\t<meta name=\"twitter:data1\" content=\"apuntesdesanluis.com\" \/>\n\t<meta name=\"twitter:label2\" content=\"Tiempo de lectura\" \/>\n\t<meta name=\"twitter:data2\" content=\"2 minutos\" \/>\n<script type=\"application\/ld+json\" class=\"yoast-schema-graph\">{\"@context\":\"https:\/\/schema.org\",\"@graph\":[{\"@type\":\"Article\",\"@id\":\"https:\/\/apuntesdesanluis.com\/index.php\/2023\/08\/31\/inedita-operacion-de-correccion-de-neuralgias-en-el-hospital-central-dr-ramon-carrillo\/#article\",\"isPartOf\":{\"@id\":\"https:\/\/apuntesdesanluis.com\/index.php\/2023\/08\/31\/inedita-operacion-de-correccion-de-neuralgias-en-el-hospital-central-dr-ramon-carrillo\/\"},\"author\":{\"name\":\"apuntesdesanluis.com\",\"@id\":\"https:\/\/apuntesdesanluis.com\/#\/schema\/person\/b55151d52296fcce64d1a72538a70b90\"},\"headline\":\"IN\u00c9DITA OPERACI\u00d3N DE CORRECCI\u00d3N DE NEURALGIAS EN EL HOSPITAL CENTRAL \u201cDR. RAM\u00d3N CARRILLO\u201d\",\"datePublished\":\"2023-08-31T23:38:19+00:00\",\"mainEntityOfPage\":{\"@id\":\"https:\/\/apuntesdesanluis.com\/index.php\/2023\/08\/31\/inedita-operacion-de-correccion-de-neuralgias-en-el-hospital-central-dr-ramon-carrillo\/\"},\"wordCount\":425,\"publisher\":{\"@id\":\"https:\/\/apuntesdesanluis.com\/#\/schema\/person\/b55151d52296fcce64d1a72538a70b90\"},\"image\":{\"@id\":\"https:\/\/apuntesdesanluis.com\/index.php\/2023\/08\/31\/inedita-operacion-de-correccion-de-neuralgias-en-el-hospital-central-dr-ramon-carrillo\/#primaryimage\"},\"thumbnailUrl\":\"https:\/\/apuntesdesanluis.com\/wp-content\/uploads\/2023\/08\/Inedita-operacion.jpg\",\"articleSection\":[\"Ciudad\/Provincia\"],\"inLanguage\":\"es-AR\"},{\"@type\":\"WebPage\",\"@id\":\"https:\/\/apuntesdesanluis.com\/index.php\/2023\/08\/31\/inedita-operacion-de-correccion-de-neuralgias-en-el-hospital-central-dr-ramon-carrillo\/\",\"url\":\"https:\/\/apuntesdesanluis.com\/index.php\/2023\/08\/31\/inedita-operacion-de-correccion-de-neuralgias-en-el-hospital-central-dr-ramon-carrillo\/\",\"name\":\"IN\u00c9DITA OPERACI\u00d3N DE CORRECCI\u00d3N DE NEURALGIAS EN EL HOSPITAL CENTRAL \u201cDR. RAM\u00d3N CARRILLO\u201d - Apuntes de San Luis\",\"isPartOf\":{\"@id\":\"https:\/\/apuntesdesanluis.com\/#website\"},\"primaryImageOfPage\":{\"@id\":\"https:\/\/apuntesdesanluis.com\/index.php\/2023\/08\/31\/inedita-operacion-de-correccion-de-neuralgias-en-el-hospital-central-dr-ramon-carrillo\/#primaryimage\"},\"image\":{\"@id\":\"https:\/\/apuntesdesanluis.com\/index.php\/2023\/08\/31\/inedita-operacion-de-correccion-de-neuralgias-en-el-hospital-central-dr-ramon-carrillo\/#primaryimage\"},\"thumbnailUrl\":\"https:\/\/apuntesdesanluis.com\/wp-content\/uploads\/2023\/08\/Inedita-operacion.jpg\",\"datePublished\":\"2023-08-31T23:38:19+00:00\",\"breadcrumb\":{\"@id\":\"https:\/\/apuntesdesanluis.com\/index.php\/2023\/08\/31\/inedita-operacion-de-correccion-de-neuralgias-en-el-hospital-central-dr-ramon-carrillo\/#breadcrumb\"},\"inLanguage\":\"es-AR\",\"potentialAction\":[{\"@type\":\"ReadAction\",\"target\":[\"https:\/\/apuntesdesanluis.com\/index.php\/2023\/08\/31\/inedita-operacion-de-correccion-de-neuralgias-en-el-hospital-central-dr-ramon-carrillo\/\"]}]},{\"@type\":\"ImageObject\",\"inLanguage\":\"es-AR\",\"@id\":\"https:\/\/apuntesdesanluis.com\/index.php\/2023\/08\/31\/inedita-operacion-de-correccion-de-neuralgias-en-el-hospital-central-dr-ramon-carrillo\/#primaryimage\",\"url\":\"https:\/\/apuntesdesanluis.com\/wp-content\/uploads\/2023\/08\/Inedita-operacion.jpg\",\"contentUrl\":\"https:\/\/apuntesdesanluis.com\/wp-content\/uploads\/2023\/08\/Inedita-operacion.jpg\",\"width\":592,\"height\":381},{\"@type\":\"BreadcrumbList\",\"@id\":\"https:\/\/apuntesdesanluis.com\/index.php\/2023\/08\/31\/inedita-operacion-de-correccion-de-neuralgias-en-el-hospital-central-dr-ramon-carrillo\/#breadcrumb\",\"itemListElement\":[{\"@type\":\"ListItem\",\"position\":1,\"name\":\"Inicio\",\"item\":\"https:\/\/apuntesdesanluis.com\/\"},{\"@type\":\"ListItem\",\"position\":2,\"name\":\"IN\u00c9DITA OPERACI\u00d3N DE CORRECCI\u00d3N DE NEURALGIAS EN EL HOSPITAL CENTRAL \u201cDR. RAM\u00d3N CARRILLO\u201d\"}]},{\"@type\":\"WebSite\",\"@id\":\"https:\/\/apuntesdesanluis.com\/#website\",\"url\":\"https:\/\/apuntesdesanluis.com\/\",\"name\":\"Apuntes de San Luis\",\"description\":\"\",\"publisher\":{\"@id\":\"https:\/\/apuntesdesanluis.com\/#\/schema\/person\/b55151d52296fcce64d1a72538a70b90\"},\"potentialAction\":[{\"@type\":\"SearchAction\",\"target\":{\"@type\":\"EntryPoint\",\"urlTemplate\":\"https:\/\/apuntesdesanluis.com\/?s={search_term_string}\"},\"query-input\":{\"@type\":\"PropertyValueSpecification\",\"valueRequired\":true,\"valueName\":\"search_term_string\"}}],\"inLanguage\":\"es-AR\"},{\"@type\":[\"Person\",\"Organization\"],\"@id\":\"https:\/\/apuntesdesanluis.com\/#\/schema\/person\/b55151d52296fcce64d1a72538a70b90\",\"name\":\"apuntesdesanluis.com\",\"image\":{\"@type\":\"ImageObject\",\"inLanguage\":\"es-AR\",\"@id\":\"https:\/\/apuntesdesanluis.com\/#\/schema\/person\/image\/\",\"url\":\"https:\/\/apuntesdesanluis.com\/wp-content\/uploads\/2023\/07\/cropped-apuntesdesanluis.png\",\"contentUrl\":\"https:\/\/apuntesdesanluis.com\/wp-content\/uploads\/2023\/07\/cropped-apuntesdesanluis.png\",\"width\":450,\"height\":112,\"caption\":\"apuntesdesanluis.com\"},\"logo\":{\"@id\":\"https:\/\/apuntesdesanluis.com\/#\/schema\/person\/image\/\"},\"sameAs\":[\"https:\/\/apuntesdesanluis.com\"],\"url\":\"https:\/\/apuntesdesanluis.com\/index.php\/author\/apuntesdesanluis-com\/\"}]}<\/script>\n<!-- \/ Yoast SEO plugin. -->","yoast_head_json":{"title":"IN\u00c9DITA OPERACI\u00d3N DE CORRECCI\u00d3N DE NEURALGIAS EN EL HOSPITAL CENTRAL \u201cDR. RAM\u00d3N CARRILLO\u201d - Apuntes de San Luis","robots":{"index":"index","follow":"follow","max-snippet":"max-snippet:-1","max-image-preview":"max-image-preview:large","max-video-preview":"max-video-preview:-1"},"canonical":"https:\/\/apuntesdesanluis.com\/index.php\/2023\/08\/31\/inedita-operacion-de-correccion-de-neuralgias-en-el-hospital-central-dr-ramon-carrillo\/","og_locale":"es_ES","og_type":"article","og_title":"IN\u00c9DITA OPERACI\u00d3N DE CORRECCI\u00d3N DE NEURALGIAS EN EL HOSPITAL CENTRAL \u201cDR. RAM\u00d3N CARRILLO\u201d - Apuntes de San Luis","og_description":"La intervenci\u00f3n tuvo un alto nivel de complejidad, y permite reducir la medicaci\u00f3n en los...","og_url":"https:\/\/apuntesdesanluis.com\/index.php\/2023\/08\/31\/inedita-operacion-de-correccion-de-neuralgias-en-el-hospital-central-dr-ramon-carrillo\/","og_site_name":"Apuntes de San Luis","article_published_time":"2023-08-31T23:38:19+00:00","og_image":[{"width":592,"height":381,"url":"https:\/\/apuntesdesanluis.com\/wp-content\/uploads\/2023\/08\/Inedita-operacion.jpg","type":"image\/jpeg"}],"author":"apuntesdesanluis.com","twitter_card":"summary_large_image","twitter_misc":{"Escrito por":"apuntesdesanluis.com","Tiempo de lectura":"2 minutos"},"schema":{"@context":"https:\/\/schema.org","@graph":[{"@type":"Article","@id":"https:\/\/apuntesdesanluis.com\/index.php\/2023\/08\/31\/inedita-operacion-de-correccion-de-neuralgias-en-el-hospital-central-dr-ramon-carrillo\/#article","isPartOf":{"@id":"https:\/\/apuntesdesanluis.com\/index.php\/2023\/08\/31\/inedita-operacion-de-correccion-de-neuralgias-en-el-hospital-central-dr-ramon-carrillo\/"},"author":{"name":"apuntesdesanluis.com","@id":"https:\/\/apuntesdesanluis.com\/#\/schema\/person\/b55151d52296fcce64d1a72538a70b90"},"headline":"IN\u00c9DITA OPERACI\u00d3N DE CORRECCI\u00d3N DE NEURALGIAS EN EL HOSPITAL CENTRAL \u201cDR. RAM\u00d3N CARRILLO\u201d","datePublished":"2023-08-31T23:38:19+00:00","mainEntityOfPage":{"@id":"https:\/\/apuntesdesanluis.com\/index.php\/2023\/08\/31\/inedita-operacion-de-correccion-de-neuralgias-en-el-hospital-central-dr-ramon-carrillo\/"},"wordCount":425,"publisher":{"@id":"https:\/\/apuntesdesanluis.com\/#\/schema\/person\/b55151d52296fcce64d1a72538a70b90"},"image":{"@id":"https:\/\/apuntesdesanluis.com\/index.php\/2023\/08\/31\/inedita-operacion-de-correccion-de-neuralgias-en-el-hospital-central-dr-ramon-carrillo\/#primaryimage"},"thumbnailUrl":"https:\/\/apuntesdesanluis.com\/wp-content\/uploads\/2023\/08\/Inedita-operacion.jpg","articleSection":["Ciudad\/Provincia"],"inLanguage":"es-AR"},{"@type":"WebPage","@id":"https:\/\/apuntesdesanluis.com\/index.php\/2023\/08\/31\/inedita-operacion-de-correccion-de-neuralgias-en-el-hospital-central-dr-ramon-carrillo\/","url":"https:\/\/apuntesdesanluis.com\/index.php\/2023\/08\/31\/inedita-operacion-de-correccion-de-neuralgias-en-el-hospital-central-dr-ramon-carrillo\/","name":"IN\u00c9DITA OPERACI\u00d3N DE CORRECCI\u00d3N DE NEURALGIAS EN EL HOSPITAL CENTRAL \u201cDR. RAM\u00d3N CARRILLO\u201d - Apuntes de San Luis","isPartOf":{"@id":"https:\/\/apuntesdesanluis.com\/#website"},"primaryImageOfPage":{"@id":"https:\/\/apuntesdesanluis.com\/index.php\/2023\/08\/31\/inedita-operacion-de-correccion-de-neuralgias-en-el-hospital-central-dr-ramon-carrillo\/#primaryimage"},"image":{"@id":"https:\/\/apuntesdesanluis.com\/index.php\/2023\/08\/31\/inedita-operacion-de-correccion-de-neuralgias-en-el-hospital-central-dr-ramon-carrillo\/#primaryimage"},"thumbnailUrl":"https:\/\/apuntesdesanluis.com\/wp-content\/uploads\/2023\/08\/Inedita-operacion.jpg","datePublished":"2023-08-31T23:38:19+00:00","breadcrumb":{"@id":"https:\/\/apuntesdesanluis.com\/index.php\/2023\/08\/31\/inedita-operacion-de-correccion-de-neuralgias-en-el-hospital-central-dr-ramon-carrillo\/#breadcrumb"},"inLanguage":"es-AR","potentialAction":[{"@type":"ReadAction","target":["https:\/\/apuntesdesanluis.com\/index.php\/2023\/08\/31\/inedita-operacion-de-correccion-de-neuralgias-en-el-hospital-central-dr-ramon-carrillo\/"]}]},{"@type":"ImageObject","inLanguage":"es-AR","@id":"https:\/\/apuntesdesanluis.com\/index.php\/2023\/08\/31\/inedita-operacion-de-correccion-de-neuralgias-en-el-hospital-central-dr-ramon-carrillo\/#primaryimage","url":"https:\/\/apuntesdesanluis.com\/wp-content\/uploads\/2023\/08\/Inedita-operacion.jpg","contentUrl":"https:\/\/apuntesdesanluis.com\/wp-content\/uploads\/2023\/08\/Inedita-operacion.jpg","width":592,"height":381},{"@type":"BreadcrumbList","@id":"https:\/\/apuntesdesanluis.com\/index.php\/2023\/08\/31\/inedita-operacion-de-correccion-de-neuralgias-en-el-hospital-central-dr-ramon-carrillo\/#breadcrumb","itemListElement":[{"@type":"ListItem","position":1,"name":"Inicio","item":"https:\/\/apuntesdesanluis.com\/"},{"@type":"ListItem","position":2,"name":"IN\u00c9DITA OPERACI\u00d3N DE CORRECCI\u00d3N DE NEURALGIAS EN EL HOSPITAL CENTRAL \u201cDR. RAM\u00d3N CARRILLO\u201d"}]},{"@type":"WebSite","@id":"https:\/\/apuntesdesanluis.com\/#website","url":"https:\/\/apuntesdesanluis.com\/","name":"Apuntes de San Luis","description":"","publisher":{"@id":"https:\/\/apuntesdesanluis.com\/#\/schema\/person\/b55151d52296fcce64d1a72538a70b90"},"potentialAction":[{"@type":"SearchAction","target":{"@type":"EntryPoint","urlTemplate":"https:\/\/apuntesdesanluis.com\/?s={search_term_string}"},"query-input":{"@type":"PropertyValueSpecification","valueRequired":true,"valueName":"search_term_string"}}],"inLanguage":"es-AR"},{"@type":["Person","Organization"],"@id":"https:\/\/apuntesdesanluis.com\/#\/schema\/person\/b55151d52296fcce64d1a72538a70b90","name":"apuntesdesanluis.com","image":{"@type":"ImageObject","inLanguage":"es-AR","@id":"https:\/\/apuntesdesanluis.com\/#\/schema\/person\/image\/","url":"https:\/\/apuntesdesanluis.com\/wp-content\/uploads\/2023\/07\/cropped-apuntesdesanluis.png","contentUrl":"https:\/\/apuntesdesanluis.com\/wp-content\/uploads\/2023\/07\/cropped-apuntesdesanluis.png","width":450,"height":112,"caption":"apuntesdesanluis.com"},"logo":{"@id":"https:\/\/apuntesdesanluis.com\/#\/schema\/person\/image\/"},"sameAs":["https:\/\/apuntesdesanluis.com"],"url":"https:\/\/apuntesdesanluis.com\/index.php\/author\/apuntesdesanluis-com\/"}]}},"featured_image_urls":{"full":["https:\/\/apuntesdesanluis.com\/wp-content\/uploads\/2023\/08\/Inedita-operacion.jpg",592,381,false],"thumbnail":["https:\/\/apuntesdesanluis.com\/wp-content\/uploads\/2023\/08\/Inedita-operacion-150x150.jpg",150,150,true],"medium":["https:\/\/apuntesdesanluis.com\/wp-content\/uploads\/2023\/08\/Inedita-operacion-300x193.jpg",300,193,true],"medium_large":["https:\/\/apuntesdesanluis.com\/wp-content\/uploads\/2023\/08\/Inedita-operacion.jpg",592,381,false],"large":["https:\/\/apuntesdesanluis.com\/wp-content\/uploads\/2023\/08\/Inedita-operacion.jpg",592,381,false],"1536x1536":["https:\/\/apuntesdesanluis.com\/wp-content\/uploads\/2023\/08\/Inedita-operacion.jpg",592,381,false],"2048x2048":["https:\/\/apuntesdesanluis.com\/wp-content\/uploads\/2023\/08\/Inedita-operacion.jpg",592,381,false],"newsever-slider-full":["https:\/\/apuntesdesanluis.com\/wp-content\/uploads\/2023\/08\/Inedita-operacion.jpg",592,381,false],"newsever-featured":["https:\/\/apuntesdesanluis.com\/wp-content\/uploads\/2023\/08\/Inedita-operacion.jpg",592,381,false],"newsever-medium":["https:\/\/apuntesdesanluis.com\/wp-content\/uploads\/2023\/08\/Inedita-operacion.jpg",592,381,false]},"author_info":{"display_name":"apuntesdesanluis.com","author_link":"https:\/\/apuntesdesanluis.com\/index.php\/author\/apuntesdesanluis-com\/"},"category_info":"<a href=\"https:\/\/apuntesdesanluis.com\/index.php\/category\/ciudad-provincia\/\" rel=\"category tag\">Ciudad\/Provincia<\/a>","tag_info":"Ciudad\/Provincia","comment_count":"0","_links":{"self":[{"href":"https:\/\/apuntesdesanluis.com\/index.php\/wp-json\/wp\/v2\/posts\/2482","targetHints":{"allow":["GET"]}}],"collection":[{"href":"https:\/\/apuntesdesanluis.com\/index.php\/wp-json\/wp\/v2\/posts"}],"about":[{"href":"https:\/\/apuntesdesanluis.com\/index.php\/wp-json\/wp\/v2\/types\/post"}],"author":[{"embeddable":true,"href":"https:\/\/apuntesdesanluis.com\/index.php\/wp-json\/wp\/v2\/users\/1"}],"replies":[{"embeddable":true,"href":"https:\/\/apuntesdesanluis.com\/index.php\/wp-json\/wp\/v2\/comments?post=2482"}],"version-history":[{"count":1,"href":"https:\/\/apuntesdesanluis.com\/index.php\/wp-json\/wp\/v2\/posts\/2482\/revisions"}],"predecessor-version":[{"id":2484,"href":"https:\/\/apuntesdesanluis.com\/index.php\/wp-json\/wp\/v2\/posts\/2482\/revisions\/2484"}],"wp:featuredmedia":[{"embeddable":true,"href":"https:\/\/apuntesdesanluis.com\/index.php\/wp-json\/wp\/v2\/media\/2483"}],"wp:attachment":[{"href":"https:\/\/apuntesdesanluis.com\/index.php\/wp-json\/wp\/v2\/media?parent=2482"}],"wp:term":[{"taxonomy":"category","embeddable":true,"href":"https:\/\/apuntesdesanluis.com\/index.php\/wp-json\/wp\/v2\/categories?post=2482"},{"taxonomy":"post_tag","embeddable":true,"href":"https:\/\/apuntesdesanluis.com\/index.php\/wp-json\/wp\/v2\/tags?post=2482"}],"curies":[{"name":"wp","href":"https:\/\/api.w.org\/{rel}","templated":true}]}}